{"id":2214,"date":"2025-04-01T21:11:17","date_gmt":"2025-04-01T21:11:17","guid":{"rendered":"https:\/\/saknews.net\/ku\/?p=2214"},"modified":"2025-04-01T21:12:02","modified_gmt":"2025-04-01T21:12:02","slug":"soren-keil-desthelaten-fireh-yen-serokomar-kevire-bingehin-a-avakirina-navendiyeke-tund-e","status":"publish","type":"post","link":"https:\/\/saknews.net\/ku\/?p=2214","title":{"rendered":"S\u00f6ren Keil: Desthelat\u00ean fireh y\u00ean serokomar kevir\u00ea bingeh\u00een a avakirina navendiyeke tund e"},"content":{"rendered":"<p class=\"Normal\" style=\"direction: ltr; text-align: justify;\"><span class=\"tm5\">\u00a0<\/span><\/p>\n<p class=\"Normal\" style=\"direction: ltr; text-align: justify;\"><span class=\"tm5\">\u015eep\u00eala Azad\u00ee ya Kurdistan\u00ee sem\u00eenerek li ser Zoom\u00ea bi nav\u00ea Ragihandina Dest\u00fbr\u00ee gavek ber bi Demokras\u00ee yan tevl\u00eeb\u00fbn\u00ea ye? lidar xist, ku endama Enc\u00fbmena Xwecih\u00ee ya yek\u00ea ya \u015eAK\u00ea li Ewropa, Gul\u00ee\u015fan Brah\u00eem bir\u00eave bir, \u00fb t\u00eade hejmarek ji \u00e7alakvan \u00fb siyasetmedaran be\u015fdar b\u00fbn.<\/span><\/p>\n<p class=\"Normal\" style=\"direction: ltr; text-align: justify;\"><span class=\"tm5\">\u00a0<\/span><\/p>\n<p class=\"Normal\" style=\"direction: ltr; text-align: justify;\"><span class=\"tm5\">Dr. Keil behsa danas\u00een\u00ean demoksaiy\u00ea \u00fb cih\u00ean w\u00ea di Ragihandina Dest\u00fbr\u00ee de kir, ku behsa mijar\u00ean hilbijartin, maf\u00ean mirovan, dabe\u015fkirina desthelat\u00ea \u00fb serweriya yasay\u00ea kir ku bingeha avakirina dewleta demokrat e. herwiha Dr. Keil da n\u00ee\u015fan ku mekan\u00eezma hildarxistina hilbijartinan ne diyar e ka gelo pi\u015ft\u00ee derbasb\u00fbna van 5 sal\u00ean qonaxa veguh\u00eaz d\u00ea \u00e7awe be, \u00fb got ew dem gelek\u00ee ji y\u00ean welat\u00ean din dir\u00eajtir \u00fb \u00e7end nim\u00fbne j\u00ee li ser an\u00een.<\/span><\/p>\n<p class=\"Normal\" style=\"direction: ltr; text-align: justify;\"><span class=\"tm5\">\u00a0<\/span><\/p>\n<p class=\"Normal\" style=\"direction: ltr; text-align: justify;\"><span class=\"tm5\">Dr. Keil tekez kir, ku parastineke bi\u00e7\u00fbk ji maf\u00ean mirovan re di w\u00ea ragihandin\u00ea de heye, l\u00ea wekhev\u00ee di navbera herdu regezan de tine ye. Pi\u015ftre Dr. Keil behsa xal\u00ean nakok di navbera pirens\u00eep\u00ean maf\u00ean mirovan \u00fb ragihandina dest\u00fbr\u00ee de kir, weke binavkirina dewlet\u00ea bi dewletek\u00ee ereb, s\u00eenordarkirina ola serokomar bi \u00eeslam\u00ea \u00fb desthelat\u00ean fireh \u00ean serokomar, \u00fb got ew li dij\u00ee pirens\u00eep\u00ean demokrasiy\u00ea ne \u00fb ti\u015ftek\u00ee ner\u00ean\u00ee ye.<\/span><\/p>\n<p class=\"Normal\" style=\"direction: ltr; text-align: justify;\"><span class=\"tm5\">\u00a0<\/span><\/p>\n<p class=\"Normal\" style=\"direction: ltr; text-align: justify;\"><span class=\"tm5\">Dr. Keil domand \u00fb got, ew desthelat gelek\u00ee fireh in \u00fb b\u00ea s\u00eenor in, herwiha Ragihandina Dest\u00fbr\u00ee j\u00ee behsa \u00e7awaniya \u00e7avd\u00eariya desthelat\u00ean w\u00ee, destn\u00ee\u015fankirina dema serokatiy\u00ea \u00fb \u00e7awaniya s\u00eenordarkirina deshelat\u00ean serokomar, nekiriye. Dr. Keil tekez kir, ku metirsiya v\u00ea desthelata fireh gelek\u00ee metirs\u00eedartir e ji dabe\u015fkirina desthelat\u00ea bi xwe \u00fb ew weke kevir\u00ea bingeh\u00een a avakirina navendiyeke tund e. ji ber v\u00ea j\u00ee berdewamiyeke bi rej\u00eema Esed heye di pirs\u00ean desthelat\u00ean fireh y\u00ea serokomar \u00fb nasnameya ereb\u00ee ya wel\u00eat, \u00fb got ew yek bi xwe maf\u00ean hemwelatiyan binp\u00ea dike \u00fb kar\u00ea ragihandin\u00ea \u00fb partiyan s\u00eenordar dike.<\/span><\/p>\n<p class=\"Normal\" style=\"direction: ltr; text-align: justify;\"><span class=\"tm5\">\u00a0<\/span><\/p>\n<p class=\"Normal\" style=\"direction: ltr; text-align: justify;\"><span class=\"tm5\">Herwiha Dr. Keil got di ragihandin\u00ea de behsa w\u00ea yek\u00ea nehatiye ku \u00e7awe dest\u00fbra n\u00fb b\u00ea niv\u00eesandin, l\u00ea tekez kir, metirsiyek di wan bend\u00ean ragihandin\u00ea heye, ku dibe weke siyasetek\u00ea be li dij\u00ee kurd, elew\u00ee \u00fb durziyan \u00fb weke gefek\u00ea be ji desthelatdar re, ji ber v\u00ea j\u00ee r\u00ea li ber art\u00ea\u015fa dewlet\u00ea vedike dest\u00eawerdan\u00ea bike \u00fb di bin nav\u00ea parastina yekitiya axa wel\u00eat \u00fb r\u00eagirtina liber cudakirin\u00ea, zor\u00ea bide ser wan.<\/span><\/p>\n<p class=\"Normal\" style=\"direction: ltr; text-align: justify;\"><span class=\"tm5\">\u00a0<\/span><\/p>\n<p class=\"Normal\" style=\"direction: ltr; text-align: justify;\"><span class=\"tm5\">Di be\u015fek\u00ee din a sem\u00eenar\u00ea de, Dr. Keil behsa pirsa tevl\u00eeb\u00fbn\u00ea \u00fb pirens\u00eep\u00ean w\u00ea kir, weke danp\u00eadana bi pirrengiy\u00ea \u00fb parastina maf\u00ean kem\u00eeneyan, \u00fb got ragihandina dest\u00fbr\u00ee dan\u00ea bi w\u00ea yek\u00ea dide, l\u00ea zelal nake ka \u00e7awe d\u00ea parastina pirengiy\u00ea misoger bike, \u00fb bi ser de j\u00ee dan bi zordariya hatiye ser\u00ea p\u00eakhateyan di serdema Rej\u00eema Esed de nade. Dr. Keil tekez kir, ku s\u00eenordarkirina ziman\u00ea ferm\u00ee li S\u00fbriy\u00ea ten\u00ea bi ziman\u00ea ereb\u00ee, pi\u015ftguhkirinek e ji ziman\u00ean din re li S\u00fbriy\u00ea, weke kurd\u00ee \u00fb di ragihandin\u00ea de behsa s\u00eestema Kota ji p\u00eakhateyan re di nav saz\u00ee \u00fb dezgeh\u00ean dewlet\u00ea de nehatiye kirin.<\/span><\/p>\n<p class=\"Normal\" style=\"direction: ltr; text-align: justify;\"><span class=\"tm5\">\u00a0<\/span><\/p>\n<p class=\"Normal\" style=\"direction: ltr; text-align: justify;\"><span class=\"tm5\">Di dawiya gotina xwe de, Dr. Keil da zan\u00een ,ku ev Ragihandina Dest\u00fbr\u00ee ji aliy\u00ea mafnas\u00ee ve pirsgir\u00eakek e \u00fb biryar\u00ean hatine standin j\u00ee zehmet in b\u00eane guhertin, \u00fb metirsiya mestir ji dabe\u015fkirina desthelat\u00ea, pirsa desthelat\u00ean serokomar e, \u00fb got ew ragihandin azadiya ragihandin\u00ea s\u00eenordar dike.<\/span><\/p>\n<p class=\"Normal\" style=\"direction: ltr; text-align: justify;\"><span class=\"tm5\">\u00a0<\/span><\/p>\n<p class=\"Normal\" style=\"direction: ltr; text-align: justify;\"><span class=\"tm5\">Di dawiy\u00ea de be\u015fdaran \u00e7end pirs\u00ean di derbar\u00ea bend\u00ean ragihandin\u00ea, dema qonaxa veguh\u00eaz \u00fb maf\u00ean p\u00eakhateyan de kirin.<\/span><\/p>\n","protected":false},"excerpt":{"rendered":"<p>\u00a0 \u015eep\u00eala Azad\u00ee ya Kurdistan\u00ee sem\u00eenerek li ser Zoom\u00ea bi nav\u00ea Ragihandina Dest\u00fbr\u00ee gavek ber&#8230;<\/p>\n","protected":false},"author":8,"featured_media":2216,"comment_status":"closed","ping_status":"closed","sticky":false,"template":"","format":"standard","meta":{"footnotes":""},"categories":[49],"tags":[],"class_list":["post-2214","post","type-post","status-publish","format-standard","has-post-thumbnail","hentry","category-nuce"],"yoast_head":"<!-- This site is optimized with the Yoast SEO plugin v27.5 - https:\/\/yoast.com\/product\/yoast-seo-wordpress\/ -->\n<title>S\u00f6ren Keil: Desthelat\u00ean fireh y\u00ean serokomar kevir\u00ea bingeh\u00een a avakirina navendiyeke tund e &#8226; \u015eAK<\/title>\n<meta name=\"robots\" content=\"index, follow, max-snippet:-1, max-image-preview:large, max-video-preview:-1\" \/>\n<link rel=\"canonical\" href=\"https:\/\/saknews.net\/ku\/?p=2214\" \/>\n<meta property=\"og:locale\" content=\"en_US\" \/>\n<meta property=\"og:type\" content=\"article\" \/>\n<meta property=\"og:title\" content=\"S\u00f6ren Keil: Desthelat\u00ean fireh y\u00ean serokomar kevir\u00ea bingeh\u00een a avakirina navendiyeke tund e &#8226; \u015eAK\" \/>\n<meta property=\"og:description\" content=\"\u00a0 \u015eep\u00eala Azad\u00ee ya Kurdistan\u00ee sem\u00eenerek li ser Zoom\u00ea bi nav\u00ea Ragihandina Dest\u00fbr\u00ee gavek ber...\" \/>\n<meta property=\"og:url\" content=\"https:\/\/saknews.net\/ku\/?p=2214\" \/>\n<meta property=\"og:site_name\" content=\"\u015eAK\" \/>\n<meta property=\"article:publisher\" content=\"https:\/\/www.facebook.com\/Shepel.ewropa\" \/>\n<meta property=\"article:published_time\" content=\"2025-04-01T21:11:17+00:00\" \/>\n<meta property=\"article:modified_time\" content=\"2025-04-01T21:12:02+00:00\" \/>\n<meta property=\"og:image\" content=\"https:\/\/saknews.net\/ku\/wp-content\/uploads\/2025\/04\/Screenshot_20250401_192426_Zoom.jpg\" \/>\n\t<meta property=\"og:image:width\" content=\"1915\" \/>\n\t<meta property=\"og:image:height\" content=\"1080\" \/>\n\t<meta property=\"og:image:type\" content=\"image\/jpeg\" \/>\n<meta name=\"author\" content=\"Horan Hem\" \/>\n<meta name=\"twitter:card\" content=\"summary_large_image\" \/>\n<meta name=\"twitter:label1\" content=\"Written by\" \/>\n\t<meta name=\"twitter:data1\" content=\"Horan Hem\" \/>\n\t<meta name=\"twitter:label2\" content=\"Est. reading time\" \/>\n\t<meta name=\"twitter:data2\" content=\"3 minutes\" \/>\n<script type=\"application\/ld+json\" class=\"yoast-schema-graph\">{\"@context\":\"https:\\\/\\\/schema.org\",\"@graph\":[{\"@type\":\"Article\",\"@id\":\"https:\\\/\\\/saknews.net\\\/ku\\\/?p=2214#article\",\"isPartOf\":{\"@id\":\"https:\\\/\\\/saknews.net\\\/ku\\\/?p=2214\"},\"author\":{\"name\":\"Horan Hem\",\"@id\":\"https:\\\/\\\/saknews.net\\\/ku\\\/#\\\/schema\\\/person\\\/72ae32a4041a3817e015b63d8f409058\"},\"headline\":\"S\u00f6ren Keil: Desthelat\u00ean fireh y\u00ean serokomar kevir\u00ea bingeh\u00een a avakirina navendiyeke tund e\",\"datePublished\":\"2025-04-01T21:11:17+00:00\",\"dateModified\":\"2025-04-01T21:12:02+00:00\",\"mainEntityOfPage\":{\"@id\":\"https:\\\/\\\/saknews.net\\\/ku\\\/?p=2214\"},\"wordCount\":604,\"publisher\":{\"@id\":\"https:\\\/\\\/saknews.net\\\/ku\\\/#organization\"},\"image\":{\"@id\":\"https:\\\/\\\/saknews.net\\\/ku\\\/?p=2214#primaryimage\"},\"thumbnailUrl\":\"https:\\\/\\\/i0.wp.com\\\/saknews.net\\\/ku\\\/wp-content\\\/uploads\\\/2025\\\/04\\\/Screenshot_20250401_192426_Zoom.jpg?fit=1915%2C1080&ssl=1\",\"articleSection\":[\"N\u00fb\u00e7e\"],\"inLanguage\":\"en-US\"},{\"@type\":\"WebPage\",\"@id\":\"https:\\\/\\\/saknews.net\\\/ku\\\/?p=2214\",\"url\":\"https:\\\/\\\/saknews.net\\\/ku\\\/?p=2214\",\"name\":\"S\u00f6ren Keil: Desthelat\u00ean fireh y\u00ean serokomar kevir\u00ea bingeh\u00een a avakirina navendiyeke tund e &#8226; \u015eAK\",\"isPartOf\":{\"@id\":\"https:\\\/\\\/saknews.net\\\/ku\\\/#website\"},\"primaryImageOfPage\":{\"@id\":\"https:\\\/\\\/saknews.net\\\/ku\\\/?p=2214#primaryimage\"},\"image\":{\"@id\":\"https:\\\/\\\/saknews.net\\\/ku\\\/?p=2214#primaryimage\"},\"thumbnailUrl\":\"https:\\\/\\\/i0.wp.com\\\/saknews.net\\\/ku\\\/wp-content\\\/uploads\\\/2025\\\/04\\\/Screenshot_20250401_192426_Zoom.jpg?fit=1915%2C1080&ssl=1\",\"datePublished\":\"2025-04-01T21:11:17+00:00\",\"dateModified\":\"2025-04-01T21:12:02+00:00\",\"breadcrumb\":{\"@id\":\"https:\\\/\\\/saknews.net\\\/ku\\\/?p=2214#breadcrumb\"},\"inLanguage\":\"en-US\",\"potentialAction\":[{\"@type\":\"ReadAction\",\"target\":[\"https:\\\/\\\/saknews.net\\\/ku\\\/?p=2214\"]}]},{\"@type\":\"ImageObject\",\"inLanguage\":\"en-US\",\"@id\":\"https:\\\/\\\/saknews.net\\\/ku\\\/?p=2214#primaryimage\",\"url\":\"https:\\\/\\\/i0.wp.com\\\/saknews.net\\\/ku\\\/wp-content\\\/uploads\\\/2025\\\/04\\\/Screenshot_20250401_192426_Zoom.jpg?fit=1915%2C1080&ssl=1\",\"contentUrl\":\"https:\\\/\\\/i0.wp.com\\\/saknews.net\\\/ku\\\/wp-content\\\/uploads\\\/2025\\\/04\\\/Screenshot_20250401_192426_Zoom.jpg?fit=1915%2C1080&ssl=1\",\"width\":1915,\"height\":1080},{\"@type\":\"BreadcrumbList\",\"@id\":\"https:\\\/\\\/saknews.net\\\/ku\\\/?p=2214#breadcrumb\",\"itemListElement\":[{\"@type\":\"ListItem\",\"position\":1,\"name\":\"\u0627\u0644\u0631\u0626\u064a\u0633\u064a\u0629\",\"item\":\"https:\\\/\\\/saknews.net\\\/ku\\\/\"},{\"@type\":\"ListItem\",\"position\":2,\"name\":\"N\u00fb\u00e7e\",\"item\":\"https:\\\/\\\/saknews.net\\\/ku\\\/?cat=49\"},{\"@type\":\"ListItem\",\"position\":3,\"name\":\"S\u00f6ren Keil: Desthelat\u00ean fireh y\u00ean serokomar kevir\u00ea bingeh\u00een a avakirina navendiyeke tund e\"}]},{\"@type\":\"WebSite\",\"@id\":\"https:\\\/\\\/saknews.net\\\/ku\\\/#website\",\"url\":\"https:\\\/\\\/saknews.net\\\/ku\\\/\",\"name\":\"S\u0327epe\u0302la Azadi\u0302 ya Kurdistani\u0302\",\"description\":\"\u062a\u064a\u0627\u0631 \u0627\u0644\u062d\u0631\u064a\u0629 \u0627\u0644\u0643\u0648\u0631\u062f\u0633\u062a\u0627\u0646\u064a \u015eep\u00eala Azad\u00ee ya Kurdistan\u00ee\",\"publisher\":{\"@id\":\"https:\\\/\\\/saknews.net\\\/ku\\\/#organization\"},\"potentialAction\":[{\"@type\":\"SearchAction\",\"target\":{\"@type\":\"EntryPoint\",\"urlTemplate\":\"https:\\\/\\\/saknews.net\\\/ku\\\/?s={search_term_string}\"},\"query-input\":{\"@type\":\"PropertyValueSpecification\",\"valueRequired\":true,\"valueName\":\"search_term_string\"}}],\"inLanguage\":\"en-US\"},{\"@type\":\"Organization\",\"@id\":\"https:\\\/\\\/saknews.net\\\/ku\\\/#organization\",\"name\":\"\u015eep\u00eala Azadiy\u00ea ya Kurdistan\u00ea - \u062a\u064a\u0627\u0631 \u0627\u0644\u062d\u0631\u064a\u0629 \u0627\u0644\u0643\u0648\u0631\u062f\u0633\u062a\u0627\u0646\u064a\",\"url\":\"https:\\\/\\\/saknews.net\\\/ku\\\/\",\"logo\":{\"@type\":\"ImageObject\",\"inLanguage\":\"en-US\",\"@id\":\"https:\\\/\\\/saknews.net\\\/ku\\\/#\\\/schema\\\/logo\\\/image\\\/\",\"url\":\"https:\\\/\\\/i0.wp.com\\\/saknews.net\\\/ku\\\/wp-content\\\/uploads\\\/2024\\\/11\\\/cropped-logo-1.png?fit=512%2C512&ssl=1\",\"contentUrl\":\"https:\\\/\\\/i0.wp.com\\\/saknews.net\\\/ku\\\/wp-content\\\/uploads\\\/2024\\\/11\\\/cropped-logo-1.png?fit=512%2C512&ssl=1\",\"width\":512,\"height\":512,\"caption\":\"\u015eep\u00eala Azadiy\u00ea ya Kurdistan\u00ea - \u062a\u064a\u0627\u0631 \u0627\u0644\u062d\u0631\u064a\u0629 \u0627\u0644\u0643\u0648\u0631\u062f\u0633\u062a\u0627\u0646\u064a\"},\"image\":{\"@id\":\"https:\\\/\\\/saknews.net\\\/ku\\\/#\\\/schema\\\/logo\\\/image\\\/\"},\"sameAs\":[\"https:\\\/\\\/www.facebook.com\\\/Shepel.ewropa\"]},{\"@type\":\"Person\",\"@id\":\"https:\\\/\\\/saknews.net\\\/ku\\\/#\\\/schema\\\/person\\\/72ae32a4041a3817e015b63d8f409058\",\"name\":\"Horan Hem\",\"url\":\"https:\\\/\\\/saknews.net\\\/ku\\\/?author=8\"}]}<\/script>\n<!-- \/ Yoast SEO plugin. -->","yoast_head_json":{"title":"S\u00f6ren Keil: Desthelat\u00ean fireh y\u00ean serokomar kevir\u00ea bingeh\u00een a avakirina navendiyeke tund e &#8226; \u015eAK","robots":{"index":"index","follow":"follow","max-snippet":"max-snippet:-1","max-image-preview":"max-image-preview:large","max-video-preview":"max-video-preview:-1"},"canonical":"https:\/\/saknews.net\/ku\/?p=2214","og_locale":"en_US","og_type":"article","og_title":"S\u00f6ren Keil: Desthelat\u00ean fireh y\u00ean serokomar kevir\u00ea bingeh\u00een a avakirina navendiyeke tund e &#8226; \u015eAK","og_description":"\u00a0 \u015eep\u00eala Azad\u00ee ya Kurdistan\u00ee sem\u00eenerek li ser Zoom\u00ea bi nav\u00ea Ragihandina Dest\u00fbr\u00ee gavek ber...","og_url":"https:\/\/saknews.net\/ku\/?p=2214","og_site_name":"\u015eAK","article_publisher":"https:\/\/www.facebook.com\/Shepel.ewropa","article_published_time":"2025-04-01T21:11:17+00:00","article_modified_time":"2025-04-01T21:12:02+00:00","og_image":[{"width":1915,"height":1080,"url":"https:\/\/saknews.net\/ku\/wp-content\/uploads\/2025\/04\/Screenshot_20250401_192426_Zoom.jpg","type":"image\/jpeg"}],"author":"Horan Hem","twitter_card":"summary_large_image","twitter_misc":{"Written by":"Horan Hem","Est. reading time":"3 minutes"},"schema":{"@context":"https:\/\/schema.org","@graph":[{"@type":"Article","@id":"https:\/\/saknews.net\/ku\/?p=2214#article","isPartOf":{"@id":"https:\/\/saknews.net\/ku\/?p=2214"},"author":{"name":"Horan Hem","@id":"https:\/\/saknews.net\/ku\/#\/schema\/person\/72ae32a4041a3817e015b63d8f409058"},"headline":"S\u00f6ren Keil: Desthelat\u00ean fireh y\u00ean serokomar kevir\u00ea bingeh\u00een a avakirina navendiyeke tund e","datePublished":"2025-04-01T21:11:17+00:00","dateModified":"2025-04-01T21:12:02+00:00","mainEntityOfPage":{"@id":"https:\/\/saknews.net\/ku\/?p=2214"},"wordCount":604,"publisher":{"@id":"https:\/\/saknews.net\/ku\/#organization"},"image":{"@id":"https:\/\/saknews.net\/ku\/?p=2214#primaryimage"},"thumbnailUrl":"https:\/\/i0.wp.com\/saknews.net\/ku\/wp-content\/uploads\/2025\/04\/Screenshot_20250401_192426_Zoom.jpg?fit=1915%2C1080&ssl=1","articleSection":["N\u00fb\u00e7e"],"inLanguage":"en-US"},{"@type":"WebPage","@id":"https:\/\/saknews.net\/ku\/?p=2214","url":"https:\/\/saknews.net\/ku\/?p=2214","name":"S\u00f6ren Keil: Desthelat\u00ean fireh y\u00ean serokomar kevir\u00ea bingeh\u00een a avakirina navendiyeke tund e &#8226; \u015eAK","isPartOf":{"@id":"https:\/\/saknews.net\/ku\/#website"},"primaryImageOfPage":{"@id":"https:\/\/saknews.net\/ku\/?p=2214#primaryimage"},"image":{"@id":"https:\/\/saknews.net\/ku\/?p=2214#primaryimage"},"thumbnailUrl":"https:\/\/i0.wp.com\/saknews.net\/ku\/wp-content\/uploads\/2025\/04\/Screenshot_20250401_192426_Zoom.jpg?fit=1915%2C1080&ssl=1","datePublished":"2025-04-01T21:11:17+00:00","dateModified":"2025-04-01T21:12:02+00:00","breadcrumb":{"@id":"https:\/\/saknews.net\/ku\/?p=2214#breadcrumb"},"inLanguage":"en-US","potentialAction":[{"@type":"ReadAction","target":["https:\/\/saknews.net\/ku\/?p=2214"]}]},{"@type":"ImageObject","inLanguage":"en-US","@id":"https:\/\/saknews.net\/ku\/?p=2214#primaryimage","url":"https:\/\/i0.wp.com\/saknews.net\/ku\/wp-content\/uploads\/2025\/04\/Screenshot_20250401_192426_Zoom.jpg?fit=1915%2C1080&ssl=1","contentUrl":"https:\/\/i0.wp.com\/saknews.net\/ku\/wp-content\/uploads\/2025\/04\/Screenshot_20250401_192426_Zoom.jpg?fit=1915%2C1080&ssl=1","width":1915,"height":1080},{"@type":"BreadcrumbList","@id":"https:\/\/saknews.net\/ku\/?p=2214#breadcrumb","itemListElement":[{"@type":"ListItem","position":1,"name":"\u0627\u0644\u0631\u0626\u064a\u0633\u064a\u0629","item":"https:\/\/saknews.net\/ku\/"},{"@type":"ListItem","position":2,"name":"N\u00fb\u00e7e","item":"https:\/\/saknews.net\/ku\/?cat=49"},{"@type":"ListItem","position":3,"name":"S\u00f6ren Keil: Desthelat\u00ean fireh y\u00ean serokomar kevir\u00ea bingeh\u00een a avakirina navendiyeke tund e"}]},{"@type":"WebSite","@id":"https:\/\/saknews.net\/ku\/#website","url":"https:\/\/saknews.net\/ku\/","name":"S\u0327epe\u0302la Azadi\u0302 ya Kurdistani\u0302","description":"\u062a\u064a\u0627\u0631 \u0627\u0644\u062d\u0631\u064a\u0629 \u0627\u0644\u0643\u0648\u0631\u062f\u0633\u062a\u0627\u0646\u064a \u015eep\u00eala Azad\u00ee ya Kurdistan\u00ee","publisher":{"@id":"https:\/\/saknews.net\/ku\/#organization"},"potentialAction":[{"@type":"SearchAction","target":{"@type":"EntryPoint","urlTemplate":"https:\/\/saknews.net\/ku\/?s={search_term_string}"},"query-input":{"@type":"PropertyValueSpecification","valueRequired":true,"valueName":"search_term_string"}}],"inLanguage":"en-US"},{"@type":"Organization","@id":"https:\/\/saknews.net\/ku\/#organization","name":"\u015eep\u00eala Azadiy\u00ea ya Kurdistan\u00ea - \u062a\u064a\u0627\u0631 \u0627\u0644\u062d\u0631\u064a\u0629 \u0627\u0644\u0643\u0648\u0631\u062f\u0633\u062a\u0627\u0646\u064a","url":"https:\/\/saknews.net\/ku\/","logo":{"@type":"ImageObject","inLanguage":"en-US","@id":"https:\/\/saknews.net\/ku\/#\/schema\/logo\/image\/","url":"https:\/\/i0.wp.com\/saknews.net\/ku\/wp-content\/uploads\/2024\/11\/cropped-logo-1.png?fit=512%2C512&ssl=1","contentUrl":"https:\/\/i0.wp.com\/saknews.net\/ku\/wp-content\/uploads\/2024\/11\/cropped-logo-1.png?fit=512%2C512&ssl=1","width":512,"height":512,"caption":"\u015eep\u00eala Azadiy\u00ea ya Kurdistan\u00ea - \u062a\u064a\u0627\u0631 \u0627\u0644\u062d\u0631\u064a\u0629 \u0627\u0644\u0643\u0648\u0631\u062f\u0633\u062a\u0627\u0646\u064a"},"image":{"@id":"https:\/\/saknews.net\/ku\/#\/schema\/logo\/image\/"},"sameAs":["https:\/\/www.facebook.com\/Shepel.ewropa"]},{"@type":"Person","@id":"https:\/\/saknews.net\/ku\/#\/schema\/person\/72ae32a4041a3817e015b63d8f409058","name":"Horan Hem","url":"https:\/\/saknews.net\/ku\/?author=8"}]}},"featured_image_urls":{"full":["https:\/\/i0.wp.com\/saknews.net\/ku\/wp-content\/uploads\/2025\/04\/Screenshot_20250401_192426_Zoom.jpg?fit=1915%2C1080&ssl=1",1915,1080,false],"thumbnail":["https:\/\/i0.wp.com\/saknews.net\/ku\/wp-content\/uploads\/2025\/04\/Screenshot_20250401_192426_Zoom.jpg?resize=150%2C150&ssl=1",150,150,true],"medium":["https:\/\/i0.wp.com\/saknews.net\/ku\/wp-content\/uploads\/2025\/04\/Screenshot_20250401_192426_Zoom.jpg?fit=300%2C169&ssl=1",300,169,true],"medium_large":["https:\/\/i0.wp.com\/saknews.net\/ku\/wp-content\/uploads\/2025\/04\/Screenshot_20250401_192426_Zoom.jpg?fit=640%2C361&ssl=1",640,361,true],"large":["https:\/\/i0.wp.com\/saknews.net\/ku\/wp-content\/uploads\/2025\/04\/Screenshot_20250401_192426_Zoom.jpg?fit=640%2C361&ssl=1",640,361,true],"1536x1536":["https:\/\/i0.wp.com\/saknews.net\/ku\/wp-content\/uploads\/2025\/04\/Screenshot_20250401_192426_Zoom.jpg?fit=1536%2C866&ssl=1",1536,866,true],"2048x2048":["https:\/\/i0.wp.com\/saknews.net\/ku\/wp-content\/uploads\/2025\/04\/Screenshot_20250401_192426_Zoom.jpg?fit=1915%2C1080&ssl=1",1915,1080,true],"covernews-featured":["https:\/\/i0.wp.com\/saknews.net\/ku\/wp-content\/uploads\/2025\/04\/Screenshot_20250401_192426_Zoom.jpg?fit=1024%2C578&ssl=1",1024,578,true],"covernews-medium":["https:\/\/i0.wp.com\/saknews.net\/ku\/wp-content\/uploads\/2025\/04\/Screenshot_20250401_192426_Zoom.jpg?resize=540%2C340&ssl=1",540,340,true]},"author_info":{"display_name":"Horan Hem","author_link":"https:\/\/saknews.net\/ku\/?author=8"},"category_info":"<a href=\"https:\/\/saknews.net\/ku\/?cat=49\" rel=\"category\">N\u00fb\u00e7e<\/a>","tag_info":"N\u00fb\u00e7e","comment_count":"0","_links":{"self":[{"href":"https:\/\/saknews.net\/ku\/index.php?rest_route=\/wp\/v2\/posts\/2214","targetHints":{"allow":["GET"]}}],"collection":[{"href":"https:\/\/saknews.net\/ku\/index.php?rest_route=\/wp\/v2\/posts"}],"about":[{"href":"https:\/\/saknews.net\/ku\/index.php?rest_route=\/wp\/v2\/types\/post"}],"author":[{"embeddable":true,"href":"https:\/\/saknews.net\/ku\/index.php?rest_route=\/wp\/v2\/users\/8"}],"replies":[{"embeddable":true,"href":"https:\/\/saknews.net\/ku\/index.php?rest_route=%2Fwp%2Fv2%2Fcomments&post=2214"}],"version-history":[{"count":1,"href":"https:\/\/saknews.net\/ku\/index.php?rest_route=\/wp\/v2\/posts\/2214\/revisions"}],"predecessor-version":[{"id":2215,"href":"https:\/\/saknews.net\/ku\/index.php?rest_route=\/wp\/v2\/posts\/2214\/revisions\/2215"}],"wp:featuredmedia":[{"embeddable":true,"href":"https:\/\/saknews.net\/ku\/index.php?rest_route=\/wp\/v2\/media\/2216"}],"wp:attachment":[{"href":"https:\/\/saknews.net\/ku\/index.php?rest_route=%2Fwp%2Fv2%2Fmedia&parent=2214"}],"wp:term":[{"taxonomy":"category","embeddable":true,"href":"https:\/\/saknews.net\/ku\/index.php?rest_route=%2Fwp%2Fv2%2Fcategories&post=2214"},{"taxonomy":"post_tag","embeddable":true,"href":"https:\/\/saknews.net\/ku\/index.php?rest_route=%2Fwp%2Fv2%2Ftags&post=2214"}],"curies":[{"name":"wp","href":"https:\/\/api.w.org\/{rel}","templated":true}]}}