{"id":2217,"date":"2025-04-06T20:25:31","date_gmt":"2025-04-06T20:25:31","guid":{"rendered":"https:\/\/saknews.net\/ku\/?p=2217"},"modified":"2025-04-06T20:25:54","modified_gmt":"2025-04-06T20:25:54","slug":"2217","status":"publish","type":"post","link":"https:\/\/saknews.net\/ku\/?p=2217","title":{"rendered":"Daxuyaniya Ber\u00ea Kurdistana S\u00fbriy\u00ea derbar\u00ea R\u00eakeftina \u015e\u00eax Meqs\u00fbd"},"content":{"rendered":"<p>Ber\u00ea Kurdistana S\u00fbriy\u00ea, ku di 08.12.2024an de hatiye avakirin, derbar\u00ea R\u00eakeftina \u015e\u00eax Meqs\u00fbd a di navbera Enc\u00fbmena s\u00eev\u00eel li herdu tax\u00ean \u015e\u00eax Meqs\u00fbd \u00fb E\u015frefiy\u00ea \u00fb Kom\u00eeteya erkdar a ser bi desthelata S\u00fbriy\u00ea ve, daxuyaniyek belav kir \u00fb t\u00eade tekez kir, ku div\u00ea kar ji bo lihevkirineke siyas\u00ee ya gi\u015ftg\u00eer di navbera kurdan \u00fb r\u00eaveberiya n\u00fb li \u015eam\u00ea b\u00ea kirin, herwiha Ber\u00ea Kurdistana S\u00fbriy\u00ea got R\u00eakeftina \u015e\u00eax Meqs\u00fbd gavek p\u00ea\u015fket\u00eetir e ji R\u00eakeftina El-\u015eerih-Ebd\u00ee, deqeya daxuyaniy\u00ea:<\/p>\n<p><strong>Daxuyan\u00ee<\/strong><br \/>\nBer\u00ea Kurdistana S\u00fbriy\u00ea r\u00eakeftina beriya \u00e7end rojan di navbera Enc\u00fbmena s\u00eev\u00eel a herdu tax\u00ean \u015e\u00eax Meqs\u00fbd \u00fb E\u015frefiy\u00ea \u00fb Kom\u00eeteya erkdar a desthelata \u015eam\u00ea de, weke gaveke gir\u00eeng dib\u00eene ji bo xurtkirina nenavendiy\u00ea li wan herdu taxan li Heleb\u00ea, herwiha r\u00eaveberiya xwecih\u00ee xurt dike, ku xelk bi azad\u00ee kar\u00fbbar\u00ean xwe bir\u00eave bibe.<br \/>\nTev\u00ee ku ev r\u00eakeftin r\u00eaveber\u00ee- ewleh\u00ee \u00fb tekt\u00eek\u00ee ye j\u00ee, l\u00ea r\u00ea li ber lihevhatin\u00ean firehtir di navbera kurdan \u00fb r\u00eaveberiya n\u00fb li \u015eam\u00ea, vedike. Herwiha dide xuyakirin, ku \u00e7areseriy\u00ean siyas\u00ee ji dewsa pi\u015ftbestana bi r\u00eay\u00ean ewlehiy\u00ea dikarin b\u00eane me\u015fandin.<br \/>\nDi v\u00ea \u00e7ar\u00e7ovey\u00ea de ev r\u00eakeftin ji r\u00eakeftina El-\u015eerih-Ebd\u00ee p\u00ea\u015fket\u00eetir e, ku r\u00eayeke bi\u00e7\u00fbk li ber serxweb\u00fbna r\u00eaveber\u00ee \u00fb xizmetguzar\u00ee vedike, ku rew\u015feke xwe\u015ftir \u00fb aramtir di p\u00ea\u015ferojeke n\u00eaz\u00eek de \u00e7\u00eadike.<br \/>\nSerkeftina v\u00ea r\u00eakeftin\u00ea gir\u00eaday\u00ee misogerkirin\u00ean zelal e, ku berdewam\u00ee \u00fb c\u00eebic\u00eekirina v\u00ea r\u00eakeftin\u00ea misoger bike, bi taybet\u00ee pirsa veki\u015f\u00eena h\u00eaz\u00ean le\u015fker\u00ee ji herdu taxan b\u00eay\u00ee misogeriyeke zelal.<br \/>\nBer\u00ea Kurdistana S\u00fbriy\u00ea tekez dike, ku div\u00ea kar ji bo lihevkirineke siyas\u00ee ya gi\u015ftg\u00eer di navbera kurdan \u00fb r\u00eaveberiya n\u00fb li \u015eam\u00ea b\u00ea kirin, li ser bingeha nenavendiya hukm\u00ea \u00fb misogerkirina maf\u00ean netew\u00ee \u00fb siyas\u00ee y\u00ean kurdan di \u00e7ar\u00e7oveya S\u00fbriyeke pirreng \u00fb federal, ku t\u00eade Kurdistana S\u00fbriy\u00ea weke her\u00eameke federal be, herwiha r\u00ea li ber w\u00ea yek\u00ea bigire, ku desthelat ji ber wan destkeftan xwe bide al\u00ee.<br \/>\nHer di v\u00ea derbar\u00ea de j\u00ee, em matmay\u00ee dim\u00eenin ji ber derengketina ragihanda lihevkirina hevbe\u015f ya di navbera Enc\u00fbmena Ni\u015ftiman\u00ee ya Kurd li S\u00fbriy\u00ea (ENKS) \u00fb Partiy\u00ean Yek\u00eetiya Ni\u015ftiman\u00ee ya Kurd(PYNK) ku PYD serk\u00ea\u015fiya wan dike de. H\u00een ev r\u00eakeftin ve\u015fart\u00ee maye \u00fb ji xelk\u00ea re nehatiye ragihandin ku li ser \u00e7i lihev kirine \u00fb xelk karibe n\u00ear\u00eena xwe j\u00ee li ser b\u00eaje. T\u00ea diyarkirin ku hin al\u00ee ji herdu aliy\u00ean ENKS \u00fb PYD hene naxwazin ev r\u00eakeftin bi\u00e7e ser\u00ee, em j\u00ee dib\u00eenin herdu al\u00ee berpirs in ku r\u00eakeftineke kurd\u00ee ya hevbe\u015f \u00e7\u00eanebe. Heya niha ti p\u00eawend\u00ee bi aliy\u00ean siyas\u00ee y\u00ean dervey\u00ee wan herdu aliyan re nehatine kirin, weke Ber\u00ea Kurdistana S\u00fbriy\u00ea j\u00ee, ku karibin niv\u00eesa r\u00eakeftin\u00ea bixw\u00eenin \u00fb di niv\u00eesandina w\u00ea de be\u015fdar bin, tev\u00ee ku soz hatib\u00fbn day\u00een, ku tevahiya aliy\u00ean kurd d\u00ea t\u00eade be\u015fdar bibin.<\/p>\n<p>Ber\u00ea Kurdistana S\u00fbriy\u00ea<br \/>\n06.04.2025<\/p>\n","protected":false},"excerpt":{"rendered":"<p>Ber\u00ea Kurdistana S\u00fbriy\u00ea, ku di 08.12.2024an de hatiye avakirin, derbar\u00ea R\u00eakeftina \u015e\u00eax Meqs\u00fbd a di&#8230;<\/p>\n","protected":false},"author":8,"featured_media":1905,"comment_status":"closed","ping_status":"closed","sticky":false,"template":"","format":"standard","meta":{"footnotes":""},"categories":[34],"tags":[],"class_list":["post-2217","post","type-post","status-publish","format-standard","has-post-thumbnail","hentry","category-daxuyani"],"yoast_head":"<!-- This site is optimized with the Yoast SEO plugin v27.5 - https:\/\/yoast.com\/product\/yoast-seo-wordpress\/ -->\n<title>Daxuyaniya Ber\u00ea Kurdistana S\u00fbriy\u00ea derbar\u00ea R\u00eakeftina \u015e\u00eax Meqs\u00fbd &#8226; \u015eAK<\/title>\n<meta name=\"robots\" content=\"index, follow, max-snippet:-1, max-image-preview:large, max-video-preview:-1\" \/>\n<link rel=\"canonical\" href=\"https:\/\/saknews.net\/ku\/?p=2217\" \/>\n<meta property=\"og:locale\" content=\"en_US\" \/>\n<meta property=\"og:type\" content=\"article\" \/>\n<meta property=\"og:title\" content=\"Daxuyaniya Ber\u00ea Kurdistana S\u00fbriy\u00ea derbar\u00ea R\u00eakeftina \u015e\u00eax Meqs\u00fbd &#8226; \u015eAK\" \/>\n<meta property=\"og:description\" content=\"Ber\u00ea Kurdistana S\u00fbriy\u00ea, ku di 08.12.2024an de hatiye avakirin, derbar\u00ea R\u00eakeftina \u015e\u00eax Meqs\u00fbd a di...\" \/>\n<meta property=\"og:url\" content=\"https:\/\/saknews.net\/ku\/?p=2217\" \/>\n<meta property=\"og:site_name\" content=\"\u015eAK\" \/>\n<meta property=\"article:publisher\" content=\"https:\/\/www.facebook.com\/Shepel.ewropa\" \/>\n<meta property=\"article:published_time\" content=\"2025-04-06T20:25:31+00:00\" \/>\n<meta property=\"article:modified_time\" content=\"2025-04-06T20:25:54+00:00\" \/>\n<meta property=\"og:image\" content=\"https:\/\/saknews.net\/ku\/wp-content\/uploads\/2024\/12\/IMG-20241207-WA0028.jpg\" \/>\n\t<meta property=\"og:image:width\" content=\"597\" \/>\n\t<meta property=\"og:image:height\" content=\"574\" \/>\n\t<meta property=\"og:image:type\" content=\"image\/jpeg\" \/>\n<meta name=\"author\" content=\"Horan Hem\" \/>\n<meta name=\"twitter:card\" content=\"summary_large_image\" \/>\n<meta name=\"twitter:label1\" content=\"Written by\" \/>\n\t<meta name=\"twitter:data1\" content=\"Horan Hem\" \/>\n\t<meta name=\"twitter:label2\" content=\"Est. reading time\" \/>\n\t<meta name=\"twitter:data2\" content=\"3 minutes\" \/>\n<script type=\"application\/ld+json\" class=\"yoast-schema-graph\">{\"@context\":\"https:\\\/\\\/schema.org\",\"@graph\":[{\"@type\":\"Article\",\"@id\":\"https:\\\/\\\/saknews.net\\\/ku\\\/?p=2217#article\",\"isPartOf\":{\"@id\":\"https:\\\/\\\/saknews.net\\\/ku\\\/?p=2217\"},\"author\":{\"name\":\"Horan Hem\",\"@id\":\"https:\\\/\\\/saknews.net\\\/ku\\\/#\\\/schema\\\/person\\\/72ae32a4041a3817e015b63d8f409058\"},\"headline\":\"Daxuyaniya Ber\u00ea Kurdistana S\u00fbriy\u00ea derbar\u00ea R\u00eakeftina \u015e\u00eax Meqs\u00fbd\",\"datePublished\":\"2025-04-06T20:25:31+00:00\",\"dateModified\":\"2025-04-06T20:25:54+00:00\",\"mainEntityOfPage\":{\"@id\":\"https:\\\/\\\/saknews.net\\\/ku\\\/?p=2217\"},\"wordCount\":547,\"publisher\":{\"@id\":\"https:\\\/\\\/saknews.net\\\/ku\\\/#organization\"},\"image\":{\"@id\":\"https:\\\/\\\/saknews.net\\\/ku\\\/?p=2217#primaryimage\"},\"thumbnailUrl\":\"https:\\\/\\\/i0.wp.com\\\/saknews.net\\\/ku\\\/wp-content\\\/uploads\\\/2024\\\/12\\\/IMG-20241207-WA0028.jpg?fit=597%2C574&ssl=1\",\"articleSection\":[\"Daxuyan\u00ee\"],\"inLanguage\":\"en-US\"},{\"@type\":\"WebPage\",\"@id\":\"https:\\\/\\\/saknews.net\\\/ku\\\/?p=2217\",\"url\":\"https:\\\/\\\/saknews.net\\\/ku\\\/?p=2217\",\"name\":\"Daxuyaniya Ber\u00ea Kurdistana S\u00fbriy\u00ea derbar\u00ea R\u00eakeftina \u015e\u00eax Meqs\u00fbd &#8226; \u015eAK\",\"isPartOf\":{\"@id\":\"https:\\\/\\\/saknews.net\\\/ku\\\/#website\"},\"primaryImageOfPage\":{\"@id\":\"https:\\\/\\\/saknews.net\\\/ku\\\/?p=2217#primaryimage\"},\"image\":{\"@id\":\"https:\\\/\\\/saknews.net\\\/ku\\\/?p=2217#primaryimage\"},\"thumbnailUrl\":\"https:\\\/\\\/i0.wp.com\\\/saknews.net\\\/ku\\\/wp-content\\\/uploads\\\/2024\\\/12\\\/IMG-20241207-WA0028.jpg?fit=597%2C574&ssl=1\",\"datePublished\":\"2025-04-06T20:25:31+00:00\",\"dateModified\":\"2025-04-06T20:25:54+00:00\",\"breadcrumb\":{\"@id\":\"https:\\\/\\\/saknews.net\\\/ku\\\/?p=2217#breadcrumb\"},\"inLanguage\":\"en-US\",\"potentialAction\":[{\"@type\":\"ReadAction\",\"target\":[\"https:\\\/\\\/saknews.net\\\/ku\\\/?p=2217\"]}]},{\"@type\":\"ImageObject\",\"inLanguage\":\"en-US\",\"@id\":\"https:\\\/\\\/saknews.net\\\/ku\\\/?p=2217#primaryimage\",\"url\":\"https:\\\/\\\/i0.wp.com\\\/saknews.net\\\/ku\\\/wp-content\\\/uploads\\\/2024\\\/12\\\/IMG-20241207-WA0028.jpg?fit=597%2C574&ssl=1\",\"contentUrl\":\"https:\\\/\\\/i0.wp.com\\\/saknews.net\\\/ku\\\/wp-content\\\/uploads\\\/2024\\\/12\\\/IMG-20241207-WA0028.jpg?fit=597%2C574&ssl=1\",\"width\":597,\"height\":574},{\"@type\":\"BreadcrumbList\",\"@id\":\"https:\\\/\\\/saknews.net\\\/ku\\\/?p=2217#breadcrumb\",\"itemListElement\":[{\"@type\":\"ListItem\",\"position\":1,\"name\":\"\u0627\u0644\u0631\u0626\u064a\u0633\u064a\u0629\",\"item\":\"https:\\\/\\\/saknews.net\\\/ku\\\/\"},{\"@type\":\"ListItem\",\"position\":2,\"name\":\"N\u00fb\u00e7e\",\"item\":\"https:\\\/\\\/saknews.net\\\/ku\\\/?cat=49\"},{\"@type\":\"ListItem\",\"position\":3,\"name\":\"Daxuyan\u00ee\",\"item\":\"https:\\\/\\\/saknews.net\\\/ku\\\/?cat=34\"},{\"@type\":\"ListItem\",\"position\":4,\"name\":\"Daxuyaniya Ber\u00ea Kurdistana S\u00fbriy\u00ea derbar\u00ea R\u00eakeftina \u015e\u00eax Meqs\u00fbd\"}]},{\"@type\":\"WebSite\",\"@id\":\"https:\\\/\\\/saknews.net\\\/ku\\\/#website\",\"url\":\"https:\\\/\\\/saknews.net\\\/ku\\\/\",\"name\":\"S\u0327epe\u0302la Azadi\u0302 ya Kurdistani\u0302\",\"description\":\"\u062a\u064a\u0627\u0631 \u0627\u0644\u062d\u0631\u064a\u0629 \u0627\u0644\u0643\u0648\u0631\u062f\u0633\u062a\u0627\u0646\u064a \u015eep\u00eala Azad\u00ee ya Kurdistan\u00ee\",\"publisher\":{\"@id\":\"https:\\\/\\\/saknews.net\\\/ku\\\/#organization\"},\"potentialAction\":[{\"@type\":\"SearchAction\",\"target\":{\"@type\":\"EntryPoint\",\"urlTemplate\":\"https:\\\/\\\/saknews.net\\\/ku\\\/?s={search_term_string}\"},\"query-input\":{\"@type\":\"PropertyValueSpecification\",\"valueRequired\":true,\"valueName\":\"search_term_string\"}}],\"inLanguage\":\"en-US\"},{\"@type\":\"Organization\",\"@id\":\"https:\\\/\\\/saknews.net\\\/ku\\\/#organization\",\"name\":\"\u015eep\u00eala Azadiy\u00ea ya Kurdistan\u00ea - \u062a\u064a\u0627\u0631 \u0627\u0644\u062d\u0631\u064a\u0629 \u0627\u0644\u0643\u0648\u0631\u062f\u0633\u062a\u0627\u0646\u064a\",\"url\":\"https:\\\/\\\/saknews.net\\\/ku\\\/\",\"logo\":{\"@type\":\"ImageObject\",\"inLanguage\":\"en-US\",\"@id\":\"https:\\\/\\\/saknews.net\\\/ku\\\/#\\\/schema\\\/logo\\\/image\\\/\",\"url\":\"https:\\\/\\\/i0.wp.com\\\/saknews.net\\\/ku\\\/wp-content\\\/uploads\\\/2024\\\/11\\\/cropped-logo-1.png?fit=512%2C512&ssl=1\",\"contentUrl\":\"https:\\\/\\\/i0.wp.com\\\/saknews.net\\\/ku\\\/wp-content\\\/uploads\\\/2024\\\/11\\\/cropped-logo-1.png?fit=512%2C512&ssl=1\",\"width\":512,\"height\":512,\"caption\":\"\u015eep\u00eala Azadiy\u00ea ya Kurdistan\u00ea - \u062a\u064a\u0627\u0631 \u0627\u0644\u062d\u0631\u064a\u0629 \u0627\u0644\u0643\u0648\u0631\u062f\u0633\u062a\u0627\u0646\u064a\"},\"image\":{\"@id\":\"https:\\\/\\\/saknews.net\\\/ku\\\/#\\\/schema\\\/logo\\\/image\\\/\"},\"sameAs\":[\"https:\\\/\\\/www.facebook.com\\\/Shepel.ewropa\"]},{\"@type\":\"Person\",\"@id\":\"https:\\\/\\\/saknews.net\\\/ku\\\/#\\\/schema\\\/person\\\/72ae32a4041a3817e015b63d8f409058\",\"name\":\"Horan Hem\",\"url\":\"https:\\\/\\\/saknews.net\\\/ku\\\/?author=8\"}]}<\/script>\n<!-- \/ Yoast SEO plugin. -->","yoast_head_json":{"title":"Daxuyaniya Ber\u00ea Kurdistana S\u00fbriy\u00ea derbar\u00ea R\u00eakeftina \u015e\u00eax Meqs\u00fbd &#8226; \u015eAK","robots":{"index":"index","follow":"follow","max-snippet":"max-snippet:-1","max-image-preview":"max-image-preview:large","max-video-preview":"max-video-preview:-1"},"canonical":"https:\/\/saknews.net\/ku\/?p=2217","og_locale":"en_US","og_type":"article","og_title":"Daxuyaniya Ber\u00ea Kurdistana S\u00fbriy\u00ea derbar\u00ea R\u00eakeftina \u015e\u00eax Meqs\u00fbd &#8226; \u015eAK","og_description":"Ber\u00ea Kurdistana S\u00fbriy\u00ea, ku di 08.12.2024an de hatiye avakirin, derbar\u00ea R\u00eakeftina \u015e\u00eax Meqs\u00fbd a di...","og_url":"https:\/\/saknews.net\/ku\/?p=2217","og_site_name":"\u015eAK","article_publisher":"https:\/\/www.facebook.com\/Shepel.ewropa","article_published_time":"2025-04-06T20:25:31+00:00","article_modified_time":"2025-04-06T20:25:54+00:00","og_image":[{"width":597,"height":574,"url":"https:\/\/saknews.net\/ku\/wp-content\/uploads\/2024\/12\/IMG-20241207-WA0028.jpg","type":"image\/jpeg"}],"author":"Horan Hem","twitter_card":"summary_large_image","twitter_misc":{"Written by":"Horan Hem","Est. reading time":"3 minutes"},"schema":{"@context":"https:\/\/schema.org","@graph":[{"@type":"Article","@id":"https:\/\/saknews.net\/ku\/?p=2217#article","isPartOf":{"@id":"https:\/\/saknews.net\/ku\/?p=2217"},"author":{"name":"Horan Hem","@id":"https:\/\/saknews.net\/ku\/#\/schema\/person\/72ae32a4041a3817e015b63d8f409058"},"headline":"Daxuyaniya Ber\u00ea Kurdistana S\u00fbriy\u00ea derbar\u00ea R\u00eakeftina \u015e\u00eax Meqs\u00fbd","datePublished":"2025-04-06T20:25:31+00:00","dateModified":"2025-04-06T20:25:54+00:00","mainEntityOfPage":{"@id":"https:\/\/saknews.net\/ku\/?p=2217"},"wordCount":547,"publisher":{"@id":"https:\/\/saknews.net\/ku\/#organization"},"image":{"@id":"https:\/\/saknews.net\/ku\/?p=2217#primaryimage"},"thumbnailUrl":"https:\/\/i0.wp.com\/saknews.net\/ku\/wp-content\/uploads\/2024\/12\/IMG-20241207-WA0028.jpg?fit=597%2C574&ssl=1","articleSection":["Daxuyan\u00ee"],"inLanguage":"en-US"},{"@type":"WebPage","@id":"https:\/\/saknews.net\/ku\/?p=2217","url":"https:\/\/saknews.net\/ku\/?p=2217","name":"Daxuyaniya Ber\u00ea Kurdistana S\u00fbriy\u00ea derbar\u00ea R\u00eakeftina \u015e\u00eax Meqs\u00fbd &#8226; \u015eAK","isPartOf":{"@id":"https:\/\/saknews.net\/ku\/#website"},"primaryImageOfPage":{"@id":"https:\/\/saknews.net\/ku\/?p=2217#primaryimage"},"image":{"@id":"https:\/\/saknews.net\/ku\/?p=2217#primaryimage"},"thumbnailUrl":"https:\/\/i0.wp.com\/saknews.net\/ku\/wp-content\/uploads\/2024\/12\/IMG-20241207-WA0028.jpg?fit=597%2C574&ssl=1","datePublished":"2025-04-06T20:25:31+00:00","dateModified":"2025-04-06T20:25:54+00:00","breadcrumb":{"@id":"https:\/\/saknews.net\/ku\/?p=2217#breadcrumb"},"inLanguage":"en-US","potentialAction":[{"@type":"ReadAction","target":["https:\/\/saknews.net\/ku\/?p=2217"]}]},{"@type":"ImageObject","inLanguage":"en-US","@id":"https:\/\/saknews.net\/ku\/?p=2217#primaryimage","url":"https:\/\/i0.wp.com\/saknews.net\/ku\/wp-content\/uploads\/2024\/12\/IMG-20241207-WA0028.jpg?fit=597%2C574&ssl=1","contentUrl":"https:\/\/i0.wp.com\/saknews.net\/ku\/wp-content\/uploads\/2024\/12\/IMG-20241207-WA0028.jpg?fit=597%2C574&ssl=1","width":597,"height":574},{"@type":"BreadcrumbList","@id":"https:\/\/saknews.net\/ku\/?p=2217#breadcrumb","itemListElement":[{"@type":"ListItem","position":1,"name":"\u0627\u0644\u0631\u0626\u064a\u0633\u064a\u0629","item":"https:\/\/saknews.net\/ku\/"},{"@type":"ListItem","position":2,"name":"N\u00fb\u00e7e","item":"https:\/\/saknews.net\/ku\/?cat=49"},{"@type":"ListItem","position":3,"name":"Daxuyan\u00ee","item":"https:\/\/saknews.net\/ku\/?cat=34"},{"@type":"ListItem","position":4,"name":"Daxuyaniya Ber\u00ea Kurdistana S\u00fbriy\u00ea derbar\u00ea R\u00eakeftina \u015e\u00eax Meqs\u00fbd"}]},{"@type":"WebSite","@id":"https:\/\/saknews.net\/ku\/#website","url":"https:\/\/saknews.net\/ku\/","name":"S\u0327epe\u0302la Azadi\u0302 ya Kurdistani\u0302","description":"\u062a\u064a\u0627\u0631 \u0627\u0644\u062d\u0631\u064a\u0629 \u0627\u0644\u0643\u0648\u0631\u062f\u0633\u062a\u0627\u0646\u064a \u015eep\u00eala Azad\u00ee ya Kurdistan\u00ee","publisher":{"@id":"https:\/\/saknews.net\/ku\/#organization"},"potentialAction":[{"@type":"SearchAction","target":{"@type":"EntryPoint","urlTemplate":"https:\/\/saknews.net\/ku\/?s={search_term_string}"},"query-input":{"@type":"PropertyValueSpecification","valueRequired":true,"valueName":"search_term_string"}}],"inLanguage":"en-US"},{"@type":"Organization","@id":"https:\/\/saknews.net\/ku\/#organization","name":"\u015eep\u00eala Azadiy\u00ea ya Kurdistan\u00ea - \u062a\u064a\u0627\u0631 \u0627\u0644\u062d\u0631\u064a\u0629 \u0627\u0644\u0643\u0648\u0631\u062f\u0633\u062a\u0627\u0646\u064a","url":"https:\/\/saknews.net\/ku\/","logo":{"@type":"ImageObject","inLanguage":"en-US","@id":"https:\/\/saknews.net\/ku\/#\/schema\/logo\/image\/","url":"https:\/\/i0.wp.com\/saknews.net\/ku\/wp-content\/uploads\/2024\/11\/cropped-logo-1.png?fit=512%2C512&ssl=1","contentUrl":"https:\/\/i0.wp.com\/saknews.net\/ku\/wp-content\/uploads\/2024\/11\/cropped-logo-1.png?fit=512%2C512&ssl=1","width":512,"height":512,"caption":"\u015eep\u00eala Azadiy\u00ea ya Kurdistan\u00ea - \u062a\u064a\u0627\u0631 \u0627\u0644\u062d\u0631\u064a\u0629 \u0627\u0644\u0643\u0648\u0631\u062f\u0633\u062a\u0627\u0646\u064a"},"image":{"@id":"https:\/\/saknews.net\/ku\/#\/schema\/logo\/image\/"},"sameAs":["https:\/\/www.facebook.com\/Shepel.ewropa"]},{"@type":"Person","@id":"https:\/\/saknews.net\/ku\/#\/schema\/person\/72ae32a4041a3817e015b63d8f409058","name":"Horan Hem","url":"https:\/\/saknews.net\/ku\/?author=8"}]}},"featured_image_urls":{"full":["https:\/\/i0.wp.com\/saknews.net\/ku\/wp-content\/uploads\/2024\/12\/IMG-20241207-WA0028.jpg?fit=597%2C574&ssl=1",597,574,false],"thumbnail":["https:\/\/i0.wp.com\/saknews.net\/ku\/wp-content\/uploads\/2024\/12\/IMG-20241207-WA0028.jpg?resize=150%2C150&ssl=1",150,150,true],"medium":["https:\/\/i0.wp.com\/saknews.net\/ku\/wp-content\/uploads\/2024\/12\/IMG-20241207-WA0028.jpg?fit=300%2C288&ssl=1",300,288,true],"medium_large":["https:\/\/i0.wp.com\/saknews.net\/ku\/wp-content\/uploads\/2024\/12\/IMG-20241207-WA0028.jpg?fit=597%2C574&ssl=1",597,574,true],"large":["https:\/\/i0.wp.com\/saknews.net\/ku\/wp-content\/uploads\/2024\/12\/IMG-20241207-WA0028.jpg?fit=597%2C574&ssl=1",597,574,true],"1536x1536":["https:\/\/i0.wp.com\/saknews.net\/ku\/wp-content\/uploads\/2024\/12\/IMG-20241207-WA0028.jpg?fit=597%2C574&ssl=1",597,574,true],"2048x2048":["https:\/\/i0.wp.com\/saknews.net\/ku\/wp-content\/uploads\/2024\/12\/IMG-20241207-WA0028.jpg?fit=597%2C574&ssl=1",597,574,true],"covernews-featured":["https:\/\/i0.wp.com\/saknews.net\/ku\/wp-content\/uploads\/2024\/12\/IMG-20241207-WA0028.jpg?fit=597%2C574&ssl=1",597,574,true],"covernews-medium":["https:\/\/i0.wp.com\/saknews.net\/ku\/wp-content\/uploads\/2024\/12\/IMG-20241207-WA0028.jpg?resize=540%2C340&ssl=1",540,340,true]},"author_info":{"display_name":"Horan Hem","author_link":"https:\/\/saknews.net\/ku\/?author=8"},"category_info":"<a href=\"https:\/\/saknews.net\/ku\/?cat=34\" rel=\"category\">Daxuyan\u00ee<\/a>","tag_info":"Daxuyan\u00ee","comment_count":"0","_links":{"self":[{"href":"https:\/\/saknews.net\/ku\/index.php?rest_route=\/wp\/v2\/posts\/2217","targetHints":{"allow":["GET"]}}],"collection":[{"href":"https:\/\/saknews.net\/ku\/index.php?rest_route=\/wp\/v2\/posts"}],"about":[{"href":"https:\/\/saknews.net\/ku\/index.php?rest_route=\/wp\/v2\/types\/post"}],"author":[{"embeddable":true,"href":"https:\/\/saknews.net\/ku\/index.php?rest_route=\/wp\/v2\/users\/8"}],"replies":[{"embeddable":true,"href":"https:\/\/saknews.net\/ku\/index.php?rest_route=%2Fwp%2Fv2%2Fcomments&post=2217"}],"version-history":[{"count":2,"href":"https:\/\/saknews.net\/ku\/index.php?rest_route=\/wp\/v2\/posts\/2217\/revisions"}],"predecessor-version":[{"id":2219,"href":"https:\/\/saknews.net\/ku\/index.php?rest_route=\/wp\/v2\/posts\/2217\/revisions\/2219"}],"wp:featuredmedia":[{"embeddable":true,"href":"https:\/\/saknews.net\/ku\/index.php?rest_route=\/wp\/v2\/media\/1905"}],"wp:attachment":[{"href":"https:\/\/saknews.net\/ku\/index.php?rest_route=%2Fwp%2Fv2%2Fmedia&parent=2217"}],"wp:term":[{"taxonomy":"category","embeddable":true,"href":"https:\/\/saknews.net\/ku\/index.php?rest_route=%2Fwp%2Fv2%2Fcategories&post=2217"},{"taxonomy":"post_tag","embeddable":true,"href":"https:\/\/saknews.net\/ku\/index.php?rest_route=%2Fwp%2Fv2%2Ftags&post=2217"}],"curies":[{"name":"wp","href":"https:\/\/api.w.org\/{rel}","templated":true}]}}