{"id":2223,"date":"2025-04-11T13:05:32","date_gmt":"2025-04-11T13:05:32","guid":{"rendered":"https:\/\/saknews.net\/ku\/?p=2223"},"modified":"2025-04-11T17:11:47","modified_gmt":"2025-04-11T17:11:47","slug":"daxuyaniya-bere-kurdistana-suriye-derbare-destnisankirina-revebereki-ji-herema-efrine-re","status":"publish","type":"post","link":"https:\/\/saknews.net\/ku\/?p=2223","title":{"rendered":"Daxuyaniya Ber\u00ea Kurdistana S\u00fbriy\u00ea derbar\u00ea destn\u00ee\u015fankirina r\u00eaveberek\u00ee ji Her\u00eama Efr\u00een\u00ea re"},"content":{"rendered":"<p>Ber\u00ea Kurdistana S\u00fbriy\u00ea daxuyaniyek derbar\u00ea destn\u00ee\u015fankirina r\u00eaveberek\u00ee ji Her\u00eama Efr\u00een\u00ea re belav kir \u00fb dib\u00eaje nay\u00ea qeb\u00fblkirin dever\u00ean Kurdistana S\u00fbriy\u00ea bi awayek\u00ee navend\u00ee ya tund werin bir\u00eavebirin.<br \/>\nEve deq\u00ea w\u00ea daxuyaniy\u00ea:<\/p>\n<p>Destn\u00ee\u015fankirina r\u00eaveberek\u00ee ji Her\u00eama Efr\u00een\u00ea re, gaveke ne di cih\u00ea xwe de ye \u00fb li dij\u00ee pirens\u00eep\u00ean nenavendiy\u00ea \u00fb hevkariya xelk\u00ea di bir\u00eavebirina xwecih\u00ee de ye. Ev kar\u00ean wisa, n\u00ee\u015fana berdewamiya mejiya navend\u00ee ya rej\u00eema \u00e7\u00fby\u00ee ye, ku t\u00eak\u00e7\u00fbna w\u00ea tekez kir di wan dehsal\u00ean derbasb\u00fby\u00ee de, herwiha ne ti\u015ftek\u00ee ge\u015fb\u00een e.<\/p>\n<p>Gir\u00eeng e, xelk\u00ea her deverek\u00ea bi xwe devera xwe bir\u00eave bibe, ji ber ew ba\u015ftir dizanin \u00e7i t\u00ea xwestin. Nay\u00ea qeb\u00fblkirin dever\u00ean Kurdistana S\u00fbriy\u00ea bi awayek\u00ee navend\u00ee ya tund werin bir\u00eavebirin. Div\u00ea berpirs\u00ean deveran bi r\u00eaya hilbijartin\u00ean demokrat \u00fb azad be, ku n\u00ee\u015fana v\u00eena gel be, ne ku ji navend\u00ea b\u00eane destn\u00ee\u015fankirin \u00fb nizanibe \u00e7i ser erd\u00ea heye.<\/p>\n<p>Di derbar\u00ea b\u00eadengiya aliy\u00ean kurd de, bi taybet\u00ee weke Enc\u00fbmena Ni\u015ftiman\u00ee ya Kurd li S\u00fbriy\u00ea (ENKS) \u00fb Partiya Yek\u00eetiya Demokrat (PYD) cih\u00ea guman \u00fb pirs\u00ea ye li cem me, ka gelo \u00e7end\u00ee cid\u00ee ne bi pabendb\u00fbna bi pirens\u00eep\u00ean demokrat\u00ee \u00fb nenavendiya ku di r\u00eakeftin\u00ean ber\u00ea de banga w\u00ea dikirin! Ev b\u00eadeng\u00ee weke gaveke ji pa\u015fve\u00e7\u00fbn\u00ea ye ji wan pirens\u00eepan \u00fb rizamendiyeke ji hindur ve bi van siyaset\u00ean ku navendiy\u00ea xurtir dikin. Bi her away\u00ee j\u00ee li dij\u00ee armanca hevbe\u015f e ya avakirina r\u00eaveberiyek\u00ea ku n\u00ee\u015fana v\u00eena gel be.<\/p>\n<p>Ji h\u00eaz\u00ean kurd t\u00ea xwestin b\u00eadengiya xwe bi\u015fk\u00eenin \u00fb helwesteke cid\u00ee n\u00ee\u015fan bidin ku li gor\u00ee daxwaz\u00ean gel\u00ea Kurd li S\u00fbriy\u00ea be. Ev berpirsyariyeke d\u00eerok\u00ee ye \u00fb div\u00ea em tevde li dij\u00ee wan siyaset\u00ean destn\u00ee\u015fankirin\u00ea bisekinin \u00fb bi r\u00eaya hilbijartin\u00ean demokrat \u00fb azad n\u00fbnertiya kurdan li S\u00fbriy\u00ea b\u00ea kirin, ne bi r\u00eaya ferzkirina biryaran ji navend\u00ea.<\/p>\n<p>S\u00fbriya em dixwazin div\u00ea dewleteke demokrat \u00fb federal ya rast be, ku hilbijartin\u00ean azad \u00fb pak di her war\u00ee de t\u00eade b\u00eane encamdan \u00fb v\u00eena gel di hilbijartina n\u00fbner\u00ea xwe de ya sereke be.<\/p>\n<p>Berdewamiya siyaset\u00ean destn\u00ee\u015fankirin\u00ea, \u00e7i li Efr\u00een\u00ea \u00fb \u00e7i li her devereke din li S\u00fbriy\u00ea be j\u00ee, dibin r\u00eagir li ber avakirina s\u00eestemeke siyas\u00ee ya rast ku n\u00fbnertiya tevahiya xelk\u00ea S\u00fbriy\u00ea bike.<\/p>\n<p>Ber\u00ea Kurdistana S\u00fbriy\u00ea<br \/>\n11.04.2025<\/p>\n","protected":false},"excerpt":{"rendered":"<p>Ber\u00ea Kurdistana S\u00fbriy\u00ea daxuyaniyek derbar\u00ea destn\u00ee\u015fankirina r\u00eaveberek\u00ee ji Her\u00eama Efr\u00een\u00ea re belav kir \u00fb dib\u00eaje&#8230;<\/p>\n","protected":false},"author":5,"featured_media":2224,"comment_status":"closed","ping_status":"closed","sticky":false,"template":"","format":"standard","meta":{"footnotes":""},"categories":[34],"tags":[],"class_list":["post-2223","post","type-post","status-publish","format-standard","has-post-thumbnail","hentry","category-daxuyani"],"yoast_head":"<!-- This site is optimized with the Yoast SEO plugin v27.5 - https:\/\/yoast.com\/product\/yoast-seo-wordpress\/ -->\n<title>Daxuyaniya Ber\u00ea Kurdistana S\u00fbriy\u00ea derbar\u00ea destn\u00ee\u015fankirina r\u00eaveberek\u00ee ji Her\u00eama Efr\u00een\u00ea re &#8226; \u015eAK<\/title>\n<meta name=\"robots\" content=\"index, follow, max-snippet:-1, max-image-preview:large, max-video-preview:-1\" \/>\n<link rel=\"canonical\" href=\"https:\/\/saknews.net\/ku\/?p=2223\" \/>\n<meta property=\"og:locale\" content=\"en_US\" \/>\n<meta property=\"og:type\" content=\"article\" \/>\n<meta property=\"og:title\" content=\"Daxuyaniya Ber\u00ea Kurdistana S\u00fbriy\u00ea derbar\u00ea destn\u00ee\u015fankirina r\u00eaveberek\u00ee ji Her\u00eama Efr\u00een\u00ea re &#8226; \u015eAK\" \/>\n<meta property=\"og:description\" content=\"Ber\u00ea Kurdistana S\u00fbriy\u00ea daxuyaniyek derbar\u00ea destn\u00ee\u015fankirina r\u00eaveberek\u00ee ji Her\u00eama Efr\u00een\u00ea re belav kir \u00fb dib\u00eaje...\" \/>\n<meta property=\"og:url\" content=\"https:\/\/saknews.net\/ku\/?p=2223\" \/>\n<meta property=\"og:site_name\" content=\"\u015eAK\" \/>\n<meta property=\"article:publisher\" content=\"https:\/\/www.facebook.com\/Shepel.ewropa\" \/>\n<meta property=\"article:published_time\" content=\"2025-04-11T13:05:32+00:00\" \/>\n<meta property=\"article:modified_time\" content=\"2025-04-11T17:11:47+00:00\" \/>\n<meta property=\"og:image\" content=\"https:\/\/saknews.net\/ku\/wp-content\/uploads\/2025\/04\/f192ad4a-279e-4308-955e-daf5777acfc5.jpeg\" \/>\n\t<meta property=\"og:image:width\" content=\"1080\" \/>\n\t<meta property=\"og:image:height\" content=\"1079\" \/>\n\t<meta property=\"og:image:type\" content=\"image\/jpeg\" \/>\n<meta name=\"author\" content=\"Helebja Helebja\" \/>\n<meta name=\"twitter:card\" content=\"summary_large_image\" \/>\n<meta name=\"twitter:label1\" content=\"Written by\" \/>\n\t<meta name=\"twitter:data1\" content=\"Helebja Helebja\" \/>\n\t<meta name=\"twitter:label2\" content=\"Est. reading time\" \/>\n\t<meta name=\"twitter:data2\" content=\"2 minutes\" \/>\n<script type=\"application\/ld+json\" class=\"yoast-schema-graph\">{\"@context\":\"https:\\\/\\\/schema.org\",\"@graph\":[{\"@type\":\"Article\",\"@id\":\"https:\\\/\\\/saknews.net\\\/ku\\\/?p=2223#article\",\"isPartOf\":{\"@id\":\"https:\\\/\\\/saknews.net\\\/ku\\\/?p=2223\"},\"author\":{\"name\":\"Helebja Helebja\",\"@id\":\"https:\\\/\\\/saknews.net\\\/ku\\\/#\\\/schema\\\/person\\\/1c01cd16fca0bfa144578b4674c618a7\"},\"headline\":\"Daxuyaniya Ber\u00ea Kurdistana S\u00fbriy\u00ea derbar\u00ea destn\u00ee\u015fankirina r\u00eaveberek\u00ee ji Her\u00eama Efr\u00een\u00ea re\",\"datePublished\":\"2025-04-11T13:05:32+00:00\",\"dateModified\":\"2025-04-11T17:11:47+00:00\",\"mainEntityOfPage\":{\"@id\":\"https:\\\/\\\/saknews.net\\\/ku\\\/?p=2223\"},\"wordCount\":443,\"publisher\":{\"@id\":\"https:\\\/\\\/saknews.net\\\/ku\\\/#organization\"},\"image\":{\"@id\":\"https:\\\/\\\/saknews.net\\\/ku\\\/?p=2223#primaryimage\"},\"thumbnailUrl\":\"https:\\\/\\\/i0.wp.com\\\/saknews.net\\\/ku\\\/wp-content\\\/uploads\\\/2025\\\/04\\\/f192ad4a-279e-4308-955e-daf5777acfc5.jpeg?fit=1080%2C1079&ssl=1\",\"articleSection\":[\"Daxuyan\u00ee\"],\"inLanguage\":\"en-US\"},{\"@type\":\"WebPage\",\"@id\":\"https:\\\/\\\/saknews.net\\\/ku\\\/?p=2223\",\"url\":\"https:\\\/\\\/saknews.net\\\/ku\\\/?p=2223\",\"name\":\"Daxuyaniya Ber\u00ea Kurdistana S\u00fbriy\u00ea derbar\u00ea destn\u00ee\u015fankirina r\u00eaveberek\u00ee ji Her\u00eama Efr\u00een\u00ea re &#8226; \u015eAK\",\"isPartOf\":{\"@id\":\"https:\\\/\\\/saknews.net\\\/ku\\\/#website\"},\"primaryImageOfPage\":{\"@id\":\"https:\\\/\\\/saknews.net\\\/ku\\\/?p=2223#primaryimage\"},\"image\":{\"@id\":\"https:\\\/\\\/saknews.net\\\/ku\\\/?p=2223#primaryimage\"},\"thumbnailUrl\":\"https:\\\/\\\/i0.wp.com\\\/saknews.net\\\/ku\\\/wp-content\\\/uploads\\\/2025\\\/04\\\/f192ad4a-279e-4308-955e-daf5777acfc5.jpeg?fit=1080%2C1079&ssl=1\",\"datePublished\":\"2025-04-11T13:05:32+00:00\",\"dateModified\":\"2025-04-11T17:11:47+00:00\",\"breadcrumb\":{\"@id\":\"https:\\\/\\\/saknews.net\\\/ku\\\/?p=2223#breadcrumb\"},\"inLanguage\":\"en-US\",\"potentialAction\":[{\"@type\":\"ReadAction\",\"target\":[\"https:\\\/\\\/saknews.net\\\/ku\\\/?p=2223\"]}]},{\"@type\":\"ImageObject\",\"inLanguage\":\"en-US\",\"@id\":\"https:\\\/\\\/saknews.net\\\/ku\\\/?p=2223#primaryimage\",\"url\":\"https:\\\/\\\/i0.wp.com\\\/saknews.net\\\/ku\\\/wp-content\\\/uploads\\\/2025\\\/04\\\/f192ad4a-279e-4308-955e-daf5777acfc5.jpeg?fit=1080%2C1079&ssl=1\",\"contentUrl\":\"https:\\\/\\\/i0.wp.com\\\/saknews.net\\\/ku\\\/wp-content\\\/uploads\\\/2025\\\/04\\\/f192ad4a-279e-4308-955e-daf5777acfc5.jpeg?fit=1080%2C1079&ssl=1\",\"width\":1080,\"height\":1079},{\"@type\":\"BreadcrumbList\",\"@id\":\"https:\\\/\\\/saknews.net\\\/ku\\\/?p=2223#breadcrumb\",\"itemListElement\":[{\"@type\":\"ListItem\",\"position\":1,\"name\":\"\u0627\u0644\u0631\u0626\u064a\u0633\u064a\u0629\",\"item\":\"https:\\\/\\\/saknews.net\\\/ku\\\/\"},{\"@type\":\"ListItem\",\"position\":2,\"name\":\"N\u00fb\u00e7e\",\"item\":\"https:\\\/\\\/saknews.net\\\/ku\\\/?cat=49\"},{\"@type\":\"ListItem\",\"position\":3,\"name\":\"Daxuyan\u00ee\",\"item\":\"https:\\\/\\\/saknews.net\\\/ku\\\/?cat=34\"},{\"@type\":\"ListItem\",\"position\":4,\"name\":\"Daxuyaniya Ber\u00ea Kurdistana S\u00fbriy\u00ea derbar\u00ea destn\u00ee\u015fankirina r\u00eaveberek\u00ee ji Her\u00eama Efr\u00een\u00ea re\"}]},{\"@type\":\"WebSite\",\"@id\":\"https:\\\/\\\/saknews.net\\\/ku\\\/#website\",\"url\":\"https:\\\/\\\/saknews.net\\\/ku\\\/\",\"name\":\"S\u0327epe\u0302la Azadi\u0302 ya Kurdistani\u0302\",\"description\":\"\u062a\u064a\u0627\u0631 \u0627\u0644\u062d\u0631\u064a\u0629 \u0627\u0644\u0643\u0648\u0631\u062f\u0633\u062a\u0627\u0646\u064a \u015eep\u00eala Azad\u00ee ya Kurdistan\u00ee\",\"publisher\":{\"@id\":\"https:\\\/\\\/saknews.net\\\/ku\\\/#organization\"},\"potentialAction\":[{\"@type\":\"SearchAction\",\"target\":{\"@type\":\"EntryPoint\",\"urlTemplate\":\"https:\\\/\\\/saknews.net\\\/ku\\\/?s={search_term_string}\"},\"query-input\":{\"@type\":\"PropertyValueSpecification\",\"valueRequired\":true,\"valueName\":\"search_term_string\"}}],\"inLanguage\":\"en-US\"},{\"@type\":\"Organization\",\"@id\":\"https:\\\/\\\/saknews.net\\\/ku\\\/#organization\",\"name\":\"\u015eep\u00eala Azadiy\u00ea ya Kurdistan\u00ea - \u062a\u064a\u0627\u0631 \u0627\u0644\u062d\u0631\u064a\u0629 \u0627\u0644\u0643\u0648\u0631\u062f\u0633\u062a\u0627\u0646\u064a\",\"url\":\"https:\\\/\\\/saknews.net\\\/ku\\\/\",\"logo\":{\"@type\":\"ImageObject\",\"inLanguage\":\"en-US\",\"@id\":\"https:\\\/\\\/saknews.net\\\/ku\\\/#\\\/schema\\\/logo\\\/image\\\/\",\"url\":\"https:\\\/\\\/i0.wp.com\\\/saknews.net\\\/ku\\\/wp-content\\\/uploads\\\/2024\\\/11\\\/cropped-logo-1.png?fit=512%2C512&ssl=1\",\"contentUrl\":\"https:\\\/\\\/i0.wp.com\\\/saknews.net\\\/ku\\\/wp-content\\\/uploads\\\/2024\\\/11\\\/cropped-logo-1.png?fit=512%2C512&ssl=1\",\"width\":512,\"height\":512,\"caption\":\"\u015eep\u00eala Azadiy\u00ea ya Kurdistan\u00ea - \u062a\u064a\u0627\u0631 \u0627\u0644\u062d\u0631\u064a\u0629 \u0627\u0644\u0643\u0648\u0631\u062f\u0633\u062a\u0627\u0646\u064a\"},\"image\":{\"@id\":\"https:\\\/\\\/saknews.net\\\/ku\\\/#\\\/schema\\\/logo\\\/image\\\/\"},\"sameAs\":[\"https:\\\/\\\/www.facebook.com\\\/Shepel.ewropa\"]},{\"@type\":\"Person\",\"@id\":\"https:\\\/\\\/saknews.net\\\/ku\\\/#\\\/schema\\\/person\\\/1c01cd16fca0bfa144578b4674c618a7\",\"name\":\"Helebja Helebja\",\"sameAs\":[\"https:\\\/\\\/saknews.net\\\/ku\"],\"url\":\"https:\\\/\\\/saknews.net\\\/ku\\\/?author=5\"}]}<\/script>\n<!-- \/ Yoast SEO plugin. -->","yoast_head_json":{"title":"Daxuyaniya Ber\u00ea Kurdistana S\u00fbriy\u00ea derbar\u00ea destn\u00ee\u015fankirina r\u00eaveberek\u00ee ji Her\u00eama Efr\u00een\u00ea re &#8226; \u015eAK","robots":{"index":"index","follow":"follow","max-snippet":"max-snippet:-1","max-image-preview":"max-image-preview:large","max-video-preview":"max-video-preview:-1"},"canonical":"https:\/\/saknews.net\/ku\/?p=2223","og_locale":"en_US","og_type":"article","og_title":"Daxuyaniya Ber\u00ea Kurdistana S\u00fbriy\u00ea derbar\u00ea destn\u00ee\u015fankirina r\u00eaveberek\u00ee ji Her\u00eama Efr\u00een\u00ea re &#8226; \u015eAK","og_description":"Ber\u00ea Kurdistana S\u00fbriy\u00ea daxuyaniyek derbar\u00ea destn\u00ee\u015fankirina r\u00eaveberek\u00ee ji Her\u00eama Efr\u00een\u00ea re belav kir \u00fb dib\u00eaje...","og_url":"https:\/\/saknews.net\/ku\/?p=2223","og_site_name":"\u015eAK","article_publisher":"https:\/\/www.facebook.com\/Shepel.ewropa","article_published_time":"2025-04-11T13:05:32+00:00","article_modified_time":"2025-04-11T17:11:47+00:00","og_image":[{"width":1080,"height":1079,"url":"https:\/\/saknews.net\/ku\/wp-content\/uploads\/2025\/04\/f192ad4a-279e-4308-955e-daf5777acfc5.jpeg","type":"image\/jpeg"}],"author":"Helebja Helebja","twitter_card":"summary_large_image","twitter_misc":{"Written by":"Helebja Helebja","Est. reading time":"2 minutes"},"schema":{"@context":"https:\/\/schema.org","@graph":[{"@type":"Article","@id":"https:\/\/saknews.net\/ku\/?p=2223#article","isPartOf":{"@id":"https:\/\/saknews.net\/ku\/?p=2223"},"author":{"name":"Helebja Helebja","@id":"https:\/\/saknews.net\/ku\/#\/schema\/person\/1c01cd16fca0bfa144578b4674c618a7"},"headline":"Daxuyaniya Ber\u00ea Kurdistana S\u00fbriy\u00ea derbar\u00ea destn\u00ee\u015fankirina r\u00eaveberek\u00ee ji Her\u00eama Efr\u00een\u00ea re","datePublished":"2025-04-11T13:05:32+00:00","dateModified":"2025-04-11T17:11:47+00:00","mainEntityOfPage":{"@id":"https:\/\/saknews.net\/ku\/?p=2223"},"wordCount":443,"publisher":{"@id":"https:\/\/saknews.net\/ku\/#organization"},"image":{"@id":"https:\/\/saknews.net\/ku\/?p=2223#primaryimage"},"thumbnailUrl":"https:\/\/i0.wp.com\/saknews.net\/ku\/wp-content\/uploads\/2025\/04\/f192ad4a-279e-4308-955e-daf5777acfc5.jpeg?fit=1080%2C1079&ssl=1","articleSection":["Daxuyan\u00ee"],"inLanguage":"en-US"},{"@type":"WebPage","@id":"https:\/\/saknews.net\/ku\/?p=2223","url":"https:\/\/saknews.net\/ku\/?p=2223","name":"Daxuyaniya Ber\u00ea Kurdistana S\u00fbriy\u00ea derbar\u00ea destn\u00ee\u015fankirina r\u00eaveberek\u00ee ji Her\u00eama Efr\u00een\u00ea re &#8226; \u015eAK","isPartOf":{"@id":"https:\/\/saknews.net\/ku\/#website"},"primaryImageOfPage":{"@id":"https:\/\/saknews.net\/ku\/?p=2223#primaryimage"},"image":{"@id":"https:\/\/saknews.net\/ku\/?p=2223#primaryimage"},"thumbnailUrl":"https:\/\/i0.wp.com\/saknews.net\/ku\/wp-content\/uploads\/2025\/04\/f192ad4a-279e-4308-955e-daf5777acfc5.jpeg?fit=1080%2C1079&ssl=1","datePublished":"2025-04-11T13:05:32+00:00","dateModified":"2025-04-11T17:11:47+00:00","breadcrumb":{"@id":"https:\/\/saknews.net\/ku\/?p=2223#breadcrumb"},"inLanguage":"en-US","potentialAction":[{"@type":"ReadAction","target":["https:\/\/saknews.net\/ku\/?p=2223"]}]},{"@type":"ImageObject","inLanguage":"en-US","@id":"https:\/\/saknews.net\/ku\/?p=2223#primaryimage","url":"https:\/\/i0.wp.com\/saknews.net\/ku\/wp-content\/uploads\/2025\/04\/f192ad4a-279e-4308-955e-daf5777acfc5.jpeg?fit=1080%2C1079&ssl=1","contentUrl":"https:\/\/i0.wp.com\/saknews.net\/ku\/wp-content\/uploads\/2025\/04\/f192ad4a-279e-4308-955e-daf5777acfc5.jpeg?fit=1080%2C1079&ssl=1","width":1080,"height":1079},{"@type":"BreadcrumbList","@id":"https:\/\/saknews.net\/ku\/?p=2223#breadcrumb","itemListElement":[{"@type":"ListItem","position":1,"name":"\u0627\u0644\u0631\u0626\u064a\u0633\u064a\u0629","item":"https:\/\/saknews.net\/ku\/"},{"@type":"ListItem","position":2,"name":"N\u00fb\u00e7e","item":"https:\/\/saknews.net\/ku\/?cat=49"},{"@type":"ListItem","position":3,"name":"Daxuyan\u00ee","item":"https:\/\/saknews.net\/ku\/?cat=34"},{"@type":"ListItem","position":4,"name":"Daxuyaniya Ber\u00ea Kurdistana S\u00fbriy\u00ea derbar\u00ea destn\u00ee\u015fankirina r\u00eaveberek\u00ee ji Her\u00eama Efr\u00een\u00ea re"}]},{"@type":"WebSite","@id":"https:\/\/saknews.net\/ku\/#website","url":"https:\/\/saknews.net\/ku\/","name":"S\u0327epe\u0302la Azadi\u0302 ya Kurdistani\u0302","description":"\u062a\u064a\u0627\u0631 \u0627\u0644\u062d\u0631\u064a\u0629 \u0627\u0644\u0643\u0648\u0631\u062f\u0633\u062a\u0627\u0646\u064a \u015eep\u00eala Azad\u00ee ya Kurdistan\u00ee","publisher":{"@id":"https:\/\/saknews.net\/ku\/#organization"},"potentialAction":[{"@type":"SearchAction","target":{"@type":"EntryPoint","urlTemplate":"https:\/\/saknews.net\/ku\/?s={search_term_string}"},"query-input":{"@type":"PropertyValueSpecification","valueRequired":true,"valueName":"search_term_string"}}],"inLanguage":"en-US"},{"@type":"Organization","@id":"https:\/\/saknews.net\/ku\/#organization","name":"\u015eep\u00eala Azadiy\u00ea ya Kurdistan\u00ea - \u062a\u064a\u0627\u0631 \u0627\u0644\u062d\u0631\u064a\u0629 \u0627\u0644\u0643\u0648\u0631\u062f\u0633\u062a\u0627\u0646\u064a","url":"https:\/\/saknews.net\/ku\/","logo":{"@type":"ImageObject","inLanguage":"en-US","@id":"https:\/\/saknews.net\/ku\/#\/schema\/logo\/image\/","url":"https:\/\/i0.wp.com\/saknews.net\/ku\/wp-content\/uploads\/2024\/11\/cropped-logo-1.png?fit=512%2C512&ssl=1","contentUrl":"https:\/\/i0.wp.com\/saknews.net\/ku\/wp-content\/uploads\/2024\/11\/cropped-logo-1.png?fit=512%2C512&ssl=1","width":512,"height":512,"caption":"\u015eep\u00eala Azadiy\u00ea ya Kurdistan\u00ea - \u062a\u064a\u0627\u0631 \u0627\u0644\u062d\u0631\u064a\u0629 \u0627\u0644\u0643\u0648\u0631\u062f\u0633\u062a\u0627\u0646\u064a"},"image":{"@id":"https:\/\/saknews.net\/ku\/#\/schema\/logo\/image\/"},"sameAs":["https:\/\/www.facebook.com\/Shepel.ewropa"]},{"@type":"Person","@id":"https:\/\/saknews.net\/ku\/#\/schema\/person\/1c01cd16fca0bfa144578b4674c618a7","name":"Helebja Helebja","sameAs":["https:\/\/saknews.net\/ku"],"url":"https:\/\/saknews.net\/ku\/?author=5"}]}},"featured_image_urls":{"full":["https:\/\/i0.wp.com\/saknews.net\/ku\/wp-content\/uploads\/2025\/04\/f192ad4a-279e-4308-955e-daf5777acfc5.jpeg?fit=1080%2C1079&ssl=1",1080,1079,false],"thumbnail":["https:\/\/i0.wp.com\/saknews.net\/ku\/wp-content\/uploads\/2025\/04\/f192ad4a-279e-4308-955e-daf5777acfc5.jpeg?resize=150%2C150&ssl=1",150,150,true],"medium":["https:\/\/i0.wp.com\/saknews.net\/ku\/wp-content\/uploads\/2025\/04\/f192ad4a-279e-4308-955e-daf5777acfc5.jpeg?fit=300%2C300&ssl=1",300,300,true],"medium_large":["https:\/\/i0.wp.com\/saknews.net\/ku\/wp-content\/uploads\/2025\/04\/f192ad4a-279e-4308-955e-daf5777acfc5.jpeg?fit=640%2C639&ssl=1",640,639,true],"large":["https:\/\/i0.wp.com\/saknews.net\/ku\/wp-content\/uploads\/2025\/04\/f192ad4a-279e-4308-955e-daf5777acfc5.jpeg?fit=640%2C640&ssl=1",640,640,true],"1536x1536":["https:\/\/i0.wp.com\/saknews.net\/ku\/wp-content\/uploads\/2025\/04\/f192ad4a-279e-4308-955e-daf5777acfc5.jpeg?fit=1080%2C1079&ssl=1",1080,1079,true],"2048x2048":["https:\/\/i0.wp.com\/saknews.net\/ku\/wp-content\/uploads\/2025\/04\/f192ad4a-279e-4308-955e-daf5777acfc5.jpeg?fit=1080%2C1079&ssl=1",1080,1079,true],"covernews-featured":["https:\/\/i0.wp.com\/saknews.net\/ku\/wp-content\/uploads\/2025\/04\/f192ad4a-279e-4308-955e-daf5777acfc5.jpeg?fit=1024%2C1023&ssl=1",1024,1023,true],"covernews-medium":["https:\/\/i0.wp.com\/saknews.net\/ku\/wp-content\/uploads\/2025\/04\/f192ad4a-279e-4308-955e-daf5777acfc5.jpeg?resize=540%2C340&ssl=1",540,340,true]},"author_info":{"display_name":"Helebja Helebja","author_link":"https:\/\/saknews.net\/ku\/?author=5"},"category_info":"<a href=\"https:\/\/saknews.net\/ku\/?cat=34\" rel=\"category\">Daxuyan\u00ee<\/a>","tag_info":"Daxuyan\u00ee","comment_count":"0","_links":{"self":[{"href":"https:\/\/saknews.net\/ku\/index.php?rest_route=\/wp\/v2\/posts\/2223","targetHints":{"allow":["GET"]}}],"collection":[{"href":"https:\/\/saknews.net\/ku\/index.php?rest_route=\/wp\/v2\/posts"}],"about":[{"href":"https:\/\/saknews.net\/ku\/index.php?rest_route=\/wp\/v2\/types\/post"}],"author":[{"embeddable":true,"href":"https:\/\/saknews.net\/ku\/index.php?rest_route=\/wp\/v2\/users\/5"}],"replies":[{"embeddable":true,"href":"https:\/\/saknews.net\/ku\/index.php?rest_route=%2Fwp%2Fv2%2Fcomments&post=2223"}],"version-history":[{"count":4,"href":"https:\/\/saknews.net\/ku\/index.php?rest_route=\/wp\/v2\/posts\/2223\/revisions"}],"predecessor-version":[{"id":2228,"href":"https:\/\/saknews.net\/ku\/index.php?rest_route=\/wp\/v2\/posts\/2223\/revisions\/2228"}],"wp:featuredmedia":[{"embeddable":true,"href":"https:\/\/saknews.net\/ku\/index.php?rest_route=\/wp\/v2\/media\/2224"}],"wp:attachment":[{"href":"https:\/\/saknews.net\/ku\/index.php?rest_route=%2Fwp%2Fv2%2Fmedia&parent=2223"}],"wp:term":[{"taxonomy":"category","embeddable":true,"href":"https:\/\/saknews.net\/ku\/index.php?rest_route=%2Fwp%2Fv2%2Fcategories&post=2223"},{"taxonomy":"post_tag","embeddable":true,"href":"https:\/\/saknews.net\/ku\/index.php?rest_route=%2Fwp%2Fv2%2Ftags&post=2223"}],"curies":[{"name":"wp","href":"https:\/\/api.w.org\/{rel}","templated":true}]}}