{"id":2260,"date":"2025-04-22T06:43:35","date_gmt":"2025-04-22T06:43:35","guid":{"rendered":"https:\/\/saknews.net\/ku\/?p=2260"},"modified":"2025-04-22T06:43:35","modified_gmt":"2025-04-22T06:43:35","slug":"sak-kongreye-xwe-ye-diwe-bidawi-dike","status":"publish","type":"post","link":"https:\/\/saknews.net\/ku\/?p=2260","title":{"rendered":"\u015eAK kongrey\u00ea xwe y\u00ea diw\u00ea bidaw\u00ee dike"},"content":{"rendered":"<p>Pi\u015ft\u00ee du rojan \u015eep\u00eala Azad\u00ee ya Kurdistan\u00ee kongrey\u00ea xwe y\u00ea diw\u00ea bidaw\u00ee kir, ku  20-21.04.2025an dir\u00eaj kir \u00fb t\u00eade n\u00fbner\u00ean ji dever\u00ean cuda be\u015fdar bib\u00fbn.<br \/>\nDi destp\u00eaka kongrey\u00ea, navxwendina endam\u00ean kongrey\u00ea hate kirin \u00fb pi\u015ft re j\u00ee bir\u00eaz Siyamend Haco serok\u00ea \u015eAK\u00ea gotineke bix\u00earhatin\u00ea p\u00ea\u015fk\u00ea\u015f kir, t\u00eade behsa kar \u00fb xebata \u00e7ar sal\u00ean daw\u00ee y\u00ea \u015eAK kir, herwiha p\u00ea\u015fketin\u00ean r\u00eaxistin\u00ee, siyas\u00ee \u00fb p\u00eawendiy\u00ean d\u00eeplomas\u00ee \u00fb firehb\u00fbna r\u00eaxistina \u015eAK\u00ea, ku cih\u00ea w\u00ea li meydan\u00ea xurtir kiriye.<br \/>\nPi\u015ft re rapor\u00ean siyas\u00ee, daray\u00ee \u00fb r\u00eaxistin\u00ee hatin xwendin \u00fb bi fireh\u00ee hatin got\u00fbb\u00eajkirin. Li dawiy\u00ea endam\u00ean kongrey\u00ea Desteya Serkirdayetiy\u00ea ya kevin gerdenazad kir.<br \/>\nDi derbar\u00ea guhertin\u00ean di peyrew hundir\u00een \u00fb programa siyas\u00ee de j\u00ee, gift\u00fbgoy\u00ean dewlemend \u00fb berfireh hatin kirin, ku di encam\u00ea de guhertin\u00ean p\u00eaw\u00eest ji bo p\u00ea\u015fxistina kar\u00ea siyas\u00ee \u00fb berfirehkirina r\u00eaxistin\u00ea \u00fb be\u015fdarb\u00fbna ciwanan, hatin kirin.<br \/>\nHerwiha kongrey\u00ea alayeke n\u00fb hilbijart, ku nasnameya siyas\u00ee \u00fb r\u00eaxistin\u00ee ye \u015eAK\u00ea di v\u00ea qonaxa b\u00ea de n\u00ee\u015fan bide.<br \/>\nPi\u015ft\u00ee w\u00ea, hilbijartin\u00ean serok\u00ea \u015eAK\u00ea destp\u00ea kirin, ku r\u00eazdar Siyamend Haco ji bo \u00e7ar sal\u00ean b\u00ea weke serok hate hilbijartin, d\u00fbv re hilbijartin\u00ean Desteya Serkirdayetiy\u00ea hstin destp\u00eakirin \u00fb ev bi serkeftin:<br \/>\nDr. Tariq X\u00eark\u00ee, D\u00eedar M\u00eero, Gul\u00ee\u015fan Brah\u00eem, Comerd Hen\u00eef Hemdo\u015f, J\u00een N\u00fbr\u00ee Xoce, Kurdistan Hem, Siyamend M\u00eero, Horan Hem, Hemr\u00een Sad\u00fbn, \u015e\u00ear\u00een Y\u00fbsif, Per\u00ee\u015fan Ebdilbaq\u00ee Osman, Ebdulhem\u00eed \u00cedr\u00ees Y\u00fbnis, Salih Xel\u00eel, \u015e\u00ear\u00een Sel\u00eem Ehmed, Newroz Taced\u00een, Erdelan Osman, Barzan \u00cesa, Nesred\u00een Yehye Brah\u00eem \u00fb Raman Mihemed Em\u00een.<br \/>\nDi vsn hilbijartinan dd, be\u015fdarb\u00fbna ciwanan xuya b\u00fb \u00fb ew j\u00ee n\u00ee\u015fana w\u00ea yek\u00ea ye ku \u015eAK dixwaze xw\u00eeneke n\u00fb derbas\u00ee serkirdayetiy\u00ea bibe \u00fb cih\u00ea xwe di qonaxa b\u00ea de xurtir bike. <\/p>\n","protected":false},"excerpt":{"rendered":"<p>Pi\u015ft\u00ee du rojan \u015eep\u00eala Azad\u00ee ya Kurdistan\u00ee kongrey\u00ea xwe y\u00ea diw\u00ea bidaw\u00ee kir, ku 20-21.04.2025an&#8230;<\/p>\n","protected":false},"author":8,"featured_media":2261,"comment_status":"closed","ping_status":"closed","sticky":false,"template":"","format":"standard","meta":{"footnotes":""},"categories":[49],"tags":[],"class_list":["post-2260","post","type-post","status-publish","format-standard","has-post-thumbnail","hentry","category-nuce"],"yoast_head":"<!-- This site is optimized with the Yoast SEO plugin v27.5 - https:\/\/yoast.com\/product\/yoast-seo-wordpress\/ -->\n<title>\u015eAK kongrey\u00ea xwe y\u00ea diw\u00ea bidaw\u00ee dike &#8226; \u015eAK<\/title>\n<meta name=\"robots\" content=\"index, follow, max-snippet:-1, max-image-preview:large, max-video-preview:-1\" \/>\n<link rel=\"canonical\" href=\"https:\/\/saknews.net\/ku\/?p=2260\" \/>\n<meta property=\"og:locale\" content=\"en_US\" \/>\n<meta property=\"og:type\" content=\"article\" \/>\n<meta property=\"og:title\" content=\"\u015eAK kongrey\u00ea xwe y\u00ea diw\u00ea bidaw\u00ee dike &#8226; \u015eAK\" \/>\n<meta property=\"og:description\" content=\"Pi\u015ft\u00ee du rojan \u015eep\u00eala Azad\u00ee ya Kurdistan\u00ee kongrey\u00ea xwe y\u00ea diw\u00ea bidaw\u00ee kir, ku 20-21.04.2025an...\" \/>\n<meta property=\"og:url\" content=\"https:\/\/saknews.net\/ku\/?p=2260\" \/>\n<meta property=\"og:site_name\" content=\"\u015eAK\" \/>\n<meta property=\"article:publisher\" content=\"https:\/\/www.facebook.com\/Shepel.ewropa\" \/>\n<meta property=\"article:published_time\" content=\"2025-04-22T06:43:35+00:00\" \/>\n<meta property=\"og:image\" content=\"https:\/\/saknews.net\/ku\/wp-content\/uploads\/2025\/04\/9595Artboard-6-copy-4.png\" \/>\n\t<meta property=\"og:image:width\" content=\"5690\" \/>\n\t<meta property=\"og:image:height\" content=\"3201\" \/>\n\t<meta property=\"og:image:type\" content=\"image\/png\" \/>\n<meta name=\"author\" content=\"Horan Hem\" \/>\n<meta name=\"twitter:card\" content=\"summary_large_image\" \/>\n<meta name=\"twitter:label1\" content=\"Written by\" \/>\n\t<meta name=\"twitter:data1\" content=\"Horan Hem\" \/>\n\t<meta name=\"twitter:label2\" content=\"Est. reading time\" \/>\n\t<meta name=\"twitter:data2\" content=\"1 minute\" \/>\n<script type=\"application\/ld+json\" class=\"yoast-schema-graph\">{\"@context\":\"https:\\\/\\\/schema.org\",\"@graph\":[{\"@type\":\"Article\",\"@id\":\"https:\\\/\\\/saknews.net\\\/ku\\\/?p=2260#article\",\"isPartOf\":{\"@id\":\"https:\\\/\\\/saknews.net\\\/ku\\\/?p=2260\"},\"author\":{\"name\":\"Horan Hem\",\"@id\":\"https:\\\/\\\/saknews.net\\\/ku\\\/#\\\/schema\\\/person\\\/72ae32a4041a3817e015b63d8f409058\"},\"headline\":\"\u015eAK kongrey\u00ea xwe y\u00ea diw\u00ea bidaw\u00ee dike\",\"datePublished\":\"2025-04-22T06:43:35+00:00\",\"mainEntityOfPage\":{\"@id\":\"https:\\\/\\\/saknews.net\\\/ku\\\/?p=2260\"},\"wordCount\":335,\"publisher\":{\"@id\":\"https:\\\/\\\/saknews.net\\\/ku\\\/#organization\"},\"image\":{\"@id\":\"https:\\\/\\\/saknews.net\\\/ku\\\/?p=2260#primaryimage\"},\"thumbnailUrl\":\"https:\\\/\\\/i0.wp.com\\\/saknews.net\\\/ku\\\/wp-content\\\/uploads\\\/2025\\\/04\\\/9595Artboard-6-copy-4.png?fit=5690%2C3201&ssl=1\",\"articleSection\":[\"N\u00fb\u00e7e\"],\"inLanguage\":\"en-US\"},{\"@type\":\"WebPage\",\"@id\":\"https:\\\/\\\/saknews.net\\\/ku\\\/?p=2260\",\"url\":\"https:\\\/\\\/saknews.net\\\/ku\\\/?p=2260\",\"name\":\"\u015eAK kongrey\u00ea xwe y\u00ea diw\u00ea bidaw\u00ee dike &#8226; \u015eAK\",\"isPartOf\":{\"@id\":\"https:\\\/\\\/saknews.net\\\/ku\\\/#website\"},\"primaryImageOfPage\":{\"@id\":\"https:\\\/\\\/saknews.net\\\/ku\\\/?p=2260#primaryimage\"},\"image\":{\"@id\":\"https:\\\/\\\/saknews.net\\\/ku\\\/?p=2260#primaryimage\"},\"thumbnailUrl\":\"https:\\\/\\\/i0.wp.com\\\/saknews.net\\\/ku\\\/wp-content\\\/uploads\\\/2025\\\/04\\\/9595Artboard-6-copy-4.png?fit=5690%2C3201&ssl=1\",\"datePublished\":\"2025-04-22T06:43:35+00:00\",\"breadcrumb\":{\"@id\":\"https:\\\/\\\/saknews.net\\\/ku\\\/?p=2260#breadcrumb\"},\"inLanguage\":\"en-US\",\"potentialAction\":[{\"@type\":\"ReadAction\",\"target\":[\"https:\\\/\\\/saknews.net\\\/ku\\\/?p=2260\"]}]},{\"@type\":\"ImageObject\",\"inLanguage\":\"en-US\",\"@id\":\"https:\\\/\\\/saknews.net\\\/ku\\\/?p=2260#primaryimage\",\"url\":\"https:\\\/\\\/i0.wp.com\\\/saknews.net\\\/ku\\\/wp-content\\\/uploads\\\/2025\\\/04\\\/9595Artboard-6-copy-4.png?fit=5690%2C3201&ssl=1\",\"contentUrl\":\"https:\\\/\\\/i0.wp.com\\\/saknews.net\\\/ku\\\/wp-content\\\/uploads\\\/2025\\\/04\\\/9595Artboard-6-copy-4.png?fit=5690%2C3201&ssl=1\",\"width\":5690,\"height\":3201},{\"@type\":\"BreadcrumbList\",\"@id\":\"https:\\\/\\\/saknews.net\\\/ku\\\/?p=2260#breadcrumb\",\"itemListElement\":[{\"@type\":\"ListItem\",\"position\":1,\"name\":\"\u0627\u0644\u0631\u0626\u064a\u0633\u064a\u0629\",\"item\":\"https:\\\/\\\/saknews.net\\\/ku\\\/\"},{\"@type\":\"ListItem\",\"position\":2,\"name\":\"N\u00fb\u00e7e\",\"item\":\"https:\\\/\\\/saknews.net\\\/ku\\\/?cat=49\"},{\"@type\":\"ListItem\",\"position\":3,\"name\":\"\u015eAK kongrey\u00ea xwe y\u00ea diw\u00ea bidaw\u00ee dike\"}]},{\"@type\":\"WebSite\",\"@id\":\"https:\\\/\\\/saknews.net\\\/ku\\\/#website\",\"url\":\"https:\\\/\\\/saknews.net\\\/ku\\\/\",\"name\":\"S\u0327epe\u0302la Azadi\u0302 ya Kurdistani\u0302\",\"description\":\"\u062a\u064a\u0627\u0631 \u0627\u0644\u062d\u0631\u064a\u0629 \u0627\u0644\u0643\u0648\u0631\u062f\u0633\u062a\u0627\u0646\u064a \u015eep\u00eala Azad\u00ee ya Kurdistan\u00ee\",\"publisher\":{\"@id\":\"https:\\\/\\\/saknews.net\\\/ku\\\/#organization\"},\"potentialAction\":[{\"@type\":\"SearchAction\",\"target\":{\"@type\":\"EntryPoint\",\"urlTemplate\":\"https:\\\/\\\/saknews.net\\\/ku\\\/?s={search_term_string}\"},\"query-input\":{\"@type\":\"PropertyValueSpecification\",\"valueRequired\":true,\"valueName\":\"search_term_string\"}}],\"inLanguage\":\"en-US\"},{\"@type\":\"Organization\",\"@id\":\"https:\\\/\\\/saknews.net\\\/ku\\\/#organization\",\"name\":\"\u015eep\u00eala Azadiy\u00ea ya Kurdistan\u00ea - \u062a\u064a\u0627\u0631 \u0627\u0644\u062d\u0631\u064a\u0629 \u0627\u0644\u0643\u0648\u0631\u062f\u0633\u062a\u0627\u0646\u064a\",\"url\":\"https:\\\/\\\/saknews.net\\\/ku\\\/\",\"logo\":{\"@type\":\"ImageObject\",\"inLanguage\":\"en-US\",\"@id\":\"https:\\\/\\\/saknews.net\\\/ku\\\/#\\\/schema\\\/logo\\\/image\\\/\",\"url\":\"https:\\\/\\\/i0.wp.com\\\/saknews.net\\\/ku\\\/wp-content\\\/uploads\\\/2024\\\/11\\\/cropped-logo-1.png?fit=512%2C512&ssl=1\",\"contentUrl\":\"https:\\\/\\\/i0.wp.com\\\/saknews.net\\\/ku\\\/wp-content\\\/uploads\\\/2024\\\/11\\\/cropped-logo-1.png?fit=512%2C512&ssl=1\",\"width\":512,\"height\":512,\"caption\":\"\u015eep\u00eala Azadiy\u00ea ya Kurdistan\u00ea - \u062a\u064a\u0627\u0631 \u0627\u0644\u062d\u0631\u064a\u0629 \u0627\u0644\u0643\u0648\u0631\u062f\u0633\u062a\u0627\u0646\u064a\"},\"image\":{\"@id\":\"https:\\\/\\\/saknews.net\\\/ku\\\/#\\\/schema\\\/logo\\\/image\\\/\"},\"sameAs\":[\"https:\\\/\\\/www.facebook.com\\\/Shepel.ewropa\"]},{\"@type\":\"Person\",\"@id\":\"https:\\\/\\\/saknews.net\\\/ku\\\/#\\\/schema\\\/person\\\/72ae32a4041a3817e015b63d8f409058\",\"name\":\"Horan Hem\",\"url\":\"https:\\\/\\\/saknews.net\\\/ku\\\/?author=8\"}]}<\/script>\n<!-- \/ Yoast SEO plugin. -->","yoast_head_json":{"title":"\u015eAK kongrey\u00ea xwe y\u00ea diw\u00ea bidaw\u00ee dike &#8226; \u015eAK","robots":{"index":"index","follow":"follow","max-snippet":"max-snippet:-1","max-image-preview":"max-image-preview:large","max-video-preview":"max-video-preview:-1"},"canonical":"https:\/\/saknews.net\/ku\/?p=2260","og_locale":"en_US","og_type":"article","og_title":"\u015eAK kongrey\u00ea xwe y\u00ea diw\u00ea bidaw\u00ee dike &#8226; \u015eAK","og_description":"Pi\u015ft\u00ee du rojan \u015eep\u00eala Azad\u00ee ya Kurdistan\u00ee kongrey\u00ea xwe y\u00ea diw\u00ea bidaw\u00ee kir, ku 20-21.04.2025an...","og_url":"https:\/\/saknews.net\/ku\/?p=2260","og_site_name":"\u015eAK","article_publisher":"https:\/\/www.facebook.com\/Shepel.ewropa","article_published_time":"2025-04-22T06:43:35+00:00","og_image":[{"width":5690,"height":3201,"url":"https:\/\/saknews.net\/ku\/wp-content\/uploads\/2025\/04\/9595Artboard-6-copy-4.png","type":"image\/png"}],"author":"Horan Hem","twitter_card":"summary_large_image","twitter_misc":{"Written by":"Horan Hem","Est. reading time":"1 minute"},"schema":{"@context":"https:\/\/schema.org","@graph":[{"@type":"Article","@id":"https:\/\/saknews.net\/ku\/?p=2260#article","isPartOf":{"@id":"https:\/\/saknews.net\/ku\/?p=2260"},"author":{"name":"Horan Hem","@id":"https:\/\/saknews.net\/ku\/#\/schema\/person\/72ae32a4041a3817e015b63d8f409058"},"headline":"\u015eAK kongrey\u00ea xwe y\u00ea diw\u00ea bidaw\u00ee dike","datePublished":"2025-04-22T06:43:35+00:00","mainEntityOfPage":{"@id":"https:\/\/saknews.net\/ku\/?p=2260"},"wordCount":335,"publisher":{"@id":"https:\/\/saknews.net\/ku\/#organization"},"image":{"@id":"https:\/\/saknews.net\/ku\/?p=2260#primaryimage"},"thumbnailUrl":"https:\/\/i0.wp.com\/saknews.net\/ku\/wp-content\/uploads\/2025\/04\/9595Artboard-6-copy-4.png?fit=5690%2C3201&ssl=1","articleSection":["N\u00fb\u00e7e"],"inLanguage":"en-US"},{"@type":"WebPage","@id":"https:\/\/saknews.net\/ku\/?p=2260","url":"https:\/\/saknews.net\/ku\/?p=2260","name":"\u015eAK kongrey\u00ea xwe y\u00ea diw\u00ea bidaw\u00ee dike &#8226; \u015eAK","isPartOf":{"@id":"https:\/\/saknews.net\/ku\/#website"},"primaryImageOfPage":{"@id":"https:\/\/saknews.net\/ku\/?p=2260#primaryimage"},"image":{"@id":"https:\/\/saknews.net\/ku\/?p=2260#primaryimage"},"thumbnailUrl":"https:\/\/i0.wp.com\/saknews.net\/ku\/wp-content\/uploads\/2025\/04\/9595Artboard-6-copy-4.png?fit=5690%2C3201&ssl=1","datePublished":"2025-04-22T06:43:35+00:00","breadcrumb":{"@id":"https:\/\/saknews.net\/ku\/?p=2260#breadcrumb"},"inLanguage":"en-US","potentialAction":[{"@type":"ReadAction","target":["https:\/\/saknews.net\/ku\/?p=2260"]}]},{"@type":"ImageObject","inLanguage":"en-US","@id":"https:\/\/saknews.net\/ku\/?p=2260#primaryimage","url":"https:\/\/i0.wp.com\/saknews.net\/ku\/wp-content\/uploads\/2025\/04\/9595Artboard-6-copy-4.png?fit=5690%2C3201&ssl=1","contentUrl":"https:\/\/i0.wp.com\/saknews.net\/ku\/wp-content\/uploads\/2025\/04\/9595Artboard-6-copy-4.png?fit=5690%2C3201&ssl=1","width":5690,"height":3201},{"@type":"BreadcrumbList","@id":"https:\/\/saknews.net\/ku\/?p=2260#breadcrumb","itemListElement":[{"@type":"ListItem","position":1,"name":"\u0627\u0644\u0631\u0626\u064a\u0633\u064a\u0629","item":"https:\/\/saknews.net\/ku\/"},{"@type":"ListItem","position":2,"name":"N\u00fb\u00e7e","item":"https:\/\/saknews.net\/ku\/?cat=49"},{"@type":"ListItem","position":3,"name":"\u015eAK kongrey\u00ea xwe y\u00ea diw\u00ea bidaw\u00ee dike"}]},{"@type":"WebSite","@id":"https:\/\/saknews.net\/ku\/#website","url":"https:\/\/saknews.net\/ku\/","name":"S\u0327epe\u0302la Azadi\u0302 ya Kurdistani\u0302","description":"\u062a\u064a\u0627\u0631 \u0627\u0644\u062d\u0631\u064a\u0629 \u0627\u0644\u0643\u0648\u0631\u062f\u0633\u062a\u0627\u0646\u064a \u015eep\u00eala Azad\u00ee ya Kurdistan\u00ee","publisher":{"@id":"https:\/\/saknews.net\/ku\/#organization"},"potentialAction":[{"@type":"SearchAction","target":{"@type":"EntryPoint","urlTemplate":"https:\/\/saknews.net\/ku\/?s={search_term_string}"},"query-input":{"@type":"PropertyValueSpecification","valueRequired":true,"valueName":"search_term_string"}}],"inLanguage":"en-US"},{"@type":"Organization","@id":"https:\/\/saknews.net\/ku\/#organization","name":"\u015eep\u00eala Azadiy\u00ea ya Kurdistan\u00ea - \u062a\u064a\u0627\u0631 \u0627\u0644\u062d\u0631\u064a\u0629 \u0627\u0644\u0643\u0648\u0631\u062f\u0633\u062a\u0627\u0646\u064a","url":"https:\/\/saknews.net\/ku\/","logo":{"@type":"ImageObject","inLanguage":"en-US","@id":"https:\/\/saknews.net\/ku\/#\/schema\/logo\/image\/","url":"https:\/\/i0.wp.com\/saknews.net\/ku\/wp-content\/uploads\/2024\/11\/cropped-logo-1.png?fit=512%2C512&ssl=1","contentUrl":"https:\/\/i0.wp.com\/saknews.net\/ku\/wp-content\/uploads\/2024\/11\/cropped-logo-1.png?fit=512%2C512&ssl=1","width":512,"height":512,"caption":"\u015eep\u00eala Azadiy\u00ea ya Kurdistan\u00ea - \u062a\u064a\u0627\u0631 \u0627\u0644\u062d\u0631\u064a\u0629 \u0627\u0644\u0643\u0648\u0631\u062f\u0633\u062a\u0627\u0646\u064a"},"image":{"@id":"https:\/\/saknews.net\/ku\/#\/schema\/logo\/image\/"},"sameAs":["https:\/\/www.facebook.com\/Shepel.ewropa"]},{"@type":"Person","@id":"https:\/\/saknews.net\/ku\/#\/schema\/person\/72ae32a4041a3817e015b63d8f409058","name":"Horan Hem","url":"https:\/\/saknews.net\/ku\/?author=8"}]}},"featured_image_urls":{"full":["https:\/\/i0.wp.com\/saknews.net\/ku\/wp-content\/uploads\/2025\/04\/9595Artboard-6-copy-4.png?fit=5690%2C3201&ssl=1",5690,3201,false],"thumbnail":["https:\/\/i0.wp.com\/saknews.net\/ku\/wp-content\/uploads\/2025\/04\/9595Artboard-6-copy-4.png?resize=150%2C150&ssl=1",150,150,true],"medium":["https:\/\/i0.wp.com\/saknews.net\/ku\/wp-content\/uploads\/2025\/04\/9595Artboard-6-copy-4.png?fit=300%2C169&ssl=1",300,169,true],"medium_large":["https:\/\/i0.wp.com\/saknews.net\/ku\/wp-content\/uploads\/2025\/04\/9595Artboard-6-copy-4.png?fit=640%2C360&ssl=1",640,360,true],"large":["https:\/\/i0.wp.com\/saknews.net\/ku\/wp-content\/uploads\/2025\/04\/9595Artboard-6-copy-4.png?fit=640%2C360&ssl=1",640,360,true],"1536x1536":["https:\/\/i0.wp.com\/saknews.net\/ku\/wp-content\/uploads\/2025\/04\/9595Artboard-6-copy-4.png?fit=1536%2C864&ssl=1",1536,864,true],"2048x2048":["https:\/\/i0.wp.com\/saknews.net\/ku\/wp-content\/uploads\/2025\/04\/9595Artboard-6-copy-4.png?fit=2048%2C1152&ssl=1",2048,1152,true],"covernews-featured":["https:\/\/i0.wp.com\/saknews.net\/ku\/wp-content\/uploads\/2025\/04\/9595Artboard-6-copy-4.png?fit=1024%2C576&ssl=1",1024,576,true],"covernews-medium":["https:\/\/i0.wp.com\/saknews.net\/ku\/wp-content\/uploads\/2025\/04\/9595Artboard-6-copy-4.png?resize=540%2C340&ssl=1",540,340,true]},"author_info":{"display_name":"Horan Hem","author_link":"https:\/\/saknews.net\/ku\/?author=8"},"category_info":"<a href=\"https:\/\/saknews.net\/ku\/?cat=49\" rel=\"category\">N\u00fb\u00e7e<\/a>","tag_info":"N\u00fb\u00e7e","comment_count":"0","_links":{"self":[{"href":"https:\/\/saknews.net\/ku\/index.php?rest_route=\/wp\/v2\/posts\/2260","targetHints":{"allow":["GET"]}}],"collection":[{"href":"https:\/\/saknews.net\/ku\/index.php?rest_route=\/wp\/v2\/posts"}],"about":[{"href":"https:\/\/saknews.net\/ku\/index.php?rest_route=\/wp\/v2\/types\/post"}],"author":[{"embeddable":true,"href":"https:\/\/saknews.net\/ku\/index.php?rest_route=\/wp\/v2\/users\/8"}],"replies":[{"embeddable":true,"href":"https:\/\/saknews.net\/ku\/index.php?rest_route=%2Fwp%2Fv2%2Fcomments&post=2260"}],"version-history":[{"count":1,"href":"https:\/\/saknews.net\/ku\/index.php?rest_route=\/wp\/v2\/posts\/2260\/revisions"}],"predecessor-version":[{"id":2262,"href":"https:\/\/saknews.net\/ku\/index.php?rest_route=\/wp\/v2\/posts\/2260\/revisions\/2262"}],"wp:featuredmedia":[{"embeddable":true,"href":"https:\/\/saknews.net\/ku\/index.php?rest_route=\/wp\/v2\/media\/2261"}],"wp:attachment":[{"href":"https:\/\/saknews.net\/ku\/index.php?rest_route=%2Fwp%2Fv2%2Fmedia&parent=2260"}],"wp:term":[{"taxonomy":"category","embeddable":true,"href":"https:\/\/saknews.net\/ku\/index.php?rest_route=%2Fwp%2Fv2%2Fcategories&post=2260"},{"taxonomy":"post_tag","embeddable":true,"href":"https:\/\/saknews.net\/ku\/index.php?rest_route=%2Fwp%2Fv2%2Ftags&post=2260"}],"curies":[{"name":"wp","href":"https:\/\/api.w.org\/{rel}","templated":true}]}}