{"id":2263,"date":"2025-04-22T09:04:35","date_gmt":"2025-04-22T09:04:35","guid":{"rendered":"https:\/\/saknews.net\/ku\/?p=2263"},"modified":"2025-04-22T09:04:35","modified_gmt":"2025-04-22T09:04:35","slug":"daxuyaniya-bidawihatina-kongreye-diwe-ye-sak","status":"publish","type":"post","link":"https:\/\/saknews.net\/ku\/?p=2263","title":{"rendered":"Daxuyaniya bidaw\u00eehatina kongrey\u00ea diw\u00ea y\u00ea \u015eAK"},"content":{"rendered":"<p>Pi\u015ft\u00ee du rojan ji got\u00fbb\u00eajan, kongrey\u00ea diw\u00ea y\u00ea \u015eep\u00eala Azad\u00ee ya Kurdistan\u00ee bidaw\u00ee hat. T\u00eade guhertin li ser peyrewa hundir\u00een \u00fb programa siyas\u00ee hatin \u00e7\u00eakirin, herwiha serok \u00fb endam\u00ean Desteya Serkirdayetiy\u00ea hatin hilbijartin. Deqeya daxuyaniy\u00ea:<\/p>\n<p>Daxuyaniya bidaw\u00eehatina kongrey\u00ea diw\u00ea y\u00ea \u015eAK\u00ea<br \/>\nDi bin slogan\u00ean: \u201e Ber bi S\u00fbriyak demokrat \u00fb federal ve, Kurdistana S\u00fbriy\u00ea her\u00eameke yekgirt\u00ee, Dadperwer\u00ee \u2013 Azad\u00ee \u2013 Demokras\u00ee \u201e de kongrey\u00ea diw\u00ea y\u00ea \u015eep\u00eala Azad\u00ee ya Kurdistan\u00ee roj\u00ean 20-21.04.2025an bi be\u015fdarb\u00fbna n\u00fbner\u00ean ji Kurdistana S\u00fbriy\u00ea, Her\u00eama Kurdistan\u00ea, Libnan \u00fb Ewropa, hate lidarxistin. Kongre bi awayek\u00ee demokrat \u00fb berpirsyarane ji bo p\u00ea\u015fxistina kar\u00ea \u015eAK\u00ea di qonaxa b\u00ea de, bir\u00eave \u00e7\u00fb.<br \/>\nDi destp\u00eak\u00ea de, Siyamend Haco serok\u00ea \u015eAK\u00ea gotineke bix\u00earhatin\u00ea p\u00ea\u015fk\u00ea\u015f kir \u00fb t\u00eade behsa p\u00ea\u015fketin\u00ean \u00e7ar sal\u00ean derbasb\u00fby\u00ee kir, ji aliy\u00ea siyas\u00ee \u00fb r\u00eaxistin\u00ee ve \u00fb tekez kir, ku div\u00ea di qonaxa b\u00ea de kar \u00fb heb\u00fbna xwe j\u00ee xurtir bikin.<br \/>\nPi\u015ft re rapor\u00ean siyas\u00ee, daray\u00ee \u00fb r\u00eaxistin\u00ee hatin xwendin \u00fb bi fireh\u00ee got\u00fbb\u00eaj li ser guhertin\u00ean di peyrewa hundir\u00een \u00fb programa siyas\u00ee de hatin kirin. Pi\u015ft\u00ee got\u00fbb\u00eaj\u00ean cid\u00ee guhertin\u00ean n\u00fb di peyrewa hundir\u00een \u00fb programa siyas\u00ee de li gor\u00ee v\u00ea qonax\u00ea hatin kirin.<br \/>\nPi\u015ft re hilbijartin\u00ean serok\u00ea \u015eAK\u00ea hatin kirin, ku r\u00eazdar Siyamend Haco weke serok\u00ea \u015eAK\u00ea ji bo \u00e7ar sal\u00ean b\u00ea hat hilbijartin, pi\u015ft re j\u00ee hilbijartin\u00ean Desteya Serkirdayetiy\u00ea bi awayek\u00ee demokrat \u00fb ve\u015fart\u00ee hatin kirin, ku v\u00eena \u015eAK\u00ea ji bo n\u00fbkirin \u00fb firehkirina r\u00eaxistin\u00ea bide n\u00ee\u015fan, herwiha alayeke n\u00fb j\u00ee ji bo \u015eAK\u00ea hate hilbijartin.<br \/>\nDi roja diw\u00ea de, her yek ji Dr. Tariq X\u00eark\u00ee \u00fb Endezyar Gul\u00ee\u015fan Brah\u00eem weke c\u00eegir\u00ean serok\u00ee hatin hilbijartin \u00fb Desteya Serkirdayetiy\u00ea endam\u00ean of\u00eesan hilbijartin, ku kongrey\u00ea r\u00eajeya jinan di serkirdayetiy\u00ea de 40% pesend kir.<br \/>\nKongrey\u00ea rew\u015fa her\u00eam\u00ee \u00fb navdewlet\u00ee got\u00fbb\u00eaj kir, bi taybet\u00ee pi\u015ft\u00ee ketina rej\u00eema Esed \u00fb \u00e7\u00eakirina R\u00eaveberiya n\u00fb li \u015eam\u00ea. Her li gor\u00ee wan guhertinan, kongrey\u00ea guhertin xistin programa siyas\u00ee \u00fb peyrewa hundir\u00een \u00fb l\u00eavegereke gi\u015ft\u00ee ji xwe re \u00e7\u00eakir ku b\u00eatir \u00e7alaktir be \u00fb ner\u00eeneke zelal derbar\u00ea p\u00ea\u015feroja S\u00fbriy\u00ea \u00fb Kurdistana S\u00fbriy\u00ea hebe.<br \/>\nDi derbar\u00ea re\u015fa S\u00fbriy\u00ea bi gi\u015ft\u00ee, kongrey\u00ea tekez kir, ku federal\u00eezm \u00e7areya her\u00ee guncaw e ji S\u00fbriy\u00ea re ku zordariya ber\u00ea d\u00eesa venegere, herwiha tekez kir ku div\u00ea di S\u00fbriya n\u00fb de maf\u00ean tevahiya p\u00eakhateyan di dest\u00fbr de b\u00eane parastin \u00fb misogerkirin.<br \/>\nKongrey\u00ea metirsiya hewl\u00ean avakirina s\u00eestema zordar a yekreng da xuyakirin, \u00e7i bi kirasek\u00ee ol\u00ee be j\u00ee, \u00fb da zan\u00een ku vegerandina tecr\u00fbbeya El-Beis bi rengek\u00ee n\u00fb metirs\u00eedar e \u00fb ji bo avakirina S\u00fbriya p\u00ea\u015feroj\u00ea j\u00ee div\u00ea got\u00fbb\u00eajeke ni\u015ftiman\u00ee ya rast, dadmendiya veguh\u00eaz \u00fb lihevhatina ni\u015ftiman\u00ee dest p\u00ea bike, da ku dewleteke demokrat li ser bingeha hevkar\u00ee \u00fb wekheviy\u00ea were avakirin.<br \/>\nDi derbar\u00ea dagirkeriya tirk ji deverine Kurdistana S\u00fbriy\u00ea re, kongrey\u00ea tekez kir ku pi\u015ft\u00ee ketina rej\u00eema Esed ti bihane nema tirk bim\u00eenin \u00fb div\u00ea r\u00eaveberiya n\u00fb bi tirkan re li ser pilana veki\u015f\u00een\u00ea ji wan dever\u00ean ku ji 2018an de dagir kiriye, lihev bike.<br \/>\nKongrey\u00ea tekez kir, r\u00eakeftina siyas\u00ee ya gi\u015ftg\u00eer di navbera aliy\u00ean kurd de ti\u015ftek\u00ee sereke ye nabe ti al\u00ee j\u00ea b\u00eane d\u00fbrxistin, herwiha div\u00ea ew lihevkirina  siyas\u00ee bibe bingeha her got\u00fbb\u00eajek\u00ea bi \u015eam\u00ea re. Kongrey\u00ea bang kir, pirreng\u00ee \u00fb azadiya kar\u00ea siyas\u00ee \u00e7\u00eabibe \u00fb h\u00eaz\u00ean ser bi PYD\u00ea ve dest ji revandina ciwanan berdin \u00fb zordar\u00ee nem\u00eene \u00fb girtiy\u00ean siyas\u00ee serbest b\u00eane berdan.<br \/>\nKongrey\u00ea pi\u015ftgiriya xwe ji bo Ber\u00ea Kurdistana S\u00fbriy\u00ea tekez kir ku firehtir bibe \u00fb p\u00eawendiy\u00ean w\u00ea bi aliy\u00ean siyas\u00ee y\u00ean din re xurtir bibe, heta h\u00eazeke kurd\u00ee ya yekgirt\u00ee \u00e7\u00eabibe \u00fb karibin li gor\u00ee v\u00ea qonax\u00ea bixebitin.<br \/>\n\u015eep\u00eala Azad\u00ee ya Kurdistan\u00ee berdewamiya kar\u00ea a\u015ftiyane \u00fb demokrat ji bo Kurdistana S\u00fbriy\u00ea ya yekgirt\u00ee di \u00e7ar\u00e7oveya S\u00fbriyak federal de, tekez dike ku S\u00fbriya n\u00fb li ser bingeh\u00ean demokras\u00ee, Dadperwer\u00ee, hemwelat\u00eeb\u00fbn\u00ea were avakirin \u00fb maf\u00ean tevahiyan b\u00ea parastin.<\/p>\n<p>Kongrey\u00ea diw\u00ea y\u00ea<br \/>\n\u015eep\u00eala Azad\u00ee ya Kurdistan\u00ee<br \/>\n22.04.2025<\/p>\n","protected":false},"excerpt":{"rendered":"<p>Pi\u015ft\u00ee du rojan ji got\u00fbb\u00eajan, kongrey\u00ea diw\u00ea y\u00ea \u015eep\u00eala Azad\u00ee ya Kurdistan\u00ee bidaw\u00ee hat. T\u00eade&#8230;<\/p>\n","protected":false},"author":8,"featured_media":2261,"comment_status":"closed","ping_status":"closed","sticky":false,"template":"","format":"standard","meta":{"footnotes":""},"categories":[34],"tags":[],"class_list":["post-2263","post","type-post","status-publish","format-standard","has-post-thumbnail","hentry","category-daxuyani"],"yoast_head":"<!-- This site is optimized with the Yoast SEO plugin v27.5 - https:\/\/yoast.com\/product\/yoast-seo-wordpress\/ -->\n<title>Daxuyaniya bidaw\u00eehatina kongrey\u00ea diw\u00ea y\u00ea \u015eAK &#8226; \u015eAK<\/title>\n<meta name=\"robots\" content=\"index, follow, max-snippet:-1, max-image-preview:large, max-video-preview:-1\" \/>\n<link rel=\"canonical\" href=\"https:\/\/saknews.net\/ku\/?p=2263\" \/>\n<meta property=\"og:locale\" content=\"en_US\" \/>\n<meta property=\"og:type\" content=\"article\" \/>\n<meta property=\"og:title\" content=\"Daxuyaniya bidaw\u00eehatina kongrey\u00ea diw\u00ea y\u00ea \u015eAK &#8226; \u015eAK\" \/>\n<meta property=\"og:description\" content=\"Pi\u015ft\u00ee du rojan ji got\u00fbb\u00eajan, kongrey\u00ea diw\u00ea y\u00ea \u015eep\u00eala Azad\u00ee ya Kurdistan\u00ee bidaw\u00ee hat. T\u00eade...\" \/>\n<meta property=\"og:url\" content=\"https:\/\/saknews.net\/ku\/?p=2263\" \/>\n<meta property=\"og:site_name\" content=\"\u015eAK\" \/>\n<meta property=\"article:publisher\" content=\"https:\/\/www.facebook.com\/Shepel.ewropa\" \/>\n<meta property=\"article:published_time\" content=\"2025-04-22T09:04:35+00:00\" \/>\n<meta property=\"og:image\" content=\"https:\/\/saknews.net\/ku\/wp-content\/uploads\/2025\/04\/9595Artboard-6-copy-4.png\" \/>\n\t<meta property=\"og:image:width\" content=\"5690\" \/>\n\t<meta property=\"og:image:height\" content=\"3201\" \/>\n\t<meta property=\"og:image:type\" content=\"image\/png\" \/>\n<meta name=\"author\" content=\"Horan Hem\" \/>\n<meta name=\"twitter:card\" content=\"summary_large_image\" \/>\n<meta name=\"twitter:label1\" content=\"Written by\" \/>\n\t<meta name=\"twitter:data1\" content=\"Horan Hem\" \/>\n\t<meta name=\"twitter:label2\" content=\"Est. reading time\" \/>\n\t<meta name=\"twitter:data2\" content=\"1 minute\" \/>\n<script type=\"application\/ld+json\" class=\"yoast-schema-graph\">{\"@context\":\"https:\\\/\\\/schema.org\",\"@graph\":[{\"@type\":\"Article\",\"@id\":\"https:\\\/\\\/saknews.net\\\/ku\\\/?p=2263#article\",\"isPartOf\":{\"@id\":\"https:\\\/\\\/saknews.net\\\/ku\\\/?p=2263\"},\"author\":{\"name\":\"Horan Hem\",\"@id\":\"https:\\\/\\\/saknews.net\\\/ku\\\/#\\\/schema\\\/person\\\/72ae32a4041a3817e015b63d8f409058\"},\"headline\":\"Daxuyaniya bidaw\u00eehatina kongrey\u00ea diw\u00ea y\u00ea \u015eAK\",\"datePublished\":\"2025-04-22T09:04:35+00:00\",\"mainEntityOfPage\":{\"@id\":\"https:\\\/\\\/saknews.net\\\/ku\\\/?p=2263\"},\"wordCount\":724,\"publisher\":{\"@id\":\"https:\\\/\\\/saknews.net\\\/ku\\\/#organization\"},\"image\":{\"@id\":\"https:\\\/\\\/saknews.net\\\/ku\\\/?p=2263#primaryimage\"},\"thumbnailUrl\":\"https:\\\/\\\/i0.wp.com\\\/saknews.net\\\/ku\\\/wp-content\\\/uploads\\\/2025\\\/04\\\/9595Artboard-6-copy-4.png?fit=5690%2C3201&ssl=1\",\"articleSection\":[\"Daxuyan\u00ee\"],\"inLanguage\":\"en-US\"},{\"@type\":\"WebPage\",\"@id\":\"https:\\\/\\\/saknews.net\\\/ku\\\/?p=2263\",\"url\":\"https:\\\/\\\/saknews.net\\\/ku\\\/?p=2263\",\"name\":\"Daxuyaniya bidaw\u00eehatina kongrey\u00ea diw\u00ea y\u00ea \u015eAK &#8226; \u015eAK\",\"isPartOf\":{\"@id\":\"https:\\\/\\\/saknews.net\\\/ku\\\/#website\"},\"primaryImageOfPage\":{\"@id\":\"https:\\\/\\\/saknews.net\\\/ku\\\/?p=2263#primaryimage\"},\"image\":{\"@id\":\"https:\\\/\\\/saknews.net\\\/ku\\\/?p=2263#primaryimage\"},\"thumbnailUrl\":\"https:\\\/\\\/i0.wp.com\\\/saknews.net\\\/ku\\\/wp-content\\\/uploads\\\/2025\\\/04\\\/9595Artboard-6-copy-4.png?fit=5690%2C3201&ssl=1\",\"datePublished\":\"2025-04-22T09:04:35+00:00\",\"breadcrumb\":{\"@id\":\"https:\\\/\\\/saknews.net\\\/ku\\\/?p=2263#breadcrumb\"},\"inLanguage\":\"en-US\",\"potentialAction\":[{\"@type\":\"ReadAction\",\"target\":[\"https:\\\/\\\/saknews.net\\\/ku\\\/?p=2263\"]}]},{\"@type\":\"ImageObject\",\"inLanguage\":\"en-US\",\"@id\":\"https:\\\/\\\/saknews.net\\\/ku\\\/?p=2263#primaryimage\",\"url\":\"https:\\\/\\\/i0.wp.com\\\/saknews.net\\\/ku\\\/wp-content\\\/uploads\\\/2025\\\/04\\\/9595Artboard-6-copy-4.png?fit=5690%2C3201&ssl=1\",\"contentUrl\":\"https:\\\/\\\/i0.wp.com\\\/saknews.net\\\/ku\\\/wp-content\\\/uploads\\\/2025\\\/04\\\/9595Artboard-6-copy-4.png?fit=5690%2C3201&ssl=1\",\"width\":5690,\"height\":3201},{\"@type\":\"BreadcrumbList\",\"@id\":\"https:\\\/\\\/saknews.net\\\/ku\\\/?p=2263#breadcrumb\",\"itemListElement\":[{\"@type\":\"ListItem\",\"position\":1,\"name\":\"\u0627\u0644\u0631\u0626\u064a\u0633\u064a\u0629\",\"item\":\"https:\\\/\\\/saknews.net\\\/ku\\\/\"},{\"@type\":\"ListItem\",\"position\":2,\"name\":\"N\u00fb\u00e7e\",\"item\":\"https:\\\/\\\/saknews.net\\\/ku\\\/?cat=49\"},{\"@type\":\"ListItem\",\"position\":3,\"name\":\"Daxuyan\u00ee\",\"item\":\"https:\\\/\\\/saknews.net\\\/ku\\\/?cat=34\"},{\"@type\":\"ListItem\",\"position\":4,\"name\":\"Daxuyaniya bidaw\u00eehatina kongrey\u00ea diw\u00ea y\u00ea \u015eAK\"}]},{\"@type\":\"WebSite\",\"@id\":\"https:\\\/\\\/saknews.net\\\/ku\\\/#website\",\"url\":\"https:\\\/\\\/saknews.net\\\/ku\\\/\",\"name\":\"S\u0327epe\u0302la Azadi\u0302 ya Kurdistani\u0302\",\"description\":\"\u062a\u064a\u0627\u0631 \u0627\u0644\u062d\u0631\u064a\u0629 \u0627\u0644\u0643\u0648\u0631\u062f\u0633\u062a\u0627\u0646\u064a \u015eep\u00eala Azad\u00ee ya Kurdistan\u00ee\",\"publisher\":{\"@id\":\"https:\\\/\\\/saknews.net\\\/ku\\\/#organization\"},\"potentialAction\":[{\"@type\":\"SearchAction\",\"target\":{\"@type\":\"EntryPoint\",\"urlTemplate\":\"https:\\\/\\\/saknews.net\\\/ku\\\/?s={search_term_string}\"},\"query-input\":{\"@type\":\"PropertyValueSpecification\",\"valueRequired\":true,\"valueName\":\"search_term_string\"}}],\"inLanguage\":\"en-US\"},{\"@type\":\"Organization\",\"@id\":\"https:\\\/\\\/saknews.net\\\/ku\\\/#organization\",\"name\":\"\u015eep\u00eala Azadiy\u00ea ya Kurdistan\u00ea - \u062a\u064a\u0627\u0631 \u0627\u0644\u062d\u0631\u064a\u0629 \u0627\u0644\u0643\u0648\u0631\u062f\u0633\u062a\u0627\u0646\u064a\",\"url\":\"https:\\\/\\\/saknews.net\\\/ku\\\/\",\"logo\":{\"@type\":\"ImageObject\",\"inLanguage\":\"en-US\",\"@id\":\"https:\\\/\\\/saknews.net\\\/ku\\\/#\\\/schema\\\/logo\\\/image\\\/\",\"url\":\"https:\\\/\\\/i0.wp.com\\\/saknews.net\\\/ku\\\/wp-content\\\/uploads\\\/2024\\\/11\\\/cropped-logo-1.png?fit=512%2C512&ssl=1\",\"contentUrl\":\"https:\\\/\\\/i0.wp.com\\\/saknews.net\\\/ku\\\/wp-content\\\/uploads\\\/2024\\\/11\\\/cropped-logo-1.png?fit=512%2C512&ssl=1\",\"width\":512,\"height\":512,\"caption\":\"\u015eep\u00eala Azadiy\u00ea ya Kurdistan\u00ea - \u062a\u064a\u0627\u0631 \u0627\u0644\u062d\u0631\u064a\u0629 \u0627\u0644\u0643\u0648\u0631\u062f\u0633\u062a\u0627\u0646\u064a\"},\"image\":{\"@id\":\"https:\\\/\\\/saknews.net\\\/ku\\\/#\\\/schema\\\/logo\\\/image\\\/\"},\"sameAs\":[\"https:\\\/\\\/www.facebook.com\\\/Shepel.ewropa\"]},{\"@type\":\"Person\",\"@id\":\"https:\\\/\\\/saknews.net\\\/ku\\\/#\\\/schema\\\/person\\\/72ae32a4041a3817e015b63d8f409058\",\"name\":\"Horan Hem\",\"url\":\"https:\\\/\\\/saknews.net\\\/ku\\\/?author=8\"}]}<\/script>\n<!-- \/ Yoast SEO plugin. -->","yoast_head_json":{"title":"Daxuyaniya bidaw\u00eehatina kongrey\u00ea diw\u00ea y\u00ea \u015eAK &#8226; \u015eAK","robots":{"index":"index","follow":"follow","max-snippet":"max-snippet:-1","max-image-preview":"max-image-preview:large","max-video-preview":"max-video-preview:-1"},"canonical":"https:\/\/saknews.net\/ku\/?p=2263","og_locale":"en_US","og_type":"article","og_title":"Daxuyaniya bidaw\u00eehatina kongrey\u00ea diw\u00ea y\u00ea \u015eAK &#8226; \u015eAK","og_description":"Pi\u015ft\u00ee du rojan ji got\u00fbb\u00eajan, kongrey\u00ea diw\u00ea y\u00ea \u015eep\u00eala Azad\u00ee ya Kurdistan\u00ee bidaw\u00ee hat. T\u00eade...","og_url":"https:\/\/saknews.net\/ku\/?p=2263","og_site_name":"\u015eAK","article_publisher":"https:\/\/www.facebook.com\/Shepel.ewropa","article_published_time":"2025-04-22T09:04:35+00:00","og_image":[{"width":5690,"height":3201,"url":"https:\/\/saknews.net\/ku\/wp-content\/uploads\/2025\/04\/9595Artboard-6-copy-4.png","type":"image\/png"}],"author":"Horan Hem","twitter_card":"summary_large_image","twitter_misc":{"Written by":"Horan Hem","Est. reading time":"1 minute"},"schema":{"@context":"https:\/\/schema.org","@graph":[{"@type":"Article","@id":"https:\/\/saknews.net\/ku\/?p=2263#article","isPartOf":{"@id":"https:\/\/saknews.net\/ku\/?p=2263"},"author":{"name":"Horan Hem","@id":"https:\/\/saknews.net\/ku\/#\/schema\/person\/72ae32a4041a3817e015b63d8f409058"},"headline":"Daxuyaniya bidaw\u00eehatina kongrey\u00ea diw\u00ea y\u00ea \u015eAK","datePublished":"2025-04-22T09:04:35+00:00","mainEntityOfPage":{"@id":"https:\/\/saknews.net\/ku\/?p=2263"},"wordCount":724,"publisher":{"@id":"https:\/\/saknews.net\/ku\/#organization"},"image":{"@id":"https:\/\/saknews.net\/ku\/?p=2263#primaryimage"},"thumbnailUrl":"https:\/\/i0.wp.com\/saknews.net\/ku\/wp-content\/uploads\/2025\/04\/9595Artboard-6-copy-4.png?fit=5690%2C3201&ssl=1","articleSection":["Daxuyan\u00ee"],"inLanguage":"en-US"},{"@type":"WebPage","@id":"https:\/\/saknews.net\/ku\/?p=2263","url":"https:\/\/saknews.net\/ku\/?p=2263","name":"Daxuyaniya bidaw\u00eehatina kongrey\u00ea diw\u00ea y\u00ea \u015eAK &#8226; \u015eAK","isPartOf":{"@id":"https:\/\/saknews.net\/ku\/#website"},"primaryImageOfPage":{"@id":"https:\/\/saknews.net\/ku\/?p=2263#primaryimage"},"image":{"@id":"https:\/\/saknews.net\/ku\/?p=2263#primaryimage"},"thumbnailUrl":"https:\/\/i0.wp.com\/saknews.net\/ku\/wp-content\/uploads\/2025\/04\/9595Artboard-6-copy-4.png?fit=5690%2C3201&ssl=1","datePublished":"2025-04-22T09:04:35+00:00","breadcrumb":{"@id":"https:\/\/saknews.net\/ku\/?p=2263#breadcrumb"},"inLanguage":"en-US","potentialAction":[{"@type":"ReadAction","target":["https:\/\/saknews.net\/ku\/?p=2263"]}]},{"@type":"ImageObject","inLanguage":"en-US","@id":"https:\/\/saknews.net\/ku\/?p=2263#primaryimage","url":"https:\/\/i0.wp.com\/saknews.net\/ku\/wp-content\/uploads\/2025\/04\/9595Artboard-6-copy-4.png?fit=5690%2C3201&ssl=1","contentUrl":"https:\/\/i0.wp.com\/saknews.net\/ku\/wp-content\/uploads\/2025\/04\/9595Artboard-6-copy-4.png?fit=5690%2C3201&ssl=1","width":5690,"height":3201},{"@type":"BreadcrumbList","@id":"https:\/\/saknews.net\/ku\/?p=2263#breadcrumb","itemListElement":[{"@type":"ListItem","position":1,"name":"\u0627\u0644\u0631\u0626\u064a\u0633\u064a\u0629","item":"https:\/\/saknews.net\/ku\/"},{"@type":"ListItem","position":2,"name":"N\u00fb\u00e7e","item":"https:\/\/saknews.net\/ku\/?cat=49"},{"@type":"ListItem","position":3,"name":"Daxuyan\u00ee","item":"https:\/\/saknews.net\/ku\/?cat=34"},{"@type":"ListItem","position":4,"name":"Daxuyaniya bidaw\u00eehatina kongrey\u00ea diw\u00ea y\u00ea \u015eAK"}]},{"@type":"WebSite","@id":"https:\/\/saknews.net\/ku\/#website","url":"https:\/\/saknews.net\/ku\/","name":"S\u0327epe\u0302la Azadi\u0302 ya Kurdistani\u0302","description":"\u062a\u064a\u0627\u0631 \u0627\u0644\u062d\u0631\u064a\u0629 \u0627\u0644\u0643\u0648\u0631\u062f\u0633\u062a\u0627\u0646\u064a \u015eep\u00eala Azad\u00ee ya Kurdistan\u00ee","publisher":{"@id":"https:\/\/saknews.net\/ku\/#organization"},"potentialAction":[{"@type":"SearchAction","target":{"@type":"EntryPoint","urlTemplate":"https:\/\/saknews.net\/ku\/?s={search_term_string}"},"query-input":{"@type":"PropertyValueSpecification","valueRequired":true,"valueName":"search_term_string"}}],"inLanguage":"en-US"},{"@type":"Organization","@id":"https:\/\/saknews.net\/ku\/#organization","name":"\u015eep\u00eala Azadiy\u00ea ya Kurdistan\u00ea - \u062a\u064a\u0627\u0631 \u0627\u0644\u062d\u0631\u064a\u0629 \u0627\u0644\u0643\u0648\u0631\u062f\u0633\u062a\u0627\u0646\u064a","url":"https:\/\/saknews.net\/ku\/","logo":{"@type":"ImageObject","inLanguage":"en-US","@id":"https:\/\/saknews.net\/ku\/#\/schema\/logo\/image\/","url":"https:\/\/i0.wp.com\/saknews.net\/ku\/wp-content\/uploads\/2024\/11\/cropped-logo-1.png?fit=512%2C512&ssl=1","contentUrl":"https:\/\/i0.wp.com\/saknews.net\/ku\/wp-content\/uploads\/2024\/11\/cropped-logo-1.png?fit=512%2C512&ssl=1","width":512,"height":512,"caption":"\u015eep\u00eala Azadiy\u00ea ya Kurdistan\u00ea - \u062a\u064a\u0627\u0631 \u0627\u0644\u062d\u0631\u064a\u0629 \u0627\u0644\u0643\u0648\u0631\u062f\u0633\u062a\u0627\u0646\u064a"},"image":{"@id":"https:\/\/saknews.net\/ku\/#\/schema\/logo\/image\/"},"sameAs":["https:\/\/www.facebook.com\/Shepel.ewropa"]},{"@type":"Person","@id":"https:\/\/saknews.net\/ku\/#\/schema\/person\/72ae32a4041a3817e015b63d8f409058","name":"Horan Hem","url":"https:\/\/saknews.net\/ku\/?author=8"}]}},"featured_image_urls":{"full":["https:\/\/i0.wp.com\/saknews.net\/ku\/wp-content\/uploads\/2025\/04\/9595Artboard-6-copy-4.png?fit=5690%2C3201&ssl=1",5690,3201,false],"thumbnail":["https:\/\/i0.wp.com\/saknews.net\/ku\/wp-content\/uploads\/2025\/04\/9595Artboard-6-copy-4.png?resize=150%2C150&ssl=1",150,150,true],"medium":["https:\/\/i0.wp.com\/saknews.net\/ku\/wp-content\/uploads\/2025\/04\/9595Artboard-6-copy-4.png?fit=300%2C169&ssl=1",300,169,true],"medium_large":["https:\/\/i0.wp.com\/saknews.net\/ku\/wp-content\/uploads\/2025\/04\/9595Artboard-6-copy-4.png?fit=640%2C360&ssl=1",640,360,true],"large":["https:\/\/i0.wp.com\/saknews.net\/ku\/wp-content\/uploads\/2025\/04\/9595Artboard-6-copy-4.png?fit=640%2C360&ssl=1",640,360,true],"1536x1536":["https:\/\/i0.wp.com\/saknews.net\/ku\/wp-content\/uploads\/2025\/04\/9595Artboard-6-copy-4.png?fit=1536%2C864&ssl=1",1536,864,true],"2048x2048":["https:\/\/i0.wp.com\/saknews.net\/ku\/wp-content\/uploads\/2025\/04\/9595Artboard-6-copy-4.png?fit=2048%2C1152&ssl=1",2048,1152,true],"covernews-featured":["https:\/\/i0.wp.com\/saknews.net\/ku\/wp-content\/uploads\/2025\/04\/9595Artboard-6-copy-4.png?fit=1024%2C576&ssl=1",1024,576,true],"covernews-medium":["https:\/\/i0.wp.com\/saknews.net\/ku\/wp-content\/uploads\/2025\/04\/9595Artboard-6-copy-4.png?resize=540%2C340&ssl=1",540,340,true]},"author_info":{"display_name":"Horan Hem","author_link":"https:\/\/saknews.net\/ku\/?author=8"},"category_info":"<a href=\"https:\/\/saknews.net\/ku\/?cat=34\" rel=\"category\">Daxuyan\u00ee<\/a>","tag_info":"Daxuyan\u00ee","comment_count":"0","_links":{"self":[{"href":"https:\/\/saknews.net\/ku\/index.php?rest_route=\/wp\/v2\/posts\/2263","targetHints":{"allow":["GET"]}}],"collection":[{"href":"https:\/\/saknews.net\/ku\/index.php?rest_route=\/wp\/v2\/posts"}],"about":[{"href":"https:\/\/saknews.net\/ku\/index.php?rest_route=\/wp\/v2\/types\/post"}],"author":[{"embeddable":true,"href":"https:\/\/saknews.net\/ku\/index.php?rest_route=\/wp\/v2\/users\/8"}],"replies":[{"embeddable":true,"href":"https:\/\/saknews.net\/ku\/index.php?rest_route=%2Fwp%2Fv2%2Fcomments&post=2263"}],"version-history":[{"count":1,"href":"https:\/\/saknews.net\/ku\/index.php?rest_route=\/wp\/v2\/posts\/2263\/revisions"}],"predecessor-version":[{"id":2264,"href":"https:\/\/saknews.net\/ku\/index.php?rest_route=\/wp\/v2\/posts\/2263\/revisions\/2264"}],"wp:featuredmedia":[{"embeddable":true,"href":"https:\/\/saknews.net\/ku\/index.php?rest_route=\/wp\/v2\/media\/2261"}],"wp:attachment":[{"href":"https:\/\/saknews.net\/ku\/index.php?rest_route=%2Fwp%2Fv2%2Fmedia&parent=2263"}],"wp:term":[{"taxonomy":"category","embeddable":true,"href":"https:\/\/saknews.net\/ku\/index.php?rest_route=%2Fwp%2Fv2%2Fcategories&post=2263"},{"taxonomy":"post_tag","embeddable":true,"href":"https:\/\/saknews.net\/ku\/index.php?rest_route=%2Fwp%2Fv2%2Ftags&post=2263"}],"curies":[{"name":"wp","href":"https:\/\/api.w.org\/{rel}","templated":true}]}}