{"id":2268,"date":"2025-04-22T16:23:49","date_gmt":"2025-04-22T16:23:49","guid":{"rendered":"https:\/\/saknews.net\/ku\/?p=2268"},"modified":"2025-04-22T16:23:49","modified_gmt":"2025-04-22T16:23:49","slug":"siyamend-haco-resnivisa-lihevkirina-enks-u-pyd-hin-eskere-nebuye","status":"publish","type":"post","link":"https:\/\/saknews.net\/ku\/?p=2268","title":{"rendered":"Siyamend Haco: Re\u015fniv\u00eesa lihevkirina ENKS \u00fb PYD h\u00een e\u015fkere neb\u00fbye"},"content":{"rendered":"<p>Li Kurdistana S\u00fbriy\u00ea partiy\u00ean Kurdan plana lidarxistina Konferansa Netewey\u00ee ya \u201cYekr\u00eaziya Helwesta Kurdan\u201d dikin, Serok\u00ea \u015eep\u00eala azad\u00ee ya Kurdistan\u00ee j\u00ee hejmareke xal\u00ean r\u00eakeftina ku w\u00ea were ragihandin e\u015fkere dike.<\/p>\n<p>Encumena Ni\u015ft\u00eeman\u00ee ya Kurd li S\u00fbriy\u00ea (ENKS)\u00ea, \u00eero di daxuyaniyeke niv\u00eesk\u00ee de ragihand ku Konferansa Netewey\u00ee w\u00ea 26\u00ea N\u00eesan\u00ea b\u00ea lidarxistin.<\/p>\n<p>Derbar\u00ea w\u00ea r\u00eakeftin\u00ea de, Siyamend Haco, Serok\u00ea \u015eep\u00eala Azad\u00ee ya Kurdistan\u00ee ji R\u00fbdaw\u00ea re got, ku destn\u00ee\u015fankirina jivan\u00ea Konfirasa Netew\u00ee gaveke gelek\u00ee ba\u015fe \u00fb xelk h\u00eaviy\u00ean mezin li ser v\u00ee konfiras\u00ee ava kirine, l\u00ea min tu h\u00eaviy\u00ean mezin bi v\u00ee konfiras\u00ee tune ne.<\/p>\n<p>Gelek\u00ee gir\u00eeng e ku ner\u00eeneke siyas\u00ee ya hevbe\u015f di navbera herdu aliy\u00ean gir\u00eeng li Kurdistan S\u00fbriyay\u00ea were kirin, ew j\u00ee Partiya Yek\u00eetiya Demokrat PYD\u00ea \u00fb Encumena Ni\u015ft\u00eeman\u00ee ya Kurd li S\u00fbriy\u00ea (ENKS)\u00ea ne, l\u00ea di heman dem\u00ea de p\u00eaw\u00eest b\u00fb aliy\u00ean siyas\u00ee y\u00ean dervey\u00ee herdu aliyan j\u00ee be\u015fdar\u00ee w\u00ea lihevhatin\u00ea biban, ji bo ku bibe lihevhatineke gi\u015ft\u00ee.<\/p>\n<p>Derbar\u00ea w\u00ea lihevhatina siyas\u00ee Haco ji Rudaw\u00ea re got, em ta niha hem\u00fb xal\u00ean w\u00ea r\u00eakeftin\u00ea nizanin.<br \/>\nMin peywend\u00ee li gel hejmareke partiy\u00ean PYNK\u00ea \u00fb ENKS\u00ea kiriye \u00fb ew dib\u00eajin ku ta niha re\u015fniv\u00eesa w\u00ea lihevhatin\u00ea neketiye dest\u00ea wan bi xwe de.<\/p>\n<p>Serok\u00ea \u015eep\u00eala Azad\u00ee ya Kurdistan\u00ee dib\u00eaje raste ta niha xal\u00ean w\u00ea r\u00eakeftin\u00ea negehi\u015ftiye dest\u00ea gelek part\u00ee \u00fb aliyan, l\u00ea li gor agahiy\u00ean me ev r\u00eakeftin hejmareke xal\u00ean gir\u00eeng li xwe digre weku :<br \/>\n-Her\u00eameke Kurd\u00ee, hevgirt\u00ee ku ew bi xwe r\u00eaveberiya xwe bike.<br \/>\n-Div\u00ea maf\u00ea Kurdan di dest\u00fbr\u00ea de were parastin.<br \/>\n-Div\u00ea ziman\u00ea Kurd\u00ee zimanek\u00ea ferm\u00ee be di S\u00fbriyaya n\u00fb de.<\/p>\n<p>Siyamend Haco herweha ji R\u00fbdaw\u00ea re got,ev konfiras w\u00ea ten\u00ea rojek be \u00fb ti\u015ftek t\u00eade nay\u00ea gotob\u00eajkirin, lewma eger hin xal nekevin di berjewendiya Kurdistana S\u00fbriyay\u00ea de, helbet w\u00ea helwesta me hebe \u00fb em b\u00ea deng nam\u00eenin.<\/p>\n","protected":false},"excerpt":{"rendered":"<p>Li Kurdistana S\u00fbriy\u00ea partiy\u00ean Kurdan plana lidarxistina Konferansa Netewey\u00ee ya \u201cYekr\u00eaziya Helwesta Kurdan\u201d dikin, Serok\u00ea&#8230;<\/p>\n","protected":false},"author":5,"featured_media":2269,"comment_status":"closed","ping_status":"closed","sticky":false,"template":"","format":"standard","meta":{"footnotes":""},"categories":[49],"tags":[],"class_list":["post-2268","post","type-post","status-publish","format-standard","has-post-thumbnail","hentry","category-nuce"],"yoast_head":"<!-- This site is optimized with the Yoast SEO plugin v27.5 - https:\/\/yoast.com\/product\/yoast-seo-wordpress\/ -->\n<title>Siyamend Haco: Re\u015fniv\u00eesa lihevkirina ENKS \u00fb PYD h\u00een e\u015fkere neb\u00fbye &#8226; \u015eAK<\/title>\n<meta name=\"robots\" content=\"index, follow, max-snippet:-1, max-image-preview:large, max-video-preview:-1\" \/>\n<link rel=\"canonical\" href=\"https:\/\/saknews.net\/ku\/?p=2268\" \/>\n<meta property=\"og:locale\" content=\"en_US\" \/>\n<meta property=\"og:type\" content=\"article\" \/>\n<meta property=\"og:title\" content=\"Siyamend Haco: Re\u015fniv\u00eesa lihevkirina ENKS \u00fb PYD h\u00een e\u015fkere neb\u00fbye &#8226; \u015eAK\" \/>\n<meta property=\"og:description\" content=\"Li Kurdistana S\u00fbriy\u00ea partiy\u00ean Kurdan plana lidarxistina Konferansa Netewey\u00ee ya \u201cYekr\u00eaziya Helwesta Kurdan\u201d dikin, Serok\u00ea...\" \/>\n<meta property=\"og:url\" content=\"https:\/\/saknews.net\/ku\/?p=2268\" \/>\n<meta property=\"og:site_name\" content=\"\u015eAK\" \/>\n<meta property=\"article:publisher\" content=\"https:\/\/www.facebook.com\/Shepel.ewropa\" \/>\n<meta property=\"article:published_time\" content=\"2025-04-22T16:23:49+00:00\" \/>\n<meta property=\"og:image\" content=\"https:\/\/saknews.net\/ku\/wp-content\/uploads\/2025\/04\/IMG_2113.jpeg\" \/>\n\t<meta property=\"og:image:width\" content=\"2270\" \/>\n\t<meta property=\"og:image:height\" content=\"1273\" \/>\n\t<meta property=\"og:image:type\" content=\"image\/jpeg\" \/>\n<meta name=\"author\" content=\"Helebja Helebja\" \/>\n<meta name=\"twitter:card\" content=\"summary_large_image\" \/>\n<meta name=\"twitter:label1\" content=\"Written by\" \/>\n\t<meta name=\"twitter:data1\" content=\"Helebja Helebja\" \/>\n\t<meta name=\"twitter:label2\" content=\"Est. reading time\" \/>\n\t<meta name=\"twitter:data2\" content=\"2 minutes\" \/>\n<script type=\"application\/ld+json\" class=\"yoast-schema-graph\">{\"@context\":\"https:\\\/\\\/schema.org\",\"@graph\":[{\"@type\":\"Article\",\"@id\":\"https:\\\/\\\/saknews.net\\\/ku\\\/?p=2268#article\",\"isPartOf\":{\"@id\":\"https:\\\/\\\/saknews.net\\\/ku\\\/?p=2268\"},\"author\":{\"name\":\"Helebja Helebja\",\"@id\":\"https:\\\/\\\/saknews.net\\\/ku\\\/#\\\/schema\\\/person\\\/1c01cd16fca0bfa144578b4674c618a7\"},\"headline\":\"Siyamend Haco: Re\u015fniv\u00eesa lihevkirina ENKS \u00fb PYD h\u00een e\u015fkere neb\u00fbye\",\"datePublished\":\"2025-04-22T16:23:49+00:00\",\"mainEntityOfPage\":{\"@id\":\"https:\\\/\\\/saknews.net\\\/ku\\\/?p=2268\"},\"wordCount\":357,\"publisher\":{\"@id\":\"https:\\\/\\\/saknews.net\\\/ku\\\/#organization\"},\"image\":{\"@id\":\"https:\\\/\\\/saknews.net\\\/ku\\\/?p=2268#primaryimage\"},\"thumbnailUrl\":\"https:\\\/\\\/i0.wp.com\\\/saknews.net\\\/ku\\\/wp-content\\\/uploads\\\/2025\\\/04\\\/IMG_2113.jpeg?fit=2270%2C1273&ssl=1\",\"articleSection\":[\"N\u00fb\u00e7e\"],\"inLanguage\":\"en-US\"},{\"@type\":\"WebPage\",\"@id\":\"https:\\\/\\\/saknews.net\\\/ku\\\/?p=2268\",\"url\":\"https:\\\/\\\/saknews.net\\\/ku\\\/?p=2268\",\"name\":\"Siyamend Haco: Re\u015fniv\u00eesa lihevkirina ENKS \u00fb PYD h\u00een e\u015fkere neb\u00fbye &#8226; \u015eAK\",\"isPartOf\":{\"@id\":\"https:\\\/\\\/saknews.net\\\/ku\\\/#website\"},\"primaryImageOfPage\":{\"@id\":\"https:\\\/\\\/saknews.net\\\/ku\\\/?p=2268#primaryimage\"},\"image\":{\"@id\":\"https:\\\/\\\/saknews.net\\\/ku\\\/?p=2268#primaryimage\"},\"thumbnailUrl\":\"https:\\\/\\\/i0.wp.com\\\/saknews.net\\\/ku\\\/wp-content\\\/uploads\\\/2025\\\/04\\\/IMG_2113.jpeg?fit=2270%2C1273&ssl=1\",\"datePublished\":\"2025-04-22T16:23:49+00:00\",\"breadcrumb\":{\"@id\":\"https:\\\/\\\/saknews.net\\\/ku\\\/?p=2268#breadcrumb\"},\"inLanguage\":\"en-US\",\"potentialAction\":[{\"@type\":\"ReadAction\",\"target\":[\"https:\\\/\\\/saknews.net\\\/ku\\\/?p=2268\"]}]},{\"@type\":\"ImageObject\",\"inLanguage\":\"en-US\",\"@id\":\"https:\\\/\\\/saknews.net\\\/ku\\\/?p=2268#primaryimage\",\"url\":\"https:\\\/\\\/i0.wp.com\\\/saknews.net\\\/ku\\\/wp-content\\\/uploads\\\/2025\\\/04\\\/IMG_2113.jpeg?fit=2270%2C1273&ssl=1\",\"contentUrl\":\"https:\\\/\\\/i0.wp.com\\\/saknews.net\\\/ku\\\/wp-content\\\/uploads\\\/2025\\\/04\\\/IMG_2113.jpeg?fit=2270%2C1273&ssl=1\",\"width\":2270,\"height\":1273,\"caption\":\"Screenshot\"},{\"@type\":\"BreadcrumbList\",\"@id\":\"https:\\\/\\\/saknews.net\\\/ku\\\/?p=2268#breadcrumb\",\"itemListElement\":[{\"@type\":\"ListItem\",\"position\":1,\"name\":\"\u0627\u0644\u0631\u0626\u064a\u0633\u064a\u0629\",\"item\":\"https:\\\/\\\/saknews.net\\\/ku\\\/\"},{\"@type\":\"ListItem\",\"position\":2,\"name\":\"N\u00fb\u00e7e\",\"item\":\"https:\\\/\\\/saknews.net\\\/ku\\\/?cat=49\"},{\"@type\":\"ListItem\",\"position\":3,\"name\":\"Siyamend Haco: Re\u015fniv\u00eesa lihevkirina ENKS \u00fb PYD h\u00een e\u015fkere neb\u00fbye\"}]},{\"@type\":\"WebSite\",\"@id\":\"https:\\\/\\\/saknews.net\\\/ku\\\/#website\",\"url\":\"https:\\\/\\\/saknews.net\\\/ku\\\/\",\"name\":\"S\u0327epe\u0302la Azadi\u0302 ya Kurdistani\u0302\",\"description\":\"\u062a\u064a\u0627\u0631 \u0627\u0644\u062d\u0631\u064a\u0629 \u0627\u0644\u0643\u0648\u0631\u062f\u0633\u062a\u0627\u0646\u064a \u015eep\u00eala Azad\u00ee ya Kurdistan\u00ee\",\"publisher\":{\"@id\":\"https:\\\/\\\/saknews.net\\\/ku\\\/#organization\"},\"potentialAction\":[{\"@type\":\"SearchAction\",\"target\":{\"@type\":\"EntryPoint\",\"urlTemplate\":\"https:\\\/\\\/saknews.net\\\/ku\\\/?s={search_term_string}\"},\"query-input\":{\"@type\":\"PropertyValueSpecification\",\"valueRequired\":true,\"valueName\":\"search_term_string\"}}],\"inLanguage\":\"en-US\"},{\"@type\":\"Organization\",\"@id\":\"https:\\\/\\\/saknews.net\\\/ku\\\/#organization\",\"name\":\"\u015eep\u00eala Azadiy\u00ea ya Kurdistan\u00ea - \u062a\u064a\u0627\u0631 \u0627\u0644\u062d\u0631\u064a\u0629 \u0627\u0644\u0643\u0648\u0631\u062f\u0633\u062a\u0627\u0646\u064a\",\"url\":\"https:\\\/\\\/saknews.net\\\/ku\\\/\",\"logo\":{\"@type\":\"ImageObject\",\"inLanguage\":\"en-US\",\"@id\":\"https:\\\/\\\/saknews.net\\\/ku\\\/#\\\/schema\\\/logo\\\/image\\\/\",\"url\":\"https:\\\/\\\/i0.wp.com\\\/saknews.net\\\/ku\\\/wp-content\\\/uploads\\\/2024\\\/11\\\/cropped-logo-1.png?fit=512%2C512&ssl=1\",\"contentUrl\":\"https:\\\/\\\/i0.wp.com\\\/saknews.net\\\/ku\\\/wp-content\\\/uploads\\\/2024\\\/11\\\/cropped-logo-1.png?fit=512%2C512&ssl=1\",\"width\":512,\"height\":512,\"caption\":\"\u015eep\u00eala Azadiy\u00ea ya Kurdistan\u00ea - \u062a\u064a\u0627\u0631 \u0627\u0644\u062d\u0631\u064a\u0629 \u0627\u0644\u0643\u0648\u0631\u062f\u0633\u062a\u0627\u0646\u064a\"},\"image\":{\"@id\":\"https:\\\/\\\/saknews.net\\\/ku\\\/#\\\/schema\\\/logo\\\/image\\\/\"},\"sameAs\":[\"https:\\\/\\\/www.facebook.com\\\/Shepel.ewropa\"]},{\"@type\":\"Person\",\"@id\":\"https:\\\/\\\/saknews.net\\\/ku\\\/#\\\/schema\\\/person\\\/1c01cd16fca0bfa144578b4674c618a7\",\"name\":\"Helebja Helebja\",\"sameAs\":[\"https:\\\/\\\/saknews.net\\\/ku\"],\"url\":\"https:\\\/\\\/saknews.net\\\/ku\\\/?author=5\"}]}<\/script>\n<!-- \/ Yoast SEO plugin. -->","yoast_head_json":{"title":"Siyamend Haco: Re\u015fniv\u00eesa lihevkirina ENKS \u00fb PYD h\u00een e\u015fkere neb\u00fbye &#8226; \u015eAK","robots":{"index":"index","follow":"follow","max-snippet":"max-snippet:-1","max-image-preview":"max-image-preview:large","max-video-preview":"max-video-preview:-1"},"canonical":"https:\/\/saknews.net\/ku\/?p=2268","og_locale":"en_US","og_type":"article","og_title":"Siyamend Haco: Re\u015fniv\u00eesa lihevkirina ENKS \u00fb PYD h\u00een e\u015fkere neb\u00fbye &#8226; \u015eAK","og_description":"Li Kurdistana S\u00fbriy\u00ea partiy\u00ean Kurdan plana lidarxistina Konferansa Netewey\u00ee ya \u201cYekr\u00eaziya Helwesta Kurdan\u201d dikin, Serok\u00ea...","og_url":"https:\/\/saknews.net\/ku\/?p=2268","og_site_name":"\u015eAK","article_publisher":"https:\/\/www.facebook.com\/Shepel.ewropa","article_published_time":"2025-04-22T16:23:49+00:00","og_image":[{"width":2270,"height":1273,"url":"https:\/\/saknews.net\/ku\/wp-content\/uploads\/2025\/04\/IMG_2113.jpeg","type":"image\/jpeg"}],"author":"Helebja Helebja","twitter_card":"summary_large_image","twitter_misc":{"Written by":"Helebja Helebja","Est. reading time":"2 minutes"},"schema":{"@context":"https:\/\/schema.org","@graph":[{"@type":"Article","@id":"https:\/\/saknews.net\/ku\/?p=2268#article","isPartOf":{"@id":"https:\/\/saknews.net\/ku\/?p=2268"},"author":{"name":"Helebja Helebja","@id":"https:\/\/saknews.net\/ku\/#\/schema\/person\/1c01cd16fca0bfa144578b4674c618a7"},"headline":"Siyamend Haco: Re\u015fniv\u00eesa lihevkirina ENKS \u00fb PYD h\u00een e\u015fkere neb\u00fbye","datePublished":"2025-04-22T16:23:49+00:00","mainEntityOfPage":{"@id":"https:\/\/saknews.net\/ku\/?p=2268"},"wordCount":357,"publisher":{"@id":"https:\/\/saknews.net\/ku\/#organization"},"image":{"@id":"https:\/\/saknews.net\/ku\/?p=2268#primaryimage"},"thumbnailUrl":"https:\/\/i0.wp.com\/saknews.net\/ku\/wp-content\/uploads\/2025\/04\/IMG_2113.jpeg?fit=2270%2C1273&ssl=1","articleSection":["N\u00fb\u00e7e"],"inLanguage":"en-US"},{"@type":"WebPage","@id":"https:\/\/saknews.net\/ku\/?p=2268","url":"https:\/\/saknews.net\/ku\/?p=2268","name":"Siyamend Haco: Re\u015fniv\u00eesa lihevkirina ENKS \u00fb PYD h\u00een e\u015fkere neb\u00fbye &#8226; \u015eAK","isPartOf":{"@id":"https:\/\/saknews.net\/ku\/#website"},"primaryImageOfPage":{"@id":"https:\/\/saknews.net\/ku\/?p=2268#primaryimage"},"image":{"@id":"https:\/\/saknews.net\/ku\/?p=2268#primaryimage"},"thumbnailUrl":"https:\/\/i0.wp.com\/saknews.net\/ku\/wp-content\/uploads\/2025\/04\/IMG_2113.jpeg?fit=2270%2C1273&ssl=1","datePublished":"2025-04-22T16:23:49+00:00","breadcrumb":{"@id":"https:\/\/saknews.net\/ku\/?p=2268#breadcrumb"},"inLanguage":"en-US","potentialAction":[{"@type":"ReadAction","target":["https:\/\/saknews.net\/ku\/?p=2268"]}]},{"@type":"ImageObject","inLanguage":"en-US","@id":"https:\/\/saknews.net\/ku\/?p=2268#primaryimage","url":"https:\/\/i0.wp.com\/saknews.net\/ku\/wp-content\/uploads\/2025\/04\/IMG_2113.jpeg?fit=2270%2C1273&ssl=1","contentUrl":"https:\/\/i0.wp.com\/saknews.net\/ku\/wp-content\/uploads\/2025\/04\/IMG_2113.jpeg?fit=2270%2C1273&ssl=1","width":2270,"height":1273,"caption":"Screenshot"},{"@type":"BreadcrumbList","@id":"https:\/\/saknews.net\/ku\/?p=2268#breadcrumb","itemListElement":[{"@type":"ListItem","position":1,"name":"\u0627\u0644\u0631\u0626\u064a\u0633\u064a\u0629","item":"https:\/\/saknews.net\/ku\/"},{"@type":"ListItem","position":2,"name":"N\u00fb\u00e7e","item":"https:\/\/saknews.net\/ku\/?cat=49"},{"@type":"ListItem","position":3,"name":"Siyamend Haco: Re\u015fniv\u00eesa lihevkirina ENKS \u00fb PYD h\u00een e\u015fkere neb\u00fbye"}]},{"@type":"WebSite","@id":"https:\/\/saknews.net\/ku\/#website","url":"https:\/\/saknews.net\/ku\/","name":"S\u0327epe\u0302la Azadi\u0302 ya Kurdistani\u0302","description":"\u062a\u064a\u0627\u0631 \u0627\u0644\u062d\u0631\u064a\u0629 \u0627\u0644\u0643\u0648\u0631\u062f\u0633\u062a\u0627\u0646\u064a \u015eep\u00eala Azad\u00ee ya Kurdistan\u00ee","publisher":{"@id":"https:\/\/saknews.net\/ku\/#organization"},"potentialAction":[{"@type":"SearchAction","target":{"@type":"EntryPoint","urlTemplate":"https:\/\/saknews.net\/ku\/?s={search_term_string}"},"query-input":{"@type":"PropertyValueSpecification","valueRequired":true,"valueName":"search_term_string"}}],"inLanguage":"en-US"},{"@type":"Organization","@id":"https:\/\/saknews.net\/ku\/#organization","name":"\u015eep\u00eala Azadiy\u00ea ya Kurdistan\u00ea - \u062a\u064a\u0627\u0631 \u0627\u0644\u062d\u0631\u064a\u0629 \u0627\u0644\u0643\u0648\u0631\u062f\u0633\u062a\u0627\u0646\u064a","url":"https:\/\/saknews.net\/ku\/","logo":{"@type":"ImageObject","inLanguage":"en-US","@id":"https:\/\/saknews.net\/ku\/#\/schema\/logo\/image\/","url":"https:\/\/i0.wp.com\/saknews.net\/ku\/wp-content\/uploads\/2024\/11\/cropped-logo-1.png?fit=512%2C512&ssl=1","contentUrl":"https:\/\/i0.wp.com\/saknews.net\/ku\/wp-content\/uploads\/2024\/11\/cropped-logo-1.png?fit=512%2C512&ssl=1","width":512,"height":512,"caption":"\u015eep\u00eala Azadiy\u00ea ya Kurdistan\u00ea - \u062a\u064a\u0627\u0631 \u0627\u0644\u062d\u0631\u064a\u0629 \u0627\u0644\u0643\u0648\u0631\u062f\u0633\u062a\u0627\u0646\u064a"},"image":{"@id":"https:\/\/saknews.net\/ku\/#\/schema\/logo\/image\/"},"sameAs":["https:\/\/www.facebook.com\/Shepel.ewropa"]},{"@type":"Person","@id":"https:\/\/saknews.net\/ku\/#\/schema\/person\/1c01cd16fca0bfa144578b4674c618a7","name":"Helebja Helebja","sameAs":["https:\/\/saknews.net\/ku"],"url":"https:\/\/saknews.net\/ku\/?author=5"}]}},"featured_image_urls":{"full":["https:\/\/i0.wp.com\/saknews.net\/ku\/wp-content\/uploads\/2025\/04\/IMG_2113.jpeg?fit=2270%2C1273&ssl=1",2270,1273,false],"thumbnail":["https:\/\/i0.wp.com\/saknews.net\/ku\/wp-content\/uploads\/2025\/04\/IMG_2113.jpeg?resize=150%2C150&ssl=1",150,150,true],"medium":["https:\/\/i0.wp.com\/saknews.net\/ku\/wp-content\/uploads\/2025\/04\/IMG_2113.jpeg?fit=300%2C168&ssl=1",300,168,true],"medium_large":["https:\/\/i0.wp.com\/saknews.net\/ku\/wp-content\/uploads\/2025\/04\/IMG_2113.jpeg?fit=640%2C359&ssl=1",640,359,true],"large":["https:\/\/i0.wp.com\/saknews.net\/ku\/wp-content\/uploads\/2025\/04\/IMG_2113.jpeg?fit=640%2C359&ssl=1",640,359,true],"1536x1536":["https:\/\/i0.wp.com\/saknews.net\/ku\/wp-content\/uploads\/2025\/04\/IMG_2113.jpeg?fit=1536%2C861&ssl=1",1536,861,true],"2048x2048":["https:\/\/i0.wp.com\/saknews.net\/ku\/wp-content\/uploads\/2025\/04\/IMG_2113.jpeg?fit=2048%2C1149&ssl=1",2048,1149,true],"covernews-featured":["https:\/\/i0.wp.com\/saknews.net\/ku\/wp-content\/uploads\/2025\/04\/IMG_2113.jpeg?fit=1024%2C574&ssl=1",1024,574,true],"covernews-medium":["https:\/\/i0.wp.com\/saknews.net\/ku\/wp-content\/uploads\/2025\/04\/IMG_2113.jpeg?resize=540%2C340&ssl=1",540,340,true]},"author_info":{"display_name":"Helebja Helebja","author_link":"https:\/\/saknews.net\/ku\/?author=5"},"category_info":"<a href=\"https:\/\/saknews.net\/ku\/?cat=49\" rel=\"category\">N\u00fb\u00e7e<\/a>","tag_info":"N\u00fb\u00e7e","comment_count":"0","_links":{"self":[{"href":"https:\/\/saknews.net\/ku\/index.php?rest_route=\/wp\/v2\/posts\/2268","targetHints":{"allow":["GET"]}}],"collection":[{"href":"https:\/\/saknews.net\/ku\/index.php?rest_route=\/wp\/v2\/posts"}],"about":[{"href":"https:\/\/saknews.net\/ku\/index.php?rest_route=\/wp\/v2\/types\/post"}],"author":[{"embeddable":true,"href":"https:\/\/saknews.net\/ku\/index.php?rest_route=\/wp\/v2\/users\/5"}],"replies":[{"embeddable":true,"href":"https:\/\/saknews.net\/ku\/index.php?rest_route=%2Fwp%2Fv2%2Fcomments&post=2268"}],"version-history":[{"count":1,"href":"https:\/\/saknews.net\/ku\/index.php?rest_route=\/wp\/v2\/posts\/2268\/revisions"}],"predecessor-version":[{"id":2270,"href":"https:\/\/saknews.net\/ku\/index.php?rest_route=\/wp\/v2\/posts\/2268\/revisions\/2270"}],"wp:featuredmedia":[{"embeddable":true,"href":"https:\/\/saknews.net\/ku\/index.php?rest_route=\/wp\/v2\/media\/2269"}],"wp:attachment":[{"href":"https:\/\/saknews.net\/ku\/index.php?rest_route=%2Fwp%2Fv2%2Fmedia&parent=2268"}],"wp:term":[{"taxonomy":"category","embeddable":true,"href":"https:\/\/saknews.net\/ku\/index.php?rest_route=%2Fwp%2Fv2%2Fcategories&post=2268"},{"taxonomy":"post_tag","embeddable":true,"href":"https:\/\/saknews.net\/ku\/index.php?rest_route=%2Fwp%2Fv2%2Ftags&post=2268"}],"curies":[{"name":"wp","href":"https:\/\/api.w.org\/{rel}","templated":true}]}}