{"id":2289,"date":"2025-04-25T07:49:24","date_gmt":"2025-04-25T07:49:24","guid":{"rendered":"https:\/\/saknews.net\/ku\/?p=2289"},"modified":"2025-04-25T08:10:22","modified_gmt":"2025-04-25T08:10:22","slug":"daxuyani-derbare-ragihandina-hevbes-a-di-navbera-enkse-u-pyde-de","status":"publish","type":"post","link":"https:\/\/saknews.net\/ku\/?p=2289","title":{"rendered":"Daxuyan\u00ee derbar\u00ea ragihandina hevbe\u015f a di navbera ENKS\u00ea \u00fb PYD\u00ea de"},"content":{"rendered":"<p>Ber\u00ee \u00e7end rojan Enc\u00fbmena Ni\u015ft\u00eeman\u00ee ya Kurd li S\u00fbriy\u00ea ENKS\u00ea di daxuyaniyek\u00ee de jivana lidarxistina \u201cKonfirasa Netew\u00ee\u201d ragihandib\u00fb ku w\u00ea 26\u00ea N\u00eesan\u00ea di navbera ENKS\u00ea \u00fb Partiya Yek\u00eetiya Demokrat PYD\u00ea de were ragihandin.<\/p>\n<p>Her di v\u00ea derbar\u00ea de, Ber\u00ea Kurdistana S\u00fbriy\u00ea di daxuyaniyek\u00ee de dib\u00eaje ku ev ragihandina hevbe\u015f lihevhatineke siyas\u00ee ye \u00fb ten\u00ea di navbera du aliy\u00ean siyas\u00ee de hatiye r\u00eaxistin, b\u00ea ku be\u015fdariyeke rasteq\u00eene ji aliy\u00ean din y\u00ean Kurd\u00ee ve hebe.<\/p>\n<p>Eve deq\u00ea w\u00ea daxuyaniy\u00ea:<\/p>\n<p>Ber\u00ea Kurdistana S\u00fbriy\u00ea dib\u00eene ku lihevhatina hevbe\u015f a di navbera Enc\u00fbmena Ni\u015ftiman\u00ee ya Kurd li S\u00fbriy\u00ea (ENKS) \u00fb Partiya Yek\u00eetiya Demoktat (PYD) de ten\u00ea lihevhatineke siyas\u00ee ye di navbera du aliy\u00ean siyas\u00ee de \u00fb ti\u015ft\u00ea heta niha hatiye kirin ten\u00ea lihevhatinek di navera serkirdey\u00ean herdu aliyan de b\u00fb, b\u00eay\u00ee ku tu be\u015fdariyeke rasteq\u00eene ji aliy\u00ean din y\u00ean kurd\u00ee di w\u00ea lihevhatin\u00ea de hebe.<\/p>\n<p>Ev belgeya r\u00eakeftin li ser hatiye kirin hata niha ve\u015fart\u00ee mab\u00fb \u00fb heta ji partiy\u00ean kurd\u00ee y\u00ean din re nehatib\u00fb p\u00ea\u015fk\u00ea\u015fkirin, ne ji bo got\u00fbb\u00eaj li ser b\u00ea kirin, an j\u00ee n\u00ear\u00een\u00ean xwe li ser bidin, an j\u00ee di niv\u00eesandina w\u00ea de be\u015fdar bibin.<\/p>\n<p>Ji bo lidarxistina konfiraseke kurd\u00ee ya s\u00fbr\u00ee, div\u00ea kom\u00eeteyeke amadekar ya berfireh ji hem\u00fb aliyan siyas\u00ee y\u00ean kurd\u00ee p\u00eak were, \u00fb div\u00ea b\u00ea erkdarkirin hem\u00fb pirs\u00ean siyas\u00ee got\u00fbb\u00eaj bike, wek mekan\u00eezm\u00ean c\u00eebic\u00eekirina belgeya hevbe\u015f \u00fb p\u00eakan\u00eena \u015fandeke hevbe\u015f ku got\u00fbb\u00eajan li gel \u015eam\u00ea bike, herwiha zelalkirina \u015f\u00eaweya bir\u00eavebirin\u00ea li Kurdistana S\u00fbriy\u00ea \u00fb amadekariy\u00ean lidarxistina hilbijartin\u00ean demokrat, ku veguhestina desthelat\u00ea bi a\u015ftiyane were kirin, ew j\u00ee bi r\u00eaya wan kom\u00eetey\u00ean ku ji w\u00ea konfrans\u00ea b\u00eane avakirin.<\/p>\n<p>Derengxistina \u015fandina vexwendinan ji aliy\u00ean kurd\u00ee y\u00ean dervey\u00ee \u00e7ar\u00e7oveya ENKS \u00fb PYD re heta roja \u00eero, ten\u00ea ji bo wan aliyan t\u00eaxin bin guva\u015fan \u00fb weke defakto wan ne\u00e7ar bikin ku be\u015fdar bibin. Tev\u00ee ku ti aliyek\u00ee din ji dervey\u00ee ENKS \u00fb PYD di niv\u00eesandina belgeya lihevkirin\u00ea de be\u015fdar neb\u00fbye.<\/p>\n<p>Mixabin herdu al\u00ee ber\u00ee niha lihev hatine ku di dema ragihandina lihevkirin\u00ea de ti got\u00fbb\u00eaj li ser ti bendeke lihevhatin\u00ea ney\u00ea kirin an j\u00ee ti guhertinek\u00ea t\u00eade nekin. Herwiha herdu aliyan j\u00ee li ser p\u00eakan\u00eena \u015fanda got\u00fbb\u00eaj\u00ean bi \u015eam\u00ea re ber\u00ea lihev kirine, b\u00eay\u00ee li aliy\u00ean din \u00ean kurd\u00ee vegerin. Wate her aliyek di v\u00ea ragihandin\u00ea de be\u015fdar bibe, kar\u00ea w\u00ee ten\u00ea weke d\u00eekor e.<\/p>\n<p>Ber\u00ea Kurdistana S\u00fbriy\u00ea, her weke hejmarek ji aliy\u00ean din \u00ean kurd, ji bo be\u015fdarb\u00fbna di got\u00fbb\u00eaj an standina biryar\u00ea de, nehatib\u00fb vexwendin, ji ber v\u00ea j\u00ee ne d\u00fbr \u00fb ne j\u00ee n\u00eaz\u00eek \u00ee\u015f\u00ea me bi v\u00ea ragihandin\u00ea n\u00eene \u00fb ne j\u00ee p\u00ea pabend dibin. Em dib\u00eenin ti\u015ft\u00ea b\u00fbye hema weke lidarxistina Konfransa Got\u00fbb\u00eaja Ni\u015ftiman\u00ee ya S\u00fbr\u00ee b\u00fb, ku di Adar\u00ea de li \u015eam\u00ea hatib\u00fb lidarxistin \u00fb hem\u00fb al\u00ee t\u00eade be\u015fdar nebib\u00fbn.<\/p>\n<p>Em wek Ber\u00ea Kurdistana S\u00fbriy\u00ea, her r\u00eakeftinek karibe nakokiy\u00ean h\u00eaz\u00ean siyas\u00ee y\u00ean kurd bidaw\u00ee bike, p\u00eeroz dikin, l\u00ea bel\u00ea pi\u015ftgiriy\u00ea didin ten\u00ea ew \u00eens\u00eeyat\u00eef\u00ean cid\u00ee ku ji ner\u00eeneke ni\u015ftimanperwer\u00ee ya gi\u015ftg\u00eer be, ku bingeha w\u00ea federal\u00ee ji bo S\u00fbriy\u00ea \u00fb misogerkirina yek\u00eetiya Kurdistana S\u00fbriy\u00ea weke her\u00eameke siyas\u00ee ya yekgirt\u00ee be.<\/p>\n<p>Ber\u00ea Kurdistana S\u00fbriy\u00ea di v\u00ea lihevhatin\u00ea de ne ti al\u00ee ye \u00fb di niv\u00eesandina bend\u00ea w\u00ea de be\u015fdar neb\u00fbye, ji ber v\u00ea j\u00ee bi encam\u00ean w\u00ea ne pabend e, herwiha em red dikin di ti\u015ftek\u00ee wisa de weke \u015fahid\u00ea zor\u00ea be\u015fdar bibin ku hevkariya rasteq\u00eene ya kurd\u00ee ku em ji bo w\u00ea xebat\u00ea dikin, neke.<\/p>\n<p>&nbsp;<\/p>\n<p>Ber\u00ea Kurdistana S\u00fbriy\u00ea<\/p>\n<p>25.04.2025<\/p>\n","protected":false},"excerpt":{"rendered":"<p>Ber\u00ee \u00e7end rojan Enc\u00fbmena Ni\u015ft\u00eeman\u00ee ya Kurd li S\u00fbriy\u00ea ENKS\u00ea di daxuyaniyek\u00ee de jivana lidarxistina&#8230;<\/p>\n","protected":false},"author":5,"featured_media":2224,"comment_status":"closed","ping_status":"closed","sticky":false,"template":"","format":"standard","meta":{"footnotes":""},"categories":[34],"tags":[],"class_list":["post-2289","post","type-post","status-publish","format-standard","has-post-thumbnail","hentry","category-daxuyani"],"yoast_head":"<!-- This site is optimized with the Yoast SEO plugin v27.5 - https:\/\/yoast.com\/product\/yoast-seo-wordpress\/ -->\n<title>Daxuyan\u00ee derbar\u00ea ragihandina hevbe\u015f a di navbera ENKS\u00ea \u00fb PYD\u00ea de &#8226; \u015eAK<\/title>\n<meta name=\"robots\" content=\"index, follow, max-snippet:-1, max-image-preview:large, max-video-preview:-1\" \/>\n<link rel=\"canonical\" href=\"https:\/\/saknews.net\/ku\/?p=2289\" \/>\n<meta property=\"og:locale\" content=\"en_US\" \/>\n<meta property=\"og:type\" content=\"article\" \/>\n<meta property=\"og:title\" content=\"Daxuyan\u00ee derbar\u00ea ragihandina hevbe\u015f a di navbera ENKS\u00ea \u00fb PYD\u00ea de &#8226; \u015eAK\" \/>\n<meta property=\"og:description\" content=\"Ber\u00ee \u00e7end rojan Enc\u00fbmena Ni\u015ft\u00eeman\u00ee ya Kurd li S\u00fbriy\u00ea ENKS\u00ea di daxuyaniyek\u00ee de jivana lidarxistina...\" \/>\n<meta property=\"og:url\" content=\"https:\/\/saknews.net\/ku\/?p=2289\" \/>\n<meta property=\"og:site_name\" content=\"\u015eAK\" \/>\n<meta property=\"article:publisher\" content=\"https:\/\/www.facebook.com\/Shepel.ewropa\" \/>\n<meta property=\"article:published_time\" content=\"2025-04-25T07:49:24+00:00\" \/>\n<meta property=\"article:modified_time\" content=\"2025-04-25T08:10:22+00:00\" \/>\n<meta property=\"og:image\" content=\"https:\/\/saknews.net\/ku\/wp-content\/uploads\/2025\/04\/f192ad4a-279e-4308-955e-daf5777acfc5.jpeg\" \/>\n\t<meta property=\"og:image:width\" content=\"1080\" \/>\n\t<meta property=\"og:image:height\" content=\"1079\" \/>\n\t<meta property=\"og:image:type\" content=\"image\/jpeg\" \/>\n<meta name=\"author\" content=\"Helebja Helebja\" \/>\n<meta name=\"twitter:card\" content=\"summary_large_image\" \/>\n<meta name=\"twitter:label1\" content=\"Written by\" \/>\n\t<meta name=\"twitter:data1\" content=\"Helebja Helebja\" \/>\n\t<meta name=\"twitter:label2\" content=\"Est. reading time\" \/>\n\t<meta name=\"twitter:data2\" content=\"3 minutes\" \/>\n<script type=\"application\/ld+json\" class=\"yoast-schema-graph\">{\"@context\":\"https:\\\/\\\/schema.org\",\"@graph\":[{\"@type\":\"Article\",\"@id\":\"https:\\\/\\\/saknews.net\\\/ku\\\/?p=2289#article\",\"isPartOf\":{\"@id\":\"https:\\\/\\\/saknews.net\\\/ku\\\/?p=2289\"},\"author\":{\"name\":\"Helebja Helebja\",\"@id\":\"https:\\\/\\\/saknews.net\\\/ku\\\/#\\\/schema\\\/person\\\/1c01cd16fca0bfa144578b4674c618a7\"},\"headline\":\"Daxuyan\u00ee derbar\u00ea ragihandina hevbe\u015f a di navbera ENKS\u00ea \u00fb PYD\u00ea de\",\"datePublished\":\"2025-04-25T07:49:24+00:00\",\"dateModified\":\"2025-04-25T08:10:22+00:00\",\"mainEntityOfPage\":{\"@id\":\"https:\\\/\\\/saknews.net\\\/ku\\\/?p=2289\"},\"wordCount\":681,\"publisher\":{\"@id\":\"https:\\\/\\\/saknews.net\\\/ku\\\/#organization\"},\"image\":{\"@id\":\"https:\\\/\\\/saknews.net\\\/ku\\\/?p=2289#primaryimage\"},\"thumbnailUrl\":\"https:\\\/\\\/i0.wp.com\\\/saknews.net\\\/ku\\\/wp-content\\\/uploads\\\/2025\\\/04\\\/f192ad4a-279e-4308-955e-daf5777acfc5.jpeg?fit=1080%2C1079&ssl=1\",\"articleSection\":[\"Daxuyan\u00ee\"],\"inLanguage\":\"en-US\"},{\"@type\":\"WebPage\",\"@id\":\"https:\\\/\\\/saknews.net\\\/ku\\\/?p=2289\",\"url\":\"https:\\\/\\\/saknews.net\\\/ku\\\/?p=2289\",\"name\":\"Daxuyan\u00ee derbar\u00ea ragihandina hevbe\u015f a di navbera ENKS\u00ea \u00fb PYD\u00ea de &#8226; \u015eAK\",\"isPartOf\":{\"@id\":\"https:\\\/\\\/saknews.net\\\/ku\\\/#website\"},\"primaryImageOfPage\":{\"@id\":\"https:\\\/\\\/saknews.net\\\/ku\\\/?p=2289#primaryimage\"},\"image\":{\"@id\":\"https:\\\/\\\/saknews.net\\\/ku\\\/?p=2289#primaryimage\"},\"thumbnailUrl\":\"https:\\\/\\\/i0.wp.com\\\/saknews.net\\\/ku\\\/wp-content\\\/uploads\\\/2025\\\/04\\\/f192ad4a-279e-4308-955e-daf5777acfc5.jpeg?fit=1080%2C1079&ssl=1\",\"datePublished\":\"2025-04-25T07:49:24+00:00\",\"dateModified\":\"2025-04-25T08:10:22+00:00\",\"breadcrumb\":{\"@id\":\"https:\\\/\\\/saknews.net\\\/ku\\\/?p=2289#breadcrumb\"},\"inLanguage\":\"en-US\",\"potentialAction\":[{\"@type\":\"ReadAction\",\"target\":[\"https:\\\/\\\/saknews.net\\\/ku\\\/?p=2289\"]}]},{\"@type\":\"ImageObject\",\"inLanguage\":\"en-US\",\"@id\":\"https:\\\/\\\/saknews.net\\\/ku\\\/?p=2289#primaryimage\",\"url\":\"https:\\\/\\\/i0.wp.com\\\/saknews.net\\\/ku\\\/wp-content\\\/uploads\\\/2025\\\/04\\\/f192ad4a-279e-4308-955e-daf5777acfc5.jpeg?fit=1080%2C1079&ssl=1\",\"contentUrl\":\"https:\\\/\\\/i0.wp.com\\\/saknews.net\\\/ku\\\/wp-content\\\/uploads\\\/2025\\\/04\\\/f192ad4a-279e-4308-955e-daf5777acfc5.jpeg?fit=1080%2C1079&ssl=1\",\"width\":1080,\"height\":1079},{\"@type\":\"BreadcrumbList\",\"@id\":\"https:\\\/\\\/saknews.net\\\/ku\\\/?p=2289#breadcrumb\",\"itemListElement\":[{\"@type\":\"ListItem\",\"position\":1,\"name\":\"\u0627\u0644\u0631\u0626\u064a\u0633\u064a\u0629\",\"item\":\"https:\\\/\\\/saknews.net\\\/ku\\\/\"},{\"@type\":\"ListItem\",\"position\":2,\"name\":\"N\u00fb\u00e7e\",\"item\":\"https:\\\/\\\/saknews.net\\\/ku\\\/?cat=49\"},{\"@type\":\"ListItem\",\"position\":3,\"name\":\"Daxuyan\u00ee\",\"item\":\"https:\\\/\\\/saknews.net\\\/ku\\\/?cat=34\"},{\"@type\":\"ListItem\",\"position\":4,\"name\":\"Daxuyan\u00ee derbar\u00ea ragihandina hevbe\u015f a di navbera ENKS\u00ea \u00fb PYD\u00ea de\"}]},{\"@type\":\"WebSite\",\"@id\":\"https:\\\/\\\/saknews.net\\\/ku\\\/#website\",\"url\":\"https:\\\/\\\/saknews.net\\\/ku\\\/\",\"name\":\"S\u0327epe\u0302la Azadi\u0302 ya Kurdistani\u0302\",\"description\":\"\u062a\u064a\u0627\u0631 \u0627\u0644\u062d\u0631\u064a\u0629 \u0627\u0644\u0643\u0648\u0631\u062f\u0633\u062a\u0627\u0646\u064a \u015eep\u00eala Azad\u00ee ya Kurdistan\u00ee\",\"publisher\":{\"@id\":\"https:\\\/\\\/saknews.net\\\/ku\\\/#organization\"},\"potentialAction\":[{\"@type\":\"SearchAction\",\"target\":{\"@type\":\"EntryPoint\",\"urlTemplate\":\"https:\\\/\\\/saknews.net\\\/ku\\\/?s={search_term_string}\"},\"query-input\":{\"@type\":\"PropertyValueSpecification\",\"valueRequired\":true,\"valueName\":\"search_term_string\"}}],\"inLanguage\":\"en-US\"},{\"@type\":\"Organization\",\"@id\":\"https:\\\/\\\/saknews.net\\\/ku\\\/#organization\",\"name\":\"\u015eep\u00eala Azadiy\u00ea ya Kurdistan\u00ea - \u062a\u064a\u0627\u0631 \u0627\u0644\u062d\u0631\u064a\u0629 \u0627\u0644\u0643\u0648\u0631\u062f\u0633\u062a\u0627\u0646\u064a\",\"url\":\"https:\\\/\\\/saknews.net\\\/ku\\\/\",\"logo\":{\"@type\":\"ImageObject\",\"inLanguage\":\"en-US\",\"@id\":\"https:\\\/\\\/saknews.net\\\/ku\\\/#\\\/schema\\\/logo\\\/image\\\/\",\"url\":\"https:\\\/\\\/i0.wp.com\\\/saknews.net\\\/ku\\\/wp-content\\\/uploads\\\/2024\\\/11\\\/cropped-logo-1.png?fit=512%2C512&ssl=1\",\"contentUrl\":\"https:\\\/\\\/i0.wp.com\\\/saknews.net\\\/ku\\\/wp-content\\\/uploads\\\/2024\\\/11\\\/cropped-logo-1.png?fit=512%2C512&ssl=1\",\"width\":512,\"height\":512,\"caption\":\"\u015eep\u00eala Azadiy\u00ea ya Kurdistan\u00ea - \u062a\u064a\u0627\u0631 \u0627\u0644\u062d\u0631\u064a\u0629 \u0627\u0644\u0643\u0648\u0631\u062f\u0633\u062a\u0627\u0646\u064a\"},\"image\":{\"@id\":\"https:\\\/\\\/saknews.net\\\/ku\\\/#\\\/schema\\\/logo\\\/image\\\/\"},\"sameAs\":[\"https:\\\/\\\/www.facebook.com\\\/Shepel.ewropa\"]},{\"@type\":\"Person\",\"@id\":\"https:\\\/\\\/saknews.net\\\/ku\\\/#\\\/schema\\\/person\\\/1c01cd16fca0bfa144578b4674c618a7\",\"name\":\"Helebja Helebja\",\"sameAs\":[\"https:\\\/\\\/saknews.net\\\/ku\"],\"url\":\"https:\\\/\\\/saknews.net\\\/ku\\\/?author=5\"}]}<\/script>\n<!-- \/ Yoast SEO plugin. -->","yoast_head_json":{"title":"Daxuyan\u00ee derbar\u00ea ragihandina hevbe\u015f a di navbera ENKS\u00ea \u00fb PYD\u00ea de &#8226; \u015eAK","robots":{"index":"index","follow":"follow","max-snippet":"max-snippet:-1","max-image-preview":"max-image-preview:large","max-video-preview":"max-video-preview:-1"},"canonical":"https:\/\/saknews.net\/ku\/?p=2289","og_locale":"en_US","og_type":"article","og_title":"Daxuyan\u00ee derbar\u00ea ragihandina hevbe\u015f a di navbera ENKS\u00ea \u00fb PYD\u00ea de &#8226; \u015eAK","og_description":"Ber\u00ee \u00e7end rojan Enc\u00fbmena Ni\u015ft\u00eeman\u00ee ya Kurd li S\u00fbriy\u00ea ENKS\u00ea di daxuyaniyek\u00ee de jivana lidarxistina...","og_url":"https:\/\/saknews.net\/ku\/?p=2289","og_site_name":"\u015eAK","article_publisher":"https:\/\/www.facebook.com\/Shepel.ewropa","article_published_time":"2025-04-25T07:49:24+00:00","article_modified_time":"2025-04-25T08:10:22+00:00","og_image":[{"width":1080,"height":1079,"url":"https:\/\/saknews.net\/ku\/wp-content\/uploads\/2025\/04\/f192ad4a-279e-4308-955e-daf5777acfc5.jpeg","type":"image\/jpeg"}],"author":"Helebja Helebja","twitter_card":"summary_large_image","twitter_misc":{"Written by":"Helebja Helebja","Est. reading time":"3 minutes"},"schema":{"@context":"https:\/\/schema.org","@graph":[{"@type":"Article","@id":"https:\/\/saknews.net\/ku\/?p=2289#article","isPartOf":{"@id":"https:\/\/saknews.net\/ku\/?p=2289"},"author":{"name":"Helebja Helebja","@id":"https:\/\/saknews.net\/ku\/#\/schema\/person\/1c01cd16fca0bfa144578b4674c618a7"},"headline":"Daxuyan\u00ee derbar\u00ea ragihandina hevbe\u015f a di navbera ENKS\u00ea \u00fb PYD\u00ea de","datePublished":"2025-04-25T07:49:24+00:00","dateModified":"2025-04-25T08:10:22+00:00","mainEntityOfPage":{"@id":"https:\/\/saknews.net\/ku\/?p=2289"},"wordCount":681,"publisher":{"@id":"https:\/\/saknews.net\/ku\/#organization"},"image":{"@id":"https:\/\/saknews.net\/ku\/?p=2289#primaryimage"},"thumbnailUrl":"https:\/\/i0.wp.com\/saknews.net\/ku\/wp-content\/uploads\/2025\/04\/f192ad4a-279e-4308-955e-daf5777acfc5.jpeg?fit=1080%2C1079&ssl=1","articleSection":["Daxuyan\u00ee"],"inLanguage":"en-US"},{"@type":"WebPage","@id":"https:\/\/saknews.net\/ku\/?p=2289","url":"https:\/\/saknews.net\/ku\/?p=2289","name":"Daxuyan\u00ee derbar\u00ea ragihandina hevbe\u015f a di navbera ENKS\u00ea \u00fb PYD\u00ea de &#8226; \u015eAK","isPartOf":{"@id":"https:\/\/saknews.net\/ku\/#website"},"primaryImageOfPage":{"@id":"https:\/\/saknews.net\/ku\/?p=2289#primaryimage"},"image":{"@id":"https:\/\/saknews.net\/ku\/?p=2289#primaryimage"},"thumbnailUrl":"https:\/\/i0.wp.com\/saknews.net\/ku\/wp-content\/uploads\/2025\/04\/f192ad4a-279e-4308-955e-daf5777acfc5.jpeg?fit=1080%2C1079&ssl=1","datePublished":"2025-04-25T07:49:24+00:00","dateModified":"2025-04-25T08:10:22+00:00","breadcrumb":{"@id":"https:\/\/saknews.net\/ku\/?p=2289#breadcrumb"},"inLanguage":"en-US","potentialAction":[{"@type":"ReadAction","target":["https:\/\/saknews.net\/ku\/?p=2289"]}]},{"@type":"ImageObject","inLanguage":"en-US","@id":"https:\/\/saknews.net\/ku\/?p=2289#primaryimage","url":"https:\/\/i0.wp.com\/saknews.net\/ku\/wp-content\/uploads\/2025\/04\/f192ad4a-279e-4308-955e-daf5777acfc5.jpeg?fit=1080%2C1079&ssl=1","contentUrl":"https:\/\/i0.wp.com\/saknews.net\/ku\/wp-content\/uploads\/2025\/04\/f192ad4a-279e-4308-955e-daf5777acfc5.jpeg?fit=1080%2C1079&ssl=1","width":1080,"height":1079},{"@type":"BreadcrumbList","@id":"https:\/\/saknews.net\/ku\/?p=2289#breadcrumb","itemListElement":[{"@type":"ListItem","position":1,"name":"\u0627\u0644\u0631\u0626\u064a\u0633\u064a\u0629","item":"https:\/\/saknews.net\/ku\/"},{"@type":"ListItem","position":2,"name":"N\u00fb\u00e7e","item":"https:\/\/saknews.net\/ku\/?cat=49"},{"@type":"ListItem","position":3,"name":"Daxuyan\u00ee","item":"https:\/\/saknews.net\/ku\/?cat=34"},{"@type":"ListItem","position":4,"name":"Daxuyan\u00ee derbar\u00ea ragihandina hevbe\u015f a di navbera ENKS\u00ea \u00fb PYD\u00ea de"}]},{"@type":"WebSite","@id":"https:\/\/saknews.net\/ku\/#website","url":"https:\/\/saknews.net\/ku\/","name":"S\u0327epe\u0302la Azadi\u0302 ya Kurdistani\u0302","description":"\u062a\u064a\u0627\u0631 \u0627\u0644\u062d\u0631\u064a\u0629 \u0627\u0644\u0643\u0648\u0631\u062f\u0633\u062a\u0627\u0646\u064a \u015eep\u00eala Azad\u00ee ya Kurdistan\u00ee","publisher":{"@id":"https:\/\/saknews.net\/ku\/#organization"},"potentialAction":[{"@type":"SearchAction","target":{"@type":"EntryPoint","urlTemplate":"https:\/\/saknews.net\/ku\/?s={search_term_string}"},"query-input":{"@type":"PropertyValueSpecification","valueRequired":true,"valueName":"search_term_string"}}],"inLanguage":"en-US"},{"@type":"Organization","@id":"https:\/\/saknews.net\/ku\/#organization","name":"\u015eep\u00eala Azadiy\u00ea ya Kurdistan\u00ea - \u062a\u064a\u0627\u0631 \u0627\u0644\u062d\u0631\u064a\u0629 \u0627\u0644\u0643\u0648\u0631\u062f\u0633\u062a\u0627\u0646\u064a","url":"https:\/\/saknews.net\/ku\/","logo":{"@type":"ImageObject","inLanguage":"en-US","@id":"https:\/\/saknews.net\/ku\/#\/schema\/logo\/image\/","url":"https:\/\/i0.wp.com\/saknews.net\/ku\/wp-content\/uploads\/2024\/11\/cropped-logo-1.png?fit=512%2C512&ssl=1","contentUrl":"https:\/\/i0.wp.com\/saknews.net\/ku\/wp-content\/uploads\/2024\/11\/cropped-logo-1.png?fit=512%2C512&ssl=1","width":512,"height":512,"caption":"\u015eep\u00eala Azadiy\u00ea ya Kurdistan\u00ea - \u062a\u064a\u0627\u0631 \u0627\u0644\u062d\u0631\u064a\u0629 \u0627\u0644\u0643\u0648\u0631\u062f\u0633\u062a\u0627\u0646\u064a"},"image":{"@id":"https:\/\/saknews.net\/ku\/#\/schema\/logo\/image\/"},"sameAs":["https:\/\/www.facebook.com\/Shepel.ewropa"]},{"@type":"Person","@id":"https:\/\/saknews.net\/ku\/#\/schema\/person\/1c01cd16fca0bfa144578b4674c618a7","name":"Helebja Helebja","sameAs":["https:\/\/saknews.net\/ku"],"url":"https:\/\/saknews.net\/ku\/?author=5"}]}},"featured_image_urls":{"full":["https:\/\/i0.wp.com\/saknews.net\/ku\/wp-content\/uploads\/2025\/04\/f192ad4a-279e-4308-955e-daf5777acfc5.jpeg?fit=1080%2C1079&ssl=1",1080,1079,false],"thumbnail":["https:\/\/i0.wp.com\/saknews.net\/ku\/wp-content\/uploads\/2025\/04\/f192ad4a-279e-4308-955e-daf5777acfc5.jpeg?resize=150%2C150&ssl=1",150,150,true],"medium":["https:\/\/i0.wp.com\/saknews.net\/ku\/wp-content\/uploads\/2025\/04\/f192ad4a-279e-4308-955e-daf5777acfc5.jpeg?fit=300%2C300&ssl=1",300,300,true],"medium_large":["https:\/\/i0.wp.com\/saknews.net\/ku\/wp-content\/uploads\/2025\/04\/f192ad4a-279e-4308-955e-daf5777acfc5.jpeg?fit=640%2C639&ssl=1",640,639,true],"large":["https:\/\/i0.wp.com\/saknews.net\/ku\/wp-content\/uploads\/2025\/04\/f192ad4a-279e-4308-955e-daf5777acfc5.jpeg?fit=640%2C640&ssl=1",640,640,true],"1536x1536":["https:\/\/i0.wp.com\/saknews.net\/ku\/wp-content\/uploads\/2025\/04\/f192ad4a-279e-4308-955e-daf5777acfc5.jpeg?fit=1080%2C1079&ssl=1",1080,1079,true],"2048x2048":["https:\/\/i0.wp.com\/saknews.net\/ku\/wp-content\/uploads\/2025\/04\/f192ad4a-279e-4308-955e-daf5777acfc5.jpeg?fit=1080%2C1079&ssl=1",1080,1079,true],"covernews-featured":["https:\/\/i0.wp.com\/saknews.net\/ku\/wp-content\/uploads\/2025\/04\/f192ad4a-279e-4308-955e-daf5777acfc5.jpeg?fit=1024%2C1023&ssl=1",1024,1023,true],"covernews-medium":["https:\/\/i0.wp.com\/saknews.net\/ku\/wp-content\/uploads\/2025\/04\/f192ad4a-279e-4308-955e-daf5777acfc5.jpeg?resize=540%2C340&ssl=1",540,340,true]},"author_info":{"display_name":"Helebja Helebja","author_link":"https:\/\/saknews.net\/ku\/?author=5"},"category_info":"<a href=\"https:\/\/saknews.net\/ku\/?cat=34\" rel=\"category\">Daxuyan\u00ee<\/a>","tag_info":"Daxuyan\u00ee","comment_count":"0","_links":{"self":[{"href":"https:\/\/saknews.net\/ku\/index.php?rest_route=\/wp\/v2\/posts\/2289","targetHints":{"allow":["GET"]}}],"collection":[{"href":"https:\/\/saknews.net\/ku\/index.php?rest_route=\/wp\/v2\/posts"}],"about":[{"href":"https:\/\/saknews.net\/ku\/index.php?rest_route=\/wp\/v2\/types\/post"}],"author":[{"embeddable":true,"href":"https:\/\/saknews.net\/ku\/index.php?rest_route=\/wp\/v2\/users\/5"}],"replies":[{"embeddable":true,"href":"https:\/\/saknews.net\/ku\/index.php?rest_route=%2Fwp%2Fv2%2Fcomments&post=2289"}],"version-history":[{"count":2,"href":"https:\/\/saknews.net\/ku\/index.php?rest_route=\/wp\/v2\/posts\/2289\/revisions"}],"predecessor-version":[{"id":2291,"href":"https:\/\/saknews.net\/ku\/index.php?rest_route=\/wp\/v2\/posts\/2289\/revisions\/2291"}],"wp:featuredmedia":[{"embeddable":true,"href":"https:\/\/saknews.net\/ku\/index.php?rest_route=\/wp\/v2\/media\/2224"}],"wp:attachment":[{"href":"https:\/\/saknews.net\/ku\/index.php?rest_route=%2Fwp%2Fv2%2Fmedia&parent=2289"}],"wp:term":[{"taxonomy":"category","embeddable":true,"href":"https:\/\/saknews.net\/ku\/index.php?rest_route=%2Fwp%2Fv2%2Fcategories&post=2289"},{"taxonomy":"post_tag","embeddable":true,"href":"https:\/\/saknews.net\/ku\/index.php?rest_route=%2Fwp%2Fv2%2Ftags&post=2289"}],"curies":[{"name":"wp","href":"https:\/\/api.w.org\/{rel}","templated":true}]}}