{"id":2292,"date":"2025-04-25T11:44:17","date_gmt":"2025-04-25T11:44:17","guid":{"rendered":"https:\/\/saknews.net\/ku\/?p=2292"},"modified":"2025-04-25T11:44:17","modified_gmt":"2025-04-25T11:44:17","slug":"partiya-serbesti-kurdistan-pirozbahiye-bi-serkeftina-kongire-sepela-azadi-ya-kurdistani-dike","status":"publish","type":"post","link":"https:\/\/saknews.net\/ku\/?p=2292","title":{"rendered":"Partiya Serbest\u00ee Kurdistan p\u00eerozbahiy\u00ea bi serkeftina kongir\u00ea \u015eep\u00eala Azad\u00ee ya Kurdistan\u00ee dike"},"content":{"rendered":"<p>R\u00eazdar Siyamend Haco, Serok\u00ea Gi\u015ft\u00ee.<br \/>\nR\u00eazdaran c\u00eegir\u00ean serok \u00fb hem\u00fb endam\u00ean serkirdayetiya \u015eep\u00eala Azad\u00ee ya Kurdistan\u00ee (SAK)<\/p>\n<p>Bi bih\u00eestina n\u00fb\u00e7eya bi serkeft\u00ee encamdana kongrya we ya du rojan, em gelek k\u00eafxwe\u015f b\u00fbn.<br \/>\nLi ser nav\u00ea xwe \u00fb hem\u00fb hevkar\u00ean xwe y\u00ean Partiya Serbesiya Kurdistan\u00ea (PSK).<\/p>\n<p>Em bi germ\u00ee p\u00eerozbahiy\u00ea li Serok, Serkirdayet\u00ee \u00fb hem\u00fb endam\u00ean (\u015eep\u00eala Azad\u00ee ya Kurdistan\u00ee) dikin.<\/p>\n<p>Em h\u00eav\u00eedar in ku erk\u00ea we y\u00ea pi\u015ft\u00ee kongrey\u00ea bih\u00eazkirina p\u00eawendiy\u00ean navbera aliy\u00ean siyas\u00ee y\u00ean Rojavay\u00ea<br \/>\nKurdistan\u00ea be, ji bo yekitiya Kurdan di S\u00fbriyeya n\u00fb de bi hev re bixebitin \u00fb li Rojavay\u00ea Kurdistan\u00ea maf\u00ean<br \/>\nrewa y\u00ean neteweya xwe bi dest bixin.<br \/>\nEm wek Partiya Serbestiya Kurdistan\u00ea, ku partiyeke netew\u00ee ya Kurdistan\u00ee ye, hertim xwe wek dost \u00fb al\u00eegir\u00ean doza milet\u00ea xwe li Rojava \u00fb hem\u00fb par\u00e7ey\u00ean din \u00ean Kurdistan\u00ea d\u00eetine, bi taybet\u00ee t\u00eakiliy\u00ean me y\u00ean<br \/>\nbi (\u015eep\u00eala Azad\u00ee ya Kurdistan\u00ee) re berdewam kirin \u00fb ji bo me pir gir\u00eeng e ku t\u00eakiliy\u00ean partiy\u00ean Kurdistan\u00ee berdewam bin.<br \/>\nD\u00eerok \u00eespat kiriye ku em ten\u00ea bi yek\u00eetiy\u00ea dikarin maf\u00ean xwe bi dest bixin.<\/p>\n<p>Bila h\u00fbn \u015fad \u00fb serfiraz bin.<\/p>\n<p>Arif Bawacan\u00ee\/ Serok\u00ea Partiya Serbestiya Kurdistan\u00ea (PSK)<\/p>\n<p>22\/4\/2025<\/p>\n","protected":false},"excerpt":{"rendered":"<p>R\u00eazdar Siyamend Haco, Serok\u00ea Gi\u015ft\u00ee. R\u00eazdaran c\u00eegir\u00ean serok \u00fb hem\u00fb endam\u00ean serkirdayetiya \u015eep\u00eala Azad\u00ee ya&#8230;<\/p>\n","protected":false},"author":5,"featured_media":2293,"comment_status":"closed","ping_status":"closed","sticky":false,"template":"","format":"standard","meta":{"footnotes":""},"categories":[49],"tags":[],"class_list":["post-2292","post","type-post","status-publish","format-standard","has-post-thumbnail","hentry","category-nuce"],"yoast_head":"<!-- This site is optimized with the Yoast SEO plugin v27.5 - https:\/\/yoast.com\/product\/yoast-seo-wordpress\/ -->\n<title>Partiya Serbest\u00ee Kurdistan p\u00eerozbahiy\u00ea bi serkeftina kongir\u00ea \u015eep\u00eala Azad\u00ee ya Kurdistan\u00ee dike &#8226; \u015eAK<\/title>\n<meta name=\"robots\" content=\"index, follow, max-snippet:-1, max-image-preview:large, max-video-preview:-1\" \/>\n<link rel=\"canonical\" href=\"https:\/\/saknews.net\/ku\/?p=2292\" \/>\n<meta property=\"og:locale\" content=\"en_US\" \/>\n<meta property=\"og:type\" content=\"article\" \/>\n<meta property=\"og:title\" content=\"Partiya Serbest\u00ee Kurdistan p\u00eerozbahiy\u00ea bi serkeftina kongir\u00ea \u015eep\u00eala Azad\u00ee ya Kurdistan\u00ee dike &#8226; \u015eAK\" \/>\n<meta property=\"og:description\" content=\"R\u00eazdar Siyamend Haco, Serok\u00ea Gi\u015ft\u00ee. R\u00eazdaran c\u00eegir\u00ean serok \u00fb hem\u00fb endam\u00ean serkirdayetiya \u015eep\u00eala Azad\u00ee ya...\" \/>\n<meta property=\"og:url\" content=\"https:\/\/saknews.net\/ku\/?p=2292\" \/>\n<meta property=\"og:site_name\" content=\"\u015eAK\" \/>\n<meta property=\"article:publisher\" content=\"https:\/\/www.facebook.com\/Shepel.ewropa\" \/>\n<meta property=\"article:published_time\" content=\"2025-04-25T11:44:17+00:00\" \/>\n<meta property=\"og:image\" content=\"https:\/\/saknews.net\/ku\/wp-content\/uploads\/2025\/04\/IMG_2162.jpeg\" \/>\n\t<meta property=\"og:image:width\" content=\"395\" \/>\n\t<meta property=\"og:image:height\" content=\"360\" \/>\n\t<meta property=\"og:image:type\" content=\"image\/jpeg\" \/>\n<meta name=\"author\" content=\"Helebja Helebja\" \/>\n<meta name=\"twitter:card\" content=\"summary_large_image\" \/>\n<meta name=\"twitter:label1\" content=\"Written by\" \/>\n\t<meta name=\"twitter:data1\" content=\"Helebja Helebja\" \/>\n\t<meta name=\"twitter:label2\" content=\"Est. reading time\" \/>\n\t<meta name=\"twitter:data2\" content=\"2 minutes\" \/>\n<script type=\"application\/ld+json\" class=\"yoast-schema-graph\">{\"@context\":\"https:\\\/\\\/schema.org\",\"@graph\":[{\"@type\":\"Article\",\"@id\":\"https:\\\/\\\/saknews.net\\\/ku\\\/?p=2292#article\",\"isPartOf\":{\"@id\":\"https:\\\/\\\/saknews.net\\\/ku\\\/?p=2292\"},\"author\":{\"name\":\"Helebja Helebja\",\"@id\":\"https:\\\/\\\/saknews.net\\\/ku\\\/#\\\/schema\\\/person\\\/1c01cd16fca0bfa144578b4674c618a7\"},\"headline\":\"Partiya Serbest\u00ee Kurdistan p\u00eerozbahiy\u00ea bi serkeftina kongir\u00ea \u015eep\u00eala Azad\u00ee ya Kurdistan\u00ee dike\",\"datePublished\":\"2025-04-25T11:44:17+00:00\",\"mainEntityOfPage\":{\"@id\":\"https:\\\/\\\/saknews.net\\\/ku\\\/?p=2292\"},\"wordCount\":234,\"publisher\":{\"@id\":\"https:\\\/\\\/saknews.net\\\/ku\\\/#organization\"},\"image\":{\"@id\":\"https:\\\/\\\/saknews.net\\\/ku\\\/?p=2292#primaryimage\"},\"thumbnailUrl\":\"https:\\\/\\\/i0.wp.com\\\/saknews.net\\\/ku\\\/wp-content\\\/uploads\\\/2025\\\/04\\\/IMG_2162.jpeg?fit=395%2C360&ssl=1\",\"articleSection\":[\"N\u00fb\u00e7e\"],\"inLanguage\":\"en-US\"},{\"@type\":\"WebPage\",\"@id\":\"https:\\\/\\\/saknews.net\\\/ku\\\/?p=2292\",\"url\":\"https:\\\/\\\/saknews.net\\\/ku\\\/?p=2292\",\"name\":\"Partiya Serbest\u00ee Kurdistan p\u00eerozbahiy\u00ea bi serkeftina kongir\u00ea \u015eep\u00eala Azad\u00ee ya Kurdistan\u00ee dike &#8226; \u015eAK\",\"isPartOf\":{\"@id\":\"https:\\\/\\\/saknews.net\\\/ku\\\/#website\"},\"primaryImageOfPage\":{\"@id\":\"https:\\\/\\\/saknews.net\\\/ku\\\/?p=2292#primaryimage\"},\"image\":{\"@id\":\"https:\\\/\\\/saknews.net\\\/ku\\\/?p=2292#primaryimage\"},\"thumbnailUrl\":\"https:\\\/\\\/i0.wp.com\\\/saknews.net\\\/ku\\\/wp-content\\\/uploads\\\/2025\\\/04\\\/IMG_2162.jpeg?fit=395%2C360&ssl=1\",\"datePublished\":\"2025-04-25T11:44:17+00:00\",\"breadcrumb\":{\"@id\":\"https:\\\/\\\/saknews.net\\\/ku\\\/?p=2292#breadcrumb\"},\"inLanguage\":\"en-US\",\"potentialAction\":[{\"@type\":\"ReadAction\",\"target\":[\"https:\\\/\\\/saknews.net\\\/ku\\\/?p=2292\"]}]},{\"@type\":\"ImageObject\",\"inLanguage\":\"en-US\",\"@id\":\"https:\\\/\\\/saknews.net\\\/ku\\\/?p=2292#primaryimage\",\"url\":\"https:\\\/\\\/i0.wp.com\\\/saknews.net\\\/ku\\\/wp-content\\\/uploads\\\/2025\\\/04\\\/IMG_2162.jpeg?fit=395%2C360&ssl=1\",\"contentUrl\":\"https:\\\/\\\/i0.wp.com\\\/saknews.net\\\/ku\\\/wp-content\\\/uploads\\\/2025\\\/04\\\/IMG_2162.jpeg?fit=395%2C360&ssl=1\",\"width\":395,\"height\":360},{\"@type\":\"BreadcrumbList\",\"@id\":\"https:\\\/\\\/saknews.net\\\/ku\\\/?p=2292#breadcrumb\",\"itemListElement\":[{\"@type\":\"ListItem\",\"position\":1,\"name\":\"\u0627\u0644\u0631\u0626\u064a\u0633\u064a\u0629\",\"item\":\"https:\\\/\\\/saknews.net\\\/ku\\\/\"},{\"@type\":\"ListItem\",\"position\":2,\"name\":\"N\u00fb\u00e7e\",\"item\":\"https:\\\/\\\/saknews.net\\\/ku\\\/?cat=49\"},{\"@type\":\"ListItem\",\"position\":3,\"name\":\"Partiya Serbest\u00ee Kurdistan p\u00eerozbahiy\u00ea bi serkeftina kongir\u00ea \u015eep\u00eala Azad\u00ee ya Kurdistan\u00ee dike\"}]},{\"@type\":\"WebSite\",\"@id\":\"https:\\\/\\\/saknews.net\\\/ku\\\/#website\",\"url\":\"https:\\\/\\\/saknews.net\\\/ku\\\/\",\"name\":\"S\u0327epe\u0302la Azadi\u0302 ya Kurdistani\u0302\",\"description\":\"\u062a\u064a\u0627\u0631 \u0627\u0644\u062d\u0631\u064a\u0629 \u0627\u0644\u0643\u0648\u0631\u062f\u0633\u062a\u0627\u0646\u064a \u015eep\u00eala Azad\u00ee ya Kurdistan\u00ee\",\"publisher\":{\"@id\":\"https:\\\/\\\/saknews.net\\\/ku\\\/#organization\"},\"potentialAction\":[{\"@type\":\"SearchAction\",\"target\":{\"@type\":\"EntryPoint\",\"urlTemplate\":\"https:\\\/\\\/saknews.net\\\/ku\\\/?s={search_term_string}\"},\"query-input\":{\"@type\":\"PropertyValueSpecification\",\"valueRequired\":true,\"valueName\":\"search_term_string\"}}],\"inLanguage\":\"en-US\"},{\"@type\":\"Organization\",\"@id\":\"https:\\\/\\\/saknews.net\\\/ku\\\/#organization\",\"name\":\"\u015eep\u00eala Azadiy\u00ea ya Kurdistan\u00ea - \u062a\u064a\u0627\u0631 \u0627\u0644\u062d\u0631\u064a\u0629 \u0627\u0644\u0643\u0648\u0631\u062f\u0633\u062a\u0627\u0646\u064a\",\"url\":\"https:\\\/\\\/saknews.net\\\/ku\\\/\",\"logo\":{\"@type\":\"ImageObject\",\"inLanguage\":\"en-US\",\"@id\":\"https:\\\/\\\/saknews.net\\\/ku\\\/#\\\/schema\\\/logo\\\/image\\\/\",\"url\":\"https:\\\/\\\/i0.wp.com\\\/saknews.net\\\/ku\\\/wp-content\\\/uploads\\\/2024\\\/11\\\/cropped-logo-1.png?fit=512%2C512&ssl=1\",\"contentUrl\":\"https:\\\/\\\/i0.wp.com\\\/saknews.net\\\/ku\\\/wp-content\\\/uploads\\\/2024\\\/11\\\/cropped-logo-1.png?fit=512%2C512&ssl=1\",\"width\":512,\"height\":512,\"caption\":\"\u015eep\u00eala Azadiy\u00ea ya Kurdistan\u00ea - \u062a\u064a\u0627\u0631 \u0627\u0644\u062d\u0631\u064a\u0629 \u0627\u0644\u0643\u0648\u0631\u062f\u0633\u062a\u0627\u0646\u064a\"},\"image\":{\"@id\":\"https:\\\/\\\/saknews.net\\\/ku\\\/#\\\/schema\\\/logo\\\/image\\\/\"},\"sameAs\":[\"https:\\\/\\\/www.facebook.com\\\/Shepel.ewropa\"]},{\"@type\":\"Person\",\"@id\":\"https:\\\/\\\/saknews.net\\\/ku\\\/#\\\/schema\\\/person\\\/1c01cd16fca0bfa144578b4674c618a7\",\"name\":\"Helebja Helebja\",\"sameAs\":[\"https:\\\/\\\/saknews.net\\\/ku\"],\"url\":\"https:\\\/\\\/saknews.net\\\/ku\\\/?author=5\"}]}<\/script>\n<!-- \/ Yoast SEO plugin. -->","yoast_head_json":{"title":"Partiya Serbest\u00ee Kurdistan p\u00eerozbahiy\u00ea bi serkeftina kongir\u00ea \u015eep\u00eala Azad\u00ee ya Kurdistan\u00ee dike &#8226; \u015eAK","robots":{"index":"index","follow":"follow","max-snippet":"max-snippet:-1","max-image-preview":"max-image-preview:large","max-video-preview":"max-video-preview:-1"},"canonical":"https:\/\/saknews.net\/ku\/?p=2292","og_locale":"en_US","og_type":"article","og_title":"Partiya Serbest\u00ee Kurdistan p\u00eerozbahiy\u00ea bi serkeftina kongir\u00ea \u015eep\u00eala Azad\u00ee ya Kurdistan\u00ee dike &#8226; \u015eAK","og_description":"R\u00eazdar Siyamend Haco, Serok\u00ea Gi\u015ft\u00ee. R\u00eazdaran c\u00eegir\u00ean serok \u00fb hem\u00fb endam\u00ean serkirdayetiya \u015eep\u00eala Azad\u00ee ya...","og_url":"https:\/\/saknews.net\/ku\/?p=2292","og_site_name":"\u015eAK","article_publisher":"https:\/\/www.facebook.com\/Shepel.ewropa","article_published_time":"2025-04-25T11:44:17+00:00","og_image":[{"width":395,"height":360,"url":"https:\/\/saknews.net\/ku\/wp-content\/uploads\/2025\/04\/IMG_2162.jpeg","type":"image\/jpeg"}],"author":"Helebja Helebja","twitter_card":"summary_large_image","twitter_misc":{"Written by":"Helebja Helebja","Est. reading time":"2 minutes"},"schema":{"@context":"https:\/\/schema.org","@graph":[{"@type":"Article","@id":"https:\/\/saknews.net\/ku\/?p=2292#article","isPartOf":{"@id":"https:\/\/saknews.net\/ku\/?p=2292"},"author":{"name":"Helebja Helebja","@id":"https:\/\/saknews.net\/ku\/#\/schema\/person\/1c01cd16fca0bfa144578b4674c618a7"},"headline":"Partiya Serbest\u00ee Kurdistan p\u00eerozbahiy\u00ea bi serkeftina kongir\u00ea \u015eep\u00eala Azad\u00ee ya Kurdistan\u00ee dike","datePublished":"2025-04-25T11:44:17+00:00","mainEntityOfPage":{"@id":"https:\/\/saknews.net\/ku\/?p=2292"},"wordCount":234,"publisher":{"@id":"https:\/\/saknews.net\/ku\/#organization"},"image":{"@id":"https:\/\/saknews.net\/ku\/?p=2292#primaryimage"},"thumbnailUrl":"https:\/\/i0.wp.com\/saknews.net\/ku\/wp-content\/uploads\/2025\/04\/IMG_2162.jpeg?fit=395%2C360&ssl=1","articleSection":["N\u00fb\u00e7e"],"inLanguage":"en-US"},{"@type":"WebPage","@id":"https:\/\/saknews.net\/ku\/?p=2292","url":"https:\/\/saknews.net\/ku\/?p=2292","name":"Partiya Serbest\u00ee Kurdistan p\u00eerozbahiy\u00ea bi serkeftina kongir\u00ea \u015eep\u00eala Azad\u00ee ya Kurdistan\u00ee dike &#8226; \u015eAK","isPartOf":{"@id":"https:\/\/saknews.net\/ku\/#website"},"primaryImageOfPage":{"@id":"https:\/\/saknews.net\/ku\/?p=2292#primaryimage"},"image":{"@id":"https:\/\/saknews.net\/ku\/?p=2292#primaryimage"},"thumbnailUrl":"https:\/\/i0.wp.com\/saknews.net\/ku\/wp-content\/uploads\/2025\/04\/IMG_2162.jpeg?fit=395%2C360&ssl=1","datePublished":"2025-04-25T11:44:17+00:00","breadcrumb":{"@id":"https:\/\/saknews.net\/ku\/?p=2292#breadcrumb"},"inLanguage":"en-US","potentialAction":[{"@type":"ReadAction","target":["https:\/\/saknews.net\/ku\/?p=2292"]}]},{"@type":"ImageObject","inLanguage":"en-US","@id":"https:\/\/saknews.net\/ku\/?p=2292#primaryimage","url":"https:\/\/i0.wp.com\/saknews.net\/ku\/wp-content\/uploads\/2025\/04\/IMG_2162.jpeg?fit=395%2C360&ssl=1","contentUrl":"https:\/\/i0.wp.com\/saknews.net\/ku\/wp-content\/uploads\/2025\/04\/IMG_2162.jpeg?fit=395%2C360&ssl=1","width":395,"height":360},{"@type":"BreadcrumbList","@id":"https:\/\/saknews.net\/ku\/?p=2292#breadcrumb","itemListElement":[{"@type":"ListItem","position":1,"name":"\u0627\u0644\u0631\u0626\u064a\u0633\u064a\u0629","item":"https:\/\/saknews.net\/ku\/"},{"@type":"ListItem","position":2,"name":"N\u00fb\u00e7e","item":"https:\/\/saknews.net\/ku\/?cat=49"},{"@type":"ListItem","position":3,"name":"Partiya Serbest\u00ee Kurdistan p\u00eerozbahiy\u00ea bi serkeftina kongir\u00ea \u015eep\u00eala Azad\u00ee ya Kurdistan\u00ee dike"}]},{"@type":"WebSite","@id":"https:\/\/saknews.net\/ku\/#website","url":"https:\/\/saknews.net\/ku\/","name":"S\u0327epe\u0302la Azadi\u0302 ya Kurdistani\u0302","description":"\u062a\u064a\u0627\u0631 \u0627\u0644\u062d\u0631\u064a\u0629 \u0627\u0644\u0643\u0648\u0631\u062f\u0633\u062a\u0627\u0646\u064a \u015eep\u00eala Azad\u00ee ya Kurdistan\u00ee","publisher":{"@id":"https:\/\/saknews.net\/ku\/#organization"},"potentialAction":[{"@type":"SearchAction","target":{"@type":"EntryPoint","urlTemplate":"https:\/\/saknews.net\/ku\/?s={search_term_string}"},"query-input":{"@type":"PropertyValueSpecification","valueRequired":true,"valueName":"search_term_string"}}],"inLanguage":"en-US"},{"@type":"Organization","@id":"https:\/\/saknews.net\/ku\/#organization","name":"\u015eep\u00eala Azadiy\u00ea ya Kurdistan\u00ea - \u062a\u064a\u0627\u0631 \u0627\u0644\u062d\u0631\u064a\u0629 \u0627\u0644\u0643\u0648\u0631\u062f\u0633\u062a\u0627\u0646\u064a","url":"https:\/\/saknews.net\/ku\/","logo":{"@type":"ImageObject","inLanguage":"en-US","@id":"https:\/\/saknews.net\/ku\/#\/schema\/logo\/image\/","url":"https:\/\/i0.wp.com\/saknews.net\/ku\/wp-content\/uploads\/2024\/11\/cropped-logo-1.png?fit=512%2C512&ssl=1","contentUrl":"https:\/\/i0.wp.com\/saknews.net\/ku\/wp-content\/uploads\/2024\/11\/cropped-logo-1.png?fit=512%2C512&ssl=1","width":512,"height":512,"caption":"\u015eep\u00eala Azadiy\u00ea ya Kurdistan\u00ea - \u062a\u064a\u0627\u0631 \u0627\u0644\u062d\u0631\u064a\u0629 \u0627\u0644\u0643\u0648\u0631\u062f\u0633\u062a\u0627\u0646\u064a"},"image":{"@id":"https:\/\/saknews.net\/ku\/#\/schema\/logo\/image\/"},"sameAs":["https:\/\/www.facebook.com\/Shepel.ewropa"]},{"@type":"Person","@id":"https:\/\/saknews.net\/ku\/#\/schema\/person\/1c01cd16fca0bfa144578b4674c618a7","name":"Helebja Helebja","sameAs":["https:\/\/saknews.net\/ku"],"url":"https:\/\/saknews.net\/ku\/?author=5"}]}},"featured_image_urls":{"full":["https:\/\/i0.wp.com\/saknews.net\/ku\/wp-content\/uploads\/2025\/04\/IMG_2162.jpeg?fit=395%2C360&ssl=1",395,360,false],"thumbnail":["https:\/\/i0.wp.com\/saknews.net\/ku\/wp-content\/uploads\/2025\/04\/IMG_2162.jpeg?resize=150%2C150&ssl=1",150,150,true],"medium":["https:\/\/i0.wp.com\/saknews.net\/ku\/wp-content\/uploads\/2025\/04\/IMG_2162.jpeg?fit=300%2C273&ssl=1",300,273,true],"medium_large":["https:\/\/i0.wp.com\/saknews.net\/ku\/wp-content\/uploads\/2025\/04\/IMG_2162.jpeg?fit=395%2C360&ssl=1",395,360,true],"large":["https:\/\/i0.wp.com\/saknews.net\/ku\/wp-content\/uploads\/2025\/04\/IMG_2162.jpeg?fit=395%2C360&ssl=1",395,360,true],"1536x1536":["https:\/\/i0.wp.com\/saknews.net\/ku\/wp-content\/uploads\/2025\/04\/IMG_2162.jpeg?fit=395%2C360&ssl=1",395,360,true],"2048x2048":["https:\/\/i0.wp.com\/saknews.net\/ku\/wp-content\/uploads\/2025\/04\/IMG_2162.jpeg?fit=395%2C360&ssl=1",395,360,true],"covernews-featured":["https:\/\/i0.wp.com\/saknews.net\/ku\/wp-content\/uploads\/2025\/04\/IMG_2162.jpeg?fit=395%2C360&ssl=1",395,360,true],"covernews-medium":["https:\/\/i0.wp.com\/saknews.net\/ku\/wp-content\/uploads\/2025\/04\/IMG_2162.jpeg?resize=395%2C340&ssl=1",395,340,true]},"author_info":{"display_name":"Helebja Helebja","author_link":"https:\/\/saknews.net\/ku\/?author=5"},"category_info":"<a href=\"https:\/\/saknews.net\/ku\/?cat=49\" rel=\"category\">N\u00fb\u00e7e<\/a>","tag_info":"N\u00fb\u00e7e","comment_count":"0","_links":{"self":[{"href":"https:\/\/saknews.net\/ku\/index.php?rest_route=\/wp\/v2\/posts\/2292","targetHints":{"allow":["GET"]}}],"collection":[{"href":"https:\/\/saknews.net\/ku\/index.php?rest_route=\/wp\/v2\/posts"}],"about":[{"href":"https:\/\/saknews.net\/ku\/index.php?rest_route=\/wp\/v2\/types\/post"}],"author":[{"embeddable":true,"href":"https:\/\/saknews.net\/ku\/index.php?rest_route=\/wp\/v2\/users\/5"}],"replies":[{"embeddable":true,"href":"https:\/\/saknews.net\/ku\/index.php?rest_route=%2Fwp%2Fv2%2Fcomments&post=2292"}],"version-history":[{"count":2,"href":"https:\/\/saknews.net\/ku\/index.php?rest_route=\/wp\/v2\/posts\/2292\/revisions"}],"predecessor-version":[{"id":2295,"href":"https:\/\/saknews.net\/ku\/index.php?rest_route=\/wp\/v2\/posts\/2292\/revisions\/2295"}],"wp:featuredmedia":[{"embeddable":true,"href":"https:\/\/saknews.net\/ku\/index.php?rest_route=\/wp\/v2\/media\/2293"}],"wp:attachment":[{"href":"https:\/\/saknews.net\/ku\/index.php?rest_route=%2Fwp%2Fv2%2Fmedia&parent=2292"}],"wp:term":[{"taxonomy":"category","embeddable":true,"href":"https:\/\/saknews.net\/ku\/index.php?rest_route=%2Fwp%2Fv2%2Fcategories&post=2292"},{"taxonomy":"post_tag","embeddable":true,"href":"https:\/\/saknews.net\/ku\/index.php?rest_route=%2Fwp%2Fv2%2Ftags&post=2292"}],"curies":[{"name":"wp","href":"https:\/\/api.w.org\/{rel}","templated":true}]}}