{"id":2296,"date":"2025-04-25T20:56:15","date_gmt":"2025-04-25T20:56:15","guid":{"rendered":"https:\/\/saknews.net\/ku\/?p=2296"},"modified":"2025-04-25T21:33:51","modified_gmt":"2025-04-25T21:33:51","slug":"haco-diviyabu-enks-u-pyd-li-ser-cawaniya-birevebirina-kurdistana-suriye-ki-hev-kiribana","status":"publish","type":"post","link":"https:\/\/saknews.net\/ku\/?p=2296","title":{"rendered":"Haco: Diviyab\u00fb ENKS \u00fb PYD li ser \u00e7awaniya bir\u00eavebirina Kurdistana S\u00fbriy\u00ea  lihev kiribana"},"content":{"rendered":"<p>Siyamend Haco Serok\u00ea \u015eep\u00eala Azad\u00ee ya Kurdistan\u00ee \u00fb berpirs\u00ea P\u00eawendiy\u00ean Derve di Ber\u00ea Kurdistana S\u00fbriy\u00ea de derbar\u00ea hel\u00eawsta li ser konfransa hevbe\u015f a di navbera ENKS \u00fb PYD de, b\u00fb m\u00eavan\u00ea St\u00fbna Kurd.<\/p>\n<p>Siyamend Haco di hevd\u00eetin\u00ea de lihevkirina di navbera herdu aliy\u00ean ENKS \u00fb PYD de p\u00eeroz kir \u00fb got ew lihevhatineke d\u00eerok\u00ee ye dikeve berjewendiy\u00ean kurdan bi gi\u015ft\u00ee. Herwiha Haco tekez kir ew weke \u015eep\u00eal \u00fb Ber\u00ea Kurdistana S\u00fbriy\u00ea ne li dij\u00ee w\u00ea lihevhatin\u00ea ne an j\u00ee li dij\u00ee Konfransa hevbe\u015f, ku sibe roja \u015eemiy\u00ea li Qami\u015flo t\u00ea lidarxistin.<\/p>\n<p>Haco tekez kir \u00fb got em ne hevkar b\u00fbn di niv\u00eesandina kaxeza hevbe\u015f di nabvbera herdu aliyan de, \u00fb tekez kir, berpirs\u00ean ENKS di ragihandin\u00ea de e\u015fkere kirin ,ku di roja ragihandina konfrans\u00ea de, ti got\u00fbb\u00eaj an j\u00ee guhertin di kaxeza hevbe\u015f de nay\u00ean kirin \u00fb herdu aliyan li ser p\u00eakan\u00eena \u015fanda hevbe\u015f a dan\u00fbstandina bi \u015eam\u00ea re ji ber\u00ea de lihev kirine.<\/p>\n<p>Serok\u00ea \u015eAK\u00ea tekez kir, diviyab\u00fb herdu aliyan li ser \u00e7awaniya bir\u00eavebirina Kurdistana S\u00fbriy\u00ea lihev kiribana \u00fb d\u00ea sibe ew xal bibe cih\u00ea nakokiy\u00ea, ji ber ENKS daxwaza 50% dike \u00fb PYD dixwaze 100% di bin kontrola w\u00ea de be.<\/p>\n<p>Haco da diyarkirin, ku ti\u015ft\u00ea niha t\u00ea kirin, encama proseya a\u015ftiy\u00ea li Tirkiy\u00ea ye, eger ew neba ev konfrans nedihate lidarxistin.<\/p>\n<p>Haco tekez kir, tev\u00ee partiy\u00ean Ber\u00ea Kurdistana S\u00fbriy\u00ea hatib\u00fbn vexwendin, l\u00ea rexneya wan ew e ku berpirsen ENKS \u00fb PYD gotine ew w\u00ea kaxez\u00ea got\u00fbb\u00eaj nakin, ji ber v\u00ea em nikarin be\u015fdar bibin \u00fb em nizanin kaxeza lihevkirin\u00ea \u00e7\u00ee ye. Herwiha Haco tekez kir, herdu aliyan gelek\u00ee lez kirin di lidarxistina konfrans\u00ea de \u00fb diviyab\u00fb hinek\u00ee lipa\u015fbixistina, ku xelk ji d\u00fbr ve kar\u00eeba be\u015fdar bibe, l\u00ea wan derfet nedan kes\u00ee.<\/p>\n","protected":false},"excerpt":{"rendered":"<p>Siyamend Haco Serok\u00ea \u015eep\u00eala Azad\u00ee ya Kurdistan\u00ee \u00fb berpirs\u00ea P\u00eawendiy\u00ean Derve di Ber\u00ea Kurdistana S\u00fbriy\u00ea&#8230;<\/p>\n","protected":false},"author":5,"featured_media":2299,"comment_status":"closed","ping_status":"closed","sticky":false,"template":"","format":"standard","meta":{"footnotes":""},"categories":[49],"tags":[],"class_list":["post-2296","post","type-post","status-publish","format-standard","has-post-thumbnail","hentry","category-nuce"],"yoast_head":"<!-- This site is optimized with the Yoast SEO plugin v27.5 - https:\/\/yoast.com\/product\/yoast-seo-wordpress\/ -->\n<title>Haco: Diviyab\u00fb ENKS \u00fb PYD li ser \u00e7awaniya bir\u00eavebirina Kurdistana S\u00fbriy\u00ea lihev kiribana &#8226; \u015eAK<\/title>\n<meta name=\"robots\" content=\"index, follow, max-snippet:-1, max-image-preview:large, max-video-preview:-1\" \/>\n<link rel=\"canonical\" href=\"https:\/\/saknews.net\/ku\/?p=2296\" \/>\n<meta property=\"og:locale\" content=\"en_US\" \/>\n<meta property=\"og:type\" content=\"article\" \/>\n<meta property=\"og:title\" content=\"Haco: Diviyab\u00fb ENKS \u00fb PYD li ser \u00e7awaniya bir\u00eavebirina Kurdistana S\u00fbriy\u00ea lihev kiribana &#8226; \u015eAK\" \/>\n<meta property=\"og:description\" content=\"Siyamend Haco Serok\u00ea \u015eep\u00eala Azad\u00ee ya Kurdistan\u00ee \u00fb berpirs\u00ea P\u00eawendiy\u00ean Derve di Ber\u00ea Kurdistana S\u00fbriy\u00ea...\" \/>\n<meta property=\"og:url\" content=\"https:\/\/saknews.net\/ku\/?p=2296\" \/>\n<meta property=\"og:site_name\" content=\"\u015eAK\" \/>\n<meta property=\"article:publisher\" content=\"https:\/\/www.facebook.com\/Shepel.ewropa\" \/>\n<meta property=\"article:published_time\" content=\"2025-04-25T20:56:15+00:00\" \/>\n<meta property=\"article:modified_time\" content=\"2025-04-25T21:33:51+00:00\" \/>\n<meta property=\"og:image\" content=\"https:\/\/saknews.net\/ku\/wp-content\/uploads\/2025\/04\/IMG_2192.jpeg\" \/>\n\t<meta property=\"og:image:width\" content=\"2251\" \/>\n\t<meta property=\"og:image:height\" content=\"1244\" \/>\n\t<meta property=\"og:image:type\" content=\"image\/jpeg\" \/>\n<meta name=\"author\" content=\"Helebja Helebja\" \/>\n<meta name=\"twitter:card\" content=\"summary_large_image\" \/>\n<meta name=\"twitter:label1\" content=\"Written by\" \/>\n\t<meta name=\"twitter:data1\" content=\"Helebja Helebja\" \/>\n\t<meta name=\"twitter:label2\" content=\"Est. reading time\" \/>\n\t<meta name=\"twitter:data2\" content=\"2 minutes\" \/>\n<script type=\"application\/ld+json\" class=\"yoast-schema-graph\">{\"@context\":\"https:\\\/\\\/schema.org\",\"@graph\":[{\"@type\":\"Article\",\"@id\":\"https:\\\/\\\/saknews.net\\\/ku\\\/?p=2296#article\",\"isPartOf\":{\"@id\":\"https:\\\/\\\/saknews.net\\\/ku\\\/?p=2296\"},\"author\":{\"name\":\"Helebja Helebja\",\"@id\":\"https:\\\/\\\/saknews.net\\\/ku\\\/#\\\/schema\\\/person\\\/1c01cd16fca0bfa144578b4674c618a7\"},\"headline\":\"Haco: Diviyab\u00fb ENKS \u00fb PYD li ser \u00e7awaniya bir\u00eavebirina Kurdistana S\u00fbriy\u00ea lihev kiribana\",\"datePublished\":\"2025-04-25T20:56:15+00:00\",\"dateModified\":\"2025-04-25T21:33:51+00:00\",\"mainEntityOfPage\":{\"@id\":\"https:\\\/\\\/saknews.net\\\/ku\\\/?p=2296\"},\"wordCount\":322,\"publisher\":{\"@id\":\"https:\\\/\\\/saknews.net\\\/ku\\\/#organization\"},\"image\":{\"@id\":\"https:\\\/\\\/saknews.net\\\/ku\\\/?p=2296#primaryimage\"},\"thumbnailUrl\":\"https:\\\/\\\/i0.wp.com\\\/saknews.net\\\/ku\\\/wp-content\\\/uploads\\\/2025\\\/04\\\/IMG_2192.jpeg?fit=2251%2C1244&ssl=1\",\"articleSection\":[\"N\u00fb\u00e7e\"],\"inLanguage\":\"en-US\"},{\"@type\":\"WebPage\",\"@id\":\"https:\\\/\\\/saknews.net\\\/ku\\\/?p=2296\",\"url\":\"https:\\\/\\\/saknews.net\\\/ku\\\/?p=2296\",\"name\":\"Haco: Diviyab\u00fb ENKS \u00fb PYD li ser \u00e7awaniya bir\u00eavebirina Kurdistana S\u00fbriy\u00ea lihev kiribana &#8226; \u015eAK\",\"isPartOf\":{\"@id\":\"https:\\\/\\\/saknews.net\\\/ku\\\/#website\"},\"primaryImageOfPage\":{\"@id\":\"https:\\\/\\\/saknews.net\\\/ku\\\/?p=2296#primaryimage\"},\"image\":{\"@id\":\"https:\\\/\\\/saknews.net\\\/ku\\\/?p=2296#primaryimage\"},\"thumbnailUrl\":\"https:\\\/\\\/i0.wp.com\\\/saknews.net\\\/ku\\\/wp-content\\\/uploads\\\/2025\\\/04\\\/IMG_2192.jpeg?fit=2251%2C1244&ssl=1\",\"datePublished\":\"2025-04-25T20:56:15+00:00\",\"dateModified\":\"2025-04-25T21:33:51+00:00\",\"breadcrumb\":{\"@id\":\"https:\\\/\\\/saknews.net\\\/ku\\\/?p=2296#breadcrumb\"},\"inLanguage\":\"en-US\",\"potentialAction\":[{\"@type\":\"ReadAction\",\"target\":[\"https:\\\/\\\/saknews.net\\\/ku\\\/?p=2296\"]}]},{\"@type\":\"ImageObject\",\"inLanguage\":\"en-US\",\"@id\":\"https:\\\/\\\/saknews.net\\\/ku\\\/?p=2296#primaryimage\",\"url\":\"https:\\\/\\\/i0.wp.com\\\/saknews.net\\\/ku\\\/wp-content\\\/uploads\\\/2025\\\/04\\\/IMG_2192.jpeg?fit=2251%2C1244&ssl=1\",\"contentUrl\":\"https:\\\/\\\/i0.wp.com\\\/saknews.net\\\/ku\\\/wp-content\\\/uploads\\\/2025\\\/04\\\/IMG_2192.jpeg?fit=2251%2C1244&ssl=1\",\"width\":2251,\"height\":1244,\"caption\":\"Screenshot\"},{\"@type\":\"BreadcrumbList\",\"@id\":\"https:\\\/\\\/saknews.net\\\/ku\\\/?p=2296#breadcrumb\",\"itemListElement\":[{\"@type\":\"ListItem\",\"position\":1,\"name\":\"\u0627\u0644\u0631\u0626\u064a\u0633\u064a\u0629\",\"item\":\"https:\\\/\\\/saknews.net\\\/ku\\\/\"},{\"@type\":\"ListItem\",\"position\":2,\"name\":\"N\u00fb\u00e7e\",\"item\":\"https:\\\/\\\/saknews.net\\\/ku\\\/?cat=49\"},{\"@type\":\"ListItem\",\"position\":3,\"name\":\"Haco: Diviyab\u00fb ENKS \u00fb PYD li ser \u00e7awaniya bir\u00eavebirina Kurdistana S\u00fbriy\u00ea lihev kiribana\"}]},{\"@type\":\"WebSite\",\"@id\":\"https:\\\/\\\/saknews.net\\\/ku\\\/#website\",\"url\":\"https:\\\/\\\/saknews.net\\\/ku\\\/\",\"name\":\"S\u0327epe\u0302la Azadi\u0302 ya Kurdistani\u0302\",\"description\":\"\u062a\u064a\u0627\u0631 \u0627\u0644\u062d\u0631\u064a\u0629 \u0627\u0644\u0643\u0648\u0631\u062f\u0633\u062a\u0627\u0646\u064a \u015eep\u00eala Azad\u00ee ya Kurdistan\u00ee\",\"publisher\":{\"@id\":\"https:\\\/\\\/saknews.net\\\/ku\\\/#organization\"},\"potentialAction\":[{\"@type\":\"SearchAction\",\"target\":{\"@type\":\"EntryPoint\",\"urlTemplate\":\"https:\\\/\\\/saknews.net\\\/ku\\\/?s={search_term_string}\"},\"query-input\":{\"@type\":\"PropertyValueSpecification\",\"valueRequired\":true,\"valueName\":\"search_term_string\"}}],\"inLanguage\":\"en-US\"},{\"@type\":\"Organization\",\"@id\":\"https:\\\/\\\/saknews.net\\\/ku\\\/#organization\",\"name\":\"\u015eep\u00eala Azadiy\u00ea ya Kurdistan\u00ea - \u062a\u064a\u0627\u0631 \u0627\u0644\u062d\u0631\u064a\u0629 \u0627\u0644\u0643\u0648\u0631\u062f\u0633\u062a\u0627\u0646\u064a\",\"url\":\"https:\\\/\\\/saknews.net\\\/ku\\\/\",\"logo\":{\"@type\":\"ImageObject\",\"inLanguage\":\"en-US\",\"@id\":\"https:\\\/\\\/saknews.net\\\/ku\\\/#\\\/schema\\\/logo\\\/image\\\/\",\"url\":\"https:\\\/\\\/i0.wp.com\\\/saknews.net\\\/ku\\\/wp-content\\\/uploads\\\/2024\\\/11\\\/cropped-logo-1.png?fit=512%2C512&ssl=1\",\"contentUrl\":\"https:\\\/\\\/i0.wp.com\\\/saknews.net\\\/ku\\\/wp-content\\\/uploads\\\/2024\\\/11\\\/cropped-logo-1.png?fit=512%2C512&ssl=1\",\"width\":512,\"height\":512,\"caption\":\"\u015eep\u00eala Azadiy\u00ea ya Kurdistan\u00ea - \u062a\u064a\u0627\u0631 \u0627\u0644\u062d\u0631\u064a\u0629 \u0627\u0644\u0643\u0648\u0631\u062f\u0633\u062a\u0627\u0646\u064a\"},\"image\":{\"@id\":\"https:\\\/\\\/saknews.net\\\/ku\\\/#\\\/schema\\\/logo\\\/image\\\/\"},\"sameAs\":[\"https:\\\/\\\/www.facebook.com\\\/Shepel.ewropa\"]},{\"@type\":\"Person\",\"@id\":\"https:\\\/\\\/saknews.net\\\/ku\\\/#\\\/schema\\\/person\\\/1c01cd16fca0bfa144578b4674c618a7\",\"name\":\"Helebja Helebja\",\"sameAs\":[\"https:\\\/\\\/saknews.net\\\/ku\"],\"url\":\"https:\\\/\\\/saknews.net\\\/ku\\\/?author=5\"}]}<\/script>\n<!-- \/ Yoast SEO plugin. -->","yoast_head_json":{"title":"Haco: Diviyab\u00fb ENKS \u00fb PYD li ser \u00e7awaniya bir\u00eavebirina Kurdistana S\u00fbriy\u00ea lihev kiribana &#8226; \u015eAK","robots":{"index":"index","follow":"follow","max-snippet":"max-snippet:-1","max-image-preview":"max-image-preview:large","max-video-preview":"max-video-preview:-1"},"canonical":"https:\/\/saknews.net\/ku\/?p=2296","og_locale":"en_US","og_type":"article","og_title":"Haco: Diviyab\u00fb ENKS \u00fb PYD li ser \u00e7awaniya bir\u00eavebirina Kurdistana S\u00fbriy\u00ea lihev kiribana &#8226; \u015eAK","og_description":"Siyamend Haco Serok\u00ea \u015eep\u00eala Azad\u00ee ya Kurdistan\u00ee \u00fb berpirs\u00ea P\u00eawendiy\u00ean Derve di Ber\u00ea Kurdistana S\u00fbriy\u00ea...","og_url":"https:\/\/saknews.net\/ku\/?p=2296","og_site_name":"\u015eAK","article_publisher":"https:\/\/www.facebook.com\/Shepel.ewropa","article_published_time":"2025-04-25T20:56:15+00:00","article_modified_time":"2025-04-25T21:33:51+00:00","og_image":[{"width":2251,"height":1244,"url":"https:\/\/saknews.net\/ku\/wp-content\/uploads\/2025\/04\/IMG_2192.jpeg","type":"image\/jpeg"}],"author":"Helebja Helebja","twitter_card":"summary_large_image","twitter_misc":{"Written by":"Helebja Helebja","Est. reading time":"2 minutes"},"schema":{"@context":"https:\/\/schema.org","@graph":[{"@type":"Article","@id":"https:\/\/saknews.net\/ku\/?p=2296#article","isPartOf":{"@id":"https:\/\/saknews.net\/ku\/?p=2296"},"author":{"name":"Helebja Helebja","@id":"https:\/\/saknews.net\/ku\/#\/schema\/person\/1c01cd16fca0bfa144578b4674c618a7"},"headline":"Haco: Diviyab\u00fb ENKS \u00fb PYD li ser \u00e7awaniya bir\u00eavebirina Kurdistana S\u00fbriy\u00ea lihev kiribana","datePublished":"2025-04-25T20:56:15+00:00","dateModified":"2025-04-25T21:33:51+00:00","mainEntityOfPage":{"@id":"https:\/\/saknews.net\/ku\/?p=2296"},"wordCount":322,"publisher":{"@id":"https:\/\/saknews.net\/ku\/#organization"},"image":{"@id":"https:\/\/saknews.net\/ku\/?p=2296#primaryimage"},"thumbnailUrl":"https:\/\/i0.wp.com\/saknews.net\/ku\/wp-content\/uploads\/2025\/04\/IMG_2192.jpeg?fit=2251%2C1244&ssl=1","articleSection":["N\u00fb\u00e7e"],"inLanguage":"en-US"},{"@type":"WebPage","@id":"https:\/\/saknews.net\/ku\/?p=2296","url":"https:\/\/saknews.net\/ku\/?p=2296","name":"Haco: Diviyab\u00fb ENKS \u00fb PYD li ser \u00e7awaniya bir\u00eavebirina Kurdistana S\u00fbriy\u00ea lihev kiribana &#8226; \u015eAK","isPartOf":{"@id":"https:\/\/saknews.net\/ku\/#website"},"primaryImageOfPage":{"@id":"https:\/\/saknews.net\/ku\/?p=2296#primaryimage"},"image":{"@id":"https:\/\/saknews.net\/ku\/?p=2296#primaryimage"},"thumbnailUrl":"https:\/\/i0.wp.com\/saknews.net\/ku\/wp-content\/uploads\/2025\/04\/IMG_2192.jpeg?fit=2251%2C1244&ssl=1","datePublished":"2025-04-25T20:56:15+00:00","dateModified":"2025-04-25T21:33:51+00:00","breadcrumb":{"@id":"https:\/\/saknews.net\/ku\/?p=2296#breadcrumb"},"inLanguage":"en-US","potentialAction":[{"@type":"ReadAction","target":["https:\/\/saknews.net\/ku\/?p=2296"]}]},{"@type":"ImageObject","inLanguage":"en-US","@id":"https:\/\/saknews.net\/ku\/?p=2296#primaryimage","url":"https:\/\/i0.wp.com\/saknews.net\/ku\/wp-content\/uploads\/2025\/04\/IMG_2192.jpeg?fit=2251%2C1244&ssl=1","contentUrl":"https:\/\/i0.wp.com\/saknews.net\/ku\/wp-content\/uploads\/2025\/04\/IMG_2192.jpeg?fit=2251%2C1244&ssl=1","width":2251,"height":1244,"caption":"Screenshot"},{"@type":"BreadcrumbList","@id":"https:\/\/saknews.net\/ku\/?p=2296#breadcrumb","itemListElement":[{"@type":"ListItem","position":1,"name":"\u0627\u0644\u0631\u0626\u064a\u0633\u064a\u0629","item":"https:\/\/saknews.net\/ku\/"},{"@type":"ListItem","position":2,"name":"N\u00fb\u00e7e","item":"https:\/\/saknews.net\/ku\/?cat=49"},{"@type":"ListItem","position":3,"name":"Haco: Diviyab\u00fb ENKS \u00fb PYD li ser \u00e7awaniya bir\u00eavebirina Kurdistana S\u00fbriy\u00ea lihev kiribana"}]},{"@type":"WebSite","@id":"https:\/\/saknews.net\/ku\/#website","url":"https:\/\/saknews.net\/ku\/","name":"S\u0327epe\u0302la Azadi\u0302 ya Kurdistani\u0302","description":"\u062a\u064a\u0627\u0631 \u0627\u0644\u062d\u0631\u064a\u0629 \u0627\u0644\u0643\u0648\u0631\u062f\u0633\u062a\u0627\u0646\u064a \u015eep\u00eala Azad\u00ee ya Kurdistan\u00ee","publisher":{"@id":"https:\/\/saknews.net\/ku\/#organization"},"potentialAction":[{"@type":"SearchAction","target":{"@type":"EntryPoint","urlTemplate":"https:\/\/saknews.net\/ku\/?s={search_term_string}"},"query-input":{"@type":"PropertyValueSpecification","valueRequired":true,"valueName":"search_term_string"}}],"inLanguage":"en-US"},{"@type":"Organization","@id":"https:\/\/saknews.net\/ku\/#organization","name":"\u015eep\u00eala Azadiy\u00ea ya Kurdistan\u00ea - \u062a\u064a\u0627\u0631 \u0627\u0644\u062d\u0631\u064a\u0629 \u0627\u0644\u0643\u0648\u0631\u062f\u0633\u062a\u0627\u0646\u064a","url":"https:\/\/saknews.net\/ku\/","logo":{"@type":"ImageObject","inLanguage":"en-US","@id":"https:\/\/saknews.net\/ku\/#\/schema\/logo\/image\/","url":"https:\/\/i0.wp.com\/saknews.net\/ku\/wp-content\/uploads\/2024\/11\/cropped-logo-1.png?fit=512%2C512&ssl=1","contentUrl":"https:\/\/i0.wp.com\/saknews.net\/ku\/wp-content\/uploads\/2024\/11\/cropped-logo-1.png?fit=512%2C512&ssl=1","width":512,"height":512,"caption":"\u015eep\u00eala Azadiy\u00ea ya Kurdistan\u00ea - \u062a\u064a\u0627\u0631 \u0627\u0644\u062d\u0631\u064a\u0629 \u0627\u0644\u0643\u0648\u0631\u062f\u0633\u062a\u0627\u0646\u064a"},"image":{"@id":"https:\/\/saknews.net\/ku\/#\/schema\/logo\/image\/"},"sameAs":["https:\/\/www.facebook.com\/Shepel.ewropa"]},{"@type":"Person","@id":"https:\/\/saknews.net\/ku\/#\/schema\/person\/1c01cd16fca0bfa144578b4674c618a7","name":"Helebja Helebja","sameAs":["https:\/\/saknews.net\/ku"],"url":"https:\/\/saknews.net\/ku\/?author=5"}]}},"featured_image_urls":{"full":["https:\/\/i0.wp.com\/saknews.net\/ku\/wp-content\/uploads\/2025\/04\/IMG_2192.jpeg?fit=2251%2C1244&ssl=1",2251,1244,false],"thumbnail":["https:\/\/i0.wp.com\/saknews.net\/ku\/wp-content\/uploads\/2025\/04\/IMG_2192.jpeg?resize=150%2C150&ssl=1",150,150,true],"medium":["https:\/\/i0.wp.com\/saknews.net\/ku\/wp-content\/uploads\/2025\/04\/IMG_2192.jpeg?fit=300%2C166&ssl=1",300,166,true],"medium_large":["https:\/\/i0.wp.com\/saknews.net\/ku\/wp-content\/uploads\/2025\/04\/IMG_2192.jpeg?fit=640%2C353&ssl=1",640,353,true],"large":["https:\/\/i0.wp.com\/saknews.net\/ku\/wp-content\/uploads\/2025\/04\/IMG_2192.jpeg?fit=640%2C354&ssl=1",640,354,true],"1536x1536":["https:\/\/i0.wp.com\/saknews.net\/ku\/wp-content\/uploads\/2025\/04\/IMG_2192.jpeg?fit=1536%2C849&ssl=1",1536,849,true],"2048x2048":["https:\/\/i0.wp.com\/saknews.net\/ku\/wp-content\/uploads\/2025\/04\/IMG_2192.jpeg?fit=2048%2C1132&ssl=1",2048,1132,true],"covernews-featured":["https:\/\/i0.wp.com\/saknews.net\/ku\/wp-content\/uploads\/2025\/04\/IMG_2192.jpeg?fit=1024%2C566&ssl=1",1024,566,true],"covernews-medium":["https:\/\/i0.wp.com\/saknews.net\/ku\/wp-content\/uploads\/2025\/04\/IMG_2192.jpeg?resize=540%2C340&ssl=1",540,340,true]},"author_info":{"display_name":"Helebja Helebja","author_link":"https:\/\/saknews.net\/ku\/?author=5"},"category_info":"<a href=\"https:\/\/saknews.net\/ku\/?cat=49\" rel=\"category\">N\u00fb\u00e7e<\/a>","tag_info":"N\u00fb\u00e7e","comment_count":"0","_links":{"self":[{"href":"https:\/\/saknews.net\/ku\/index.php?rest_route=\/wp\/v2\/posts\/2296","targetHints":{"allow":["GET"]}}],"collection":[{"href":"https:\/\/saknews.net\/ku\/index.php?rest_route=\/wp\/v2\/posts"}],"about":[{"href":"https:\/\/saknews.net\/ku\/index.php?rest_route=\/wp\/v2\/types\/post"}],"author":[{"embeddable":true,"href":"https:\/\/saknews.net\/ku\/index.php?rest_route=\/wp\/v2\/users\/5"}],"replies":[{"embeddable":true,"href":"https:\/\/saknews.net\/ku\/index.php?rest_route=%2Fwp%2Fv2%2Fcomments&post=2296"}],"version-history":[{"count":2,"href":"https:\/\/saknews.net\/ku\/index.php?rest_route=\/wp\/v2\/posts\/2296\/revisions"}],"predecessor-version":[{"id":2300,"href":"https:\/\/saknews.net\/ku\/index.php?rest_route=\/wp\/v2\/posts\/2296\/revisions\/2300"}],"wp:featuredmedia":[{"embeddable":true,"href":"https:\/\/saknews.net\/ku\/index.php?rest_route=\/wp\/v2\/media\/2299"}],"wp:attachment":[{"href":"https:\/\/saknews.net\/ku\/index.php?rest_route=%2Fwp%2Fv2%2Fmedia&parent=2296"}],"wp:term":[{"taxonomy":"category","embeddable":true,"href":"https:\/\/saknews.net\/ku\/index.php?rest_route=%2Fwp%2Fv2%2Fcategories&post=2296"},{"taxonomy":"post_tag","embeddable":true,"href":"https:\/\/saknews.net\/ku\/index.php?rest_route=%2Fwp%2Fv2%2Ftags&post=2296"}],"curies":[{"name":"wp","href":"https:\/\/api.w.org\/{rel}","templated":true}]}}