{"id":2308,"date":"2025-05-01T12:03:01","date_gmt":"2025-05-01T12:03:01","guid":{"rendered":"https:\/\/saknews.net\/ku\/?p=2308"},"modified":"2025-05-01T12:03:01","modified_gmt":"2025-05-01T12:03:01","slug":"daxuyani-bi-helkefta-roja-cihani-ya-kirekaran","status":"publish","type":"post","link":"https:\/\/saknews.net\/ku\/?p=2308","title":{"rendered":"Daxuyan\u00ee bi helkefta roja c\u00eehan\u00ee ya kir\u00eakaran"},"content":{"rendered":"<p>Di 1\u00ea Gulan\u00ea de hem\u00fb c\u00eehan radweste ji bo \u00e7\u00eena kir\u00eakaran, l\u00ea li S\u00fbriya ta niha ev roj bi xemg\u00een\u00ee derbas dibe, ku \u00ea\u015fa \u00fb azar\u00ean kir\u00eakaran di v\u00ea rew\u015fa ab\u00fbr\u00ee ya xirab de berdewam dike, b\u00ea ku tu bingeh\u00ean jiyaneke bi r\u00fbmet hebin.<\/p>\n<p>Rew\u015fa kir\u00eakaran di serdem\u00ea r\u00eaj\u00eema b\u00fbr\u00ee de gelek\u00ee xirab b\u00fb ku siyaseta d\u00fbrxistin \u00fb neb\u00fbna dadweriya civak\u00ee zal b\u00fb, jibil\u00ee gendeliya ku maf\u00ea wan kir\u00eakaran dixwar.<br \/>\nPi\u015ft\u00ee ketina r\u00eaj\u00eem\u00ea kir\u00eakar \u00fb gel\u00ea S\u00fbriy\u00ea bi h\u00eav\u00eeb\u00fbn ku ev guhertin bibe destp\u00eaka guhertin\u00ean rasteq\u00eene ji bo gav\u00ean ba\u015ftir herweha xelk bighe maf\u00ean xwe \u00fb dewletek bingeh\u00ea w\u00ea dadwer\u00ee be were avakirin, l\u00ea mixabin ti\u015ftek nehat guhertin \u00fb rew\u015f xirabtir b\u00fb \u00fb h\u00eaviy\u00ean xelk\u00ea p\u00fb\u00e7 b\u00fbn \u00fb rew\u015f giha w\u00ea radey\u00ea ku ew m\u00fb\u00e7ey\u00ean k\u00eam y\u00ean ku kir\u00eakaran werdigirt hatin rawestandin \u00fb derfet\u00ean kar k\u00eam b\u00fbn \u00fb \u00ea\u015f \u00fb azar\u00ean kir\u00eakaran z\u00eade b\u00fbn.<\/p>\n<p>Li tevahiya S\u00fbriy\u00ea rew\u015f xirabtir b\u00fb ku di v\u00ea tevilheviya ewleh\u00ee \u00fb ab\u00fbr\u00ee ya berdewam, kir\u00eakar rast\u00ee d\u00fbrxistin \u00fb hejariy\u00ea t\u00ean \u00fb gir\u00fbp\u00ean \u00e7ekdar y\u00ean gir\u00eaday\u00ee bi \u015eam\u00ea ve zalin \u00fb hem\u00fb kar\u00ean diziy\u00ea dikin weku kiryar\u00ean heman gr\u00fbp\u00ean r\u00eaj\u00eema b\u00fbr\u00ee, dest\u00ea xwe dat\u00eenin ser mal \u00fb mulk\u00ea welatiyan \u00fb pariy\u00ea jiyana wan dibin, b\u00ea ku tu aliyek wan rawest\u00eene.<br \/>\nDi v\u00ea derbar\u00ea de em\u00ea behsa kir\u00eakar\u00ean Kurd bikin ku be\u015fek\u00ea giring e ji \u00e7\u00eena kir\u00eakar\u00ean S\u00fbriy\u00ea, l\u00ea du qatan rast\u00ee \u00ea\u015f \u00fb azaran hatin:<br \/>\nYekem ti\u015ft ji ber ku Kurd \u00e7\u00eenek b\u00fb kar dikir ji bo heb\u00fbna xwe \u00fb duyem ti\u015ft ji ber ku Kurd in \u00fb ji maf\u00ean xwe y\u00ean netew\u00ee \u00fb meden\u00ee b\u00ea par b\u00fbn bi taybet ew kes\u00ean ji helgirtina nasnameya S\u00fbr\u00ee b\u00ea par b\u00fby\u00een \u00fb bi salan hatin d\u00fbrxustin ji kar\u00ean hik\u00fbm\u00ee, tev\u00ee ku ew bi sed\u00ean salan \u00fb ji bav \u00fb bap\u00eeran ve li ser xaka xwe b\u00fbn.<\/p>\n<p>Di v\u00ea roj\u00ea de, em p\u00eerozbahiy\u00ea li hem\u00fb kir\u00eakar\u00ean S\u00fbriy\u00ea \u00fb kir\u00eakar\u00ean Kurd bi taybet\u00ee dikin ku ta niha li p\u00ea\u015fiya van sitemkar\u00ee \u00fb d\u00fbrxistinan rawestane.<\/p>\n<p>Em deng\u00ea xwe digh\u00eenin hem\u00fb aliy\u00ean peywend\u00eedar ku bi v\u00ea \u00e7\u00een\u00ea re rawest\u00ea \u00fb kar bike ji bo vegerandina maf\u00ea wan herweha kar ji bo dadweriya civak\u00ee di welatek\u00ee de bike, welatek hem\u00fb kes t\u00eade weku hev be.<\/p>\n<p>Her bij\u00ee \u00e7\u00eena kir\u00eakaran<br \/>\nHer bij\u00ee 1\u00ea Gulan\u00ea<br \/>\nAzad\u00ee \u00fb dadwer\u00ee ji bo her kesek\u00ee kar dike ji bo dab\u00eenkarina pariy\u00ea jiyana xwe.<\/p>\n<p>Ber\u00ea Kurdistana S\u00fbriy\u00ea<br \/>\n01.05.2025<\/p>\n","protected":false},"excerpt":{"rendered":"<p>Di 1\u00ea Gulan\u00ea de hem\u00fb c\u00eehan radweste ji bo \u00e7\u00eena kir\u00eakaran, l\u00ea li S\u00fbriya ta&#8230;<\/p>\n","protected":false},"author":5,"featured_media":2224,"comment_status":"closed","ping_status":"closed","sticky":false,"template":"","format":"standard","meta":{"footnotes":""},"categories":[34],"tags":[],"class_list":["post-2308","post","type-post","status-publish","format-standard","has-post-thumbnail","hentry","category-daxuyani"],"yoast_head":"<!-- This site is optimized with the Yoast SEO plugin v27.5 - https:\/\/yoast.com\/product\/yoast-seo-wordpress\/ -->\n<title>Daxuyan\u00ee bi helkefta roja c\u00eehan\u00ee ya kir\u00eakaran &#8226; \u015eAK<\/title>\n<meta name=\"robots\" content=\"index, follow, max-snippet:-1, max-image-preview:large, max-video-preview:-1\" \/>\n<link rel=\"canonical\" href=\"https:\/\/saknews.net\/ku\/?p=2308\" \/>\n<meta property=\"og:locale\" content=\"en_US\" \/>\n<meta property=\"og:type\" content=\"article\" \/>\n<meta property=\"og:title\" content=\"Daxuyan\u00ee bi helkefta roja c\u00eehan\u00ee ya kir\u00eakaran &#8226; \u015eAK\" \/>\n<meta property=\"og:description\" content=\"Di 1\u00ea Gulan\u00ea de hem\u00fb c\u00eehan radweste ji bo \u00e7\u00eena kir\u00eakaran, l\u00ea li S\u00fbriya ta...\" \/>\n<meta property=\"og:url\" content=\"https:\/\/saknews.net\/ku\/?p=2308\" \/>\n<meta property=\"og:site_name\" content=\"\u015eAK\" \/>\n<meta property=\"article:publisher\" content=\"https:\/\/www.facebook.com\/Shepel.ewropa\" \/>\n<meta property=\"article:published_time\" content=\"2025-05-01T12:03:01+00:00\" \/>\n<meta property=\"og:image\" content=\"https:\/\/saknews.net\/ku\/wp-content\/uploads\/2025\/04\/f192ad4a-279e-4308-955e-daf5777acfc5.jpeg\" \/>\n\t<meta property=\"og:image:width\" content=\"1080\" \/>\n\t<meta property=\"og:image:height\" content=\"1079\" \/>\n\t<meta property=\"og:image:type\" content=\"image\/jpeg\" \/>\n<meta name=\"author\" content=\"Helebja Helebja\" \/>\n<meta name=\"twitter:card\" content=\"summary_large_image\" \/>\n<meta name=\"twitter:label1\" content=\"Written by\" \/>\n\t<meta name=\"twitter:data1\" content=\"Helebja Helebja\" \/>\n\t<meta name=\"twitter:label2\" content=\"Est. reading time\" \/>\n\t<meta name=\"twitter:data2\" content=\"2 minutes\" \/>\n<script type=\"application\/ld+json\" class=\"yoast-schema-graph\">{\"@context\":\"https:\\\/\\\/schema.org\",\"@graph\":[{\"@type\":\"Article\",\"@id\":\"https:\\\/\\\/saknews.net\\\/ku\\\/?p=2308#article\",\"isPartOf\":{\"@id\":\"https:\\\/\\\/saknews.net\\\/ku\\\/?p=2308\"},\"author\":{\"name\":\"Helebja Helebja\",\"@id\":\"https:\\\/\\\/saknews.net\\\/ku\\\/#\\\/schema\\\/person\\\/1c01cd16fca0bfa144578b4674c618a7\"},\"headline\":\"Daxuyan\u00ee bi helkefta roja c\u00eehan\u00ee ya kir\u00eakaran\",\"datePublished\":\"2025-05-01T12:03:01+00:00\",\"mainEntityOfPage\":{\"@id\":\"https:\\\/\\\/saknews.net\\\/ku\\\/?p=2308\"},\"wordCount\":469,\"publisher\":{\"@id\":\"https:\\\/\\\/saknews.net\\\/ku\\\/#organization\"},\"image\":{\"@id\":\"https:\\\/\\\/saknews.net\\\/ku\\\/?p=2308#primaryimage\"},\"thumbnailUrl\":\"https:\\\/\\\/i0.wp.com\\\/saknews.net\\\/ku\\\/wp-content\\\/uploads\\\/2025\\\/04\\\/f192ad4a-279e-4308-955e-daf5777acfc5.jpeg?fit=1080%2C1079&ssl=1\",\"articleSection\":[\"Daxuyan\u00ee\"],\"inLanguage\":\"en-US\"},{\"@type\":\"WebPage\",\"@id\":\"https:\\\/\\\/saknews.net\\\/ku\\\/?p=2308\",\"url\":\"https:\\\/\\\/saknews.net\\\/ku\\\/?p=2308\",\"name\":\"Daxuyan\u00ee bi helkefta roja c\u00eehan\u00ee ya kir\u00eakaran &#8226; \u015eAK\",\"isPartOf\":{\"@id\":\"https:\\\/\\\/saknews.net\\\/ku\\\/#website\"},\"primaryImageOfPage\":{\"@id\":\"https:\\\/\\\/saknews.net\\\/ku\\\/?p=2308#primaryimage\"},\"image\":{\"@id\":\"https:\\\/\\\/saknews.net\\\/ku\\\/?p=2308#primaryimage\"},\"thumbnailUrl\":\"https:\\\/\\\/i0.wp.com\\\/saknews.net\\\/ku\\\/wp-content\\\/uploads\\\/2025\\\/04\\\/f192ad4a-279e-4308-955e-daf5777acfc5.jpeg?fit=1080%2C1079&ssl=1\",\"datePublished\":\"2025-05-01T12:03:01+00:00\",\"breadcrumb\":{\"@id\":\"https:\\\/\\\/saknews.net\\\/ku\\\/?p=2308#breadcrumb\"},\"inLanguage\":\"en-US\",\"potentialAction\":[{\"@type\":\"ReadAction\",\"target\":[\"https:\\\/\\\/saknews.net\\\/ku\\\/?p=2308\"]}]},{\"@type\":\"ImageObject\",\"inLanguage\":\"en-US\",\"@id\":\"https:\\\/\\\/saknews.net\\\/ku\\\/?p=2308#primaryimage\",\"url\":\"https:\\\/\\\/i0.wp.com\\\/saknews.net\\\/ku\\\/wp-content\\\/uploads\\\/2025\\\/04\\\/f192ad4a-279e-4308-955e-daf5777acfc5.jpeg?fit=1080%2C1079&ssl=1\",\"contentUrl\":\"https:\\\/\\\/i0.wp.com\\\/saknews.net\\\/ku\\\/wp-content\\\/uploads\\\/2025\\\/04\\\/f192ad4a-279e-4308-955e-daf5777acfc5.jpeg?fit=1080%2C1079&ssl=1\",\"width\":1080,\"height\":1079},{\"@type\":\"BreadcrumbList\",\"@id\":\"https:\\\/\\\/saknews.net\\\/ku\\\/?p=2308#breadcrumb\",\"itemListElement\":[{\"@type\":\"ListItem\",\"position\":1,\"name\":\"\u0627\u0644\u0631\u0626\u064a\u0633\u064a\u0629\",\"item\":\"https:\\\/\\\/saknews.net\\\/ku\\\/\"},{\"@type\":\"ListItem\",\"position\":2,\"name\":\"N\u00fb\u00e7e\",\"item\":\"https:\\\/\\\/saknews.net\\\/ku\\\/?cat=49\"},{\"@type\":\"ListItem\",\"position\":3,\"name\":\"Daxuyan\u00ee\",\"item\":\"https:\\\/\\\/saknews.net\\\/ku\\\/?cat=34\"},{\"@type\":\"ListItem\",\"position\":4,\"name\":\"Daxuyan\u00ee bi helkefta roja c\u00eehan\u00ee ya kir\u00eakaran\"}]},{\"@type\":\"WebSite\",\"@id\":\"https:\\\/\\\/saknews.net\\\/ku\\\/#website\",\"url\":\"https:\\\/\\\/saknews.net\\\/ku\\\/\",\"name\":\"S\u0327epe\u0302la Azadi\u0302 ya Kurdistani\u0302\",\"description\":\"\u062a\u064a\u0627\u0631 \u0627\u0644\u062d\u0631\u064a\u0629 \u0627\u0644\u0643\u0648\u0631\u062f\u0633\u062a\u0627\u0646\u064a \u015eep\u00eala Azad\u00ee ya Kurdistan\u00ee\",\"publisher\":{\"@id\":\"https:\\\/\\\/saknews.net\\\/ku\\\/#organization\"},\"potentialAction\":[{\"@type\":\"SearchAction\",\"target\":{\"@type\":\"EntryPoint\",\"urlTemplate\":\"https:\\\/\\\/saknews.net\\\/ku\\\/?s={search_term_string}\"},\"query-input\":{\"@type\":\"PropertyValueSpecification\",\"valueRequired\":true,\"valueName\":\"search_term_string\"}}],\"inLanguage\":\"en-US\"},{\"@type\":\"Organization\",\"@id\":\"https:\\\/\\\/saknews.net\\\/ku\\\/#organization\",\"name\":\"\u015eep\u00eala Azadiy\u00ea ya Kurdistan\u00ea - \u062a\u064a\u0627\u0631 \u0627\u0644\u062d\u0631\u064a\u0629 \u0627\u0644\u0643\u0648\u0631\u062f\u0633\u062a\u0627\u0646\u064a\",\"url\":\"https:\\\/\\\/saknews.net\\\/ku\\\/\",\"logo\":{\"@type\":\"ImageObject\",\"inLanguage\":\"en-US\",\"@id\":\"https:\\\/\\\/saknews.net\\\/ku\\\/#\\\/schema\\\/logo\\\/image\\\/\",\"url\":\"https:\\\/\\\/i0.wp.com\\\/saknews.net\\\/ku\\\/wp-content\\\/uploads\\\/2024\\\/11\\\/cropped-logo-1.png?fit=512%2C512&ssl=1\",\"contentUrl\":\"https:\\\/\\\/i0.wp.com\\\/saknews.net\\\/ku\\\/wp-content\\\/uploads\\\/2024\\\/11\\\/cropped-logo-1.png?fit=512%2C512&ssl=1\",\"width\":512,\"height\":512,\"caption\":\"\u015eep\u00eala Azadiy\u00ea ya Kurdistan\u00ea - \u062a\u064a\u0627\u0631 \u0627\u0644\u062d\u0631\u064a\u0629 \u0627\u0644\u0643\u0648\u0631\u062f\u0633\u062a\u0627\u0646\u064a\"},\"image\":{\"@id\":\"https:\\\/\\\/saknews.net\\\/ku\\\/#\\\/schema\\\/logo\\\/image\\\/\"},\"sameAs\":[\"https:\\\/\\\/www.facebook.com\\\/Shepel.ewropa\"]},{\"@type\":\"Person\",\"@id\":\"https:\\\/\\\/saknews.net\\\/ku\\\/#\\\/schema\\\/person\\\/1c01cd16fca0bfa144578b4674c618a7\",\"name\":\"Helebja Helebja\",\"sameAs\":[\"https:\\\/\\\/saknews.net\\\/ku\"],\"url\":\"https:\\\/\\\/saknews.net\\\/ku\\\/?author=5\"}]}<\/script>\n<!-- \/ Yoast SEO plugin. -->","yoast_head_json":{"title":"Daxuyan\u00ee bi helkefta roja c\u00eehan\u00ee ya kir\u00eakaran &#8226; \u015eAK","robots":{"index":"index","follow":"follow","max-snippet":"max-snippet:-1","max-image-preview":"max-image-preview:large","max-video-preview":"max-video-preview:-1"},"canonical":"https:\/\/saknews.net\/ku\/?p=2308","og_locale":"en_US","og_type":"article","og_title":"Daxuyan\u00ee bi helkefta roja c\u00eehan\u00ee ya kir\u00eakaran &#8226; \u015eAK","og_description":"Di 1\u00ea Gulan\u00ea de hem\u00fb c\u00eehan radweste ji bo \u00e7\u00eena kir\u00eakaran, l\u00ea li S\u00fbriya ta...","og_url":"https:\/\/saknews.net\/ku\/?p=2308","og_site_name":"\u015eAK","article_publisher":"https:\/\/www.facebook.com\/Shepel.ewropa","article_published_time":"2025-05-01T12:03:01+00:00","og_image":[{"width":1080,"height":1079,"url":"https:\/\/saknews.net\/ku\/wp-content\/uploads\/2025\/04\/f192ad4a-279e-4308-955e-daf5777acfc5.jpeg","type":"image\/jpeg"}],"author":"Helebja Helebja","twitter_card":"summary_large_image","twitter_misc":{"Written by":"Helebja Helebja","Est. reading time":"2 minutes"},"schema":{"@context":"https:\/\/schema.org","@graph":[{"@type":"Article","@id":"https:\/\/saknews.net\/ku\/?p=2308#article","isPartOf":{"@id":"https:\/\/saknews.net\/ku\/?p=2308"},"author":{"name":"Helebja Helebja","@id":"https:\/\/saknews.net\/ku\/#\/schema\/person\/1c01cd16fca0bfa144578b4674c618a7"},"headline":"Daxuyan\u00ee bi helkefta roja c\u00eehan\u00ee ya kir\u00eakaran","datePublished":"2025-05-01T12:03:01+00:00","mainEntityOfPage":{"@id":"https:\/\/saknews.net\/ku\/?p=2308"},"wordCount":469,"publisher":{"@id":"https:\/\/saknews.net\/ku\/#organization"},"image":{"@id":"https:\/\/saknews.net\/ku\/?p=2308#primaryimage"},"thumbnailUrl":"https:\/\/i0.wp.com\/saknews.net\/ku\/wp-content\/uploads\/2025\/04\/f192ad4a-279e-4308-955e-daf5777acfc5.jpeg?fit=1080%2C1079&ssl=1","articleSection":["Daxuyan\u00ee"],"inLanguage":"en-US"},{"@type":"WebPage","@id":"https:\/\/saknews.net\/ku\/?p=2308","url":"https:\/\/saknews.net\/ku\/?p=2308","name":"Daxuyan\u00ee bi helkefta roja c\u00eehan\u00ee ya kir\u00eakaran &#8226; \u015eAK","isPartOf":{"@id":"https:\/\/saknews.net\/ku\/#website"},"primaryImageOfPage":{"@id":"https:\/\/saknews.net\/ku\/?p=2308#primaryimage"},"image":{"@id":"https:\/\/saknews.net\/ku\/?p=2308#primaryimage"},"thumbnailUrl":"https:\/\/i0.wp.com\/saknews.net\/ku\/wp-content\/uploads\/2025\/04\/f192ad4a-279e-4308-955e-daf5777acfc5.jpeg?fit=1080%2C1079&ssl=1","datePublished":"2025-05-01T12:03:01+00:00","breadcrumb":{"@id":"https:\/\/saknews.net\/ku\/?p=2308#breadcrumb"},"inLanguage":"en-US","potentialAction":[{"@type":"ReadAction","target":["https:\/\/saknews.net\/ku\/?p=2308"]}]},{"@type":"ImageObject","inLanguage":"en-US","@id":"https:\/\/saknews.net\/ku\/?p=2308#primaryimage","url":"https:\/\/i0.wp.com\/saknews.net\/ku\/wp-content\/uploads\/2025\/04\/f192ad4a-279e-4308-955e-daf5777acfc5.jpeg?fit=1080%2C1079&ssl=1","contentUrl":"https:\/\/i0.wp.com\/saknews.net\/ku\/wp-content\/uploads\/2025\/04\/f192ad4a-279e-4308-955e-daf5777acfc5.jpeg?fit=1080%2C1079&ssl=1","width":1080,"height":1079},{"@type":"BreadcrumbList","@id":"https:\/\/saknews.net\/ku\/?p=2308#breadcrumb","itemListElement":[{"@type":"ListItem","position":1,"name":"\u0627\u0644\u0631\u0626\u064a\u0633\u064a\u0629","item":"https:\/\/saknews.net\/ku\/"},{"@type":"ListItem","position":2,"name":"N\u00fb\u00e7e","item":"https:\/\/saknews.net\/ku\/?cat=49"},{"@type":"ListItem","position":3,"name":"Daxuyan\u00ee","item":"https:\/\/saknews.net\/ku\/?cat=34"},{"@type":"ListItem","position":4,"name":"Daxuyan\u00ee bi helkefta roja c\u00eehan\u00ee ya kir\u00eakaran"}]},{"@type":"WebSite","@id":"https:\/\/saknews.net\/ku\/#website","url":"https:\/\/saknews.net\/ku\/","name":"S\u0327epe\u0302la Azadi\u0302 ya Kurdistani\u0302","description":"\u062a\u064a\u0627\u0631 \u0627\u0644\u062d\u0631\u064a\u0629 \u0627\u0644\u0643\u0648\u0631\u062f\u0633\u062a\u0627\u0646\u064a \u015eep\u00eala Azad\u00ee ya Kurdistan\u00ee","publisher":{"@id":"https:\/\/saknews.net\/ku\/#organization"},"potentialAction":[{"@type":"SearchAction","target":{"@type":"EntryPoint","urlTemplate":"https:\/\/saknews.net\/ku\/?s={search_term_string}"},"query-input":{"@type":"PropertyValueSpecification","valueRequired":true,"valueName":"search_term_string"}}],"inLanguage":"en-US"},{"@type":"Organization","@id":"https:\/\/saknews.net\/ku\/#organization","name":"\u015eep\u00eala Azadiy\u00ea ya Kurdistan\u00ea - \u062a\u064a\u0627\u0631 \u0627\u0644\u062d\u0631\u064a\u0629 \u0627\u0644\u0643\u0648\u0631\u062f\u0633\u062a\u0627\u0646\u064a","url":"https:\/\/saknews.net\/ku\/","logo":{"@type":"ImageObject","inLanguage":"en-US","@id":"https:\/\/saknews.net\/ku\/#\/schema\/logo\/image\/","url":"https:\/\/i0.wp.com\/saknews.net\/ku\/wp-content\/uploads\/2024\/11\/cropped-logo-1.png?fit=512%2C512&ssl=1","contentUrl":"https:\/\/i0.wp.com\/saknews.net\/ku\/wp-content\/uploads\/2024\/11\/cropped-logo-1.png?fit=512%2C512&ssl=1","width":512,"height":512,"caption":"\u015eep\u00eala Azadiy\u00ea ya Kurdistan\u00ea - \u062a\u064a\u0627\u0631 \u0627\u0644\u062d\u0631\u064a\u0629 \u0627\u0644\u0643\u0648\u0631\u062f\u0633\u062a\u0627\u0646\u064a"},"image":{"@id":"https:\/\/saknews.net\/ku\/#\/schema\/logo\/image\/"},"sameAs":["https:\/\/www.facebook.com\/Shepel.ewropa"]},{"@type":"Person","@id":"https:\/\/saknews.net\/ku\/#\/schema\/person\/1c01cd16fca0bfa144578b4674c618a7","name":"Helebja Helebja","sameAs":["https:\/\/saknews.net\/ku"],"url":"https:\/\/saknews.net\/ku\/?author=5"}]}},"featured_image_urls":{"full":["https:\/\/i0.wp.com\/saknews.net\/ku\/wp-content\/uploads\/2025\/04\/f192ad4a-279e-4308-955e-daf5777acfc5.jpeg?fit=1080%2C1079&ssl=1",1080,1079,false],"thumbnail":["https:\/\/i0.wp.com\/saknews.net\/ku\/wp-content\/uploads\/2025\/04\/f192ad4a-279e-4308-955e-daf5777acfc5.jpeg?resize=150%2C150&ssl=1",150,150,true],"medium":["https:\/\/i0.wp.com\/saknews.net\/ku\/wp-content\/uploads\/2025\/04\/f192ad4a-279e-4308-955e-daf5777acfc5.jpeg?fit=300%2C300&ssl=1",300,300,true],"medium_large":["https:\/\/i0.wp.com\/saknews.net\/ku\/wp-content\/uploads\/2025\/04\/f192ad4a-279e-4308-955e-daf5777acfc5.jpeg?fit=640%2C639&ssl=1",640,639,true],"large":["https:\/\/i0.wp.com\/saknews.net\/ku\/wp-content\/uploads\/2025\/04\/f192ad4a-279e-4308-955e-daf5777acfc5.jpeg?fit=640%2C640&ssl=1",640,640,true],"1536x1536":["https:\/\/i0.wp.com\/saknews.net\/ku\/wp-content\/uploads\/2025\/04\/f192ad4a-279e-4308-955e-daf5777acfc5.jpeg?fit=1080%2C1079&ssl=1",1080,1079,true],"2048x2048":["https:\/\/i0.wp.com\/saknews.net\/ku\/wp-content\/uploads\/2025\/04\/f192ad4a-279e-4308-955e-daf5777acfc5.jpeg?fit=1080%2C1079&ssl=1",1080,1079,true],"covernews-featured":["https:\/\/i0.wp.com\/saknews.net\/ku\/wp-content\/uploads\/2025\/04\/f192ad4a-279e-4308-955e-daf5777acfc5.jpeg?fit=1024%2C1023&ssl=1",1024,1023,true],"covernews-medium":["https:\/\/i0.wp.com\/saknews.net\/ku\/wp-content\/uploads\/2025\/04\/f192ad4a-279e-4308-955e-daf5777acfc5.jpeg?resize=540%2C340&ssl=1",540,340,true]},"author_info":{"display_name":"Helebja Helebja","author_link":"https:\/\/saknews.net\/ku\/?author=5"},"category_info":"<a href=\"https:\/\/saknews.net\/ku\/?cat=34\" rel=\"category\">Daxuyan\u00ee<\/a>","tag_info":"Daxuyan\u00ee","comment_count":"0","_links":{"self":[{"href":"https:\/\/saknews.net\/ku\/index.php?rest_route=\/wp\/v2\/posts\/2308","targetHints":{"allow":["GET"]}}],"collection":[{"href":"https:\/\/saknews.net\/ku\/index.php?rest_route=\/wp\/v2\/posts"}],"about":[{"href":"https:\/\/saknews.net\/ku\/index.php?rest_route=\/wp\/v2\/types\/post"}],"author":[{"embeddable":true,"href":"https:\/\/saknews.net\/ku\/index.php?rest_route=\/wp\/v2\/users\/5"}],"replies":[{"embeddable":true,"href":"https:\/\/saknews.net\/ku\/index.php?rest_route=%2Fwp%2Fv2%2Fcomments&post=2308"}],"version-history":[{"count":1,"href":"https:\/\/saknews.net\/ku\/index.php?rest_route=\/wp\/v2\/posts\/2308\/revisions"}],"predecessor-version":[{"id":2309,"href":"https:\/\/saknews.net\/ku\/index.php?rest_route=\/wp\/v2\/posts\/2308\/revisions\/2309"}],"wp:featuredmedia":[{"embeddable":true,"href":"https:\/\/saknews.net\/ku\/index.php?rest_route=\/wp\/v2\/media\/2224"}],"wp:attachment":[{"href":"https:\/\/saknews.net\/ku\/index.php?rest_route=%2Fwp%2Fv2%2Fmedia&parent=2308"}],"wp:term":[{"taxonomy":"category","embeddable":true,"href":"https:\/\/saknews.net\/ku\/index.php?rest_route=%2Fwp%2Fv2%2Fcategories&post=2308"},{"taxonomy":"post_tag","embeddable":true,"href":"https:\/\/saknews.net\/ku\/index.php?rest_route=%2Fwp%2Fv2%2Ftags&post=2308"}],"curies":[{"name":"wp","href":"https:\/\/api.w.org\/{rel}","templated":true}]}}