{"id":2317,"date":"2025-05-11T21:11:57","date_gmt":"2025-05-11T21:11:57","guid":{"rendered":"https:\/\/saknews.net\/ku\/?p=2317"},"modified":"2025-05-11T21:35:41","modified_gmt":"2025-05-11T21:35:41","slug":"siyamend-haco-dive-hikumeta-suriyaye-ya-nu-zerermenden-projeya-zinara-erebi-qerebo-bike","status":"publish","type":"post","link":"https:\/\/saknews.net\/ku\/?p=2317","title":{"rendered":"Siyamend Haco: div\u00ea hik\u00fbmeta S\u00fbriyay\u00ea ya n\u00fb zerermend\u00ean projeya Zinara Ereb\u00ee qerebo bike"},"content":{"rendered":"<p>Siyamend Haco serok\u00ea \u015eep\u00eala Azad\u00ee ya Kurdistan\u00ee derbar\u00ea projeya zinara Ereb\u00ee dib\u00eaje, li sala 2012an me h\u00eav\u00ee ji PYD\u00ea heb\u00fbn ku w\u00ea doz\u00ea vek\u00ea \u00fb zerermend\u00ean zinara Ereb\u00ee qerebo bik\u00ea, l\u00ea ti\u015ftek ji xelk\u00ea re nehate kirin.<\/p>\n<p>Siyamend Haco ji R\u00fbdaw\u00ea re ragihand, li sala 1958an de biryarek bi nav\u00ea \u201cIslah Z\u00eera\u2019\u00ee\u201d ji aliy\u00ea hik\u00fbmeta S\u00fbr\u00ee ve hate standin \u00fb li gor w\u00ea biryar\u00ea nediba melak\u00ean mezin y\u00ean S\u00fbr\u00ee z\u00eadey\u00ee 460 hektar zeviy\u00ean ne av\u00ee heban \u00fb eger z\u00eadetir heban, ew zev\u00ee ji wan dihatin standin \u00fb li aliyek\u00ee din, diba 120 hiktar zeviy\u00ean av\u00ee ji malikan re maban.<\/p>\n<p>serok\u00ea \u015eep\u00eala Azad\u00ee ya Kurdistan\u00ee herweha got, em weku malbata Haco, weku gelek melakan, zev\u00ee ji me j\u00ee hatin standin, l\u00ea ya balk\u00ea\u015f ew b\u00fb ku hem\u00fb zeviy\u00ean me ji me hatin standin.<br \/>\nBav\u00ea min 100 hiktar zev\u00ee li ser nav\u00ea w\u00ee heb\u00fb, herweha dayika w\u00ee j\u00ee 80 hiktar zev\u00ee li ser nav\u00ea w\u00ea heb\u00fbn, l\u00ea hem\u00fb ji wan hatin standin.<\/p>\n<p>Derbar\u00ea hewl\u00ean wan ji bo vegerandina wan zeviyan, Siyamend Haco dib\u00eaje, malbata me bi riya dadgeh\u00ea gelek hewil dan ji bo vegerandina zeviy\u00ean xwe, l\u00ea ti\u015ftek nehate kirin.<br \/>\nLi sala 2012an, dema dever\u00ean Kurd\u00ee ketin di dest\u00ea Partiya Yek\u00eetiya Demokrat PYD\u00ea de, me h\u00eav\u00ee heb\u00fbn ku PYD\u00ea v\u00ea doz\u00ea vek\u00ea \u00fb ne ten\u00ea zeviy\u00ean me, belko y\u00ean gelek kesan werin vegerandin, l\u00ea ev ti\u015ft nehat kirin.<br \/>\nGelek ji wan zeviy\u00ean di bin nav\u00ea \u201cMezari El-dewl\u00ea\u201d di bin dest\u00ea hik\u00fbmeta Beis de b\u00fb, lewma dema hik\u00fbma S\u00fbr\u00ee li sala 2012an ji wan deveran derket\u00een, ew zev\u00ee man di bin kontrola PYD\u00ea de \u00fb ji aliy\u00ea wan ve hatin bikar\u00eenan.<\/p>\n<p>Siyamend Haco herweha ji R\u00fbdaw\u00ea re got, malbata Haco mezin e \u00fb xwedan gelek zeviyan b\u00fbn \u00fb eger em ji sala 1960an ve hesab bikin, dibe qereboya me bi milyar\u00ean dolaran were kirin.<\/p>\n<p>Di serdem\u00ea hik\u00fbmeta Beis de, hem\u00fb partiy\u00ean Kurd\u00ee di gotin \u00fb belavok\u00ean xwe de behsa zinara Ereb\u00ee dikirin, l\u00ea pi\u015ft\u00ee ku Kurdistana S\u00fbriyay\u00ea kete di dest\u00ea Kurdan de, \u00ead\u00ee tevgera Kurd\u00ee b\u00ea deng man.<\/p>\n<p>Derbar\u00ea wan Ereb\u00ean hawirde y\u00ean ku hik\u00fbmeta S\u00fbriy\u00ea ya w\u00ee dem\u00ee an\u00een \u00fb kir\u00een wan zev\u00ee \u00fb dever\u00ean Kurd\u00ee de, Haco dib\u00eaje, gelek ji wan Ereban bi dar\u00ea zor\u00ea hatine dever\u00ean me \u00fb eve bi deh\u00ean salane li dever\u00ean mene, lewma div\u00ea hem\u00fb al\u00ee werin qerebokirin, hem Kurd \u00fb hem ew Ereb j\u00ee \u00fb bi rast\u00ee ev kar\u00ea hik\u00fbmeta S\u00fbr\u00ee ya n\u00fb ye.<\/p>\n","protected":false},"excerpt":{"rendered":"<p>Siyamend Haco serok\u00ea \u015eep\u00eala Azad\u00ee ya Kurdistan\u00ee derbar\u00ea projeya zinara Ereb\u00ee dib\u00eaje, li sala 2012an&#8230;<\/p>\n","protected":false},"author":5,"featured_media":2318,"comment_status":"closed","ping_status":"closed","sticky":false,"template":"","format":"standard","meta":{"footnotes":""},"categories":[49],"tags":[],"class_list":["post-2317","post","type-post","status-publish","format-standard","has-post-thumbnail","hentry","category-nuce"],"yoast_head":"<!-- This site is optimized with the Yoast SEO plugin v27.5 - https:\/\/yoast.com\/product\/yoast-seo-wordpress\/ -->\n<title>Siyamend Haco: div\u00ea hik\u00fbmeta S\u00fbriyay\u00ea ya n\u00fb zerermend\u00ean projeya Zinara Ereb\u00ee qerebo bike &#8226; \u015eAK<\/title>\n<meta name=\"robots\" content=\"index, follow, max-snippet:-1, max-image-preview:large, max-video-preview:-1\" \/>\n<link rel=\"canonical\" href=\"https:\/\/saknews.net\/ku\/?p=2317\" \/>\n<meta property=\"og:locale\" content=\"en_US\" \/>\n<meta property=\"og:type\" content=\"article\" \/>\n<meta property=\"og:title\" content=\"Siyamend Haco: div\u00ea hik\u00fbmeta S\u00fbriyay\u00ea ya n\u00fb zerermend\u00ean projeya Zinara Ereb\u00ee qerebo bike &#8226; \u015eAK\" \/>\n<meta property=\"og:description\" content=\"Siyamend Haco serok\u00ea \u015eep\u00eala Azad\u00ee ya Kurdistan\u00ee derbar\u00ea projeya zinara Ereb\u00ee dib\u00eaje, li sala 2012an...\" \/>\n<meta property=\"og:url\" content=\"https:\/\/saknews.net\/ku\/?p=2317\" \/>\n<meta property=\"og:site_name\" content=\"\u015eAK\" \/>\n<meta property=\"article:publisher\" content=\"https:\/\/www.facebook.com\/Shepel.ewropa\" \/>\n<meta property=\"article:published_time\" content=\"2025-05-11T21:11:57+00:00\" \/>\n<meta property=\"article:modified_time\" content=\"2025-05-11T21:35:41+00:00\" \/>\n<meta property=\"og:image\" content=\"https:\/\/saknews.net\/ku\/wp-content\/uploads\/2025\/05\/IMG_2557.jpeg\" \/>\n\t<meta property=\"og:image:width\" content=\"2291\" \/>\n\t<meta property=\"og:image:height\" content=\"1235\" \/>\n\t<meta property=\"og:image:type\" content=\"image\/jpeg\" \/>\n<meta name=\"author\" content=\"Helebja Helebja\" \/>\n<meta name=\"twitter:card\" content=\"summary_large_image\" \/>\n<meta name=\"twitter:label1\" content=\"Written by\" \/>\n\t<meta name=\"twitter:data1\" content=\"Helebja Helebja\" \/>\n\t<meta name=\"twitter:label2\" content=\"Est. reading time\" \/>\n\t<meta name=\"twitter:data2\" content=\"2 minutes\" \/>\n<script type=\"application\/ld+json\" class=\"yoast-schema-graph\">{\"@context\":\"https:\\\/\\\/schema.org\",\"@graph\":[{\"@type\":\"Article\",\"@id\":\"https:\\\/\\\/saknews.net\\\/ku\\\/?p=2317#article\",\"isPartOf\":{\"@id\":\"https:\\\/\\\/saknews.net\\\/ku\\\/?p=2317\"},\"author\":{\"name\":\"Helebja Helebja\",\"@id\":\"https:\\\/\\\/saknews.net\\\/ku\\\/#\\\/schema\\\/person\\\/1c01cd16fca0bfa144578b4674c618a7\"},\"headline\":\"Siyamend Haco: div\u00ea hik\u00fbmeta S\u00fbriyay\u00ea ya n\u00fb zerermend\u00ean projeya Zinara Ereb\u00ee qerebo bike\",\"datePublished\":\"2025-05-11T21:11:57+00:00\",\"dateModified\":\"2025-05-11T21:35:41+00:00\",\"mainEntityOfPage\":{\"@id\":\"https:\\\/\\\/saknews.net\\\/ku\\\/?p=2317\"},\"wordCount\":454,\"publisher\":{\"@id\":\"https:\\\/\\\/saknews.net\\\/ku\\\/#organization\"},\"image\":{\"@id\":\"https:\\\/\\\/saknews.net\\\/ku\\\/?p=2317#primaryimage\"},\"thumbnailUrl\":\"https:\\\/\\\/i0.wp.com\\\/saknews.net\\\/ku\\\/wp-content\\\/uploads\\\/2025\\\/05\\\/IMG_2557.jpeg?fit=2291%2C1235&ssl=1\",\"articleSection\":[\"N\u00fb\u00e7e\"],\"inLanguage\":\"en-US\"},{\"@type\":\"WebPage\",\"@id\":\"https:\\\/\\\/saknews.net\\\/ku\\\/?p=2317\",\"url\":\"https:\\\/\\\/saknews.net\\\/ku\\\/?p=2317\",\"name\":\"Siyamend Haco: div\u00ea hik\u00fbmeta S\u00fbriyay\u00ea ya n\u00fb zerermend\u00ean projeya Zinara Ereb\u00ee qerebo bike &#8226; \u015eAK\",\"isPartOf\":{\"@id\":\"https:\\\/\\\/saknews.net\\\/ku\\\/#website\"},\"primaryImageOfPage\":{\"@id\":\"https:\\\/\\\/saknews.net\\\/ku\\\/?p=2317#primaryimage\"},\"image\":{\"@id\":\"https:\\\/\\\/saknews.net\\\/ku\\\/?p=2317#primaryimage\"},\"thumbnailUrl\":\"https:\\\/\\\/i0.wp.com\\\/saknews.net\\\/ku\\\/wp-content\\\/uploads\\\/2025\\\/05\\\/IMG_2557.jpeg?fit=2291%2C1235&ssl=1\",\"datePublished\":\"2025-05-11T21:11:57+00:00\",\"dateModified\":\"2025-05-11T21:35:41+00:00\",\"breadcrumb\":{\"@id\":\"https:\\\/\\\/saknews.net\\\/ku\\\/?p=2317#breadcrumb\"},\"inLanguage\":\"en-US\",\"potentialAction\":[{\"@type\":\"ReadAction\",\"target\":[\"https:\\\/\\\/saknews.net\\\/ku\\\/?p=2317\"]}]},{\"@type\":\"ImageObject\",\"inLanguage\":\"en-US\",\"@id\":\"https:\\\/\\\/saknews.net\\\/ku\\\/?p=2317#primaryimage\",\"url\":\"https:\\\/\\\/i0.wp.com\\\/saknews.net\\\/ku\\\/wp-content\\\/uploads\\\/2025\\\/05\\\/IMG_2557.jpeg?fit=2291%2C1235&ssl=1\",\"contentUrl\":\"https:\\\/\\\/i0.wp.com\\\/saknews.net\\\/ku\\\/wp-content\\\/uploads\\\/2025\\\/05\\\/IMG_2557.jpeg?fit=2291%2C1235&ssl=1\",\"width\":2291,\"height\":1235,\"caption\":\"Screenshot\"},{\"@type\":\"BreadcrumbList\",\"@id\":\"https:\\\/\\\/saknews.net\\\/ku\\\/?p=2317#breadcrumb\",\"itemListElement\":[{\"@type\":\"ListItem\",\"position\":1,\"name\":\"\u0627\u0644\u0631\u0626\u064a\u0633\u064a\u0629\",\"item\":\"https:\\\/\\\/saknews.net\\\/ku\\\/\"},{\"@type\":\"ListItem\",\"position\":2,\"name\":\"N\u00fb\u00e7e\",\"item\":\"https:\\\/\\\/saknews.net\\\/ku\\\/?cat=49\"},{\"@type\":\"ListItem\",\"position\":3,\"name\":\"Siyamend Haco: div\u00ea hik\u00fbmeta S\u00fbriyay\u00ea ya n\u00fb zerermend\u00ean projeya Zinara Ereb\u00ee qerebo bike\"}]},{\"@type\":\"WebSite\",\"@id\":\"https:\\\/\\\/saknews.net\\\/ku\\\/#website\",\"url\":\"https:\\\/\\\/saknews.net\\\/ku\\\/\",\"name\":\"S\u0327epe\u0302la Azadi\u0302 ya Kurdistani\u0302\",\"description\":\"\u062a\u064a\u0627\u0631 \u0627\u0644\u062d\u0631\u064a\u0629 \u0627\u0644\u0643\u0648\u0631\u062f\u0633\u062a\u0627\u0646\u064a \u015eep\u00eala Azad\u00ee ya Kurdistan\u00ee\",\"publisher\":{\"@id\":\"https:\\\/\\\/saknews.net\\\/ku\\\/#organization\"},\"potentialAction\":[{\"@type\":\"SearchAction\",\"target\":{\"@type\":\"EntryPoint\",\"urlTemplate\":\"https:\\\/\\\/saknews.net\\\/ku\\\/?s={search_term_string}\"},\"query-input\":{\"@type\":\"PropertyValueSpecification\",\"valueRequired\":true,\"valueName\":\"search_term_string\"}}],\"inLanguage\":\"en-US\"},{\"@type\":\"Organization\",\"@id\":\"https:\\\/\\\/saknews.net\\\/ku\\\/#organization\",\"name\":\"\u015eep\u00eala Azadiy\u00ea ya Kurdistan\u00ea - \u062a\u064a\u0627\u0631 \u0627\u0644\u062d\u0631\u064a\u0629 \u0627\u0644\u0643\u0648\u0631\u062f\u0633\u062a\u0627\u0646\u064a\",\"url\":\"https:\\\/\\\/saknews.net\\\/ku\\\/\",\"logo\":{\"@type\":\"ImageObject\",\"inLanguage\":\"en-US\",\"@id\":\"https:\\\/\\\/saknews.net\\\/ku\\\/#\\\/schema\\\/logo\\\/image\\\/\",\"url\":\"https:\\\/\\\/i0.wp.com\\\/saknews.net\\\/ku\\\/wp-content\\\/uploads\\\/2024\\\/11\\\/cropped-logo-1.png?fit=512%2C512&ssl=1\",\"contentUrl\":\"https:\\\/\\\/i0.wp.com\\\/saknews.net\\\/ku\\\/wp-content\\\/uploads\\\/2024\\\/11\\\/cropped-logo-1.png?fit=512%2C512&ssl=1\",\"width\":512,\"height\":512,\"caption\":\"\u015eep\u00eala Azadiy\u00ea ya Kurdistan\u00ea - \u062a\u064a\u0627\u0631 \u0627\u0644\u062d\u0631\u064a\u0629 \u0627\u0644\u0643\u0648\u0631\u062f\u0633\u062a\u0627\u0646\u064a\"},\"image\":{\"@id\":\"https:\\\/\\\/saknews.net\\\/ku\\\/#\\\/schema\\\/logo\\\/image\\\/\"},\"sameAs\":[\"https:\\\/\\\/www.facebook.com\\\/Shepel.ewropa\"]},{\"@type\":\"Person\",\"@id\":\"https:\\\/\\\/saknews.net\\\/ku\\\/#\\\/schema\\\/person\\\/1c01cd16fca0bfa144578b4674c618a7\",\"name\":\"Helebja Helebja\",\"sameAs\":[\"https:\\\/\\\/saknews.net\\\/ku\"],\"url\":\"https:\\\/\\\/saknews.net\\\/ku\\\/?author=5\"}]}<\/script>\n<!-- \/ Yoast SEO plugin. -->","yoast_head_json":{"title":"Siyamend Haco: div\u00ea hik\u00fbmeta S\u00fbriyay\u00ea ya n\u00fb zerermend\u00ean projeya Zinara Ereb\u00ee qerebo bike &#8226; \u015eAK","robots":{"index":"index","follow":"follow","max-snippet":"max-snippet:-1","max-image-preview":"max-image-preview:large","max-video-preview":"max-video-preview:-1"},"canonical":"https:\/\/saknews.net\/ku\/?p=2317","og_locale":"en_US","og_type":"article","og_title":"Siyamend Haco: div\u00ea hik\u00fbmeta S\u00fbriyay\u00ea ya n\u00fb zerermend\u00ean projeya Zinara Ereb\u00ee qerebo bike &#8226; \u015eAK","og_description":"Siyamend Haco serok\u00ea \u015eep\u00eala Azad\u00ee ya Kurdistan\u00ee derbar\u00ea projeya zinara Ereb\u00ee dib\u00eaje, li sala 2012an...","og_url":"https:\/\/saknews.net\/ku\/?p=2317","og_site_name":"\u015eAK","article_publisher":"https:\/\/www.facebook.com\/Shepel.ewropa","article_published_time":"2025-05-11T21:11:57+00:00","article_modified_time":"2025-05-11T21:35:41+00:00","og_image":[{"width":2291,"height":1235,"url":"https:\/\/saknews.net\/ku\/wp-content\/uploads\/2025\/05\/IMG_2557.jpeg","type":"image\/jpeg"}],"author":"Helebja Helebja","twitter_card":"summary_large_image","twitter_misc":{"Written by":"Helebja Helebja","Est. reading time":"2 minutes"},"schema":{"@context":"https:\/\/schema.org","@graph":[{"@type":"Article","@id":"https:\/\/saknews.net\/ku\/?p=2317#article","isPartOf":{"@id":"https:\/\/saknews.net\/ku\/?p=2317"},"author":{"name":"Helebja Helebja","@id":"https:\/\/saknews.net\/ku\/#\/schema\/person\/1c01cd16fca0bfa144578b4674c618a7"},"headline":"Siyamend Haco: div\u00ea hik\u00fbmeta S\u00fbriyay\u00ea ya n\u00fb zerermend\u00ean projeya Zinara Ereb\u00ee qerebo bike","datePublished":"2025-05-11T21:11:57+00:00","dateModified":"2025-05-11T21:35:41+00:00","mainEntityOfPage":{"@id":"https:\/\/saknews.net\/ku\/?p=2317"},"wordCount":454,"publisher":{"@id":"https:\/\/saknews.net\/ku\/#organization"},"image":{"@id":"https:\/\/saknews.net\/ku\/?p=2317#primaryimage"},"thumbnailUrl":"https:\/\/i0.wp.com\/saknews.net\/ku\/wp-content\/uploads\/2025\/05\/IMG_2557.jpeg?fit=2291%2C1235&ssl=1","articleSection":["N\u00fb\u00e7e"],"inLanguage":"en-US"},{"@type":"WebPage","@id":"https:\/\/saknews.net\/ku\/?p=2317","url":"https:\/\/saknews.net\/ku\/?p=2317","name":"Siyamend Haco: div\u00ea hik\u00fbmeta S\u00fbriyay\u00ea ya n\u00fb zerermend\u00ean projeya Zinara Ereb\u00ee qerebo bike &#8226; \u015eAK","isPartOf":{"@id":"https:\/\/saknews.net\/ku\/#website"},"primaryImageOfPage":{"@id":"https:\/\/saknews.net\/ku\/?p=2317#primaryimage"},"image":{"@id":"https:\/\/saknews.net\/ku\/?p=2317#primaryimage"},"thumbnailUrl":"https:\/\/i0.wp.com\/saknews.net\/ku\/wp-content\/uploads\/2025\/05\/IMG_2557.jpeg?fit=2291%2C1235&ssl=1","datePublished":"2025-05-11T21:11:57+00:00","dateModified":"2025-05-11T21:35:41+00:00","breadcrumb":{"@id":"https:\/\/saknews.net\/ku\/?p=2317#breadcrumb"},"inLanguage":"en-US","potentialAction":[{"@type":"ReadAction","target":["https:\/\/saknews.net\/ku\/?p=2317"]}]},{"@type":"ImageObject","inLanguage":"en-US","@id":"https:\/\/saknews.net\/ku\/?p=2317#primaryimage","url":"https:\/\/i0.wp.com\/saknews.net\/ku\/wp-content\/uploads\/2025\/05\/IMG_2557.jpeg?fit=2291%2C1235&ssl=1","contentUrl":"https:\/\/i0.wp.com\/saknews.net\/ku\/wp-content\/uploads\/2025\/05\/IMG_2557.jpeg?fit=2291%2C1235&ssl=1","width":2291,"height":1235,"caption":"Screenshot"},{"@type":"BreadcrumbList","@id":"https:\/\/saknews.net\/ku\/?p=2317#breadcrumb","itemListElement":[{"@type":"ListItem","position":1,"name":"\u0627\u0644\u0631\u0626\u064a\u0633\u064a\u0629","item":"https:\/\/saknews.net\/ku\/"},{"@type":"ListItem","position":2,"name":"N\u00fb\u00e7e","item":"https:\/\/saknews.net\/ku\/?cat=49"},{"@type":"ListItem","position":3,"name":"Siyamend Haco: div\u00ea hik\u00fbmeta S\u00fbriyay\u00ea ya n\u00fb zerermend\u00ean projeya Zinara Ereb\u00ee qerebo bike"}]},{"@type":"WebSite","@id":"https:\/\/saknews.net\/ku\/#website","url":"https:\/\/saknews.net\/ku\/","name":"S\u0327epe\u0302la Azadi\u0302 ya Kurdistani\u0302","description":"\u062a\u064a\u0627\u0631 \u0627\u0644\u062d\u0631\u064a\u0629 \u0627\u0644\u0643\u0648\u0631\u062f\u0633\u062a\u0627\u0646\u064a \u015eep\u00eala Azad\u00ee ya Kurdistan\u00ee","publisher":{"@id":"https:\/\/saknews.net\/ku\/#organization"},"potentialAction":[{"@type":"SearchAction","target":{"@type":"EntryPoint","urlTemplate":"https:\/\/saknews.net\/ku\/?s={search_term_string}"},"query-input":{"@type":"PropertyValueSpecification","valueRequired":true,"valueName":"search_term_string"}}],"inLanguage":"en-US"},{"@type":"Organization","@id":"https:\/\/saknews.net\/ku\/#organization","name":"\u015eep\u00eala Azadiy\u00ea ya Kurdistan\u00ea - \u062a\u064a\u0627\u0631 \u0627\u0644\u062d\u0631\u064a\u0629 \u0627\u0644\u0643\u0648\u0631\u062f\u0633\u062a\u0627\u0646\u064a","url":"https:\/\/saknews.net\/ku\/","logo":{"@type":"ImageObject","inLanguage":"en-US","@id":"https:\/\/saknews.net\/ku\/#\/schema\/logo\/image\/","url":"https:\/\/i0.wp.com\/saknews.net\/ku\/wp-content\/uploads\/2024\/11\/cropped-logo-1.png?fit=512%2C512&ssl=1","contentUrl":"https:\/\/i0.wp.com\/saknews.net\/ku\/wp-content\/uploads\/2024\/11\/cropped-logo-1.png?fit=512%2C512&ssl=1","width":512,"height":512,"caption":"\u015eep\u00eala Azadiy\u00ea ya Kurdistan\u00ea - \u062a\u064a\u0627\u0631 \u0627\u0644\u062d\u0631\u064a\u0629 \u0627\u0644\u0643\u0648\u0631\u062f\u0633\u062a\u0627\u0646\u064a"},"image":{"@id":"https:\/\/saknews.net\/ku\/#\/schema\/logo\/image\/"},"sameAs":["https:\/\/www.facebook.com\/Shepel.ewropa"]},{"@type":"Person","@id":"https:\/\/saknews.net\/ku\/#\/schema\/person\/1c01cd16fca0bfa144578b4674c618a7","name":"Helebja Helebja","sameAs":["https:\/\/saknews.net\/ku"],"url":"https:\/\/saknews.net\/ku\/?author=5"}]}},"featured_image_urls":{"full":["https:\/\/i0.wp.com\/saknews.net\/ku\/wp-content\/uploads\/2025\/05\/IMG_2557.jpeg?fit=2291%2C1235&ssl=1",2291,1235,false],"thumbnail":["https:\/\/i0.wp.com\/saknews.net\/ku\/wp-content\/uploads\/2025\/05\/IMG_2557.jpeg?resize=150%2C150&ssl=1",150,150,true],"medium":["https:\/\/i0.wp.com\/saknews.net\/ku\/wp-content\/uploads\/2025\/05\/IMG_2557.jpeg?fit=300%2C162&ssl=1",300,162,true],"medium_large":["https:\/\/i0.wp.com\/saknews.net\/ku\/wp-content\/uploads\/2025\/05\/IMG_2557.jpeg?fit=640%2C345&ssl=1",640,345,true],"large":["https:\/\/i0.wp.com\/saknews.net\/ku\/wp-content\/uploads\/2025\/05\/IMG_2557.jpeg?fit=640%2C345&ssl=1",640,345,true],"1536x1536":["https:\/\/i0.wp.com\/saknews.net\/ku\/wp-content\/uploads\/2025\/05\/IMG_2557.jpeg?fit=1536%2C828&ssl=1",1536,828,true],"2048x2048":["https:\/\/i0.wp.com\/saknews.net\/ku\/wp-content\/uploads\/2025\/05\/IMG_2557.jpeg?fit=2048%2C1104&ssl=1",2048,1104,true],"covernews-featured":["https:\/\/i0.wp.com\/saknews.net\/ku\/wp-content\/uploads\/2025\/05\/IMG_2557.jpeg?fit=1024%2C552&ssl=1",1024,552,true],"covernews-medium":["https:\/\/i0.wp.com\/saknews.net\/ku\/wp-content\/uploads\/2025\/05\/IMG_2557.jpeg?resize=540%2C340&ssl=1",540,340,true]},"author_info":{"display_name":"Helebja Helebja","author_link":"https:\/\/saknews.net\/ku\/?author=5"},"category_info":"<a href=\"https:\/\/saknews.net\/ku\/?cat=49\" rel=\"category\">N\u00fb\u00e7e<\/a>","tag_info":"N\u00fb\u00e7e","comment_count":"0","_links":{"self":[{"href":"https:\/\/saknews.net\/ku\/index.php?rest_route=\/wp\/v2\/posts\/2317","targetHints":{"allow":["GET"]}}],"collection":[{"href":"https:\/\/saknews.net\/ku\/index.php?rest_route=\/wp\/v2\/posts"}],"about":[{"href":"https:\/\/saknews.net\/ku\/index.php?rest_route=\/wp\/v2\/types\/post"}],"author":[{"embeddable":true,"href":"https:\/\/saknews.net\/ku\/index.php?rest_route=\/wp\/v2\/users\/5"}],"replies":[{"embeddable":true,"href":"https:\/\/saknews.net\/ku\/index.php?rest_route=%2Fwp%2Fv2%2Fcomments&post=2317"}],"version-history":[{"count":3,"href":"https:\/\/saknews.net\/ku\/index.php?rest_route=\/wp\/v2\/posts\/2317\/revisions"}],"predecessor-version":[{"id":2322,"href":"https:\/\/saknews.net\/ku\/index.php?rest_route=\/wp\/v2\/posts\/2317\/revisions\/2322"}],"wp:featuredmedia":[{"embeddable":true,"href":"https:\/\/saknews.net\/ku\/index.php?rest_route=\/wp\/v2\/media\/2318"}],"wp:attachment":[{"href":"https:\/\/saknews.net\/ku\/index.php?rest_route=%2Fwp%2Fv2%2Fmedia&parent=2317"}],"wp:term":[{"taxonomy":"category","embeddable":true,"href":"https:\/\/saknews.net\/ku\/index.php?rest_route=%2Fwp%2Fv2%2Fcategories&post=2317"},{"taxonomy":"post_tag","embeddable":true,"href":"https:\/\/saknews.net\/ku\/index.php?rest_route=%2Fwp%2Fv2%2Ftags&post=2317"}],"curies":[{"name":"wp","href":"https:\/\/api.w.org\/{rel}","templated":true}]}}