{"id":2331,"date":"2025-05-17T06:59:27","date_gmt":"2025-05-17T06:59:27","guid":{"rendered":"https:\/\/saknews.net\/ku\/?p=2331"},"modified":"2025-05-17T06:59:27","modified_gmt":"2025-05-17T06:59:27","slug":"haco-dive-amerika-alikar-be-keseki-bi-demokrasiye-bawer-were-ser-desthelate","status":"publish","type":"post","link":"https:\/\/saknews.net\/ku\/?p=2331","title":{"rendered":"Haco: Div\u00ea Amer\u00eeka al\u00eekar be kesek\u00ee bi demokrasiy\u00ea bawer were ser desthelat\u00ea"},"content":{"rendered":"<p>Derbar\u00ea rakirina sizayan li ser S\u00fbriyay\u00ea, Serok\u00ea \u015eep\u00eala Azad\u00ee ya Kurdistan\u00ee, Siyamend Haco ji Kurdistan24 re ragihand, kesek\u00ee bawer nedikir ku biryareke bi v\u00ee reng\u00ee were standin.<br \/>\nEm dizandin Donald Trump keseke bi keyfa xwe diaxive \u00fb gelek caran biryaran dist\u00eene b\u00ea ku bizane ka ew biryar raste yan na, ji ber ku ev siza li ser biryara kongir\u00eas\u00ea Emr\u00eek\u00ee hatiye standin \u00fb ne bi sanah\u00ee ye ev siza bi v\u00ee reng\u00ee werin rakirin, her\u00ee k\u00eam div\u00ea kongir\u00eas er\u00ea bike.<br \/>\nrakirina van sizayan ji bo S\u00fbriy\u00ea bi gi\u015ft\u00ee ba\u015f e, l\u00ea dem div\u00ea hata ev siza rabin.<br \/>\nSiyamend Haco herwiha got, hevd\u00eetina Trump bi serok\u00ea S\u00fbriyay\u00ea y\u00ea n\u00fb Ehmed El-\u015eerih re w\u00ee bih\u00eaz dike \u00fb t\u00ea wateya it\u00eerafeke Emr\u00eek\u00ee bi El-\u015eerih. <\/p>\n<p>Pi\u015ft\u00ee w\u00ea hevd\u00eetin\u00ea, Trump got, El-\u015eerih kesek\u00ee bih\u00eaz e.<br \/>\nHaco dib\u00eaje, ev axaftina Trump ti\u015ftek\u00ee xirab e, nabe serok\u00ea S\u00fbriy\u00ea y\u00ea n\u00fb bih\u00eaz be, ji ber ku div\u00ea kesek\u00ee S\u00fbryay\u00ea bir\u00eave bibe ku em bikaribin desthilat\u00ea li gel w\u00ee hevpar bikin \u00fb nabe groupek\u00ea bi\u00e7\u00fbk desthilat\u00ea bir\u00eave bibe<br \/>\nEger Trump ti\u015ftek ji d\u00eeroka S\u00fbriy\u00ea zan\u00eeba, ev axaftin nedigot.<br \/>\nCih\u00ea metirsiy\u00ea ye ku Emer\u00eeka al\u00eekar be ji bo bih\u00eazkirina Ehmed El-\u015eerih, ya rast ew e ku Emer\u00eeka al\u00eekar be ku kesek were ser desthilat\u00ea baweriya w\u00ee bi demokratiy\u00ea heb\u00ea, ne kesek bi yek al\u00ee siyaset\u00ea bike.<br \/>\nHeta niha hik\u00fbmeta n\u00fb ya S\u00fbriyay\u00ea, hik\u00fbmeteke sin\u00ee \u00fb Islamiye \u00fb bi ner\u00eena min div\u00ea kesek hik\u00fbmeteke bi v\u00ee reng\u00ee bih\u00eaz neke.<br \/>\nSerok\u00ea \u015eep\u00eala Azad\u00ee ya Kurdistan\u00ee herwiha got,Trump siyaset\u00ea nake, belko bazirgane \u00fb bazirganiy\u00ea dike \u00fb ev birayara rakirina sizayan li ser daxwaza Siudiy\u00ea \u00fb Turkiya b\u00fb \u00fb \u00eemzekirina peymana 600 milyar dolar\u00ee ew serxwe\u015f kir \u00fb biryar standin, l\u00ea em bi h\u00eav\u00eene ku kongir\u00eas\u00ea Emr\u00eek\u00ee rakirina sizayan bi hejmareke mercan ve gir\u00eabid\u00ea \u00fb control bike ku bikev\u00ea di berjewendiya S\u00fbriyay\u00ea de.<br \/>\nLi ser kar\u00eegeriya rakirina van sizayan li ser Kurdistana S\u00fbriyay\u00ea, Haco got, Trump ne ten\u00ea daxwaz ba\u015fkirina t\u00eakiliyan li gel Isra\u00eel \u00fb \u00eemzekirina peymana Abraham ji serok\u00ea n\u00fb y\u00ea S\u00fbriy\u00ea kir, l\u00ea xwest ku ew \u015fer\u00ea DAI\u015e\u00ea \u00fb parastina kamp\u00ean malbat\u00ean DAI\u015e\u00ea j\u00ee bikin, \u00fb ev gaveke xirabe ji bo Kurdan, ji ber ku hevpeyman\u00ean Emer\u00eeka ji bo \u015fer\u00ea DAI\u015e\u00ea H\u00eaz\u00ean S\u00fbriyaya Demokrat\u00eek HSD\u00ea ne \u00fb ew kamp di bin kontrola HSD\u00ea deye \u00fb eger hik\u00fbmeta S\u00fbriyay\u00ea ya n\u00fb van cihan j\u00ee control bike, t\u00ea w\u00ea watey\u00ea, ku tu rola HSD\u00ea nam\u00eene.<br \/>\nTrump kesek\u00ea bazirgane \u00fb ji bo w\u00ee HSD\u00ea \u00fb  \u015fer\u00ea DAI\u015e\u00ea xerciyeke z\u00eadeye bo Emer\u00eeka \u00fb ew dib\u00eene eger hik\u00fbmeta S\u00fbriyay\u00ea ya n\u00fb bi van karan rabe, \u00ead\u00ee ew van pereyan nadin, wate k\u00eamkirina xerickirina pereyan li s\u00fbryay\u00ea \u00fb ev ne di berjewendiya Kurdan deye.<br \/>\nDerbar\u00ea konfiras\u00ea yekr\u00eaziya Kurd\u00ee, Siyamend Haco ji Kurdistan24 re got, ez bawer nakim Ehmed El-\u015eeri p\u00ea\u015fwaziy\u00ea li kom\u00eetey\u00ean konfiras bike, ji ber ku ber\u00ee niha \u015eeri peymanek li gel fermandar\u00ea gi\u015ft\u00ee y\u00ea H\u00eaz\u00ean s\u00fbriyaya Demokrat\u00eek HSD\u00ea Mezlum Ebd\u00ea \u00eemze kiriye \u00fb p\u00eaw\u00eest nak\u00ea dan\u00fbstandin\u00ea bi tu aliyek\u00ea din re bike.<br \/>\nTa niha Mezl\u00fbm Ebd\u00ea dib\u00eaj\u00ea ez pabendim bi peymana me li gel \u015eeri \u00eemze kir\u00ee, l\u00ea bi ner\u00eena min ew peyman berovaj\u00ee lihevhatin\u00ean konfiras\u00ea Kurd\u00ee ye \u00fb di siberoj\u00ea de ev peyman w\u00ea bibe astengeke mezin li p\u00ea\u015fiya w\u00ee kom\u00eeteya hevbe\u015f ya ku w\u00ea here \u015eam\u00ea.<\/p>\n","protected":false},"excerpt":{"rendered":"<p>Derbar\u00ea rakirina sizayan li ser S\u00fbriyay\u00ea, Serok\u00ea \u015eep\u00eala Azad\u00ee ya Kurdistan\u00ee, Siyamend Haco ji Kurdistan24&#8230;<\/p>\n","protected":false},"author":8,"featured_media":2324,"comment_status":"closed","ping_status":"closed","sticky":false,"template":"","format":"standard","meta":{"footnotes":""},"categories":[49],"tags":[],"class_list":["post-2331","post","type-post","status-publish","format-standard","has-post-thumbnail","hentry","category-nuce"],"yoast_head":"<!-- This site is optimized with the Yoast SEO plugin v27.5 - https:\/\/yoast.com\/product\/yoast-seo-wordpress\/ -->\n<title>Haco: Div\u00ea Amer\u00eeka al\u00eekar be kesek\u00ee bi demokrasiy\u00ea bawer were ser desthelat\u00ea &#8226; \u015eAK<\/title>\n<meta name=\"robots\" content=\"index, follow, max-snippet:-1, max-image-preview:large, max-video-preview:-1\" \/>\n<link rel=\"canonical\" href=\"https:\/\/saknews.net\/ku\/?p=2331\" \/>\n<meta property=\"og:locale\" content=\"en_US\" \/>\n<meta property=\"og:type\" content=\"article\" \/>\n<meta property=\"og:title\" content=\"Haco: Div\u00ea Amer\u00eeka al\u00eekar be kesek\u00ee bi demokrasiy\u00ea bawer were ser desthelat\u00ea &#8226; \u015eAK\" \/>\n<meta property=\"og:description\" content=\"Derbar\u00ea rakirina sizayan li ser S\u00fbriyay\u00ea, Serok\u00ea \u015eep\u00eala Azad\u00ee ya Kurdistan\u00ee, Siyamend Haco ji Kurdistan24...\" \/>\n<meta property=\"og:url\" content=\"https:\/\/saknews.net\/ku\/?p=2331\" \/>\n<meta property=\"og:site_name\" content=\"\u015eAK\" \/>\n<meta property=\"article:publisher\" content=\"https:\/\/www.facebook.com\/Shepel.ewropa\" \/>\n<meta property=\"article:published_time\" content=\"2025-05-17T06:59:27+00:00\" \/>\n<meta property=\"og:image\" content=\"https:\/\/saknews.net\/ku\/wp-content\/uploads\/2025\/05\/Siyamend-HACO-k24.jpg\" \/>\n\t<meta property=\"og:image:width\" content=\"1911\" \/>\n\t<meta property=\"og:image:height\" content=\"1080\" \/>\n\t<meta property=\"og:image:type\" content=\"image\/jpeg\" \/>\n<meta name=\"author\" content=\"Horan Hem\" \/>\n<meta name=\"twitter:card\" content=\"summary_large_image\" \/>\n<meta name=\"twitter:label1\" content=\"Written by\" \/>\n\t<meta name=\"twitter:data1\" content=\"Horan Hem\" \/>\n\t<meta name=\"twitter:label2\" content=\"Est. reading time\" \/>\n\t<meta name=\"twitter:data2\" content=\"1 minute\" \/>\n<script type=\"application\/ld+json\" class=\"yoast-schema-graph\">{\"@context\":\"https:\\\/\\\/schema.org\",\"@graph\":[{\"@type\":\"Article\",\"@id\":\"https:\\\/\\\/saknews.net\\\/ku\\\/?p=2331#article\",\"isPartOf\":{\"@id\":\"https:\\\/\\\/saknews.net\\\/ku\\\/?p=2331\"},\"author\":{\"name\":\"Horan Hem\",\"@id\":\"https:\\\/\\\/saknews.net\\\/ku\\\/#\\\/schema\\\/person\\\/72ae32a4041a3817e015b63d8f409058\"},\"headline\":\"Haco: Div\u00ea Amer\u00eeka al\u00eekar be kesek\u00ee bi demokrasiy\u00ea bawer were ser desthelat\u00ea\",\"datePublished\":\"2025-05-17T06:59:27+00:00\",\"mainEntityOfPage\":{\"@id\":\"https:\\\/\\\/saknews.net\\\/ku\\\/?p=2331\"},\"wordCount\":617,\"publisher\":{\"@id\":\"https:\\\/\\\/saknews.net\\\/ku\\\/#organization\"},\"image\":{\"@id\":\"https:\\\/\\\/saknews.net\\\/ku\\\/?p=2331#primaryimage\"},\"thumbnailUrl\":\"https:\\\/\\\/i0.wp.com\\\/saknews.net\\\/ku\\\/wp-content\\\/uploads\\\/2025\\\/05\\\/Siyamend-HACO-k24.jpg?fit=1911%2C1080&ssl=1\",\"articleSection\":[\"N\u00fb\u00e7e\"],\"inLanguage\":\"en-US\"},{\"@type\":\"WebPage\",\"@id\":\"https:\\\/\\\/saknews.net\\\/ku\\\/?p=2331\",\"url\":\"https:\\\/\\\/saknews.net\\\/ku\\\/?p=2331\",\"name\":\"Haco: Div\u00ea Amer\u00eeka al\u00eekar be kesek\u00ee bi demokrasiy\u00ea bawer were ser desthelat\u00ea &#8226; \u015eAK\",\"isPartOf\":{\"@id\":\"https:\\\/\\\/saknews.net\\\/ku\\\/#website\"},\"primaryImageOfPage\":{\"@id\":\"https:\\\/\\\/saknews.net\\\/ku\\\/?p=2331#primaryimage\"},\"image\":{\"@id\":\"https:\\\/\\\/saknews.net\\\/ku\\\/?p=2331#primaryimage\"},\"thumbnailUrl\":\"https:\\\/\\\/i0.wp.com\\\/saknews.net\\\/ku\\\/wp-content\\\/uploads\\\/2025\\\/05\\\/Siyamend-HACO-k24.jpg?fit=1911%2C1080&ssl=1\",\"datePublished\":\"2025-05-17T06:59:27+00:00\",\"breadcrumb\":{\"@id\":\"https:\\\/\\\/saknews.net\\\/ku\\\/?p=2331#breadcrumb\"},\"inLanguage\":\"en-US\",\"potentialAction\":[{\"@type\":\"ReadAction\",\"target\":[\"https:\\\/\\\/saknews.net\\\/ku\\\/?p=2331\"]}]},{\"@type\":\"ImageObject\",\"inLanguage\":\"en-US\",\"@id\":\"https:\\\/\\\/saknews.net\\\/ku\\\/?p=2331#primaryimage\",\"url\":\"https:\\\/\\\/i0.wp.com\\\/saknews.net\\\/ku\\\/wp-content\\\/uploads\\\/2025\\\/05\\\/Siyamend-HACO-k24.jpg?fit=1911%2C1080&ssl=1\",\"contentUrl\":\"https:\\\/\\\/i0.wp.com\\\/saknews.net\\\/ku\\\/wp-content\\\/uploads\\\/2025\\\/05\\\/Siyamend-HACO-k24.jpg?fit=1911%2C1080&ssl=1\",\"width\":1911,\"height\":1080},{\"@type\":\"BreadcrumbList\",\"@id\":\"https:\\\/\\\/saknews.net\\\/ku\\\/?p=2331#breadcrumb\",\"itemListElement\":[{\"@type\":\"ListItem\",\"position\":1,\"name\":\"\u0627\u0644\u0631\u0626\u064a\u0633\u064a\u0629\",\"item\":\"https:\\\/\\\/saknews.net\\\/ku\\\/\"},{\"@type\":\"ListItem\",\"position\":2,\"name\":\"N\u00fb\u00e7e\",\"item\":\"https:\\\/\\\/saknews.net\\\/ku\\\/?cat=49\"},{\"@type\":\"ListItem\",\"position\":3,\"name\":\"Haco: Div\u00ea Amer\u00eeka al\u00eekar be kesek\u00ee bi demokrasiy\u00ea bawer were ser desthelat\u00ea\"}]},{\"@type\":\"WebSite\",\"@id\":\"https:\\\/\\\/saknews.net\\\/ku\\\/#website\",\"url\":\"https:\\\/\\\/saknews.net\\\/ku\\\/\",\"name\":\"S\u0327epe\u0302la Azadi\u0302 ya Kurdistani\u0302\",\"description\":\"\u062a\u064a\u0627\u0631 \u0627\u0644\u062d\u0631\u064a\u0629 \u0627\u0644\u0643\u0648\u0631\u062f\u0633\u062a\u0627\u0646\u064a \u015eep\u00eala Azad\u00ee ya Kurdistan\u00ee\",\"publisher\":{\"@id\":\"https:\\\/\\\/saknews.net\\\/ku\\\/#organization\"},\"potentialAction\":[{\"@type\":\"SearchAction\",\"target\":{\"@type\":\"EntryPoint\",\"urlTemplate\":\"https:\\\/\\\/saknews.net\\\/ku\\\/?s={search_term_string}\"},\"query-input\":{\"@type\":\"PropertyValueSpecification\",\"valueRequired\":true,\"valueName\":\"search_term_string\"}}],\"inLanguage\":\"en-US\"},{\"@type\":\"Organization\",\"@id\":\"https:\\\/\\\/saknews.net\\\/ku\\\/#organization\",\"name\":\"\u015eep\u00eala Azadiy\u00ea ya Kurdistan\u00ea - \u062a\u064a\u0627\u0631 \u0627\u0644\u062d\u0631\u064a\u0629 \u0627\u0644\u0643\u0648\u0631\u062f\u0633\u062a\u0627\u0646\u064a\",\"url\":\"https:\\\/\\\/saknews.net\\\/ku\\\/\",\"logo\":{\"@type\":\"ImageObject\",\"inLanguage\":\"en-US\",\"@id\":\"https:\\\/\\\/saknews.net\\\/ku\\\/#\\\/schema\\\/logo\\\/image\\\/\",\"url\":\"https:\\\/\\\/i0.wp.com\\\/saknews.net\\\/ku\\\/wp-content\\\/uploads\\\/2024\\\/11\\\/cropped-logo-1.png?fit=512%2C512&ssl=1\",\"contentUrl\":\"https:\\\/\\\/i0.wp.com\\\/saknews.net\\\/ku\\\/wp-content\\\/uploads\\\/2024\\\/11\\\/cropped-logo-1.png?fit=512%2C512&ssl=1\",\"width\":512,\"height\":512,\"caption\":\"\u015eep\u00eala Azadiy\u00ea ya Kurdistan\u00ea - \u062a\u064a\u0627\u0631 \u0627\u0644\u062d\u0631\u064a\u0629 \u0627\u0644\u0643\u0648\u0631\u062f\u0633\u062a\u0627\u0646\u064a\"},\"image\":{\"@id\":\"https:\\\/\\\/saknews.net\\\/ku\\\/#\\\/schema\\\/logo\\\/image\\\/\"},\"sameAs\":[\"https:\\\/\\\/www.facebook.com\\\/Shepel.ewropa\"]},{\"@type\":\"Person\",\"@id\":\"https:\\\/\\\/saknews.net\\\/ku\\\/#\\\/schema\\\/person\\\/72ae32a4041a3817e015b63d8f409058\",\"name\":\"Horan Hem\",\"url\":\"https:\\\/\\\/saknews.net\\\/ku\\\/?author=8\"}]}<\/script>\n<!-- \/ Yoast SEO plugin. -->","yoast_head_json":{"title":"Haco: Div\u00ea Amer\u00eeka al\u00eekar be kesek\u00ee bi demokrasiy\u00ea bawer were ser desthelat\u00ea &#8226; \u015eAK","robots":{"index":"index","follow":"follow","max-snippet":"max-snippet:-1","max-image-preview":"max-image-preview:large","max-video-preview":"max-video-preview:-1"},"canonical":"https:\/\/saknews.net\/ku\/?p=2331","og_locale":"en_US","og_type":"article","og_title":"Haco: Div\u00ea Amer\u00eeka al\u00eekar be kesek\u00ee bi demokrasiy\u00ea bawer were ser desthelat\u00ea &#8226; \u015eAK","og_description":"Derbar\u00ea rakirina sizayan li ser S\u00fbriyay\u00ea, Serok\u00ea \u015eep\u00eala Azad\u00ee ya Kurdistan\u00ee, Siyamend Haco ji Kurdistan24...","og_url":"https:\/\/saknews.net\/ku\/?p=2331","og_site_name":"\u015eAK","article_publisher":"https:\/\/www.facebook.com\/Shepel.ewropa","article_published_time":"2025-05-17T06:59:27+00:00","og_image":[{"width":1911,"height":1080,"url":"https:\/\/saknews.net\/ku\/wp-content\/uploads\/2025\/05\/Siyamend-HACO-k24.jpg","type":"image\/jpeg"}],"author":"Horan Hem","twitter_card":"summary_large_image","twitter_misc":{"Written by":"Horan Hem","Est. reading time":"1 minute"},"schema":{"@context":"https:\/\/schema.org","@graph":[{"@type":"Article","@id":"https:\/\/saknews.net\/ku\/?p=2331#article","isPartOf":{"@id":"https:\/\/saknews.net\/ku\/?p=2331"},"author":{"name":"Horan Hem","@id":"https:\/\/saknews.net\/ku\/#\/schema\/person\/72ae32a4041a3817e015b63d8f409058"},"headline":"Haco: Div\u00ea Amer\u00eeka al\u00eekar be kesek\u00ee bi demokrasiy\u00ea bawer were ser desthelat\u00ea","datePublished":"2025-05-17T06:59:27+00:00","mainEntityOfPage":{"@id":"https:\/\/saknews.net\/ku\/?p=2331"},"wordCount":617,"publisher":{"@id":"https:\/\/saknews.net\/ku\/#organization"},"image":{"@id":"https:\/\/saknews.net\/ku\/?p=2331#primaryimage"},"thumbnailUrl":"https:\/\/i0.wp.com\/saknews.net\/ku\/wp-content\/uploads\/2025\/05\/Siyamend-HACO-k24.jpg?fit=1911%2C1080&ssl=1","articleSection":["N\u00fb\u00e7e"],"inLanguage":"en-US"},{"@type":"WebPage","@id":"https:\/\/saknews.net\/ku\/?p=2331","url":"https:\/\/saknews.net\/ku\/?p=2331","name":"Haco: Div\u00ea Amer\u00eeka al\u00eekar be kesek\u00ee bi demokrasiy\u00ea bawer were ser desthelat\u00ea &#8226; \u015eAK","isPartOf":{"@id":"https:\/\/saknews.net\/ku\/#website"},"primaryImageOfPage":{"@id":"https:\/\/saknews.net\/ku\/?p=2331#primaryimage"},"image":{"@id":"https:\/\/saknews.net\/ku\/?p=2331#primaryimage"},"thumbnailUrl":"https:\/\/i0.wp.com\/saknews.net\/ku\/wp-content\/uploads\/2025\/05\/Siyamend-HACO-k24.jpg?fit=1911%2C1080&ssl=1","datePublished":"2025-05-17T06:59:27+00:00","breadcrumb":{"@id":"https:\/\/saknews.net\/ku\/?p=2331#breadcrumb"},"inLanguage":"en-US","potentialAction":[{"@type":"ReadAction","target":["https:\/\/saknews.net\/ku\/?p=2331"]}]},{"@type":"ImageObject","inLanguage":"en-US","@id":"https:\/\/saknews.net\/ku\/?p=2331#primaryimage","url":"https:\/\/i0.wp.com\/saknews.net\/ku\/wp-content\/uploads\/2025\/05\/Siyamend-HACO-k24.jpg?fit=1911%2C1080&ssl=1","contentUrl":"https:\/\/i0.wp.com\/saknews.net\/ku\/wp-content\/uploads\/2025\/05\/Siyamend-HACO-k24.jpg?fit=1911%2C1080&ssl=1","width":1911,"height":1080},{"@type":"BreadcrumbList","@id":"https:\/\/saknews.net\/ku\/?p=2331#breadcrumb","itemListElement":[{"@type":"ListItem","position":1,"name":"\u0627\u0644\u0631\u0626\u064a\u0633\u064a\u0629","item":"https:\/\/saknews.net\/ku\/"},{"@type":"ListItem","position":2,"name":"N\u00fb\u00e7e","item":"https:\/\/saknews.net\/ku\/?cat=49"},{"@type":"ListItem","position":3,"name":"Haco: Div\u00ea Amer\u00eeka al\u00eekar be kesek\u00ee bi demokrasiy\u00ea bawer were ser desthelat\u00ea"}]},{"@type":"WebSite","@id":"https:\/\/saknews.net\/ku\/#website","url":"https:\/\/saknews.net\/ku\/","name":"S\u0327epe\u0302la Azadi\u0302 ya Kurdistani\u0302","description":"\u062a\u064a\u0627\u0631 \u0627\u0644\u062d\u0631\u064a\u0629 \u0627\u0644\u0643\u0648\u0631\u062f\u0633\u062a\u0627\u0646\u064a \u015eep\u00eala Azad\u00ee ya Kurdistan\u00ee","publisher":{"@id":"https:\/\/saknews.net\/ku\/#organization"},"potentialAction":[{"@type":"SearchAction","target":{"@type":"EntryPoint","urlTemplate":"https:\/\/saknews.net\/ku\/?s={search_term_string}"},"query-input":{"@type":"PropertyValueSpecification","valueRequired":true,"valueName":"search_term_string"}}],"inLanguage":"en-US"},{"@type":"Organization","@id":"https:\/\/saknews.net\/ku\/#organization","name":"\u015eep\u00eala Azadiy\u00ea ya Kurdistan\u00ea - \u062a\u064a\u0627\u0631 \u0627\u0644\u062d\u0631\u064a\u0629 \u0627\u0644\u0643\u0648\u0631\u062f\u0633\u062a\u0627\u0646\u064a","url":"https:\/\/saknews.net\/ku\/","logo":{"@type":"ImageObject","inLanguage":"en-US","@id":"https:\/\/saknews.net\/ku\/#\/schema\/logo\/image\/","url":"https:\/\/i0.wp.com\/saknews.net\/ku\/wp-content\/uploads\/2024\/11\/cropped-logo-1.png?fit=512%2C512&ssl=1","contentUrl":"https:\/\/i0.wp.com\/saknews.net\/ku\/wp-content\/uploads\/2024\/11\/cropped-logo-1.png?fit=512%2C512&ssl=1","width":512,"height":512,"caption":"\u015eep\u00eala Azadiy\u00ea ya Kurdistan\u00ea - \u062a\u064a\u0627\u0631 \u0627\u0644\u062d\u0631\u064a\u0629 \u0627\u0644\u0643\u0648\u0631\u062f\u0633\u062a\u0627\u0646\u064a"},"image":{"@id":"https:\/\/saknews.net\/ku\/#\/schema\/logo\/image\/"},"sameAs":["https:\/\/www.facebook.com\/Shepel.ewropa"]},{"@type":"Person","@id":"https:\/\/saknews.net\/ku\/#\/schema\/person\/72ae32a4041a3817e015b63d8f409058","name":"Horan Hem","url":"https:\/\/saknews.net\/ku\/?author=8"}]}},"featured_image_urls":{"full":["https:\/\/i0.wp.com\/saknews.net\/ku\/wp-content\/uploads\/2025\/05\/Siyamend-HACO-k24.jpg?fit=1911%2C1080&ssl=1",1911,1080,false],"thumbnail":["https:\/\/i0.wp.com\/saknews.net\/ku\/wp-content\/uploads\/2025\/05\/Siyamend-HACO-k24.jpg?resize=150%2C150&ssl=1",150,150,true],"medium":["https:\/\/i0.wp.com\/saknews.net\/ku\/wp-content\/uploads\/2025\/05\/Siyamend-HACO-k24.jpg?fit=300%2C170&ssl=1",300,170,true],"medium_large":["https:\/\/i0.wp.com\/saknews.net\/ku\/wp-content\/uploads\/2025\/05\/Siyamend-HACO-k24.jpg?fit=640%2C362&ssl=1",640,362,true],"large":["https:\/\/i0.wp.com\/saknews.net\/ku\/wp-content\/uploads\/2025\/05\/Siyamend-HACO-k24.jpg?fit=640%2C362&ssl=1",640,362,true],"1536x1536":["https:\/\/i0.wp.com\/saknews.net\/ku\/wp-content\/uploads\/2025\/05\/Siyamend-HACO-k24.jpg?fit=1536%2C868&ssl=1",1536,868,true],"2048x2048":["https:\/\/i0.wp.com\/saknews.net\/ku\/wp-content\/uploads\/2025\/05\/Siyamend-HACO-k24.jpg?fit=1911%2C1080&ssl=1",1911,1080,true],"covernews-featured":["https:\/\/i0.wp.com\/saknews.net\/ku\/wp-content\/uploads\/2025\/05\/Siyamend-HACO-k24.jpg?fit=1024%2C579&ssl=1",1024,579,true],"covernews-medium":["https:\/\/i0.wp.com\/saknews.net\/ku\/wp-content\/uploads\/2025\/05\/Siyamend-HACO-k24.jpg?resize=540%2C340&ssl=1",540,340,true]},"author_info":{"display_name":"Horan Hem","author_link":"https:\/\/saknews.net\/ku\/?author=8"},"category_info":"<a href=\"https:\/\/saknews.net\/ku\/?cat=49\" rel=\"category\">N\u00fb\u00e7e<\/a>","tag_info":"N\u00fb\u00e7e","comment_count":"0","_links":{"self":[{"href":"https:\/\/saknews.net\/ku\/index.php?rest_route=\/wp\/v2\/posts\/2331","targetHints":{"allow":["GET"]}}],"collection":[{"href":"https:\/\/saknews.net\/ku\/index.php?rest_route=\/wp\/v2\/posts"}],"about":[{"href":"https:\/\/saknews.net\/ku\/index.php?rest_route=\/wp\/v2\/types\/post"}],"author":[{"embeddable":true,"href":"https:\/\/saknews.net\/ku\/index.php?rest_route=\/wp\/v2\/users\/8"}],"replies":[{"embeddable":true,"href":"https:\/\/saknews.net\/ku\/index.php?rest_route=%2Fwp%2Fv2%2Fcomments&post=2331"}],"version-history":[{"count":1,"href":"https:\/\/saknews.net\/ku\/index.php?rest_route=\/wp\/v2\/posts\/2331\/revisions"}],"predecessor-version":[{"id":2332,"href":"https:\/\/saknews.net\/ku\/index.php?rest_route=\/wp\/v2\/posts\/2331\/revisions\/2332"}],"wp:featuredmedia":[{"embeddable":true,"href":"https:\/\/saknews.net\/ku\/index.php?rest_route=\/wp\/v2\/media\/2324"}],"wp:attachment":[{"href":"https:\/\/saknews.net\/ku\/index.php?rest_route=%2Fwp%2Fv2%2Fmedia&parent=2331"}],"wp:term":[{"taxonomy":"category","embeddable":true,"href":"https:\/\/saknews.net\/ku\/index.php?rest_route=%2Fwp%2Fv2%2Fcategories&post=2331"},{"taxonomy":"post_tag","embeddable":true,"href":"https:\/\/saknews.net\/ku\/index.php?rest_route=%2Fwp%2Fv2%2Ftags&post=2331"}],"curies":[{"name":"wp","href":"https:\/\/api.w.org\/{rel}","templated":true}]}}