{"id":2334,"date":"2025-05-17T08:24:51","date_gmt":"2025-05-17T08:24:51","guid":{"rendered":"https:\/\/saknews.net\/ku\/?p=2334"},"modified":"2025-05-17T08:25:36","modified_gmt":"2025-05-17T08:25:36","slug":"kurd-u-pekhateyen-din-en-suriye-bi-wezareta-derve-ya-almanya-re-dicivin","status":"publish","type":"post","link":"https:\/\/saknews.net\/ku\/?p=2334","title":{"rendered":"Kurd \u00fb p\u00eakhatey\u00ean din \u00ean S\u00fbriy\u00ea bi Wezareta Derve ya Almanya re dicivin"},"content":{"rendered":"<p>Of\u00eesa P\u00eawendiy\u00ean Derve ya Ber\u00ea Kurdistana S\u00fbriy\u00ea hevd\u00eetinek bi Wezareta Derve ya Almanya re p\u00eak an\u00ee ku t\u00eade p\u00eakhatey\u00ean ewleh\u00ee, durz\u00ee \u00fb a\u015f\u00fbr\u00ee j\u00ee be\u015fdar b\u00fbn<br \/>\nDi civ\u00een\u00ea de behsa rew\u015fa S\u00fbriy\u00ea bi gi\u015ft\u00ee hate kirin \u00fb hate tekezkirin, ku div\u00ea her p\u00eakhateyek bi xwe, xwe bir\u00eave bibe. Deqeya ragihandin\u00ea:<\/p>\n<p><img data-recalc-dims=\"1\" decoding=\"async\" class=\"alignright size-medium wp-image-2337 lazyload\" data-src=\"https:\/\/i0.wp.com\/saknews.net\/ku\/wp-content\/uploads\/2025\/05\/IMG-20250517-WA0028.jpg?resize=300%2C225&#038;ssl=1\" alt=\"\" width=\"300\" height=\"225\" data-srcset=\"https:\/\/i0.wp.com\/saknews.net\/ku\/wp-content\/uploads\/2025\/05\/IMG-20250517-WA0028.jpg?resize=300%2C225&amp;ssl=1 300w, https:\/\/i0.wp.com\/saknews.net\/ku\/wp-content\/uploads\/2025\/05\/IMG-20250517-WA0028.jpg?resize=1024%2C768&amp;ssl=1 1024w, https:\/\/i0.wp.com\/saknews.net\/ku\/wp-content\/uploads\/2025\/05\/IMG-20250517-WA0028.jpg?resize=768%2C576&amp;ssl=1 768w, https:\/\/i0.wp.com\/saknews.net\/ku\/wp-content\/uploads\/2025\/05\/IMG-20250517-WA0028.jpg?resize=1536%2C1152&amp;ssl=1 1536w, https:\/\/i0.wp.com\/saknews.net\/ku\/wp-content\/uploads\/2025\/05\/IMG-20250517-WA0028.jpg?w=1600&amp;ssl=1 1600w, https:\/\/i0.wp.com\/saknews.net\/ku\/wp-content\/uploads\/2025\/05\/IMG-20250517-WA0028.jpg?w=1280&amp;ssl=1 1280w\" data-sizes=\"(max-width: 300px) 100vw, 300px\" src=\"data:image\/svg+xml;base64,PHN2ZyB3aWR0aD0iMSIgaGVpZ2h0PSIxIiB4bWxucz0iaHR0cDovL3d3dy53My5vcmcvMjAwMC9zdmciPjwvc3ZnPg==\" style=\"--smush-placeholder-width: 300px; --smush-placeholder-aspect-ratio: 300\/225;\" \/><\/p>\n<p><strong>Ragihandinek derbar\u00ea hevd\u00eetina bi Wezareta Derve ya Almanya re<\/strong><\/p>\n<p>Of\u00ees\u00ea P\u00eawendiy\u00ean Derve ya Ber\u00ea Kurdistana S\u00fbriy\u00ea hevd\u00eetinek bi Wezareta Derve ya Almanya re li Berl\u00een\u00ea p\u00eak an\u00ee, ku n\u00fbner\u00ean Durz\u00ee, Elew\u00ee, A\u015f\u00fbr\u00ee j\u00ee t\u00eade be\u015fdar bib\u00fbn.<\/p>\n<p>Di civ\u00een\u00ea de behsa rew\u015fa S\u00fbriy\u00ea bi gi\u015ft\u00ee hate kirin \u00fb r\u00eay\u00ean rast ji bo avakirina dewleteke demokrat ku maf\u00ean tevahiya p\u00eakhateyan t\u00eade werin parastin \u00fb li ser bingeha r\u00eazgirtina li yasay\u00ea be \u00fb dadmend\u00ee di parvekirina saman \u00fb desthelat\u00ea de, ku her p\u00eakhateyek karibe bi xwe, xwe bir\u00eave bibe di \u00e7ar\u00e7oveyeke ni\u015ftiman\u00ee ya gi\u015ftg\u00eer de.<\/p>\n<p>Herwiha hate tekez kirin, ku div\u00ea S\u00fbriya p\u00ea\u015feroj\u00ea li ser bingeh\u00ean demokras\u00ee, pirreng\u00ee \u00fb pirens\u00eep\u00ean dadmend\u00ee \u00fb wekheviy\u00ea di parvekirina desthelat \u00fb samanan de \u00fb misogerkirina r\u00eazgirtina li serweriya yasay\u00ea, b\u00ea avakirin. Herwiha \u015fanda navb\u00fbr\u00ee tekez kir, ku div\u00ea her p\u00eakhateyek bi xwe karibe xwe bir\u00eave bibe di \u00e7ar\u00e7oveya s\u00eestemeke siyas\u00ee ku n\u00fbnertiya rasteq\u00een li xwe bigire \u00fb maf\u00ean siyas\u00ee, netew\u00ee, ol\u00ee \u00fb \u00e7and\u00ee y\u00ean tevahiya p\u00eakhateyan bipar\u00eaze.<\/p>\n<p>Pi\u015ft\u00ee w\u00ea civ\u00een\u00ea, her yek ji Siyamend Haco Serok\u00ea \u015eep\u00eala Azad\u00ee ya Kurdistan\u00ee \u00fb Serok\u00ea Of\u00eesa P\u00eawendiy\u00ean Derve ya Ber\u00ea Kurdistana S\u00fbriy\u00ea, \u00fb xanim Gul\u00ee\u015fan Brah\u00eem c\u00eegira Serok\u00ea \u015eep\u00eala Azad\u00ee ya Kurdistan\u00ee \u00fb Endama Of\u00eesa P\u00eawendiy\u00ean Derve ya Ber\u00ea Kurdistana S\u00fbriy\u00ea civ\u00eenek bi Klemens Semtner re berpirs\u00ea Pi\u015ftgiriya Seqamg\u00eeriy\u00ea di Wezareta Derve ya Almanya de \u00fb konsul\u00ea alman\u00ee y\u00ea ber\u00ea li Her\u00eama Kurdistan\u00ea- Iraq p\u00eak an\u00een.<br \/>\nDi civ\u00een\u00ea de behsa rew\u015fa S\u00fbriy\u00ea bi gi\u015ft\u00ee hate got\u00fbb\u00eajkirin \u00fb bi taybet\u00ee rew\u015fa Kurdistana S\u00fbriy\u00ea \u00fb encam\u00ean konfrans\u00ea hevbe\u015f ya ENKS \u00fb PYD \u00fb di nav de j\u00ee mesela avakirina \u015fanda wan ya hevbe\u015f ji bo dan\u00fbstandin\u00ean bi r\u00eaveberiya \u015eam\u00ea re.<\/p>\n<p>P\u00eawendiy\u00ean Derve<br \/>\nBer\u00ea Kurdistana S\u00fbriy\u00ea<br \/>\n17.05.2025<\/p>\n","protected":false},"excerpt":{"rendered":"<p>Of\u00eesa P\u00eawendiy\u00ean Derve ya Ber\u00ea Kurdistana S\u00fbriy\u00ea hevd\u00eetinek bi Wezareta Derve ya Almanya re p\u00eak&#8230;<\/p>\n","protected":false},"author":8,"featured_media":2335,"comment_status":"closed","ping_status":"closed","sticky":false,"template":"","format":"standard","meta":{"footnotes":""},"categories":[34],"tags":[],"class_list":["post-2334","post","type-post","status-publish","format-standard","has-post-thumbnail","hentry","category-daxuyani"],"yoast_head":"<!-- This site is optimized with the Yoast SEO plugin v27.5 - https:\/\/yoast.com\/product\/yoast-seo-wordpress\/ -->\n<title>Kurd \u00fb p\u00eakhatey\u00ean din \u00ean S\u00fbriy\u00ea bi Wezareta Derve ya Almanya re dicivin &#8226; \u015eAK<\/title>\n<meta name=\"robots\" content=\"index, follow, max-snippet:-1, max-image-preview:large, max-video-preview:-1\" \/>\n<link rel=\"canonical\" href=\"https:\/\/saknews.net\/ku\/?p=2334\" \/>\n<meta property=\"og:locale\" content=\"en_US\" \/>\n<meta property=\"og:type\" content=\"article\" \/>\n<meta property=\"og:title\" content=\"Kurd \u00fb p\u00eakhatey\u00ean din \u00ean S\u00fbriy\u00ea bi Wezareta Derve ya Almanya re dicivin &#8226; \u015eAK\" \/>\n<meta property=\"og:description\" content=\"Of\u00eesa P\u00eawendiy\u00ean Derve ya Ber\u00ea Kurdistana S\u00fbriy\u00ea hevd\u00eetinek bi Wezareta Derve ya Almanya re p\u00eak...\" \/>\n<meta property=\"og:url\" content=\"https:\/\/saknews.net\/ku\/?p=2334\" \/>\n<meta property=\"og:site_name\" content=\"\u015eAK\" \/>\n<meta property=\"article:publisher\" content=\"https:\/\/www.facebook.com\/Shepel.ewropa\" \/>\n<meta property=\"article:published_time\" content=\"2025-05-17T08:24:51+00:00\" \/>\n<meta property=\"article:modified_time\" content=\"2025-05-17T08:25:36+00:00\" \/>\n<meta property=\"og:image\" content=\"https:\/\/saknews.net\/ku\/wp-content\/uploads\/2025\/05\/IMG-20250516-WA0063.jpg\" \/>\n\t<meta property=\"og:image:width\" content=\"1600\" \/>\n\t<meta property=\"og:image:height\" content=\"1200\" \/>\n\t<meta property=\"og:image:type\" content=\"image\/jpeg\" \/>\n<meta name=\"author\" content=\"Horan Hem\" \/>\n<meta name=\"twitter:card\" content=\"summary_large_image\" \/>\n<meta name=\"twitter:label1\" content=\"Written by\" \/>\n\t<meta name=\"twitter:data1\" content=\"Horan Hem\" \/>\n\t<meta name=\"twitter:label2\" content=\"Est. reading time\" \/>\n\t<meta name=\"twitter:data2\" content=\"2 minutes\" \/>\n<script type=\"application\/ld+json\" class=\"yoast-schema-graph\">{\"@context\":\"https:\\\/\\\/schema.org\",\"@graph\":[{\"@type\":\"Article\",\"@id\":\"https:\\\/\\\/saknews.net\\\/ku\\\/?p=2334#article\",\"isPartOf\":{\"@id\":\"https:\\\/\\\/saknews.net\\\/ku\\\/?p=2334\"},\"author\":{\"name\":\"Horan Hem\",\"@id\":\"https:\\\/\\\/saknews.net\\\/ku\\\/#\\\/schema\\\/person\\\/72ae32a4041a3817e015b63d8f409058\"},\"headline\":\"Kurd \u00fb p\u00eakhatey\u00ean din \u00ean S\u00fbriy\u00ea bi Wezareta Derve ya Almanya re dicivin\",\"datePublished\":\"2025-05-17T08:24:51+00:00\",\"dateModified\":\"2025-05-17T08:25:36+00:00\",\"mainEntityOfPage\":{\"@id\":\"https:\\\/\\\/saknews.net\\\/ku\\\/?p=2334\"},\"wordCount\":420,\"publisher\":{\"@id\":\"https:\\\/\\\/saknews.net\\\/ku\\\/#organization\"},\"image\":{\"@id\":\"https:\\\/\\\/saknews.net\\\/ku\\\/?p=2334#primaryimage\"},\"thumbnailUrl\":\"https:\\\/\\\/i0.wp.com\\\/saknews.net\\\/ku\\\/wp-content\\\/uploads\\\/2025\\\/05\\\/IMG-20250516-WA0063.jpg?fit=1600%2C1200&ssl=1\",\"articleSection\":[\"Daxuyan\u00ee\"],\"inLanguage\":\"en-US\"},{\"@type\":\"WebPage\",\"@id\":\"https:\\\/\\\/saknews.net\\\/ku\\\/?p=2334\",\"url\":\"https:\\\/\\\/saknews.net\\\/ku\\\/?p=2334\",\"name\":\"Kurd \u00fb p\u00eakhatey\u00ean din \u00ean S\u00fbriy\u00ea bi Wezareta Derve ya Almanya re dicivin &#8226; \u015eAK\",\"isPartOf\":{\"@id\":\"https:\\\/\\\/saknews.net\\\/ku\\\/#website\"},\"primaryImageOfPage\":{\"@id\":\"https:\\\/\\\/saknews.net\\\/ku\\\/?p=2334#primaryimage\"},\"image\":{\"@id\":\"https:\\\/\\\/saknews.net\\\/ku\\\/?p=2334#primaryimage\"},\"thumbnailUrl\":\"https:\\\/\\\/i0.wp.com\\\/saknews.net\\\/ku\\\/wp-content\\\/uploads\\\/2025\\\/05\\\/IMG-20250516-WA0063.jpg?fit=1600%2C1200&ssl=1\",\"datePublished\":\"2025-05-17T08:24:51+00:00\",\"dateModified\":\"2025-05-17T08:25:36+00:00\",\"breadcrumb\":{\"@id\":\"https:\\\/\\\/saknews.net\\\/ku\\\/?p=2334#breadcrumb\"},\"inLanguage\":\"en-US\",\"potentialAction\":[{\"@type\":\"ReadAction\",\"target\":[\"https:\\\/\\\/saknews.net\\\/ku\\\/?p=2334\"]}]},{\"@type\":\"ImageObject\",\"inLanguage\":\"en-US\",\"@id\":\"https:\\\/\\\/saknews.net\\\/ku\\\/?p=2334#primaryimage\",\"url\":\"https:\\\/\\\/i0.wp.com\\\/saknews.net\\\/ku\\\/wp-content\\\/uploads\\\/2025\\\/05\\\/IMG-20250516-WA0063.jpg?fit=1600%2C1200&ssl=1\",\"contentUrl\":\"https:\\\/\\\/i0.wp.com\\\/saknews.net\\\/ku\\\/wp-content\\\/uploads\\\/2025\\\/05\\\/IMG-20250516-WA0063.jpg?fit=1600%2C1200&ssl=1\",\"width\":1600,\"height\":1200},{\"@type\":\"BreadcrumbList\",\"@id\":\"https:\\\/\\\/saknews.net\\\/ku\\\/?p=2334#breadcrumb\",\"itemListElement\":[{\"@type\":\"ListItem\",\"position\":1,\"name\":\"\u0627\u0644\u0631\u0626\u064a\u0633\u064a\u0629\",\"item\":\"https:\\\/\\\/saknews.net\\\/ku\\\/\"},{\"@type\":\"ListItem\",\"position\":2,\"name\":\"N\u00fb\u00e7e\",\"item\":\"https:\\\/\\\/saknews.net\\\/ku\\\/?cat=49\"},{\"@type\":\"ListItem\",\"position\":3,\"name\":\"Daxuyan\u00ee\",\"item\":\"https:\\\/\\\/saknews.net\\\/ku\\\/?cat=34\"},{\"@type\":\"ListItem\",\"position\":4,\"name\":\"Kurd \u00fb p\u00eakhatey\u00ean din \u00ean S\u00fbriy\u00ea bi Wezareta Derve ya Almanya re dicivin\"}]},{\"@type\":\"WebSite\",\"@id\":\"https:\\\/\\\/saknews.net\\\/ku\\\/#website\",\"url\":\"https:\\\/\\\/saknews.net\\\/ku\\\/\",\"name\":\"S\u0327epe\u0302la Azadi\u0302 ya Kurdistani\u0302\",\"description\":\"\u062a\u064a\u0627\u0631 \u0627\u0644\u062d\u0631\u064a\u0629 \u0627\u0644\u0643\u0648\u0631\u062f\u0633\u062a\u0627\u0646\u064a \u015eep\u00eala Azad\u00ee ya Kurdistan\u00ee\",\"publisher\":{\"@id\":\"https:\\\/\\\/saknews.net\\\/ku\\\/#organization\"},\"potentialAction\":[{\"@type\":\"SearchAction\",\"target\":{\"@type\":\"EntryPoint\",\"urlTemplate\":\"https:\\\/\\\/saknews.net\\\/ku\\\/?s={search_term_string}\"},\"query-input\":{\"@type\":\"PropertyValueSpecification\",\"valueRequired\":true,\"valueName\":\"search_term_string\"}}],\"inLanguage\":\"en-US\"},{\"@type\":\"Organization\",\"@id\":\"https:\\\/\\\/saknews.net\\\/ku\\\/#organization\",\"name\":\"\u015eep\u00eala Azadiy\u00ea ya Kurdistan\u00ea - \u062a\u064a\u0627\u0631 \u0627\u0644\u062d\u0631\u064a\u0629 \u0627\u0644\u0643\u0648\u0631\u062f\u0633\u062a\u0627\u0646\u064a\",\"url\":\"https:\\\/\\\/saknews.net\\\/ku\\\/\",\"logo\":{\"@type\":\"ImageObject\",\"inLanguage\":\"en-US\",\"@id\":\"https:\\\/\\\/saknews.net\\\/ku\\\/#\\\/schema\\\/logo\\\/image\\\/\",\"url\":\"https:\\\/\\\/i0.wp.com\\\/saknews.net\\\/ku\\\/wp-content\\\/uploads\\\/2024\\\/11\\\/cropped-logo-1.png?fit=512%2C512&ssl=1\",\"contentUrl\":\"https:\\\/\\\/i0.wp.com\\\/saknews.net\\\/ku\\\/wp-content\\\/uploads\\\/2024\\\/11\\\/cropped-logo-1.png?fit=512%2C512&ssl=1\",\"width\":512,\"height\":512,\"caption\":\"\u015eep\u00eala Azadiy\u00ea ya Kurdistan\u00ea - \u062a\u064a\u0627\u0631 \u0627\u0644\u062d\u0631\u064a\u0629 \u0627\u0644\u0643\u0648\u0631\u062f\u0633\u062a\u0627\u0646\u064a\"},\"image\":{\"@id\":\"https:\\\/\\\/saknews.net\\\/ku\\\/#\\\/schema\\\/logo\\\/image\\\/\"},\"sameAs\":[\"https:\\\/\\\/www.facebook.com\\\/Shepel.ewropa\"]},{\"@type\":\"Person\",\"@id\":\"https:\\\/\\\/saknews.net\\\/ku\\\/#\\\/schema\\\/person\\\/72ae32a4041a3817e015b63d8f409058\",\"name\":\"Horan Hem\",\"url\":\"https:\\\/\\\/saknews.net\\\/ku\\\/?author=8\"}]}<\/script>\n<!-- \/ Yoast SEO plugin. -->","yoast_head_json":{"title":"Kurd \u00fb p\u00eakhatey\u00ean din \u00ean S\u00fbriy\u00ea bi Wezareta Derve ya Almanya re dicivin &#8226; \u015eAK","robots":{"index":"index","follow":"follow","max-snippet":"max-snippet:-1","max-image-preview":"max-image-preview:large","max-video-preview":"max-video-preview:-1"},"canonical":"https:\/\/saknews.net\/ku\/?p=2334","og_locale":"en_US","og_type":"article","og_title":"Kurd \u00fb p\u00eakhatey\u00ean din \u00ean S\u00fbriy\u00ea bi Wezareta Derve ya Almanya re dicivin &#8226; \u015eAK","og_description":"Of\u00eesa P\u00eawendiy\u00ean Derve ya Ber\u00ea Kurdistana S\u00fbriy\u00ea hevd\u00eetinek bi Wezareta Derve ya Almanya re p\u00eak...","og_url":"https:\/\/saknews.net\/ku\/?p=2334","og_site_name":"\u015eAK","article_publisher":"https:\/\/www.facebook.com\/Shepel.ewropa","article_published_time":"2025-05-17T08:24:51+00:00","article_modified_time":"2025-05-17T08:25:36+00:00","og_image":[{"width":1600,"height":1200,"url":"https:\/\/saknews.net\/ku\/wp-content\/uploads\/2025\/05\/IMG-20250516-WA0063.jpg","type":"image\/jpeg"}],"author":"Horan Hem","twitter_card":"summary_large_image","twitter_misc":{"Written by":"Horan Hem","Est. reading time":"2 minutes"},"schema":{"@context":"https:\/\/schema.org","@graph":[{"@type":"Article","@id":"https:\/\/saknews.net\/ku\/?p=2334#article","isPartOf":{"@id":"https:\/\/saknews.net\/ku\/?p=2334"},"author":{"name":"Horan Hem","@id":"https:\/\/saknews.net\/ku\/#\/schema\/person\/72ae32a4041a3817e015b63d8f409058"},"headline":"Kurd \u00fb p\u00eakhatey\u00ean din \u00ean S\u00fbriy\u00ea bi Wezareta Derve ya Almanya re dicivin","datePublished":"2025-05-17T08:24:51+00:00","dateModified":"2025-05-17T08:25:36+00:00","mainEntityOfPage":{"@id":"https:\/\/saknews.net\/ku\/?p=2334"},"wordCount":420,"publisher":{"@id":"https:\/\/saknews.net\/ku\/#organization"},"image":{"@id":"https:\/\/saknews.net\/ku\/?p=2334#primaryimage"},"thumbnailUrl":"https:\/\/i0.wp.com\/saknews.net\/ku\/wp-content\/uploads\/2025\/05\/IMG-20250516-WA0063.jpg?fit=1600%2C1200&ssl=1","articleSection":["Daxuyan\u00ee"],"inLanguage":"en-US"},{"@type":"WebPage","@id":"https:\/\/saknews.net\/ku\/?p=2334","url":"https:\/\/saknews.net\/ku\/?p=2334","name":"Kurd \u00fb p\u00eakhatey\u00ean din \u00ean S\u00fbriy\u00ea bi Wezareta Derve ya Almanya re dicivin &#8226; \u015eAK","isPartOf":{"@id":"https:\/\/saknews.net\/ku\/#website"},"primaryImageOfPage":{"@id":"https:\/\/saknews.net\/ku\/?p=2334#primaryimage"},"image":{"@id":"https:\/\/saknews.net\/ku\/?p=2334#primaryimage"},"thumbnailUrl":"https:\/\/i0.wp.com\/saknews.net\/ku\/wp-content\/uploads\/2025\/05\/IMG-20250516-WA0063.jpg?fit=1600%2C1200&ssl=1","datePublished":"2025-05-17T08:24:51+00:00","dateModified":"2025-05-17T08:25:36+00:00","breadcrumb":{"@id":"https:\/\/saknews.net\/ku\/?p=2334#breadcrumb"},"inLanguage":"en-US","potentialAction":[{"@type":"ReadAction","target":["https:\/\/saknews.net\/ku\/?p=2334"]}]},{"@type":"ImageObject","inLanguage":"en-US","@id":"https:\/\/saknews.net\/ku\/?p=2334#primaryimage","url":"https:\/\/i0.wp.com\/saknews.net\/ku\/wp-content\/uploads\/2025\/05\/IMG-20250516-WA0063.jpg?fit=1600%2C1200&ssl=1","contentUrl":"https:\/\/i0.wp.com\/saknews.net\/ku\/wp-content\/uploads\/2025\/05\/IMG-20250516-WA0063.jpg?fit=1600%2C1200&ssl=1","width":1600,"height":1200},{"@type":"BreadcrumbList","@id":"https:\/\/saknews.net\/ku\/?p=2334#breadcrumb","itemListElement":[{"@type":"ListItem","position":1,"name":"\u0627\u0644\u0631\u0626\u064a\u0633\u064a\u0629","item":"https:\/\/saknews.net\/ku\/"},{"@type":"ListItem","position":2,"name":"N\u00fb\u00e7e","item":"https:\/\/saknews.net\/ku\/?cat=49"},{"@type":"ListItem","position":3,"name":"Daxuyan\u00ee","item":"https:\/\/saknews.net\/ku\/?cat=34"},{"@type":"ListItem","position":4,"name":"Kurd \u00fb p\u00eakhatey\u00ean din \u00ean S\u00fbriy\u00ea bi Wezareta Derve ya Almanya re dicivin"}]},{"@type":"WebSite","@id":"https:\/\/saknews.net\/ku\/#website","url":"https:\/\/saknews.net\/ku\/","name":"S\u0327epe\u0302la Azadi\u0302 ya Kurdistani\u0302","description":"\u062a\u064a\u0627\u0631 \u0627\u0644\u062d\u0631\u064a\u0629 \u0627\u0644\u0643\u0648\u0631\u062f\u0633\u062a\u0627\u0646\u064a \u015eep\u00eala Azad\u00ee ya Kurdistan\u00ee","publisher":{"@id":"https:\/\/saknews.net\/ku\/#organization"},"potentialAction":[{"@type":"SearchAction","target":{"@type":"EntryPoint","urlTemplate":"https:\/\/saknews.net\/ku\/?s={search_term_string}"},"query-input":{"@type":"PropertyValueSpecification","valueRequired":true,"valueName":"search_term_string"}}],"inLanguage":"en-US"},{"@type":"Organization","@id":"https:\/\/saknews.net\/ku\/#organization","name":"\u015eep\u00eala Azadiy\u00ea ya Kurdistan\u00ea - \u062a\u064a\u0627\u0631 \u0627\u0644\u062d\u0631\u064a\u0629 \u0627\u0644\u0643\u0648\u0631\u062f\u0633\u062a\u0627\u0646\u064a","url":"https:\/\/saknews.net\/ku\/","logo":{"@type":"ImageObject","inLanguage":"en-US","@id":"https:\/\/saknews.net\/ku\/#\/schema\/logo\/image\/","url":"https:\/\/i0.wp.com\/saknews.net\/ku\/wp-content\/uploads\/2024\/11\/cropped-logo-1.png?fit=512%2C512&ssl=1","contentUrl":"https:\/\/i0.wp.com\/saknews.net\/ku\/wp-content\/uploads\/2024\/11\/cropped-logo-1.png?fit=512%2C512&ssl=1","width":512,"height":512,"caption":"\u015eep\u00eala Azadiy\u00ea ya Kurdistan\u00ea - \u062a\u064a\u0627\u0631 \u0627\u0644\u062d\u0631\u064a\u0629 \u0627\u0644\u0643\u0648\u0631\u062f\u0633\u062a\u0627\u0646\u064a"},"image":{"@id":"https:\/\/saknews.net\/ku\/#\/schema\/logo\/image\/"},"sameAs":["https:\/\/www.facebook.com\/Shepel.ewropa"]},{"@type":"Person","@id":"https:\/\/saknews.net\/ku\/#\/schema\/person\/72ae32a4041a3817e015b63d8f409058","name":"Horan Hem","url":"https:\/\/saknews.net\/ku\/?author=8"}]}},"featured_image_urls":{"full":["https:\/\/i0.wp.com\/saknews.net\/ku\/wp-content\/uploads\/2025\/05\/IMG-20250516-WA0063.jpg?fit=1600%2C1200&ssl=1",1600,1200,false],"thumbnail":["https:\/\/i0.wp.com\/saknews.net\/ku\/wp-content\/uploads\/2025\/05\/IMG-20250516-WA0063.jpg?resize=150%2C150&ssl=1",150,150,true],"medium":["https:\/\/i0.wp.com\/saknews.net\/ku\/wp-content\/uploads\/2025\/05\/IMG-20250516-WA0063.jpg?fit=300%2C225&ssl=1",300,225,true],"medium_large":["https:\/\/i0.wp.com\/saknews.net\/ku\/wp-content\/uploads\/2025\/05\/IMG-20250516-WA0063.jpg?fit=640%2C480&ssl=1",640,480,true],"large":["https:\/\/i0.wp.com\/saknews.net\/ku\/wp-content\/uploads\/2025\/05\/IMG-20250516-WA0063.jpg?fit=640%2C480&ssl=1",640,480,true],"1536x1536":["https:\/\/i0.wp.com\/saknews.net\/ku\/wp-content\/uploads\/2025\/05\/IMG-20250516-WA0063.jpg?fit=1536%2C1152&ssl=1",1536,1152,true],"2048x2048":["https:\/\/i0.wp.com\/saknews.net\/ku\/wp-content\/uploads\/2025\/05\/IMG-20250516-WA0063.jpg?fit=1600%2C1200&ssl=1",1600,1200,true],"covernews-featured":["https:\/\/i0.wp.com\/saknews.net\/ku\/wp-content\/uploads\/2025\/05\/IMG-20250516-WA0063.jpg?fit=1024%2C768&ssl=1",1024,768,true],"covernews-medium":["https:\/\/i0.wp.com\/saknews.net\/ku\/wp-content\/uploads\/2025\/05\/IMG-20250516-WA0063.jpg?resize=540%2C340&ssl=1",540,340,true]},"author_info":{"display_name":"Horan Hem","author_link":"https:\/\/saknews.net\/ku\/?author=8"},"category_info":"<a href=\"https:\/\/saknews.net\/ku\/?cat=34\" rel=\"category\">Daxuyan\u00ee<\/a>","tag_info":"Daxuyan\u00ee","comment_count":"0","_links":{"self":[{"href":"https:\/\/saknews.net\/ku\/index.php?rest_route=\/wp\/v2\/posts\/2334","targetHints":{"allow":["GET"]}}],"collection":[{"href":"https:\/\/saknews.net\/ku\/index.php?rest_route=\/wp\/v2\/posts"}],"about":[{"href":"https:\/\/saknews.net\/ku\/index.php?rest_route=\/wp\/v2\/types\/post"}],"author":[{"embeddable":true,"href":"https:\/\/saknews.net\/ku\/index.php?rest_route=\/wp\/v2\/users\/8"}],"replies":[{"embeddable":true,"href":"https:\/\/saknews.net\/ku\/index.php?rest_route=%2Fwp%2Fv2%2Fcomments&post=2334"}],"version-history":[{"count":2,"href":"https:\/\/saknews.net\/ku\/index.php?rest_route=\/wp\/v2\/posts\/2334\/revisions"}],"predecessor-version":[{"id":2338,"href":"https:\/\/saknews.net\/ku\/index.php?rest_route=\/wp\/v2\/posts\/2334\/revisions\/2338"}],"wp:featuredmedia":[{"embeddable":true,"href":"https:\/\/saknews.net\/ku\/index.php?rest_route=\/wp\/v2\/media\/2335"}],"wp:attachment":[{"href":"https:\/\/saknews.net\/ku\/index.php?rest_route=%2Fwp%2Fv2%2Fmedia&parent=2334"}],"wp:term":[{"taxonomy":"category","embeddable":true,"href":"https:\/\/saknews.net\/ku\/index.php?rest_route=%2Fwp%2Fv2%2Fcategories&post=2334"},{"taxonomy":"post_tag","embeddable":true,"href":"https:\/\/saknews.net\/ku\/index.php?rest_route=%2Fwp%2Fv2%2Ftags&post=2334"}],"curies":[{"name":"wp","href":"https:\/\/api.w.org\/{rel}","templated":true}]}}