{"id":2339,"date":"2025-05-17T15:45:43","date_gmt":"2025-05-17T15:45:43","guid":{"rendered":"https:\/\/saknews.net\/ku\/?p=2339"},"modified":"2025-05-17T15:56:26","modified_gmt":"2025-05-17T15:56:26","slug":"bere-kurdistana-suriye-besdari-konfirase-danustandin-di-navbera-ol-u-pekhateyan-de-kir","status":"publish","type":"post","link":"https:\/\/saknews.net\/ku\/?p=2339","title":{"rendered":"Ber\u00ea Kurdistana S\u00fbriy\u00ea be\u015fdar\u00ee konfiras\u00ea \u201cdan\u00fbstandin di navbera ol \u00fb p\u00eakhateyan de\u201d dibe"},"content":{"rendered":"<p>Ber\u00ea Kurdistana S\u00fbriy\u00ea be\u015fdar\u00ee konfiras\u00ea \u201cdan\u00fbstandin di navbera ol \u00fb p\u00eakhateyan de\u201d kir.<\/p>\n<p>Konfriras li bajar\u00ea Sil\u00eamaniy\u00ea li Her\u00eama Kurdistan\u00ea hate lidarxistin \u00fb t\u00eade n\u00fbner\u00ea encumena r\u00eaveber ya Enc\u00fbmena Bilind ya Zerde\u015ft\u00ee \u00cesam Sebr\u00ee amade b\u00fb, ku di heman dem\u00ea de endam\u00ea of\u00eesa peywendiy\u00ean derve ya Ber\u00ea Kurdistana S\u00fbriy\u00ea ye.<\/p>\n<p>Konfiras di bin dir\u00fb\u015fm\u00ea \u201col ji bo xud\u00ea ye \u00fb welat ji bo hem\u00fbya ye\u201d bir\u00eave \u00e7\u00fb \u00fb t\u00eade n\u00fbner\u00ean hem\u00fb ol \u00fb p\u00eakhatey\u00ean li Her\u00eama Kurdistan\u00ea hene amade b\u00fbn.<\/p>\n<p>Di w\u00ee konfiras\u00ee de behsa gir\u00eengiya bih\u00eazkirina dan\u00fbstandinan hate kirin, ji bo berqerarkirina a\u015ft\u00ee \u00fb aramiy\u00ea li tevahiya Her\u00eama Kurdietan\u00ea herwiha parastina maf\u00ea hem\u00fb ol \u00fb p\u00eakhateyan.<\/p>\n","protected":false},"excerpt":{"rendered":"<p>Ber\u00ea Kurdistana S\u00fbriy\u00ea be\u015fdar\u00ee konfiras\u00ea \u201cdan\u00fbstandin di navbera ol \u00fb p\u00eakhateyan de\u201d kir. Konfriras li&#8230;<\/p>\n","protected":false},"author":5,"featured_media":2340,"comment_status":"closed","ping_status":"closed","sticky":false,"template":"","format":"standard","meta":{"footnotes":""},"categories":[49],"tags":[],"class_list":["post-2339","post","type-post","status-publish","format-standard","has-post-thumbnail","hentry","category-nuce"],"yoast_head":"<!-- This site is optimized with the Yoast SEO plugin v27.5 - https:\/\/yoast.com\/product\/yoast-seo-wordpress\/ -->\n<title>Ber\u00ea Kurdistana S\u00fbriy\u00ea be\u015fdar\u00ee konfiras\u00ea \u201cdan\u00fbstandin di navbera ol \u00fb p\u00eakhateyan de\u201d dibe &#8226; \u015eAK<\/title>\n<meta name=\"robots\" content=\"index, follow, max-snippet:-1, max-image-preview:large, max-video-preview:-1\" \/>\n<link rel=\"canonical\" href=\"https:\/\/saknews.net\/ku\/?p=2339\" \/>\n<meta property=\"og:locale\" content=\"en_US\" \/>\n<meta property=\"og:type\" content=\"article\" \/>\n<meta property=\"og:title\" content=\"Ber\u00ea Kurdistana S\u00fbriy\u00ea be\u015fdar\u00ee konfiras\u00ea \u201cdan\u00fbstandin di navbera ol \u00fb p\u00eakhateyan de\u201d dibe &#8226; \u015eAK\" \/>\n<meta property=\"og:description\" content=\"Ber\u00ea Kurdistana S\u00fbriy\u00ea be\u015fdar\u00ee konfiras\u00ea \u201cdan\u00fbstandin di navbera ol \u00fb p\u00eakhateyan de\u201d kir. Konfriras li...\" \/>\n<meta property=\"og:url\" content=\"https:\/\/saknews.net\/ku\/?p=2339\" \/>\n<meta property=\"og:site_name\" content=\"\u015eAK\" \/>\n<meta property=\"article:publisher\" content=\"https:\/\/www.facebook.com\/Shepel.ewropa\" \/>\n<meta property=\"article:published_time\" content=\"2025-05-17T15:45:43+00:00\" \/>\n<meta property=\"article:modified_time\" content=\"2025-05-17T15:56:26+00:00\" \/>\n<meta property=\"og:image\" content=\"https:\/\/saknews.net\/ku\/wp-content\/uploads\/2025\/05\/d8749b9f-f030-4839-9894-5096ce88f257.jpeg\" \/>\n\t<meta property=\"og:image:width\" content=\"1600\" \/>\n\t<meta property=\"og:image:height\" content=\"720\" \/>\n\t<meta property=\"og:image:type\" content=\"image\/jpeg\" \/>\n<meta name=\"author\" content=\"Helebja Helebja\" \/>\n<meta name=\"twitter:card\" content=\"summary_large_image\" \/>\n<meta name=\"twitter:label1\" content=\"Written by\" \/>\n\t<meta name=\"twitter:data1\" content=\"Helebja Helebja\" \/>\n\t<meta name=\"twitter:label2\" content=\"Est. reading time\" \/>\n\t<meta name=\"twitter:data2\" content=\"1 minute\" \/>\n<script type=\"application\/ld+json\" class=\"yoast-schema-graph\">{\"@context\":\"https:\\\/\\\/schema.org\",\"@graph\":[{\"@type\":\"Article\",\"@id\":\"https:\\\/\\\/saknews.net\\\/ku\\\/?p=2339#article\",\"isPartOf\":{\"@id\":\"https:\\\/\\\/saknews.net\\\/ku\\\/?p=2339\"},\"author\":{\"name\":\"Helebja Helebja\",\"@id\":\"https:\\\/\\\/saknews.net\\\/ku\\\/#\\\/schema\\\/person\\\/1c01cd16fca0bfa144578b4674c618a7\"},\"headline\":\"Ber\u00ea Kurdistana S\u00fbriy\u00ea be\u015fdar\u00ee konfiras\u00ea \u201cdan\u00fbstandin di navbera ol \u00fb p\u00eakhateyan de\u201d dibe\",\"datePublished\":\"2025-05-17T15:45:43+00:00\",\"dateModified\":\"2025-05-17T15:56:26+00:00\",\"mainEntityOfPage\":{\"@id\":\"https:\\\/\\\/saknews.net\\\/ku\\\/?p=2339\"},\"wordCount\":145,\"publisher\":{\"@id\":\"https:\\\/\\\/saknews.net\\\/ku\\\/#organization\"},\"image\":{\"@id\":\"https:\\\/\\\/saknews.net\\\/ku\\\/?p=2339#primaryimage\"},\"thumbnailUrl\":\"https:\\\/\\\/i0.wp.com\\\/saknews.net\\\/ku\\\/wp-content\\\/uploads\\\/2025\\\/05\\\/d8749b9f-f030-4839-9894-5096ce88f257.jpeg?fit=1600%2C720&ssl=1\",\"articleSection\":[\"N\u00fb\u00e7e\"],\"inLanguage\":\"en-US\"},{\"@type\":\"WebPage\",\"@id\":\"https:\\\/\\\/saknews.net\\\/ku\\\/?p=2339\",\"url\":\"https:\\\/\\\/saknews.net\\\/ku\\\/?p=2339\",\"name\":\"Ber\u00ea Kurdistana S\u00fbriy\u00ea be\u015fdar\u00ee konfiras\u00ea \u201cdan\u00fbstandin di navbera ol \u00fb p\u00eakhateyan de\u201d dibe &#8226; \u015eAK\",\"isPartOf\":{\"@id\":\"https:\\\/\\\/saknews.net\\\/ku\\\/#website\"},\"primaryImageOfPage\":{\"@id\":\"https:\\\/\\\/saknews.net\\\/ku\\\/?p=2339#primaryimage\"},\"image\":{\"@id\":\"https:\\\/\\\/saknews.net\\\/ku\\\/?p=2339#primaryimage\"},\"thumbnailUrl\":\"https:\\\/\\\/i0.wp.com\\\/saknews.net\\\/ku\\\/wp-content\\\/uploads\\\/2025\\\/05\\\/d8749b9f-f030-4839-9894-5096ce88f257.jpeg?fit=1600%2C720&ssl=1\",\"datePublished\":\"2025-05-17T15:45:43+00:00\",\"dateModified\":\"2025-05-17T15:56:26+00:00\",\"breadcrumb\":{\"@id\":\"https:\\\/\\\/saknews.net\\\/ku\\\/?p=2339#breadcrumb\"},\"inLanguage\":\"en-US\",\"potentialAction\":[{\"@type\":\"ReadAction\",\"target\":[\"https:\\\/\\\/saknews.net\\\/ku\\\/?p=2339\"]}]},{\"@type\":\"ImageObject\",\"inLanguage\":\"en-US\",\"@id\":\"https:\\\/\\\/saknews.net\\\/ku\\\/?p=2339#primaryimage\",\"url\":\"https:\\\/\\\/i0.wp.com\\\/saknews.net\\\/ku\\\/wp-content\\\/uploads\\\/2025\\\/05\\\/d8749b9f-f030-4839-9894-5096ce88f257.jpeg?fit=1600%2C720&ssl=1\",\"contentUrl\":\"https:\\\/\\\/i0.wp.com\\\/saknews.net\\\/ku\\\/wp-content\\\/uploads\\\/2025\\\/05\\\/d8749b9f-f030-4839-9894-5096ce88f257.jpeg?fit=1600%2C720&ssl=1\",\"width\":1600,\"height\":720},{\"@type\":\"BreadcrumbList\",\"@id\":\"https:\\\/\\\/saknews.net\\\/ku\\\/?p=2339#breadcrumb\",\"itemListElement\":[{\"@type\":\"ListItem\",\"position\":1,\"name\":\"\u0627\u0644\u0631\u0626\u064a\u0633\u064a\u0629\",\"item\":\"https:\\\/\\\/saknews.net\\\/ku\\\/\"},{\"@type\":\"ListItem\",\"position\":2,\"name\":\"N\u00fb\u00e7e\",\"item\":\"https:\\\/\\\/saknews.net\\\/ku\\\/?cat=49\"},{\"@type\":\"ListItem\",\"position\":3,\"name\":\"Ber\u00ea Kurdistana S\u00fbriy\u00ea be\u015fdar\u00ee konfiras\u00ea \u201cdan\u00fbstandin di navbera ol \u00fb p\u00eakhateyan de\u201d dibe\"}]},{\"@type\":\"WebSite\",\"@id\":\"https:\\\/\\\/saknews.net\\\/ku\\\/#website\",\"url\":\"https:\\\/\\\/saknews.net\\\/ku\\\/\",\"name\":\"S\u0327epe\u0302la Azadi\u0302 ya Kurdistani\u0302\",\"description\":\"\u062a\u064a\u0627\u0631 \u0627\u0644\u062d\u0631\u064a\u0629 \u0627\u0644\u0643\u0648\u0631\u062f\u0633\u062a\u0627\u0646\u064a \u015eep\u00eala Azad\u00ee ya Kurdistan\u00ee\",\"publisher\":{\"@id\":\"https:\\\/\\\/saknews.net\\\/ku\\\/#organization\"},\"potentialAction\":[{\"@type\":\"SearchAction\",\"target\":{\"@type\":\"EntryPoint\",\"urlTemplate\":\"https:\\\/\\\/saknews.net\\\/ku\\\/?s={search_term_string}\"},\"query-input\":{\"@type\":\"PropertyValueSpecification\",\"valueRequired\":true,\"valueName\":\"search_term_string\"}}],\"inLanguage\":\"en-US\"},{\"@type\":\"Organization\",\"@id\":\"https:\\\/\\\/saknews.net\\\/ku\\\/#organization\",\"name\":\"\u015eep\u00eala Azadiy\u00ea ya Kurdistan\u00ea - \u062a\u064a\u0627\u0631 \u0627\u0644\u062d\u0631\u064a\u0629 \u0627\u0644\u0643\u0648\u0631\u062f\u0633\u062a\u0627\u0646\u064a\",\"url\":\"https:\\\/\\\/saknews.net\\\/ku\\\/\",\"logo\":{\"@type\":\"ImageObject\",\"inLanguage\":\"en-US\",\"@id\":\"https:\\\/\\\/saknews.net\\\/ku\\\/#\\\/schema\\\/logo\\\/image\\\/\",\"url\":\"https:\\\/\\\/i0.wp.com\\\/saknews.net\\\/ku\\\/wp-content\\\/uploads\\\/2024\\\/11\\\/cropped-logo-1.png?fit=512%2C512&ssl=1\",\"contentUrl\":\"https:\\\/\\\/i0.wp.com\\\/saknews.net\\\/ku\\\/wp-content\\\/uploads\\\/2024\\\/11\\\/cropped-logo-1.png?fit=512%2C512&ssl=1\",\"width\":512,\"height\":512,\"caption\":\"\u015eep\u00eala Azadiy\u00ea ya Kurdistan\u00ea - \u062a\u064a\u0627\u0631 \u0627\u0644\u062d\u0631\u064a\u0629 \u0627\u0644\u0643\u0648\u0631\u062f\u0633\u062a\u0627\u0646\u064a\"},\"image\":{\"@id\":\"https:\\\/\\\/saknews.net\\\/ku\\\/#\\\/schema\\\/logo\\\/image\\\/\"},\"sameAs\":[\"https:\\\/\\\/www.facebook.com\\\/Shepel.ewropa\"]},{\"@type\":\"Person\",\"@id\":\"https:\\\/\\\/saknews.net\\\/ku\\\/#\\\/schema\\\/person\\\/1c01cd16fca0bfa144578b4674c618a7\",\"name\":\"Helebja Helebja\",\"sameAs\":[\"https:\\\/\\\/saknews.net\\\/ku\"],\"url\":\"https:\\\/\\\/saknews.net\\\/ku\\\/?author=5\"}]}<\/script>\n<!-- \/ Yoast SEO plugin. -->","yoast_head_json":{"title":"Ber\u00ea Kurdistana S\u00fbriy\u00ea be\u015fdar\u00ee konfiras\u00ea \u201cdan\u00fbstandin di navbera ol \u00fb p\u00eakhateyan de\u201d dibe &#8226; \u015eAK","robots":{"index":"index","follow":"follow","max-snippet":"max-snippet:-1","max-image-preview":"max-image-preview:large","max-video-preview":"max-video-preview:-1"},"canonical":"https:\/\/saknews.net\/ku\/?p=2339","og_locale":"en_US","og_type":"article","og_title":"Ber\u00ea Kurdistana S\u00fbriy\u00ea be\u015fdar\u00ee konfiras\u00ea \u201cdan\u00fbstandin di navbera ol \u00fb p\u00eakhateyan de\u201d dibe &#8226; \u015eAK","og_description":"Ber\u00ea Kurdistana S\u00fbriy\u00ea be\u015fdar\u00ee konfiras\u00ea \u201cdan\u00fbstandin di navbera ol \u00fb p\u00eakhateyan de\u201d kir. Konfriras li...","og_url":"https:\/\/saknews.net\/ku\/?p=2339","og_site_name":"\u015eAK","article_publisher":"https:\/\/www.facebook.com\/Shepel.ewropa","article_published_time":"2025-05-17T15:45:43+00:00","article_modified_time":"2025-05-17T15:56:26+00:00","og_image":[{"width":1600,"height":720,"url":"https:\/\/saknews.net\/ku\/wp-content\/uploads\/2025\/05\/d8749b9f-f030-4839-9894-5096ce88f257.jpeg","type":"image\/jpeg"}],"author":"Helebja Helebja","twitter_card":"summary_large_image","twitter_misc":{"Written by":"Helebja Helebja","Est. reading time":"1 minute"},"schema":{"@context":"https:\/\/schema.org","@graph":[{"@type":"Article","@id":"https:\/\/saknews.net\/ku\/?p=2339#article","isPartOf":{"@id":"https:\/\/saknews.net\/ku\/?p=2339"},"author":{"name":"Helebja Helebja","@id":"https:\/\/saknews.net\/ku\/#\/schema\/person\/1c01cd16fca0bfa144578b4674c618a7"},"headline":"Ber\u00ea Kurdistana S\u00fbriy\u00ea be\u015fdar\u00ee konfiras\u00ea \u201cdan\u00fbstandin di navbera ol \u00fb p\u00eakhateyan de\u201d dibe","datePublished":"2025-05-17T15:45:43+00:00","dateModified":"2025-05-17T15:56:26+00:00","mainEntityOfPage":{"@id":"https:\/\/saknews.net\/ku\/?p=2339"},"wordCount":145,"publisher":{"@id":"https:\/\/saknews.net\/ku\/#organization"},"image":{"@id":"https:\/\/saknews.net\/ku\/?p=2339#primaryimage"},"thumbnailUrl":"https:\/\/i0.wp.com\/saknews.net\/ku\/wp-content\/uploads\/2025\/05\/d8749b9f-f030-4839-9894-5096ce88f257.jpeg?fit=1600%2C720&ssl=1","articleSection":["N\u00fb\u00e7e"],"inLanguage":"en-US"},{"@type":"WebPage","@id":"https:\/\/saknews.net\/ku\/?p=2339","url":"https:\/\/saknews.net\/ku\/?p=2339","name":"Ber\u00ea Kurdistana S\u00fbriy\u00ea be\u015fdar\u00ee konfiras\u00ea \u201cdan\u00fbstandin di navbera ol \u00fb p\u00eakhateyan de\u201d dibe &#8226; \u015eAK","isPartOf":{"@id":"https:\/\/saknews.net\/ku\/#website"},"primaryImageOfPage":{"@id":"https:\/\/saknews.net\/ku\/?p=2339#primaryimage"},"image":{"@id":"https:\/\/saknews.net\/ku\/?p=2339#primaryimage"},"thumbnailUrl":"https:\/\/i0.wp.com\/saknews.net\/ku\/wp-content\/uploads\/2025\/05\/d8749b9f-f030-4839-9894-5096ce88f257.jpeg?fit=1600%2C720&ssl=1","datePublished":"2025-05-17T15:45:43+00:00","dateModified":"2025-05-17T15:56:26+00:00","breadcrumb":{"@id":"https:\/\/saknews.net\/ku\/?p=2339#breadcrumb"},"inLanguage":"en-US","potentialAction":[{"@type":"ReadAction","target":["https:\/\/saknews.net\/ku\/?p=2339"]}]},{"@type":"ImageObject","inLanguage":"en-US","@id":"https:\/\/saknews.net\/ku\/?p=2339#primaryimage","url":"https:\/\/i0.wp.com\/saknews.net\/ku\/wp-content\/uploads\/2025\/05\/d8749b9f-f030-4839-9894-5096ce88f257.jpeg?fit=1600%2C720&ssl=1","contentUrl":"https:\/\/i0.wp.com\/saknews.net\/ku\/wp-content\/uploads\/2025\/05\/d8749b9f-f030-4839-9894-5096ce88f257.jpeg?fit=1600%2C720&ssl=1","width":1600,"height":720},{"@type":"BreadcrumbList","@id":"https:\/\/saknews.net\/ku\/?p=2339#breadcrumb","itemListElement":[{"@type":"ListItem","position":1,"name":"\u0627\u0644\u0631\u0626\u064a\u0633\u064a\u0629","item":"https:\/\/saknews.net\/ku\/"},{"@type":"ListItem","position":2,"name":"N\u00fb\u00e7e","item":"https:\/\/saknews.net\/ku\/?cat=49"},{"@type":"ListItem","position":3,"name":"Ber\u00ea Kurdistana S\u00fbriy\u00ea be\u015fdar\u00ee konfiras\u00ea \u201cdan\u00fbstandin di navbera ol \u00fb p\u00eakhateyan de\u201d dibe"}]},{"@type":"WebSite","@id":"https:\/\/saknews.net\/ku\/#website","url":"https:\/\/saknews.net\/ku\/","name":"S\u0327epe\u0302la Azadi\u0302 ya Kurdistani\u0302","description":"\u062a\u064a\u0627\u0631 \u0627\u0644\u062d\u0631\u064a\u0629 \u0627\u0644\u0643\u0648\u0631\u062f\u0633\u062a\u0627\u0646\u064a \u015eep\u00eala Azad\u00ee ya Kurdistan\u00ee","publisher":{"@id":"https:\/\/saknews.net\/ku\/#organization"},"potentialAction":[{"@type":"SearchAction","target":{"@type":"EntryPoint","urlTemplate":"https:\/\/saknews.net\/ku\/?s={search_term_string}"},"query-input":{"@type":"PropertyValueSpecification","valueRequired":true,"valueName":"search_term_string"}}],"inLanguage":"en-US"},{"@type":"Organization","@id":"https:\/\/saknews.net\/ku\/#organization","name":"\u015eep\u00eala Azadiy\u00ea ya Kurdistan\u00ea - \u062a\u064a\u0627\u0631 \u0627\u0644\u062d\u0631\u064a\u0629 \u0627\u0644\u0643\u0648\u0631\u062f\u0633\u062a\u0627\u0646\u064a","url":"https:\/\/saknews.net\/ku\/","logo":{"@type":"ImageObject","inLanguage":"en-US","@id":"https:\/\/saknews.net\/ku\/#\/schema\/logo\/image\/","url":"https:\/\/i0.wp.com\/saknews.net\/ku\/wp-content\/uploads\/2024\/11\/cropped-logo-1.png?fit=512%2C512&ssl=1","contentUrl":"https:\/\/i0.wp.com\/saknews.net\/ku\/wp-content\/uploads\/2024\/11\/cropped-logo-1.png?fit=512%2C512&ssl=1","width":512,"height":512,"caption":"\u015eep\u00eala Azadiy\u00ea ya Kurdistan\u00ea - \u062a\u064a\u0627\u0631 \u0627\u0644\u062d\u0631\u064a\u0629 \u0627\u0644\u0643\u0648\u0631\u062f\u0633\u062a\u0627\u0646\u064a"},"image":{"@id":"https:\/\/saknews.net\/ku\/#\/schema\/logo\/image\/"},"sameAs":["https:\/\/www.facebook.com\/Shepel.ewropa"]},{"@type":"Person","@id":"https:\/\/saknews.net\/ku\/#\/schema\/person\/1c01cd16fca0bfa144578b4674c618a7","name":"Helebja Helebja","sameAs":["https:\/\/saknews.net\/ku"],"url":"https:\/\/saknews.net\/ku\/?author=5"}]}},"featured_image_urls":{"full":["https:\/\/i0.wp.com\/saknews.net\/ku\/wp-content\/uploads\/2025\/05\/d8749b9f-f030-4839-9894-5096ce88f257.jpeg?fit=1600%2C720&ssl=1",1600,720,false],"thumbnail":["https:\/\/i0.wp.com\/saknews.net\/ku\/wp-content\/uploads\/2025\/05\/d8749b9f-f030-4839-9894-5096ce88f257.jpeg?resize=150%2C150&ssl=1",150,150,true],"medium":["https:\/\/i0.wp.com\/saknews.net\/ku\/wp-content\/uploads\/2025\/05\/d8749b9f-f030-4839-9894-5096ce88f257.jpeg?fit=300%2C135&ssl=1",300,135,true],"medium_large":["https:\/\/i0.wp.com\/saknews.net\/ku\/wp-content\/uploads\/2025\/05\/d8749b9f-f030-4839-9894-5096ce88f257.jpeg?fit=640%2C288&ssl=1",640,288,true],"large":["https:\/\/i0.wp.com\/saknews.net\/ku\/wp-content\/uploads\/2025\/05\/d8749b9f-f030-4839-9894-5096ce88f257.jpeg?fit=640%2C288&ssl=1",640,288,true],"1536x1536":["https:\/\/i0.wp.com\/saknews.net\/ku\/wp-content\/uploads\/2025\/05\/d8749b9f-f030-4839-9894-5096ce88f257.jpeg?fit=1536%2C691&ssl=1",1536,691,true],"2048x2048":["https:\/\/i0.wp.com\/saknews.net\/ku\/wp-content\/uploads\/2025\/05\/d8749b9f-f030-4839-9894-5096ce88f257.jpeg?fit=1600%2C720&ssl=1",1600,720,true],"covernews-featured":["https:\/\/i0.wp.com\/saknews.net\/ku\/wp-content\/uploads\/2025\/05\/d8749b9f-f030-4839-9894-5096ce88f257.jpeg?fit=1024%2C461&ssl=1",1024,461,true],"covernews-medium":["https:\/\/i0.wp.com\/saknews.net\/ku\/wp-content\/uploads\/2025\/05\/d8749b9f-f030-4839-9894-5096ce88f257.jpeg?resize=540%2C340&ssl=1",540,340,true]},"author_info":{"display_name":"Helebja Helebja","author_link":"https:\/\/saknews.net\/ku\/?author=5"},"category_info":"<a href=\"https:\/\/saknews.net\/ku\/?cat=49\" rel=\"category\">N\u00fb\u00e7e<\/a>","tag_info":"N\u00fb\u00e7e","comment_count":"0","_links":{"self":[{"href":"https:\/\/saknews.net\/ku\/index.php?rest_route=\/wp\/v2\/posts\/2339","targetHints":{"allow":["GET"]}}],"collection":[{"href":"https:\/\/saknews.net\/ku\/index.php?rest_route=\/wp\/v2\/posts"}],"about":[{"href":"https:\/\/saknews.net\/ku\/index.php?rest_route=\/wp\/v2\/types\/post"}],"author":[{"embeddable":true,"href":"https:\/\/saknews.net\/ku\/index.php?rest_route=\/wp\/v2\/users\/5"}],"replies":[{"embeddable":true,"href":"https:\/\/saknews.net\/ku\/index.php?rest_route=%2Fwp%2Fv2%2Fcomments&post=2339"}],"version-history":[{"count":5,"href":"https:\/\/saknews.net\/ku\/index.php?rest_route=\/wp\/v2\/posts\/2339\/revisions"}],"predecessor-version":[{"id":2345,"href":"https:\/\/saknews.net\/ku\/index.php?rest_route=\/wp\/v2\/posts\/2339\/revisions\/2345"}],"wp:featuredmedia":[{"embeddable":true,"href":"https:\/\/saknews.net\/ku\/index.php?rest_route=\/wp\/v2\/media\/2340"}],"wp:attachment":[{"href":"https:\/\/saknews.net\/ku\/index.php?rest_route=%2Fwp%2Fv2%2Fmedia&parent=2339"}],"wp:term":[{"taxonomy":"category","embeddable":true,"href":"https:\/\/saknews.net\/ku\/index.php?rest_route=%2Fwp%2Fv2%2Fcategories&post=2339"},{"taxonomy":"post_tag","embeddable":true,"href":"https:\/\/saknews.net\/ku\/index.php?rest_route=%2Fwp%2Fv2%2Ftags&post=2339"}],"curies":[{"name":"wp","href":"https:\/\/api.w.org\/{rel}","templated":true}]}}