{"id":2346,"date":"2025-05-17T20:32:27","date_gmt":"2025-05-17T20:32:27","guid":{"rendered":"https:\/\/saknews.net\/ku\/?p=2346"},"modified":"2025-05-17T22:15:00","modified_gmt":"2025-05-17T22:15:00","slug":"sekretere-gisti-ye-ny-giringe-danpedan-bi-kurdan-li-suriye-were-kirin","status":"publish","type":"post","link":"https:\/\/saknews.net\/ku\/?p=2346","title":{"rendered":"Sekreter\u00ea Gi\u015ft\u00ee y\u00ea NY: Gir\u00eeng e danp\u00eadan bi Kurdan li S\u00fbriy\u00ea were kirin"},"content":{"rendered":"<p>Sekreter\u00ea gi\u015ft\u00ee y\u00ea Netew\u00ean Yekgirt\u00ee Antonio Guterres di kongirek\u00ea rojnamevan\u00ee de dib\u00eaje, div\u00ea danp\u00eadan bi Kurdan li S\u00fbriy\u00ea were kirin \u00fb div\u00ea kurd li S\u00fbriy\u00ea be\u015fdar\u00ee proseya siyas\u00ee bibin.<\/p>\n<p>Di Kongirek\u00ea rojnemevan\u00ee li Bexdaya paytexta Iraq\u00ea,Sekreter\u00ea gi\u015ft\u00ee y\u00ea Netew\u00ean Yekgirt\u00ee Antonio Guterres behsa Kurdan li S\u00fbriy\u00ea kir \u00fb got, gelek\u00ee gir\u00eeng e danp\u00eadan bi Kurdan li S\u00fbriy\u00ea were kirin ji ber ku ew be\u015fek\u00ee gir\u00eeng in li w\u00ee welat\u00ee.<\/p>\n<p>Antonio Guterres herwiha got,t\u00ea b\u00eera min ber\u00ee \u00e7end salan min hewil dida ku hik\u00fbmeta S\u00fbriy\u00ea raz\u00ee bikim ku rew\u015fa Kurd\u00ean b\u00ea nasname li S\u00fbriy\u00ea were \u00e7areser kirin \u00fb bi keyfxwe\u015f\u00ee ez niha wan qeb\u00fbl dikin ku Kurd welatiy\u00ean S\u00fbriy\u00ea ne \u00fb div\u00ea welatiy\u00ean S\u00fbriy\u00ea bi awayek\u00ee ferm\u00ee be\u015fdar\u00ee jiyana siyas\u00ee \u00fb siberoja welat\u00ean xwe bikin.<\/p>\n","protected":false},"excerpt":{"rendered":"<p>Sekreter\u00ea gi\u015ft\u00ee y\u00ea Netew\u00ean Yekgirt\u00ee Antonio Guterres di kongirek\u00ea rojnamevan\u00ee de dib\u00eaje, div\u00ea danp\u00eadan bi&#8230;<\/p>\n","protected":false},"author":5,"featured_media":2350,"comment_status":"closed","ping_status":"closed","sticky":false,"template":"","format":"standard","meta":{"footnotes":""},"categories":[49],"tags":[],"class_list":["post-2346","post","type-post","status-publish","format-standard","has-post-thumbnail","hentry","category-nuce"],"yoast_head":"<!-- This site is optimized with the Yoast SEO plugin v27.5 - https:\/\/yoast.com\/product\/yoast-seo-wordpress\/ -->\n<title>Sekreter\u00ea Gi\u015ft\u00ee y\u00ea NY: Gir\u00eeng e danp\u00eadan bi Kurdan li S\u00fbriy\u00ea were kirin &#8226; \u015eAK<\/title>\n<meta name=\"robots\" content=\"index, follow, max-snippet:-1, max-image-preview:large, max-video-preview:-1\" \/>\n<link rel=\"canonical\" href=\"https:\/\/saknews.net\/ku\/?p=2346\" \/>\n<meta property=\"og:locale\" content=\"en_US\" \/>\n<meta property=\"og:type\" content=\"article\" \/>\n<meta property=\"og:title\" content=\"Sekreter\u00ea Gi\u015ft\u00ee y\u00ea NY: Gir\u00eeng e danp\u00eadan bi Kurdan li S\u00fbriy\u00ea were kirin &#8226; \u015eAK\" \/>\n<meta property=\"og:description\" content=\"Sekreter\u00ea gi\u015ft\u00ee y\u00ea Netew\u00ean Yekgirt\u00ee Antonio Guterres di kongirek\u00ea rojnamevan\u00ee de dib\u00eaje, div\u00ea danp\u00eadan bi...\" \/>\n<meta property=\"og:url\" content=\"https:\/\/saknews.net\/ku\/?p=2346\" \/>\n<meta property=\"og:site_name\" content=\"\u015eAK\" \/>\n<meta property=\"article:publisher\" content=\"https:\/\/www.facebook.com\/Shepel.ewropa\" \/>\n<meta property=\"article:published_time\" content=\"2025-05-17T20:32:27+00:00\" \/>\n<meta property=\"article:modified_time\" content=\"2025-05-17T22:15:00+00:00\" \/>\n<meta property=\"og:image\" content=\"https:\/\/saknews.net\/ku\/wp-content\/uploads\/2025\/05\/IMG_2656.webp\" \/>\n\t<meta property=\"og:image:width\" content=\"686\" \/>\n\t<meta property=\"og:image:height\" content=\"513\" \/>\n\t<meta property=\"og:image:type\" content=\"image\/webp\" \/>\n<meta name=\"author\" content=\"Helebja Helebja\" \/>\n<meta name=\"twitter:card\" content=\"summary_large_image\" \/>\n<meta name=\"twitter:label1\" content=\"Written by\" \/>\n\t<meta name=\"twitter:data1\" content=\"Helebja Helebja\" \/>\n\t<meta name=\"twitter:label2\" content=\"Est. reading time\" \/>\n\t<meta name=\"twitter:data2\" content=\"1 minute\" \/>\n<script type=\"application\/ld+json\" class=\"yoast-schema-graph\">{\"@context\":\"https:\\\/\\\/schema.org\",\"@graph\":[{\"@type\":\"Article\",\"@id\":\"https:\\\/\\\/saknews.net\\\/ku\\\/?p=2346#article\",\"isPartOf\":{\"@id\":\"https:\\\/\\\/saknews.net\\\/ku\\\/?p=2346\"},\"author\":{\"name\":\"Helebja Helebja\",\"@id\":\"https:\\\/\\\/saknews.net\\\/ku\\\/#\\\/schema\\\/person\\\/1c01cd16fca0bfa144578b4674c618a7\"},\"headline\":\"Sekreter\u00ea Gi\u015ft\u00ee y\u00ea NY: Gir\u00eeng e danp\u00eadan bi Kurdan li S\u00fbriy\u00ea were kirin\",\"datePublished\":\"2025-05-17T20:32:27+00:00\",\"dateModified\":\"2025-05-17T22:15:00+00:00\",\"mainEntityOfPage\":{\"@id\":\"https:\\\/\\\/saknews.net\\\/ku\\\/?p=2346\"},\"wordCount\":166,\"publisher\":{\"@id\":\"https:\\\/\\\/saknews.net\\\/ku\\\/#organization\"},\"image\":{\"@id\":\"https:\\\/\\\/saknews.net\\\/ku\\\/?p=2346#primaryimage\"},\"thumbnailUrl\":\"https:\\\/\\\/i0.wp.com\\\/saknews.net\\\/ku\\\/wp-content\\\/uploads\\\/2025\\\/05\\\/IMG_2656.webp?fit=686%2C513&ssl=1\",\"articleSection\":[\"N\u00fb\u00e7e\"],\"inLanguage\":\"en-US\"},{\"@type\":\"WebPage\",\"@id\":\"https:\\\/\\\/saknews.net\\\/ku\\\/?p=2346\",\"url\":\"https:\\\/\\\/saknews.net\\\/ku\\\/?p=2346\",\"name\":\"Sekreter\u00ea Gi\u015ft\u00ee y\u00ea NY: Gir\u00eeng e danp\u00eadan bi Kurdan li S\u00fbriy\u00ea were kirin &#8226; \u015eAK\",\"isPartOf\":{\"@id\":\"https:\\\/\\\/saknews.net\\\/ku\\\/#website\"},\"primaryImageOfPage\":{\"@id\":\"https:\\\/\\\/saknews.net\\\/ku\\\/?p=2346#primaryimage\"},\"image\":{\"@id\":\"https:\\\/\\\/saknews.net\\\/ku\\\/?p=2346#primaryimage\"},\"thumbnailUrl\":\"https:\\\/\\\/i0.wp.com\\\/saknews.net\\\/ku\\\/wp-content\\\/uploads\\\/2025\\\/05\\\/IMG_2656.webp?fit=686%2C513&ssl=1\",\"datePublished\":\"2025-05-17T20:32:27+00:00\",\"dateModified\":\"2025-05-17T22:15:00+00:00\",\"breadcrumb\":{\"@id\":\"https:\\\/\\\/saknews.net\\\/ku\\\/?p=2346#breadcrumb\"},\"inLanguage\":\"en-US\",\"potentialAction\":[{\"@type\":\"ReadAction\",\"target\":[\"https:\\\/\\\/saknews.net\\\/ku\\\/?p=2346\"]}]},{\"@type\":\"ImageObject\",\"inLanguage\":\"en-US\",\"@id\":\"https:\\\/\\\/saknews.net\\\/ku\\\/?p=2346#primaryimage\",\"url\":\"https:\\\/\\\/i0.wp.com\\\/saknews.net\\\/ku\\\/wp-content\\\/uploads\\\/2025\\\/05\\\/IMG_2656.webp?fit=686%2C513&ssl=1\",\"contentUrl\":\"https:\\\/\\\/i0.wp.com\\\/saknews.net\\\/ku\\\/wp-content\\\/uploads\\\/2025\\\/05\\\/IMG_2656.webp?fit=686%2C513&ssl=1\",\"width\":686,\"height\":513},{\"@type\":\"BreadcrumbList\",\"@id\":\"https:\\\/\\\/saknews.net\\\/ku\\\/?p=2346#breadcrumb\",\"itemListElement\":[{\"@type\":\"ListItem\",\"position\":1,\"name\":\"\u0627\u0644\u0631\u0626\u064a\u0633\u064a\u0629\",\"item\":\"https:\\\/\\\/saknews.net\\\/ku\\\/\"},{\"@type\":\"ListItem\",\"position\":2,\"name\":\"N\u00fb\u00e7e\",\"item\":\"https:\\\/\\\/saknews.net\\\/ku\\\/?cat=49\"},{\"@type\":\"ListItem\",\"position\":3,\"name\":\"Sekreter\u00ea Gi\u015ft\u00ee y\u00ea NY: Gir\u00eeng e danp\u00eadan bi Kurdan li S\u00fbriy\u00ea were kirin\"}]},{\"@type\":\"WebSite\",\"@id\":\"https:\\\/\\\/saknews.net\\\/ku\\\/#website\",\"url\":\"https:\\\/\\\/saknews.net\\\/ku\\\/\",\"name\":\"S\u0327epe\u0302la Azadi\u0302 ya Kurdistani\u0302\",\"description\":\"\u062a\u064a\u0627\u0631 \u0627\u0644\u062d\u0631\u064a\u0629 \u0627\u0644\u0643\u0648\u0631\u062f\u0633\u062a\u0627\u0646\u064a \u015eep\u00eala Azad\u00ee ya Kurdistan\u00ee\",\"publisher\":{\"@id\":\"https:\\\/\\\/saknews.net\\\/ku\\\/#organization\"},\"potentialAction\":[{\"@type\":\"SearchAction\",\"target\":{\"@type\":\"EntryPoint\",\"urlTemplate\":\"https:\\\/\\\/saknews.net\\\/ku\\\/?s={search_term_string}\"},\"query-input\":{\"@type\":\"PropertyValueSpecification\",\"valueRequired\":true,\"valueName\":\"search_term_string\"}}],\"inLanguage\":\"en-US\"},{\"@type\":\"Organization\",\"@id\":\"https:\\\/\\\/saknews.net\\\/ku\\\/#organization\",\"name\":\"\u015eep\u00eala Azadiy\u00ea ya Kurdistan\u00ea - \u062a\u064a\u0627\u0631 \u0627\u0644\u062d\u0631\u064a\u0629 \u0627\u0644\u0643\u0648\u0631\u062f\u0633\u062a\u0627\u0646\u064a\",\"url\":\"https:\\\/\\\/saknews.net\\\/ku\\\/\",\"logo\":{\"@type\":\"ImageObject\",\"inLanguage\":\"en-US\",\"@id\":\"https:\\\/\\\/saknews.net\\\/ku\\\/#\\\/schema\\\/logo\\\/image\\\/\",\"url\":\"https:\\\/\\\/i0.wp.com\\\/saknews.net\\\/ku\\\/wp-content\\\/uploads\\\/2024\\\/11\\\/cropped-logo-1.png?fit=512%2C512&ssl=1\",\"contentUrl\":\"https:\\\/\\\/i0.wp.com\\\/saknews.net\\\/ku\\\/wp-content\\\/uploads\\\/2024\\\/11\\\/cropped-logo-1.png?fit=512%2C512&ssl=1\",\"width\":512,\"height\":512,\"caption\":\"\u015eep\u00eala Azadiy\u00ea ya Kurdistan\u00ea - \u062a\u064a\u0627\u0631 \u0627\u0644\u062d\u0631\u064a\u0629 \u0627\u0644\u0643\u0648\u0631\u062f\u0633\u062a\u0627\u0646\u064a\"},\"image\":{\"@id\":\"https:\\\/\\\/saknews.net\\\/ku\\\/#\\\/schema\\\/logo\\\/image\\\/\"},\"sameAs\":[\"https:\\\/\\\/www.facebook.com\\\/Shepel.ewropa\"]},{\"@type\":\"Person\",\"@id\":\"https:\\\/\\\/saknews.net\\\/ku\\\/#\\\/schema\\\/person\\\/1c01cd16fca0bfa144578b4674c618a7\",\"name\":\"Helebja Helebja\",\"sameAs\":[\"https:\\\/\\\/saknews.net\\\/ku\"],\"url\":\"https:\\\/\\\/saknews.net\\\/ku\\\/?author=5\"}]}<\/script>\n<!-- \/ Yoast SEO plugin. -->","yoast_head_json":{"title":"Sekreter\u00ea Gi\u015ft\u00ee y\u00ea NY: Gir\u00eeng e danp\u00eadan bi Kurdan li S\u00fbriy\u00ea were kirin &#8226; \u015eAK","robots":{"index":"index","follow":"follow","max-snippet":"max-snippet:-1","max-image-preview":"max-image-preview:large","max-video-preview":"max-video-preview:-1"},"canonical":"https:\/\/saknews.net\/ku\/?p=2346","og_locale":"en_US","og_type":"article","og_title":"Sekreter\u00ea Gi\u015ft\u00ee y\u00ea NY: Gir\u00eeng e danp\u00eadan bi Kurdan li S\u00fbriy\u00ea were kirin &#8226; \u015eAK","og_description":"Sekreter\u00ea gi\u015ft\u00ee y\u00ea Netew\u00ean Yekgirt\u00ee Antonio Guterres di kongirek\u00ea rojnamevan\u00ee de dib\u00eaje, div\u00ea danp\u00eadan bi...","og_url":"https:\/\/saknews.net\/ku\/?p=2346","og_site_name":"\u015eAK","article_publisher":"https:\/\/www.facebook.com\/Shepel.ewropa","article_published_time":"2025-05-17T20:32:27+00:00","article_modified_time":"2025-05-17T22:15:00+00:00","og_image":[{"width":686,"height":513,"url":"https:\/\/saknews.net\/ku\/wp-content\/uploads\/2025\/05\/IMG_2656.webp","type":"image\/webp"}],"author":"Helebja Helebja","twitter_card":"summary_large_image","twitter_misc":{"Written by":"Helebja Helebja","Est. reading time":"1 minute"},"schema":{"@context":"https:\/\/schema.org","@graph":[{"@type":"Article","@id":"https:\/\/saknews.net\/ku\/?p=2346#article","isPartOf":{"@id":"https:\/\/saknews.net\/ku\/?p=2346"},"author":{"name":"Helebja Helebja","@id":"https:\/\/saknews.net\/ku\/#\/schema\/person\/1c01cd16fca0bfa144578b4674c618a7"},"headline":"Sekreter\u00ea Gi\u015ft\u00ee y\u00ea NY: Gir\u00eeng e danp\u00eadan bi Kurdan li S\u00fbriy\u00ea were kirin","datePublished":"2025-05-17T20:32:27+00:00","dateModified":"2025-05-17T22:15:00+00:00","mainEntityOfPage":{"@id":"https:\/\/saknews.net\/ku\/?p=2346"},"wordCount":166,"publisher":{"@id":"https:\/\/saknews.net\/ku\/#organization"},"image":{"@id":"https:\/\/saknews.net\/ku\/?p=2346#primaryimage"},"thumbnailUrl":"https:\/\/i0.wp.com\/saknews.net\/ku\/wp-content\/uploads\/2025\/05\/IMG_2656.webp?fit=686%2C513&ssl=1","articleSection":["N\u00fb\u00e7e"],"inLanguage":"en-US"},{"@type":"WebPage","@id":"https:\/\/saknews.net\/ku\/?p=2346","url":"https:\/\/saknews.net\/ku\/?p=2346","name":"Sekreter\u00ea Gi\u015ft\u00ee y\u00ea NY: Gir\u00eeng e danp\u00eadan bi Kurdan li S\u00fbriy\u00ea were kirin &#8226; \u015eAK","isPartOf":{"@id":"https:\/\/saknews.net\/ku\/#website"},"primaryImageOfPage":{"@id":"https:\/\/saknews.net\/ku\/?p=2346#primaryimage"},"image":{"@id":"https:\/\/saknews.net\/ku\/?p=2346#primaryimage"},"thumbnailUrl":"https:\/\/i0.wp.com\/saknews.net\/ku\/wp-content\/uploads\/2025\/05\/IMG_2656.webp?fit=686%2C513&ssl=1","datePublished":"2025-05-17T20:32:27+00:00","dateModified":"2025-05-17T22:15:00+00:00","breadcrumb":{"@id":"https:\/\/saknews.net\/ku\/?p=2346#breadcrumb"},"inLanguage":"en-US","potentialAction":[{"@type":"ReadAction","target":["https:\/\/saknews.net\/ku\/?p=2346"]}]},{"@type":"ImageObject","inLanguage":"en-US","@id":"https:\/\/saknews.net\/ku\/?p=2346#primaryimage","url":"https:\/\/i0.wp.com\/saknews.net\/ku\/wp-content\/uploads\/2025\/05\/IMG_2656.webp?fit=686%2C513&ssl=1","contentUrl":"https:\/\/i0.wp.com\/saknews.net\/ku\/wp-content\/uploads\/2025\/05\/IMG_2656.webp?fit=686%2C513&ssl=1","width":686,"height":513},{"@type":"BreadcrumbList","@id":"https:\/\/saknews.net\/ku\/?p=2346#breadcrumb","itemListElement":[{"@type":"ListItem","position":1,"name":"\u0627\u0644\u0631\u0626\u064a\u0633\u064a\u0629","item":"https:\/\/saknews.net\/ku\/"},{"@type":"ListItem","position":2,"name":"N\u00fb\u00e7e","item":"https:\/\/saknews.net\/ku\/?cat=49"},{"@type":"ListItem","position":3,"name":"Sekreter\u00ea Gi\u015ft\u00ee y\u00ea NY: Gir\u00eeng e danp\u00eadan bi Kurdan li S\u00fbriy\u00ea were kirin"}]},{"@type":"WebSite","@id":"https:\/\/saknews.net\/ku\/#website","url":"https:\/\/saknews.net\/ku\/","name":"S\u0327epe\u0302la Azadi\u0302 ya Kurdistani\u0302","description":"\u062a\u064a\u0627\u0631 \u0627\u0644\u062d\u0631\u064a\u0629 \u0627\u0644\u0643\u0648\u0631\u062f\u0633\u062a\u0627\u0646\u064a \u015eep\u00eala Azad\u00ee ya Kurdistan\u00ee","publisher":{"@id":"https:\/\/saknews.net\/ku\/#organization"},"potentialAction":[{"@type":"SearchAction","target":{"@type":"EntryPoint","urlTemplate":"https:\/\/saknews.net\/ku\/?s={search_term_string}"},"query-input":{"@type":"PropertyValueSpecification","valueRequired":true,"valueName":"search_term_string"}}],"inLanguage":"en-US"},{"@type":"Organization","@id":"https:\/\/saknews.net\/ku\/#organization","name":"\u015eep\u00eala Azadiy\u00ea ya Kurdistan\u00ea - \u062a\u064a\u0627\u0631 \u0627\u0644\u062d\u0631\u064a\u0629 \u0627\u0644\u0643\u0648\u0631\u062f\u0633\u062a\u0627\u0646\u064a","url":"https:\/\/saknews.net\/ku\/","logo":{"@type":"ImageObject","inLanguage":"en-US","@id":"https:\/\/saknews.net\/ku\/#\/schema\/logo\/image\/","url":"https:\/\/i0.wp.com\/saknews.net\/ku\/wp-content\/uploads\/2024\/11\/cropped-logo-1.png?fit=512%2C512&ssl=1","contentUrl":"https:\/\/i0.wp.com\/saknews.net\/ku\/wp-content\/uploads\/2024\/11\/cropped-logo-1.png?fit=512%2C512&ssl=1","width":512,"height":512,"caption":"\u015eep\u00eala Azadiy\u00ea ya Kurdistan\u00ea - \u062a\u064a\u0627\u0631 \u0627\u0644\u062d\u0631\u064a\u0629 \u0627\u0644\u0643\u0648\u0631\u062f\u0633\u062a\u0627\u0646\u064a"},"image":{"@id":"https:\/\/saknews.net\/ku\/#\/schema\/logo\/image\/"},"sameAs":["https:\/\/www.facebook.com\/Shepel.ewropa"]},{"@type":"Person","@id":"https:\/\/saknews.net\/ku\/#\/schema\/person\/1c01cd16fca0bfa144578b4674c618a7","name":"Helebja Helebja","sameAs":["https:\/\/saknews.net\/ku"],"url":"https:\/\/saknews.net\/ku\/?author=5"}]}},"featured_image_urls":{"full":["https:\/\/i0.wp.com\/saknews.net\/ku\/wp-content\/uploads\/2025\/05\/IMG_2656.webp?fit=686%2C513&ssl=1",686,513,false],"thumbnail":["https:\/\/i0.wp.com\/saknews.net\/ku\/wp-content\/uploads\/2025\/05\/IMG_2656.webp?resize=150%2C150&ssl=1",150,150,true],"medium":["https:\/\/i0.wp.com\/saknews.net\/ku\/wp-content\/uploads\/2025\/05\/IMG_2656.webp?fit=300%2C224&ssl=1",300,224,true],"medium_large":["https:\/\/i0.wp.com\/saknews.net\/ku\/wp-content\/uploads\/2025\/05\/IMG_2656.webp?fit=640%2C479&ssl=1",640,479,true],"large":["https:\/\/i0.wp.com\/saknews.net\/ku\/wp-content\/uploads\/2025\/05\/IMG_2656.webp?fit=640%2C479&ssl=1",640,479,true],"1536x1536":["https:\/\/i0.wp.com\/saknews.net\/ku\/wp-content\/uploads\/2025\/05\/IMG_2656.webp?fit=686%2C513&ssl=1",686,513,true],"2048x2048":["https:\/\/i0.wp.com\/saknews.net\/ku\/wp-content\/uploads\/2025\/05\/IMG_2656.webp?fit=686%2C513&ssl=1",686,513,true],"covernews-featured":["https:\/\/i0.wp.com\/saknews.net\/ku\/wp-content\/uploads\/2025\/05\/IMG_2656.webp?fit=686%2C513&ssl=1",686,513,true],"covernews-medium":["https:\/\/i0.wp.com\/saknews.net\/ku\/wp-content\/uploads\/2025\/05\/IMG_2656.webp?resize=540%2C340&ssl=1",540,340,true]},"author_info":{"display_name":"Helebja Helebja","author_link":"https:\/\/saknews.net\/ku\/?author=5"},"category_info":"<a href=\"https:\/\/saknews.net\/ku\/?cat=49\" rel=\"category\">N\u00fb\u00e7e<\/a>","tag_info":"N\u00fb\u00e7e","comment_count":"0","_links":{"self":[{"href":"https:\/\/saknews.net\/ku\/index.php?rest_route=\/wp\/v2\/posts\/2346","targetHints":{"allow":["GET"]}}],"collection":[{"href":"https:\/\/saknews.net\/ku\/index.php?rest_route=\/wp\/v2\/posts"}],"about":[{"href":"https:\/\/saknews.net\/ku\/index.php?rest_route=\/wp\/v2\/types\/post"}],"author":[{"embeddable":true,"href":"https:\/\/saknews.net\/ku\/index.php?rest_route=\/wp\/v2\/users\/5"}],"replies":[{"embeddable":true,"href":"https:\/\/saknews.net\/ku\/index.php?rest_route=%2Fwp%2Fv2%2Fcomments&post=2346"}],"version-history":[{"count":4,"href":"https:\/\/saknews.net\/ku\/index.php?rest_route=\/wp\/v2\/posts\/2346\/revisions"}],"predecessor-version":[{"id":2355,"href":"https:\/\/saknews.net\/ku\/index.php?rest_route=\/wp\/v2\/posts\/2346\/revisions\/2355"}],"wp:featuredmedia":[{"embeddable":true,"href":"https:\/\/saknews.net\/ku\/index.php?rest_route=\/wp\/v2\/media\/2350"}],"wp:attachment":[{"href":"https:\/\/saknews.net\/ku\/index.php?rest_route=%2Fwp%2Fv2%2Fmedia&parent=2346"}],"wp:term":[{"taxonomy":"category","embeddable":true,"href":"https:\/\/saknews.net\/ku\/index.php?rest_route=%2Fwp%2Fv2%2Fcategories&post=2346"},{"taxonomy":"post_tag","embeddable":true,"href":"https:\/\/saknews.net\/ku\/index.php?rest_route=%2Fwp%2Fv2%2Ftags&post=2346"}],"curies":[{"name":"wp","href":"https:\/\/api.w.org\/{rel}","templated":true}]}}