{"id":2364,"date":"2025-05-24T15:08:50","date_gmt":"2025-05-24T15:08:50","guid":{"rendered":"https:\/\/saknews.net\/ku\/?p=2364"},"modified":"2025-05-24T15:09:40","modified_gmt":"2025-05-24T15:09:40","slug":"bere-kurdistana-suriye-besdari-paneleke-li-qamislo-dibe","status":"publish","type":"post","link":"https:\/\/saknews.net\/ku\/?p=2364","title":{"rendered":"Ber\u00ea Kurdistana S\u00fbriy\u00ea be\u015fdar\u00ee pan\u00ealek\u00ea li Qami\u015flo dibe"},"content":{"rendered":"<p>li ser daxwaza of\u00eesa peywendiyan ya Enc\u00fbmena S\u00fbriya Demokrat (MSD),roja 24.05.2025 hejmareke n\u00fbner\u00ean Ber\u00ea Kurdistana S\u00fbriy\u00ea be\u015fdar\u00ee pan\u00ealek\u00ea li bajar\u00ea Qami\u015flo b\u00fbn.<\/p>\n<p>Di w\u00ea pan\u00eal\u00ea de behsa giringiya dan\u00fbstandinan hate kirin, ji bo siberojeke demokrat \u00fb azad li dever\u00ea \u00fb tekez\u00ee li ser hejmareke xalan hate kirin, weku kar\u00ea kom\u00eeteya dan\u00fbstandinan \u00fb daw\u00ee p\u00ea\u015fhatey\u00ean siyas\u00ee li dever\u00ea, herwiha behsa rew\u015fa perwerd\u00ea li Kurdistana S\u00fbriy\u00ea hate kirin \u00fb k\u00ea\u015fey\u00ean ku dikevin di riya proseya xwendin\u00ea de \u00fb \u00e7awaniya p\u00ea\u015fxistina w\u00ea prosey\u00ea.<\/p>\n<p>Her di w\u00ea penel\u00ea de behsa giringiya avakirina hevpeymanan di hundir\u00ea Enc\u00fbmena S\u00fbriya Demokrat (MSD)de hate kirin \u00fb giringiya hemahingiy\u00ea di nava hem\u00fb p\u00eakhateyan de were kirin.<\/p>\n<p>Behsa siberoja doseya Kurd\u00ee li S\u00fbriy\u00ea j\u00ee hate kirin \u00fb kes\u00ean amade ku ji n\u00fbner\u00ean hejmareke aliy\u00ean siyas\u00ee \u00fb kes\u00ean serbixwe p\u00eakdihatin,tekez\u00ee li ser giringiya yekr\u00eaziya hem\u00fb aliy\u00ean siyas\u00ee y\u00ean Kurd\u00ee kirin, ji bo c\u00eebec\u00eekirin \u00fb bidestxistina armanc \u00fb maf\u00ean Kurd\u00ee di \u00e7ar\u00e7ovey\u00ea \u00e7areseriyeke siyas\u00ee ya gi\u015ft\u00ee.<\/p>\n<p><img data-recalc-dims=\"1\" decoding=\"async\" class=\"alignnone size-medium wp-image-2365 lazyload\" data-src=\"https:\/\/i0.wp.com\/saknews.net\/ku\/wp-content\/uploads\/2025\/05\/b50a97cd-42db-4c5c-97e0-8e913580e3d4.jpeg?resize=300%2C171&#038;ssl=1\" alt=\"\" width=\"300\" height=\"171\" data-srcset=\"https:\/\/i0.wp.com\/saknews.net\/ku\/wp-content\/uploads\/2025\/05\/b50a97cd-42db-4c5c-97e0-8e913580e3d4.jpeg?resize=300%2C171&amp;ssl=1 300w, https:\/\/i0.wp.com\/saknews.net\/ku\/wp-content\/uploads\/2025\/05\/b50a97cd-42db-4c5c-97e0-8e913580e3d4.jpeg?w=720&amp;ssl=1 720w\" data-sizes=\"(max-width: 300px) 100vw, 300px\" src=\"data:image\/svg+xml;base64,PHN2ZyB3aWR0aD0iMSIgaGVpZ2h0PSIxIiB4bWxucz0iaHR0cDovL3d3dy53My5vcmcvMjAwMC9zdmciPjwvc3ZnPg==\" style=\"--smush-placeholder-width: 300px; --smush-placeholder-aspect-ratio: 300\/171;\" \/><\/p>\n<p><img data-recalc-dims=\"1\" decoding=\"async\" class=\"alignnone size-medium wp-image-2366 lazyload\" data-src=\"https:\/\/i0.wp.com\/saknews.net\/ku\/wp-content\/uploads\/2025\/05\/0cccdd6c-5118-4de5-b1b2-102685a32326.jpeg?resize=300%2C228&#038;ssl=1\" alt=\"\" width=\"300\" height=\"228\" data-srcset=\"https:\/\/i0.wp.com\/saknews.net\/ku\/wp-content\/uploads\/2025\/05\/0cccdd6c-5118-4de5-b1b2-102685a32326.jpeg?resize=300%2C228&amp;ssl=1 300w, https:\/\/i0.wp.com\/saknews.net\/ku\/wp-content\/uploads\/2025\/05\/0cccdd6c-5118-4de5-b1b2-102685a32326.jpeg?w=590&amp;ssl=1 590w\" data-sizes=\"(max-width: 300px) 100vw, 300px\" src=\"data:image\/svg+xml;base64,PHN2ZyB3aWR0aD0iMSIgaGVpZ2h0PSIxIiB4bWxucz0iaHR0cDovL3d3dy53My5vcmcvMjAwMC9zdmciPjwvc3ZnPg==\" style=\"--smush-placeholder-width: 300px; --smush-placeholder-aspect-ratio: 300\/228;\" \/><\/p>\n","protected":false},"excerpt":{"rendered":"<p>li ser daxwaza of\u00eesa peywendiyan ya Enc\u00fbmena S\u00fbriya Demokrat (MSD),roja 24.05.2025 hejmareke n\u00fbner\u00ean Ber\u00ea Kurdistana&#8230;<\/p>\n","protected":false},"author":5,"featured_media":2367,"comment_status":"closed","ping_status":"closed","sticky":false,"template":"","format":"standard","meta":{"footnotes":""},"categories":[49],"tags":[],"class_list":["post-2364","post","type-post","status-publish","format-standard","has-post-thumbnail","hentry","category-nuce"],"yoast_head":"<!-- This site is optimized with the Yoast SEO plugin v27.5 - https:\/\/yoast.com\/product\/yoast-seo-wordpress\/ -->\n<title>Ber\u00ea Kurdistana S\u00fbriy\u00ea be\u015fdar\u00ee pan\u00ealek\u00ea li Qami\u015flo dibe &#8226; \u015eAK<\/title>\n<meta name=\"robots\" content=\"index, follow, max-snippet:-1, max-image-preview:large, max-video-preview:-1\" \/>\n<link rel=\"canonical\" href=\"https:\/\/saknews.net\/ku\/?p=2364\" \/>\n<meta property=\"og:locale\" content=\"en_US\" \/>\n<meta property=\"og:type\" content=\"article\" \/>\n<meta property=\"og:title\" content=\"Ber\u00ea Kurdistana S\u00fbriy\u00ea be\u015fdar\u00ee pan\u00ealek\u00ea li Qami\u015flo dibe &#8226; \u015eAK\" \/>\n<meta property=\"og:description\" content=\"li ser daxwaza of\u00eesa peywendiyan ya Enc\u00fbmena S\u00fbriya Demokrat (MSD),roja 24.05.2025 hejmareke n\u00fbner\u00ean Ber\u00ea Kurdistana...\" \/>\n<meta property=\"og:url\" content=\"https:\/\/saknews.net\/ku\/?p=2364\" \/>\n<meta property=\"og:site_name\" content=\"\u015eAK\" \/>\n<meta property=\"article:publisher\" content=\"https:\/\/www.facebook.com\/Shepel.ewropa\" \/>\n<meta property=\"article:published_time\" content=\"2025-05-24T15:08:50+00:00\" \/>\n<meta property=\"article:modified_time\" content=\"2025-05-24T15:09:40+00:00\" \/>\n<meta property=\"og:image\" content=\"https:\/\/saknews.net\/ku\/wp-content\/uploads\/2025\/05\/47935325-8b4b-41c9-9415-387a24e17aaa.jpeg\" \/>\n\t<meta property=\"og:image:width\" content=\"720\" \/>\n\t<meta property=\"og:image:height\" content=\"324\" \/>\n\t<meta property=\"og:image:type\" content=\"image\/jpeg\" \/>\n<meta name=\"author\" content=\"Helebja Helebja\" \/>\n<meta name=\"twitter:card\" content=\"summary_large_image\" \/>\n<meta name=\"twitter:label1\" content=\"Written by\" \/>\n\t<meta name=\"twitter:data1\" content=\"Helebja Helebja\" \/>\n\t<meta name=\"twitter:label2\" content=\"Est. reading time\" \/>\n\t<meta name=\"twitter:data2\" content=\"2 minutes\" \/>\n<script type=\"application\/ld+json\" class=\"yoast-schema-graph\">{\"@context\":\"https:\\\/\\\/schema.org\",\"@graph\":[{\"@type\":\"Article\",\"@id\":\"https:\\\/\\\/saknews.net\\\/ku\\\/?p=2364#article\",\"isPartOf\":{\"@id\":\"https:\\\/\\\/saknews.net\\\/ku\\\/?p=2364\"},\"author\":{\"name\":\"Helebja Helebja\",\"@id\":\"https:\\\/\\\/saknews.net\\\/ku\\\/#\\\/schema\\\/person\\\/1c01cd16fca0bfa144578b4674c618a7\"},\"headline\":\"Ber\u00ea Kurdistana S\u00fbriy\u00ea be\u015fdar\u00ee pan\u00ealek\u00ea li Qami\u015flo dibe\",\"datePublished\":\"2025-05-24T15:08:50+00:00\",\"dateModified\":\"2025-05-24T15:09:40+00:00\",\"mainEntityOfPage\":{\"@id\":\"https:\\\/\\\/saknews.net\\\/ku\\\/?p=2364\"},\"wordCount\":197,\"publisher\":{\"@id\":\"https:\\\/\\\/saknews.net\\\/ku\\\/#organization\"},\"image\":{\"@id\":\"https:\\\/\\\/saknews.net\\\/ku\\\/?p=2364#primaryimage\"},\"thumbnailUrl\":\"https:\\\/\\\/i0.wp.com\\\/saknews.net\\\/ku\\\/wp-content\\\/uploads\\\/2025\\\/05\\\/47935325-8b4b-41c9-9415-387a24e17aaa.jpeg?fit=720%2C324&ssl=1\",\"articleSection\":[\"N\u00fb\u00e7e\"],\"inLanguage\":\"en-US\"},{\"@type\":\"WebPage\",\"@id\":\"https:\\\/\\\/saknews.net\\\/ku\\\/?p=2364\",\"url\":\"https:\\\/\\\/saknews.net\\\/ku\\\/?p=2364\",\"name\":\"Ber\u00ea Kurdistana S\u00fbriy\u00ea be\u015fdar\u00ee pan\u00ealek\u00ea li Qami\u015flo dibe &#8226; \u015eAK\",\"isPartOf\":{\"@id\":\"https:\\\/\\\/saknews.net\\\/ku\\\/#website\"},\"primaryImageOfPage\":{\"@id\":\"https:\\\/\\\/saknews.net\\\/ku\\\/?p=2364#primaryimage\"},\"image\":{\"@id\":\"https:\\\/\\\/saknews.net\\\/ku\\\/?p=2364#primaryimage\"},\"thumbnailUrl\":\"https:\\\/\\\/i0.wp.com\\\/saknews.net\\\/ku\\\/wp-content\\\/uploads\\\/2025\\\/05\\\/47935325-8b4b-41c9-9415-387a24e17aaa.jpeg?fit=720%2C324&ssl=1\",\"datePublished\":\"2025-05-24T15:08:50+00:00\",\"dateModified\":\"2025-05-24T15:09:40+00:00\",\"breadcrumb\":{\"@id\":\"https:\\\/\\\/saknews.net\\\/ku\\\/?p=2364#breadcrumb\"},\"inLanguage\":\"en-US\",\"potentialAction\":[{\"@type\":\"ReadAction\",\"target\":[\"https:\\\/\\\/saknews.net\\\/ku\\\/?p=2364\"]}]},{\"@type\":\"ImageObject\",\"inLanguage\":\"en-US\",\"@id\":\"https:\\\/\\\/saknews.net\\\/ku\\\/?p=2364#primaryimage\",\"url\":\"https:\\\/\\\/i0.wp.com\\\/saknews.net\\\/ku\\\/wp-content\\\/uploads\\\/2025\\\/05\\\/47935325-8b4b-41c9-9415-387a24e17aaa.jpeg?fit=720%2C324&ssl=1\",\"contentUrl\":\"https:\\\/\\\/i0.wp.com\\\/saknews.net\\\/ku\\\/wp-content\\\/uploads\\\/2025\\\/05\\\/47935325-8b4b-41c9-9415-387a24e17aaa.jpeg?fit=720%2C324&ssl=1\",\"width\":720,\"height\":324},{\"@type\":\"BreadcrumbList\",\"@id\":\"https:\\\/\\\/saknews.net\\\/ku\\\/?p=2364#breadcrumb\",\"itemListElement\":[{\"@type\":\"ListItem\",\"position\":1,\"name\":\"\u0627\u0644\u0631\u0626\u064a\u0633\u064a\u0629\",\"item\":\"https:\\\/\\\/saknews.net\\\/ku\\\/\"},{\"@type\":\"ListItem\",\"position\":2,\"name\":\"N\u00fb\u00e7e\",\"item\":\"https:\\\/\\\/saknews.net\\\/ku\\\/?cat=49\"},{\"@type\":\"ListItem\",\"position\":3,\"name\":\"Ber\u00ea Kurdistana S\u00fbriy\u00ea be\u015fdar\u00ee pan\u00ealek\u00ea li Qami\u015flo dibe\"}]},{\"@type\":\"WebSite\",\"@id\":\"https:\\\/\\\/saknews.net\\\/ku\\\/#website\",\"url\":\"https:\\\/\\\/saknews.net\\\/ku\\\/\",\"name\":\"S\u0327epe\u0302la Azadi\u0302 ya Kurdistani\u0302\",\"description\":\"\u062a\u064a\u0627\u0631 \u0627\u0644\u062d\u0631\u064a\u0629 \u0627\u0644\u0643\u0648\u0631\u062f\u0633\u062a\u0627\u0646\u064a \u015eep\u00eala Azad\u00ee ya Kurdistan\u00ee\",\"publisher\":{\"@id\":\"https:\\\/\\\/saknews.net\\\/ku\\\/#organization\"},\"potentialAction\":[{\"@type\":\"SearchAction\",\"target\":{\"@type\":\"EntryPoint\",\"urlTemplate\":\"https:\\\/\\\/saknews.net\\\/ku\\\/?s={search_term_string}\"},\"query-input\":{\"@type\":\"PropertyValueSpecification\",\"valueRequired\":true,\"valueName\":\"search_term_string\"}}],\"inLanguage\":\"en-US\"},{\"@type\":\"Organization\",\"@id\":\"https:\\\/\\\/saknews.net\\\/ku\\\/#organization\",\"name\":\"\u015eep\u00eala Azadiy\u00ea ya Kurdistan\u00ea - \u062a\u064a\u0627\u0631 \u0627\u0644\u062d\u0631\u064a\u0629 \u0627\u0644\u0643\u0648\u0631\u062f\u0633\u062a\u0627\u0646\u064a\",\"url\":\"https:\\\/\\\/saknews.net\\\/ku\\\/\",\"logo\":{\"@type\":\"ImageObject\",\"inLanguage\":\"en-US\",\"@id\":\"https:\\\/\\\/saknews.net\\\/ku\\\/#\\\/schema\\\/logo\\\/image\\\/\",\"url\":\"https:\\\/\\\/i0.wp.com\\\/saknews.net\\\/ku\\\/wp-content\\\/uploads\\\/2024\\\/11\\\/cropped-logo-1.png?fit=512%2C512&ssl=1\",\"contentUrl\":\"https:\\\/\\\/i0.wp.com\\\/saknews.net\\\/ku\\\/wp-content\\\/uploads\\\/2024\\\/11\\\/cropped-logo-1.png?fit=512%2C512&ssl=1\",\"width\":512,\"height\":512,\"caption\":\"\u015eep\u00eala Azadiy\u00ea ya Kurdistan\u00ea - \u062a\u064a\u0627\u0631 \u0627\u0644\u062d\u0631\u064a\u0629 \u0627\u0644\u0643\u0648\u0631\u062f\u0633\u062a\u0627\u0646\u064a\"},\"image\":{\"@id\":\"https:\\\/\\\/saknews.net\\\/ku\\\/#\\\/schema\\\/logo\\\/image\\\/\"},\"sameAs\":[\"https:\\\/\\\/www.facebook.com\\\/Shepel.ewropa\"]},{\"@type\":\"Person\",\"@id\":\"https:\\\/\\\/saknews.net\\\/ku\\\/#\\\/schema\\\/person\\\/1c01cd16fca0bfa144578b4674c618a7\",\"name\":\"Helebja Helebja\",\"sameAs\":[\"https:\\\/\\\/saknews.net\\\/ku\"],\"url\":\"https:\\\/\\\/saknews.net\\\/ku\\\/?author=5\"}]}<\/script>\n<!-- \/ Yoast SEO plugin. -->","yoast_head_json":{"title":"Ber\u00ea Kurdistana S\u00fbriy\u00ea be\u015fdar\u00ee pan\u00ealek\u00ea li Qami\u015flo dibe &#8226; \u015eAK","robots":{"index":"index","follow":"follow","max-snippet":"max-snippet:-1","max-image-preview":"max-image-preview:large","max-video-preview":"max-video-preview:-1"},"canonical":"https:\/\/saknews.net\/ku\/?p=2364","og_locale":"en_US","og_type":"article","og_title":"Ber\u00ea Kurdistana S\u00fbriy\u00ea be\u015fdar\u00ee pan\u00ealek\u00ea li Qami\u015flo dibe &#8226; \u015eAK","og_description":"li ser daxwaza of\u00eesa peywendiyan ya Enc\u00fbmena S\u00fbriya Demokrat (MSD),roja 24.05.2025 hejmareke n\u00fbner\u00ean Ber\u00ea Kurdistana...","og_url":"https:\/\/saknews.net\/ku\/?p=2364","og_site_name":"\u015eAK","article_publisher":"https:\/\/www.facebook.com\/Shepel.ewropa","article_published_time":"2025-05-24T15:08:50+00:00","article_modified_time":"2025-05-24T15:09:40+00:00","og_image":[{"width":720,"height":324,"url":"https:\/\/saknews.net\/ku\/wp-content\/uploads\/2025\/05\/47935325-8b4b-41c9-9415-387a24e17aaa.jpeg","type":"image\/jpeg"}],"author":"Helebja Helebja","twitter_card":"summary_large_image","twitter_misc":{"Written by":"Helebja Helebja","Est. reading time":"2 minutes"},"schema":{"@context":"https:\/\/schema.org","@graph":[{"@type":"Article","@id":"https:\/\/saknews.net\/ku\/?p=2364#article","isPartOf":{"@id":"https:\/\/saknews.net\/ku\/?p=2364"},"author":{"name":"Helebja Helebja","@id":"https:\/\/saknews.net\/ku\/#\/schema\/person\/1c01cd16fca0bfa144578b4674c618a7"},"headline":"Ber\u00ea Kurdistana S\u00fbriy\u00ea be\u015fdar\u00ee pan\u00ealek\u00ea li Qami\u015flo dibe","datePublished":"2025-05-24T15:08:50+00:00","dateModified":"2025-05-24T15:09:40+00:00","mainEntityOfPage":{"@id":"https:\/\/saknews.net\/ku\/?p=2364"},"wordCount":197,"publisher":{"@id":"https:\/\/saknews.net\/ku\/#organization"},"image":{"@id":"https:\/\/saknews.net\/ku\/?p=2364#primaryimage"},"thumbnailUrl":"https:\/\/i0.wp.com\/saknews.net\/ku\/wp-content\/uploads\/2025\/05\/47935325-8b4b-41c9-9415-387a24e17aaa.jpeg?fit=720%2C324&ssl=1","articleSection":["N\u00fb\u00e7e"],"inLanguage":"en-US"},{"@type":"WebPage","@id":"https:\/\/saknews.net\/ku\/?p=2364","url":"https:\/\/saknews.net\/ku\/?p=2364","name":"Ber\u00ea Kurdistana S\u00fbriy\u00ea be\u015fdar\u00ee pan\u00ealek\u00ea li Qami\u015flo dibe &#8226; \u015eAK","isPartOf":{"@id":"https:\/\/saknews.net\/ku\/#website"},"primaryImageOfPage":{"@id":"https:\/\/saknews.net\/ku\/?p=2364#primaryimage"},"image":{"@id":"https:\/\/saknews.net\/ku\/?p=2364#primaryimage"},"thumbnailUrl":"https:\/\/i0.wp.com\/saknews.net\/ku\/wp-content\/uploads\/2025\/05\/47935325-8b4b-41c9-9415-387a24e17aaa.jpeg?fit=720%2C324&ssl=1","datePublished":"2025-05-24T15:08:50+00:00","dateModified":"2025-05-24T15:09:40+00:00","breadcrumb":{"@id":"https:\/\/saknews.net\/ku\/?p=2364#breadcrumb"},"inLanguage":"en-US","potentialAction":[{"@type":"ReadAction","target":["https:\/\/saknews.net\/ku\/?p=2364"]}]},{"@type":"ImageObject","inLanguage":"en-US","@id":"https:\/\/saknews.net\/ku\/?p=2364#primaryimage","url":"https:\/\/i0.wp.com\/saknews.net\/ku\/wp-content\/uploads\/2025\/05\/47935325-8b4b-41c9-9415-387a24e17aaa.jpeg?fit=720%2C324&ssl=1","contentUrl":"https:\/\/i0.wp.com\/saknews.net\/ku\/wp-content\/uploads\/2025\/05\/47935325-8b4b-41c9-9415-387a24e17aaa.jpeg?fit=720%2C324&ssl=1","width":720,"height":324},{"@type":"BreadcrumbList","@id":"https:\/\/saknews.net\/ku\/?p=2364#breadcrumb","itemListElement":[{"@type":"ListItem","position":1,"name":"\u0627\u0644\u0631\u0626\u064a\u0633\u064a\u0629","item":"https:\/\/saknews.net\/ku\/"},{"@type":"ListItem","position":2,"name":"N\u00fb\u00e7e","item":"https:\/\/saknews.net\/ku\/?cat=49"},{"@type":"ListItem","position":3,"name":"Ber\u00ea Kurdistana S\u00fbriy\u00ea be\u015fdar\u00ee pan\u00ealek\u00ea li Qami\u015flo dibe"}]},{"@type":"WebSite","@id":"https:\/\/saknews.net\/ku\/#website","url":"https:\/\/saknews.net\/ku\/","name":"S\u0327epe\u0302la Azadi\u0302 ya Kurdistani\u0302","description":"\u062a\u064a\u0627\u0631 \u0627\u0644\u062d\u0631\u064a\u0629 \u0627\u0644\u0643\u0648\u0631\u062f\u0633\u062a\u0627\u0646\u064a \u015eep\u00eala Azad\u00ee ya Kurdistan\u00ee","publisher":{"@id":"https:\/\/saknews.net\/ku\/#organization"},"potentialAction":[{"@type":"SearchAction","target":{"@type":"EntryPoint","urlTemplate":"https:\/\/saknews.net\/ku\/?s={search_term_string}"},"query-input":{"@type":"PropertyValueSpecification","valueRequired":true,"valueName":"search_term_string"}}],"inLanguage":"en-US"},{"@type":"Organization","@id":"https:\/\/saknews.net\/ku\/#organization","name":"\u015eep\u00eala Azadiy\u00ea ya Kurdistan\u00ea - \u062a\u064a\u0627\u0631 \u0627\u0644\u062d\u0631\u064a\u0629 \u0627\u0644\u0643\u0648\u0631\u062f\u0633\u062a\u0627\u0646\u064a","url":"https:\/\/saknews.net\/ku\/","logo":{"@type":"ImageObject","inLanguage":"en-US","@id":"https:\/\/saknews.net\/ku\/#\/schema\/logo\/image\/","url":"https:\/\/i0.wp.com\/saknews.net\/ku\/wp-content\/uploads\/2024\/11\/cropped-logo-1.png?fit=512%2C512&ssl=1","contentUrl":"https:\/\/i0.wp.com\/saknews.net\/ku\/wp-content\/uploads\/2024\/11\/cropped-logo-1.png?fit=512%2C512&ssl=1","width":512,"height":512,"caption":"\u015eep\u00eala Azadiy\u00ea ya Kurdistan\u00ea - \u062a\u064a\u0627\u0631 \u0627\u0644\u062d\u0631\u064a\u0629 \u0627\u0644\u0643\u0648\u0631\u062f\u0633\u062a\u0627\u0646\u064a"},"image":{"@id":"https:\/\/saknews.net\/ku\/#\/schema\/logo\/image\/"},"sameAs":["https:\/\/www.facebook.com\/Shepel.ewropa"]},{"@type":"Person","@id":"https:\/\/saknews.net\/ku\/#\/schema\/person\/1c01cd16fca0bfa144578b4674c618a7","name":"Helebja Helebja","sameAs":["https:\/\/saknews.net\/ku"],"url":"https:\/\/saknews.net\/ku\/?author=5"}]}},"featured_image_urls":{"full":["https:\/\/i0.wp.com\/saknews.net\/ku\/wp-content\/uploads\/2025\/05\/47935325-8b4b-41c9-9415-387a24e17aaa.jpeg?fit=720%2C324&ssl=1",720,324,false],"thumbnail":["https:\/\/i0.wp.com\/saknews.net\/ku\/wp-content\/uploads\/2025\/05\/47935325-8b4b-41c9-9415-387a24e17aaa.jpeg?resize=150%2C150&ssl=1",150,150,true],"medium":["https:\/\/i0.wp.com\/saknews.net\/ku\/wp-content\/uploads\/2025\/05\/47935325-8b4b-41c9-9415-387a24e17aaa.jpeg?fit=300%2C135&ssl=1",300,135,true],"medium_large":["https:\/\/i0.wp.com\/saknews.net\/ku\/wp-content\/uploads\/2025\/05\/47935325-8b4b-41c9-9415-387a24e17aaa.jpeg?fit=640%2C288&ssl=1",640,288,true],"large":["https:\/\/i0.wp.com\/saknews.net\/ku\/wp-content\/uploads\/2025\/05\/47935325-8b4b-41c9-9415-387a24e17aaa.jpeg?fit=640%2C288&ssl=1",640,288,true],"1536x1536":["https:\/\/i0.wp.com\/saknews.net\/ku\/wp-content\/uploads\/2025\/05\/47935325-8b4b-41c9-9415-387a24e17aaa.jpeg?fit=720%2C324&ssl=1",720,324,true],"2048x2048":["https:\/\/i0.wp.com\/saknews.net\/ku\/wp-content\/uploads\/2025\/05\/47935325-8b4b-41c9-9415-387a24e17aaa.jpeg?fit=720%2C324&ssl=1",720,324,true],"covernews-featured":["https:\/\/i0.wp.com\/saknews.net\/ku\/wp-content\/uploads\/2025\/05\/47935325-8b4b-41c9-9415-387a24e17aaa.jpeg?fit=720%2C324&ssl=1",720,324,true],"covernews-medium":["https:\/\/i0.wp.com\/saknews.net\/ku\/wp-content\/uploads\/2025\/05\/47935325-8b4b-41c9-9415-387a24e17aaa.jpeg?resize=540%2C324&ssl=1",540,324,true]},"author_info":{"display_name":"Helebja Helebja","author_link":"https:\/\/saknews.net\/ku\/?author=5"},"category_info":"<a href=\"https:\/\/saknews.net\/ku\/?cat=49\" rel=\"category\">N\u00fb\u00e7e<\/a>","tag_info":"N\u00fb\u00e7e","comment_count":"0","_links":{"self":[{"href":"https:\/\/saknews.net\/ku\/index.php?rest_route=\/wp\/v2\/posts\/2364","targetHints":{"allow":["GET"]}}],"collection":[{"href":"https:\/\/saknews.net\/ku\/index.php?rest_route=\/wp\/v2\/posts"}],"about":[{"href":"https:\/\/saknews.net\/ku\/index.php?rest_route=\/wp\/v2\/types\/post"}],"author":[{"embeddable":true,"href":"https:\/\/saknews.net\/ku\/index.php?rest_route=\/wp\/v2\/users\/5"}],"replies":[{"embeddable":true,"href":"https:\/\/saknews.net\/ku\/index.php?rest_route=%2Fwp%2Fv2%2Fcomments&post=2364"}],"version-history":[{"count":2,"href":"https:\/\/saknews.net\/ku\/index.php?rest_route=\/wp\/v2\/posts\/2364\/revisions"}],"predecessor-version":[{"id":2369,"href":"https:\/\/saknews.net\/ku\/index.php?rest_route=\/wp\/v2\/posts\/2364\/revisions\/2369"}],"wp:featuredmedia":[{"embeddable":true,"href":"https:\/\/saknews.net\/ku\/index.php?rest_route=\/wp\/v2\/media\/2367"}],"wp:attachment":[{"href":"https:\/\/saknews.net\/ku\/index.php?rest_route=%2Fwp%2Fv2%2Fmedia&parent=2364"}],"wp:term":[{"taxonomy":"category","embeddable":true,"href":"https:\/\/saknews.net\/ku\/index.php?rest_route=%2Fwp%2Fv2%2Fcategories&post=2364"},{"taxonomy":"post_tag","embeddable":true,"href":"https:\/\/saknews.net\/ku\/index.php?rest_route=%2Fwp%2Fv2%2Ftags&post=2364"}],"curies":[{"name":"wp","href":"https:\/\/api.w.org\/{rel}","templated":true}]}}