{"id":2383,"date":"2025-06-02T08:30:49","date_gmt":"2025-06-02T08:30:49","guid":{"rendered":"https:\/\/saknews.net\/ku\/?p=2383"},"modified":"2025-06-02T09:18:29","modified_gmt":"2025-06-02T09:18:29","slug":"bere-kurdistana-suriye-civina-xwe-ya-fireh-lidar-dix","status":"publish","type":"post","link":"https:\/\/saknews.net\/ku\/?p=2383","title":{"rendered":"Ber\u00ea Kurdistana S\u00fbriy\u00ea civ\u00eena xwe ya fireh lidar dixe"},"content":{"rendered":"<p>Ber\u00ea Kurdistana S\u00fbriy\u00ea roja Yek\u015fem\u00ea bi amadeb\u00fbna tevahiya n\u00fbner\u00ean part\u00ee, r\u00eaxistin\u00ean civaka s\u00eev\u00eel \u00fb kesayetiy\u00ean serbixwe y\u00ean di Ber\u00ea de, civ\u00eena xwe ya fireh lidar xist. Di civ\u00een\u00ea de behsa rew\u015fa S\u00fbriy\u00ea bi gi\u015ft\u00ee \u00fb rew\u015fa Kurdistana S\u00fbriy\u00ea hate got\u00fbb\u00eajkirin, herwiha li dawiy\u00ea j\u00ee Siyamend Haco Serok\u00ea \u015eep\u00eala Azad\u00ee ya Kurdistan\u00ee weke serok\u00ea Ber\u00ea Kurdistana S\u00fbriy\u00ea ji bo gereke n\u00fb hate destn\u00ee\u015fankirin. Deqeya daxuyaniy\u00ea:<\/p>\n<p><strong>Ber\u00ea Kurdistana S\u00fbriy\u00ea civ\u00eena fireh lidar dixe<\/strong><\/p>\n<p>Ji bo got\u00fbb\u00eaja rew\u015fa Ber\u00ea Kurdistana S\u00fbriy\u00ea \u00fb p\u00ea\u015fhatey\u00ean daw\u00ee li S\u00fbriy\u00ea \u00fb Kurdistana S\u00fbriy\u00ea kirin, Ber\u00ea Kurdistana S\u00fbriy\u00ea, roja yek\u015fem\u00ea 01.06.2025, civ\u00eeneke xwe ya firehbi r\u00eaya online lidar xist.<br \/>\nDi civ\u00een\u00ea de endam\u00ean Ber\u00ea Kurdistana S\u00fbriy\u00ea, ji Kurdistana S\u00fbriy\u00ea, Her\u00eama Kurdistana Iraq\u00ea \u00fb Ewropa, ji part\u00ee \u00fb r\u00eaxistin\u00ean civaka s\u00eev\u00eel, kes\u00ean serbixwe \u00fb endam\u00ean of\u00ees\u00ean Ber\u00ea, be\u015fdar b\u00fbn.<\/p>\n<p>Di desp\u00eak\u00ea de, Serok\u00ea Ber\u00ea Kurdistana S\u00fbriy\u00ea \u00fb Sekreter\u00ea Partiya Demokrat a Kurd li S\u00fbriy\u00ea (El-Part\u00ee) R\u00eazdar Ebdilrehman Hebe\u015f gotina p\u00ea\u015f\u00ee dest p\u00eakir \u00fb bix\u00earhatina be\u015fdaran kir \u00fb behsa wan \u015fe\u015f meh\u00ean bor\u00ee kir, ji desp\u00eaka damezrandina Ber\u00ea Kurdistana S\u00fbriy\u00ea heya roja \u00eero.<\/p>\n<p>Pi\u015ftre berpirs\u00ean of\u00eesan behsa kar\u00ean xwe y\u00ean wan \u015fe\u015f meh\u00ean derbasb\u00fby\u00ee kirin, weke Serok\u00ea Of\u00eesa P\u00eawendiy\u00ean Derve ya Ber\u00ea \u00fb Serok\u00ea \u015eep\u00eala Azad\u00ee ya Kurdistan\u00ee, Siyamend Haco, ku behsa kar\u00ean d\u00eeplomas\u00ee bi welat\u00ean ewrop\u00ee re kir, herwiha R\u00eazdar Sil\u00eaman Sil\u00eaman Hevr\u00eazkar\u00ea gi\u015ft\u00ee y\u00ea Tevgera A\u015ft\u00ee ya Ni\u015ftiman\u00ee ya Kurdistan\u00ea \u00fb Serok\u00ea herdu Of\u00ees\u00ean Ragihandin \u00fb Revenda kurd\u00ee behsa rew\u015fa kar\u00ean Of\u00eesa Ragihandin\u00ea kir. Pi\u015ftre j\u00ee n\u00fbner\u00ean r\u00eaxistin\u00ean civaka s\u00eev\u00eel, her yek ji Ferhad Hebe\u015f berpirs\u00ea navenda Re\u015f\u00eed Hemo ya \u00e7and\u00ee \u00fb \u00cesam Sebr\u00ee berpirs\u00ea R\u00eaxistina Yasna ya P\u00ea\u015fxistina Felsefeya Zerde\u015ft\u00ee j\u00ee gotin\u00ean xwe p\u00ea\u015fk\u00ea\u015f kirin.<\/p>\n<p>Di civ\u00een\u00ea de behsa rew\u015fa S\u00fbriy\u00ea \u00fb Kurdistana S\u00fbriy\u00ea hate kirin \u00fb li ser helwest\u00ean Ber\u00ea di derbar\u00ea pirs\u00ean siyas\u00ee li ser asta S\u00fbriy\u00ea \u00fb Kurdistana S\u00fbriy\u00ea tekez kirin ku Ber\u00ea Kurdistana S\u00fbriy\u00ea n\u00fbnertiya kesayetiya serbixwe ya kurd\u00ean S\u00fbriy\u00ea dike . Li aliyek\u00ee din j\u00ee behsa \u00e7awaniya p\u00ea\u015fxistin \u00fb firehkirina Ber\u00ea Kurdistana S\u00fbriy\u00ea hate kirin \u00fb got\u00fbb\u00eajeke cid\u00ee ya berpirs di navbera be\u015fdaran de \u00e7\u00eab\u00fb \u00fb pilan\u00ean kar ji bo p\u00ea\u015feroj\u00ea j\u00ee hatin genge\u015fekirin.<\/p>\n<p>Di dawiya civ\u00een\u00ea de \u00fb ji ber serokatiya Ber\u00ea Kurdistana S\u00fbriy\u00ea her \u015fe\u015f mehan t\u00ea guhertin, R\u00eazdar Siyamend Haco d\u00ea ji bo \u015fe\u015f meh\u00ean b\u00ea pi\u015ft\u00ee 08.06.2025an dest bi kar\u00ea xwe weke serok\u00ea Ber\u00ea bike.<\/p>\n<p>Desteya Serokatiy\u00ea<br \/>\nBer\u00ea Kurdistana S\u00fbriy\u00ea<br \/>\n02.06.2025<\/p>\n","protected":false},"excerpt":{"rendered":"<p>Ber\u00ea Kurdistana S\u00fbriy\u00ea roja Yek\u015fem\u00ea bi amadeb\u00fbna tevahiya n\u00fbner\u00ean part\u00ee, r\u00eaxistin\u00ean civaka s\u00eev\u00eel \u00fb kesayetiy\u00ean&#8230;<\/p>\n","protected":false},"author":8,"featured_media":1905,"comment_status":"closed","ping_status":"closed","sticky":false,"template":"","format":"standard","meta":{"footnotes":""},"categories":[34],"tags":[],"class_list":["post-2383","post","type-post","status-publish","format-standard","has-post-thumbnail","hentry","category-daxuyani"],"yoast_head":"<!-- This site is optimized with the Yoast SEO plugin v27.5 - https:\/\/yoast.com\/product\/yoast-seo-wordpress\/ -->\n<title>Ber\u00ea Kurdistana S\u00fbriy\u00ea civ\u00eena xwe ya fireh lidar dixe &#8226; \u015eAK<\/title>\n<meta name=\"robots\" content=\"index, follow, max-snippet:-1, max-image-preview:large, max-video-preview:-1\" \/>\n<link rel=\"canonical\" href=\"https:\/\/saknews.net\/ku\/?p=2383\" \/>\n<meta property=\"og:locale\" content=\"en_US\" \/>\n<meta property=\"og:type\" content=\"article\" \/>\n<meta property=\"og:title\" content=\"Ber\u00ea Kurdistana S\u00fbriy\u00ea civ\u00eena xwe ya fireh lidar dixe &#8226; \u015eAK\" \/>\n<meta property=\"og:description\" content=\"Ber\u00ea Kurdistana S\u00fbriy\u00ea roja Yek\u015fem\u00ea bi amadeb\u00fbna tevahiya n\u00fbner\u00ean part\u00ee, r\u00eaxistin\u00ean civaka s\u00eev\u00eel \u00fb kesayetiy\u00ean...\" \/>\n<meta property=\"og:url\" content=\"https:\/\/saknews.net\/ku\/?p=2383\" \/>\n<meta property=\"og:site_name\" content=\"\u015eAK\" \/>\n<meta property=\"article:publisher\" content=\"https:\/\/www.facebook.com\/Shepel.ewropa\" \/>\n<meta property=\"article:published_time\" content=\"2025-06-02T08:30:49+00:00\" \/>\n<meta property=\"article:modified_time\" content=\"2025-06-02T09:18:29+00:00\" \/>\n<meta property=\"og:image\" content=\"https:\/\/saknews.net\/ku\/wp-content\/uploads\/2024\/12\/IMG-20241207-WA0028.jpg\" \/>\n\t<meta property=\"og:image:width\" content=\"597\" \/>\n\t<meta property=\"og:image:height\" content=\"574\" \/>\n\t<meta property=\"og:image:type\" content=\"image\/jpeg\" \/>\n<meta name=\"author\" content=\"Horan Hem\" \/>\n<meta name=\"twitter:card\" content=\"summary_large_image\" \/>\n<meta name=\"twitter:label1\" content=\"Written by\" \/>\n\t<meta name=\"twitter:data1\" content=\"Horan Hem\" \/>\n\t<meta name=\"twitter:label2\" content=\"Est. reading time\" \/>\n\t<meta name=\"twitter:data2\" content=\"2 minutes\" \/>\n<script type=\"application\/ld+json\" class=\"yoast-schema-graph\">{\"@context\":\"https:\\\/\\\/schema.org\",\"@graph\":[{\"@type\":\"Article\",\"@id\":\"https:\\\/\\\/saknews.net\\\/ku\\\/?p=2383#article\",\"isPartOf\":{\"@id\":\"https:\\\/\\\/saknews.net\\\/ku\\\/?p=2383\"},\"author\":{\"name\":\"Horan Hem\",\"@id\":\"https:\\\/\\\/saknews.net\\\/ku\\\/#\\\/schema\\\/person\\\/72ae32a4041a3817e015b63d8f409058\"},\"headline\":\"Ber\u00ea Kurdistana S\u00fbriy\u00ea civ\u00eena xwe ya fireh lidar dixe\",\"datePublished\":\"2025-06-02T08:30:49+00:00\",\"dateModified\":\"2025-06-02T09:18:29+00:00\",\"mainEntityOfPage\":{\"@id\":\"https:\\\/\\\/saknews.net\\\/ku\\\/?p=2383\"},\"wordCount\":497,\"publisher\":{\"@id\":\"https:\\\/\\\/saknews.net\\\/ku\\\/#organization\"},\"image\":{\"@id\":\"https:\\\/\\\/saknews.net\\\/ku\\\/?p=2383#primaryimage\"},\"thumbnailUrl\":\"https:\\\/\\\/i0.wp.com\\\/saknews.net\\\/ku\\\/wp-content\\\/uploads\\\/2024\\\/12\\\/IMG-20241207-WA0028.jpg?fit=597%2C574&ssl=1\",\"articleSection\":[\"Daxuyan\u00ee\"],\"inLanguage\":\"en-US\"},{\"@type\":\"WebPage\",\"@id\":\"https:\\\/\\\/saknews.net\\\/ku\\\/?p=2383\",\"url\":\"https:\\\/\\\/saknews.net\\\/ku\\\/?p=2383\",\"name\":\"Ber\u00ea Kurdistana S\u00fbriy\u00ea civ\u00eena xwe ya fireh lidar dixe &#8226; \u015eAK\",\"isPartOf\":{\"@id\":\"https:\\\/\\\/saknews.net\\\/ku\\\/#website\"},\"primaryImageOfPage\":{\"@id\":\"https:\\\/\\\/saknews.net\\\/ku\\\/?p=2383#primaryimage\"},\"image\":{\"@id\":\"https:\\\/\\\/saknews.net\\\/ku\\\/?p=2383#primaryimage\"},\"thumbnailUrl\":\"https:\\\/\\\/i0.wp.com\\\/saknews.net\\\/ku\\\/wp-content\\\/uploads\\\/2024\\\/12\\\/IMG-20241207-WA0028.jpg?fit=597%2C574&ssl=1\",\"datePublished\":\"2025-06-02T08:30:49+00:00\",\"dateModified\":\"2025-06-02T09:18:29+00:00\",\"breadcrumb\":{\"@id\":\"https:\\\/\\\/saknews.net\\\/ku\\\/?p=2383#breadcrumb\"},\"inLanguage\":\"en-US\",\"potentialAction\":[{\"@type\":\"ReadAction\",\"target\":[\"https:\\\/\\\/saknews.net\\\/ku\\\/?p=2383\"]}]},{\"@type\":\"ImageObject\",\"inLanguage\":\"en-US\",\"@id\":\"https:\\\/\\\/saknews.net\\\/ku\\\/?p=2383#primaryimage\",\"url\":\"https:\\\/\\\/i0.wp.com\\\/saknews.net\\\/ku\\\/wp-content\\\/uploads\\\/2024\\\/12\\\/IMG-20241207-WA0028.jpg?fit=597%2C574&ssl=1\",\"contentUrl\":\"https:\\\/\\\/i0.wp.com\\\/saknews.net\\\/ku\\\/wp-content\\\/uploads\\\/2024\\\/12\\\/IMG-20241207-WA0028.jpg?fit=597%2C574&ssl=1\",\"width\":597,\"height\":574},{\"@type\":\"BreadcrumbList\",\"@id\":\"https:\\\/\\\/saknews.net\\\/ku\\\/?p=2383#breadcrumb\",\"itemListElement\":[{\"@type\":\"ListItem\",\"position\":1,\"name\":\"\u0627\u0644\u0631\u0626\u064a\u0633\u064a\u0629\",\"item\":\"https:\\\/\\\/saknews.net\\\/ku\\\/\"},{\"@type\":\"ListItem\",\"position\":2,\"name\":\"N\u00fb\u00e7e\",\"item\":\"https:\\\/\\\/saknews.net\\\/ku\\\/?cat=49\"},{\"@type\":\"ListItem\",\"position\":3,\"name\":\"Daxuyan\u00ee\",\"item\":\"https:\\\/\\\/saknews.net\\\/ku\\\/?cat=34\"},{\"@type\":\"ListItem\",\"position\":4,\"name\":\"Ber\u00ea Kurdistana S\u00fbriy\u00ea civ\u00eena xwe ya fireh lidar dixe\"}]},{\"@type\":\"WebSite\",\"@id\":\"https:\\\/\\\/saknews.net\\\/ku\\\/#website\",\"url\":\"https:\\\/\\\/saknews.net\\\/ku\\\/\",\"name\":\"S\u0327epe\u0302la Azadi\u0302 ya Kurdistani\u0302\",\"description\":\"\u062a\u064a\u0627\u0631 \u0627\u0644\u062d\u0631\u064a\u0629 \u0627\u0644\u0643\u0648\u0631\u062f\u0633\u062a\u0627\u0646\u064a \u015eep\u00eala Azad\u00ee ya Kurdistan\u00ee\",\"publisher\":{\"@id\":\"https:\\\/\\\/saknews.net\\\/ku\\\/#organization\"},\"potentialAction\":[{\"@type\":\"SearchAction\",\"target\":{\"@type\":\"EntryPoint\",\"urlTemplate\":\"https:\\\/\\\/saknews.net\\\/ku\\\/?s={search_term_string}\"},\"query-input\":{\"@type\":\"PropertyValueSpecification\",\"valueRequired\":true,\"valueName\":\"search_term_string\"}}],\"inLanguage\":\"en-US\"},{\"@type\":\"Organization\",\"@id\":\"https:\\\/\\\/saknews.net\\\/ku\\\/#organization\",\"name\":\"\u015eep\u00eala Azadiy\u00ea ya Kurdistan\u00ea - \u062a\u064a\u0627\u0631 \u0627\u0644\u062d\u0631\u064a\u0629 \u0627\u0644\u0643\u0648\u0631\u062f\u0633\u062a\u0627\u0646\u064a\",\"url\":\"https:\\\/\\\/saknews.net\\\/ku\\\/\",\"logo\":{\"@type\":\"ImageObject\",\"inLanguage\":\"en-US\",\"@id\":\"https:\\\/\\\/saknews.net\\\/ku\\\/#\\\/schema\\\/logo\\\/image\\\/\",\"url\":\"https:\\\/\\\/i0.wp.com\\\/saknews.net\\\/ku\\\/wp-content\\\/uploads\\\/2024\\\/11\\\/cropped-logo-1.png?fit=512%2C512&ssl=1\",\"contentUrl\":\"https:\\\/\\\/i0.wp.com\\\/saknews.net\\\/ku\\\/wp-content\\\/uploads\\\/2024\\\/11\\\/cropped-logo-1.png?fit=512%2C512&ssl=1\",\"width\":512,\"height\":512,\"caption\":\"\u015eep\u00eala Azadiy\u00ea ya Kurdistan\u00ea - \u062a\u064a\u0627\u0631 \u0627\u0644\u062d\u0631\u064a\u0629 \u0627\u0644\u0643\u0648\u0631\u062f\u0633\u062a\u0627\u0646\u064a\"},\"image\":{\"@id\":\"https:\\\/\\\/saknews.net\\\/ku\\\/#\\\/schema\\\/logo\\\/image\\\/\"},\"sameAs\":[\"https:\\\/\\\/www.facebook.com\\\/Shepel.ewropa\"]},{\"@type\":\"Person\",\"@id\":\"https:\\\/\\\/saknews.net\\\/ku\\\/#\\\/schema\\\/person\\\/72ae32a4041a3817e015b63d8f409058\",\"name\":\"Horan Hem\",\"url\":\"https:\\\/\\\/saknews.net\\\/ku\\\/?author=8\"}]}<\/script>\n<!-- \/ Yoast SEO plugin. -->","yoast_head_json":{"title":"Ber\u00ea Kurdistana S\u00fbriy\u00ea civ\u00eena xwe ya fireh lidar dixe &#8226; \u015eAK","robots":{"index":"index","follow":"follow","max-snippet":"max-snippet:-1","max-image-preview":"max-image-preview:large","max-video-preview":"max-video-preview:-1"},"canonical":"https:\/\/saknews.net\/ku\/?p=2383","og_locale":"en_US","og_type":"article","og_title":"Ber\u00ea Kurdistana S\u00fbriy\u00ea civ\u00eena xwe ya fireh lidar dixe &#8226; \u015eAK","og_description":"Ber\u00ea Kurdistana S\u00fbriy\u00ea roja Yek\u015fem\u00ea bi amadeb\u00fbna tevahiya n\u00fbner\u00ean part\u00ee, r\u00eaxistin\u00ean civaka s\u00eev\u00eel \u00fb kesayetiy\u00ean...","og_url":"https:\/\/saknews.net\/ku\/?p=2383","og_site_name":"\u015eAK","article_publisher":"https:\/\/www.facebook.com\/Shepel.ewropa","article_published_time":"2025-06-02T08:30:49+00:00","article_modified_time":"2025-06-02T09:18:29+00:00","og_image":[{"width":597,"height":574,"url":"https:\/\/saknews.net\/ku\/wp-content\/uploads\/2024\/12\/IMG-20241207-WA0028.jpg","type":"image\/jpeg"}],"author":"Horan Hem","twitter_card":"summary_large_image","twitter_misc":{"Written by":"Horan Hem","Est. reading time":"2 minutes"},"schema":{"@context":"https:\/\/schema.org","@graph":[{"@type":"Article","@id":"https:\/\/saknews.net\/ku\/?p=2383#article","isPartOf":{"@id":"https:\/\/saknews.net\/ku\/?p=2383"},"author":{"name":"Horan Hem","@id":"https:\/\/saknews.net\/ku\/#\/schema\/person\/72ae32a4041a3817e015b63d8f409058"},"headline":"Ber\u00ea Kurdistana S\u00fbriy\u00ea civ\u00eena xwe ya fireh lidar dixe","datePublished":"2025-06-02T08:30:49+00:00","dateModified":"2025-06-02T09:18:29+00:00","mainEntityOfPage":{"@id":"https:\/\/saknews.net\/ku\/?p=2383"},"wordCount":497,"publisher":{"@id":"https:\/\/saknews.net\/ku\/#organization"},"image":{"@id":"https:\/\/saknews.net\/ku\/?p=2383#primaryimage"},"thumbnailUrl":"https:\/\/i0.wp.com\/saknews.net\/ku\/wp-content\/uploads\/2024\/12\/IMG-20241207-WA0028.jpg?fit=597%2C574&ssl=1","articleSection":["Daxuyan\u00ee"],"inLanguage":"en-US"},{"@type":"WebPage","@id":"https:\/\/saknews.net\/ku\/?p=2383","url":"https:\/\/saknews.net\/ku\/?p=2383","name":"Ber\u00ea Kurdistana S\u00fbriy\u00ea civ\u00eena xwe ya fireh lidar dixe &#8226; \u015eAK","isPartOf":{"@id":"https:\/\/saknews.net\/ku\/#website"},"primaryImageOfPage":{"@id":"https:\/\/saknews.net\/ku\/?p=2383#primaryimage"},"image":{"@id":"https:\/\/saknews.net\/ku\/?p=2383#primaryimage"},"thumbnailUrl":"https:\/\/i0.wp.com\/saknews.net\/ku\/wp-content\/uploads\/2024\/12\/IMG-20241207-WA0028.jpg?fit=597%2C574&ssl=1","datePublished":"2025-06-02T08:30:49+00:00","dateModified":"2025-06-02T09:18:29+00:00","breadcrumb":{"@id":"https:\/\/saknews.net\/ku\/?p=2383#breadcrumb"},"inLanguage":"en-US","potentialAction":[{"@type":"ReadAction","target":["https:\/\/saknews.net\/ku\/?p=2383"]}]},{"@type":"ImageObject","inLanguage":"en-US","@id":"https:\/\/saknews.net\/ku\/?p=2383#primaryimage","url":"https:\/\/i0.wp.com\/saknews.net\/ku\/wp-content\/uploads\/2024\/12\/IMG-20241207-WA0028.jpg?fit=597%2C574&ssl=1","contentUrl":"https:\/\/i0.wp.com\/saknews.net\/ku\/wp-content\/uploads\/2024\/12\/IMG-20241207-WA0028.jpg?fit=597%2C574&ssl=1","width":597,"height":574},{"@type":"BreadcrumbList","@id":"https:\/\/saknews.net\/ku\/?p=2383#breadcrumb","itemListElement":[{"@type":"ListItem","position":1,"name":"\u0627\u0644\u0631\u0626\u064a\u0633\u064a\u0629","item":"https:\/\/saknews.net\/ku\/"},{"@type":"ListItem","position":2,"name":"N\u00fb\u00e7e","item":"https:\/\/saknews.net\/ku\/?cat=49"},{"@type":"ListItem","position":3,"name":"Daxuyan\u00ee","item":"https:\/\/saknews.net\/ku\/?cat=34"},{"@type":"ListItem","position":4,"name":"Ber\u00ea Kurdistana S\u00fbriy\u00ea civ\u00eena xwe ya fireh lidar dixe"}]},{"@type":"WebSite","@id":"https:\/\/saknews.net\/ku\/#website","url":"https:\/\/saknews.net\/ku\/","name":"S\u0327epe\u0302la Azadi\u0302 ya Kurdistani\u0302","description":"\u062a\u064a\u0627\u0631 \u0627\u0644\u062d\u0631\u064a\u0629 \u0627\u0644\u0643\u0648\u0631\u062f\u0633\u062a\u0627\u0646\u064a \u015eep\u00eala Azad\u00ee ya Kurdistan\u00ee","publisher":{"@id":"https:\/\/saknews.net\/ku\/#organization"},"potentialAction":[{"@type":"SearchAction","target":{"@type":"EntryPoint","urlTemplate":"https:\/\/saknews.net\/ku\/?s={search_term_string}"},"query-input":{"@type":"PropertyValueSpecification","valueRequired":true,"valueName":"search_term_string"}}],"inLanguage":"en-US"},{"@type":"Organization","@id":"https:\/\/saknews.net\/ku\/#organization","name":"\u015eep\u00eala Azadiy\u00ea ya Kurdistan\u00ea - \u062a\u064a\u0627\u0631 \u0627\u0644\u062d\u0631\u064a\u0629 \u0627\u0644\u0643\u0648\u0631\u062f\u0633\u062a\u0627\u0646\u064a","url":"https:\/\/saknews.net\/ku\/","logo":{"@type":"ImageObject","inLanguage":"en-US","@id":"https:\/\/saknews.net\/ku\/#\/schema\/logo\/image\/","url":"https:\/\/i0.wp.com\/saknews.net\/ku\/wp-content\/uploads\/2024\/11\/cropped-logo-1.png?fit=512%2C512&ssl=1","contentUrl":"https:\/\/i0.wp.com\/saknews.net\/ku\/wp-content\/uploads\/2024\/11\/cropped-logo-1.png?fit=512%2C512&ssl=1","width":512,"height":512,"caption":"\u015eep\u00eala Azadiy\u00ea ya Kurdistan\u00ea - \u062a\u064a\u0627\u0631 \u0627\u0644\u062d\u0631\u064a\u0629 \u0627\u0644\u0643\u0648\u0631\u062f\u0633\u062a\u0627\u0646\u064a"},"image":{"@id":"https:\/\/saknews.net\/ku\/#\/schema\/logo\/image\/"},"sameAs":["https:\/\/www.facebook.com\/Shepel.ewropa"]},{"@type":"Person","@id":"https:\/\/saknews.net\/ku\/#\/schema\/person\/72ae32a4041a3817e015b63d8f409058","name":"Horan Hem","url":"https:\/\/saknews.net\/ku\/?author=8"}]}},"featured_image_urls":{"full":["https:\/\/i0.wp.com\/saknews.net\/ku\/wp-content\/uploads\/2024\/12\/IMG-20241207-WA0028.jpg?fit=597%2C574&ssl=1",597,574,false],"thumbnail":["https:\/\/i0.wp.com\/saknews.net\/ku\/wp-content\/uploads\/2024\/12\/IMG-20241207-WA0028.jpg?resize=150%2C150&ssl=1",150,150,true],"medium":["https:\/\/i0.wp.com\/saknews.net\/ku\/wp-content\/uploads\/2024\/12\/IMG-20241207-WA0028.jpg?fit=300%2C288&ssl=1",300,288,true],"medium_large":["https:\/\/i0.wp.com\/saknews.net\/ku\/wp-content\/uploads\/2024\/12\/IMG-20241207-WA0028.jpg?fit=597%2C574&ssl=1",597,574,true],"large":["https:\/\/i0.wp.com\/saknews.net\/ku\/wp-content\/uploads\/2024\/12\/IMG-20241207-WA0028.jpg?fit=597%2C574&ssl=1",597,574,true],"1536x1536":["https:\/\/i0.wp.com\/saknews.net\/ku\/wp-content\/uploads\/2024\/12\/IMG-20241207-WA0028.jpg?fit=597%2C574&ssl=1",597,574,true],"2048x2048":["https:\/\/i0.wp.com\/saknews.net\/ku\/wp-content\/uploads\/2024\/12\/IMG-20241207-WA0028.jpg?fit=597%2C574&ssl=1",597,574,true],"covernews-featured":["https:\/\/i0.wp.com\/saknews.net\/ku\/wp-content\/uploads\/2024\/12\/IMG-20241207-WA0028.jpg?fit=597%2C574&ssl=1",597,574,true],"covernews-medium":["https:\/\/i0.wp.com\/saknews.net\/ku\/wp-content\/uploads\/2024\/12\/IMG-20241207-WA0028.jpg?resize=540%2C340&ssl=1",540,340,true]},"author_info":{"display_name":"Horan Hem","author_link":"https:\/\/saknews.net\/ku\/?author=8"},"category_info":"<a href=\"https:\/\/saknews.net\/ku\/?cat=34\" rel=\"category\">Daxuyan\u00ee<\/a>","tag_info":"Daxuyan\u00ee","comment_count":"0","_links":{"self":[{"href":"https:\/\/saknews.net\/ku\/index.php?rest_route=\/wp\/v2\/posts\/2383","targetHints":{"allow":["GET"]}}],"collection":[{"href":"https:\/\/saknews.net\/ku\/index.php?rest_route=\/wp\/v2\/posts"}],"about":[{"href":"https:\/\/saknews.net\/ku\/index.php?rest_route=\/wp\/v2\/types\/post"}],"author":[{"embeddable":true,"href":"https:\/\/saknews.net\/ku\/index.php?rest_route=\/wp\/v2\/users\/8"}],"replies":[{"embeddable":true,"href":"https:\/\/saknews.net\/ku\/index.php?rest_route=%2Fwp%2Fv2%2Fcomments&post=2383"}],"version-history":[{"count":2,"href":"https:\/\/saknews.net\/ku\/index.php?rest_route=\/wp\/v2\/posts\/2383\/revisions"}],"predecessor-version":[{"id":2386,"href":"https:\/\/saknews.net\/ku\/index.php?rest_route=\/wp\/v2\/posts\/2383\/revisions\/2386"}],"wp:featuredmedia":[{"embeddable":true,"href":"https:\/\/saknews.net\/ku\/index.php?rest_route=\/wp\/v2\/media\/1905"}],"wp:attachment":[{"href":"https:\/\/saknews.net\/ku\/index.php?rest_route=%2Fwp%2Fv2%2Fmedia&parent=2383"}],"wp:term":[{"taxonomy":"category","embeddable":true,"href":"https:\/\/saknews.net\/ku\/index.php?rest_route=%2Fwp%2Fv2%2Fcategories&post=2383"},{"taxonomy":"post_tag","embeddable":true,"href":"https:\/\/saknews.net\/ku\/index.php?rest_route=%2Fwp%2Fv2%2Ftags&post=2383"}],"curies":[{"name":"wp","href":"https:\/\/api.w.org\/{rel}","templated":true}]}}