{"id":2395,"date":"2025-06-05T20:24:11","date_gmt":"2025-06-05T20:24:11","guid":{"rendered":"https:\/\/saknews.net\/ku\/?p=2395"},"modified":"2025-06-05T20:29:56","modified_gmt":"2025-06-05T20:29:56","slug":"siyamend-haco-sanda-kurdi-pirengiya-tevgera-siyasi-dike-le-nabe-tene-kurden-cizire-be","status":"publish","type":"post","link":"https:\/\/saknews.net\/ku\/?p=2395","title":{"rendered":"Siyamend Haco: \u015eanda kurd\u00ee pirengiya tevgera siyas\u00ee ye l\u00ea nabe ten\u00ea kurd\u00ean Ciz\u00eer\u00ea be"},"content":{"rendered":"<p>Di derbar\u00ea \u00e7\u00fby\u00eena \u015fanda \u015eep\u00eala Azad\u00ee ya Kurdistan\u00ee ji bo Kurdistana S\u00fbriy\u00ea, R\u00fbdaw\u00ea hevd\u00eetinek bi Siyamend Haco re Serok\u00ea \u015eep\u00eala Azad\u00ee ya Kurdistan\u00ee \u00fb Serok\u00ea Ber\u00ea Kurdistana S\u00fbriy\u00ea, p\u00eak an\u00ee.<br \/>\nHaco di hevd\u00eetin\u00ea de diyar, ku \u015fanda wan d\u00ea roja s\u00ea\u015fem\u00ea derbas\u00ee Kurdistana S\u00fbriy\u00ea bibe, ku ji ber cejna Qurban\u00ea s\u00eenor heya s\u00ea\u015fem\u00ea girt\u00ee ye.<br \/>\nHaco tekez j\u00ee kir, ku gelek guhertin li S\u00fbriy\u00ea \u00e7\u00eab\u00fbne \u00fb \u00e7\u00fby\u00eena \u015fanda wan \u00fb d\u00eetina bi civak\u00ea re gelek\u00ee gir\u00eeng e ku ji n\u00eaz\u00eek ve bi xelk\u00ea re bidin \u00fb bist\u00eenin \u00fb nas bikin rew\u015f \u00e7awe ye. Herwiha haco tekez kir, ku ew d\u00ea hevd\u00eetin\u00ean siyas\u00ee \u00fb \u00e7end sem\u00eeneran li dar bixe.<\/p>\n<p>Di derbar\u00ea \u015fanda hevbe\u015f a ENKS \u00fb PYD ku di \u00e7end roj\u00ean b\u00ea de ber\u00ea xwe bide \u015eam\u00ea, Haco tekez kir, w\u00ea \u015fand\u00ea pirrengiya tevgera siyas\u00ee li ber \u00e7ava girt\u00ee ye \u00fb gelek\u00ee ba\u015f e, l\u00ea n\u00fbnertiya Efr\u00een \u00fb Koban\u00ea t\u00eade cih negirtiye \u00fb nabe ten\u00ea kurd\u00ean Ciz\u00eer\u00ea n\u00fbnertiya kurdan bikin. <\/p>\n<p>Herwiha Serok\u00ea Ber\u00ea Kurdistana S\u00fbriy\u00ea, Siyamend Haco, rexne li r\u00eajeya k\u00eam a jinan di w\u00ea \u015fand\u00ea de kir \u00fb got diviyab\u00fb r\u00eajeya jinan b\u00eatir ba \u00fb bi k\u00eamay\u00ee ji s\u00ea jinan k\u00eamtir neba, l\u00ea xuya ye ku ten\u00ea PYD jinan dide p\u00ea\u015f \u00fb ENKS w\u00ea yek\u00ea nake. Herwiha Haco diyar ku behsa kes\u00ean serbixwe di \u015fand\u00ea de hate kirin, l\u00ea kesek\u00ee serbixwe t\u00eade n\u00eene, l\u00ea ya gir\u00eeng div\u00ea kes\u00ean serbixwe \u00fb pispor weke \u015f\u00eawermend ji \u015fand\u00ea re hebin \u00fb eger ew yek nebe, w\u00ea k\u00eamasiyek mezin be.<\/p>\n<p>Di derbar\u00ea pirsa gel\u00ea de Haco amade be weke \u015f\u00eawermend bi \u015fand\u00ea re kar bike, Serok\u00ea Ber\u00ea Kurdistana S\u00fbriy\u00ea tekez kir ku \u00e7awe ji bo ger\u00ean Cin\u00eav\u00ea ya got\u00fbb\u00eaj\u00ean navbera rej\u00eem \u00fb opoz\u00eesyon\u00ea de ew be\u015fdar b\u00fbn, b\u00ea guman d\u00ea ji bo v\u00ea \u015fanda kurd\u00ee ku ji bo maf\u00ean Kurdan ber\u00ea xwe dide \u015eam\u00ea, amade be weke \u015f\u00eawermend kar bike \u00fb her ti\u015ft\u00ea j\u00ea were d\u00ea bike.<\/p>\n<p>Her di derbar\u00ea \u015eam\u00ea de, ka gelo d\u00ea p\u00ea\u015fwaziya \u015fanda kurd\u00ee bike ya na, Haco got ez bawer nakim \u015eam amade be bi w\u00ea \u015fand\u00ea re baxive, ji ber ber\u00ea El-\u015eerih gotiye wan bi Mezl\u00fbm Ebd\u00ee re lihev kirine \u00fb kom\u00eete j\u00ee ava kirine, ji ber r\u00eakeftina El-\u015eerih-Ebd\u00ee \u00fb konfrans\u00ea ENKS \u00fb PYD hevdij in \u00fb El-\u015eerih ne amade ye behsa federal\u00eezm\u00ea bike, ji ber ku r\u00eakeftina El-\u015eerih-Ebd\u00ee behsa nenavendiy\u00ea \u00fb federal\u00eezm\u00ea\u00a0nake.<\/p>\n","protected":false},"excerpt":{"rendered":"<p>Di derbar\u00ea \u00e7\u00fby\u00eena \u015fanda \u015eep\u00eala Azad\u00ee ya Kurdistan\u00ee ji bo Kurdistana S\u00fbriy\u00ea, R\u00fbdaw\u00ea hevd\u00eetinek bi&#8230;<\/p>\n","protected":false},"author":8,"featured_media":2397,"comment_status":"closed","ping_status":"closed","sticky":false,"template":"","format":"standard","meta":{"footnotes":""},"categories":[1],"tags":[],"class_list":["post-2395","post","type-post","status-publish","format-standard","has-post-thumbnail","hentry","category-sak"],"yoast_head":"<!-- This site is optimized with the Yoast SEO plugin v27.5 - https:\/\/yoast.com\/product\/yoast-seo-wordpress\/ -->\n<title>Siyamend Haco: \u015eanda kurd\u00ee pirengiya tevgera siyas\u00ee ye l\u00ea nabe ten\u00ea kurd\u00ean Ciz\u00eer\u00ea be &#8226; \u015eAK<\/title>\n<meta name=\"robots\" content=\"index, follow, max-snippet:-1, max-image-preview:large, max-video-preview:-1\" \/>\n<link rel=\"canonical\" href=\"https:\/\/saknews.net\/ku\/?p=2395\" \/>\n<meta property=\"og:locale\" content=\"en_US\" \/>\n<meta property=\"og:type\" content=\"article\" \/>\n<meta property=\"og:title\" content=\"Siyamend Haco: \u015eanda kurd\u00ee pirengiya tevgera siyas\u00ee ye l\u00ea nabe ten\u00ea kurd\u00ean Ciz\u00eer\u00ea be &#8226; \u015eAK\" \/>\n<meta property=\"og:description\" content=\"Di derbar\u00ea \u00e7\u00fby\u00eena \u015fanda \u015eep\u00eala Azad\u00ee ya Kurdistan\u00ee ji bo Kurdistana S\u00fbriy\u00ea, R\u00fbdaw\u00ea hevd\u00eetinek bi...\" \/>\n<meta property=\"og:url\" content=\"https:\/\/saknews.net\/ku\/?p=2395\" \/>\n<meta property=\"og:site_name\" content=\"\u015eAK\" \/>\n<meta property=\"article:publisher\" content=\"https:\/\/www.facebook.com\/Shepel.ewropa\" \/>\n<meta property=\"article:published_time\" content=\"2025-06-05T20:24:11+00:00\" \/>\n<meta property=\"article:modified_time\" content=\"2025-06-05T20:29:56+00:00\" \/>\n<meta property=\"og:image\" content=\"https:\/\/saknews.net\/ku\/wp-content\/uploads\/2025\/06\/Screenshot_20250605_220040_Facebook-1.jpg\" \/>\n\t<meta property=\"og:image:width\" content=\"1901\" \/>\n\t<meta property=\"og:image:height\" content=\"1080\" \/>\n\t<meta property=\"og:image:type\" content=\"image\/jpeg\" \/>\n<meta name=\"author\" content=\"Horan Hem\" \/>\n<meta name=\"twitter:card\" content=\"summary_large_image\" \/>\n<meta name=\"twitter:label1\" content=\"Written by\" \/>\n\t<meta name=\"twitter:data1\" content=\"Horan Hem\" \/>\n\t<meta name=\"twitter:label2\" content=\"Est. reading time\" \/>\n\t<meta name=\"twitter:data2\" content=\"2 minutes\" \/>\n<script type=\"application\/ld+json\" class=\"yoast-schema-graph\">{\"@context\":\"https:\\\/\\\/schema.org\",\"@graph\":[{\"@type\":\"Article\",\"@id\":\"https:\\\/\\\/saknews.net\\\/ku\\\/?p=2395#article\",\"isPartOf\":{\"@id\":\"https:\\\/\\\/saknews.net\\\/ku\\\/?p=2395\"},\"author\":{\"name\":\"Horan Hem\",\"@id\":\"https:\\\/\\\/saknews.net\\\/ku\\\/#\\\/schema\\\/person\\\/72ae32a4041a3817e015b63d8f409058\"},\"headline\":\"Siyamend Haco: \u015eanda kurd\u00ee pirengiya tevgera siyas\u00ee ye l\u00ea nabe ten\u00ea kurd\u00ean Ciz\u00eer\u00ea be\",\"datePublished\":\"2025-06-05T20:24:11+00:00\",\"dateModified\":\"2025-06-05T20:29:56+00:00\",\"mainEntityOfPage\":{\"@id\":\"https:\\\/\\\/saknews.net\\\/ku\\\/?p=2395\"},\"wordCount\":447,\"publisher\":{\"@id\":\"https:\\\/\\\/saknews.net\\\/ku\\\/#organization\"},\"image\":{\"@id\":\"https:\\\/\\\/saknews.net\\\/ku\\\/?p=2395#primaryimage\"},\"thumbnailUrl\":\"https:\\\/\\\/i0.wp.com\\\/saknews.net\\\/ku\\\/wp-content\\\/uploads\\\/2025\\\/06\\\/Screenshot_20250605_220040_Facebook-1.jpg?fit=1901%2C1080&ssl=1\",\"articleSection\":[\"\u015eAK\"],\"inLanguage\":\"en-US\"},{\"@type\":\"WebPage\",\"@id\":\"https:\\\/\\\/saknews.net\\\/ku\\\/?p=2395\",\"url\":\"https:\\\/\\\/saknews.net\\\/ku\\\/?p=2395\",\"name\":\"Siyamend Haco: \u015eanda kurd\u00ee pirengiya tevgera siyas\u00ee ye l\u00ea nabe ten\u00ea kurd\u00ean Ciz\u00eer\u00ea be &#8226; \u015eAK\",\"isPartOf\":{\"@id\":\"https:\\\/\\\/saknews.net\\\/ku\\\/#website\"},\"primaryImageOfPage\":{\"@id\":\"https:\\\/\\\/saknews.net\\\/ku\\\/?p=2395#primaryimage\"},\"image\":{\"@id\":\"https:\\\/\\\/saknews.net\\\/ku\\\/?p=2395#primaryimage\"},\"thumbnailUrl\":\"https:\\\/\\\/i0.wp.com\\\/saknews.net\\\/ku\\\/wp-content\\\/uploads\\\/2025\\\/06\\\/Screenshot_20250605_220040_Facebook-1.jpg?fit=1901%2C1080&ssl=1\",\"datePublished\":\"2025-06-05T20:24:11+00:00\",\"dateModified\":\"2025-06-05T20:29:56+00:00\",\"breadcrumb\":{\"@id\":\"https:\\\/\\\/saknews.net\\\/ku\\\/?p=2395#breadcrumb\"},\"inLanguage\":\"en-US\",\"potentialAction\":[{\"@type\":\"ReadAction\",\"target\":[\"https:\\\/\\\/saknews.net\\\/ku\\\/?p=2395\"]}]},{\"@type\":\"ImageObject\",\"inLanguage\":\"en-US\",\"@id\":\"https:\\\/\\\/saknews.net\\\/ku\\\/?p=2395#primaryimage\",\"url\":\"https:\\\/\\\/i0.wp.com\\\/saknews.net\\\/ku\\\/wp-content\\\/uploads\\\/2025\\\/06\\\/Screenshot_20250605_220040_Facebook-1.jpg?fit=1901%2C1080&ssl=1\",\"contentUrl\":\"https:\\\/\\\/i0.wp.com\\\/saknews.net\\\/ku\\\/wp-content\\\/uploads\\\/2025\\\/06\\\/Screenshot_20250605_220040_Facebook-1.jpg?fit=1901%2C1080&ssl=1\",\"width\":1901,\"height\":1080},{\"@type\":\"BreadcrumbList\",\"@id\":\"https:\\\/\\\/saknews.net\\\/ku\\\/?p=2395#breadcrumb\",\"itemListElement\":[{\"@type\":\"ListItem\",\"position\":1,\"name\":\"\u0627\u0644\u0631\u0626\u064a\u0633\u064a\u0629\",\"item\":\"https:\\\/\\\/saknews.net\\\/ku\\\/\"},{\"@type\":\"ListItem\",\"position\":2,\"name\":\"\u015eAK\",\"item\":\"https:\\\/\\\/saknews.net\\\/ku\\\/?cat=1\"},{\"@type\":\"ListItem\",\"position\":3,\"name\":\"Siyamend Haco: \u015eanda kurd\u00ee pirengiya tevgera siyas\u00ee ye l\u00ea nabe ten\u00ea kurd\u00ean Ciz\u00eer\u00ea be\"}]},{\"@type\":\"WebSite\",\"@id\":\"https:\\\/\\\/saknews.net\\\/ku\\\/#website\",\"url\":\"https:\\\/\\\/saknews.net\\\/ku\\\/\",\"name\":\"S\u0327epe\u0302la Azadi\u0302 ya Kurdistani\u0302\",\"description\":\"\u062a\u064a\u0627\u0631 \u0627\u0644\u062d\u0631\u064a\u0629 \u0627\u0644\u0643\u0648\u0631\u062f\u0633\u062a\u0627\u0646\u064a \u015eep\u00eala Azad\u00ee ya Kurdistan\u00ee\",\"publisher\":{\"@id\":\"https:\\\/\\\/saknews.net\\\/ku\\\/#organization\"},\"potentialAction\":[{\"@type\":\"SearchAction\",\"target\":{\"@type\":\"EntryPoint\",\"urlTemplate\":\"https:\\\/\\\/saknews.net\\\/ku\\\/?s={search_term_string}\"},\"query-input\":{\"@type\":\"PropertyValueSpecification\",\"valueRequired\":true,\"valueName\":\"search_term_string\"}}],\"inLanguage\":\"en-US\"},{\"@type\":\"Organization\",\"@id\":\"https:\\\/\\\/saknews.net\\\/ku\\\/#organization\",\"name\":\"\u015eep\u00eala Azadiy\u00ea ya Kurdistan\u00ea - \u062a\u064a\u0627\u0631 \u0627\u0644\u062d\u0631\u064a\u0629 \u0627\u0644\u0643\u0648\u0631\u062f\u0633\u062a\u0627\u0646\u064a\",\"url\":\"https:\\\/\\\/saknews.net\\\/ku\\\/\",\"logo\":{\"@type\":\"ImageObject\",\"inLanguage\":\"en-US\",\"@id\":\"https:\\\/\\\/saknews.net\\\/ku\\\/#\\\/schema\\\/logo\\\/image\\\/\",\"url\":\"https:\\\/\\\/i0.wp.com\\\/saknews.net\\\/ku\\\/wp-content\\\/uploads\\\/2024\\\/11\\\/cropped-logo-1.png?fit=512%2C512&ssl=1\",\"contentUrl\":\"https:\\\/\\\/i0.wp.com\\\/saknews.net\\\/ku\\\/wp-content\\\/uploads\\\/2024\\\/11\\\/cropped-logo-1.png?fit=512%2C512&ssl=1\",\"width\":512,\"height\":512,\"caption\":\"\u015eep\u00eala Azadiy\u00ea ya Kurdistan\u00ea - \u062a\u064a\u0627\u0631 \u0627\u0644\u062d\u0631\u064a\u0629 \u0627\u0644\u0643\u0648\u0631\u062f\u0633\u062a\u0627\u0646\u064a\"},\"image\":{\"@id\":\"https:\\\/\\\/saknews.net\\\/ku\\\/#\\\/schema\\\/logo\\\/image\\\/\"},\"sameAs\":[\"https:\\\/\\\/www.facebook.com\\\/Shepel.ewropa\"]},{\"@type\":\"Person\",\"@id\":\"https:\\\/\\\/saknews.net\\\/ku\\\/#\\\/schema\\\/person\\\/72ae32a4041a3817e015b63d8f409058\",\"name\":\"Horan Hem\",\"url\":\"https:\\\/\\\/saknews.net\\\/ku\\\/?author=8\"}]}<\/script>\n<!-- \/ Yoast SEO plugin. -->","yoast_head_json":{"title":"Siyamend Haco: \u015eanda kurd\u00ee pirengiya tevgera siyas\u00ee ye l\u00ea nabe ten\u00ea kurd\u00ean Ciz\u00eer\u00ea be &#8226; \u015eAK","robots":{"index":"index","follow":"follow","max-snippet":"max-snippet:-1","max-image-preview":"max-image-preview:large","max-video-preview":"max-video-preview:-1"},"canonical":"https:\/\/saknews.net\/ku\/?p=2395","og_locale":"en_US","og_type":"article","og_title":"Siyamend Haco: \u015eanda kurd\u00ee pirengiya tevgera siyas\u00ee ye l\u00ea nabe ten\u00ea kurd\u00ean Ciz\u00eer\u00ea be &#8226; \u015eAK","og_description":"Di derbar\u00ea \u00e7\u00fby\u00eena \u015fanda \u015eep\u00eala Azad\u00ee ya Kurdistan\u00ee ji bo Kurdistana S\u00fbriy\u00ea, R\u00fbdaw\u00ea hevd\u00eetinek bi...","og_url":"https:\/\/saknews.net\/ku\/?p=2395","og_site_name":"\u015eAK","article_publisher":"https:\/\/www.facebook.com\/Shepel.ewropa","article_published_time":"2025-06-05T20:24:11+00:00","article_modified_time":"2025-06-05T20:29:56+00:00","og_image":[{"width":1901,"height":1080,"url":"https:\/\/saknews.net\/ku\/wp-content\/uploads\/2025\/06\/Screenshot_20250605_220040_Facebook-1.jpg","type":"image\/jpeg"}],"author":"Horan Hem","twitter_card":"summary_large_image","twitter_misc":{"Written by":"Horan Hem","Est. reading time":"2 minutes"},"schema":{"@context":"https:\/\/schema.org","@graph":[{"@type":"Article","@id":"https:\/\/saknews.net\/ku\/?p=2395#article","isPartOf":{"@id":"https:\/\/saknews.net\/ku\/?p=2395"},"author":{"name":"Horan Hem","@id":"https:\/\/saknews.net\/ku\/#\/schema\/person\/72ae32a4041a3817e015b63d8f409058"},"headline":"Siyamend Haco: \u015eanda kurd\u00ee pirengiya tevgera siyas\u00ee ye l\u00ea nabe ten\u00ea kurd\u00ean Ciz\u00eer\u00ea be","datePublished":"2025-06-05T20:24:11+00:00","dateModified":"2025-06-05T20:29:56+00:00","mainEntityOfPage":{"@id":"https:\/\/saknews.net\/ku\/?p=2395"},"wordCount":447,"publisher":{"@id":"https:\/\/saknews.net\/ku\/#organization"},"image":{"@id":"https:\/\/saknews.net\/ku\/?p=2395#primaryimage"},"thumbnailUrl":"https:\/\/i0.wp.com\/saknews.net\/ku\/wp-content\/uploads\/2025\/06\/Screenshot_20250605_220040_Facebook-1.jpg?fit=1901%2C1080&ssl=1","articleSection":["\u015eAK"],"inLanguage":"en-US"},{"@type":"WebPage","@id":"https:\/\/saknews.net\/ku\/?p=2395","url":"https:\/\/saknews.net\/ku\/?p=2395","name":"Siyamend Haco: \u015eanda kurd\u00ee pirengiya tevgera siyas\u00ee ye l\u00ea nabe ten\u00ea kurd\u00ean Ciz\u00eer\u00ea be &#8226; \u015eAK","isPartOf":{"@id":"https:\/\/saknews.net\/ku\/#website"},"primaryImageOfPage":{"@id":"https:\/\/saknews.net\/ku\/?p=2395#primaryimage"},"image":{"@id":"https:\/\/saknews.net\/ku\/?p=2395#primaryimage"},"thumbnailUrl":"https:\/\/i0.wp.com\/saknews.net\/ku\/wp-content\/uploads\/2025\/06\/Screenshot_20250605_220040_Facebook-1.jpg?fit=1901%2C1080&ssl=1","datePublished":"2025-06-05T20:24:11+00:00","dateModified":"2025-06-05T20:29:56+00:00","breadcrumb":{"@id":"https:\/\/saknews.net\/ku\/?p=2395#breadcrumb"},"inLanguage":"en-US","potentialAction":[{"@type":"ReadAction","target":["https:\/\/saknews.net\/ku\/?p=2395"]}]},{"@type":"ImageObject","inLanguage":"en-US","@id":"https:\/\/saknews.net\/ku\/?p=2395#primaryimage","url":"https:\/\/i0.wp.com\/saknews.net\/ku\/wp-content\/uploads\/2025\/06\/Screenshot_20250605_220040_Facebook-1.jpg?fit=1901%2C1080&ssl=1","contentUrl":"https:\/\/i0.wp.com\/saknews.net\/ku\/wp-content\/uploads\/2025\/06\/Screenshot_20250605_220040_Facebook-1.jpg?fit=1901%2C1080&ssl=1","width":1901,"height":1080},{"@type":"BreadcrumbList","@id":"https:\/\/saknews.net\/ku\/?p=2395#breadcrumb","itemListElement":[{"@type":"ListItem","position":1,"name":"\u0627\u0644\u0631\u0626\u064a\u0633\u064a\u0629","item":"https:\/\/saknews.net\/ku\/"},{"@type":"ListItem","position":2,"name":"\u015eAK","item":"https:\/\/saknews.net\/ku\/?cat=1"},{"@type":"ListItem","position":3,"name":"Siyamend Haco: \u015eanda kurd\u00ee pirengiya tevgera siyas\u00ee ye l\u00ea nabe ten\u00ea kurd\u00ean Ciz\u00eer\u00ea be"}]},{"@type":"WebSite","@id":"https:\/\/saknews.net\/ku\/#website","url":"https:\/\/saknews.net\/ku\/","name":"S\u0327epe\u0302la Azadi\u0302 ya Kurdistani\u0302","description":"\u062a\u064a\u0627\u0631 \u0627\u0644\u062d\u0631\u064a\u0629 \u0627\u0644\u0643\u0648\u0631\u062f\u0633\u062a\u0627\u0646\u064a \u015eep\u00eala Azad\u00ee ya Kurdistan\u00ee","publisher":{"@id":"https:\/\/saknews.net\/ku\/#organization"},"potentialAction":[{"@type":"SearchAction","target":{"@type":"EntryPoint","urlTemplate":"https:\/\/saknews.net\/ku\/?s={search_term_string}"},"query-input":{"@type":"PropertyValueSpecification","valueRequired":true,"valueName":"search_term_string"}}],"inLanguage":"en-US"},{"@type":"Organization","@id":"https:\/\/saknews.net\/ku\/#organization","name":"\u015eep\u00eala Azadiy\u00ea ya Kurdistan\u00ea - \u062a\u064a\u0627\u0631 \u0627\u0644\u062d\u0631\u064a\u0629 \u0627\u0644\u0643\u0648\u0631\u062f\u0633\u062a\u0627\u0646\u064a","url":"https:\/\/saknews.net\/ku\/","logo":{"@type":"ImageObject","inLanguage":"en-US","@id":"https:\/\/saknews.net\/ku\/#\/schema\/logo\/image\/","url":"https:\/\/i0.wp.com\/saknews.net\/ku\/wp-content\/uploads\/2024\/11\/cropped-logo-1.png?fit=512%2C512&ssl=1","contentUrl":"https:\/\/i0.wp.com\/saknews.net\/ku\/wp-content\/uploads\/2024\/11\/cropped-logo-1.png?fit=512%2C512&ssl=1","width":512,"height":512,"caption":"\u015eep\u00eala Azadiy\u00ea ya Kurdistan\u00ea - \u062a\u064a\u0627\u0631 \u0627\u0644\u062d\u0631\u064a\u0629 \u0627\u0644\u0643\u0648\u0631\u062f\u0633\u062a\u0627\u0646\u064a"},"image":{"@id":"https:\/\/saknews.net\/ku\/#\/schema\/logo\/image\/"},"sameAs":["https:\/\/www.facebook.com\/Shepel.ewropa"]},{"@type":"Person","@id":"https:\/\/saknews.net\/ku\/#\/schema\/person\/72ae32a4041a3817e015b63d8f409058","name":"Horan Hem","url":"https:\/\/saknews.net\/ku\/?author=8"}]}},"featured_image_urls":{"full":["https:\/\/i0.wp.com\/saknews.net\/ku\/wp-content\/uploads\/2025\/06\/Screenshot_20250605_220040_Facebook-1.jpg?fit=1901%2C1080&ssl=1",1901,1080,false],"thumbnail":["https:\/\/i0.wp.com\/saknews.net\/ku\/wp-content\/uploads\/2025\/06\/Screenshot_20250605_220040_Facebook-1.jpg?resize=150%2C150&ssl=1",150,150,true],"medium":["https:\/\/i0.wp.com\/saknews.net\/ku\/wp-content\/uploads\/2025\/06\/Screenshot_20250605_220040_Facebook-1.jpg?fit=300%2C170&ssl=1",300,170,true],"medium_large":["https:\/\/i0.wp.com\/saknews.net\/ku\/wp-content\/uploads\/2025\/06\/Screenshot_20250605_220040_Facebook-1.jpg?fit=640%2C363&ssl=1",640,363,true],"large":["https:\/\/i0.wp.com\/saknews.net\/ku\/wp-content\/uploads\/2025\/06\/Screenshot_20250605_220040_Facebook-1.jpg?fit=640%2C364&ssl=1",640,364,true],"1536x1536":["https:\/\/i0.wp.com\/saknews.net\/ku\/wp-content\/uploads\/2025\/06\/Screenshot_20250605_220040_Facebook-1.jpg?fit=1536%2C873&ssl=1",1536,873,true],"2048x2048":["https:\/\/i0.wp.com\/saknews.net\/ku\/wp-content\/uploads\/2025\/06\/Screenshot_20250605_220040_Facebook-1.jpg?fit=1901%2C1080&ssl=1",1901,1080,true],"covernews-featured":["https:\/\/i0.wp.com\/saknews.net\/ku\/wp-content\/uploads\/2025\/06\/Screenshot_20250605_220040_Facebook-1.jpg?fit=1024%2C582&ssl=1",1024,582,true],"covernews-medium":["https:\/\/i0.wp.com\/saknews.net\/ku\/wp-content\/uploads\/2025\/06\/Screenshot_20250605_220040_Facebook-1.jpg?resize=540%2C340&ssl=1",540,340,true]},"author_info":{"display_name":"Horan Hem","author_link":"https:\/\/saknews.net\/ku\/?author=8"},"category_info":"<a href=\"https:\/\/saknews.net\/ku\/?cat=1\" rel=\"category\">\u015eAK<\/a>","tag_info":"\u015eAK","comment_count":"0","_links":{"self":[{"href":"https:\/\/saknews.net\/ku\/index.php?rest_route=\/wp\/v2\/posts\/2395","targetHints":{"allow":["GET"]}}],"collection":[{"href":"https:\/\/saknews.net\/ku\/index.php?rest_route=\/wp\/v2\/posts"}],"about":[{"href":"https:\/\/saknews.net\/ku\/index.php?rest_route=\/wp\/v2\/types\/post"}],"author":[{"embeddable":true,"href":"https:\/\/saknews.net\/ku\/index.php?rest_route=\/wp\/v2\/users\/8"}],"replies":[{"embeddable":true,"href":"https:\/\/saknews.net\/ku\/index.php?rest_route=%2Fwp%2Fv2%2Fcomments&post=2395"}],"version-history":[{"count":4,"href":"https:\/\/saknews.net\/ku\/index.php?rest_route=\/wp\/v2\/posts\/2395\/revisions"}],"predecessor-version":[{"id":2402,"href":"https:\/\/saknews.net\/ku\/index.php?rest_route=\/wp\/v2\/posts\/2395\/revisions\/2402"}],"wp:featuredmedia":[{"embeddable":true,"href":"https:\/\/saknews.net\/ku\/index.php?rest_route=\/wp\/v2\/media\/2397"}],"wp:attachment":[{"href":"https:\/\/saknews.net\/ku\/index.php?rest_route=%2Fwp%2Fv2%2Fmedia&parent=2395"}],"wp:term":[{"taxonomy":"category","embeddable":true,"href":"https:\/\/saknews.net\/ku\/index.php?rest_route=%2Fwp%2Fv2%2Fcategories&post=2395"},{"taxonomy":"post_tag","embeddable":true,"href":"https:\/\/saknews.net\/ku\/index.php?rest_route=%2Fwp%2Fv2%2Ftags&post=2395"}],"curies":[{"name":"wp","href":"https:\/\/api.w.org\/{rel}","templated":true}]}}