{"id":2403,"date":"2025-06-07T11:37:15","date_gmt":"2025-06-07T11:37:15","guid":{"rendered":"https:\/\/saknews.net\/ku\/?p=2403"},"modified":"2025-06-07T11:39:04","modified_gmt":"2025-06-07T11:39:04","slug":"sekretere-el-parti-peswaziya-seroke-bere-kurdistana-suriye-dike","status":"publish","type":"post","link":"https:\/\/saknews.net\/ku\/?p=2403","title":{"rendered":"Sekreter\u00ea El-Part\u00ee p\u00ea\u015fwaziya Serok\u00ea Ber\u00ea Kurdistana S\u00fbriy\u00ea dike"},"content":{"rendered":"<p>Sekreter\u00ea Partiya Demokrat a Kurd li S\u00fbriy\u00ea (El-Part\u00ee) \u00eero li Hewl\u00ear\u00ea p\u00ea\u015fwaziya Serok\u00ea Ber\u00ea Kurdistana S\u00fbriy\u00ea, Siyamend Haco \u00fb \u015fanda p\u00eare kir<br \/>\nDi hevd\u00eetin\u00ea de behsa p\u00ea\u015fxistina kar\u00ea Ber\u00ea Kurdistana S\u00fbriy\u00ea \u00fb p\u00eawendiy\u00ean bi partiy\u00ean kurd re \u00fb serdana b\u00ea ya Siyamend Haco ji bo Kurdistana S\u00fbriy\u00ea hate kirin<br \/>\nDeqeya ragihanda Of\u00eesa Ragihandin\u00ea ya Ber\u00ea Kurdistana S\u00fbriy\u00ea<\/p>\n<p><strong>Sekreter\u00ea El-Part\u00ee p\u00ea\u015fwaziya Serok\u00ea Ber\u00ea Kurdistana S\u00fbriy\u00ea dike<\/strong><\/p>\n<p>Bi hilkefta Cejna Qurban\u00ea, Sekreter\u00ea Partiya Demokrat a Kurd li S\u00fbriy\u00ea (El-Part\u00ee) Ebdilrehman Hebe\u015f li Hewl\u00ear\u00ea p\u00ea\u015fwaziya Serok\u00ea \u015eep\u00eala Azad\u00ee ya Kurdistan\u00ee \u00fb Serok\u00ea Ber\u00ea Kurdistana S\u00fbriy\u00ea Siyamend Haco \u00fb \u015fanda p\u00eare kir.<\/p>\n<p>\u015eanda m\u00eavan ji Siyamend Haco ji herdu endam\u00ean Desteya Serkirdayetiy\u00ea y\u00ean \u015eep\u00eal\u00ea D\u00eedar M\u00eero \u00fb Ebdilhem\u00eed Y\u00fbnis p\u00eak dihat. Herwiha ji aliy\u00ea El-Part\u00ee ve j\u00ee her yek ji endam\u00ea Kom\u00eeta Navend\u00ee Mihemed Sed\u00eeq Brah\u00eem \u00fb endam\u00ea Kom\u00eeta Her\u00eam\u00ee Mihemed Sel\u00eem Hesen.<\/p>\n<p>Di hevd\u00eetin\u00ea de behsa \u00e7awaniya p\u00ea\u015fxistina kar\u00ea Ber\u00ea Kurdistana S\u00fbriy\u00ea \u00fb xurtkirina hemahengiya di navbera p\u00eakhatey\u00ean w\u00ea de hate kirin, herwiha li ser gir\u00eengiya firehkirina p\u00eawendiyan di navbera partiy\u00ean siyas\u00ee de li Kurdistana S\u00fbriy\u00ea j\u00ee hate tekezkirin.<\/p>\n<p>Her di hevd\u00eetin\u00ea de j\u00ee, behsa serdana b\u00ea ya Siyamend Haco \u00fb \u015fanda p\u00eare ji bo Kurdistana S\u00fbriy\u00ea hate kirin, ku d\u00ea hevd\u00eetin\u00ean siyas\u00ee, sem\u00eenar \u00fb ger\u00ean meydan\u00ee lidar bixe \u00fb p\u00ea rabe.<\/p>\n<p>Of\u00eesa Ragihandin\u00ea<br \/>\nBer\u00ea Kurdistana S\u00fbriy\u00ea<br \/>\n07.06.2025<\/p>\n","protected":false},"excerpt":{"rendered":"<p>Sekreter\u00ea Partiya Demokrat a Kurd li S\u00fbriy\u00ea (El-Part\u00ee) \u00eero li Hewl\u00ear\u00ea p\u00ea\u015fwaziya Serok\u00ea Ber\u00ea Kurdistana&#8230;<\/p>\n","protected":false},"author":8,"featured_media":2404,"comment_status":"closed","ping_status":"closed","sticky":false,"template":"","format":"standard","meta":{"footnotes":""},"categories":[1],"tags":[],"class_list":["post-2403","post","type-post","status-publish","format-standard","has-post-thumbnail","hentry","category-sak"],"yoast_head":"<!-- This site is optimized with the Yoast SEO plugin v27.5 - https:\/\/yoast.com\/product\/yoast-seo-wordpress\/ -->\n<title>Sekreter\u00ea El-Part\u00ee p\u00ea\u015fwaziya Serok\u00ea Ber\u00ea Kurdistana S\u00fbriy\u00ea dike &#8226; \u015eAK<\/title>\n<meta name=\"robots\" content=\"index, follow, max-snippet:-1, max-image-preview:large, max-video-preview:-1\" \/>\n<link rel=\"canonical\" href=\"https:\/\/saknews.net\/ku\/?p=2403\" \/>\n<meta property=\"og:locale\" content=\"en_US\" \/>\n<meta property=\"og:type\" content=\"article\" \/>\n<meta property=\"og:title\" content=\"Sekreter\u00ea El-Part\u00ee p\u00ea\u015fwaziya Serok\u00ea Ber\u00ea Kurdistana S\u00fbriy\u00ea dike &#8226; \u015eAK\" \/>\n<meta property=\"og:description\" content=\"Sekreter\u00ea Partiya Demokrat a Kurd li S\u00fbriy\u00ea (El-Part\u00ee) \u00eero li Hewl\u00ear\u00ea p\u00ea\u015fwaziya Serok\u00ea Ber\u00ea Kurdistana...\" \/>\n<meta property=\"og:url\" content=\"https:\/\/saknews.net\/ku\/?p=2403\" \/>\n<meta property=\"og:site_name\" content=\"\u015eAK\" \/>\n<meta property=\"article:publisher\" content=\"https:\/\/www.facebook.com\/Shepel.ewropa\" \/>\n<meta property=\"article:published_time\" content=\"2025-06-07T11:37:15+00:00\" \/>\n<meta property=\"article:modified_time\" content=\"2025-06-07T11:39:04+00:00\" \/>\n<meta property=\"og:image\" content=\"https:\/\/saknews.net\/ku\/wp-content\/uploads\/2025\/06\/PhotoFix20250607124418-scaled.png\" \/>\n\t<meta property=\"og:image:width\" content=\"2560\" \/>\n\t<meta property=\"og:image:height\" content=\"1336\" \/>\n\t<meta property=\"og:image:type\" content=\"image\/png\" \/>\n<meta name=\"author\" content=\"Horan Hem\" \/>\n<meta name=\"twitter:card\" content=\"summary_large_image\" \/>\n<meta name=\"twitter:label1\" content=\"Written by\" \/>\n\t<meta name=\"twitter:data1\" content=\"Horan Hem\" \/>\n\t<meta name=\"twitter:label2\" content=\"Est. reading time\" \/>\n\t<meta name=\"twitter:data2\" content=\"2 minutes\" \/>\n<script type=\"application\/ld+json\" class=\"yoast-schema-graph\">{\"@context\":\"https:\\\/\\\/schema.org\",\"@graph\":[{\"@type\":\"Article\",\"@id\":\"https:\\\/\\\/saknews.net\\\/ku\\\/?p=2403#article\",\"isPartOf\":{\"@id\":\"https:\\\/\\\/saknews.net\\\/ku\\\/?p=2403\"},\"author\":{\"name\":\"Horan Hem\",\"@id\":\"https:\\\/\\\/saknews.net\\\/ku\\\/#\\\/schema\\\/person\\\/72ae32a4041a3817e015b63d8f409058\"},\"headline\":\"Sekreter\u00ea El-Part\u00ee p\u00ea\u015fwaziya Serok\u00ea Ber\u00ea Kurdistana S\u00fbriy\u00ea dike\",\"datePublished\":\"2025-06-07T11:37:15+00:00\",\"dateModified\":\"2025-06-07T11:39:04+00:00\",\"mainEntityOfPage\":{\"@id\":\"https:\\\/\\\/saknews.net\\\/ku\\\/?p=2403\"},\"wordCount\":268,\"publisher\":{\"@id\":\"https:\\\/\\\/saknews.net\\\/ku\\\/#organization\"},\"image\":{\"@id\":\"https:\\\/\\\/saknews.net\\\/ku\\\/?p=2403#primaryimage\"},\"thumbnailUrl\":\"https:\\\/\\\/i0.wp.com\\\/saknews.net\\\/ku\\\/wp-content\\\/uploads\\\/2025\\\/06\\\/PhotoFix20250607124418-scaled.png?fit=2560%2C1336&ssl=1\",\"articleSection\":[\"\u015eAK\"],\"inLanguage\":\"en-US\"},{\"@type\":\"WebPage\",\"@id\":\"https:\\\/\\\/saknews.net\\\/ku\\\/?p=2403\",\"url\":\"https:\\\/\\\/saknews.net\\\/ku\\\/?p=2403\",\"name\":\"Sekreter\u00ea El-Part\u00ee p\u00ea\u015fwaziya Serok\u00ea Ber\u00ea Kurdistana S\u00fbriy\u00ea dike &#8226; \u015eAK\",\"isPartOf\":{\"@id\":\"https:\\\/\\\/saknews.net\\\/ku\\\/#website\"},\"primaryImageOfPage\":{\"@id\":\"https:\\\/\\\/saknews.net\\\/ku\\\/?p=2403#primaryimage\"},\"image\":{\"@id\":\"https:\\\/\\\/saknews.net\\\/ku\\\/?p=2403#primaryimage\"},\"thumbnailUrl\":\"https:\\\/\\\/i0.wp.com\\\/saknews.net\\\/ku\\\/wp-content\\\/uploads\\\/2025\\\/06\\\/PhotoFix20250607124418-scaled.png?fit=2560%2C1336&ssl=1\",\"datePublished\":\"2025-06-07T11:37:15+00:00\",\"dateModified\":\"2025-06-07T11:39:04+00:00\",\"breadcrumb\":{\"@id\":\"https:\\\/\\\/saknews.net\\\/ku\\\/?p=2403#breadcrumb\"},\"inLanguage\":\"en-US\",\"potentialAction\":[{\"@type\":\"ReadAction\",\"target\":[\"https:\\\/\\\/saknews.net\\\/ku\\\/?p=2403\"]}]},{\"@type\":\"ImageObject\",\"inLanguage\":\"en-US\",\"@id\":\"https:\\\/\\\/saknews.net\\\/ku\\\/?p=2403#primaryimage\",\"url\":\"https:\\\/\\\/i0.wp.com\\\/saknews.net\\\/ku\\\/wp-content\\\/uploads\\\/2025\\\/06\\\/PhotoFix20250607124418-scaled.png?fit=2560%2C1336&ssl=1\",\"contentUrl\":\"https:\\\/\\\/i0.wp.com\\\/saknews.net\\\/ku\\\/wp-content\\\/uploads\\\/2025\\\/06\\\/PhotoFix20250607124418-scaled.png?fit=2560%2C1336&ssl=1\",\"width\":2560,\"height\":1336},{\"@type\":\"BreadcrumbList\",\"@id\":\"https:\\\/\\\/saknews.net\\\/ku\\\/?p=2403#breadcrumb\",\"itemListElement\":[{\"@type\":\"ListItem\",\"position\":1,\"name\":\"\u0627\u0644\u0631\u0626\u064a\u0633\u064a\u0629\",\"item\":\"https:\\\/\\\/saknews.net\\\/ku\\\/\"},{\"@type\":\"ListItem\",\"position\":2,\"name\":\"\u015eAK\",\"item\":\"https:\\\/\\\/saknews.net\\\/ku\\\/?cat=1\"},{\"@type\":\"ListItem\",\"position\":3,\"name\":\"Sekreter\u00ea El-Part\u00ee p\u00ea\u015fwaziya Serok\u00ea Ber\u00ea Kurdistana S\u00fbriy\u00ea dike\"}]},{\"@type\":\"WebSite\",\"@id\":\"https:\\\/\\\/saknews.net\\\/ku\\\/#website\",\"url\":\"https:\\\/\\\/saknews.net\\\/ku\\\/\",\"name\":\"S\u0327epe\u0302la Azadi\u0302 ya Kurdistani\u0302\",\"description\":\"\u062a\u064a\u0627\u0631 \u0627\u0644\u062d\u0631\u064a\u0629 \u0627\u0644\u0643\u0648\u0631\u062f\u0633\u062a\u0627\u0646\u064a \u015eep\u00eala Azad\u00ee ya Kurdistan\u00ee\",\"publisher\":{\"@id\":\"https:\\\/\\\/saknews.net\\\/ku\\\/#organization\"},\"potentialAction\":[{\"@type\":\"SearchAction\",\"target\":{\"@type\":\"EntryPoint\",\"urlTemplate\":\"https:\\\/\\\/saknews.net\\\/ku\\\/?s={search_term_string}\"},\"query-input\":{\"@type\":\"PropertyValueSpecification\",\"valueRequired\":true,\"valueName\":\"search_term_string\"}}],\"inLanguage\":\"en-US\"},{\"@type\":\"Organization\",\"@id\":\"https:\\\/\\\/saknews.net\\\/ku\\\/#organization\",\"name\":\"\u015eep\u00eala Azadiy\u00ea ya Kurdistan\u00ea - \u062a\u064a\u0627\u0631 \u0627\u0644\u062d\u0631\u064a\u0629 \u0627\u0644\u0643\u0648\u0631\u062f\u0633\u062a\u0627\u0646\u064a\",\"url\":\"https:\\\/\\\/saknews.net\\\/ku\\\/\",\"logo\":{\"@type\":\"ImageObject\",\"inLanguage\":\"en-US\",\"@id\":\"https:\\\/\\\/saknews.net\\\/ku\\\/#\\\/schema\\\/logo\\\/image\\\/\",\"url\":\"https:\\\/\\\/i0.wp.com\\\/saknews.net\\\/ku\\\/wp-content\\\/uploads\\\/2024\\\/11\\\/cropped-logo-1.png?fit=512%2C512&ssl=1\",\"contentUrl\":\"https:\\\/\\\/i0.wp.com\\\/saknews.net\\\/ku\\\/wp-content\\\/uploads\\\/2024\\\/11\\\/cropped-logo-1.png?fit=512%2C512&ssl=1\",\"width\":512,\"height\":512,\"caption\":\"\u015eep\u00eala Azadiy\u00ea ya Kurdistan\u00ea - \u062a\u064a\u0627\u0631 \u0627\u0644\u062d\u0631\u064a\u0629 \u0627\u0644\u0643\u0648\u0631\u062f\u0633\u062a\u0627\u0646\u064a\"},\"image\":{\"@id\":\"https:\\\/\\\/saknews.net\\\/ku\\\/#\\\/schema\\\/logo\\\/image\\\/\"},\"sameAs\":[\"https:\\\/\\\/www.facebook.com\\\/Shepel.ewropa\"]},{\"@type\":\"Person\",\"@id\":\"https:\\\/\\\/saknews.net\\\/ku\\\/#\\\/schema\\\/person\\\/72ae32a4041a3817e015b63d8f409058\",\"name\":\"Horan Hem\",\"url\":\"https:\\\/\\\/saknews.net\\\/ku\\\/?author=8\"}]}<\/script>\n<!-- \/ Yoast SEO plugin. -->","yoast_head_json":{"title":"Sekreter\u00ea El-Part\u00ee p\u00ea\u015fwaziya Serok\u00ea Ber\u00ea Kurdistana S\u00fbriy\u00ea dike &#8226; \u015eAK","robots":{"index":"index","follow":"follow","max-snippet":"max-snippet:-1","max-image-preview":"max-image-preview:large","max-video-preview":"max-video-preview:-1"},"canonical":"https:\/\/saknews.net\/ku\/?p=2403","og_locale":"en_US","og_type":"article","og_title":"Sekreter\u00ea El-Part\u00ee p\u00ea\u015fwaziya Serok\u00ea Ber\u00ea Kurdistana S\u00fbriy\u00ea dike &#8226; \u015eAK","og_description":"Sekreter\u00ea Partiya Demokrat a Kurd li S\u00fbriy\u00ea (El-Part\u00ee) \u00eero li Hewl\u00ear\u00ea p\u00ea\u015fwaziya Serok\u00ea Ber\u00ea Kurdistana...","og_url":"https:\/\/saknews.net\/ku\/?p=2403","og_site_name":"\u015eAK","article_publisher":"https:\/\/www.facebook.com\/Shepel.ewropa","article_published_time":"2025-06-07T11:37:15+00:00","article_modified_time":"2025-06-07T11:39:04+00:00","og_image":[{"width":2560,"height":1336,"url":"https:\/\/saknews.net\/ku\/wp-content\/uploads\/2025\/06\/PhotoFix20250607124418-scaled.png","type":"image\/png"}],"author":"Horan Hem","twitter_card":"summary_large_image","twitter_misc":{"Written by":"Horan Hem","Est. reading time":"2 minutes"},"schema":{"@context":"https:\/\/schema.org","@graph":[{"@type":"Article","@id":"https:\/\/saknews.net\/ku\/?p=2403#article","isPartOf":{"@id":"https:\/\/saknews.net\/ku\/?p=2403"},"author":{"name":"Horan Hem","@id":"https:\/\/saknews.net\/ku\/#\/schema\/person\/72ae32a4041a3817e015b63d8f409058"},"headline":"Sekreter\u00ea El-Part\u00ee p\u00ea\u015fwaziya Serok\u00ea Ber\u00ea Kurdistana S\u00fbriy\u00ea dike","datePublished":"2025-06-07T11:37:15+00:00","dateModified":"2025-06-07T11:39:04+00:00","mainEntityOfPage":{"@id":"https:\/\/saknews.net\/ku\/?p=2403"},"wordCount":268,"publisher":{"@id":"https:\/\/saknews.net\/ku\/#organization"},"image":{"@id":"https:\/\/saknews.net\/ku\/?p=2403#primaryimage"},"thumbnailUrl":"https:\/\/i0.wp.com\/saknews.net\/ku\/wp-content\/uploads\/2025\/06\/PhotoFix20250607124418-scaled.png?fit=2560%2C1336&ssl=1","articleSection":["\u015eAK"],"inLanguage":"en-US"},{"@type":"WebPage","@id":"https:\/\/saknews.net\/ku\/?p=2403","url":"https:\/\/saknews.net\/ku\/?p=2403","name":"Sekreter\u00ea El-Part\u00ee p\u00ea\u015fwaziya Serok\u00ea Ber\u00ea Kurdistana S\u00fbriy\u00ea dike &#8226; \u015eAK","isPartOf":{"@id":"https:\/\/saknews.net\/ku\/#website"},"primaryImageOfPage":{"@id":"https:\/\/saknews.net\/ku\/?p=2403#primaryimage"},"image":{"@id":"https:\/\/saknews.net\/ku\/?p=2403#primaryimage"},"thumbnailUrl":"https:\/\/i0.wp.com\/saknews.net\/ku\/wp-content\/uploads\/2025\/06\/PhotoFix20250607124418-scaled.png?fit=2560%2C1336&ssl=1","datePublished":"2025-06-07T11:37:15+00:00","dateModified":"2025-06-07T11:39:04+00:00","breadcrumb":{"@id":"https:\/\/saknews.net\/ku\/?p=2403#breadcrumb"},"inLanguage":"en-US","potentialAction":[{"@type":"ReadAction","target":["https:\/\/saknews.net\/ku\/?p=2403"]}]},{"@type":"ImageObject","inLanguage":"en-US","@id":"https:\/\/saknews.net\/ku\/?p=2403#primaryimage","url":"https:\/\/i0.wp.com\/saknews.net\/ku\/wp-content\/uploads\/2025\/06\/PhotoFix20250607124418-scaled.png?fit=2560%2C1336&ssl=1","contentUrl":"https:\/\/i0.wp.com\/saknews.net\/ku\/wp-content\/uploads\/2025\/06\/PhotoFix20250607124418-scaled.png?fit=2560%2C1336&ssl=1","width":2560,"height":1336},{"@type":"BreadcrumbList","@id":"https:\/\/saknews.net\/ku\/?p=2403#breadcrumb","itemListElement":[{"@type":"ListItem","position":1,"name":"\u0627\u0644\u0631\u0626\u064a\u0633\u064a\u0629","item":"https:\/\/saknews.net\/ku\/"},{"@type":"ListItem","position":2,"name":"\u015eAK","item":"https:\/\/saknews.net\/ku\/?cat=1"},{"@type":"ListItem","position":3,"name":"Sekreter\u00ea El-Part\u00ee p\u00ea\u015fwaziya Serok\u00ea Ber\u00ea Kurdistana S\u00fbriy\u00ea dike"}]},{"@type":"WebSite","@id":"https:\/\/saknews.net\/ku\/#website","url":"https:\/\/saknews.net\/ku\/","name":"S\u0327epe\u0302la Azadi\u0302 ya Kurdistani\u0302","description":"\u062a\u064a\u0627\u0631 \u0627\u0644\u062d\u0631\u064a\u0629 \u0627\u0644\u0643\u0648\u0631\u062f\u0633\u062a\u0627\u0646\u064a \u015eep\u00eala Azad\u00ee ya Kurdistan\u00ee","publisher":{"@id":"https:\/\/saknews.net\/ku\/#organization"},"potentialAction":[{"@type":"SearchAction","target":{"@type":"EntryPoint","urlTemplate":"https:\/\/saknews.net\/ku\/?s={search_term_string}"},"query-input":{"@type":"PropertyValueSpecification","valueRequired":true,"valueName":"search_term_string"}}],"inLanguage":"en-US"},{"@type":"Organization","@id":"https:\/\/saknews.net\/ku\/#organization","name":"\u015eep\u00eala Azadiy\u00ea ya Kurdistan\u00ea - \u062a\u064a\u0627\u0631 \u0627\u0644\u062d\u0631\u064a\u0629 \u0627\u0644\u0643\u0648\u0631\u062f\u0633\u062a\u0627\u0646\u064a","url":"https:\/\/saknews.net\/ku\/","logo":{"@type":"ImageObject","inLanguage":"en-US","@id":"https:\/\/saknews.net\/ku\/#\/schema\/logo\/image\/","url":"https:\/\/i0.wp.com\/saknews.net\/ku\/wp-content\/uploads\/2024\/11\/cropped-logo-1.png?fit=512%2C512&ssl=1","contentUrl":"https:\/\/i0.wp.com\/saknews.net\/ku\/wp-content\/uploads\/2024\/11\/cropped-logo-1.png?fit=512%2C512&ssl=1","width":512,"height":512,"caption":"\u015eep\u00eala Azadiy\u00ea ya Kurdistan\u00ea - \u062a\u064a\u0627\u0631 \u0627\u0644\u062d\u0631\u064a\u0629 \u0627\u0644\u0643\u0648\u0631\u062f\u0633\u062a\u0627\u0646\u064a"},"image":{"@id":"https:\/\/saknews.net\/ku\/#\/schema\/logo\/image\/"},"sameAs":["https:\/\/www.facebook.com\/Shepel.ewropa"]},{"@type":"Person","@id":"https:\/\/saknews.net\/ku\/#\/schema\/person\/72ae32a4041a3817e015b63d8f409058","name":"Horan Hem","url":"https:\/\/saknews.net\/ku\/?author=8"}]}},"featured_image_urls":{"full":["https:\/\/i0.wp.com\/saknews.net\/ku\/wp-content\/uploads\/2025\/06\/PhotoFix20250607124418-scaled.png?fit=2560%2C1336&ssl=1",2560,1336,false],"thumbnail":["https:\/\/i0.wp.com\/saknews.net\/ku\/wp-content\/uploads\/2025\/06\/PhotoFix20250607124418-scaled.png?resize=150%2C150&ssl=1",150,150,true],"medium":["https:\/\/i0.wp.com\/saknews.net\/ku\/wp-content\/uploads\/2025\/06\/PhotoFix20250607124418-scaled.png?fit=300%2C157&ssl=1",300,157,true],"medium_large":["https:\/\/i0.wp.com\/saknews.net\/ku\/wp-content\/uploads\/2025\/06\/PhotoFix20250607124418-scaled.png?fit=640%2C334&ssl=1",640,334,true],"large":["https:\/\/i0.wp.com\/saknews.net\/ku\/wp-content\/uploads\/2025\/06\/PhotoFix20250607124418-scaled.png?fit=640%2C334&ssl=1",640,334,true],"1536x1536":["https:\/\/i0.wp.com\/saknews.net\/ku\/wp-content\/uploads\/2025\/06\/PhotoFix20250607124418-scaled.png?fit=1536%2C802&ssl=1",1536,802,true],"2048x2048":["https:\/\/i0.wp.com\/saknews.net\/ku\/wp-content\/uploads\/2025\/06\/PhotoFix20250607124418-scaled.png?fit=2048%2C1069&ssl=1",2048,1069,true],"covernews-featured":["https:\/\/i0.wp.com\/saknews.net\/ku\/wp-content\/uploads\/2025\/06\/PhotoFix20250607124418-scaled.png?fit=1024%2C534&ssl=1",1024,534,true],"covernews-medium":["https:\/\/i0.wp.com\/saknews.net\/ku\/wp-content\/uploads\/2025\/06\/PhotoFix20250607124418-scaled.png?resize=540%2C340&ssl=1",540,340,true]},"author_info":{"display_name":"Horan Hem","author_link":"https:\/\/saknews.net\/ku\/?author=8"},"category_info":"<a href=\"https:\/\/saknews.net\/ku\/?cat=1\" rel=\"category\">\u015eAK<\/a>","tag_info":"\u015eAK","comment_count":"0","_links":{"self":[{"href":"https:\/\/saknews.net\/ku\/index.php?rest_route=\/wp\/v2\/posts\/2403","targetHints":{"allow":["GET"]}}],"collection":[{"href":"https:\/\/saknews.net\/ku\/index.php?rest_route=\/wp\/v2\/posts"}],"about":[{"href":"https:\/\/saknews.net\/ku\/index.php?rest_route=\/wp\/v2\/types\/post"}],"author":[{"embeddable":true,"href":"https:\/\/saknews.net\/ku\/index.php?rest_route=\/wp\/v2\/users\/8"}],"replies":[{"embeddable":true,"href":"https:\/\/saknews.net\/ku\/index.php?rest_route=%2Fwp%2Fv2%2Fcomments&post=2403"}],"version-history":[{"count":3,"href":"https:\/\/saknews.net\/ku\/index.php?rest_route=\/wp\/v2\/posts\/2403\/revisions"}],"predecessor-version":[{"id":2408,"href":"https:\/\/saknews.net\/ku\/index.php?rest_route=\/wp\/v2\/posts\/2403\/revisions\/2408"}],"wp:featuredmedia":[{"embeddable":true,"href":"https:\/\/saknews.net\/ku\/index.php?rest_route=\/wp\/v2\/media\/2404"}],"wp:attachment":[{"href":"https:\/\/saknews.net\/ku\/index.php?rest_route=%2Fwp%2Fv2%2Fmedia&parent=2403"}],"wp:term":[{"taxonomy":"category","embeddable":true,"href":"https:\/\/saknews.net\/ku\/index.php?rest_route=%2Fwp%2Fv2%2Fcategories&post=2403"},{"taxonomy":"post_tag","embeddable":true,"href":"https:\/\/saknews.net\/ku\/index.php?rest_route=%2Fwp%2Fv2%2Ftags&post=2403"}],"curies":[{"name":"wp","href":"https:\/\/api.w.org\/{rel}","templated":true}]}}