{"id":2409,"date":"2025-06-08T08:49:53","date_gmt":"2025-06-08T08:49:53","guid":{"rendered":"https:\/\/saknews.net\/ku\/?p=2409"},"modified":"2025-06-08T08:49:53","modified_gmt":"2025-06-08T08:49:53","slug":"federali-navnisana-seminareke-seroke-bere-kurdistana-suriye-li-qamislo","status":"publish","type":"post","link":"https:\/\/saknews.net\/ku\/?p=2409","title":{"rendered":"Federal\u00ee navn\u00ee\u015fana sem\u00eenareke Serok\u00ea Ber\u00ea Kurdistana S\u00fbriy\u00ea li Qami\u015flo"},"content":{"rendered":"<p>Di \u00e7ar\u00e7oveya serdana Kurdistana S\u00fbriy\u00ea \u00fb bi serpere\u015ftiya Yek\u00eetiya Xwendevan\u00ean Rojavay\u00ea Kurdistan\u00ea, Serok\u00ea Ber\u00ea Kurdistana S\u00fbriy\u00ea \u00fb Serok\u00ea \u015eep\u00eala Azad\u00ee ya Kurdistan\u00ee, Siyamend Haco, sem\u00eenarek\u00ea bi navn\u00ee\u015fana &#8221; \u00c7ima federal\u00ee \u00e7areya her\u00ee ba\u015f e ji p\u00ea\u015feroja S\u00fbriy\u00ea&#8221; ku li navenda yek\u00eetiy\u00ea li Bajar\u00ea Qami\u015flo roja P\u00eanc\u015fem\u00ea demjim\u00ear heft\u00ea \u00eavar\u00ee, t\u00ea lidarxistin.<\/p>\n<p>Ev cara yek\u00ea ye pi\u015ft\u00ee d\u00fbrb\u00fbna 47  salan Siyamend Haco sem\u00eenareke wisa li Kurdistana S\u00fbriy\u00ea lidar dixe, herwiha li gor\u00ee programa serdan\u00ea biryar e \u00e7end sem\u00eenar\u00ean din j\u00ee werin lidarxistin \u00fb d\u00ea hevd\u00eetin\u00ean siyas\u00ee \u00fb ger\u00ean meydan\u00ee \u015fanda bj serokatiya Siyamend Haco b\u00eane encamdan.<\/p>\n","protected":false},"excerpt":{"rendered":"<p>Di \u00e7ar\u00e7oveya serdana Kurdistana S\u00fbriy\u00ea \u00fb bi serpere\u015ftiya Yek\u00eetiya Xwendevan\u00ean Rojavay\u00ea Kurdistan\u00ea, Serok\u00ea Ber\u00ea Kurdistana&#8230;<\/p>\n","protected":false},"author":8,"featured_media":2410,"comment_status":"closed","ping_status":"closed","sticky":false,"template":"","format":"standard","meta":{"footnotes":""},"categories":[49],"tags":[],"class_list":["post-2409","post","type-post","status-publish","format-standard","has-post-thumbnail","hentry","category-nuce"],"yoast_head":"<!-- This site is optimized with the Yoast SEO plugin v27.5 - https:\/\/yoast.com\/product\/yoast-seo-wordpress\/ -->\n<title>Federal\u00ee navn\u00ee\u015fana sem\u00eenareke Serok\u00ea Ber\u00ea Kurdistana S\u00fbriy\u00ea li Qami\u015flo &#8226; \u015eAK<\/title>\n<meta name=\"robots\" content=\"index, follow, max-snippet:-1, max-image-preview:large, max-video-preview:-1\" \/>\n<link rel=\"canonical\" href=\"https:\/\/saknews.net\/ku\/?p=2409\" \/>\n<meta property=\"og:locale\" content=\"en_US\" \/>\n<meta property=\"og:type\" content=\"article\" \/>\n<meta property=\"og:title\" content=\"Federal\u00ee navn\u00ee\u015fana sem\u00eenareke Serok\u00ea Ber\u00ea Kurdistana S\u00fbriy\u00ea li Qami\u015flo &#8226; \u015eAK\" \/>\n<meta property=\"og:description\" content=\"Di \u00e7ar\u00e7oveya serdana Kurdistana S\u00fbriy\u00ea \u00fb bi serpere\u015ftiya Yek\u00eetiya Xwendevan\u00ean Rojavay\u00ea Kurdistan\u00ea, Serok\u00ea Ber\u00ea Kurdistana...\" \/>\n<meta property=\"og:url\" content=\"https:\/\/saknews.net\/ku\/?p=2409\" \/>\n<meta property=\"og:site_name\" content=\"\u015eAK\" \/>\n<meta property=\"article:publisher\" content=\"https:\/\/www.facebook.com\/Shepel.ewropa\" \/>\n<meta property=\"article:published_time\" content=\"2025-06-08T08:49:53+00:00\" \/>\n<meta property=\"og:image\" content=\"https:\/\/saknews.net\/ku\/wp-content\/uploads\/2025\/06\/Screenshot_20250608_104037_Square-Photo.jpg\" \/>\n\t<meta property=\"og:image:width\" content=\"858\" \/>\n\t<meta property=\"og:image:height\" content=\"526\" \/>\n\t<meta property=\"og:image:type\" content=\"image\/jpeg\" \/>\n<meta name=\"author\" content=\"Horan Hem\" \/>\n<meta name=\"twitter:card\" content=\"summary_large_image\" \/>\n<meta name=\"twitter:label1\" content=\"Written by\" \/>\n\t<meta name=\"twitter:data1\" content=\"Horan Hem\" \/>\n\t<meta name=\"twitter:label2\" content=\"Est. reading time\" \/>\n\t<meta name=\"twitter:data2\" content=\"1 minute\" \/>\n<script type=\"application\/ld+json\" class=\"yoast-schema-graph\">{\"@context\":\"https:\\\/\\\/schema.org\",\"@graph\":[{\"@type\":\"Article\",\"@id\":\"https:\\\/\\\/saknews.net\\\/ku\\\/?p=2409#article\",\"isPartOf\":{\"@id\":\"https:\\\/\\\/saknews.net\\\/ku\\\/?p=2409\"},\"author\":{\"name\":\"Horan Hem\",\"@id\":\"https:\\\/\\\/saknews.net\\\/ku\\\/#\\\/schema\\\/person\\\/72ae32a4041a3817e015b63d8f409058\"},\"headline\":\"Federal\u00ee navn\u00ee\u015fana sem\u00eenareke Serok\u00ea Ber\u00ea Kurdistana S\u00fbriy\u00ea li Qami\u015flo\",\"datePublished\":\"2025-06-08T08:49:53+00:00\",\"mainEntityOfPage\":{\"@id\":\"https:\\\/\\\/saknews.net\\\/ku\\\/?p=2409\"},\"wordCount\":129,\"publisher\":{\"@id\":\"https:\\\/\\\/saknews.net\\\/ku\\\/#organization\"},\"image\":{\"@id\":\"https:\\\/\\\/saknews.net\\\/ku\\\/?p=2409#primaryimage\"},\"thumbnailUrl\":\"https:\\\/\\\/i0.wp.com\\\/saknews.net\\\/ku\\\/wp-content\\\/uploads\\\/2025\\\/06\\\/Screenshot_20250608_104037_Square-Photo.jpg?fit=858%2C526&ssl=1\",\"articleSection\":[\"N\u00fb\u00e7e\"],\"inLanguage\":\"en-US\"},{\"@type\":\"WebPage\",\"@id\":\"https:\\\/\\\/saknews.net\\\/ku\\\/?p=2409\",\"url\":\"https:\\\/\\\/saknews.net\\\/ku\\\/?p=2409\",\"name\":\"Federal\u00ee navn\u00ee\u015fana sem\u00eenareke Serok\u00ea Ber\u00ea Kurdistana S\u00fbriy\u00ea li Qami\u015flo &#8226; \u015eAK\",\"isPartOf\":{\"@id\":\"https:\\\/\\\/saknews.net\\\/ku\\\/#website\"},\"primaryImageOfPage\":{\"@id\":\"https:\\\/\\\/saknews.net\\\/ku\\\/?p=2409#primaryimage\"},\"image\":{\"@id\":\"https:\\\/\\\/saknews.net\\\/ku\\\/?p=2409#primaryimage\"},\"thumbnailUrl\":\"https:\\\/\\\/i0.wp.com\\\/saknews.net\\\/ku\\\/wp-content\\\/uploads\\\/2025\\\/06\\\/Screenshot_20250608_104037_Square-Photo.jpg?fit=858%2C526&ssl=1\",\"datePublished\":\"2025-06-08T08:49:53+00:00\",\"breadcrumb\":{\"@id\":\"https:\\\/\\\/saknews.net\\\/ku\\\/?p=2409#breadcrumb\"},\"inLanguage\":\"en-US\",\"potentialAction\":[{\"@type\":\"ReadAction\",\"target\":[\"https:\\\/\\\/saknews.net\\\/ku\\\/?p=2409\"]}]},{\"@type\":\"ImageObject\",\"inLanguage\":\"en-US\",\"@id\":\"https:\\\/\\\/saknews.net\\\/ku\\\/?p=2409#primaryimage\",\"url\":\"https:\\\/\\\/i0.wp.com\\\/saknews.net\\\/ku\\\/wp-content\\\/uploads\\\/2025\\\/06\\\/Screenshot_20250608_104037_Square-Photo.jpg?fit=858%2C526&ssl=1\",\"contentUrl\":\"https:\\\/\\\/i0.wp.com\\\/saknews.net\\\/ku\\\/wp-content\\\/uploads\\\/2025\\\/06\\\/Screenshot_20250608_104037_Square-Photo.jpg?fit=858%2C526&ssl=1\",\"width\":858,\"height\":526},{\"@type\":\"BreadcrumbList\",\"@id\":\"https:\\\/\\\/saknews.net\\\/ku\\\/?p=2409#breadcrumb\",\"itemListElement\":[{\"@type\":\"ListItem\",\"position\":1,\"name\":\"\u0627\u0644\u0631\u0626\u064a\u0633\u064a\u0629\",\"item\":\"https:\\\/\\\/saknews.net\\\/ku\\\/\"},{\"@type\":\"ListItem\",\"position\":2,\"name\":\"N\u00fb\u00e7e\",\"item\":\"https:\\\/\\\/saknews.net\\\/ku\\\/?cat=49\"},{\"@type\":\"ListItem\",\"position\":3,\"name\":\"Federal\u00ee navn\u00ee\u015fana sem\u00eenareke Serok\u00ea Ber\u00ea Kurdistana S\u00fbriy\u00ea li Qami\u015flo\"}]},{\"@type\":\"WebSite\",\"@id\":\"https:\\\/\\\/saknews.net\\\/ku\\\/#website\",\"url\":\"https:\\\/\\\/saknews.net\\\/ku\\\/\",\"name\":\"S\u0327epe\u0302la Azadi\u0302 ya Kurdistani\u0302\",\"description\":\"\u062a\u064a\u0627\u0631 \u0627\u0644\u062d\u0631\u064a\u0629 \u0627\u0644\u0643\u0648\u0631\u062f\u0633\u062a\u0627\u0646\u064a \u015eep\u00eala Azad\u00ee ya Kurdistan\u00ee\",\"publisher\":{\"@id\":\"https:\\\/\\\/saknews.net\\\/ku\\\/#organization\"},\"potentialAction\":[{\"@type\":\"SearchAction\",\"target\":{\"@type\":\"EntryPoint\",\"urlTemplate\":\"https:\\\/\\\/saknews.net\\\/ku\\\/?s={search_term_string}\"},\"query-input\":{\"@type\":\"PropertyValueSpecification\",\"valueRequired\":true,\"valueName\":\"search_term_string\"}}],\"inLanguage\":\"en-US\"},{\"@type\":\"Organization\",\"@id\":\"https:\\\/\\\/saknews.net\\\/ku\\\/#organization\",\"name\":\"\u015eep\u00eala Azadiy\u00ea ya Kurdistan\u00ea - \u062a\u064a\u0627\u0631 \u0627\u0644\u062d\u0631\u064a\u0629 \u0627\u0644\u0643\u0648\u0631\u062f\u0633\u062a\u0627\u0646\u064a\",\"url\":\"https:\\\/\\\/saknews.net\\\/ku\\\/\",\"logo\":{\"@type\":\"ImageObject\",\"inLanguage\":\"en-US\",\"@id\":\"https:\\\/\\\/saknews.net\\\/ku\\\/#\\\/schema\\\/logo\\\/image\\\/\",\"url\":\"https:\\\/\\\/i0.wp.com\\\/saknews.net\\\/ku\\\/wp-content\\\/uploads\\\/2024\\\/11\\\/cropped-logo-1.png?fit=512%2C512&ssl=1\",\"contentUrl\":\"https:\\\/\\\/i0.wp.com\\\/saknews.net\\\/ku\\\/wp-content\\\/uploads\\\/2024\\\/11\\\/cropped-logo-1.png?fit=512%2C512&ssl=1\",\"width\":512,\"height\":512,\"caption\":\"\u015eep\u00eala Azadiy\u00ea ya Kurdistan\u00ea - \u062a\u064a\u0627\u0631 \u0627\u0644\u062d\u0631\u064a\u0629 \u0627\u0644\u0643\u0648\u0631\u062f\u0633\u062a\u0627\u0646\u064a\"},\"image\":{\"@id\":\"https:\\\/\\\/saknews.net\\\/ku\\\/#\\\/schema\\\/logo\\\/image\\\/\"},\"sameAs\":[\"https:\\\/\\\/www.facebook.com\\\/Shepel.ewropa\"]},{\"@type\":\"Person\",\"@id\":\"https:\\\/\\\/saknews.net\\\/ku\\\/#\\\/schema\\\/person\\\/72ae32a4041a3817e015b63d8f409058\",\"name\":\"Horan Hem\",\"url\":\"https:\\\/\\\/saknews.net\\\/ku\\\/?author=8\"}]}<\/script>\n<!-- \/ Yoast SEO plugin. -->","yoast_head_json":{"title":"Federal\u00ee navn\u00ee\u015fana sem\u00eenareke Serok\u00ea Ber\u00ea Kurdistana S\u00fbriy\u00ea li Qami\u015flo &#8226; \u015eAK","robots":{"index":"index","follow":"follow","max-snippet":"max-snippet:-1","max-image-preview":"max-image-preview:large","max-video-preview":"max-video-preview:-1"},"canonical":"https:\/\/saknews.net\/ku\/?p=2409","og_locale":"en_US","og_type":"article","og_title":"Federal\u00ee navn\u00ee\u015fana sem\u00eenareke Serok\u00ea Ber\u00ea Kurdistana S\u00fbriy\u00ea li Qami\u015flo &#8226; \u015eAK","og_description":"Di \u00e7ar\u00e7oveya serdana Kurdistana S\u00fbriy\u00ea \u00fb bi serpere\u015ftiya Yek\u00eetiya Xwendevan\u00ean Rojavay\u00ea Kurdistan\u00ea, Serok\u00ea Ber\u00ea Kurdistana...","og_url":"https:\/\/saknews.net\/ku\/?p=2409","og_site_name":"\u015eAK","article_publisher":"https:\/\/www.facebook.com\/Shepel.ewropa","article_published_time":"2025-06-08T08:49:53+00:00","og_image":[{"width":858,"height":526,"url":"https:\/\/saknews.net\/ku\/wp-content\/uploads\/2025\/06\/Screenshot_20250608_104037_Square-Photo.jpg","type":"image\/jpeg"}],"author":"Horan Hem","twitter_card":"summary_large_image","twitter_misc":{"Written by":"Horan Hem","Est. reading time":"1 minute"},"schema":{"@context":"https:\/\/schema.org","@graph":[{"@type":"Article","@id":"https:\/\/saknews.net\/ku\/?p=2409#article","isPartOf":{"@id":"https:\/\/saknews.net\/ku\/?p=2409"},"author":{"name":"Horan Hem","@id":"https:\/\/saknews.net\/ku\/#\/schema\/person\/72ae32a4041a3817e015b63d8f409058"},"headline":"Federal\u00ee navn\u00ee\u015fana sem\u00eenareke Serok\u00ea Ber\u00ea Kurdistana S\u00fbriy\u00ea li Qami\u015flo","datePublished":"2025-06-08T08:49:53+00:00","mainEntityOfPage":{"@id":"https:\/\/saknews.net\/ku\/?p=2409"},"wordCount":129,"publisher":{"@id":"https:\/\/saknews.net\/ku\/#organization"},"image":{"@id":"https:\/\/saknews.net\/ku\/?p=2409#primaryimage"},"thumbnailUrl":"https:\/\/i0.wp.com\/saknews.net\/ku\/wp-content\/uploads\/2025\/06\/Screenshot_20250608_104037_Square-Photo.jpg?fit=858%2C526&ssl=1","articleSection":["N\u00fb\u00e7e"],"inLanguage":"en-US"},{"@type":"WebPage","@id":"https:\/\/saknews.net\/ku\/?p=2409","url":"https:\/\/saknews.net\/ku\/?p=2409","name":"Federal\u00ee navn\u00ee\u015fana sem\u00eenareke Serok\u00ea Ber\u00ea Kurdistana S\u00fbriy\u00ea li Qami\u015flo &#8226; \u015eAK","isPartOf":{"@id":"https:\/\/saknews.net\/ku\/#website"},"primaryImageOfPage":{"@id":"https:\/\/saknews.net\/ku\/?p=2409#primaryimage"},"image":{"@id":"https:\/\/saknews.net\/ku\/?p=2409#primaryimage"},"thumbnailUrl":"https:\/\/i0.wp.com\/saknews.net\/ku\/wp-content\/uploads\/2025\/06\/Screenshot_20250608_104037_Square-Photo.jpg?fit=858%2C526&ssl=1","datePublished":"2025-06-08T08:49:53+00:00","breadcrumb":{"@id":"https:\/\/saknews.net\/ku\/?p=2409#breadcrumb"},"inLanguage":"en-US","potentialAction":[{"@type":"ReadAction","target":["https:\/\/saknews.net\/ku\/?p=2409"]}]},{"@type":"ImageObject","inLanguage":"en-US","@id":"https:\/\/saknews.net\/ku\/?p=2409#primaryimage","url":"https:\/\/i0.wp.com\/saknews.net\/ku\/wp-content\/uploads\/2025\/06\/Screenshot_20250608_104037_Square-Photo.jpg?fit=858%2C526&ssl=1","contentUrl":"https:\/\/i0.wp.com\/saknews.net\/ku\/wp-content\/uploads\/2025\/06\/Screenshot_20250608_104037_Square-Photo.jpg?fit=858%2C526&ssl=1","width":858,"height":526},{"@type":"BreadcrumbList","@id":"https:\/\/saknews.net\/ku\/?p=2409#breadcrumb","itemListElement":[{"@type":"ListItem","position":1,"name":"\u0627\u0644\u0631\u0626\u064a\u0633\u064a\u0629","item":"https:\/\/saknews.net\/ku\/"},{"@type":"ListItem","position":2,"name":"N\u00fb\u00e7e","item":"https:\/\/saknews.net\/ku\/?cat=49"},{"@type":"ListItem","position":3,"name":"Federal\u00ee navn\u00ee\u015fana sem\u00eenareke Serok\u00ea Ber\u00ea Kurdistana S\u00fbriy\u00ea li Qami\u015flo"}]},{"@type":"WebSite","@id":"https:\/\/saknews.net\/ku\/#website","url":"https:\/\/saknews.net\/ku\/","name":"S\u0327epe\u0302la Azadi\u0302 ya Kurdistani\u0302","description":"\u062a\u064a\u0627\u0631 \u0627\u0644\u062d\u0631\u064a\u0629 \u0627\u0644\u0643\u0648\u0631\u062f\u0633\u062a\u0627\u0646\u064a \u015eep\u00eala Azad\u00ee ya Kurdistan\u00ee","publisher":{"@id":"https:\/\/saknews.net\/ku\/#organization"},"potentialAction":[{"@type":"SearchAction","target":{"@type":"EntryPoint","urlTemplate":"https:\/\/saknews.net\/ku\/?s={search_term_string}"},"query-input":{"@type":"PropertyValueSpecification","valueRequired":true,"valueName":"search_term_string"}}],"inLanguage":"en-US"},{"@type":"Organization","@id":"https:\/\/saknews.net\/ku\/#organization","name":"\u015eep\u00eala Azadiy\u00ea ya Kurdistan\u00ea - \u062a\u064a\u0627\u0631 \u0627\u0644\u062d\u0631\u064a\u0629 \u0627\u0644\u0643\u0648\u0631\u062f\u0633\u062a\u0627\u0646\u064a","url":"https:\/\/saknews.net\/ku\/","logo":{"@type":"ImageObject","inLanguage":"en-US","@id":"https:\/\/saknews.net\/ku\/#\/schema\/logo\/image\/","url":"https:\/\/i0.wp.com\/saknews.net\/ku\/wp-content\/uploads\/2024\/11\/cropped-logo-1.png?fit=512%2C512&ssl=1","contentUrl":"https:\/\/i0.wp.com\/saknews.net\/ku\/wp-content\/uploads\/2024\/11\/cropped-logo-1.png?fit=512%2C512&ssl=1","width":512,"height":512,"caption":"\u015eep\u00eala Azadiy\u00ea ya Kurdistan\u00ea - \u062a\u064a\u0627\u0631 \u0627\u0644\u062d\u0631\u064a\u0629 \u0627\u0644\u0643\u0648\u0631\u062f\u0633\u062a\u0627\u0646\u064a"},"image":{"@id":"https:\/\/saknews.net\/ku\/#\/schema\/logo\/image\/"},"sameAs":["https:\/\/www.facebook.com\/Shepel.ewropa"]},{"@type":"Person","@id":"https:\/\/saknews.net\/ku\/#\/schema\/person\/72ae32a4041a3817e015b63d8f409058","name":"Horan Hem","url":"https:\/\/saknews.net\/ku\/?author=8"}]}},"featured_image_urls":{"full":["https:\/\/i0.wp.com\/saknews.net\/ku\/wp-content\/uploads\/2025\/06\/Screenshot_20250608_104037_Square-Photo.jpg?fit=858%2C526&ssl=1",858,526,false],"thumbnail":["https:\/\/i0.wp.com\/saknews.net\/ku\/wp-content\/uploads\/2025\/06\/Screenshot_20250608_104037_Square-Photo.jpg?resize=150%2C150&ssl=1",150,150,true],"medium":["https:\/\/i0.wp.com\/saknews.net\/ku\/wp-content\/uploads\/2025\/06\/Screenshot_20250608_104037_Square-Photo.jpg?fit=300%2C184&ssl=1",300,184,true],"medium_large":["https:\/\/i0.wp.com\/saknews.net\/ku\/wp-content\/uploads\/2025\/06\/Screenshot_20250608_104037_Square-Photo.jpg?fit=640%2C393&ssl=1",640,393,true],"large":["https:\/\/i0.wp.com\/saknews.net\/ku\/wp-content\/uploads\/2025\/06\/Screenshot_20250608_104037_Square-Photo.jpg?fit=640%2C392&ssl=1",640,392,true],"1536x1536":["https:\/\/i0.wp.com\/saknews.net\/ku\/wp-content\/uploads\/2025\/06\/Screenshot_20250608_104037_Square-Photo.jpg?fit=858%2C526&ssl=1",858,526,true],"2048x2048":["https:\/\/i0.wp.com\/saknews.net\/ku\/wp-content\/uploads\/2025\/06\/Screenshot_20250608_104037_Square-Photo.jpg?fit=858%2C526&ssl=1",858,526,true],"covernews-featured":["https:\/\/i0.wp.com\/saknews.net\/ku\/wp-content\/uploads\/2025\/06\/Screenshot_20250608_104037_Square-Photo.jpg?fit=858%2C526&ssl=1",858,526,true],"covernews-medium":["https:\/\/i0.wp.com\/saknews.net\/ku\/wp-content\/uploads\/2025\/06\/Screenshot_20250608_104037_Square-Photo.jpg?resize=540%2C340&ssl=1",540,340,true]},"author_info":{"display_name":"Horan Hem","author_link":"https:\/\/saknews.net\/ku\/?author=8"},"category_info":"<a href=\"https:\/\/saknews.net\/ku\/?cat=49\" rel=\"category\">N\u00fb\u00e7e<\/a>","tag_info":"N\u00fb\u00e7e","comment_count":"0","_links":{"self":[{"href":"https:\/\/saknews.net\/ku\/index.php?rest_route=\/wp\/v2\/posts\/2409","targetHints":{"allow":["GET"]}}],"collection":[{"href":"https:\/\/saknews.net\/ku\/index.php?rest_route=\/wp\/v2\/posts"}],"about":[{"href":"https:\/\/saknews.net\/ku\/index.php?rest_route=\/wp\/v2\/types\/post"}],"author":[{"embeddable":true,"href":"https:\/\/saknews.net\/ku\/index.php?rest_route=\/wp\/v2\/users\/8"}],"replies":[{"embeddable":true,"href":"https:\/\/saknews.net\/ku\/index.php?rest_route=%2Fwp%2Fv2%2Fcomments&post=2409"}],"version-history":[{"count":1,"href":"https:\/\/saknews.net\/ku\/index.php?rest_route=\/wp\/v2\/posts\/2409\/revisions"}],"predecessor-version":[{"id":2411,"href":"https:\/\/saknews.net\/ku\/index.php?rest_route=\/wp\/v2\/posts\/2409\/revisions\/2411"}],"wp:featuredmedia":[{"embeddable":true,"href":"https:\/\/saknews.net\/ku\/index.php?rest_route=\/wp\/v2\/media\/2410"}],"wp:attachment":[{"href":"https:\/\/saknews.net\/ku\/index.php?rest_route=%2Fwp%2Fv2%2Fmedia&parent=2409"}],"wp:term":[{"taxonomy":"category","embeddable":true,"href":"https:\/\/saknews.net\/ku\/index.php?rest_route=%2Fwp%2Fv2%2Fcategories&post=2409"},{"taxonomy":"post_tag","embeddable":true,"href":"https:\/\/saknews.net\/ku\/index.php?rest_route=%2Fwp%2Fv2%2Ftags&post=2409"}],"curies":[{"name":"wp","href":"https:\/\/api.w.org\/{rel}","templated":true}]}}