{"id":2422,"date":"2025-06-11T21:10:24","date_gmt":"2025-06-11T21:10:24","guid":{"rendered":"https:\/\/saknews.net\/ku\/?p=2422"},"modified":"2025-06-11T21:10:24","modified_gmt":"2025-06-11T21:10:24","slug":"sanda-bere-kurdistana-suriye-bi-cend-partiyan-re-hevditinan-pek-tine","status":"publish","type":"post","link":"https:\/\/saknews.net\/ku\/?p=2422","title":{"rendered":"\u015eanda Ber\u00ea Kurdistana S\u00fbriy\u00ea bi \u00e7end partiyan re hevd\u00eetinan p\u00eak t\u00eene"},"content":{"rendered":"<p>Ragihandin<\/p>\n<p>Di \u00e7ar\u00e7oveya gera siyas\u00ee li Kurdistana S\u00fbriy\u00ea, Serok\u00ea Bereya Kurdistana S\u00fbriy\u00ea \u00fb Serok\u00ea \u015eep\u00eala Azad\u00ee ya Kurdistan\u00ee Siyamend Haco \u00fb \u015fanda p\u00eare ku ji D\u00eedar M\u00eero \u00fb Horan Hem p\u00eak t\u00ea, serdana \u00e7end partiy\u00ean siyas\u00ee li Qami\u015flo kirin ku di \u015fanda kurd\u00ee de ya ku d\u00ea bi\u00e7e \u015eam\u00ea, endam in. \u015eanda Bereya Kurdistan\u00ea serdana her yek ji Partiya Demokrat a Kurdistan\u00ea-S\u00fbriy\u00ea kir, ku ji aliy\u00ea sekreter\u00ea w\u00ea, serok\u00ea ENKS \u00fb Hevserok\u00ea \u015fanda Kurd\u00ee Mihemed \u00cesma\u00eel \u00fb hejmarek ji serkirdey\u00ean partiy\u00ea ve hate p\u00ea\u015fwaz\u00eekirin, herwiha Partiya P\u00ea\u015fver\u00fb ya Demokrat a Kurd li S\u00fbriy\u00ea ku ji aliy\u00ea sekreter\u00ea w\u00ea ve Dr. Selah Derw\u00ea\u015f \u00fb hejmarek ji serkirdey\u00ean partiy\u00ea ve hate p\u00ea\u015fwaz\u00eekirin, herwiha Partiya Demokrat a Kurd li S\u00fbriy\u00ea (El-Part\u00ee) ku ji aliy\u00ea sekreter\u00ea w\u00ea Nesred\u00een Brah\u00eem \u00fb hejmarek serkirdey\u00ean partiy\u00ea ve hate p\u00ea\u015fwaz\u00eekirin.<\/p>\n<p>Di wan hevd\u00eetinan de, \u015fanda Bereya Kurdistana S\u00fbriy\u00ea amadeb\u00fbna xwe ji al\u00eekariya \u015fanda Kurd\u00ee da n\u00ee\u015fan \u00fb tekez kir, ku kom\u00eeteyeke \u015f\u00eawirmend b\u00ea avakirin. Herwiha \u015fande tekez kir, ku div\u00ea endam\u00ean \u015fanda Kurd\u00ee di daxuyaniy\u00ean xwe de \u00fb hevd\u00eetin\u00ean bi \u015eam\u00ea re hevner\u00een bi ji daxwaz\u00ean konfrans\u00ea hevbe\u015f ney\u00ean xwar, bi taybet\u00ee ku Kurdistana S\u00fbriy\u00ea her\u00eameke yekgirt\u00ee be di \u00e7ar\u00e7oveya s\u00eestemeke federal di S\u00fbriya p\u00ea\u015feroj\u00ea de.<br \/>\n<img data-recalc-dims=\"1\" decoding=\"async\" data-src=\"https:\/\/i0.wp.com\/saknews.net\/ku\/wp-content\/uploads\/2025\/06\/2B5A1577.jpg?resize=300%2C200&#038;ssl=1\" alt=\"\" width=\"300\" height=\"200\" class=\"alignright size-medium wp-image-2423 lazyload\" data-srcset=\"https:\/\/i0.wp.com\/saknews.net\/ku\/wp-content\/uploads\/2025\/06\/2B5A1577.jpg?resize=300%2C200&amp;ssl=1 300w, https:\/\/i0.wp.com\/saknews.net\/ku\/wp-content\/uploads\/2025\/06\/2B5A1577.jpg?resize=1024%2C683&amp;ssl=1 1024w, https:\/\/i0.wp.com\/saknews.net\/ku\/wp-content\/uploads\/2025\/06\/2B5A1577.jpg?resize=768%2C512&amp;ssl=1 768w, https:\/\/i0.wp.com\/saknews.net\/ku\/wp-content\/uploads\/2025\/06\/2B5A1577.jpg?resize=1536%2C1024&amp;ssl=1 1536w, https:\/\/i0.wp.com\/saknews.net\/ku\/wp-content\/uploads\/2025\/06\/2B5A1577.jpg?w=1620&amp;ssl=1 1620w, https:\/\/i0.wp.com\/saknews.net\/ku\/wp-content\/uploads\/2025\/06\/2B5A1577.jpg?w=1280&amp;ssl=1 1280w\" data-sizes=\"(max-width: 300px) 100vw, 300px\" src=\"data:image\/svg+xml;base64,PHN2ZyB3aWR0aD0iMSIgaGVpZ2h0PSIxIiB4bWxucz0iaHR0cDovL3d3dy53My5vcmcvMjAwMC9zdmciPjwvc3ZnPg==\" style=\"--smush-placeholder-width: 300px; --smush-placeholder-aspect-ratio: 300\/200;\" \/><\/p>\n<p><img data-recalc-dims=\"1\" decoding=\"async\" data-src=\"https:\/\/i0.wp.com\/saknews.net\/ku\/wp-content\/uploads\/2025\/06\/2B5A1600.jpg?resize=300%2C200&#038;ssl=1\" alt=\"\" width=\"300\" height=\"200\" class=\"alignright size-medium wp-image-2424 lazyload\" data-srcset=\"https:\/\/i0.wp.com\/saknews.net\/ku\/wp-content\/uploads\/2025\/06\/2B5A1600.jpg?resize=300%2C200&amp;ssl=1 300w, https:\/\/i0.wp.com\/saknews.net\/ku\/wp-content\/uploads\/2025\/06\/2B5A1600.jpg?resize=1024%2C683&amp;ssl=1 1024w, https:\/\/i0.wp.com\/saknews.net\/ku\/wp-content\/uploads\/2025\/06\/2B5A1600.jpg?resize=768%2C512&amp;ssl=1 768w, https:\/\/i0.wp.com\/saknews.net\/ku\/wp-content\/uploads\/2025\/06\/2B5A1600.jpg?resize=1536%2C1024&amp;ssl=1 1536w, https:\/\/i0.wp.com\/saknews.net\/ku\/wp-content\/uploads\/2025\/06\/2B5A1600.jpg?w=1620&amp;ssl=1 1620w, https:\/\/i0.wp.com\/saknews.net\/ku\/wp-content\/uploads\/2025\/06\/2B5A1600.jpg?w=1280&amp;ssl=1 1280w\" data-sizes=\"(max-width: 300px) 100vw, 300px\" src=\"data:image\/svg+xml;base64,PHN2ZyB3aWR0aD0iMSIgaGVpZ2h0PSIxIiB4bWxucz0iaHR0cDovL3d3dy53My5vcmcvMjAwMC9zdmciPjwvc3ZnPg==\" style=\"--smush-placeholder-width: 300px; --smush-placeholder-aspect-ratio: 300\/200;\" \/><\/p>\n<p><img data-recalc-dims=\"1\" decoding=\"async\" data-src=\"https:\/\/i0.wp.com\/saknews.net\/ku\/wp-content\/uploads\/2025\/06\/2B5A1581.jpg?resize=300%2C200&#038;ssl=1\" alt=\"\" width=\"300\" height=\"200\" class=\"alignright size-medium wp-image-2425 lazyload\" data-srcset=\"https:\/\/i0.wp.com\/saknews.net\/ku\/wp-content\/uploads\/2025\/06\/2B5A1581.jpg?resize=300%2C200&amp;ssl=1 300w, https:\/\/i0.wp.com\/saknews.net\/ku\/wp-content\/uploads\/2025\/06\/2B5A1581.jpg?resize=1024%2C683&amp;ssl=1 1024w, https:\/\/i0.wp.com\/saknews.net\/ku\/wp-content\/uploads\/2025\/06\/2B5A1581.jpg?resize=768%2C512&amp;ssl=1 768w, https:\/\/i0.wp.com\/saknews.net\/ku\/wp-content\/uploads\/2025\/06\/2B5A1581.jpg?resize=1536%2C1024&amp;ssl=1 1536w, https:\/\/i0.wp.com\/saknews.net\/ku\/wp-content\/uploads\/2025\/06\/2B5A1581.jpg?w=1620&amp;ssl=1 1620w, https:\/\/i0.wp.com\/saknews.net\/ku\/wp-content\/uploads\/2025\/06\/2B5A1581.jpg?w=1280&amp;ssl=1 1280w\" data-sizes=\"(max-width: 300px) 100vw, 300px\" src=\"data:image\/svg+xml;base64,PHN2ZyB3aWR0aD0iMSIgaGVpZ2h0PSIxIiB4bWxucz0iaHR0cDovL3d3dy53My5vcmcvMjAwMC9zdmciPjwvc3ZnPg==\" style=\"--smush-placeholder-width: 300px; --smush-placeholder-aspect-ratio: 300\/200;\" \/><br \/>\nOf\u00eesa Ragihandin\u00ea<br \/>\nBereya Kurdistana S\u00fbriy\u00ea<br \/>\n11.06.2025<\/p>\n","protected":false},"excerpt":{"rendered":"<p>Ragihandin Di \u00e7ar\u00e7oveya gera siyas\u00ee li Kurdistana S\u00fbriy\u00ea, Serok\u00ea Bereya Kurdistana S\u00fbriy\u00ea \u00fb Serok\u00ea \u015eep\u00eala&#8230;<\/p>\n","protected":false},"author":8,"featured_media":2426,"comment_status":"closed","ping_status":"closed","sticky":false,"template":"","format":"standard","meta":{"footnotes":""},"categories":[49,90],"tags":[],"class_list":["post-2422","post","type-post","status-publish","format-standard","has-post-thumbnail","hentry","category-nuce","category-ragihandin"],"yoast_head":"<!-- This site is optimized with the Yoast SEO plugin v27.5 - https:\/\/yoast.com\/product\/yoast-seo-wordpress\/ -->\n<title>\u015eanda Ber\u00ea Kurdistana S\u00fbriy\u00ea bi \u00e7end partiyan re hevd\u00eetinan p\u00eak t\u00eene &#8226; \u015eAK<\/title>\n<meta name=\"robots\" content=\"index, follow, max-snippet:-1, max-image-preview:large, max-video-preview:-1\" \/>\n<link rel=\"canonical\" href=\"https:\/\/saknews.net\/ku\/?p=2422\" \/>\n<meta property=\"og:locale\" content=\"en_US\" \/>\n<meta property=\"og:type\" content=\"article\" \/>\n<meta property=\"og:title\" content=\"\u015eanda Ber\u00ea Kurdistana S\u00fbriy\u00ea bi \u00e7end partiyan re hevd\u00eetinan p\u00eak t\u00eene &#8226; \u015eAK\" \/>\n<meta property=\"og:description\" content=\"Ragihandin Di \u00e7ar\u00e7oveya gera siyas\u00ee li Kurdistana S\u00fbriy\u00ea, Serok\u00ea Bereya Kurdistana S\u00fbriy\u00ea \u00fb Serok\u00ea \u015eep\u00eala...\" \/>\n<meta property=\"og:url\" content=\"https:\/\/saknews.net\/ku\/?p=2422\" \/>\n<meta property=\"og:site_name\" content=\"\u015eAK\" \/>\n<meta property=\"article:publisher\" content=\"https:\/\/www.facebook.com\/Shepel.ewropa\" \/>\n<meta property=\"article:published_time\" content=\"2025-06-11T21:10:24+00:00\" \/>\n<meta property=\"og:image\" content=\"https:\/\/saknews.net\/ku\/wp-content\/uploads\/2025\/06\/2B5A1583.jpg\" \/>\n\t<meta property=\"og:image:width\" content=\"1620\" \/>\n\t<meta property=\"og:image:height\" content=\"1080\" \/>\n\t<meta property=\"og:image:type\" content=\"image\/jpeg\" \/>\n<meta name=\"author\" content=\"Horan Hem\" \/>\n<meta name=\"twitter:card\" content=\"summary_large_image\" \/>\n<meta name=\"twitter:label1\" content=\"Written by\" \/>\n\t<meta name=\"twitter:data1\" content=\"Horan Hem\" \/>\n\t<meta name=\"twitter:label2\" content=\"Est. reading time\" \/>\n\t<meta name=\"twitter:data2\" content=\"1 minute\" \/>\n<script type=\"application\/ld+json\" class=\"yoast-schema-graph\">{\"@context\":\"https:\\\/\\\/schema.org\",\"@graph\":[{\"@type\":\"Article\",\"@id\":\"https:\\\/\\\/saknews.net\\\/ku\\\/?p=2422#article\",\"isPartOf\":{\"@id\":\"https:\\\/\\\/saknews.net\\\/ku\\\/?p=2422\"},\"author\":{\"name\":\"Horan Hem\",\"@id\":\"https:\\\/\\\/saknews.net\\\/ku\\\/#\\\/schema\\\/person\\\/72ae32a4041a3817e015b63d8f409058\"},\"headline\":\"\u015eanda Ber\u00ea Kurdistana S\u00fbriy\u00ea bi \u00e7end partiyan re hevd\u00eetinan p\u00eak t\u00eene\",\"datePublished\":\"2025-06-11T21:10:24+00:00\",\"mainEntityOfPage\":{\"@id\":\"https:\\\/\\\/saknews.net\\\/ku\\\/?p=2422\"},\"wordCount\":258,\"publisher\":{\"@id\":\"https:\\\/\\\/saknews.net\\\/ku\\\/#organization\"},\"image\":{\"@id\":\"https:\\\/\\\/saknews.net\\\/ku\\\/?p=2422#primaryimage\"},\"thumbnailUrl\":\"https:\\\/\\\/i0.wp.com\\\/saknews.net\\\/ku\\\/wp-content\\\/uploads\\\/2025\\\/06\\\/2B5A1583.jpg?fit=1620%2C1080&ssl=1\",\"articleSection\":[\"N\u00fb\u00e7e\",\"Ragihandin\"],\"inLanguage\":\"en-US\"},{\"@type\":\"WebPage\",\"@id\":\"https:\\\/\\\/saknews.net\\\/ku\\\/?p=2422\",\"url\":\"https:\\\/\\\/saknews.net\\\/ku\\\/?p=2422\",\"name\":\"\u015eanda Ber\u00ea Kurdistana S\u00fbriy\u00ea bi \u00e7end partiyan re hevd\u00eetinan p\u00eak t\u00eene &#8226; \u015eAK\",\"isPartOf\":{\"@id\":\"https:\\\/\\\/saknews.net\\\/ku\\\/#website\"},\"primaryImageOfPage\":{\"@id\":\"https:\\\/\\\/saknews.net\\\/ku\\\/?p=2422#primaryimage\"},\"image\":{\"@id\":\"https:\\\/\\\/saknews.net\\\/ku\\\/?p=2422#primaryimage\"},\"thumbnailUrl\":\"https:\\\/\\\/i0.wp.com\\\/saknews.net\\\/ku\\\/wp-content\\\/uploads\\\/2025\\\/06\\\/2B5A1583.jpg?fit=1620%2C1080&ssl=1\",\"datePublished\":\"2025-06-11T21:10:24+00:00\",\"breadcrumb\":{\"@id\":\"https:\\\/\\\/saknews.net\\\/ku\\\/?p=2422#breadcrumb\"},\"inLanguage\":\"en-US\",\"potentialAction\":[{\"@type\":\"ReadAction\",\"target\":[\"https:\\\/\\\/saknews.net\\\/ku\\\/?p=2422\"]}]},{\"@type\":\"ImageObject\",\"inLanguage\":\"en-US\",\"@id\":\"https:\\\/\\\/saknews.net\\\/ku\\\/?p=2422#primaryimage\",\"url\":\"https:\\\/\\\/i0.wp.com\\\/saknews.net\\\/ku\\\/wp-content\\\/uploads\\\/2025\\\/06\\\/2B5A1583.jpg?fit=1620%2C1080&ssl=1\",\"contentUrl\":\"https:\\\/\\\/i0.wp.com\\\/saknews.net\\\/ku\\\/wp-content\\\/uploads\\\/2025\\\/06\\\/2B5A1583.jpg?fit=1620%2C1080&ssl=1\",\"width\":1620,\"height\":1080},{\"@type\":\"BreadcrumbList\",\"@id\":\"https:\\\/\\\/saknews.net\\\/ku\\\/?p=2422#breadcrumb\",\"itemListElement\":[{\"@type\":\"ListItem\",\"position\":1,\"name\":\"\u0627\u0644\u0631\u0626\u064a\u0633\u064a\u0629\",\"item\":\"https:\\\/\\\/saknews.net\\\/ku\\\/\"},{\"@type\":\"ListItem\",\"position\":2,\"name\":\"Ragihandin\",\"item\":\"https:\\\/\\\/saknews.net\\\/ku\\\/?cat=90\"},{\"@type\":\"ListItem\",\"position\":3,\"name\":\"\u015eanda Ber\u00ea Kurdistana S\u00fbriy\u00ea bi \u00e7end partiyan re hevd\u00eetinan p\u00eak t\u00eene\"}]},{\"@type\":\"WebSite\",\"@id\":\"https:\\\/\\\/saknews.net\\\/ku\\\/#website\",\"url\":\"https:\\\/\\\/saknews.net\\\/ku\\\/\",\"name\":\"S\u0327epe\u0302la Azadi\u0302 ya Kurdistani\u0302\",\"description\":\"\u062a\u064a\u0627\u0631 \u0627\u0644\u062d\u0631\u064a\u0629 \u0627\u0644\u0643\u0648\u0631\u062f\u0633\u062a\u0627\u0646\u064a \u015eep\u00eala Azad\u00ee ya Kurdistan\u00ee\",\"publisher\":{\"@id\":\"https:\\\/\\\/saknews.net\\\/ku\\\/#organization\"},\"potentialAction\":[{\"@type\":\"SearchAction\",\"target\":{\"@type\":\"EntryPoint\",\"urlTemplate\":\"https:\\\/\\\/saknews.net\\\/ku\\\/?s={search_term_string}\"},\"query-input\":{\"@type\":\"PropertyValueSpecification\",\"valueRequired\":true,\"valueName\":\"search_term_string\"}}],\"inLanguage\":\"en-US\"},{\"@type\":\"Organization\",\"@id\":\"https:\\\/\\\/saknews.net\\\/ku\\\/#organization\",\"name\":\"\u015eep\u00eala Azadiy\u00ea ya Kurdistan\u00ea - \u062a\u064a\u0627\u0631 \u0627\u0644\u062d\u0631\u064a\u0629 \u0627\u0644\u0643\u0648\u0631\u062f\u0633\u062a\u0627\u0646\u064a\",\"url\":\"https:\\\/\\\/saknews.net\\\/ku\\\/\",\"logo\":{\"@type\":\"ImageObject\",\"inLanguage\":\"en-US\",\"@id\":\"https:\\\/\\\/saknews.net\\\/ku\\\/#\\\/schema\\\/logo\\\/image\\\/\",\"url\":\"https:\\\/\\\/i0.wp.com\\\/saknews.net\\\/ku\\\/wp-content\\\/uploads\\\/2024\\\/11\\\/cropped-logo-1.png?fit=512%2C512&ssl=1\",\"contentUrl\":\"https:\\\/\\\/i0.wp.com\\\/saknews.net\\\/ku\\\/wp-content\\\/uploads\\\/2024\\\/11\\\/cropped-logo-1.png?fit=512%2C512&ssl=1\",\"width\":512,\"height\":512,\"caption\":\"\u015eep\u00eala Azadiy\u00ea ya Kurdistan\u00ea - \u062a\u064a\u0627\u0631 \u0627\u0644\u062d\u0631\u064a\u0629 \u0627\u0644\u0643\u0648\u0631\u062f\u0633\u062a\u0627\u0646\u064a\"},\"image\":{\"@id\":\"https:\\\/\\\/saknews.net\\\/ku\\\/#\\\/schema\\\/logo\\\/image\\\/\"},\"sameAs\":[\"https:\\\/\\\/www.facebook.com\\\/Shepel.ewropa\"]},{\"@type\":\"Person\",\"@id\":\"https:\\\/\\\/saknews.net\\\/ku\\\/#\\\/schema\\\/person\\\/72ae32a4041a3817e015b63d8f409058\",\"name\":\"Horan Hem\",\"url\":\"https:\\\/\\\/saknews.net\\\/ku\\\/?author=8\"}]}<\/script>\n<!-- \/ Yoast SEO plugin. -->","yoast_head_json":{"title":"\u015eanda Ber\u00ea Kurdistana S\u00fbriy\u00ea bi \u00e7end partiyan re hevd\u00eetinan p\u00eak t\u00eene &#8226; \u015eAK","robots":{"index":"index","follow":"follow","max-snippet":"max-snippet:-1","max-image-preview":"max-image-preview:large","max-video-preview":"max-video-preview:-1"},"canonical":"https:\/\/saknews.net\/ku\/?p=2422","og_locale":"en_US","og_type":"article","og_title":"\u015eanda Ber\u00ea Kurdistana S\u00fbriy\u00ea bi \u00e7end partiyan re hevd\u00eetinan p\u00eak t\u00eene &#8226; \u015eAK","og_description":"Ragihandin Di \u00e7ar\u00e7oveya gera siyas\u00ee li Kurdistana S\u00fbriy\u00ea, Serok\u00ea Bereya Kurdistana S\u00fbriy\u00ea \u00fb Serok\u00ea \u015eep\u00eala...","og_url":"https:\/\/saknews.net\/ku\/?p=2422","og_site_name":"\u015eAK","article_publisher":"https:\/\/www.facebook.com\/Shepel.ewropa","article_published_time":"2025-06-11T21:10:24+00:00","og_image":[{"width":1620,"height":1080,"url":"https:\/\/saknews.net\/ku\/wp-content\/uploads\/2025\/06\/2B5A1583.jpg","type":"image\/jpeg"}],"author":"Horan Hem","twitter_card":"summary_large_image","twitter_misc":{"Written by":"Horan Hem","Est. reading time":"1 minute"},"schema":{"@context":"https:\/\/schema.org","@graph":[{"@type":"Article","@id":"https:\/\/saknews.net\/ku\/?p=2422#article","isPartOf":{"@id":"https:\/\/saknews.net\/ku\/?p=2422"},"author":{"name":"Horan Hem","@id":"https:\/\/saknews.net\/ku\/#\/schema\/person\/72ae32a4041a3817e015b63d8f409058"},"headline":"\u015eanda Ber\u00ea Kurdistana S\u00fbriy\u00ea bi \u00e7end partiyan re hevd\u00eetinan p\u00eak t\u00eene","datePublished":"2025-06-11T21:10:24+00:00","mainEntityOfPage":{"@id":"https:\/\/saknews.net\/ku\/?p=2422"},"wordCount":258,"publisher":{"@id":"https:\/\/saknews.net\/ku\/#organization"},"image":{"@id":"https:\/\/saknews.net\/ku\/?p=2422#primaryimage"},"thumbnailUrl":"https:\/\/i0.wp.com\/saknews.net\/ku\/wp-content\/uploads\/2025\/06\/2B5A1583.jpg?fit=1620%2C1080&ssl=1","articleSection":["N\u00fb\u00e7e","Ragihandin"],"inLanguage":"en-US"},{"@type":"WebPage","@id":"https:\/\/saknews.net\/ku\/?p=2422","url":"https:\/\/saknews.net\/ku\/?p=2422","name":"\u015eanda Ber\u00ea Kurdistana S\u00fbriy\u00ea bi \u00e7end partiyan re hevd\u00eetinan p\u00eak t\u00eene &#8226; \u015eAK","isPartOf":{"@id":"https:\/\/saknews.net\/ku\/#website"},"primaryImageOfPage":{"@id":"https:\/\/saknews.net\/ku\/?p=2422#primaryimage"},"image":{"@id":"https:\/\/saknews.net\/ku\/?p=2422#primaryimage"},"thumbnailUrl":"https:\/\/i0.wp.com\/saknews.net\/ku\/wp-content\/uploads\/2025\/06\/2B5A1583.jpg?fit=1620%2C1080&ssl=1","datePublished":"2025-06-11T21:10:24+00:00","breadcrumb":{"@id":"https:\/\/saknews.net\/ku\/?p=2422#breadcrumb"},"inLanguage":"en-US","potentialAction":[{"@type":"ReadAction","target":["https:\/\/saknews.net\/ku\/?p=2422"]}]},{"@type":"ImageObject","inLanguage":"en-US","@id":"https:\/\/saknews.net\/ku\/?p=2422#primaryimage","url":"https:\/\/i0.wp.com\/saknews.net\/ku\/wp-content\/uploads\/2025\/06\/2B5A1583.jpg?fit=1620%2C1080&ssl=1","contentUrl":"https:\/\/i0.wp.com\/saknews.net\/ku\/wp-content\/uploads\/2025\/06\/2B5A1583.jpg?fit=1620%2C1080&ssl=1","width":1620,"height":1080},{"@type":"BreadcrumbList","@id":"https:\/\/saknews.net\/ku\/?p=2422#breadcrumb","itemListElement":[{"@type":"ListItem","position":1,"name":"\u0627\u0644\u0631\u0626\u064a\u0633\u064a\u0629","item":"https:\/\/saknews.net\/ku\/"},{"@type":"ListItem","position":2,"name":"Ragihandin","item":"https:\/\/saknews.net\/ku\/?cat=90"},{"@type":"ListItem","position":3,"name":"\u015eanda Ber\u00ea Kurdistana S\u00fbriy\u00ea bi \u00e7end partiyan re hevd\u00eetinan p\u00eak t\u00eene"}]},{"@type":"WebSite","@id":"https:\/\/saknews.net\/ku\/#website","url":"https:\/\/saknews.net\/ku\/","name":"S\u0327epe\u0302la Azadi\u0302 ya Kurdistani\u0302","description":"\u062a\u064a\u0627\u0631 \u0627\u0644\u062d\u0631\u064a\u0629 \u0627\u0644\u0643\u0648\u0631\u062f\u0633\u062a\u0627\u0646\u064a \u015eep\u00eala Azad\u00ee ya Kurdistan\u00ee","publisher":{"@id":"https:\/\/saknews.net\/ku\/#organization"},"potentialAction":[{"@type":"SearchAction","target":{"@type":"EntryPoint","urlTemplate":"https:\/\/saknews.net\/ku\/?s={search_term_string}"},"query-input":{"@type":"PropertyValueSpecification","valueRequired":true,"valueName":"search_term_string"}}],"inLanguage":"en-US"},{"@type":"Organization","@id":"https:\/\/saknews.net\/ku\/#organization","name":"\u015eep\u00eala Azadiy\u00ea ya Kurdistan\u00ea - \u062a\u064a\u0627\u0631 \u0627\u0644\u062d\u0631\u064a\u0629 \u0627\u0644\u0643\u0648\u0631\u062f\u0633\u062a\u0627\u0646\u064a","url":"https:\/\/saknews.net\/ku\/","logo":{"@type":"ImageObject","inLanguage":"en-US","@id":"https:\/\/saknews.net\/ku\/#\/schema\/logo\/image\/","url":"https:\/\/i0.wp.com\/saknews.net\/ku\/wp-content\/uploads\/2024\/11\/cropped-logo-1.png?fit=512%2C512&ssl=1","contentUrl":"https:\/\/i0.wp.com\/saknews.net\/ku\/wp-content\/uploads\/2024\/11\/cropped-logo-1.png?fit=512%2C512&ssl=1","width":512,"height":512,"caption":"\u015eep\u00eala Azadiy\u00ea ya Kurdistan\u00ea - \u062a\u064a\u0627\u0631 \u0627\u0644\u062d\u0631\u064a\u0629 \u0627\u0644\u0643\u0648\u0631\u062f\u0633\u062a\u0627\u0646\u064a"},"image":{"@id":"https:\/\/saknews.net\/ku\/#\/schema\/logo\/image\/"},"sameAs":["https:\/\/www.facebook.com\/Shepel.ewropa"]},{"@type":"Person","@id":"https:\/\/saknews.net\/ku\/#\/schema\/person\/72ae32a4041a3817e015b63d8f409058","name":"Horan Hem","url":"https:\/\/saknews.net\/ku\/?author=8"}]}},"featured_image_urls":{"full":["https:\/\/i0.wp.com\/saknews.net\/ku\/wp-content\/uploads\/2025\/06\/2B5A1583.jpg?fit=1620%2C1080&ssl=1",1620,1080,false],"thumbnail":["https:\/\/i0.wp.com\/saknews.net\/ku\/wp-content\/uploads\/2025\/06\/2B5A1583.jpg?resize=150%2C150&ssl=1",150,150,true],"medium":["https:\/\/i0.wp.com\/saknews.net\/ku\/wp-content\/uploads\/2025\/06\/2B5A1583.jpg?fit=300%2C200&ssl=1",300,200,true],"medium_large":["https:\/\/i0.wp.com\/saknews.net\/ku\/wp-content\/uploads\/2025\/06\/2B5A1583.jpg?fit=640%2C427&ssl=1",640,427,true],"large":["https:\/\/i0.wp.com\/saknews.net\/ku\/wp-content\/uploads\/2025\/06\/2B5A1583.jpg?fit=640%2C427&ssl=1",640,427,true],"1536x1536":["https:\/\/i0.wp.com\/saknews.net\/ku\/wp-content\/uploads\/2025\/06\/2B5A1583.jpg?fit=1536%2C1024&ssl=1",1536,1024,true],"2048x2048":["https:\/\/i0.wp.com\/saknews.net\/ku\/wp-content\/uploads\/2025\/06\/2B5A1583.jpg?fit=1620%2C1080&ssl=1",1620,1080,true],"covernews-featured":["https:\/\/i0.wp.com\/saknews.net\/ku\/wp-content\/uploads\/2025\/06\/2B5A1583.jpg?fit=1024%2C683&ssl=1",1024,683,true],"covernews-medium":["https:\/\/i0.wp.com\/saknews.net\/ku\/wp-content\/uploads\/2025\/06\/2B5A1583.jpg?resize=540%2C340&ssl=1",540,340,true]},"author_info":{"display_name":"Horan Hem","author_link":"https:\/\/saknews.net\/ku\/?author=8"},"category_info":"<a href=\"https:\/\/saknews.net\/ku\/?cat=49\" rel=\"category\">N\u00fb\u00e7e<\/a> <a href=\"https:\/\/saknews.net\/ku\/?cat=90\" rel=\"category\">Ragihandin<\/a>","tag_info":"Ragihandin","comment_count":"0","_links":{"self":[{"href":"https:\/\/saknews.net\/ku\/index.php?rest_route=\/wp\/v2\/posts\/2422","targetHints":{"allow":["GET"]}}],"collection":[{"href":"https:\/\/saknews.net\/ku\/index.php?rest_route=\/wp\/v2\/posts"}],"about":[{"href":"https:\/\/saknews.net\/ku\/index.php?rest_route=\/wp\/v2\/types\/post"}],"author":[{"embeddable":true,"href":"https:\/\/saknews.net\/ku\/index.php?rest_route=\/wp\/v2\/users\/8"}],"replies":[{"embeddable":true,"href":"https:\/\/saknews.net\/ku\/index.php?rest_route=%2Fwp%2Fv2%2Fcomments&post=2422"}],"version-history":[{"count":1,"href":"https:\/\/saknews.net\/ku\/index.php?rest_route=\/wp\/v2\/posts\/2422\/revisions"}],"predecessor-version":[{"id":2427,"href":"https:\/\/saknews.net\/ku\/index.php?rest_route=\/wp\/v2\/posts\/2422\/revisions\/2427"}],"wp:featuredmedia":[{"embeddable":true,"href":"https:\/\/saknews.net\/ku\/index.php?rest_route=\/wp\/v2\/media\/2426"}],"wp:attachment":[{"href":"https:\/\/saknews.net\/ku\/index.php?rest_route=%2Fwp%2Fv2%2Fmedia&parent=2422"}],"wp:term":[{"taxonomy":"category","embeddable":true,"href":"https:\/\/saknews.net\/ku\/index.php?rest_route=%2Fwp%2Fv2%2Fcategories&post=2422"},{"taxonomy":"post_tag","embeddable":true,"href":"https:\/\/saknews.net\/ku\/index.php?rest_route=%2Fwp%2Fv2%2Ftags&post=2422"}],"curies":[{"name":"wp","href":"https:\/\/api.w.org\/{rel}","templated":true}]}}