{"id":2428,"date":"2025-06-12T22:53:37","date_gmt":"2025-06-12T22:53:37","guid":{"rendered":"https:\/\/saknews.net\/ku\/?p=2428"},"modified":"2025-06-12T22:53:37","modified_gmt":"2025-06-12T22:53:37","slug":"hevditinen-sanda-bere-kurdistana-suriye-di-roja-diwe-ya-serdane-de","status":"publish","type":"post","link":"https:\/\/saknews.net\/ku\/?p=2428","title":{"rendered":"Hevd\u00eetin\u00ean \u015fanda Ber\u00ea Kurdistana S\u00fbriy\u00ea di roja diw\u00ea ya serdan\u00ea de"},"content":{"rendered":"<p>\u015eanda Ber\u00ea Kurdistana S\u00fbriy\u00ea hevd\u00eetin\u00ean xwe y\u00ean roja diw\u00ea berdewam dike. \u015eanda bi serokatiya Siyamend Haco \u00fb endamtiya her yek ji D\u00eedar M\u00eero, Ebdilxen\u00ee Ico, Horan Hem \u00fb Rizgar Silo, li Qami\u015flo serdana \u00e7end partiy\u00ean kurd \u00fb p\u00eakhatey\u00ean ni\u015ftiman\u00ee kir.<\/p>\n<p>\u015eand\u00ea desp\u00eak\u00ea serdana PYD kir \u00fb ji aliy\u00ea hevseroka w\u00ea \u00fb endama \u015fanda Kurd\u00ee Perw\u00een Y\u00fbsif \u00fb endam\u00ean serkirdatiy\u00ea ve hate p\u00ea\u015fwaz\u00eekirin, pi\u015ftre \u015fand\u00ea serdana Partiya Yek\u00eet\u00ee ya Kurdistan\u00ee li S\u00fbriy\u00ea kir \u00fb ji aliy\u00ea sekreter\u00ea w\u00ea \u00fb endam\u00ea \u015fanda Kurd\u00ee Sil\u00eaman Oso \u00fb endam\u00ean serkirdatiy\u00ea ve hate p\u00ea\u015fwaz\u00eekirin. Herwiha pi\u015ftre \u015fanda Ber\u00ea Kurdistana S\u00fbriy\u00ea serdana Partiya P\u00ea\u015fver\u00fb ya Demokrat a Kurd li S\u00fbriy\u00ea kir \u00fb ji aliy\u00ea sekreter\u00ea w\u00ea Ehmed Berekat \u00fb endam\u00ea \u015fanda Kurd\u00ee Ehmed Sil\u00eaman \u00fb endam\u00ean serkirdatiy\u00ea ve hate p\u00ea\u015fwaz\u00eekirin, pi\u015ftre \u015fande serdana R\u00eaxistina As\u00fbr\u00ee ya Demokrat li S\u00fbriy\u00ea kir \u00fb ji aliy\u00ea berpirs\u00ea w\u00ea y\u00ea siyas\u00ee Gabriy\u00eal M\u00fb\u015f\u00ee \u00fb endam\u00ean serkirdayetiy\u00ea ve hate p\u00ea\u015fwaz\u00eekirin. Di w\u00ea civ\u00een\u00ea de behsa rew\u015fa S\u00fbriy\u00ea bi gi\u015ft\u00ee \u00fb ya Kurdistana S\u00fbriy\u00ea bi taybet\u00ee hate kirin \u00fb li ser gir\u00eengiya parastina maf\u00ean tevahiya p\u00eakhateyan \u00fb misogerkirina parastina maf\u00ean wan di dest\u00fbra n\u00fb ya S\u00fbriy\u00ea de hate tekezkirin. Li dawiy\u00ea j\u00ee \u015fanda Ber\u00ea Kurdistana S\u00fbriy\u00ea serdana Partiya \u00c7aksaz\u00ee ya Kurd li S\u00fbriy\u00ea kir, ku ji aliy\u00ea sekreter\u00ea w\u00ea Feysel Y\u00fbsif \u00fb endam\u00ean serkirdatiy\u00ea ve hate p\u00ea\u015fwaz\u00eekirin.<\/p>\n<p>Di van hevd\u00eetinan de, \u015fanda Ber\u00ea Kurdistana S\u00fbriy\u00ea pi\u015ftgiriya xwe ji \u015fanda Kurd\u00ee re da n\u00ee\u015fan \u00fb li ser yekxistina helwesta endam\u00ean w\u00ea li p\u00ea\u015f ragihand\u00ea bi taybet\u00ee bi berpirs\u00ean \u015eam\u00ea re, herwiha \u015fande tekez kir, ku div\u00ea kom\u00eetey\u00ean \u015f\u00eawirmend  ji \u015fanda Kurd\u00ee re b\u00eane avakirin \u00fb tekez kir, ku Ber\u00ea Kurdistana S\u00fbriy\u00ea \u00e7i j\u00ea b\u00ea xwestin di v\u00ea derbar\u00ea de amade ye.<br \/>\nHerwiha \u015fand\u00ea tekez kir, ku div\u00ea \u015fanda Kurd\u00ee di hevd\u00eetin\u00ean ferm\u00ee de tekez bike ku div\u00ea Kurdistana S\u00fbriy\u00ea her\u00eameke yekgirt\u00ee be di \u00e7ar\u00e7oveya s\u00eestemeke federal de.<\/p>\n<p><img data-recalc-dims=\"1\" decoding=\"async\" data-src=\"https:\/\/i0.wp.com\/saknews.net\/ku\/wp-content\/uploads\/2025\/06\/IMG-20250613-WA0003.jpg?resize=300%2C169&#038;ssl=1\" alt=\"\" width=\"300\" height=\"169\" class=\"alignright size-medium wp-image-2436 lazyload\" data-srcset=\"https:\/\/i0.wp.com\/saknews.net\/ku\/wp-content\/uploads\/2025\/06\/IMG-20250613-WA0003.jpg?resize=300%2C169&amp;ssl=1 300w, https:\/\/i0.wp.com\/saknews.net\/ku\/wp-content\/uploads\/2025\/06\/IMG-20250613-WA0003.jpg?resize=1024%2C576&amp;ssl=1 1024w, https:\/\/i0.wp.com\/saknews.net\/ku\/wp-content\/uploads\/2025\/06\/IMG-20250613-WA0003.jpg?resize=768%2C432&amp;ssl=1 768w, https:\/\/i0.wp.com\/saknews.net\/ku\/wp-content\/uploads\/2025\/06\/IMG-20250613-WA0003.jpg?resize=1536%2C865&amp;ssl=1 1536w, https:\/\/i0.wp.com\/saknews.net\/ku\/wp-content\/uploads\/2025\/06\/IMG-20250613-WA0003.jpg?resize=2048%2C1153&amp;ssl=1 2048w, https:\/\/i0.wp.com\/saknews.net\/ku\/wp-content\/uploads\/2025\/06\/IMG-20250613-WA0003.jpg?w=1280&amp;ssl=1 1280w, https:\/\/i0.wp.com\/saknews.net\/ku\/wp-content\/uploads\/2025\/06\/IMG-20250613-WA0003.jpg?w=1920&amp;ssl=1 1920w\" data-sizes=\"(max-width: 300px) 100vw, 300px\" src=\"data:image\/svg+xml;base64,PHN2ZyB3aWR0aD0iMSIgaGVpZ2h0PSIxIiB4bWxucz0iaHR0cDovL3d3dy53My5vcmcvMjAwMC9zdmciPjwvc3ZnPg==\" style=\"--smush-placeholder-width: 300px; --smush-placeholder-aspect-ratio: 300\/169;\" \/><br \/>\nOf\u00eesa Ragihandin\u00ea<br \/>\nBer\u00ea Kurdistana S\u00fbriy\u00ea<br \/>\n13.06.2025<\/p>\n","protected":false},"excerpt":{"rendered":"<p>\u015eanda Ber\u00ea Kurdistana S\u00fbriy\u00ea hevd\u00eetin\u00ean xwe y\u00ean roja diw\u00ea berdewam dike. \u015eanda bi serokatiya Siyamend&#8230;<\/p>\n","protected":false},"author":8,"featured_media":2429,"comment_status":"closed","ping_status":"closed","sticky":false,"template":"","format":"standard","meta":{"footnotes":""},"categories":[49,90],"tags":[],"class_list":["post-2428","post","type-post","status-publish","format-standard","has-post-thumbnail","hentry","category-nuce","category-ragihandin"],"yoast_head":"<!-- This site is optimized with the Yoast SEO plugin v27.5 - https:\/\/yoast.com\/product\/yoast-seo-wordpress\/ -->\n<title>Hevd\u00eetin\u00ean \u015fanda Ber\u00ea Kurdistana S\u00fbriy\u00ea di roja diw\u00ea ya serdan\u00ea de &#8226; \u015eAK<\/title>\n<meta name=\"robots\" content=\"index, follow, max-snippet:-1, max-image-preview:large, max-video-preview:-1\" \/>\n<link rel=\"canonical\" href=\"https:\/\/saknews.net\/ku\/?p=2428\" \/>\n<meta property=\"og:locale\" content=\"en_US\" \/>\n<meta property=\"og:type\" content=\"article\" \/>\n<meta property=\"og:title\" content=\"Hevd\u00eetin\u00ean \u015fanda Ber\u00ea Kurdistana S\u00fbriy\u00ea di roja diw\u00ea ya serdan\u00ea de &#8226; \u015eAK\" \/>\n<meta property=\"og:description\" content=\"\u015eanda Ber\u00ea Kurdistana S\u00fbriy\u00ea hevd\u00eetin\u00ean xwe y\u00ean roja diw\u00ea berdewam dike. \u015eanda bi serokatiya Siyamend...\" \/>\n<meta property=\"og:url\" content=\"https:\/\/saknews.net\/ku\/?p=2428\" \/>\n<meta property=\"og:site_name\" content=\"\u015eAK\" \/>\n<meta property=\"article:publisher\" content=\"https:\/\/www.facebook.com\/Shepel.ewropa\" \/>\n<meta property=\"article:published_time\" content=\"2025-06-12T22:53:37+00:00\" \/>\n<meta property=\"og:image\" content=\"https:\/\/saknews.net\/ku\/wp-content\/uploads\/2025\/06\/IMG-20250613-WA0011.jpg\" \/>\n\t<meta property=\"og:image:width\" content=\"2560\" \/>\n\t<meta property=\"og:image:height\" content=\"1441\" \/>\n\t<meta property=\"og:image:type\" content=\"image\/jpeg\" \/>\n<meta name=\"author\" content=\"Horan Hem\" \/>\n<meta name=\"twitter:card\" content=\"summary_large_image\" \/>\n<meta name=\"twitter:label1\" content=\"Written by\" \/>\n\t<meta name=\"twitter:data1\" content=\"Horan Hem\" \/>\n\t<meta name=\"twitter:label2\" content=\"Est. reading time\" \/>\n\t<meta name=\"twitter:data2\" content=\"1 minute\" \/>\n<script type=\"application\/ld+json\" class=\"yoast-schema-graph\">{\"@context\":\"https:\\\/\\\/schema.org\",\"@graph\":[{\"@type\":\"Article\",\"@id\":\"https:\\\/\\\/saknews.net\\\/ku\\\/?p=2428#article\",\"isPartOf\":{\"@id\":\"https:\\\/\\\/saknews.net\\\/ku\\\/?p=2428\"},\"author\":{\"name\":\"Horan Hem\",\"@id\":\"https:\\\/\\\/saknews.net\\\/ku\\\/#\\\/schema\\\/person\\\/72ae32a4041a3817e015b63d8f409058\"},\"headline\":\"Hevd\u00eetin\u00ean \u015fanda Ber\u00ea Kurdistana S\u00fbriy\u00ea di roja diw\u00ea ya serdan\u00ea de\",\"datePublished\":\"2025-06-12T22:53:37+00:00\",\"mainEntityOfPage\":{\"@id\":\"https:\\\/\\\/saknews.net\\\/ku\\\/?p=2428\"},\"wordCount\":378,\"publisher\":{\"@id\":\"https:\\\/\\\/saknews.net\\\/ku\\\/#organization\"},\"image\":{\"@id\":\"https:\\\/\\\/saknews.net\\\/ku\\\/?p=2428#primaryimage\"},\"thumbnailUrl\":\"https:\\\/\\\/i0.wp.com\\\/saknews.net\\\/ku\\\/wp-content\\\/uploads\\\/2025\\\/06\\\/IMG-20250613-WA0011.jpg?fit=2560%2C1441&ssl=1\",\"articleSection\":[\"N\u00fb\u00e7e\",\"Ragihandin\"],\"inLanguage\":\"en-US\"},{\"@type\":\"WebPage\",\"@id\":\"https:\\\/\\\/saknews.net\\\/ku\\\/?p=2428\",\"url\":\"https:\\\/\\\/saknews.net\\\/ku\\\/?p=2428\",\"name\":\"Hevd\u00eetin\u00ean \u015fanda Ber\u00ea Kurdistana S\u00fbriy\u00ea di roja diw\u00ea ya serdan\u00ea de &#8226; \u015eAK\",\"isPartOf\":{\"@id\":\"https:\\\/\\\/saknews.net\\\/ku\\\/#website\"},\"primaryImageOfPage\":{\"@id\":\"https:\\\/\\\/saknews.net\\\/ku\\\/?p=2428#primaryimage\"},\"image\":{\"@id\":\"https:\\\/\\\/saknews.net\\\/ku\\\/?p=2428#primaryimage\"},\"thumbnailUrl\":\"https:\\\/\\\/i0.wp.com\\\/saknews.net\\\/ku\\\/wp-content\\\/uploads\\\/2025\\\/06\\\/IMG-20250613-WA0011.jpg?fit=2560%2C1441&ssl=1\",\"datePublished\":\"2025-06-12T22:53:37+00:00\",\"breadcrumb\":{\"@id\":\"https:\\\/\\\/saknews.net\\\/ku\\\/?p=2428#breadcrumb\"},\"inLanguage\":\"en-US\",\"potentialAction\":[{\"@type\":\"ReadAction\",\"target\":[\"https:\\\/\\\/saknews.net\\\/ku\\\/?p=2428\"]}]},{\"@type\":\"ImageObject\",\"inLanguage\":\"en-US\",\"@id\":\"https:\\\/\\\/saknews.net\\\/ku\\\/?p=2428#primaryimage\",\"url\":\"https:\\\/\\\/i0.wp.com\\\/saknews.net\\\/ku\\\/wp-content\\\/uploads\\\/2025\\\/06\\\/IMG-20250613-WA0011.jpg?fit=2560%2C1441&ssl=1\",\"contentUrl\":\"https:\\\/\\\/i0.wp.com\\\/saknews.net\\\/ku\\\/wp-content\\\/uploads\\\/2025\\\/06\\\/IMG-20250613-WA0011.jpg?fit=2560%2C1441&ssl=1\",\"width\":2560,\"height\":1441},{\"@type\":\"BreadcrumbList\",\"@id\":\"https:\\\/\\\/saknews.net\\\/ku\\\/?p=2428#breadcrumb\",\"itemListElement\":[{\"@type\":\"ListItem\",\"position\":1,\"name\":\"\u0627\u0644\u0631\u0626\u064a\u0633\u064a\u0629\",\"item\":\"https:\\\/\\\/saknews.net\\\/ku\\\/\"},{\"@type\":\"ListItem\",\"position\":2,\"name\":\"N\u00fb\u00e7e\",\"item\":\"https:\\\/\\\/saknews.net\\\/ku\\\/?cat=49\"},{\"@type\":\"ListItem\",\"position\":3,\"name\":\"Hevd\u00eetin\u00ean \u015fanda Ber\u00ea Kurdistana S\u00fbriy\u00ea di roja diw\u00ea ya serdan\u00ea de\"}]},{\"@type\":\"WebSite\",\"@id\":\"https:\\\/\\\/saknews.net\\\/ku\\\/#website\",\"url\":\"https:\\\/\\\/saknews.net\\\/ku\\\/\",\"name\":\"S\u0327epe\u0302la Azadi\u0302 ya Kurdistani\u0302\",\"description\":\"\u062a\u064a\u0627\u0631 \u0627\u0644\u062d\u0631\u064a\u0629 \u0627\u0644\u0643\u0648\u0631\u062f\u0633\u062a\u0627\u0646\u064a \u015eep\u00eala Azad\u00ee ya Kurdistan\u00ee\",\"publisher\":{\"@id\":\"https:\\\/\\\/saknews.net\\\/ku\\\/#organization\"},\"potentialAction\":[{\"@type\":\"SearchAction\",\"target\":{\"@type\":\"EntryPoint\",\"urlTemplate\":\"https:\\\/\\\/saknews.net\\\/ku\\\/?s={search_term_string}\"},\"query-input\":{\"@type\":\"PropertyValueSpecification\",\"valueRequired\":true,\"valueName\":\"search_term_string\"}}],\"inLanguage\":\"en-US\"},{\"@type\":\"Organization\",\"@id\":\"https:\\\/\\\/saknews.net\\\/ku\\\/#organization\",\"name\":\"\u015eep\u00eala Azadiy\u00ea ya Kurdistan\u00ea - \u062a\u064a\u0627\u0631 \u0627\u0644\u062d\u0631\u064a\u0629 \u0627\u0644\u0643\u0648\u0631\u062f\u0633\u062a\u0627\u0646\u064a\",\"url\":\"https:\\\/\\\/saknews.net\\\/ku\\\/\",\"logo\":{\"@type\":\"ImageObject\",\"inLanguage\":\"en-US\",\"@id\":\"https:\\\/\\\/saknews.net\\\/ku\\\/#\\\/schema\\\/logo\\\/image\\\/\",\"url\":\"https:\\\/\\\/i0.wp.com\\\/saknews.net\\\/ku\\\/wp-content\\\/uploads\\\/2024\\\/11\\\/cropped-logo-1.png?fit=512%2C512&ssl=1\",\"contentUrl\":\"https:\\\/\\\/i0.wp.com\\\/saknews.net\\\/ku\\\/wp-content\\\/uploads\\\/2024\\\/11\\\/cropped-logo-1.png?fit=512%2C512&ssl=1\",\"width\":512,\"height\":512,\"caption\":\"\u015eep\u00eala Azadiy\u00ea ya Kurdistan\u00ea - \u062a\u064a\u0627\u0631 \u0627\u0644\u062d\u0631\u064a\u0629 \u0627\u0644\u0643\u0648\u0631\u062f\u0633\u062a\u0627\u0646\u064a\"},\"image\":{\"@id\":\"https:\\\/\\\/saknews.net\\\/ku\\\/#\\\/schema\\\/logo\\\/image\\\/\"},\"sameAs\":[\"https:\\\/\\\/www.facebook.com\\\/Shepel.ewropa\"]},{\"@type\":\"Person\",\"@id\":\"https:\\\/\\\/saknews.net\\\/ku\\\/#\\\/schema\\\/person\\\/72ae32a4041a3817e015b63d8f409058\",\"name\":\"Horan Hem\",\"url\":\"https:\\\/\\\/saknews.net\\\/ku\\\/?author=8\"}]}<\/script>\n<!-- \/ Yoast SEO plugin. -->","yoast_head_json":{"title":"Hevd\u00eetin\u00ean \u015fanda Ber\u00ea Kurdistana S\u00fbriy\u00ea di roja diw\u00ea ya serdan\u00ea de &#8226; \u015eAK","robots":{"index":"index","follow":"follow","max-snippet":"max-snippet:-1","max-image-preview":"max-image-preview:large","max-video-preview":"max-video-preview:-1"},"canonical":"https:\/\/saknews.net\/ku\/?p=2428","og_locale":"en_US","og_type":"article","og_title":"Hevd\u00eetin\u00ean \u015fanda Ber\u00ea Kurdistana S\u00fbriy\u00ea di roja diw\u00ea ya serdan\u00ea de &#8226; \u015eAK","og_description":"\u015eanda Ber\u00ea Kurdistana S\u00fbriy\u00ea hevd\u00eetin\u00ean xwe y\u00ean roja diw\u00ea berdewam dike. \u015eanda bi serokatiya Siyamend...","og_url":"https:\/\/saknews.net\/ku\/?p=2428","og_site_name":"\u015eAK","article_publisher":"https:\/\/www.facebook.com\/Shepel.ewropa","article_published_time":"2025-06-12T22:53:37+00:00","og_image":[{"width":2560,"height":1441,"url":"https:\/\/saknews.net\/ku\/wp-content\/uploads\/2025\/06\/IMG-20250613-WA0011.jpg","type":"image\/jpeg"}],"author":"Horan Hem","twitter_card":"summary_large_image","twitter_misc":{"Written by":"Horan Hem","Est. reading time":"1 minute"},"schema":{"@context":"https:\/\/schema.org","@graph":[{"@type":"Article","@id":"https:\/\/saknews.net\/ku\/?p=2428#article","isPartOf":{"@id":"https:\/\/saknews.net\/ku\/?p=2428"},"author":{"name":"Horan Hem","@id":"https:\/\/saknews.net\/ku\/#\/schema\/person\/72ae32a4041a3817e015b63d8f409058"},"headline":"Hevd\u00eetin\u00ean \u015fanda Ber\u00ea Kurdistana S\u00fbriy\u00ea di roja diw\u00ea ya serdan\u00ea de","datePublished":"2025-06-12T22:53:37+00:00","mainEntityOfPage":{"@id":"https:\/\/saknews.net\/ku\/?p=2428"},"wordCount":378,"publisher":{"@id":"https:\/\/saknews.net\/ku\/#organization"},"image":{"@id":"https:\/\/saknews.net\/ku\/?p=2428#primaryimage"},"thumbnailUrl":"https:\/\/i0.wp.com\/saknews.net\/ku\/wp-content\/uploads\/2025\/06\/IMG-20250613-WA0011.jpg?fit=2560%2C1441&ssl=1","articleSection":["N\u00fb\u00e7e","Ragihandin"],"inLanguage":"en-US"},{"@type":"WebPage","@id":"https:\/\/saknews.net\/ku\/?p=2428","url":"https:\/\/saknews.net\/ku\/?p=2428","name":"Hevd\u00eetin\u00ean \u015fanda Ber\u00ea Kurdistana S\u00fbriy\u00ea di roja diw\u00ea ya serdan\u00ea de &#8226; \u015eAK","isPartOf":{"@id":"https:\/\/saknews.net\/ku\/#website"},"primaryImageOfPage":{"@id":"https:\/\/saknews.net\/ku\/?p=2428#primaryimage"},"image":{"@id":"https:\/\/saknews.net\/ku\/?p=2428#primaryimage"},"thumbnailUrl":"https:\/\/i0.wp.com\/saknews.net\/ku\/wp-content\/uploads\/2025\/06\/IMG-20250613-WA0011.jpg?fit=2560%2C1441&ssl=1","datePublished":"2025-06-12T22:53:37+00:00","breadcrumb":{"@id":"https:\/\/saknews.net\/ku\/?p=2428#breadcrumb"},"inLanguage":"en-US","potentialAction":[{"@type":"ReadAction","target":["https:\/\/saknews.net\/ku\/?p=2428"]}]},{"@type":"ImageObject","inLanguage":"en-US","@id":"https:\/\/saknews.net\/ku\/?p=2428#primaryimage","url":"https:\/\/i0.wp.com\/saknews.net\/ku\/wp-content\/uploads\/2025\/06\/IMG-20250613-WA0011.jpg?fit=2560%2C1441&ssl=1","contentUrl":"https:\/\/i0.wp.com\/saknews.net\/ku\/wp-content\/uploads\/2025\/06\/IMG-20250613-WA0011.jpg?fit=2560%2C1441&ssl=1","width":2560,"height":1441},{"@type":"BreadcrumbList","@id":"https:\/\/saknews.net\/ku\/?p=2428#breadcrumb","itemListElement":[{"@type":"ListItem","position":1,"name":"\u0627\u0644\u0631\u0626\u064a\u0633\u064a\u0629","item":"https:\/\/saknews.net\/ku\/"},{"@type":"ListItem","position":2,"name":"N\u00fb\u00e7e","item":"https:\/\/saknews.net\/ku\/?cat=49"},{"@type":"ListItem","position":3,"name":"Hevd\u00eetin\u00ean \u015fanda Ber\u00ea Kurdistana S\u00fbriy\u00ea di roja diw\u00ea ya serdan\u00ea de"}]},{"@type":"WebSite","@id":"https:\/\/saknews.net\/ku\/#website","url":"https:\/\/saknews.net\/ku\/","name":"S\u0327epe\u0302la Azadi\u0302 ya Kurdistani\u0302","description":"\u062a\u064a\u0627\u0631 \u0627\u0644\u062d\u0631\u064a\u0629 \u0627\u0644\u0643\u0648\u0631\u062f\u0633\u062a\u0627\u0646\u064a \u015eep\u00eala Azad\u00ee ya Kurdistan\u00ee","publisher":{"@id":"https:\/\/saknews.net\/ku\/#organization"},"potentialAction":[{"@type":"SearchAction","target":{"@type":"EntryPoint","urlTemplate":"https:\/\/saknews.net\/ku\/?s={search_term_string}"},"query-input":{"@type":"PropertyValueSpecification","valueRequired":true,"valueName":"search_term_string"}}],"inLanguage":"en-US"},{"@type":"Organization","@id":"https:\/\/saknews.net\/ku\/#organization","name":"\u015eep\u00eala Azadiy\u00ea ya Kurdistan\u00ea - \u062a\u064a\u0627\u0631 \u0627\u0644\u062d\u0631\u064a\u0629 \u0627\u0644\u0643\u0648\u0631\u062f\u0633\u062a\u0627\u0646\u064a","url":"https:\/\/saknews.net\/ku\/","logo":{"@type":"ImageObject","inLanguage":"en-US","@id":"https:\/\/saknews.net\/ku\/#\/schema\/logo\/image\/","url":"https:\/\/i0.wp.com\/saknews.net\/ku\/wp-content\/uploads\/2024\/11\/cropped-logo-1.png?fit=512%2C512&ssl=1","contentUrl":"https:\/\/i0.wp.com\/saknews.net\/ku\/wp-content\/uploads\/2024\/11\/cropped-logo-1.png?fit=512%2C512&ssl=1","width":512,"height":512,"caption":"\u015eep\u00eala Azadiy\u00ea ya Kurdistan\u00ea - \u062a\u064a\u0627\u0631 \u0627\u0644\u062d\u0631\u064a\u0629 \u0627\u0644\u0643\u0648\u0631\u062f\u0633\u062a\u0627\u0646\u064a"},"image":{"@id":"https:\/\/saknews.net\/ku\/#\/schema\/logo\/image\/"},"sameAs":["https:\/\/www.facebook.com\/Shepel.ewropa"]},{"@type":"Person","@id":"https:\/\/saknews.net\/ku\/#\/schema\/person\/72ae32a4041a3817e015b63d8f409058","name":"Horan Hem","url":"https:\/\/saknews.net\/ku\/?author=8"}]}},"featured_image_urls":{"full":["https:\/\/i0.wp.com\/saknews.net\/ku\/wp-content\/uploads\/2025\/06\/IMG-20250613-WA0011.jpg?fit=2560%2C1441&ssl=1",2560,1441,false],"thumbnail":["https:\/\/i0.wp.com\/saknews.net\/ku\/wp-content\/uploads\/2025\/06\/IMG-20250613-WA0011.jpg?resize=150%2C150&ssl=1",150,150,true],"medium":["https:\/\/i0.wp.com\/saknews.net\/ku\/wp-content\/uploads\/2025\/06\/IMG-20250613-WA0011.jpg?fit=300%2C169&ssl=1",300,169,true],"medium_large":["https:\/\/i0.wp.com\/saknews.net\/ku\/wp-content\/uploads\/2025\/06\/IMG-20250613-WA0011.jpg?fit=640%2C360&ssl=1",640,360,true],"large":["https:\/\/i0.wp.com\/saknews.net\/ku\/wp-content\/uploads\/2025\/06\/IMG-20250613-WA0011.jpg?fit=640%2C360&ssl=1",640,360,true],"1536x1536":["https:\/\/i0.wp.com\/saknews.net\/ku\/wp-content\/uploads\/2025\/06\/IMG-20250613-WA0011.jpg?fit=1536%2C865&ssl=1",1536,865,true],"2048x2048":["https:\/\/i0.wp.com\/saknews.net\/ku\/wp-content\/uploads\/2025\/06\/IMG-20250613-WA0011.jpg?fit=2048%2C1153&ssl=1",2048,1153,true],"covernews-featured":["https:\/\/i0.wp.com\/saknews.net\/ku\/wp-content\/uploads\/2025\/06\/IMG-20250613-WA0011.jpg?fit=1024%2C576&ssl=1",1024,576,true],"covernews-medium":["https:\/\/i0.wp.com\/saknews.net\/ku\/wp-content\/uploads\/2025\/06\/IMG-20250613-WA0011.jpg?resize=540%2C340&ssl=1",540,340,true]},"author_info":{"display_name":"Horan Hem","author_link":"https:\/\/saknews.net\/ku\/?author=8"},"category_info":"<a href=\"https:\/\/saknews.net\/ku\/?cat=49\" rel=\"category\">N\u00fb\u00e7e<\/a> <a href=\"https:\/\/saknews.net\/ku\/?cat=90\" rel=\"category\">Ragihandin<\/a>","tag_info":"Ragihandin","comment_count":"0","_links":{"self":[{"href":"https:\/\/saknews.net\/ku\/index.php?rest_route=\/wp\/v2\/posts\/2428","targetHints":{"allow":["GET"]}}],"collection":[{"href":"https:\/\/saknews.net\/ku\/index.php?rest_route=\/wp\/v2\/posts"}],"about":[{"href":"https:\/\/saknews.net\/ku\/index.php?rest_route=\/wp\/v2\/types\/post"}],"author":[{"embeddable":true,"href":"https:\/\/saknews.net\/ku\/index.php?rest_route=\/wp\/v2\/users\/8"}],"replies":[{"embeddable":true,"href":"https:\/\/saknews.net\/ku\/index.php?rest_route=%2Fwp%2Fv2%2Fcomments&post=2428"}],"version-history":[{"count":1,"href":"https:\/\/saknews.net\/ku\/index.php?rest_route=\/wp\/v2\/posts\/2428\/revisions"}],"predecessor-version":[{"id":2437,"href":"https:\/\/saknews.net\/ku\/index.php?rest_route=\/wp\/v2\/posts\/2428\/revisions\/2437"}],"wp:featuredmedia":[{"embeddable":true,"href":"https:\/\/saknews.net\/ku\/index.php?rest_route=\/wp\/v2\/media\/2429"}],"wp:attachment":[{"href":"https:\/\/saknews.net\/ku\/index.php?rest_route=%2Fwp%2Fv2%2Fmedia&parent=2428"}],"wp:term":[{"taxonomy":"category","embeddable":true,"href":"https:\/\/saknews.net\/ku\/index.php?rest_route=%2Fwp%2Fv2%2Fcategories&post=2428"},{"taxonomy":"post_tag","embeddable":true,"href":"https:\/\/saknews.net\/ku\/index.php?rest_route=%2Fwp%2Fv2%2Ftags&post=2428"}],"curies":[{"name":"wp","href":"https:\/\/api.w.org\/{rel}","templated":true}]}}