{"id":2442,"date":"2025-06-14T19:56:08","date_gmt":"2025-06-14T19:56:08","guid":{"rendered":"https:\/\/saknews.net\/ku\/?p=2442"},"modified":"2025-06-14T19:56:08","modified_gmt":"2025-06-14T19:56:08","slug":"siyamend-haco-li-amude-seminareke-peskes-dike","status":"publish","type":"post","link":"https:\/\/saknews.net\/ku\/?p=2442","title":{"rendered":"Siyamend Haco li Am\u00fbd\u00ea sem\u00eenarek\u00ea p\u00ea\u015fk\u00ea\u015f dike"},"content":{"rendered":"<p>Di \u00e7ar\u00e7oveya serdan\u00ean meydan\u00ee \u00fb hevd\u00eetin\u00ean siyas\u00ee de, Serok\u00ea Ber\u00ea Kurdistana S\u00fbriy\u00ea \u00fb Serok\u00ea \u015eep\u00eala Azad\u00ee ya Kurdistan\u00ee, Siyamend Haco, li ARTA Caf\u00e9 a li Bajar\u00ea Am\u00fbd\u00ea sem\u00eenarek p\u00ea\u015fk\u00ea\u015f kir.<br \/>\nHaco ku li gel \u015fanda berey\u00ea ku ji D\u00eedar M\u00eero \u00fb Horan Hem p\u00eak t\u00ea, li Kurdistana S\u00fbriy\u00ea ye, di sem\u00eenar\u00ea de behsa konfrans\u00ea hevbe\u015f \u00fb \u015fanda Kurd\u00ee ku beriya \u00e7end rojan hatib\u00fb p\u00eakan\u00een, kir ku di roj\u00ean p\u00ea\u015f de ew \u015fanda Kurd\u00ee bi\u00e7e \u015eam\u00ea. Haco t\u00eade behsa n\u00ear\u00een \u00fb helwest\u00ean Bereya Kurdistana S\u00fbriy\u00ea di w\u00ea mijar\u00ea de kir.<\/p>\n<p>Herwiha Siyamend Haco behsa zinc\u00eereya hevd\u00eetin\u00ean xwe bi partiy\u00ean kurd \u00fb endam\u00ean \u015fanda Kurd\u00ee re kir \u00fb tekez kir, ku \u015fanda Kurd\u00ee bi biryar\u00ean konfrans\u00ea hevbe\u015f pabend be.<\/p>\n<p>Li aliyek\u00ee din j\u00ee, Serok\u00ea Bereya Kurdistana S\u00fbriy\u00ea, Siyamend Haco, behsa helwest\u00ean welat\u00ean ewrop\u00ee pi\u015ft\u00ee ketina rej\u00eem\u00ea di derbar\u00ea S\u00fbriy\u00ea \u00fb doza kurd de kir, ku pi\u015ftgir ji doza kurd re \u00fb danp\u00eadana bi maf\u00ean tevahiya p\u00eakhateyan.<\/p>\n<p>Herwiha dj sem\u00eenar\u00ea de be\u015fdaran pirs\u00ean xwe arastey\u00ee Siyamend Haco kir, di hejmarek ji kes\u00ean mij\u00fbl\u00ee kar\u00ea siyas\u00ee, \u00e7and\u00ee \u00fb s\u00eev\u00eel be\u015fdar bib\u00fbn.<\/p>\n<p><img data-recalc-dims=\"1\" decoding=\"async\" data-src=\"https:\/\/i0.wp.com\/saknews.net\/ku\/wp-content\/uploads\/2025\/06\/FB_IMG_1749927579778.jpg?resize=300%2C169&#038;ssl=1\" alt=\"\" width=\"300\" height=\"169\" class=\"alignright size-medium wp-image-2443 lazyload\" data-srcset=\"https:\/\/i0.wp.com\/saknews.net\/ku\/wp-content\/uploads\/2025\/06\/FB_IMG_1749927579778.jpg?resize=300%2C169&amp;ssl=1 300w, https:\/\/i0.wp.com\/saknews.net\/ku\/wp-content\/uploads\/2025\/06\/FB_IMG_1749927579778.jpg?resize=1024%2C576&amp;ssl=1 1024w, https:\/\/i0.wp.com\/saknews.net\/ku\/wp-content\/uploads\/2025\/06\/FB_IMG_1749927579778.jpg?resize=768%2C432&amp;ssl=1 768w, https:\/\/i0.wp.com\/saknews.net\/ku\/wp-content\/uploads\/2025\/06\/FB_IMG_1749927579778.jpg?resize=1536%2C864&amp;ssl=1 1536w, https:\/\/i0.wp.com\/saknews.net\/ku\/wp-content\/uploads\/2025\/06\/FB_IMG_1749927579778.jpg?w=1920&amp;ssl=1 1920w, https:\/\/i0.wp.com\/saknews.net\/ku\/wp-content\/uploads\/2025\/06\/FB_IMG_1749927579778.jpg?w=1280&amp;ssl=1 1280w\" data-sizes=\"(max-width: 300px) 100vw, 300px\" src=\"data:image\/svg+xml;base64,PHN2ZyB3aWR0aD0iMSIgaGVpZ2h0PSIxIiB4bWxucz0iaHR0cDovL3d3dy53My5vcmcvMjAwMC9zdmciPjwvc3ZnPg==\" style=\"--smush-placeholder-width: 300px; --smush-placeholder-aspect-ratio: 300\/169;\" \/><\/p>\n<p><img data-recalc-dims=\"1\" decoding=\"async\" data-src=\"https:\/\/i0.wp.com\/saknews.net\/ku\/wp-content\/uploads\/2025\/06\/FB_IMG_1749927584773.jpg?resize=300%2C169&#038;ssl=1\" alt=\"\" width=\"300\" height=\"169\" class=\"alignright size-medium wp-image-2444 lazyload\" data-srcset=\"https:\/\/i0.wp.com\/saknews.net\/ku\/wp-content\/uploads\/2025\/06\/FB_IMG_1749927584773.jpg?resize=300%2C169&amp;ssl=1 300w, https:\/\/i0.wp.com\/saknews.net\/ku\/wp-content\/uploads\/2025\/06\/FB_IMG_1749927584773.jpg?resize=1024%2C576&amp;ssl=1 1024w, https:\/\/i0.wp.com\/saknews.net\/ku\/wp-content\/uploads\/2025\/06\/FB_IMG_1749927584773.jpg?resize=768%2C432&amp;ssl=1 768w, https:\/\/i0.wp.com\/saknews.net\/ku\/wp-content\/uploads\/2025\/06\/FB_IMG_1749927584773.jpg?resize=1536%2C864&amp;ssl=1 1536w, https:\/\/i0.wp.com\/saknews.net\/ku\/wp-content\/uploads\/2025\/06\/FB_IMG_1749927584773.jpg?w=1920&amp;ssl=1 1920w, https:\/\/i0.wp.com\/saknews.net\/ku\/wp-content\/uploads\/2025\/06\/FB_IMG_1749927584773.jpg?w=1280&amp;ssl=1 1280w\" data-sizes=\"(max-width: 300px) 100vw, 300px\" src=\"data:image\/svg+xml;base64,PHN2ZyB3aWR0aD0iMSIgaGVpZ2h0PSIxIiB4bWxucz0iaHR0cDovL3d3dy53My5vcmcvMjAwMC9zdmciPjwvc3ZnPg==\" style=\"--smush-placeholder-width: 300px; --smush-placeholder-aspect-ratio: 300\/169;\" \/><\/p>\n<p><img data-recalc-dims=\"1\" decoding=\"async\" data-src=\"https:\/\/i0.wp.com\/saknews.net\/ku\/wp-content\/uploads\/2025\/06\/FB_IMG_1749927587656.jpg?resize=300%2C169&#038;ssl=1\" alt=\"\" width=\"300\" height=\"169\" class=\"alignright size-medium wp-image-2445 lazyload\" data-srcset=\"https:\/\/i0.wp.com\/saknews.net\/ku\/wp-content\/uploads\/2025\/06\/FB_IMG_1749927587656.jpg?resize=300%2C169&amp;ssl=1 300w, https:\/\/i0.wp.com\/saknews.net\/ku\/wp-content\/uploads\/2025\/06\/FB_IMG_1749927587656.jpg?resize=1024%2C576&amp;ssl=1 1024w, https:\/\/i0.wp.com\/saknews.net\/ku\/wp-content\/uploads\/2025\/06\/FB_IMG_1749927587656.jpg?resize=768%2C432&amp;ssl=1 768w, https:\/\/i0.wp.com\/saknews.net\/ku\/wp-content\/uploads\/2025\/06\/FB_IMG_1749927587656.jpg?resize=1536%2C864&amp;ssl=1 1536w, https:\/\/i0.wp.com\/saknews.net\/ku\/wp-content\/uploads\/2025\/06\/FB_IMG_1749927587656.jpg?w=1920&amp;ssl=1 1920w, https:\/\/i0.wp.com\/saknews.net\/ku\/wp-content\/uploads\/2025\/06\/FB_IMG_1749927587656.jpg?w=1280&amp;ssl=1 1280w\" data-sizes=\"(max-width: 300px) 100vw, 300px\" src=\"data:image\/svg+xml;base64,PHN2ZyB3aWR0aD0iMSIgaGVpZ2h0PSIxIiB4bWxucz0iaHR0cDovL3d3dy53My5vcmcvMjAwMC9zdmciPjwvc3ZnPg==\" style=\"--smush-placeholder-width: 300px; --smush-placeholder-aspect-ratio: 300\/169;\" \/><\/p>\n<p><img data-recalc-dims=\"1\" decoding=\"async\" data-src=\"https:\/\/i0.wp.com\/saknews.net\/ku\/wp-content\/uploads\/2025\/06\/FB_IMG_1749927591358.jpg?resize=300%2C169&#038;ssl=1\" alt=\"\" width=\"300\" height=\"169\" class=\"alignright size-medium wp-image-2446 lazyload\" data-srcset=\"https:\/\/i0.wp.com\/saknews.net\/ku\/wp-content\/uploads\/2025\/06\/FB_IMG_1749927591358.jpg?resize=300%2C169&amp;ssl=1 300w, https:\/\/i0.wp.com\/saknews.net\/ku\/wp-content\/uploads\/2025\/06\/FB_IMG_1749927591358.jpg?resize=1024%2C576&amp;ssl=1 1024w, https:\/\/i0.wp.com\/saknews.net\/ku\/wp-content\/uploads\/2025\/06\/FB_IMG_1749927591358.jpg?resize=768%2C432&amp;ssl=1 768w, https:\/\/i0.wp.com\/saknews.net\/ku\/wp-content\/uploads\/2025\/06\/FB_IMG_1749927591358.jpg?resize=1536%2C864&amp;ssl=1 1536w, https:\/\/i0.wp.com\/saknews.net\/ku\/wp-content\/uploads\/2025\/06\/FB_IMG_1749927591358.jpg?w=1920&amp;ssl=1 1920w, https:\/\/i0.wp.com\/saknews.net\/ku\/wp-content\/uploads\/2025\/06\/FB_IMG_1749927591358.jpg?w=1280&amp;ssl=1 1280w\" data-sizes=\"(max-width: 300px) 100vw, 300px\" src=\"data:image\/svg+xml;base64,PHN2ZyB3aWR0aD0iMSIgaGVpZ2h0PSIxIiB4bWxucz0iaHR0cDovL3d3dy53My5vcmcvMjAwMC9zdmciPjwvc3ZnPg==\" style=\"--smush-placeholder-width: 300px; --smush-placeholder-aspect-ratio: 300\/169;\" \/><\/p>\n<p><img data-recalc-dims=\"1\" decoding=\"async\" data-src=\"https:\/\/i0.wp.com\/saknews.net\/ku\/wp-content\/uploads\/2025\/06\/FB_IMG_1749927593795.jpg?resize=300%2C169&#038;ssl=1\" alt=\"\" width=\"300\" height=\"169\" class=\"alignright size-medium wp-image-2447 lazyload\" data-srcset=\"https:\/\/i0.wp.com\/saknews.net\/ku\/wp-content\/uploads\/2025\/06\/FB_IMG_1749927593795.jpg?resize=300%2C169&amp;ssl=1 300w, https:\/\/i0.wp.com\/saknews.net\/ku\/wp-content\/uploads\/2025\/06\/FB_IMG_1749927593795.jpg?resize=1024%2C576&amp;ssl=1 1024w, https:\/\/i0.wp.com\/saknews.net\/ku\/wp-content\/uploads\/2025\/06\/FB_IMG_1749927593795.jpg?resize=768%2C432&amp;ssl=1 768w, https:\/\/i0.wp.com\/saknews.net\/ku\/wp-content\/uploads\/2025\/06\/FB_IMG_1749927593795.jpg?resize=1536%2C864&amp;ssl=1 1536w, https:\/\/i0.wp.com\/saknews.net\/ku\/wp-content\/uploads\/2025\/06\/FB_IMG_1749927593795.jpg?w=1920&amp;ssl=1 1920w, https:\/\/i0.wp.com\/saknews.net\/ku\/wp-content\/uploads\/2025\/06\/FB_IMG_1749927593795.jpg?w=1280&amp;ssl=1 1280w\" data-sizes=\"(max-width: 300px) 100vw, 300px\" src=\"data:image\/svg+xml;base64,PHN2ZyB3aWR0aD0iMSIgaGVpZ2h0PSIxIiB4bWxucz0iaHR0cDovL3d3dy53My5vcmcvMjAwMC9zdmciPjwvc3ZnPg==\" style=\"--smush-placeholder-width: 300px; --smush-placeholder-aspect-ratio: 300\/169;\" \/><\/p>\n<p><img data-recalc-dims=\"1\" decoding=\"async\" data-src=\"https:\/\/i0.wp.com\/saknews.net\/ku\/wp-content\/uploads\/2025\/06\/FB_IMG_1749927596118.jpg?resize=300%2C169&#038;ssl=1\" alt=\"\" width=\"300\" height=\"169\" class=\"alignright size-medium wp-image-2448 lazyload\" data-srcset=\"https:\/\/i0.wp.com\/saknews.net\/ku\/wp-content\/uploads\/2025\/06\/FB_IMG_1749927596118.jpg?resize=300%2C169&amp;ssl=1 300w, https:\/\/i0.wp.com\/saknews.net\/ku\/wp-content\/uploads\/2025\/06\/FB_IMG_1749927596118.jpg?resize=1024%2C576&amp;ssl=1 1024w, https:\/\/i0.wp.com\/saknews.net\/ku\/wp-content\/uploads\/2025\/06\/FB_IMG_1749927596118.jpg?resize=768%2C432&amp;ssl=1 768w, https:\/\/i0.wp.com\/saknews.net\/ku\/wp-content\/uploads\/2025\/06\/FB_IMG_1749927596118.jpg?resize=1536%2C864&amp;ssl=1 1536w, https:\/\/i0.wp.com\/saknews.net\/ku\/wp-content\/uploads\/2025\/06\/FB_IMG_1749927596118.jpg?w=1920&amp;ssl=1 1920w, https:\/\/i0.wp.com\/saknews.net\/ku\/wp-content\/uploads\/2025\/06\/FB_IMG_1749927596118.jpg?w=1280&amp;ssl=1 1280w\" data-sizes=\"(max-width: 300px) 100vw, 300px\" src=\"data:image\/svg+xml;base64,PHN2ZyB3aWR0aD0iMSIgaGVpZ2h0PSIxIiB4bWxucz0iaHR0cDovL3d3dy53My5vcmcvMjAwMC9zdmciPjwvc3ZnPg==\" style=\"--smush-placeholder-width: 300px; --smush-placeholder-aspect-ratio: 300\/169;\" \/><\/p>\n<p><img data-recalc-dims=\"1\" decoding=\"async\" data-src=\"https:\/\/i0.wp.com\/saknews.net\/ku\/wp-content\/uploads\/2025\/06\/FB_IMG_1749927598692.jpg?resize=300%2C169&#038;ssl=1\" alt=\"\" width=\"300\" height=\"169\" class=\"alignright size-medium wp-image-2449 lazyload\" data-srcset=\"https:\/\/i0.wp.com\/saknews.net\/ku\/wp-content\/uploads\/2025\/06\/FB_IMG_1749927598692.jpg?resize=300%2C169&amp;ssl=1 300w, https:\/\/i0.wp.com\/saknews.net\/ku\/wp-content\/uploads\/2025\/06\/FB_IMG_1749927598692.jpg?resize=1024%2C576&amp;ssl=1 1024w, https:\/\/i0.wp.com\/saknews.net\/ku\/wp-content\/uploads\/2025\/06\/FB_IMG_1749927598692.jpg?resize=768%2C432&amp;ssl=1 768w, https:\/\/i0.wp.com\/saknews.net\/ku\/wp-content\/uploads\/2025\/06\/FB_IMG_1749927598692.jpg?resize=1536%2C864&amp;ssl=1 1536w, https:\/\/i0.wp.com\/saknews.net\/ku\/wp-content\/uploads\/2025\/06\/FB_IMG_1749927598692.jpg?w=1920&amp;ssl=1 1920w, https:\/\/i0.wp.com\/saknews.net\/ku\/wp-content\/uploads\/2025\/06\/FB_IMG_1749927598692.jpg?w=1280&amp;ssl=1 1280w\" data-sizes=\"(max-width: 300px) 100vw, 300px\" src=\"data:image\/svg+xml;base64,PHN2ZyB3aWR0aD0iMSIgaGVpZ2h0PSIxIiB4bWxucz0iaHR0cDovL3d3dy53My5vcmcvMjAwMC9zdmciPjwvc3ZnPg==\" style=\"--smush-placeholder-width: 300px; --smush-placeholder-aspect-ratio: 300\/169;\" \/><br \/>\nOf\u00eesa Ragihandin\u00ea<br \/>\nBer\u00ea Kurdistana S\u00fbriy\u00ea<\/p>\n<p>14.06.2025<\/p>\n<p>W\u00eane ji ARTA FM<\/p>\n","protected":false},"excerpt":{"rendered":"<p>Di \u00e7ar\u00e7oveya serdan\u00ean meydan\u00ee \u00fb hevd\u00eetin\u00ean siyas\u00ee de, Serok\u00ea Ber\u00ea Kurdistana S\u00fbriy\u00ea \u00fb Serok\u00ea \u015eep\u00eala&#8230;<\/p>\n","protected":false},"author":8,"featured_media":2450,"comment_status":"closed","ping_status":"closed","sticky":false,"template":"","format":"standard","meta":{"footnotes":""},"categories":[49],"tags":[],"class_list":["post-2442","post","type-post","status-publish","format-standard","has-post-thumbnail","hentry","category-nuce"],"yoast_head":"<!-- This site is optimized with the Yoast SEO plugin v27.5 - https:\/\/yoast.com\/product\/yoast-seo-wordpress\/ -->\n<title>Siyamend Haco li Am\u00fbd\u00ea sem\u00eenarek\u00ea p\u00ea\u015fk\u00ea\u015f dike &#8226; \u015eAK<\/title>\n<meta name=\"robots\" content=\"index, follow, max-snippet:-1, max-image-preview:large, max-video-preview:-1\" \/>\n<link rel=\"canonical\" href=\"https:\/\/saknews.net\/ku\/?p=2442\" \/>\n<meta property=\"og:locale\" content=\"en_US\" \/>\n<meta property=\"og:type\" content=\"article\" \/>\n<meta property=\"og:title\" content=\"Siyamend Haco li Am\u00fbd\u00ea sem\u00eenarek\u00ea p\u00ea\u015fk\u00ea\u015f dike &#8226; \u015eAK\" \/>\n<meta property=\"og:description\" content=\"Di \u00e7ar\u00e7oveya serdan\u00ean meydan\u00ee \u00fb hevd\u00eetin\u00ean siyas\u00ee de, Serok\u00ea Ber\u00ea Kurdistana S\u00fbriy\u00ea \u00fb Serok\u00ea \u015eep\u00eala...\" \/>\n<meta property=\"og:url\" content=\"https:\/\/saknews.net\/ku\/?p=2442\" \/>\n<meta property=\"og:site_name\" content=\"\u015eAK\" \/>\n<meta property=\"article:publisher\" content=\"https:\/\/www.facebook.com\/Shepel.ewropa\" \/>\n<meta property=\"article:published_time\" content=\"2025-06-14T19:56:08+00:00\" \/>\n<meta property=\"og:image\" content=\"https:\/\/saknews.net\/ku\/wp-content\/uploads\/2025\/06\/FB_IMG_1749927582268.jpg\" \/>\n\t<meta property=\"og:image:width\" content=\"1920\" \/>\n\t<meta property=\"og:image:height\" content=\"1080\" \/>\n\t<meta property=\"og:image:type\" content=\"image\/jpeg\" \/>\n<meta name=\"author\" content=\"Horan Hem\" \/>\n<meta name=\"twitter:card\" content=\"summary_large_image\" \/>\n<meta name=\"twitter:label1\" content=\"Written by\" \/>\n\t<meta name=\"twitter:data1\" content=\"Horan Hem\" \/>\n\t<meta name=\"twitter:label2\" content=\"Est. reading time\" \/>\n\t<meta name=\"twitter:data2\" content=\"1 minute\" \/>\n<script type=\"application\/ld+json\" class=\"yoast-schema-graph\">{\"@context\":\"https:\\\/\\\/schema.org\",\"@graph\":[{\"@type\":\"Article\",\"@id\":\"https:\\\/\\\/saknews.net\\\/ku\\\/?p=2442#article\",\"isPartOf\":{\"@id\":\"https:\\\/\\\/saknews.net\\\/ku\\\/?p=2442\"},\"author\":{\"name\":\"Horan Hem\",\"@id\":\"https:\\\/\\\/saknews.net\\\/ku\\\/#\\\/schema\\\/person\\\/72ae32a4041a3817e015b63d8f409058\"},\"headline\":\"Siyamend Haco li Am\u00fbd\u00ea sem\u00eenarek\u00ea p\u00ea\u015fk\u00ea\u015f dike\",\"datePublished\":\"2025-06-14T19:56:08+00:00\",\"mainEntityOfPage\":{\"@id\":\"https:\\\/\\\/saknews.net\\\/ku\\\/?p=2442\"},\"wordCount\":237,\"publisher\":{\"@id\":\"https:\\\/\\\/saknews.net\\\/ku\\\/#organization\"},\"image\":{\"@id\":\"https:\\\/\\\/saknews.net\\\/ku\\\/?p=2442#primaryimage\"},\"thumbnailUrl\":\"https:\\\/\\\/i0.wp.com\\\/saknews.net\\\/ku\\\/wp-content\\\/uploads\\\/2025\\\/06\\\/FB_IMG_1749927582268.jpg?fit=1920%2C1080&ssl=1\",\"articleSection\":[\"N\u00fb\u00e7e\"],\"inLanguage\":\"en-US\"},{\"@type\":\"WebPage\",\"@id\":\"https:\\\/\\\/saknews.net\\\/ku\\\/?p=2442\",\"url\":\"https:\\\/\\\/saknews.net\\\/ku\\\/?p=2442\",\"name\":\"Siyamend Haco li Am\u00fbd\u00ea sem\u00eenarek\u00ea p\u00ea\u015fk\u00ea\u015f dike &#8226; \u015eAK\",\"isPartOf\":{\"@id\":\"https:\\\/\\\/saknews.net\\\/ku\\\/#website\"},\"primaryImageOfPage\":{\"@id\":\"https:\\\/\\\/saknews.net\\\/ku\\\/?p=2442#primaryimage\"},\"image\":{\"@id\":\"https:\\\/\\\/saknews.net\\\/ku\\\/?p=2442#primaryimage\"},\"thumbnailUrl\":\"https:\\\/\\\/i0.wp.com\\\/saknews.net\\\/ku\\\/wp-content\\\/uploads\\\/2025\\\/06\\\/FB_IMG_1749927582268.jpg?fit=1920%2C1080&ssl=1\",\"datePublished\":\"2025-06-14T19:56:08+00:00\",\"breadcrumb\":{\"@id\":\"https:\\\/\\\/saknews.net\\\/ku\\\/?p=2442#breadcrumb\"},\"inLanguage\":\"en-US\",\"potentialAction\":[{\"@type\":\"ReadAction\",\"target\":[\"https:\\\/\\\/saknews.net\\\/ku\\\/?p=2442\"]}]},{\"@type\":\"ImageObject\",\"inLanguage\":\"en-US\",\"@id\":\"https:\\\/\\\/saknews.net\\\/ku\\\/?p=2442#primaryimage\",\"url\":\"https:\\\/\\\/i0.wp.com\\\/saknews.net\\\/ku\\\/wp-content\\\/uploads\\\/2025\\\/06\\\/FB_IMG_1749927582268.jpg?fit=1920%2C1080&ssl=1\",\"contentUrl\":\"https:\\\/\\\/i0.wp.com\\\/saknews.net\\\/ku\\\/wp-content\\\/uploads\\\/2025\\\/06\\\/FB_IMG_1749927582268.jpg?fit=1920%2C1080&ssl=1\",\"width\":1920,\"height\":1080},{\"@type\":\"BreadcrumbList\",\"@id\":\"https:\\\/\\\/saknews.net\\\/ku\\\/?p=2442#breadcrumb\",\"itemListElement\":[{\"@type\":\"ListItem\",\"position\":1,\"name\":\"\u0627\u0644\u0631\u0626\u064a\u0633\u064a\u0629\",\"item\":\"https:\\\/\\\/saknews.net\\\/ku\\\/\"},{\"@type\":\"ListItem\",\"position\":2,\"name\":\"N\u00fb\u00e7e\",\"item\":\"https:\\\/\\\/saknews.net\\\/ku\\\/?cat=49\"},{\"@type\":\"ListItem\",\"position\":3,\"name\":\"Siyamend Haco li Am\u00fbd\u00ea sem\u00eenarek\u00ea p\u00ea\u015fk\u00ea\u015f dike\"}]},{\"@type\":\"WebSite\",\"@id\":\"https:\\\/\\\/saknews.net\\\/ku\\\/#website\",\"url\":\"https:\\\/\\\/saknews.net\\\/ku\\\/\",\"name\":\"S\u0327epe\u0302la Azadi\u0302 ya Kurdistani\u0302\",\"description\":\"\u062a\u064a\u0627\u0631 \u0627\u0644\u062d\u0631\u064a\u0629 \u0627\u0644\u0643\u0648\u0631\u062f\u0633\u062a\u0627\u0646\u064a \u015eep\u00eala Azad\u00ee ya Kurdistan\u00ee\",\"publisher\":{\"@id\":\"https:\\\/\\\/saknews.net\\\/ku\\\/#organization\"},\"potentialAction\":[{\"@type\":\"SearchAction\",\"target\":{\"@type\":\"EntryPoint\",\"urlTemplate\":\"https:\\\/\\\/saknews.net\\\/ku\\\/?s={search_term_string}\"},\"query-input\":{\"@type\":\"PropertyValueSpecification\",\"valueRequired\":true,\"valueName\":\"search_term_string\"}}],\"inLanguage\":\"en-US\"},{\"@type\":\"Organization\",\"@id\":\"https:\\\/\\\/saknews.net\\\/ku\\\/#organization\",\"name\":\"\u015eep\u00eala Azadiy\u00ea ya Kurdistan\u00ea - \u062a\u064a\u0627\u0631 \u0627\u0644\u062d\u0631\u064a\u0629 \u0627\u0644\u0643\u0648\u0631\u062f\u0633\u062a\u0627\u0646\u064a\",\"url\":\"https:\\\/\\\/saknews.net\\\/ku\\\/\",\"logo\":{\"@type\":\"ImageObject\",\"inLanguage\":\"en-US\",\"@id\":\"https:\\\/\\\/saknews.net\\\/ku\\\/#\\\/schema\\\/logo\\\/image\\\/\",\"url\":\"https:\\\/\\\/i0.wp.com\\\/saknews.net\\\/ku\\\/wp-content\\\/uploads\\\/2024\\\/11\\\/cropped-logo-1.png?fit=512%2C512&ssl=1\",\"contentUrl\":\"https:\\\/\\\/i0.wp.com\\\/saknews.net\\\/ku\\\/wp-content\\\/uploads\\\/2024\\\/11\\\/cropped-logo-1.png?fit=512%2C512&ssl=1\",\"width\":512,\"height\":512,\"caption\":\"\u015eep\u00eala Azadiy\u00ea ya Kurdistan\u00ea - \u062a\u064a\u0627\u0631 \u0627\u0644\u062d\u0631\u064a\u0629 \u0627\u0644\u0643\u0648\u0631\u062f\u0633\u062a\u0627\u0646\u064a\"},\"image\":{\"@id\":\"https:\\\/\\\/saknews.net\\\/ku\\\/#\\\/schema\\\/logo\\\/image\\\/\"},\"sameAs\":[\"https:\\\/\\\/www.facebook.com\\\/Shepel.ewropa\"]},{\"@type\":\"Person\",\"@id\":\"https:\\\/\\\/saknews.net\\\/ku\\\/#\\\/schema\\\/person\\\/72ae32a4041a3817e015b63d8f409058\",\"name\":\"Horan Hem\",\"url\":\"https:\\\/\\\/saknews.net\\\/ku\\\/?author=8\"}]}<\/script>\n<!-- \/ Yoast SEO plugin. -->","yoast_head_json":{"title":"Siyamend Haco li Am\u00fbd\u00ea sem\u00eenarek\u00ea p\u00ea\u015fk\u00ea\u015f dike &#8226; \u015eAK","robots":{"index":"index","follow":"follow","max-snippet":"max-snippet:-1","max-image-preview":"max-image-preview:large","max-video-preview":"max-video-preview:-1"},"canonical":"https:\/\/saknews.net\/ku\/?p=2442","og_locale":"en_US","og_type":"article","og_title":"Siyamend Haco li Am\u00fbd\u00ea sem\u00eenarek\u00ea p\u00ea\u015fk\u00ea\u015f dike &#8226; \u015eAK","og_description":"Di \u00e7ar\u00e7oveya serdan\u00ean meydan\u00ee \u00fb hevd\u00eetin\u00ean siyas\u00ee de, Serok\u00ea Ber\u00ea Kurdistana S\u00fbriy\u00ea \u00fb Serok\u00ea \u015eep\u00eala...","og_url":"https:\/\/saknews.net\/ku\/?p=2442","og_site_name":"\u015eAK","article_publisher":"https:\/\/www.facebook.com\/Shepel.ewropa","article_published_time":"2025-06-14T19:56:08+00:00","og_image":[{"width":1920,"height":1080,"url":"https:\/\/saknews.net\/ku\/wp-content\/uploads\/2025\/06\/FB_IMG_1749927582268.jpg","type":"image\/jpeg"}],"author":"Horan Hem","twitter_card":"summary_large_image","twitter_misc":{"Written by":"Horan Hem","Est. reading time":"1 minute"},"schema":{"@context":"https:\/\/schema.org","@graph":[{"@type":"Article","@id":"https:\/\/saknews.net\/ku\/?p=2442#article","isPartOf":{"@id":"https:\/\/saknews.net\/ku\/?p=2442"},"author":{"name":"Horan Hem","@id":"https:\/\/saknews.net\/ku\/#\/schema\/person\/72ae32a4041a3817e015b63d8f409058"},"headline":"Siyamend Haco li Am\u00fbd\u00ea sem\u00eenarek\u00ea p\u00ea\u015fk\u00ea\u015f dike","datePublished":"2025-06-14T19:56:08+00:00","mainEntityOfPage":{"@id":"https:\/\/saknews.net\/ku\/?p=2442"},"wordCount":237,"publisher":{"@id":"https:\/\/saknews.net\/ku\/#organization"},"image":{"@id":"https:\/\/saknews.net\/ku\/?p=2442#primaryimage"},"thumbnailUrl":"https:\/\/i0.wp.com\/saknews.net\/ku\/wp-content\/uploads\/2025\/06\/FB_IMG_1749927582268.jpg?fit=1920%2C1080&ssl=1","articleSection":["N\u00fb\u00e7e"],"inLanguage":"en-US"},{"@type":"WebPage","@id":"https:\/\/saknews.net\/ku\/?p=2442","url":"https:\/\/saknews.net\/ku\/?p=2442","name":"Siyamend Haco li Am\u00fbd\u00ea sem\u00eenarek\u00ea p\u00ea\u015fk\u00ea\u015f dike &#8226; \u015eAK","isPartOf":{"@id":"https:\/\/saknews.net\/ku\/#website"},"primaryImageOfPage":{"@id":"https:\/\/saknews.net\/ku\/?p=2442#primaryimage"},"image":{"@id":"https:\/\/saknews.net\/ku\/?p=2442#primaryimage"},"thumbnailUrl":"https:\/\/i0.wp.com\/saknews.net\/ku\/wp-content\/uploads\/2025\/06\/FB_IMG_1749927582268.jpg?fit=1920%2C1080&ssl=1","datePublished":"2025-06-14T19:56:08+00:00","breadcrumb":{"@id":"https:\/\/saknews.net\/ku\/?p=2442#breadcrumb"},"inLanguage":"en-US","potentialAction":[{"@type":"ReadAction","target":["https:\/\/saknews.net\/ku\/?p=2442"]}]},{"@type":"ImageObject","inLanguage":"en-US","@id":"https:\/\/saknews.net\/ku\/?p=2442#primaryimage","url":"https:\/\/i0.wp.com\/saknews.net\/ku\/wp-content\/uploads\/2025\/06\/FB_IMG_1749927582268.jpg?fit=1920%2C1080&ssl=1","contentUrl":"https:\/\/i0.wp.com\/saknews.net\/ku\/wp-content\/uploads\/2025\/06\/FB_IMG_1749927582268.jpg?fit=1920%2C1080&ssl=1","width":1920,"height":1080},{"@type":"BreadcrumbList","@id":"https:\/\/saknews.net\/ku\/?p=2442#breadcrumb","itemListElement":[{"@type":"ListItem","position":1,"name":"\u0627\u0644\u0631\u0626\u064a\u0633\u064a\u0629","item":"https:\/\/saknews.net\/ku\/"},{"@type":"ListItem","position":2,"name":"N\u00fb\u00e7e","item":"https:\/\/saknews.net\/ku\/?cat=49"},{"@type":"ListItem","position":3,"name":"Siyamend Haco li Am\u00fbd\u00ea sem\u00eenarek\u00ea p\u00ea\u015fk\u00ea\u015f dike"}]},{"@type":"WebSite","@id":"https:\/\/saknews.net\/ku\/#website","url":"https:\/\/saknews.net\/ku\/","name":"S\u0327epe\u0302la Azadi\u0302 ya Kurdistani\u0302","description":"\u062a\u064a\u0627\u0631 \u0627\u0644\u062d\u0631\u064a\u0629 \u0627\u0644\u0643\u0648\u0631\u062f\u0633\u062a\u0627\u0646\u064a \u015eep\u00eala Azad\u00ee ya Kurdistan\u00ee","publisher":{"@id":"https:\/\/saknews.net\/ku\/#organization"},"potentialAction":[{"@type":"SearchAction","target":{"@type":"EntryPoint","urlTemplate":"https:\/\/saknews.net\/ku\/?s={search_term_string}"},"query-input":{"@type":"PropertyValueSpecification","valueRequired":true,"valueName":"search_term_string"}}],"inLanguage":"en-US"},{"@type":"Organization","@id":"https:\/\/saknews.net\/ku\/#organization","name":"\u015eep\u00eala Azadiy\u00ea ya Kurdistan\u00ea - \u062a\u064a\u0627\u0631 \u0627\u0644\u062d\u0631\u064a\u0629 \u0627\u0644\u0643\u0648\u0631\u062f\u0633\u062a\u0627\u0646\u064a","url":"https:\/\/saknews.net\/ku\/","logo":{"@type":"ImageObject","inLanguage":"en-US","@id":"https:\/\/saknews.net\/ku\/#\/schema\/logo\/image\/","url":"https:\/\/i0.wp.com\/saknews.net\/ku\/wp-content\/uploads\/2024\/11\/cropped-logo-1.png?fit=512%2C512&ssl=1","contentUrl":"https:\/\/i0.wp.com\/saknews.net\/ku\/wp-content\/uploads\/2024\/11\/cropped-logo-1.png?fit=512%2C512&ssl=1","width":512,"height":512,"caption":"\u015eep\u00eala Azadiy\u00ea ya Kurdistan\u00ea - \u062a\u064a\u0627\u0631 \u0627\u0644\u062d\u0631\u064a\u0629 \u0627\u0644\u0643\u0648\u0631\u062f\u0633\u062a\u0627\u0646\u064a"},"image":{"@id":"https:\/\/saknews.net\/ku\/#\/schema\/logo\/image\/"},"sameAs":["https:\/\/www.facebook.com\/Shepel.ewropa"]},{"@type":"Person","@id":"https:\/\/saknews.net\/ku\/#\/schema\/person\/72ae32a4041a3817e015b63d8f409058","name":"Horan Hem","url":"https:\/\/saknews.net\/ku\/?author=8"}]}},"featured_image_urls":{"full":["https:\/\/i0.wp.com\/saknews.net\/ku\/wp-content\/uploads\/2025\/06\/FB_IMG_1749927582268.jpg?fit=1920%2C1080&ssl=1",1920,1080,false],"thumbnail":["https:\/\/i0.wp.com\/saknews.net\/ku\/wp-content\/uploads\/2025\/06\/FB_IMG_1749927582268.jpg?resize=150%2C150&ssl=1",150,150,true],"medium":["https:\/\/i0.wp.com\/saknews.net\/ku\/wp-content\/uploads\/2025\/06\/FB_IMG_1749927582268.jpg?fit=300%2C169&ssl=1",300,169,true],"medium_large":["https:\/\/i0.wp.com\/saknews.net\/ku\/wp-content\/uploads\/2025\/06\/FB_IMG_1749927582268.jpg?fit=640%2C360&ssl=1",640,360,true],"large":["https:\/\/i0.wp.com\/saknews.net\/ku\/wp-content\/uploads\/2025\/06\/FB_IMG_1749927582268.jpg?fit=640%2C360&ssl=1",640,360,true],"1536x1536":["https:\/\/i0.wp.com\/saknews.net\/ku\/wp-content\/uploads\/2025\/06\/FB_IMG_1749927582268.jpg?fit=1536%2C864&ssl=1",1536,864,true],"2048x2048":["https:\/\/i0.wp.com\/saknews.net\/ku\/wp-content\/uploads\/2025\/06\/FB_IMG_1749927582268.jpg?fit=1920%2C1080&ssl=1",1920,1080,true],"covernews-featured":["https:\/\/i0.wp.com\/saknews.net\/ku\/wp-content\/uploads\/2025\/06\/FB_IMG_1749927582268.jpg?fit=1024%2C576&ssl=1",1024,576,true],"covernews-medium":["https:\/\/i0.wp.com\/saknews.net\/ku\/wp-content\/uploads\/2025\/06\/FB_IMG_1749927582268.jpg?resize=540%2C340&ssl=1",540,340,true]},"author_info":{"display_name":"Horan Hem","author_link":"https:\/\/saknews.net\/ku\/?author=8"},"category_info":"<a href=\"https:\/\/saknews.net\/ku\/?cat=49\" rel=\"category\">N\u00fb\u00e7e<\/a>","tag_info":"N\u00fb\u00e7e","comment_count":"0","_links":{"self":[{"href":"https:\/\/saknews.net\/ku\/index.php?rest_route=\/wp\/v2\/posts\/2442","targetHints":{"allow":["GET"]}}],"collection":[{"href":"https:\/\/saknews.net\/ku\/index.php?rest_route=\/wp\/v2\/posts"}],"about":[{"href":"https:\/\/saknews.net\/ku\/index.php?rest_route=\/wp\/v2\/types\/post"}],"author":[{"embeddable":true,"href":"https:\/\/saknews.net\/ku\/index.php?rest_route=\/wp\/v2\/users\/8"}],"replies":[{"embeddable":true,"href":"https:\/\/saknews.net\/ku\/index.php?rest_route=%2Fwp%2Fv2%2Fcomments&post=2442"}],"version-history":[{"count":1,"href":"https:\/\/saknews.net\/ku\/index.php?rest_route=\/wp\/v2\/posts\/2442\/revisions"}],"predecessor-version":[{"id":2451,"href":"https:\/\/saknews.net\/ku\/index.php?rest_route=\/wp\/v2\/posts\/2442\/revisions\/2451"}],"wp:featuredmedia":[{"embeddable":true,"href":"https:\/\/saknews.net\/ku\/index.php?rest_route=\/wp\/v2\/media\/2450"}],"wp:attachment":[{"href":"https:\/\/saknews.net\/ku\/index.php?rest_route=%2Fwp%2Fv2%2Fmedia&parent=2442"}],"wp:term":[{"taxonomy":"category","embeddable":true,"href":"https:\/\/saknews.net\/ku\/index.php?rest_route=%2Fwp%2Fv2%2Fcategories&post=2442"},{"taxonomy":"post_tag","embeddable":true,"href":"https:\/\/saknews.net\/ku\/index.php?rest_route=%2Fwp%2Fv2%2Ftags&post=2442"}],"curies":[{"name":"wp","href":"https:\/\/api.w.org\/{rel}","templated":true}]}}