{"id":2473,"date":"2025-06-17T20:38:59","date_gmt":"2025-06-17T20:38:59","guid":{"rendered":"https:\/\/saknews.net\/ku\/?p=2473"},"modified":"2025-06-17T20:38:59","modified_gmt":"2025-06-17T20:38:59","slug":"bere-kurdistana-suriye-serdana-sepela-peseroje-ya-kurdistani-dike","status":"publish","type":"post","link":"https:\/\/saknews.net\/ku\/?p=2473","title":{"rendered":"Ber\u00ea Kurdistana S\u00fbriy\u00ea serdana \u015eep\u00eala P\u00ea\u015feroj\u00ea ya Kurdistan\u00ee dike"},"content":{"rendered":"<p>\u015eanda Ber\u00ea Kurdistana S\u00fbriy\u00ea bi serokatiya, Siyamend Haco, \u00fb endamtiya Ebdilxen\u00ee Ico serdana \u015eep\u00eala P\u00ea\u015feroj\u00ea ya Kurdistan\u00ee kir \u00fb ji aliy\u00ea seroka \u015fep\u00eal\u00ea ve Nar\u00een Met\u00een\u00ee hate p\u00ea\u015fwaz\u00eekirin.<br \/>\nDi hevd\u00eetin\u00ea de behsa rew\u015fa gi\u015ft\u00ee li S\u00fbriy\u00ea \u00fb Kurdistana S\u00fbriy\u00ea hate kirin. Serok\u00ea Ber\u00ea Kurdistana S\u00fbriy\u00ea \u00fb Serok\u00ea \u015eep\u00eala Azad\u00ee ya Kurdistan\u00ee, Siyamend Haco, li ser gir\u00eengiya konferans\u00ea hevbe\u015f \u00fb \u015fanda Kurd\u00ee y\u00ea di v\u00ea dawiy\u00ea de \u00e7\u00eab\u00fbye, tekez kir \u00fb got nabe \u015fanda Kurd\u00ee ji daxwaz\u00ean federal\u00eezm\u00ea \u00fb b\u00fby\u00eena Kurdistana S\u00fbriy\u00ea her\u00eameke yekgirt\u00ee were xwar.<br \/>\nDi serdana di \u00e7ar\u00e7oveya hevd\u00eetin\u00ean Ber\u00ea Kurdistana S\u00fbriy\u00ea t\u00ea, ku serdana piraniya endam\u00ean \u015fanda Kurd\u00ee kirib\u00fb, ji bo xurtkirina hevr\u00eaz\u00ee \u00fb karen kurd\u00ee ya hevbe\u015f.<\/p>\n<p>Of\u00eesa Ragihandin\u00ea<br \/>\nBer\u00ea Kurdistana S\u00fbriy\u00ea<br \/>\n17.06.2025<\/p>\n","protected":false},"excerpt":{"rendered":"<p>\u015eanda Ber\u00ea Kurdistana S\u00fbriy\u00ea bi serokatiya, Siyamend Haco, \u00fb endamtiya Ebdilxen\u00ee Ico serdana \u015eep\u00eala P\u00ea\u015feroj\u00ea&#8230;<\/p>\n","protected":false},"author":8,"featured_media":2474,"comment_status":"closed","ping_status":"closed","sticky":false,"template":"","format":"standard","meta":{"footnotes":""},"categories":[42,49],"tags":[],"class_list":["post-2473","post","type-post","status-publish","format-standard","has-post-thumbnail","hentry","category-hevditin","category-nuce"],"yoast_head":"<!-- This site is optimized with the Yoast SEO plugin v27.5 - https:\/\/yoast.com\/product\/yoast-seo-wordpress\/ -->\n<title>Ber\u00ea Kurdistana S\u00fbriy\u00ea serdana \u015eep\u00eala P\u00ea\u015feroj\u00ea ya Kurdistan\u00ee dike &#8226; \u015eAK<\/title>\n<meta name=\"robots\" content=\"index, follow, max-snippet:-1, max-image-preview:large, max-video-preview:-1\" \/>\n<link rel=\"canonical\" href=\"https:\/\/saknews.net\/ku\/?p=2473\" \/>\n<meta property=\"og:locale\" content=\"en_US\" \/>\n<meta property=\"og:type\" content=\"article\" \/>\n<meta property=\"og:title\" content=\"Ber\u00ea Kurdistana S\u00fbriy\u00ea serdana \u015eep\u00eala P\u00ea\u015feroj\u00ea ya Kurdistan\u00ee dike &#8226; \u015eAK\" \/>\n<meta property=\"og:description\" content=\"\u015eanda Ber\u00ea Kurdistana S\u00fbriy\u00ea bi serokatiya, Siyamend Haco, \u00fb endamtiya Ebdilxen\u00ee Ico serdana \u015eep\u00eala P\u00ea\u015feroj\u00ea...\" \/>\n<meta property=\"og:url\" content=\"https:\/\/saknews.net\/ku\/?p=2473\" \/>\n<meta property=\"og:site_name\" content=\"\u015eAK\" \/>\n<meta property=\"article:publisher\" content=\"https:\/\/www.facebook.com\/Shepel.ewropa\" \/>\n<meta property=\"article:published_time\" content=\"2025-06-17T20:38:59+00:00\" \/>\n<meta property=\"og:image\" content=\"https:\/\/saknews.net\/ku\/wp-content\/uploads\/2025\/06\/PhotoFix20250617220722-1024x768.png\" \/>\n\t<meta property=\"og:image:width\" content=\"1024\" \/>\n\t<meta property=\"og:image:height\" content=\"768\" \/>\n\t<meta property=\"og:image:type\" content=\"image\/png\" \/>\n<meta name=\"author\" content=\"Horan Hem\" \/>\n<meta name=\"twitter:card\" content=\"summary_large_image\" \/>\n<meta name=\"twitter:label1\" content=\"Written by\" \/>\n\t<meta name=\"twitter:data1\" content=\"Horan Hem\" \/>\n\t<meta name=\"twitter:label2\" content=\"Est. reading time\" \/>\n\t<meta name=\"twitter:data2\" content=\"1 minute\" \/>\n<script type=\"application\/ld+json\" class=\"yoast-schema-graph\">{\"@context\":\"https:\\\/\\\/schema.org\",\"@graph\":[{\"@type\":\"Article\",\"@id\":\"https:\\\/\\\/saknews.net\\\/ku\\\/?p=2473#article\",\"isPartOf\":{\"@id\":\"https:\\\/\\\/saknews.net\\\/ku\\\/?p=2473\"},\"author\":{\"name\":\"Horan Hem\",\"@id\":\"https:\\\/\\\/saknews.net\\\/ku\\\/#\\\/schema\\\/person\\\/72ae32a4041a3817e015b63d8f409058\"},\"headline\":\"Ber\u00ea Kurdistana S\u00fbriy\u00ea serdana \u015eep\u00eala P\u00ea\u015feroj\u00ea ya Kurdistan\u00ee dike\",\"datePublished\":\"2025-06-17T20:38:59+00:00\",\"mainEntityOfPage\":{\"@id\":\"https:\\\/\\\/saknews.net\\\/ku\\\/?p=2473\"},\"wordCount\":150,\"publisher\":{\"@id\":\"https:\\\/\\\/saknews.net\\\/ku\\\/#organization\"},\"image\":{\"@id\":\"https:\\\/\\\/saknews.net\\\/ku\\\/?p=2473#primaryimage\"},\"thumbnailUrl\":\"https:\\\/\\\/i0.wp.com\\\/saknews.net\\\/ku\\\/wp-content\\\/uploads\\\/2025\\\/06\\\/PhotoFix20250617220722.png?fit=2152%2C1613&ssl=1\",\"articleSection\":[\"Hevd\u00eetin\",\"N\u00fb\u00e7e\"],\"inLanguage\":\"en-US\"},{\"@type\":\"WebPage\",\"@id\":\"https:\\\/\\\/saknews.net\\\/ku\\\/?p=2473\",\"url\":\"https:\\\/\\\/saknews.net\\\/ku\\\/?p=2473\",\"name\":\"Ber\u00ea Kurdistana S\u00fbriy\u00ea serdana \u015eep\u00eala P\u00ea\u015feroj\u00ea ya Kurdistan\u00ee dike &#8226; \u015eAK\",\"isPartOf\":{\"@id\":\"https:\\\/\\\/saknews.net\\\/ku\\\/#website\"},\"primaryImageOfPage\":{\"@id\":\"https:\\\/\\\/saknews.net\\\/ku\\\/?p=2473#primaryimage\"},\"image\":{\"@id\":\"https:\\\/\\\/saknews.net\\\/ku\\\/?p=2473#primaryimage\"},\"thumbnailUrl\":\"https:\\\/\\\/i0.wp.com\\\/saknews.net\\\/ku\\\/wp-content\\\/uploads\\\/2025\\\/06\\\/PhotoFix20250617220722.png?fit=2152%2C1613&ssl=1\",\"datePublished\":\"2025-06-17T20:38:59+00:00\",\"breadcrumb\":{\"@id\":\"https:\\\/\\\/saknews.net\\\/ku\\\/?p=2473#breadcrumb\"},\"inLanguage\":\"en-US\",\"potentialAction\":[{\"@type\":\"ReadAction\",\"target\":[\"https:\\\/\\\/saknews.net\\\/ku\\\/?p=2473\"]}]},{\"@type\":\"ImageObject\",\"inLanguage\":\"en-US\",\"@id\":\"https:\\\/\\\/saknews.net\\\/ku\\\/?p=2473#primaryimage\",\"url\":\"https:\\\/\\\/i0.wp.com\\\/saknews.net\\\/ku\\\/wp-content\\\/uploads\\\/2025\\\/06\\\/PhotoFix20250617220722.png?fit=2152%2C1613&ssl=1\",\"contentUrl\":\"https:\\\/\\\/i0.wp.com\\\/saknews.net\\\/ku\\\/wp-content\\\/uploads\\\/2025\\\/06\\\/PhotoFix20250617220722.png?fit=2152%2C1613&ssl=1\",\"width\":2152,\"height\":1613},{\"@type\":\"BreadcrumbList\",\"@id\":\"https:\\\/\\\/saknews.net\\\/ku\\\/?p=2473#breadcrumb\",\"itemListElement\":[{\"@type\":\"ListItem\",\"position\":1,\"name\":\"\u0627\u0644\u0631\u0626\u064a\u0633\u064a\u0629\",\"item\":\"https:\\\/\\\/saknews.net\\\/ku\\\/\"},{\"@type\":\"ListItem\",\"position\":2,\"name\":\"N\u00fb\u00e7e\",\"item\":\"https:\\\/\\\/saknews.net\\\/ku\\\/?cat=49\"},{\"@type\":\"ListItem\",\"position\":3,\"name\":\"Ber\u00ea Kurdistana S\u00fbriy\u00ea serdana \u015eep\u00eala P\u00ea\u015feroj\u00ea ya Kurdistan\u00ee dike\"}]},{\"@type\":\"WebSite\",\"@id\":\"https:\\\/\\\/saknews.net\\\/ku\\\/#website\",\"url\":\"https:\\\/\\\/saknews.net\\\/ku\\\/\",\"name\":\"S\u0327epe\u0302la Azadi\u0302 ya Kurdistani\u0302\",\"description\":\"\u062a\u064a\u0627\u0631 \u0627\u0644\u062d\u0631\u064a\u0629 \u0627\u0644\u0643\u0648\u0631\u062f\u0633\u062a\u0627\u0646\u064a \u015eep\u00eala Azad\u00ee ya Kurdistan\u00ee\",\"publisher\":{\"@id\":\"https:\\\/\\\/saknews.net\\\/ku\\\/#organization\"},\"potentialAction\":[{\"@type\":\"SearchAction\",\"target\":{\"@type\":\"EntryPoint\",\"urlTemplate\":\"https:\\\/\\\/saknews.net\\\/ku\\\/?s={search_term_string}\"},\"query-input\":{\"@type\":\"PropertyValueSpecification\",\"valueRequired\":true,\"valueName\":\"search_term_string\"}}],\"inLanguage\":\"en-US\"},{\"@type\":\"Organization\",\"@id\":\"https:\\\/\\\/saknews.net\\\/ku\\\/#organization\",\"name\":\"\u015eep\u00eala Azadiy\u00ea ya Kurdistan\u00ea - \u062a\u064a\u0627\u0631 \u0627\u0644\u062d\u0631\u064a\u0629 \u0627\u0644\u0643\u0648\u0631\u062f\u0633\u062a\u0627\u0646\u064a\",\"url\":\"https:\\\/\\\/saknews.net\\\/ku\\\/\",\"logo\":{\"@type\":\"ImageObject\",\"inLanguage\":\"en-US\",\"@id\":\"https:\\\/\\\/saknews.net\\\/ku\\\/#\\\/schema\\\/logo\\\/image\\\/\",\"url\":\"https:\\\/\\\/i0.wp.com\\\/saknews.net\\\/ku\\\/wp-content\\\/uploads\\\/2024\\\/11\\\/cropped-logo-1.png?fit=512%2C512&ssl=1\",\"contentUrl\":\"https:\\\/\\\/i0.wp.com\\\/saknews.net\\\/ku\\\/wp-content\\\/uploads\\\/2024\\\/11\\\/cropped-logo-1.png?fit=512%2C512&ssl=1\",\"width\":512,\"height\":512,\"caption\":\"\u015eep\u00eala Azadiy\u00ea ya Kurdistan\u00ea - \u062a\u064a\u0627\u0631 \u0627\u0644\u062d\u0631\u064a\u0629 \u0627\u0644\u0643\u0648\u0631\u062f\u0633\u062a\u0627\u0646\u064a\"},\"image\":{\"@id\":\"https:\\\/\\\/saknews.net\\\/ku\\\/#\\\/schema\\\/logo\\\/image\\\/\"},\"sameAs\":[\"https:\\\/\\\/www.facebook.com\\\/Shepel.ewropa\"]},{\"@type\":\"Person\",\"@id\":\"https:\\\/\\\/saknews.net\\\/ku\\\/#\\\/schema\\\/person\\\/72ae32a4041a3817e015b63d8f409058\",\"name\":\"Horan Hem\",\"url\":\"https:\\\/\\\/saknews.net\\\/ku\\\/?author=8\"}]}<\/script>\n<!-- \/ Yoast SEO plugin. -->","yoast_head_json":{"title":"Ber\u00ea Kurdistana S\u00fbriy\u00ea serdana \u015eep\u00eala P\u00ea\u015feroj\u00ea ya Kurdistan\u00ee dike &#8226; \u015eAK","robots":{"index":"index","follow":"follow","max-snippet":"max-snippet:-1","max-image-preview":"max-image-preview:large","max-video-preview":"max-video-preview:-1"},"canonical":"https:\/\/saknews.net\/ku\/?p=2473","og_locale":"en_US","og_type":"article","og_title":"Ber\u00ea Kurdistana S\u00fbriy\u00ea serdana \u015eep\u00eala P\u00ea\u015feroj\u00ea ya Kurdistan\u00ee dike &#8226; \u015eAK","og_description":"\u015eanda Ber\u00ea Kurdistana S\u00fbriy\u00ea bi serokatiya, Siyamend Haco, \u00fb endamtiya Ebdilxen\u00ee Ico serdana \u015eep\u00eala P\u00ea\u015feroj\u00ea...","og_url":"https:\/\/saknews.net\/ku\/?p=2473","og_site_name":"\u015eAK","article_publisher":"https:\/\/www.facebook.com\/Shepel.ewropa","article_published_time":"2025-06-17T20:38:59+00:00","og_image":[{"width":1024,"height":768,"url":"https:\/\/saknews.net\/ku\/wp-content\/uploads\/2025\/06\/PhotoFix20250617220722-1024x768.png","type":"image\/png"}],"author":"Horan Hem","twitter_card":"summary_large_image","twitter_misc":{"Written by":"Horan Hem","Est. reading time":"1 minute"},"schema":{"@context":"https:\/\/schema.org","@graph":[{"@type":"Article","@id":"https:\/\/saknews.net\/ku\/?p=2473#article","isPartOf":{"@id":"https:\/\/saknews.net\/ku\/?p=2473"},"author":{"name":"Horan Hem","@id":"https:\/\/saknews.net\/ku\/#\/schema\/person\/72ae32a4041a3817e015b63d8f409058"},"headline":"Ber\u00ea Kurdistana S\u00fbriy\u00ea serdana \u015eep\u00eala P\u00ea\u015feroj\u00ea ya Kurdistan\u00ee dike","datePublished":"2025-06-17T20:38:59+00:00","mainEntityOfPage":{"@id":"https:\/\/saknews.net\/ku\/?p=2473"},"wordCount":150,"publisher":{"@id":"https:\/\/saknews.net\/ku\/#organization"},"image":{"@id":"https:\/\/saknews.net\/ku\/?p=2473#primaryimage"},"thumbnailUrl":"https:\/\/i0.wp.com\/saknews.net\/ku\/wp-content\/uploads\/2025\/06\/PhotoFix20250617220722.png?fit=2152%2C1613&ssl=1","articleSection":["Hevd\u00eetin","N\u00fb\u00e7e"],"inLanguage":"en-US"},{"@type":"WebPage","@id":"https:\/\/saknews.net\/ku\/?p=2473","url":"https:\/\/saknews.net\/ku\/?p=2473","name":"Ber\u00ea Kurdistana S\u00fbriy\u00ea serdana \u015eep\u00eala P\u00ea\u015feroj\u00ea ya Kurdistan\u00ee dike &#8226; \u015eAK","isPartOf":{"@id":"https:\/\/saknews.net\/ku\/#website"},"primaryImageOfPage":{"@id":"https:\/\/saknews.net\/ku\/?p=2473#primaryimage"},"image":{"@id":"https:\/\/saknews.net\/ku\/?p=2473#primaryimage"},"thumbnailUrl":"https:\/\/i0.wp.com\/saknews.net\/ku\/wp-content\/uploads\/2025\/06\/PhotoFix20250617220722.png?fit=2152%2C1613&ssl=1","datePublished":"2025-06-17T20:38:59+00:00","breadcrumb":{"@id":"https:\/\/saknews.net\/ku\/?p=2473#breadcrumb"},"inLanguage":"en-US","potentialAction":[{"@type":"ReadAction","target":["https:\/\/saknews.net\/ku\/?p=2473"]}]},{"@type":"ImageObject","inLanguage":"en-US","@id":"https:\/\/saknews.net\/ku\/?p=2473#primaryimage","url":"https:\/\/i0.wp.com\/saknews.net\/ku\/wp-content\/uploads\/2025\/06\/PhotoFix20250617220722.png?fit=2152%2C1613&ssl=1","contentUrl":"https:\/\/i0.wp.com\/saknews.net\/ku\/wp-content\/uploads\/2025\/06\/PhotoFix20250617220722.png?fit=2152%2C1613&ssl=1","width":2152,"height":1613},{"@type":"BreadcrumbList","@id":"https:\/\/saknews.net\/ku\/?p=2473#breadcrumb","itemListElement":[{"@type":"ListItem","position":1,"name":"\u0627\u0644\u0631\u0626\u064a\u0633\u064a\u0629","item":"https:\/\/saknews.net\/ku\/"},{"@type":"ListItem","position":2,"name":"N\u00fb\u00e7e","item":"https:\/\/saknews.net\/ku\/?cat=49"},{"@type":"ListItem","position":3,"name":"Ber\u00ea Kurdistana S\u00fbriy\u00ea serdana \u015eep\u00eala P\u00ea\u015feroj\u00ea ya Kurdistan\u00ee dike"}]},{"@type":"WebSite","@id":"https:\/\/saknews.net\/ku\/#website","url":"https:\/\/saknews.net\/ku\/","name":"S\u0327epe\u0302la Azadi\u0302 ya Kurdistani\u0302","description":"\u062a\u064a\u0627\u0631 \u0627\u0644\u062d\u0631\u064a\u0629 \u0627\u0644\u0643\u0648\u0631\u062f\u0633\u062a\u0627\u0646\u064a \u015eep\u00eala Azad\u00ee ya Kurdistan\u00ee","publisher":{"@id":"https:\/\/saknews.net\/ku\/#organization"},"potentialAction":[{"@type":"SearchAction","target":{"@type":"EntryPoint","urlTemplate":"https:\/\/saknews.net\/ku\/?s={search_term_string}"},"query-input":{"@type":"PropertyValueSpecification","valueRequired":true,"valueName":"search_term_string"}}],"inLanguage":"en-US"},{"@type":"Organization","@id":"https:\/\/saknews.net\/ku\/#organization","name":"\u015eep\u00eala Azadiy\u00ea ya Kurdistan\u00ea - \u062a\u064a\u0627\u0631 \u0627\u0644\u062d\u0631\u064a\u0629 \u0627\u0644\u0643\u0648\u0631\u062f\u0633\u062a\u0627\u0646\u064a","url":"https:\/\/saknews.net\/ku\/","logo":{"@type":"ImageObject","inLanguage":"en-US","@id":"https:\/\/saknews.net\/ku\/#\/schema\/logo\/image\/","url":"https:\/\/i0.wp.com\/saknews.net\/ku\/wp-content\/uploads\/2024\/11\/cropped-logo-1.png?fit=512%2C512&ssl=1","contentUrl":"https:\/\/i0.wp.com\/saknews.net\/ku\/wp-content\/uploads\/2024\/11\/cropped-logo-1.png?fit=512%2C512&ssl=1","width":512,"height":512,"caption":"\u015eep\u00eala Azadiy\u00ea ya Kurdistan\u00ea - \u062a\u064a\u0627\u0631 \u0627\u0644\u062d\u0631\u064a\u0629 \u0627\u0644\u0643\u0648\u0631\u062f\u0633\u062a\u0627\u0646\u064a"},"image":{"@id":"https:\/\/saknews.net\/ku\/#\/schema\/logo\/image\/"},"sameAs":["https:\/\/www.facebook.com\/Shepel.ewropa"]},{"@type":"Person","@id":"https:\/\/saknews.net\/ku\/#\/schema\/person\/72ae32a4041a3817e015b63d8f409058","name":"Horan Hem","url":"https:\/\/saknews.net\/ku\/?author=8"}]}},"featured_image_urls":{"full":["https:\/\/i0.wp.com\/saknews.net\/ku\/wp-content\/uploads\/2025\/06\/PhotoFix20250617220722.png?fit=2152%2C1613&ssl=1",2152,1613,false],"thumbnail":["https:\/\/i0.wp.com\/saknews.net\/ku\/wp-content\/uploads\/2025\/06\/PhotoFix20250617220722.png?resize=150%2C150&ssl=1",150,150,true],"medium":["https:\/\/i0.wp.com\/saknews.net\/ku\/wp-content\/uploads\/2025\/06\/PhotoFix20250617220722.png?fit=300%2C225&ssl=1",300,225,true],"medium_large":["https:\/\/i0.wp.com\/saknews.net\/ku\/wp-content\/uploads\/2025\/06\/PhotoFix20250617220722.png?fit=640%2C480&ssl=1",640,480,true],"large":["https:\/\/i0.wp.com\/saknews.net\/ku\/wp-content\/uploads\/2025\/06\/PhotoFix20250617220722.png?fit=640%2C480&ssl=1",640,480,true],"1536x1536":["https:\/\/i0.wp.com\/saknews.net\/ku\/wp-content\/uploads\/2025\/06\/PhotoFix20250617220722.png?fit=1536%2C1151&ssl=1",1536,1151,true],"2048x2048":["https:\/\/i0.wp.com\/saknews.net\/ku\/wp-content\/uploads\/2025\/06\/PhotoFix20250617220722.png?fit=2048%2C1535&ssl=1",2048,1535,true],"covernews-featured":["https:\/\/i0.wp.com\/saknews.net\/ku\/wp-content\/uploads\/2025\/06\/PhotoFix20250617220722.png?fit=1024%2C768&ssl=1",1024,768,true],"covernews-medium":["https:\/\/i0.wp.com\/saknews.net\/ku\/wp-content\/uploads\/2025\/06\/PhotoFix20250617220722.png?resize=540%2C340&ssl=1",540,340,true]},"author_info":{"display_name":"Horan Hem","author_link":"https:\/\/saknews.net\/ku\/?author=8"},"category_info":"<a href=\"https:\/\/saknews.net\/ku\/?cat=42\" rel=\"category\">Hevd\u00eetin<\/a> <a href=\"https:\/\/saknews.net\/ku\/?cat=49\" rel=\"category\">N\u00fb\u00e7e<\/a>","tag_info":"N\u00fb\u00e7e","comment_count":"0","_links":{"self":[{"href":"https:\/\/saknews.net\/ku\/index.php?rest_route=\/wp\/v2\/posts\/2473","targetHints":{"allow":["GET"]}}],"collection":[{"href":"https:\/\/saknews.net\/ku\/index.php?rest_route=\/wp\/v2\/posts"}],"about":[{"href":"https:\/\/saknews.net\/ku\/index.php?rest_route=\/wp\/v2\/types\/post"}],"author":[{"embeddable":true,"href":"https:\/\/saknews.net\/ku\/index.php?rest_route=\/wp\/v2\/users\/8"}],"replies":[{"embeddable":true,"href":"https:\/\/saknews.net\/ku\/index.php?rest_route=%2Fwp%2Fv2%2Fcomments&post=2473"}],"version-history":[{"count":1,"href":"https:\/\/saknews.net\/ku\/index.php?rest_route=\/wp\/v2\/posts\/2473\/revisions"}],"predecessor-version":[{"id":2475,"href":"https:\/\/saknews.net\/ku\/index.php?rest_route=\/wp\/v2\/posts\/2473\/revisions\/2475"}],"wp:featuredmedia":[{"embeddable":true,"href":"https:\/\/saknews.net\/ku\/index.php?rest_route=\/wp\/v2\/media\/2474"}],"wp:attachment":[{"href":"https:\/\/saknews.net\/ku\/index.php?rest_route=%2Fwp%2Fv2%2Fmedia&parent=2473"}],"wp:term":[{"taxonomy":"category","embeddable":true,"href":"https:\/\/saknews.net\/ku\/index.php?rest_route=%2Fwp%2Fv2%2Fcategories&post=2473"},{"taxonomy":"post_tag","embeddable":true,"href":"https:\/\/saknews.net\/ku\/index.php?rest_route=%2Fwp%2Fv2%2Ftags&post=2473"}],"curies":[{"name":"wp","href":"https:\/\/api.w.org\/{rel}","templated":true}]}}