{"id":2477,"date":"2025-06-18T20:35:00","date_gmt":"2025-06-18T20:35:00","guid":{"rendered":"https:\/\/saknews.net\/ku\/?p=2477"},"modified":"2025-06-18T20:35:00","modified_gmt":"2025-06-18T20:35:00","slug":"siyamend-haco-cima-pere-ji-xendekan-re-hene-ji-xelke-re-tine","status":"publish","type":"post","link":"https:\/\/saknews.net\/ku\/?p=2477","title":{"rendered":"Siyamend Haco: \u00c7ima pere ji xendekan re hene ji xelk\u00ea re tine"},"content":{"rendered":"<p>Di derbar\u00ea encam\u00ean serdana \u015fanda Ber\u00ea Kurdistana S\u00fbriy\u00ea ji partiy\u00ean kurd \u00fb endam\u00ean \u015fanda Kurd\u00ee re li Bajar\u00ea Qami\u015flo li Kurdistana S\u00fbriy\u00ea, R\u00fbdaw\u00ea hevd\u00eetinek bi serok\u00ea Bereya Kurdistana S\u00fbriy\u00ea Siamend Haco re p\u00eak an\u00ee.<\/p>\n<p>Di hevd\u00eetin\u00ea de Haco p\u00ea\u015f\u00ee behsa ab\u00fbr\u00ee \u00fb jiyana xelk\u00ea kir, \u00fb got ewqas\u00ee Kurdistana S\u00fbriy\u00ea dewlemend e, l\u00ea ewqas\u00ee j\u00ee xelk hejar e. Herwiha Siyamend Haco rexne li r\u00eaveberiya PYD kir \u00fb got div\u00ea ji xelk\u00ea re diyar be dahat\u00ean petrol\u00ea bi ku ve di\u00e7in, Haco dom kir \u00fb got ber\u00ea me digot rej\u00eem dahat\u00ean petrol\u00ea ji xwe re dibe, l\u00ea niha div\u00ea r\u00eaveberiya PYD w\u00ea yek\u00ea e\u015fkere bike \u00e7i bi dahat\u00ean petrol\u00ea dike.<br \/>\nHaco got ji s\u00eenor heya Tirbespiy\u00ea bi sedan b\u00eer\u00ean petrol\u00ea hene \u00fb xwediy\u00ean dikana bac\u00ean xwe j\u00ee didin , l\u00ea div\u00ea ji xelk\u00ea re xuya bikin \u00e7i ji wan pereyan t\u00ea, \u00fb got xelk gelek\u00ee hejar e \u00fb gelek ji ber neb\u00fbna peran nikarin zarok\u00ean xwe bi\u015f\u00eenin dibistanan.<br \/>\nSerok\u00ea Bereya Kurdistana S\u00fbriy\u00ea, Siyamend Haco, tekez kir, hejmarek ji cotkar\u00ean ez p\u00ea re axiv\u00eem, digotin eger wisa dom bike, em \u00ea dest ji kar berdin.<br \/>\nHer di derbar\u00ea heb\u00fbna peran di dest\u00ea r\u00eaveberiy\u00ea de ku xizmeta p\u00ea\u015fk\u00ea\u015f bike an na, Haco got \u00e7ima pere ji bo kolandina xendekan hene ji bo xelk\u00ea n\u00eene!<\/p>\n<p>Haco tekez kir, ku j\u00eengeh gelek\u00ee p\u00ees b\u00fbye \u00fb li gelek cihan min bor\u00eey\u00ean petrol\u00ea y\u00ean teqiyay\u00ee d\u00eetin ku \u00e7awe petrol gol b\u00fbye, ev yek ziyan\u00ea digih\u00eene erd\u00ea \u00fb \u00e7andiniy\u00ea \u00fb div\u00ea r\u00eaveberiya PYD xizmeta Kurdan bike, l\u00ea nake!<br \/>\nHerwiha Haco tekez kir, ti wateya yekr\u00eaziya kurd\u00ee n\u00eene, eger em xizmeta xelk\u00ea xwe nekin. \u00db got j\u00ee ti feyda w\u00ea n\u00eene eger xwendin bi kurd\u00ee be \u00fb zarok\u00ean me nikarin ji ber hejariy\u00ea bi\u00e7in dibistan\u00ea \u00fb bir\u00e7\u00ee bin!<br \/>\nHaco da zan\u00een, ber\u00ea her car PYD digot ji ber \u015fer nikarin xizmeta p\u00ea\u015fk\u00ea\u015f bikin \u00fb nabe ten\u00ea li ser daxwaz\u00ean siyas\u00ee lihev bikin, div\u00ea kar bikin \u00e7awe em bih\u00ealin xelk vegere \u00fb em welat\u00ea xwe ava bikin<\/p>\n<p>Her di w\u00ea hevd\u00eetin\u00ea de, Haco diyar kir, ku ba\u015f e kes\u00ean weke w\u00ee y\u00ean rexnegir dikarin derbas\u00ee wel\u00eat bibin, tev\u00ee ku hinek ji nava PYD bi xwe heb\u00fbn nedixwestin r\u00ea b\u00ea day\u00een ez derbas bibin, l\u00ea tev\u00ee v\u00ea ba\u015f p\u00ea\u015fwaziya min hate kirin \u00fb ti asteng\u00ee derneketin.<\/p>\n<p>Haco diyar kir \u00fb got armanca serdana me, ew b\u00fb em bin\u00earin em \u00e7awe dikarin bi \u015fanda Kurd\u00ee re al\u00eekar\u00ee bin, ji ber ezm\u00fbneke me ya dir\u00eaj heye \u00fb gelek kes\u00ean pispor y\u00ean ewrop\u00ee nas dikin.<\/p>\n<p>Siyamend Haco tekez kir serdana w\u00ee ney\u00ea wateya guhertina helwest\u00ean w\u00ee ji r\u00eaveberiya PYD, l\u00ea PYD di hin cihan de xwe guhertiye \u00fb eger careke din b\u00fbyer\u00ean Am\u00fbd\u00ea an malbata \u015e\u00eax Henan dubare bibin, ez \u00ea d\u00eesa li dij\u00ee wan dakevim xwep\u00ea\u015fandanan bikin.<\/p>\n<p>Herwiha Haco rexne li ser \u00e7awaniya desp\u00eakirina dan\u00fbstandinan bi \u015eam\u00ea re kir, \u00fb got diviyab\u00fb p\u00ea\u015f\u00ee li ser xal\u00ean sereke lihevhatin \u00e7\u00eab\u00fbba, pi\u015ftre kom\u00eete hatibana avakirin, l\u00ea niha ne wisa ye \u00fb metirs\u00ee hene \u015eam bi \u015fanda Kurd\u00ee neaxive.<\/p>\n","protected":false},"excerpt":{"rendered":"<p>Di derbar\u00ea encam\u00ean serdana \u015fanda Ber\u00ea Kurdistana S\u00fbriy\u00ea ji partiy\u00ean kurd \u00fb endam\u00ean \u015fanda Kurd\u00ee&#8230;<\/p>\n","protected":false},"author":8,"featured_media":2478,"comment_status":"closed","ping_status":"closed","sticky":false,"template":"","format":"standard","meta":{"footnotes":""},"categories":[49],"tags":[],"class_list":["post-2477","post","type-post","status-publish","format-standard","has-post-thumbnail","hentry","category-nuce"],"yoast_head":"<!-- This site is optimized with the Yoast SEO plugin v27.5 - https:\/\/yoast.com\/product\/yoast-seo-wordpress\/ -->\n<title>Siyamend Haco: \u00c7ima pere ji xendekan re hene ji xelk\u00ea re tine &#8226; \u015eAK<\/title>\n<meta name=\"robots\" content=\"index, follow, max-snippet:-1, max-image-preview:large, max-video-preview:-1\" \/>\n<link rel=\"canonical\" href=\"https:\/\/saknews.net\/ku\/?p=2477\" \/>\n<meta property=\"og:locale\" content=\"en_US\" \/>\n<meta property=\"og:type\" content=\"article\" \/>\n<meta property=\"og:title\" content=\"Siyamend Haco: \u00c7ima pere ji xendekan re hene ji xelk\u00ea re tine &#8226; \u015eAK\" \/>\n<meta property=\"og:description\" content=\"Di derbar\u00ea encam\u00ean serdana \u015fanda Ber\u00ea Kurdistana S\u00fbriy\u00ea ji partiy\u00ean kurd \u00fb endam\u00ean \u015fanda Kurd\u00ee...\" \/>\n<meta property=\"og:url\" content=\"https:\/\/saknews.net\/ku\/?p=2477\" \/>\n<meta property=\"og:site_name\" content=\"\u015eAK\" \/>\n<meta property=\"article:publisher\" content=\"https:\/\/www.facebook.com\/Shepel.ewropa\" \/>\n<meta property=\"article:published_time\" content=\"2025-06-18T20:35:00+00:00\" \/>\n<meta property=\"og:image\" content=\"https:\/\/saknews.net\/ku\/wp-content\/uploads\/2025\/06\/Screenshot_20250618_204014_Facebook.jpg\" \/>\n\t<meta property=\"og:image:width\" content=\"1889\" \/>\n\t<meta property=\"og:image:height\" content=\"1080\" \/>\n\t<meta property=\"og:image:type\" content=\"image\/jpeg\" \/>\n<meta name=\"author\" content=\"Horan Hem\" \/>\n<meta name=\"twitter:card\" content=\"summary_large_image\" \/>\n<meta name=\"twitter:label1\" content=\"Written by\" \/>\n\t<meta name=\"twitter:data1\" content=\"Horan Hem\" \/>\n\t<meta name=\"twitter:label2\" content=\"Est. reading time\" \/>\n\t<meta name=\"twitter:data2\" content=\"1 minute\" \/>\n<script type=\"application\/ld+json\" class=\"yoast-schema-graph\">{\"@context\":\"https:\\\/\\\/schema.org\",\"@graph\":[{\"@type\":\"Article\",\"@id\":\"https:\\\/\\\/saknews.net\\\/ku\\\/?p=2477#article\",\"isPartOf\":{\"@id\":\"https:\\\/\\\/saknews.net\\\/ku\\\/?p=2477\"},\"author\":{\"name\":\"Horan Hem\",\"@id\":\"https:\\\/\\\/saknews.net\\\/ku\\\/#\\\/schema\\\/person\\\/72ae32a4041a3817e015b63d8f409058\"},\"headline\":\"Siyamend Haco: \u00c7ima pere ji xendekan re hene ji xelk\u00ea re tine\",\"datePublished\":\"2025-06-18T20:35:00+00:00\",\"mainEntityOfPage\":{\"@id\":\"https:\\\/\\\/saknews.net\\\/ku\\\/?p=2477\"},\"wordCount\":561,\"publisher\":{\"@id\":\"https:\\\/\\\/saknews.net\\\/ku\\\/#organization\"},\"image\":{\"@id\":\"https:\\\/\\\/saknews.net\\\/ku\\\/?p=2477#primaryimage\"},\"thumbnailUrl\":\"https:\\\/\\\/i0.wp.com\\\/saknews.net\\\/ku\\\/wp-content\\\/uploads\\\/2025\\\/06\\\/Screenshot_20250618_204014_Facebook.jpg?fit=1889%2C1080&ssl=1\",\"articleSection\":[\"N\u00fb\u00e7e\"],\"inLanguage\":\"en-US\"},{\"@type\":\"WebPage\",\"@id\":\"https:\\\/\\\/saknews.net\\\/ku\\\/?p=2477\",\"url\":\"https:\\\/\\\/saknews.net\\\/ku\\\/?p=2477\",\"name\":\"Siyamend Haco: \u00c7ima pere ji xendekan re hene ji xelk\u00ea re tine &#8226; \u015eAK\",\"isPartOf\":{\"@id\":\"https:\\\/\\\/saknews.net\\\/ku\\\/#website\"},\"primaryImageOfPage\":{\"@id\":\"https:\\\/\\\/saknews.net\\\/ku\\\/?p=2477#primaryimage\"},\"image\":{\"@id\":\"https:\\\/\\\/saknews.net\\\/ku\\\/?p=2477#primaryimage\"},\"thumbnailUrl\":\"https:\\\/\\\/i0.wp.com\\\/saknews.net\\\/ku\\\/wp-content\\\/uploads\\\/2025\\\/06\\\/Screenshot_20250618_204014_Facebook.jpg?fit=1889%2C1080&ssl=1\",\"datePublished\":\"2025-06-18T20:35:00+00:00\",\"breadcrumb\":{\"@id\":\"https:\\\/\\\/saknews.net\\\/ku\\\/?p=2477#breadcrumb\"},\"inLanguage\":\"en-US\",\"potentialAction\":[{\"@type\":\"ReadAction\",\"target\":[\"https:\\\/\\\/saknews.net\\\/ku\\\/?p=2477\"]}]},{\"@type\":\"ImageObject\",\"inLanguage\":\"en-US\",\"@id\":\"https:\\\/\\\/saknews.net\\\/ku\\\/?p=2477#primaryimage\",\"url\":\"https:\\\/\\\/i0.wp.com\\\/saknews.net\\\/ku\\\/wp-content\\\/uploads\\\/2025\\\/06\\\/Screenshot_20250618_204014_Facebook.jpg?fit=1889%2C1080&ssl=1\",\"contentUrl\":\"https:\\\/\\\/i0.wp.com\\\/saknews.net\\\/ku\\\/wp-content\\\/uploads\\\/2025\\\/06\\\/Screenshot_20250618_204014_Facebook.jpg?fit=1889%2C1080&ssl=1\",\"width\":1889,\"height\":1080},{\"@type\":\"BreadcrumbList\",\"@id\":\"https:\\\/\\\/saknews.net\\\/ku\\\/?p=2477#breadcrumb\",\"itemListElement\":[{\"@type\":\"ListItem\",\"position\":1,\"name\":\"\u0627\u0644\u0631\u0626\u064a\u0633\u064a\u0629\",\"item\":\"https:\\\/\\\/saknews.net\\\/ku\\\/\"},{\"@type\":\"ListItem\",\"position\":2,\"name\":\"N\u00fb\u00e7e\",\"item\":\"https:\\\/\\\/saknews.net\\\/ku\\\/?cat=49\"},{\"@type\":\"ListItem\",\"position\":3,\"name\":\"Siyamend Haco: \u00c7ima pere ji xendekan re hene ji xelk\u00ea re tine\"}]},{\"@type\":\"WebSite\",\"@id\":\"https:\\\/\\\/saknews.net\\\/ku\\\/#website\",\"url\":\"https:\\\/\\\/saknews.net\\\/ku\\\/\",\"name\":\"S\u0327epe\u0302la Azadi\u0302 ya Kurdistani\u0302\",\"description\":\"\u062a\u064a\u0627\u0631 \u0627\u0644\u062d\u0631\u064a\u0629 \u0627\u0644\u0643\u0648\u0631\u062f\u0633\u062a\u0627\u0646\u064a \u015eep\u00eala Azad\u00ee ya Kurdistan\u00ee\",\"publisher\":{\"@id\":\"https:\\\/\\\/saknews.net\\\/ku\\\/#organization\"},\"potentialAction\":[{\"@type\":\"SearchAction\",\"target\":{\"@type\":\"EntryPoint\",\"urlTemplate\":\"https:\\\/\\\/saknews.net\\\/ku\\\/?s={search_term_string}\"},\"query-input\":{\"@type\":\"PropertyValueSpecification\",\"valueRequired\":true,\"valueName\":\"search_term_string\"}}],\"inLanguage\":\"en-US\"},{\"@type\":\"Organization\",\"@id\":\"https:\\\/\\\/saknews.net\\\/ku\\\/#organization\",\"name\":\"\u015eep\u00eala Azadiy\u00ea ya Kurdistan\u00ea - \u062a\u064a\u0627\u0631 \u0627\u0644\u062d\u0631\u064a\u0629 \u0627\u0644\u0643\u0648\u0631\u062f\u0633\u062a\u0627\u0646\u064a\",\"url\":\"https:\\\/\\\/saknews.net\\\/ku\\\/\",\"logo\":{\"@type\":\"ImageObject\",\"inLanguage\":\"en-US\",\"@id\":\"https:\\\/\\\/saknews.net\\\/ku\\\/#\\\/schema\\\/logo\\\/image\\\/\",\"url\":\"https:\\\/\\\/i0.wp.com\\\/saknews.net\\\/ku\\\/wp-content\\\/uploads\\\/2024\\\/11\\\/cropped-logo-1.png?fit=512%2C512&ssl=1\",\"contentUrl\":\"https:\\\/\\\/i0.wp.com\\\/saknews.net\\\/ku\\\/wp-content\\\/uploads\\\/2024\\\/11\\\/cropped-logo-1.png?fit=512%2C512&ssl=1\",\"width\":512,\"height\":512,\"caption\":\"\u015eep\u00eala Azadiy\u00ea ya Kurdistan\u00ea - \u062a\u064a\u0627\u0631 \u0627\u0644\u062d\u0631\u064a\u0629 \u0627\u0644\u0643\u0648\u0631\u062f\u0633\u062a\u0627\u0646\u064a\"},\"image\":{\"@id\":\"https:\\\/\\\/saknews.net\\\/ku\\\/#\\\/schema\\\/logo\\\/image\\\/\"},\"sameAs\":[\"https:\\\/\\\/www.facebook.com\\\/Shepel.ewropa\"]},{\"@type\":\"Person\",\"@id\":\"https:\\\/\\\/saknews.net\\\/ku\\\/#\\\/schema\\\/person\\\/72ae32a4041a3817e015b63d8f409058\",\"name\":\"Horan Hem\",\"url\":\"https:\\\/\\\/saknews.net\\\/ku\\\/?author=8\"}]}<\/script>\n<!-- \/ Yoast SEO plugin. -->","yoast_head_json":{"title":"Siyamend Haco: \u00c7ima pere ji xendekan re hene ji xelk\u00ea re tine &#8226; \u015eAK","robots":{"index":"index","follow":"follow","max-snippet":"max-snippet:-1","max-image-preview":"max-image-preview:large","max-video-preview":"max-video-preview:-1"},"canonical":"https:\/\/saknews.net\/ku\/?p=2477","og_locale":"en_US","og_type":"article","og_title":"Siyamend Haco: \u00c7ima pere ji xendekan re hene ji xelk\u00ea re tine &#8226; \u015eAK","og_description":"Di derbar\u00ea encam\u00ean serdana \u015fanda Ber\u00ea Kurdistana S\u00fbriy\u00ea ji partiy\u00ean kurd \u00fb endam\u00ean \u015fanda Kurd\u00ee...","og_url":"https:\/\/saknews.net\/ku\/?p=2477","og_site_name":"\u015eAK","article_publisher":"https:\/\/www.facebook.com\/Shepel.ewropa","article_published_time":"2025-06-18T20:35:00+00:00","og_image":[{"width":1889,"height":1080,"url":"https:\/\/saknews.net\/ku\/wp-content\/uploads\/2025\/06\/Screenshot_20250618_204014_Facebook.jpg","type":"image\/jpeg"}],"author":"Horan Hem","twitter_card":"summary_large_image","twitter_misc":{"Written by":"Horan Hem","Est. reading time":"1 minute"},"schema":{"@context":"https:\/\/schema.org","@graph":[{"@type":"Article","@id":"https:\/\/saknews.net\/ku\/?p=2477#article","isPartOf":{"@id":"https:\/\/saknews.net\/ku\/?p=2477"},"author":{"name":"Horan Hem","@id":"https:\/\/saknews.net\/ku\/#\/schema\/person\/72ae32a4041a3817e015b63d8f409058"},"headline":"Siyamend Haco: \u00c7ima pere ji xendekan re hene ji xelk\u00ea re tine","datePublished":"2025-06-18T20:35:00+00:00","mainEntityOfPage":{"@id":"https:\/\/saknews.net\/ku\/?p=2477"},"wordCount":561,"publisher":{"@id":"https:\/\/saknews.net\/ku\/#organization"},"image":{"@id":"https:\/\/saknews.net\/ku\/?p=2477#primaryimage"},"thumbnailUrl":"https:\/\/i0.wp.com\/saknews.net\/ku\/wp-content\/uploads\/2025\/06\/Screenshot_20250618_204014_Facebook.jpg?fit=1889%2C1080&ssl=1","articleSection":["N\u00fb\u00e7e"],"inLanguage":"en-US"},{"@type":"WebPage","@id":"https:\/\/saknews.net\/ku\/?p=2477","url":"https:\/\/saknews.net\/ku\/?p=2477","name":"Siyamend Haco: \u00c7ima pere ji xendekan re hene ji xelk\u00ea re tine &#8226; \u015eAK","isPartOf":{"@id":"https:\/\/saknews.net\/ku\/#website"},"primaryImageOfPage":{"@id":"https:\/\/saknews.net\/ku\/?p=2477#primaryimage"},"image":{"@id":"https:\/\/saknews.net\/ku\/?p=2477#primaryimage"},"thumbnailUrl":"https:\/\/i0.wp.com\/saknews.net\/ku\/wp-content\/uploads\/2025\/06\/Screenshot_20250618_204014_Facebook.jpg?fit=1889%2C1080&ssl=1","datePublished":"2025-06-18T20:35:00+00:00","breadcrumb":{"@id":"https:\/\/saknews.net\/ku\/?p=2477#breadcrumb"},"inLanguage":"en-US","potentialAction":[{"@type":"ReadAction","target":["https:\/\/saknews.net\/ku\/?p=2477"]}]},{"@type":"ImageObject","inLanguage":"en-US","@id":"https:\/\/saknews.net\/ku\/?p=2477#primaryimage","url":"https:\/\/i0.wp.com\/saknews.net\/ku\/wp-content\/uploads\/2025\/06\/Screenshot_20250618_204014_Facebook.jpg?fit=1889%2C1080&ssl=1","contentUrl":"https:\/\/i0.wp.com\/saknews.net\/ku\/wp-content\/uploads\/2025\/06\/Screenshot_20250618_204014_Facebook.jpg?fit=1889%2C1080&ssl=1","width":1889,"height":1080},{"@type":"BreadcrumbList","@id":"https:\/\/saknews.net\/ku\/?p=2477#breadcrumb","itemListElement":[{"@type":"ListItem","position":1,"name":"\u0627\u0644\u0631\u0626\u064a\u0633\u064a\u0629","item":"https:\/\/saknews.net\/ku\/"},{"@type":"ListItem","position":2,"name":"N\u00fb\u00e7e","item":"https:\/\/saknews.net\/ku\/?cat=49"},{"@type":"ListItem","position":3,"name":"Siyamend Haco: \u00c7ima pere ji xendekan re hene ji xelk\u00ea re tine"}]},{"@type":"WebSite","@id":"https:\/\/saknews.net\/ku\/#website","url":"https:\/\/saknews.net\/ku\/","name":"S\u0327epe\u0302la Azadi\u0302 ya Kurdistani\u0302","description":"\u062a\u064a\u0627\u0631 \u0627\u0644\u062d\u0631\u064a\u0629 \u0627\u0644\u0643\u0648\u0631\u062f\u0633\u062a\u0627\u0646\u064a \u015eep\u00eala Azad\u00ee ya Kurdistan\u00ee","publisher":{"@id":"https:\/\/saknews.net\/ku\/#organization"},"potentialAction":[{"@type":"SearchAction","target":{"@type":"EntryPoint","urlTemplate":"https:\/\/saknews.net\/ku\/?s={search_term_string}"},"query-input":{"@type":"PropertyValueSpecification","valueRequired":true,"valueName":"search_term_string"}}],"inLanguage":"en-US"},{"@type":"Organization","@id":"https:\/\/saknews.net\/ku\/#organization","name":"\u015eep\u00eala Azadiy\u00ea ya Kurdistan\u00ea - \u062a\u064a\u0627\u0631 \u0627\u0644\u062d\u0631\u064a\u0629 \u0627\u0644\u0643\u0648\u0631\u062f\u0633\u062a\u0627\u0646\u064a","url":"https:\/\/saknews.net\/ku\/","logo":{"@type":"ImageObject","inLanguage":"en-US","@id":"https:\/\/saknews.net\/ku\/#\/schema\/logo\/image\/","url":"https:\/\/i0.wp.com\/saknews.net\/ku\/wp-content\/uploads\/2024\/11\/cropped-logo-1.png?fit=512%2C512&ssl=1","contentUrl":"https:\/\/i0.wp.com\/saknews.net\/ku\/wp-content\/uploads\/2024\/11\/cropped-logo-1.png?fit=512%2C512&ssl=1","width":512,"height":512,"caption":"\u015eep\u00eala Azadiy\u00ea ya Kurdistan\u00ea - \u062a\u064a\u0627\u0631 \u0627\u0644\u062d\u0631\u064a\u0629 \u0627\u0644\u0643\u0648\u0631\u062f\u0633\u062a\u0627\u0646\u064a"},"image":{"@id":"https:\/\/saknews.net\/ku\/#\/schema\/logo\/image\/"},"sameAs":["https:\/\/www.facebook.com\/Shepel.ewropa"]},{"@type":"Person","@id":"https:\/\/saknews.net\/ku\/#\/schema\/person\/72ae32a4041a3817e015b63d8f409058","name":"Horan Hem","url":"https:\/\/saknews.net\/ku\/?author=8"}]}},"featured_image_urls":{"full":["https:\/\/i0.wp.com\/saknews.net\/ku\/wp-content\/uploads\/2025\/06\/Screenshot_20250618_204014_Facebook.jpg?fit=1889%2C1080&ssl=1",1889,1080,false],"thumbnail":["https:\/\/i0.wp.com\/saknews.net\/ku\/wp-content\/uploads\/2025\/06\/Screenshot_20250618_204014_Facebook.jpg?resize=150%2C150&ssl=1",150,150,true],"medium":["https:\/\/i0.wp.com\/saknews.net\/ku\/wp-content\/uploads\/2025\/06\/Screenshot_20250618_204014_Facebook.jpg?fit=300%2C172&ssl=1",300,172,true],"medium_large":["https:\/\/i0.wp.com\/saknews.net\/ku\/wp-content\/uploads\/2025\/06\/Screenshot_20250618_204014_Facebook.jpg?fit=640%2C366&ssl=1",640,366,true],"large":["https:\/\/i0.wp.com\/saknews.net\/ku\/wp-content\/uploads\/2025\/06\/Screenshot_20250618_204014_Facebook.jpg?fit=640%2C366&ssl=1",640,366,true],"1536x1536":["https:\/\/i0.wp.com\/saknews.net\/ku\/wp-content\/uploads\/2025\/06\/Screenshot_20250618_204014_Facebook.jpg?fit=1536%2C878&ssl=1",1536,878,true],"2048x2048":["https:\/\/i0.wp.com\/saknews.net\/ku\/wp-content\/uploads\/2025\/06\/Screenshot_20250618_204014_Facebook.jpg?fit=1889%2C1080&ssl=1",1889,1080,true],"covernews-featured":["https:\/\/i0.wp.com\/saknews.net\/ku\/wp-content\/uploads\/2025\/06\/Screenshot_20250618_204014_Facebook.jpg?fit=1024%2C585&ssl=1",1024,585,true],"covernews-medium":["https:\/\/i0.wp.com\/saknews.net\/ku\/wp-content\/uploads\/2025\/06\/Screenshot_20250618_204014_Facebook.jpg?resize=540%2C340&ssl=1",540,340,true]},"author_info":{"display_name":"Horan Hem","author_link":"https:\/\/saknews.net\/ku\/?author=8"},"category_info":"<a href=\"https:\/\/saknews.net\/ku\/?cat=49\" rel=\"category\">N\u00fb\u00e7e<\/a>","tag_info":"N\u00fb\u00e7e","comment_count":"0","_links":{"self":[{"href":"https:\/\/saknews.net\/ku\/index.php?rest_route=\/wp\/v2\/posts\/2477","targetHints":{"allow":["GET"]}}],"collection":[{"href":"https:\/\/saknews.net\/ku\/index.php?rest_route=\/wp\/v2\/posts"}],"about":[{"href":"https:\/\/saknews.net\/ku\/index.php?rest_route=\/wp\/v2\/types\/post"}],"author":[{"embeddable":true,"href":"https:\/\/saknews.net\/ku\/index.php?rest_route=\/wp\/v2\/users\/8"}],"replies":[{"embeddable":true,"href":"https:\/\/saknews.net\/ku\/index.php?rest_route=%2Fwp%2Fv2%2Fcomments&post=2477"}],"version-history":[{"count":1,"href":"https:\/\/saknews.net\/ku\/index.php?rest_route=\/wp\/v2\/posts\/2477\/revisions"}],"predecessor-version":[{"id":2479,"href":"https:\/\/saknews.net\/ku\/index.php?rest_route=\/wp\/v2\/posts\/2477\/revisions\/2479"}],"wp:featuredmedia":[{"embeddable":true,"href":"https:\/\/saknews.net\/ku\/index.php?rest_route=\/wp\/v2\/media\/2478"}],"wp:attachment":[{"href":"https:\/\/saknews.net\/ku\/index.php?rest_route=%2Fwp%2Fv2%2Fmedia&parent=2477"}],"wp:term":[{"taxonomy":"category","embeddable":true,"href":"https:\/\/saknews.net\/ku\/index.php?rest_route=%2Fwp%2Fv2%2Fcategories&post=2477"},{"taxonomy":"post_tag","embeddable":true,"href":"https:\/\/saknews.net\/ku\/index.php?rest_route=%2Fwp%2Fv2%2Ftags&post=2477"}],"curies":[{"name":"wp","href":"https:\/\/api.w.org\/{rel}","templated":true}]}}