{"id":2481,"date":"2025-06-19T06:13:30","date_gmt":"2025-06-19T06:13:30","guid":{"rendered":"https:\/\/saknews.net\/ku\/?p=2481"},"modified":"2025-06-19T06:13:30","modified_gmt":"2025-06-19T06:13:30","slug":"seidi-ehmed-pire-peswaziya-sanda-bere-kurdistana-suriye-dike","status":"publish","type":"post","link":"https:\/\/saknews.net\/ku\/?p=2481","title":{"rendered":"Seid\u00ee Ehmed P\u00eere p\u00ea\u015fwaziya \u015fanda Ber\u00ea Kurdistana S\u00fbriy\u00ea dike"},"content":{"rendered":"<p>Duh li Bajar\u00ea Hewl\u00ear\u00ea, \u015fandeke Ber\u00ea Kurdistana S\u00fbriy\u00ea serdana Seid\u00ee Ehmed P\u00eere endam\u00ea pol\u00eetb\u00eeroya Yek\u00eetiya Ni\u015ftiman\u00ee ya Kurdistan\u00ea YNK kir. \u015eanda Ber\u00ea Kurdistana S\u00fbriy\u00ea ji Siyamend Haco serok\u00ea w\u00ea \u00fb Ebdilrehman Hebe\u015f sekreter\u00ea Partiya Demokrat a Kurd li S\u00fbriy\u00ea (El-Part\u00ee) p\u00eak hatib\u00fb.<\/p>\n<p>Di civ\u00een\u00ea de herdu aliyan behsa rew\u015fa siyas\u00ee li Kurdistana S\u00fbriy\u00ea kir, Serok\u00ea Ber\u00ea Kurdistana S\u00fbriy\u00ea, Siyamend Haco, behsa serdana \u015fanda wan ji bo Kurdistana S\u00fbriy\u00ea kir, ku bi part\u00ee \u00fb endam\u00ean \u015fanda Kurd\u00ee re hevd\u00eetin p\u00eak an\u00eeb\u00fbn \u00fb t\u00eade li ser pabendb\u00fbna bi encam\u00ean konfrans\u00ea hevbe\u015f weke federal\u00eezm \u00fb b\u00fbna Kurdistana S\u00fbriy\u00ea her\u00eameke yekgirt\u00ee, tekez kirib\u00fbn.<\/p>\n<p>Endam\u00ea pol\u00eetb\u00eeroya YNK j\u00ee pi\u015ftgiriya xwe ji bo \u015fanda Kurd\u00ee \u00fb kar\u00ean w\u00ea an\u00ee ziman, ku kurd bigihin maf\u00ean xwe y\u00ean rewa di S\u00fbriya n\u00fb de.<\/p>\n<p>Herwiha herdu aliyan li ser xurtkirina t\u00eakiliy\u00ean dual\u00ee y\u00ean li ser bingeha lihevr\u00eazgirtin\u00ea tekez kirin ku bikevin berjewendiy\u00ean gel\u00ea Kurdistan\u00ea bi gi\u015ft\u00ee.<\/p>\n<p>Of\u00eesa Ragihandin\u00ea<br \/>\nBer\u00ea Kurdistana S\u00fbriy\u00ea<br \/>\n19.06.2025<\/p>\n","protected":false},"excerpt":{"rendered":"<p>Duh li Bajar\u00ea Hewl\u00ear\u00ea, \u015fandeke Ber\u00ea Kurdistana S\u00fbriy\u00ea serdana Seid\u00ee Ehmed P\u00eere endam\u00ea pol\u00eetb\u00eeroya Yek\u00eetiya&#8230;<\/p>\n","protected":false},"author":8,"featured_media":2482,"comment_status":"closed","ping_status":"closed","sticky":false,"template":"","format":"standard","meta":{"footnotes":""},"categories":[42,49],"tags":[],"class_list":["post-2481","post","type-post","status-publish","format-standard","has-post-thumbnail","hentry","category-hevditin","category-nuce"],"yoast_head":"<!-- This site is optimized with the Yoast SEO plugin v27.5 - https:\/\/yoast.com\/product\/yoast-seo-wordpress\/ -->\n<title>Seid\u00ee Ehmed P\u00eere p\u00ea\u015fwaziya \u015fanda Ber\u00ea Kurdistana S\u00fbriy\u00ea dike &#8226; \u015eAK<\/title>\n<meta name=\"robots\" content=\"index, follow, max-snippet:-1, max-image-preview:large, max-video-preview:-1\" \/>\n<link rel=\"canonical\" href=\"https:\/\/saknews.net\/ku\/?p=2481\" \/>\n<meta property=\"og:locale\" content=\"en_US\" \/>\n<meta property=\"og:type\" content=\"article\" \/>\n<meta property=\"og:title\" content=\"Seid\u00ee Ehmed P\u00eere p\u00ea\u015fwaziya \u015fanda Ber\u00ea Kurdistana S\u00fbriy\u00ea dike &#8226; \u015eAK\" \/>\n<meta property=\"og:description\" content=\"Duh li Bajar\u00ea Hewl\u00ear\u00ea, \u015fandeke Ber\u00ea Kurdistana S\u00fbriy\u00ea serdana Seid\u00ee Ehmed P\u00eere endam\u00ea pol\u00eetb\u00eeroya Yek\u00eetiya...\" \/>\n<meta property=\"og:url\" content=\"https:\/\/saknews.net\/ku\/?p=2481\" \/>\n<meta property=\"og:site_name\" content=\"\u015eAK\" \/>\n<meta property=\"article:publisher\" content=\"https:\/\/www.facebook.com\/Shepel.ewropa\" \/>\n<meta property=\"article:published_time\" content=\"2025-06-19T06:13:30+00:00\" \/>\n<meta property=\"og:image\" content=\"https:\/\/saknews.net\/ku\/wp-content\/uploads\/2025\/06\/IMG-20250618-WA0012.jpg\" \/>\n\t<meta property=\"og:image:width\" content=\"1600\" \/>\n\t<meta property=\"og:image:height\" content=\"1200\" \/>\n\t<meta property=\"og:image:type\" content=\"image\/jpeg\" \/>\n<meta name=\"author\" content=\"Horan Hem\" \/>\n<meta name=\"twitter:card\" content=\"summary_large_image\" \/>\n<meta name=\"twitter:label1\" content=\"Written by\" \/>\n\t<meta name=\"twitter:data1\" content=\"Horan Hem\" \/>\n\t<meta name=\"twitter:label2\" content=\"Est. reading time\" \/>\n\t<meta name=\"twitter:data2\" content=\"1 minute\" \/>\n<script type=\"application\/ld+json\" class=\"yoast-schema-graph\">{\"@context\":\"https:\\\/\\\/schema.org\",\"@graph\":[{\"@type\":\"Article\",\"@id\":\"https:\\\/\\\/saknews.net\\\/ku\\\/?p=2481#article\",\"isPartOf\":{\"@id\":\"https:\\\/\\\/saknews.net\\\/ku\\\/?p=2481\"},\"author\":{\"name\":\"Horan Hem\",\"@id\":\"https:\\\/\\\/saknews.net\\\/ku\\\/#\\\/schema\\\/person\\\/72ae32a4041a3817e015b63d8f409058\"},\"headline\":\"Seid\u00ee Ehmed P\u00eere p\u00ea\u015fwaziya \u015fanda Ber\u00ea Kurdistana S\u00fbriy\u00ea dike\",\"datePublished\":\"2025-06-19T06:13:30+00:00\",\"mainEntityOfPage\":{\"@id\":\"https:\\\/\\\/saknews.net\\\/ku\\\/?p=2481\"},\"wordCount\":202,\"publisher\":{\"@id\":\"https:\\\/\\\/saknews.net\\\/ku\\\/#organization\"},\"image\":{\"@id\":\"https:\\\/\\\/saknews.net\\\/ku\\\/?p=2481#primaryimage\"},\"thumbnailUrl\":\"https:\\\/\\\/i0.wp.com\\\/saknews.net\\\/ku\\\/wp-content\\\/uploads\\\/2025\\\/06\\\/IMG-20250618-WA0012.jpg?fit=1600%2C1200&ssl=1\",\"articleSection\":[\"Hevd\u00eetin\",\"N\u00fb\u00e7e\"],\"inLanguage\":\"en-US\"},{\"@type\":\"WebPage\",\"@id\":\"https:\\\/\\\/saknews.net\\\/ku\\\/?p=2481\",\"url\":\"https:\\\/\\\/saknews.net\\\/ku\\\/?p=2481\",\"name\":\"Seid\u00ee Ehmed P\u00eere p\u00ea\u015fwaziya \u015fanda Ber\u00ea Kurdistana S\u00fbriy\u00ea dike &#8226; \u015eAK\",\"isPartOf\":{\"@id\":\"https:\\\/\\\/saknews.net\\\/ku\\\/#website\"},\"primaryImageOfPage\":{\"@id\":\"https:\\\/\\\/saknews.net\\\/ku\\\/?p=2481#primaryimage\"},\"image\":{\"@id\":\"https:\\\/\\\/saknews.net\\\/ku\\\/?p=2481#primaryimage\"},\"thumbnailUrl\":\"https:\\\/\\\/i0.wp.com\\\/saknews.net\\\/ku\\\/wp-content\\\/uploads\\\/2025\\\/06\\\/IMG-20250618-WA0012.jpg?fit=1600%2C1200&ssl=1\",\"datePublished\":\"2025-06-19T06:13:30+00:00\",\"breadcrumb\":{\"@id\":\"https:\\\/\\\/saknews.net\\\/ku\\\/?p=2481#breadcrumb\"},\"inLanguage\":\"en-US\",\"potentialAction\":[{\"@type\":\"ReadAction\",\"target\":[\"https:\\\/\\\/saknews.net\\\/ku\\\/?p=2481\"]}]},{\"@type\":\"ImageObject\",\"inLanguage\":\"en-US\",\"@id\":\"https:\\\/\\\/saknews.net\\\/ku\\\/?p=2481#primaryimage\",\"url\":\"https:\\\/\\\/i0.wp.com\\\/saknews.net\\\/ku\\\/wp-content\\\/uploads\\\/2025\\\/06\\\/IMG-20250618-WA0012.jpg?fit=1600%2C1200&ssl=1\",\"contentUrl\":\"https:\\\/\\\/i0.wp.com\\\/saknews.net\\\/ku\\\/wp-content\\\/uploads\\\/2025\\\/06\\\/IMG-20250618-WA0012.jpg?fit=1600%2C1200&ssl=1\",\"width\":1600,\"height\":1200},{\"@type\":\"BreadcrumbList\",\"@id\":\"https:\\\/\\\/saknews.net\\\/ku\\\/?p=2481#breadcrumb\",\"itemListElement\":[{\"@type\":\"ListItem\",\"position\":1,\"name\":\"\u0627\u0644\u0631\u0626\u064a\u0633\u064a\u0629\",\"item\":\"https:\\\/\\\/saknews.net\\\/ku\\\/\"},{\"@type\":\"ListItem\",\"position\":2,\"name\":\"N\u00fb\u00e7e\",\"item\":\"https:\\\/\\\/saknews.net\\\/ku\\\/?cat=49\"},{\"@type\":\"ListItem\",\"position\":3,\"name\":\"Seid\u00ee Ehmed P\u00eere p\u00ea\u015fwaziya \u015fanda Ber\u00ea Kurdistana S\u00fbriy\u00ea dike\"}]},{\"@type\":\"WebSite\",\"@id\":\"https:\\\/\\\/saknews.net\\\/ku\\\/#website\",\"url\":\"https:\\\/\\\/saknews.net\\\/ku\\\/\",\"name\":\"S\u0327epe\u0302la Azadi\u0302 ya Kurdistani\u0302\",\"description\":\"\u062a\u064a\u0627\u0631 \u0627\u0644\u062d\u0631\u064a\u0629 \u0627\u0644\u0643\u0648\u0631\u062f\u0633\u062a\u0627\u0646\u064a \u015eep\u00eala Azad\u00ee ya Kurdistan\u00ee\",\"publisher\":{\"@id\":\"https:\\\/\\\/saknews.net\\\/ku\\\/#organization\"},\"potentialAction\":[{\"@type\":\"SearchAction\",\"target\":{\"@type\":\"EntryPoint\",\"urlTemplate\":\"https:\\\/\\\/saknews.net\\\/ku\\\/?s={search_term_string}\"},\"query-input\":{\"@type\":\"PropertyValueSpecification\",\"valueRequired\":true,\"valueName\":\"search_term_string\"}}],\"inLanguage\":\"en-US\"},{\"@type\":\"Organization\",\"@id\":\"https:\\\/\\\/saknews.net\\\/ku\\\/#organization\",\"name\":\"\u015eep\u00eala Azadiy\u00ea ya Kurdistan\u00ea - \u062a\u064a\u0627\u0631 \u0627\u0644\u062d\u0631\u064a\u0629 \u0627\u0644\u0643\u0648\u0631\u062f\u0633\u062a\u0627\u0646\u064a\",\"url\":\"https:\\\/\\\/saknews.net\\\/ku\\\/\",\"logo\":{\"@type\":\"ImageObject\",\"inLanguage\":\"en-US\",\"@id\":\"https:\\\/\\\/saknews.net\\\/ku\\\/#\\\/schema\\\/logo\\\/image\\\/\",\"url\":\"https:\\\/\\\/i0.wp.com\\\/saknews.net\\\/ku\\\/wp-content\\\/uploads\\\/2024\\\/11\\\/cropped-logo-1.png?fit=512%2C512&ssl=1\",\"contentUrl\":\"https:\\\/\\\/i0.wp.com\\\/saknews.net\\\/ku\\\/wp-content\\\/uploads\\\/2024\\\/11\\\/cropped-logo-1.png?fit=512%2C512&ssl=1\",\"width\":512,\"height\":512,\"caption\":\"\u015eep\u00eala Azadiy\u00ea ya Kurdistan\u00ea - \u062a\u064a\u0627\u0631 \u0627\u0644\u062d\u0631\u064a\u0629 \u0627\u0644\u0643\u0648\u0631\u062f\u0633\u062a\u0627\u0646\u064a\"},\"image\":{\"@id\":\"https:\\\/\\\/saknews.net\\\/ku\\\/#\\\/schema\\\/logo\\\/image\\\/\"},\"sameAs\":[\"https:\\\/\\\/www.facebook.com\\\/Shepel.ewropa\"]},{\"@type\":\"Person\",\"@id\":\"https:\\\/\\\/saknews.net\\\/ku\\\/#\\\/schema\\\/person\\\/72ae32a4041a3817e015b63d8f409058\",\"name\":\"Horan Hem\",\"url\":\"https:\\\/\\\/saknews.net\\\/ku\\\/?author=8\"}]}<\/script>\n<!-- \/ Yoast SEO plugin. -->","yoast_head_json":{"title":"Seid\u00ee Ehmed P\u00eere p\u00ea\u015fwaziya \u015fanda Ber\u00ea Kurdistana S\u00fbriy\u00ea dike &#8226; \u015eAK","robots":{"index":"index","follow":"follow","max-snippet":"max-snippet:-1","max-image-preview":"max-image-preview:large","max-video-preview":"max-video-preview:-1"},"canonical":"https:\/\/saknews.net\/ku\/?p=2481","og_locale":"en_US","og_type":"article","og_title":"Seid\u00ee Ehmed P\u00eere p\u00ea\u015fwaziya \u015fanda Ber\u00ea Kurdistana S\u00fbriy\u00ea dike &#8226; \u015eAK","og_description":"Duh li Bajar\u00ea Hewl\u00ear\u00ea, \u015fandeke Ber\u00ea Kurdistana S\u00fbriy\u00ea serdana Seid\u00ee Ehmed P\u00eere endam\u00ea pol\u00eetb\u00eeroya Yek\u00eetiya...","og_url":"https:\/\/saknews.net\/ku\/?p=2481","og_site_name":"\u015eAK","article_publisher":"https:\/\/www.facebook.com\/Shepel.ewropa","article_published_time":"2025-06-19T06:13:30+00:00","og_image":[{"width":1600,"height":1200,"url":"https:\/\/saknews.net\/ku\/wp-content\/uploads\/2025\/06\/IMG-20250618-WA0012.jpg","type":"image\/jpeg"}],"author":"Horan Hem","twitter_card":"summary_large_image","twitter_misc":{"Written by":"Horan Hem","Est. reading time":"1 minute"},"schema":{"@context":"https:\/\/schema.org","@graph":[{"@type":"Article","@id":"https:\/\/saknews.net\/ku\/?p=2481#article","isPartOf":{"@id":"https:\/\/saknews.net\/ku\/?p=2481"},"author":{"name":"Horan Hem","@id":"https:\/\/saknews.net\/ku\/#\/schema\/person\/72ae32a4041a3817e015b63d8f409058"},"headline":"Seid\u00ee Ehmed P\u00eere p\u00ea\u015fwaziya \u015fanda Ber\u00ea Kurdistana S\u00fbriy\u00ea dike","datePublished":"2025-06-19T06:13:30+00:00","mainEntityOfPage":{"@id":"https:\/\/saknews.net\/ku\/?p=2481"},"wordCount":202,"publisher":{"@id":"https:\/\/saknews.net\/ku\/#organization"},"image":{"@id":"https:\/\/saknews.net\/ku\/?p=2481#primaryimage"},"thumbnailUrl":"https:\/\/i0.wp.com\/saknews.net\/ku\/wp-content\/uploads\/2025\/06\/IMG-20250618-WA0012.jpg?fit=1600%2C1200&ssl=1","articleSection":["Hevd\u00eetin","N\u00fb\u00e7e"],"inLanguage":"en-US"},{"@type":"WebPage","@id":"https:\/\/saknews.net\/ku\/?p=2481","url":"https:\/\/saknews.net\/ku\/?p=2481","name":"Seid\u00ee Ehmed P\u00eere p\u00ea\u015fwaziya \u015fanda Ber\u00ea Kurdistana S\u00fbriy\u00ea dike &#8226; \u015eAK","isPartOf":{"@id":"https:\/\/saknews.net\/ku\/#website"},"primaryImageOfPage":{"@id":"https:\/\/saknews.net\/ku\/?p=2481#primaryimage"},"image":{"@id":"https:\/\/saknews.net\/ku\/?p=2481#primaryimage"},"thumbnailUrl":"https:\/\/i0.wp.com\/saknews.net\/ku\/wp-content\/uploads\/2025\/06\/IMG-20250618-WA0012.jpg?fit=1600%2C1200&ssl=1","datePublished":"2025-06-19T06:13:30+00:00","breadcrumb":{"@id":"https:\/\/saknews.net\/ku\/?p=2481#breadcrumb"},"inLanguage":"en-US","potentialAction":[{"@type":"ReadAction","target":["https:\/\/saknews.net\/ku\/?p=2481"]}]},{"@type":"ImageObject","inLanguage":"en-US","@id":"https:\/\/saknews.net\/ku\/?p=2481#primaryimage","url":"https:\/\/i0.wp.com\/saknews.net\/ku\/wp-content\/uploads\/2025\/06\/IMG-20250618-WA0012.jpg?fit=1600%2C1200&ssl=1","contentUrl":"https:\/\/i0.wp.com\/saknews.net\/ku\/wp-content\/uploads\/2025\/06\/IMG-20250618-WA0012.jpg?fit=1600%2C1200&ssl=1","width":1600,"height":1200},{"@type":"BreadcrumbList","@id":"https:\/\/saknews.net\/ku\/?p=2481#breadcrumb","itemListElement":[{"@type":"ListItem","position":1,"name":"\u0627\u0644\u0631\u0626\u064a\u0633\u064a\u0629","item":"https:\/\/saknews.net\/ku\/"},{"@type":"ListItem","position":2,"name":"N\u00fb\u00e7e","item":"https:\/\/saknews.net\/ku\/?cat=49"},{"@type":"ListItem","position":3,"name":"Seid\u00ee Ehmed P\u00eere p\u00ea\u015fwaziya \u015fanda Ber\u00ea Kurdistana S\u00fbriy\u00ea dike"}]},{"@type":"WebSite","@id":"https:\/\/saknews.net\/ku\/#website","url":"https:\/\/saknews.net\/ku\/","name":"S\u0327epe\u0302la Azadi\u0302 ya Kurdistani\u0302","description":"\u062a\u064a\u0627\u0631 \u0627\u0644\u062d\u0631\u064a\u0629 \u0627\u0644\u0643\u0648\u0631\u062f\u0633\u062a\u0627\u0646\u064a \u015eep\u00eala Azad\u00ee ya Kurdistan\u00ee","publisher":{"@id":"https:\/\/saknews.net\/ku\/#organization"},"potentialAction":[{"@type":"SearchAction","target":{"@type":"EntryPoint","urlTemplate":"https:\/\/saknews.net\/ku\/?s={search_term_string}"},"query-input":{"@type":"PropertyValueSpecification","valueRequired":true,"valueName":"search_term_string"}}],"inLanguage":"en-US"},{"@type":"Organization","@id":"https:\/\/saknews.net\/ku\/#organization","name":"\u015eep\u00eala Azadiy\u00ea ya Kurdistan\u00ea - \u062a\u064a\u0627\u0631 \u0627\u0644\u062d\u0631\u064a\u0629 \u0627\u0644\u0643\u0648\u0631\u062f\u0633\u062a\u0627\u0646\u064a","url":"https:\/\/saknews.net\/ku\/","logo":{"@type":"ImageObject","inLanguage":"en-US","@id":"https:\/\/saknews.net\/ku\/#\/schema\/logo\/image\/","url":"https:\/\/i0.wp.com\/saknews.net\/ku\/wp-content\/uploads\/2024\/11\/cropped-logo-1.png?fit=512%2C512&ssl=1","contentUrl":"https:\/\/i0.wp.com\/saknews.net\/ku\/wp-content\/uploads\/2024\/11\/cropped-logo-1.png?fit=512%2C512&ssl=1","width":512,"height":512,"caption":"\u015eep\u00eala Azadiy\u00ea ya Kurdistan\u00ea - \u062a\u064a\u0627\u0631 \u0627\u0644\u062d\u0631\u064a\u0629 \u0627\u0644\u0643\u0648\u0631\u062f\u0633\u062a\u0627\u0646\u064a"},"image":{"@id":"https:\/\/saknews.net\/ku\/#\/schema\/logo\/image\/"},"sameAs":["https:\/\/www.facebook.com\/Shepel.ewropa"]},{"@type":"Person","@id":"https:\/\/saknews.net\/ku\/#\/schema\/person\/72ae32a4041a3817e015b63d8f409058","name":"Horan Hem","url":"https:\/\/saknews.net\/ku\/?author=8"}]}},"featured_image_urls":{"full":["https:\/\/i0.wp.com\/saknews.net\/ku\/wp-content\/uploads\/2025\/06\/IMG-20250618-WA0012.jpg?fit=1600%2C1200&ssl=1",1600,1200,false],"thumbnail":["https:\/\/i0.wp.com\/saknews.net\/ku\/wp-content\/uploads\/2025\/06\/IMG-20250618-WA0012.jpg?resize=150%2C150&ssl=1",150,150,true],"medium":["https:\/\/i0.wp.com\/saknews.net\/ku\/wp-content\/uploads\/2025\/06\/IMG-20250618-WA0012.jpg?fit=300%2C225&ssl=1",300,225,true],"medium_large":["https:\/\/i0.wp.com\/saknews.net\/ku\/wp-content\/uploads\/2025\/06\/IMG-20250618-WA0012.jpg?fit=640%2C480&ssl=1",640,480,true],"large":["https:\/\/i0.wp.com\/saknews.net\/ku\/wp-content\/uploads\/2025\/06\/IMG-20250618-WA0012.jpg?fit=640%2C480&ssl=1",640,480,true],"1536x1536":["https:\/\/i0.wp.com\/saknews.net\/ku\/wp-content\/uploads\/2025\/06\/IMG-20250618-WA0012.jpg?fit=1536%2C1152&ssl=1",1536,1152,true],"2048x2048":["https:\/\/i0.wp.com\/saknews.net\/ku\/wp-content\/uploads\/2025\/06\/IMG-20250618-WA0012.jpg?fit=1600%2C1200&ssl=1",1600,1200,true],"covernews-featured":["https:\/\/i0.wp.com\/saknews.net\/ku\/wp-content\/uploads\/2025\/06\/IMG-20250618-WA0012.jpg?fit=1024%2C768&ssl=1",1024,768,true],"covernews-medium":["https:\/\/i0.wp.com\/saknews.net\/ku\/wp-content\/uploads\/2025\/06\/IMG-20250618-WA0012.jpg?resize=540%2C340&ssl=1",540,340,true]},"author_info":{"display_name":"Horan Hem","author_link":"https:\/\/saknews.net\/ku\/?author=8"},"category_info":"<a href=\"https:\/\/saknews.net\/ku\/?cat=42\" rel=\"category\">Hevd\u00eetin<\/a> <a href=\"https:\/\/saknews.net\/ku\/?cat=49\" rel=\"category\">N\u00fb\u00e7e<\/a>","tag_info":"N\u00fb\u00e7e","comment_count":"0","_links":{"self":[{"href":"https:\/\/saknews.net\/ku\/index.php?rest_route=\/wp\/v2\/posts\/2481","targetHints":{"allow":["GET"]}}],"collection":[{"href":"https:\/\/saknews.net\/ku\/index.php?rest_route=\/wp\/v2\/posts"}],"about":[{"href":"https:\/\/saknews.net\/ku\/index.php?rest_route=\/wp\/v2\/types\/post"}],"author":[{"embeddable":true,"href":"https:\/\/saknews.net\/ku\/index.php?rest_route=\/wp\/v2\/users\/8"}],"replies":[{"embeddable":true,"href":"https:\/\/saknews.net\/ku\/index.php?rest_route=%2Fwp%2Fv2%2Fcomments&post=2481"}],"version-history":[{"count":1,"href":"https:\/\/saknews.net\/ku\/index.php?rest_route=\/wp\/v2\/posts\/2481\/revisions"}],"predecessor-version":[{"id":2483,"href":"https:\/\/saknews.net\/ku\/index.php?rest_route=\/wp\/v2\/posts\/2481\/revisions\/2483"}],"wp:featuredmedia":[{"embeddable":true,"href":"https:\/\/saknews.net\/ku\/index.php?rest_route=\/wp\/v2\/media\/2482"}],"wp:attachment":[{"href":"https:\/\/saknews.net\/ku\/index.php?rest_route=%2Fwp%2Fv2%2Fmedia&parent=2481"}],"wp:term":[{"taxonomy":"category","embeddable":true,"href":"https:\/\/saknews.net\/ku\/index.php?rest_route=%2Fwp%2Fv2%2Fcategories&post=2481"},{"taxonomy":"post_tag","embeddable":true,"href":"https:\/\/saknews.net\/ku\/index.php?rest_route=%2Fwp%2Fv2%2Ftags&post=2481"}],"curies":[{"name":"wp","href":"https:\/\/api.w.org\/{rel}","templated":true}]}}