{"id":2487,"date":"2025-06-20T14:29:40","date_gmt":"2025-06-20T14:29:40","guid":{"rendered":"https:\/\/saknews.net\/ku\/?p=2487"},"modified":"2025-06-20T14:29:40","modified_gmt":"2025-06-20T14:29:40","slug":"daxuyani-derbare-kustina-ciwane-bi-nave-mistefa-sexo-li-cindirese","status":"publish","type":"post","link":"https:\/\/saknews.net\/ku\/?p=2487","title":{"rendered":"Daxuyan\u00ee derbar\u00ea ku\u015ftina ciwan\u00ea bi nav\u00ea Mistefa \u015e\u00eaxo li Cindir\u00eas\u00ea"},"content":{"rendered":"<p>Daxuyan\u00ee ji raya gi\u015ft\u00ee re<\/p>\n<p>Ber\u00ea Kurdistana S\u00fbriy\u00ea b\u00fbyera ku\u015ftina ciwan\u00ea bi nav\u00ea Mistefa \u015e\u00eaxo y\u00ea xelk\u00ea gund\u00ea Hec Hesna y\u00ea ser bi nav\u00e7eya Cindir\u00eas\u00ea ya Her\u00eama Efr\u00een\u00ea ve \u015fermezar dike, ku dan\u00ea \u00eavar\u00ee dema nobedariys tabloy\u00ean enerjiya roj\u00ea ji aliy\u00ea \u00e7ekdarine ve bi guleyan hatib\u00fb ku\u015ftin. Em tekez dikin heta parastina ewlehiya her\u00eam\u00ea nekeve dest\u00ea xelk\u00ea w\u00ea, ti ewleh\u00ee \u00fb aram\u00ee dirust nabe \u00fb guhertina cil \u00fb bergan \u00fb siloganan nay\u00ea wateya guhertina rew\u015f\u00ea, l\u00ea bel\u00ea diyar dike ewleh\u00ee nemaye \u00fb binp\u00eakirin berdewam dikin<br \/>\nEm h\u00eaz\u00ean ewlehiy\u00ea y\u00ean ser bi hik\u00fbmeta demk\u00ee ve \u00fb r\u00eaveber\u00ea Her\u00eama Efr\u00een\u00ea ji ber v\u00ea b\u00fbyer\u00ea berpirs dib\u00eenin \u00fb weke erk ji wan t\u00ea xwestin wan tawanbaran bidin dadgeheke dadmend \u00fb e\u015fkere, ku bibe gavek belk\u00ee karibe baweriy\u00ea di navbera welat\u00ee \u00fb dezgeh\u00ean ewlehiy\u00ea de dirust bikin, ku heya niha ew dezgeha bi pozbilind\u00ee dide \u00fb dist\u00eene.<\/p>\n<p>Ji maf\u00ea xelk\u00ea ye giliy\u00ean xwe bikin ji ber zordariya bi ser\u00ea wan t\u00ea \u00fb ji erk\u00ea dezgeh\u00ean ewlehiy\u00ea ye guh bide wan \u00fb berpirsyarane p\u00eare bide \u00fb bist\u00eene, ne ku deriy\u00ean xwe li p\u00ea\u015f wan bigrin \u00fb weke biyaniyan p\u00eare bike.<br \/>\nDem hatiye Her\u00eama Efr\u00een\u00ea ji aliy\u00ea xelk\u00ea w\u00ea ve were bir\u00eavebirin \u00fb jin\u00fbve s\u00eestema ewlehiy\u00ea \u00fb s\u00eev\u00eel b\u00ea dan\u00een ku r\u00eaz\u00ea li mirovan \u00fb mafrn bigire \u00fb bi k\u00eamay\u00ee ewleh\u00ee \u00fb aram\u00ee dirust bibe, herwiha em daxwaz ji hik\u00fbmeta demk\u00ee \u00fb r\u00eavebir\u00ea Her\u00eama Efr\u00een\u00ea, y\u00ea ku ji aliy\u00ea w\u00ea ve hatiye destn\u00ee\u015fankirin, dikin  soz\u00ean xwe bi cih b\u00eenin \u00fb kar bikin ku tevahiya \u00e7ekdaran ji her\u00eam\u00ea b\u00eane derxistin.<br \/>\nHerwiha di v\u00ea derbar\u00ea de, em bang li al\u00ee \u00fb partiy\u00ean siyas\u00ee li Kurdistana S\u00fbriy\u00ea dikin, tev bixebitin \u00fb v\u00ea tawan\u00ea \u015fermezar bikin \u00fb bang ji bo parastina xelk\u00ea Her\u00eama Efr\u00een\u00ea bikin \u00fb guva\u015fan li ser hik\u00fbmeta demk\u00ee bikin v\u00ea tevliheviya hey\u00ee li Efr\u00een\u00ea neh\u00ealin \u00fb yasay\u00ea bi cih bikin \u00fb mafs veger\u00eenin xelk\u00ea bi r\u00eaya bir\u00eavebirina her\u00eam\u00ea ji aliy\u00ea xelk\u00ea w\u00ea ve.<\/p>\n<p>Li dawiy\u00ea sersaxiy\u00ea ji malbata rihmet\u00ee Mistefa \u015e\u00eaxo re dixwazin \u00fb pi\u015ftgiriya xwe ji wan re \u00fb ji tevahiya xelk\u00ea Efr\u00een\u00ea didin n\u00ee\u015fan ku rojane temen\u00ea v\u00ea rew\u015fa dijwar \u00fb zordariy\u00ea didin.<\/p>\n<p>Ber\u00ea Kurdistana S\u00fbriy\u00ea<br \/>\n20.06.2025<\/p>\n","protected":false},"excerpt":{"rendered":"<p>Daxuyan\u00ee ji raya gi\u015ft\u00ee re Ber\u00ea Kurdistana S\u00fbriy\u00ea b\u00fbyera ku\u015ftina ciwan\u00ea bi nav\u00ea Mistefa \u015e\u00eaxo&#8230;<\/p>\n","protected":false},"author":8,"featured_media":2224,"comment_status":"closed","ping_status":"closed","sticky":false,"template":"","format":"standard","meta":{"footnotes":""},"categories":[34,49],"tags":[],"class_list":["post-2487","post","type-post","status-publish","format-standard","has-post-thumbnail","hentry","category-daxuyani","category-nuce"],"yoast_head":"<!-- This site is optimized with the Yoast SEO plugin v27.5 - https:\/\/yoast.com\/product\/yoast-seo-wordpress\/ -->\n<title>Daxuyan\u00ee derbar\u00ea ku\u015ftina ciwan\u00ea bi nav\u00ea Mistefa \u015e\u00eaxo li Cindir\u00eas\u00ea &#8226; \u015eAK<\/title>\n<meta name=\"robots\" content=\"index, follow, max-snippet:-1, max-image-preview:large, max-video-preview:-1\" \/>\n<link rel=\"canonical\" href=\"https:\/\/saknews.net\/ku\/?p=2487\" \/>\n<meta property=\"og:locale\" content=\"en_US\" \/>\n<meta property=\"og:type\" content=\"article\" \/>\n<meta property=\"og:title\" content=\"Daxuyan\u00ee derbar\u00ea ku\u015ftina ciwan\u00ea bi nav\u00ea Mistefa \u015e\u00eaxo li Cindir\u00eas\u00ea &#8226; \u015eAK\" \/>\n<meta property=\"og:description\" content=\"Daxuyan\u00ee ji raya gi\u015ft\u00ee re Ber\u00ea Kurdistana S\u00fbriy\u00ea b\u00fbyera ku\u015ftina ciwan\u00ea bi nav\u00ea Mistefa \u015e\u00eaxo...\" \/>\n<meta property=\"og:url\" content=\"https:\/\/saknews.net\/ku\/?p=2487\" \/>\n<meta property=\"og:site_name\" content=\"\u015eAK\" \/>\n<meta property=\"article:publisher\" content=\"https:\/\/www.facebook.com\/Shepel.ewropa\" \/>\n<meta property=\"article:published_time\" content=\"2025-06-20T14:29:40+00:00\" \/>\n<meta property=\"og:image\" content=\"https:\/\/saknews.net\/ku\/wp-content\/uploads\/2025\/04\/f192ad4a-279e-4308-955e-daf5777acfc5.jpeg\" \/>\n\t<meta property=\"og:image:width\" content=\"1080\" \/>\n\t<meta property=\"og:image:height\" content=\"1079\" \/>\n\t<meta property=\"og:image:type\" content=\"image\/jpeg\" \/>\n<meta name=\"author\" content=\"Horan Hem\" \/>\n<meta name=\"twitter:card\" content=\"summary_large_image\" \/>\n<meta name=\"twitter:label1\" content=\"Written by\" \/>\n\t<meta name=\"twitter:data1\" content=\"Horan Hem\" \/>\n\t<meta name=\"twitter:label2\" content=\"Est. reading time\" \/>\n\t<meta name=\"twitter:data2\" content=\"1 minute\" \/>\n<script type=\"application\/ld+json\" class=\"yoast-schema-graph\">{\"@context\":\"https:\\\/\\\/schema.org\",\"@graph\":[{\"@type\":\"Article\",\"@id\":\"https:\\\/\\\/saknews.net\\\/ku\\\/?p=2487#article\",\"isPartOf\":{\"@id\":\"https:\\\/\\\/saknews.net\\\/ku\\\/?p=2487\"},\"author\":{\"name\":\"Horan Hem\",\"@id\":\"https:\\\/\\\/saknews.net\\\/ku\\\/#\\\/schema\\\/person\\\/72ae32a4041a3817e015b63d8f409058\"},\"headline\":\"Daxuyan\u00ee derbar\u00ea ku\u015ftina ciwan\u00ea bi nav\u00ea Mistefa \u015e\u00eaxo li Cindir\u00eas\u00ea\",\"datePublished\":\"2025-06-20T14:29:40+00:00\",\"mainEntityOfPage\":{\"@id\":\"https:\\\/\\\/saknews.net\\\/ku\\\/?p=2487\"},\"wordCount\":399,\"publisher\":{\"@id\":\"https:\\\/\\\/saknews.net\\\/ku\\\/#organization\"},\"image\":{\"@id\":\"https:\\\/\\\/saknews.net\\\/ku\\\/?p=2487#primaryimage\"},\"thumbnailUrl\":\"https:\\\/\\\/i0.wp.com\\\/saknews.net\\\/ku\\\/wp-content\\\/uploads\\\/2025\\\/04\\\/f192ad4a-279e-4308-955e-daf5777acfc5.jpeg?fit=1080%2C1079&ssl=1\",\"articleSection\":[\"Daxuyan\u00ee\",\"N\u00fb\u00e7e\"],\"inLanguage\":\"en-US\"},{\"@type\":\"WebPage\",\"@id\":\"https:\\\/\\\/saknews.net\\\/ku\\\/?p=2487\",\"url\":\"https:\\\/\\\/saknews.net\\\/ku\\\/?p=2487\",\"name\":\"Daxuyan\u00ee derbar\u00ea ku\u015ftina ciwan\u00ea bi nav\u00ea Mistefa \u015e\u00eaxo li Cindir\u00eas\u00ea &#8226; \u015eAK\",\"isPartOf\":{\"@id\":\"https:\\\/\\\/saknews.net\\\/ku\\\/#website\"},\"primaryImageOfPage\":{\"@id\":\"https:\\\/\\\/saknews.net\\\/ku\\\/?p=2487#primaryimage\"},\"image\":{\"@id\":\"https:\\\/\\\/saknews.net\\\/ku\\\/?p=2487#primaryimage\"},\"thumbnailUrl\":\"https:\\\/\\\/i0.wp.com\\\/saknews.net\\\/ku\\\/wp-content\\\/uploads\\\/2025\\\/04\\\/f192ad4a-279e-4308-955e-daf5777acfc5.jpeg?fit=1080%2C1079&ssl=1\",\"datePublished\":\"2025-06-20T14:29:40+00:00\",\"breadcrumb\":{\"@id\":\"https:\\\/\\\/saknews.net\\\/ku\\\/?p=2487#breadcrumb\"},\"inLanguage\":\"en-US\",\"potentialAction\":[{\"@type\":\"ReadAction\",\"target\":[\"https:\\\/\\\/saknews.net\\\/ku\\\/?p=2487\"]}]},{\"@type\":\"ImageObject\",\"inLanguage\":\"en-US\",\"@id\":\"https:\\\/\\\/saknews.net\\\/ku\\\/?p=2487#primaryimage\",\"url\":\"https:\\\/\\\/i0.wp.com\\\/saknews.net\\\/ku\\\/wp-content\\\/uploads\\\/2025\\\/04\\\/f192ad4a-279e-4308-955e-daf5777acfc5.jpeg?fit=1080%2C1079&ssl=1\",\"contentUrl\":\"https:\\\/\\\/i0.wp.com\\\/saknews.net\\\/ku\\\/wp-content\\\/uploads\\\/2025\\\/04\\\/f192ad4a-279e-4308-955e-daf5777acfc5.jpeg?fit=1080%2C1079&ssl=1\",\"width\":1080,\"height\":1079},{\"@type\":\"BreadcrumbList\",\"@id\":\"https:\\\/\\\/saknews.net\\\/ku\\\/?p=2487#breadcrumb\",\"itemListElement\":[{\"@type\":\"ListItem\",\"position\":1,\"name\":\"\u0627\u0644\u0631\u0626\u064a\u0633\u064a\u0629\",\"item\":\"https:\\\/\\\/saknews.net\\\/ku\\\/\"},{\"@type\":\"ListItem\",\"position\":2,\"name\":\"N\u00fb\u00e7e\",\"item\":\"https:\\\/\\\/saknews.net\\\/ku\\\/?cat=49\"},{\"@type\":\"ListItem\",\"position\":3,\"name\":\"Daxuyan\u00ee\",\"item\":\"https:\\\/\\\/saknews.net\\\/ku\\\/?cat=34\"},{\"@type\":\"ListItem\",\"position\":4,\"name\":\"Daxuyan\u00ee derbar\u00ea ku\u015ftina ciwan\u00ea bi nav\u00ea Mistefa \u015e\u00eaxo li Cindir\u00eas\u00ea\"}]},{\"@type\":\"WebSite\",\"@id\":\"https:\\\/\\\/saknews.net\\\/ku\\\/#website\",\"url\":\"https:\\\/\\\/saknews.net\\\/ku\\\/\",\"name\":\"S\u0327epe\u0302la Azadi\u0302 ya Kurdistani\u0302\",\"description\":\"\u062a\u064a\u0627\u0631 \u0627\u0644\u062d\u0631\u064a\u0629 \u0627\u0644\u0643\u0648\u0631\u062f\u0633\u062a\u0627\u0646\u064a \u015eep\u00eala Azad\u00ee ya Kurdistan\u00ee\",\"publisher\":{\"@id\":\"https:\\\/\\\/saknews.net\\\/ku\\\/#organization\"},\"potentialAction\":[{\"@type\":\"SearchAction\",\"target\":{\"@type\":\"EntryPoint\",\"urlTemplate\":\"https:\\\/\\\/saknews.net\\\/ku\\\/?s={search_term_string}\"},\"query-input\":{\"@type\":\"PropertyValueSpecification\",\"valueRequired\":true,\"valueName\":\"search_term_string\"}}],\"inLanguage\":\"en-US\"},{\"@type\":\"Organization\",\"@id\":\"https:\\\/\\\/saknews.net\\\/ku\\\/#organization\",\"name\":\"\u015eep\u00eala Azadiy\u00ea ya Kurdistan\u00ea - \u062a\u064a\u0627\u0631 \u0627\u0644\u062d\u0631\u064a\u0629 \u0627\u0644\u0643\u0648\u0631\u062f\u0633\u062a\u0627\u0646\u064a\",\"url\":\"https:\\\/\\\/saknews.net\\\/ku\\\/\",\"logo\":{\"@type\":\"ImageObject\",\"inLanguage\":\"en-US\",\"@id\":\"https:\\\/\\\/saknews.net\\\/ku\\\/#\\\/schema\\\/logo\\\/image\\\/\",\"url\":\"https:\\\/\\\/i0.wp.com\\\/saknews.net\\\/ku\\\/wp-content\\\/uploads\\\/2024\\\/11\\\/cropped-logo-1.png?fit=512%2C512&ssl=1\",\"contentUrl\":\"https:\\\/\\\/i0.wp.com\\\/saknews.net\\\/ku\\\/wp-content\\\/uploads\\\/2024\\\/11\\\/cropped-logo-1.png?fit=512%2C512&ssl=1\",\"width\":512,\"height\":512,\"caption\":\"\u015eep\u00eala Azadiy\u00ea ya Kurdistan\u00ea - \u062a\u064a\u0627\u0631 \u0627\u0644\u062d\u0631\u064a\u0629 \u0627\u0644\u0643\u0648\u0631\u062f\u0633\u062a\u0627\u0646\u064a\"},\"image\":{\"@id\":\"https:\\\/\\\/saknews.net\\\/ku\\\/#\\\/schema\\\/logo\\\/image\\\/\"},\"sameAs\":[\"https:\\\/\\\/www.facebook.com\\\/Shepel.ewropa\"]},{\"@type\":\"Person\",\"@id\":\"https:\\\/\\\/saknews.net\\\/ku\\\/#\\\/schema\\\/person\\\/72ae32a4041a3817e015b63d8f409058\",\"name\":\"Horan Hem\",\"url\":\"https:\\\/\\\/saknews.net\\\/ku\\\/?author=8\"}]}<\/script>\n<!-- \/ Yoast SEO plugin. -->","yoast_head_json":{"title":"Daxuyan\u00ee derbar\u00ea ku\u015ftina ciwan\u00ea bi nav\u00ea Mistefa \u015e\u00eaxo li Cindir\u00eas\u00ea &#8226; \u015eAK","robots":{"index":"index","follow":"follow","max-snippet":"max-snippet:-1","max-image-preview":"max-image-preview:large","max-video-preview":"max-video-preview:-1"},"canonical":"https:\/\/saknews.net\/ku\/?p=2487","og_locale":"en_US","og_type":"article","og_title":"Daxuyan\u00ee derbar\u00ea ku\u015ftina ciwan\u00ea bi nav\u00ea Mistefa \u015e\u00eaxo li Cindir\u00eas\u00ea &#8226; \u015eAK","og_description":"Daxuyan\u00ee ji raya gi\u015ft\u00ee re Ber\u00ea Kurdistana S\u00fbriy\u00ea b\u00fbyera ku\u015ftina ciwan\u00ea bi nav\u00ea Mistefa \u015e\u00eaxo...","og_url":"https:\/\/saknews.net\/ku\/?p=2487","og_site_name":"\u015eAK","article_publisher":"https:\/\/www.facebook.com\/Shepel.ewropa","article_published_time":"2025-06-20T14:29:40+00:00","og_image":[{"width":1080,"height":1079,"url":"https:\/\/saknews.net\/ku\/wp-content\/uploads\/2025\/04\/f192ad4a-279e-4308-955e-daf5777acfc5.jpeg","type":"image\/jpeg"}],"author":"Horan Hem","twitter_card":"summary_large_image","twitter_misc":{"Written by":"Horan Hem","Est. reading time":"1 minute"},"schema":{"@context":"https:\/\/schema.org","@graph":[{"@type":"Article","@id":"https:\/\/saknews.net\/ku\/?p=2487#article","isPartOf":{"@id":"https:\/\/saknews.net\/ku\/?p=2487"},"author":{"name":"Horan Hem","@id":"https:\/\/saknews.net\/ku\/#\/schema\/person\/72ae32a4041a3817e015b63d8f409058"},"headline":"Daxuyan\u00ee derbar\u00ea ku\u015ftina ciwan\u00ea bi nav\u00ea Mistefa \u015e\u00eaxo li Cindir\u00eas\u00ea","datePublished":"2025-06-20T14:29:40+00:00","mainEntityOfPage":{"@id":"https:\/\/saknews.net\/ku\/?p=2487"},"wordCount":399,"publisher":{"@id":"https:\/\/saknews.net\/ku\/#organization"},"image":{"@id":"https:\/\/saknews.net\/ku\/?p=2487#primaryimage"},"thumbnailUrl":"https:\/\/i0.wp.com\/saknews.net\/ku\/wp-content\/uploads\/2025\/04\/f192ad4a-279e-4308-955e-daf5777acfc5.jpeg?fit=1080%2C1079&ssl=1","articleSection":["Daxuyan\u00ee","N\u00fb\u00e7e"],"inLanguage":"en-US"},{"@type":"WebPage","@id":"https:\/\/saknews.net\/ku\/?p=2487","url":"https:\/\/saknews.net\/ku\/?p=2487","name":"Daxuyan\u00ee derbar\u00ea ku\u015ftina ciwan\u00ea bi nav\u00ea Mistefa \u015e\u00eaxo li Cindir\u00eas\u00ea &#8226; \u015eAK","isPartOf":{"@id":"https:\/\/saknews.net\/ku\/#website"},"primaryImageOfPage":{"@id":"https:\/\/saknews.net\/ku\/?p=2487#primaryimage"},"image":{"@id":"https:\/\/saknews.net\/ku\/?p=2487#primaryimage"},"thumbnailUrl":"https:\/\/i0.wp.com\/saknews.net\/ku\/wp-content\/uploads\/2025\/04\/f192ad4a-279e-4308-955e-daf5777acfc5.jpeg?fit=1080%2C1079&ssl=1","datePublished":"2025-06-20T14:29:40+00:00","breadcrumb":{"@id":"https:\/\/saknews.net\/ku\/?p=2487#breadcrumb"},"inLanguage":"en-US","potentialAction":[{"@type":"ReadAction","target":["https:\/\/saknews.net\/ku\/?p=2487"]}]},{"@type":"ImageObject","inLanguage":"en-US","@id":"https:\/\/saknews.net\/ku\/?p=2487#primaryimage","url":"https:\/\/i0.wp.com\/saknews.net\/ku\/wp-content\/uploads\/2025\/04\/f192ad4a-279e-4308-955e-daf5777acfc5.jpeg?fit=1080%2C1079&ssl=1","contentUrl":"https:\/\/i0.wp.com\/saknews.net\/ku\/wp-content\/uploads\/2025\/04\/f192ad4a-279e-4308-955e-daf5777acfc5.jpeg?fit=1080%2C1079&ssl=1","width":1080,"height":1079},{"@type":"BreadcrumbList","@id":"https:\/\/saknews.net\/ku\/?p=2487#breadcrumb","itemListElement":[{"@type":"ListItem","position":1,"name":"\u0627\u0644\u0631\u0626\u064a\u0633\u064a\u0629","item":"https:\/\/saknews.net\/ku\/"},{"@type":"ListItem","position":2,"name":"N\u00fb\u00e7e","item":"https:\/\/saknews.net\/ku\/?cat=49"},{"@type":"ListItem","position":3,"name":"Daxuyan\u00ee","item":"https:\/\/saknews.net\/ku\/?cat=34"},{"@type":"ListItem","position":4,"name":"Daxuyan\u00ee derbar\u00ea ku\u015ftina ciwan\u00ea bi nav\u00ea Mistefa \u015e\u00eaxo li Cindir\u00eas\u00ea"}]},{"@type":"WebSite","@id":"https:\/\/saknews.net\/ku\/#website","url":"https:\/\/saknews.net\/ku\/","name":"S\u0327epe\u0302la Azadi\u0302 ya Kurdistani\u0302","description":"\u062a\u064a\u0627\u0631 \u0627\u0644\u062d\u0631\u064a\u0629 \u0627\u0644\u0643\u0648\u0631\u062f\u0633\u062a\u0627\u0646\u064a \u015eep\u00eala Azad\u00ee ya Kurdistan\u00ee","publisher":{"@id":"https:\/\/saknews.net\/ku\/#organization"},"potentialAction":[{"@type":"SearchAction","target":{"@type":"EntryPoint","urlTemplate":"https:\/\/saknews.net\/ku\/?s={search_term_string}"},"query-input":{"@type":"PropertyValueSpecification","valueRequired":true,"valueName":"search_term_string"}}],"inLanguage":"en-US"},{"@type":"Organization","@id":"https:\/\/saknews.net\/ku\/#organization","name":"\u015eep\u00eala Azadiy\u00ea ya Kurdistan\u00ea - \u062a\u064a\u0627\u0631 \u0627\u0644\u062d\u0631\u064a\u0629 \u0627\u0644\u0643\u0648\u0631\u062f\u0633\u062a\u0627\u0646\u064a","url":"https:\/\/saknews.net\/ku\/","logo":{"@type":"ImageObject","inLanguage":"en-US","@id":"https:\/\/saknews.net\/ku\/#\/schema\/logo\/image\/","url":"https:\/\/i0.wp.com\/saknews.net\/ku\/wp-content\/uploads\/2024\/11\/cropped-logo-1.png?fit=512%2C512&ssl=1","contentUrl":"https:\/\/i0.wp.com\/saknews.net\/ku\/wp-content\/uploads\/2024\/11\/cropped-logo-1.png?fit=512%2C512&ssl=1","width":512,"height":512,"caption":"\u015eep\u00eala Azadiy\u00ea ya Kurdistan\u00ea - \u062a\u064a\u0627\u0631 \u0627\u0644\u062d\u0631\u064a\u0629 \u0627\u0644\u0643\u0648\u0631\u062f\u0633\u062a\u0627\u0646\u064a"},"image":{"@id":"https:\/\/saknews.net\/ku\/#\/schema\/logo\/image\/"},"sameAs":["https:\/\/www.facebook.com\/Shepel.ewropa"]},{"@type":"Person","@id":"https:\/\/saknews.net\/ku\/#\/schema\/person\/72ae32a4041a3817e015b63d8f409058","name":"Horan Hem","url":"https:\/\/saknews.net\/ku\/?author=8"}]}},"featured_image_urls":{"full":["https:\/\/i0.wp.com\/saknews.net\/ku\/wp-content\/uploads\/2025\/04\/f192ad4a-279e-4308-955e-daf5777acfc5.jpeg?fit=1080%2C1079&ssl=1",1080,1079,false],"thumbnail":["https:\/\/i0.wp.com\/saknews.net\/ku\/wp-content\/uploads\/2025\/04\/f192ad4a-279e-4308-955e-daf5777acfc5.jpeg?resize=150%2C150&ssl=1",150,150,true],"medium":["https:\/\/i0.wp.com\/saknews.net\/ku\/wp-content\/uploads\/2025\/04\/f192ad4a-279e-4308-955e-daf5777acfc5.jpeg?fit=300%2C300&ssl=1",300,300,true],"medium_large":["https:\/\/i0.wp.com\/saknews.net\/ku\/wp-content\/uploads\/2025\/04\/f192ad4a-279e-4308-955e-daf5777acfc5.jpeg?fit=640%2C639&ssl=1",640,639,true],"large":["https:\/\/i0.wp.com\/saknews.net\/ku\/wp-content\/uploads\/2025\/04\/f192ad4a-279e-4308-955e-daf5777acfc5.jpeg?fit=640%2C640&ssl=1",640,640,true],"1536x1536":["https:\/\/i0.wp.com\/saknews.net\/ku\/wp-content\/uploads\/2025\/04\/f192ad4a-279e-4308-955e-daf5777acfc5.jpeg?fit=1080%2C1079&ssl=1",1080,1079,true],"2048x2048":["https:\/\/i0.wp.com\/saknews.net\/ku\/wp-content\/uploads\/2025\/04\/f192ad4a-279e-4308-955e-daf5777acfc5.jpeg?fit=1080%2C1079&ssl=1",1080,1079,true],"covernews-featured":["https:\/\/i0.wp.com\/saknews.net\/ku\/wp-content\/uploads\/2025\/04\/f192ad4a-279e-4308-955e-daf5777acfc5.jpeg?fit=1024%2C1023&ssl=1",1024,1023,true],"covernews-medium":["https:\/\/i0.wp.com\/saknews.net\/ku\/wp-content\/uploads\/2025\/04\/f192ad4a-279e-4308-955e-daf5777acfc5.jpeg?resize=540%2C340&ssl=1",540,340,true]},"author_info":{"display_name":"Horan Hem","author_link":"https:\/\/saknews.net\/ku\/?author=8"},"category_info":"<a href=\"https:\/\/saknews.net\/ku\/?cat=34\" rel=\"category\">Daxuyan\u00ee<\/a> <a href=\"https:\/\/saknews.net\/ku\/?cat=49\" rel=\"category\">N\u00fb\u00e7e<\/a>","tag_info":"N\u00fb\u00e7e","comment_count":"0","_links":{"self":[{"href":"https:\/\/saknews.net\/ku\/index.php?rest_route=\/wp\/v2\/posts\/2487","targetHints":{"allow":["GET"]}}],"collection":[{"href":"https:\/\/saknews.net\/ku\/index.php?rest_route=\/wp\/v2\/posts"}],"about":[{"href":"https:\/\/saknews.net\/ku\/index.php?rest_route=\/wp\/v2\/types\/post"}],"author":[{"embeddable":true,"href":"https:\/\/saknews.net\/ku\/index.php?rest_route=\/wp\/v2\/users\/8"}],"replies":[{"embeddable":true,"href":"https:\/\/saknews.net\/ku\/index.php?rest_route=%2Fwp%2Fv2%2Fcomments&post=2487"}],"version-history":[{"count":1,"href":"https:\/\/saknews.net\/ku\/index.php?rest_route=\/wp\/v2\/posts\/2487\/revisions"}],"predecessor-version":[{"id":2488,"href":"https:\/\/saknews.net\/ku\/index.php?rest_route=\/wp\/v2\/posts\/2487\/revisions\/2488"}],"wp:featuredmedia":[{"embeddable":true,"href":"https:\/\/saknews.net\/ku\/index.php?rest_route=\/wp\/v2\/media\/2224"}],"wp:attachment":[{"href":"https:\/\/saknews.net\/ku\/index.php?rest_route=%2Fwp%2Fv2%2Fmedia&parent=2487"}],"wp:term":[{"taxonomy":"category","embeddable":true,"href":"https:\/\/saknews.net\/ku\/index.php?rest_route=%2Fwp%2Fv2%2Fcategories&post=2487"},{"taxonomy":"post_tag","embeddable":true,"href":"https:\/\/saknews.net\/ku\/index.php?rest_route=%2Fwp%2Fv2%2Ftags&post=2487"}],"curies":[{"name":"wp","href":"https:\/\/api.w.org\/{rel}","templated":true}]}}