{"id":2492,"date":"2025-06-24T21:10:20","date_gmt":"2025-06-24T21:10:20","guid":{"rendered":"https:\/\/saknews.net\/ku\/?p=2492"},"modified":"2025-06-24T21:10:20","modified_gmt":"2025-06-24T21:10:20","slug":"seroke-bere-kurdistana-suriye-besdari-siminareke-siyasi-li-berline-dibe","status":"publish","type":"post","link":"https:\/\/saknews.net\/ku\/?p=2492","title":{"rendered":"Serok\u00ea Ber\u00ea Kurdistana S\u00fbriy\u00ea be\u015fdar\u00ee sim\u00eenareke siyas\u00ee li Berl\u00een\u00ea dibe"},"content":{"rendered":"<p>Revenda Kurd\u00ee sim\u00eenareke siyas\u00ee li Berl\u00eena paytexta Elmaniya lidar dixe.<\/p>\n<p>Sim\u00eenar di bin navn\u00ee\u015fana \u201cRew\u015fa niha ya Kurdistana \u00ceran \u00fb Kurdistana S\u00fbriy\u00ea\u201d t\u00ea lidarxistin.<\/p>\n<p>Serok\u00ea Ber\u00ea Kurdistana S\u00fbriy\u00ea, Siyamend Haco be\u015fdar\u00ee w\u00ea sim\u00eenar\u00ea dibe, ku w\u00ea besha daw\u00ee p\u00ea\u015fhat\u00ean siyas\u00ee \u00fb meydan\u00ee y\u00ean Kurdistana S\u00fbriy\u00ea bike herwiha w\u00ea behsa serdana xwe ya dawiy\u00ea bo dever\u00ea bike.<\/p>\n<p>Herwiha Siyamend Haco w\u00ea behsa astengiy\u00ean ku dikevin riya gel\u00ea Kurd de bi taybet\u00ee di v\u00ea rew\u015fa ku niha S\u00fbriya \u00fb dever t\u00ea re derbas dibe.<\/p>\n<p>Di w\u00ea sim\u00eenar\u00ea de w\u00ea siyasetmedar\u00ea Kurd Hac\u00ee Cind\u00ee j\u00ee amade bibe ku w\u00ea behsa rew\u015fa niha ya \u00ceran \u00fb Kurdistana \u00ceran\u00ea bike.<\/p>\n<p>Sim\u00eenar w\u00ea roja 29.06.2025an, demjim\u00ear 16:00 li Berl\u00een\u00ea were lidarxistin.<\/p>\n<p>Navn\u00ee\u015fan:<\/p>\n<p>Lindower Str 18<br \/>\n13347 Berlin<\/p>\n<p>Hinterhof 1.Et bei &#8220;Schalasch&#8221;<br \/>\nS-UWedding<\/p>\n","protected":false},"excerpt":{"rendered":"<p>Revenda Kurd\u00ee sim\u00eenareke siyas\u00ee li Berl\u00eena paytexta Elmaniya lidar dixe. Sim\u00eenar di bin navn\u00ee\u015fana \u201cRew\u015fa&#8230;<\/p>\n","protected":false},"author":5,"featured_media":2493,"comment_status":"closed","ping_status":"closed","sticky":false,"template":"","format":"standard","meta":{"footnotes":""},"categories":[49],"tags":[],"class_list":["post-2492","post","type-post","status-publish","format-standard","has-post-thumbnail","hentry","category-nuce"],"yoast_head":"<!-- This site is optimized with the Yoast SEO plugin v27.5 - https:\/\/yoast.com\/product\/yoast-seo-wordpress\/ -->\n<title>Serok\u00ea Ber\u00ea Kurdistana S\u00fbriy\u00ea be\u015fdar\u00ee sim\u00eenareke siyas\u00ee li Berl\u00een\u00ea dibe &#8226; \u015eAK<\/title>\n<meta name=\"robots\" content=\"index, follow, max-snippet:-1, max-image-preview:large, max-video-preview:-1\" \/>\n<link rel=\"canonical\" href=\"https:\/\/saknews.net\/ku\/?p=2492\" \/>\n<meta property=\"og:locale\" content=\"en_US\" \/>\n<meta property=\"og:type\" content=\"article\" \/>\n<meta property=\"og:title\" content=\"Serok\u00ea Ber\u00ea Kurdistana S\u00fbriy\u00ea be\u015fdar\u00ee sim\u00eenareke siyas\u00ee li Berl\u00een\u00ea dibe &#8226; \u015eAK\" \/>\n<meta property=\"og:description\" content=\"Revenda Kurd\u00ee sim\u00eenareke siyas\u00ee li Berl\u00eena paytexta Elmaniya lidar dixe. Sim\u00eenar di bin navn\u00ee\u015fana \u201cRew\u015fa...\" \/>\n<meta property=\"og:url\" content=\"https:\/\/saknews.net\/ku\/?p=2492\" \/>\n<meta property=\"og:site_name\" content=\"\u015eAK\" \/>\n<meta property=\"article:publisher\" content=\"https:\/\/www.facebook.com\/Shepel.ewropa\" \/>\n<meta property=\"article:published_time\" content=\"2025-06-24T21:10:20+00:00\" \/>\n<meta property=\"og:image\" content=\"https:\/\/saknews.net\/ku\/wp-content\/uploads\/2025\/06\/26377fb5-08d6-47e9-a18d-7d7e8e971f66.jpeg\" \/>\n\t<meta property=\"og:image:width\" content=\"1024\" \/>\n\t<meta property=\"og:image:height\" content=\"1280\" \/>\n\t<meta property=\"og:image:type\" content=\"image\/jpeg\" \/>\n<meta name=\"author\" content=\"Helebja Helebja\" \/>\n<meta name=\"twitter:card\" content=\"summary_large_image\" \/>\n<meta name=\"twitter:label1\" content=\"Written by\" \/>\n\t<meta name=\"twitter:data1\" content=\"Helebja Helebja\" \/>\n\t<meta name=\"twitter:label2\" content=\"Est. reading time\" \/>\n\t<meta name=\"twitter:data2\" content=\"1 minute\" \/>\n<script type=\"application\/ld+json\" class=\"yoast-schema-graph\">{\"@context\":\"https:\\\/\\\/schema.org\",\"@graph\":[{\"@type\":\"Article\",\"@id\":\"https:\\\/\\\/saknews.net\\\/ku\\\/?p=2492#article\",\"isPartOf\":{\"@id\":\"https:\\\/\\\/saknews.net\\\/ku\\\/?p=2492\"},\"author\":{\"name\":\"Helebja Helebja\",\"@id\":\"https:\\\/\\\/saknews.net\\\/ku\\\/#\\\/schema\\\/person\\\/1c01cd16fca0bfa144578b4674c618a7\"},\"headline\":\"Serok\u00ea Ber\u00ea Kurdistana S\u00fbriy\u00ea be\u015fdar\u00ee sim\u00eenareke siyas\u00ee li Berl\u00een\u00ea dibe\",\"datePublished\":\"2025-06-24T21:10:20+00:00\",\"mainEntityOfPage\":{\"@id\":\"https:\\\/\\\/saknews.net\\\/ku\\\/?p=2492\"},\"wordCount\":155,\"publisher\":{\"@id\":\"https:\\\/\\\/saknews.net\\\/ku\\\/#organization\"},\"image\":{\"@id\":\"https:\\\/\\\/saknews.net\\\/ku\\\/?p=2492#primaryimage\"},\"thumbnailUrl\":\"https:\\\/\\\/i0.wp.com\\\/saknews.net\\\/ku\\\/wp-content\\\/uploads\\\/2025\\\/06\\\/26377fb5-08d6-47e9-a18d-7d7e8e971f66.jpeg?fit=1024%2C1280&ssl=1\",\"articleSection\":[\"N\u00fb\u00e7e\"],\"inLanguage\":\"en-US\"},{\"@type\":\"WebPage\",\"@id\":\"https:\\\/\\\/saknews.net\\\/ku\\\/?p=2492\",\"url\":\"https:\\\/\\\/saknews.net\\\/ku\\\/?p=2492\",\"name\":\"Serok\u00ea Ber\u00ea Kurdistana S\u00fbriy\u00ea be\u015fdar\u00ee sim\u00eenareke siyas\u00ee li Berl\u00een\u00ea dibe &#8226; \u015eAK\",\"isPartOf\":{\"@id\":\"https:\\\/\\\/saknews.net\\\/ku\\\/#website\"},\"primaryImageOfPage\":{\"@id\":\"https:\\\/\\\/saknews.net\\\/ku\\\/?p=2492#primaryimage\"},\"image\":{\"@id\":\"https:\\\/\\\/saknews.net\\\/ku\\\/?p=2492#primaryimage\"},\"thumbnailUrl\":\"https:\\\/\\\/i0.wp.com\\\/saknews.net\\\/ku\\\/wp-content\\\/uploads\\\/2025\\\/06\\\/26377fb5-08d6-47e9-a18d-7d7e8e971f66.jpeg?fit=1024%2C1280&ssl=1\",\"datePublished\":\"2025-06-24T21:10:20+00:00\",\"breadcrumb\":{\"@id\":\"https:\\\/\\\/saknews.net\\\/ku\\\/?p=2492#breadcrumb\"},\"inLanguage\":\"en-US\",\"potentialAction\":[{\"@type\":\"ReadAction\",\"target\":[\"https:\\\/\\\/saknews.net\\\/ku\\\/?p=2492\"]}]},{\"@type\":\"ImageObject\",\"inLanguage\":\"en-US\",\"@id\":\"https:\\\/\\\/saknews.net\\\/ku\\\/?p=2492#primaryimage\",\"url\":\"https:\\\/\\\/i0.wp.com\\\/saknews.net\\\/ku\\\/wp-content\\\/uploads\\\/2025\\\/06\\\/26377fb5-08d6-47e9-a18d-7d7e8e971f66.jpeg?fit=1024%2C1280&ssl=1\",\"contentUrl\":\"https:\\\/\\\/i0.wp.com\\\/saknews.net\\\/ku\\\/wp-content\\\/uploads\\\/2025\\\/06\\\/26377fb5-08d6-47e9-a18d-7d7e8e971f66.jpeg?fit=1024%2C1280&ssl=1\",\"width\":1024,\"height\":1280},{\"@type\":\"BreadcrumbList\",\"@id\":\"https:\\\/\\\/saknews.net\\\/ku\\\/?p=2492#breadcrumb\",\"itemListElement\":[{\"@type\":\"ListItem\",\"position\":1,\"name\":\"\u0627\u0644\u0631\u0626\u064a\u0633\u064a\u0629\",\"item\":\"https:\\\/\\\/saknews.net\\\/ku\\\/\"},{\"@type\":\"ListItem\",\"position\":2,\"name\":\"N\u00fb\u00e7e\",\"item\":\"https:\\\/\\\/saknews.net\\\/ku\\\/?cat=49\"},{\"@type\":\"ListItem\",\"position\":3,\"name\":\"Serok\u00ea Ber\u00ea Kurdistana S\u00fbriy\u00ea be\u015fdar\u00ee sim\u00eenareke siyas\u00ee li Berl\u00een\u00ea dibe\"}]},{\"@type\":\"WebSite\",\"@id\":\"https:\\\/\\\/saknews.net\\\/ku\\\/#website\",\"url\":\"https:\\\/\\\/saknews.net\\\/ku\\\/\",\"name\":\"S\u0327epe\u0302la Azadi\u0302 ya Kurdistani\u0302\",\"description\":\"\u062a\u064a\u0627\u0631 \u0627\u0644\u062d\u0631\u064a\u0629 \u0627\u0644\u0643\u0648\u0631\u062f\u0633\u062a\u0627\u0646\u064a \u015eep\u00eala Azad\u00ee ya Kurdistan\u00ee\",\"publisher\":{\"@id\":\"https:\\\/\\\/saknews.net\\\/ku\\\/#organization\"},\"potentialAction\":[{\"@type\":\"SearchAction\",\"target\":{\"@type\":\"EntryPoint\",\"urlTemplate\":\"https:\\\/\\\/saknews.net\\\/ku\\\/?s={search_term_string}\"},\"query-input\":{\"@type\":\"PropertyValueSpecification\",\"valueRequired\":true,\"valueName\":\"search_term_string\"}}],\"inLanguage\":\"en-US\"},{\"@type\":\"Organization\",\"@id\":\"https:\\\/\\\/saknews.net\\\/ku\\\/#organization\",\"name\":\"\u015eep\u00eala Azadiy\u00ea ya Kurdistan\u00ea - \u062a\u064a\u0627\u0631 \u0627\u0644\u062d\u0631\u064a\u0629 \u0627\u0644\u0643\u0648\u0631\u062f\u0633\u062a\u0627\u0646\u064a\",\"url\":\"https:\\\/\\\/saknews.net\\\/ku\\\/\",\"logo\":{\"@type\":\"ImageObject\",\"inLanguage\":\"en-US\",\"@id\":\"https:\\\/\\\/saknews.net\\\/ku\\\/#\\\/schema\\\/logo\\\/image\\\/\",\"url\":\"https:\\\/\\\/i0.wp.com\\\/saknews.net\\\/ku\\\/wp-content\\\/uploads\\\/2024\\\/11\\\/cropped-logo-1.png?fit=512%2C512&ssl=1\",\"contentUrl\":\"https:\\\/\\\/i0.wp.com\\\/saknews.net\\\/ku\\\/wp-content\\\/uploads\\\/2024\\\/11\\\/cropped-logo-1.png?fit=512%2C512&ssl=1\",\"width\":512,\"height\":512,\"caption\":\"\u015eep\u00eala Azadiy\u00ea ya Kurdistan\u00ea - \u062a\u064a\u0627\u0631 \u0627\u0644\u062d\u0631\u064a\u0629 \u0627\u0644\u0643\u0648\u0631\u062f\u0633\u062a\u0627\u0646\u064a\"},\"image\":{\"@id\":\"https:\\\/\\\/saknews.net\\\/ku\\\/#\\\/schema\\\/logo\\\/image\\\/\"},\"sameAs\":[\"https:\\\/\\\/www.facebook.com\\\/Shepel.ewropa\"]},{\"@type\":\"Person\",\"@id\":\"https:\\\/\\\/saknews.net\\\/ku\\\/#\\\/schema\\\/person\\\/1c01cd16fca0bfa144578b4674c618a7\",\"name\":\"Helebja Helebja\",\"sameAs\":[\"https:\\\/\\\/saknews.net\\\/ku\"],\"url\":\"https:\\\/\\\/saknews.net\\\/ku\\\/?author=5\"}]}<\/script>\n<!-- \/ Yoast SEO plugin. -->","yoast_head_json":{"title":"Serok\u00ea Ber\u00ea Kurdistana S\u00fbriy\u00ea be\u015fdar\u00ee sim\u00eenareke siyas\u00ee li Berl\u00een\u00ea dibe &#8226; \u015eAK","robots":{"index":"index","follow":"follow","max-snippet":"max-snippet:-1","max-image-preview":"max-image-preview:large","max-video-preview":"max-video-preview:-1"},"canonical":"https:\/\/saknews.net\/ku\/?p=2492","og_locale":"en_US","og_type":"article","og_title":"Serok\u00ea Ber\u00ea Kurdistana S\u00fbriy\u00ea be\u015fdar\u00ee sim\u00eenareke siyas\u00ee li Berl\u00een\u00ea dibe &#8226; \u015eAK","og_description":"Revenda Kurd\u00ee sim\u00eenareke siyas\u00ee li Berl\u00eena paytexta Elmaniya lidar dixe. Sim\u00eenar di bin navn\u00ee\u015fana \u201cRew\u015fa...","og_url":"https:\/\/saknews.net\/ku\/?p=2492","og_site_name":"\u015eAK","article_publisher":"https:\/\/www.facebook.com\/Shepel.ewropa","article_published_time":"2025-06-24T21:10:20+00:00","og_image":[{"width":1024,"height":1280,"url":"https:\/\/saknews.net\/ku\/wp-content\/uploads\/2025\/06\/26377fb5-08d6-47e9-a18d-7d7e8e971f66.jpeg","type":"image\/jpeg"}],"author":"Helebja Helebja","twitter_card":"summary_large_image","twitter_misc":{"Written by":"Helebja Helebja","Est. reading time":"1 minute"},"schema":{"@context":"https:\/\/schema.org","@graph":[{"@type":"Article","@id":"https:\/\/saknews.net\/ku\/?p=2492#article","isPartOf":{"@id":"https:\/\/saknews.net\/ku\/?p=2492"},"author":{"name":"Helebja Helebja","@id":"https:\/\/saknews.net\/ku\/#\/schema\/person\/1c01cd16fca0bfa144578b4674c618a7"},"headline":"Serok\u00ea Ber\u00ea Kurdistana S\u00fbriy\u00ea be\u015fdar\u00ee sim\u00eenareke siyas\u00ee li Berl\u00een\u00ea dibe","datePublished":"2025-06-24T21:10:20+00:00","mainEntityOfPage":{"@id":"https:\/\/saknews.net\/ku\/?p=2492"},"wordCount":155,"publisher":{"@id":"https:\/\/saknews.net\/ku\/#organization"},"image":{"@id":"https:\/\/saknews.net\/ku\/?p=2492#primaryimage"},"thumbnailUrl":"https:\/\/i0.wp.com\/saknews.net\/ku\/wp-content\/uploads\/2025\/06\/26377fb5-08d6-47e9-a18d-7d7e8e971f66.jpeg?fit=1024%2C1280&ssl=1","articleSection":["N\u00fb\u00e7e"],"inLanguage":"en-US"},{"@type":"WebPage","@id":"https:\/\/saknews.net\/ku\/?p=2492","url":"https:\/\/saknews.net\/ku\/?p=2492","name":"Serok\u00ea Ber\u00ea Kurdistana S\u00fbriy\u00ea be\u015fdar\u00ee sim\u00eenareke siyas\u00ee li Berl\u00een\u00ea dibe &#8226; \u015eAK","isPartOf":{"@id":"https:\/\/saknews.net\/ku\/#website"},"primaryImageOfPage":{"@id":"https:\/\/saknews.net\/ku\/?p=2492#primaryimage"},"image":{"@id":"https:\/\/saknews.net\/ku\/?p=2492#primaryimage"},"thumbnailUrl":"https:\/\/i0.wp.com\/saknews.net\/ku\/wp-content\/uploads\/2025\/06\/26377fb5-08d6-47e9-a18d-7d7e8e971f66.jpeg?fit=1024%2C1280&ssl=1","datePublished":"2025-06-24T21:10:20+00:00","breadcrumb":{"@id":"https:\/\/saknews.net\/ku\/?p=2492#breadcrumb"},"inLanguage":"en-US","potentialAction":[{"@type":"ReadAction","target":["https:\/\/saknews.net\/ku\/?p=2492"]}]},{"@type":"ImageObject","inLanguage":"en-US","@id":"https:\/\/saknews.net\/ku\/?p=2492#primaryimage","url":"https:\/\/i0.wp.com\/saknews.net\/ku\/wp-content\/uploads\/2025\/06\/26377fb5-08d6-47e9-a18d-7d7e8e971f66.jpeg?fit=1024%2C1280&ssl=1","contentUrl":"https:\/\/i0.wp.com\/saknews.net\/ku\/wp-content\/uploads\/2025\/06\/26377fb5-08d6-47e9-a18d-7d7e8e971f66.jpeg?fit=1024%2C1280&ssl=1","width":1024,"height":1280},{"@type":"BreadcrumbList","@id":"https:\/\/saknews.net\/ku\/?p=2492#breadcrumb","itemListElement":[{"@type":"ListItem","position":1,"name":"\u0627\u0644\u0631\u0626\u064a\u0633\u064a\u0629","item":"https:\/\/saknews.net\/ku\/"},{"@type":"ListItem","position":2,"name":"N\u00fb\u00e7e","item":"https:\/\/saknews.net\/ku\/?cat=49"},{"@type":"ListItem","position":3,"name":"Serok\u00ea Ber\u00ea Kurdistana S\u00fbriy\u00ea be\u015fdar\u00ee sim\u00eenareke siyas\u00ee li Berl\u00een\u00ea dibe"}]},{"@type":"WebSite","@id":"https:\/\/saknews.net\/ku\/#website","url":"https:\/\/saknews.net\/ku\/","name":"S\u0327epe\u0302la Azadi\u0302 ya Kurdistani\u0302","description":"\u062a\u064a\u0627\u0631 \u0627\u0644\u062d\u0631\u064a\u0629 \u0627\u0644\u0643\u0648\u0631\u062f\u0633\u062a\u0627\u0646\u064a \u015eep\u00eala Azad\u00ee ya Kurdistan\u00ee","publisher":{"@id":"https:\/\/saknews.net\/ku\/#organization"},"potentialAction":[{"@type":"SearchAction","target":{"@type":"EntryPoint","urlTemplate":"https:\/\/saknews.net\/ku\/?s={search_term_string}"},"query-input":{"@type":"PropertyValueSpecification","valueRequired":true,"valueName":"search_term_string"}}],"inLanguage":"en-US"},{"@type":"Organization","@id":"https:\/\/saknews.net\/ku\/#organization","name":"\u015eep\u00eala Azadiy\u00ea ya Kurdistan\u00ea - \u062a\u064a\u0627\u0631 \u0627\u0644\u062d\u0631\u064a\u0629 \u0627\u0644\u0643\u0648\u0631\u062f\u0633\u062a\u0627\u0646\u064a","url":"https:\/\/saknews.net\/ku\/","logo":{"@type":"ImageObject","inLanguage":"en-US","@id":"https:\/\/saknews.net\/ku\/#\/schema\/logo\/image\/","url":"https:\/\/i0.wp.com\/saknews.net\/ku\/wp-content\/uploads\/2024\/11\/cropped-logo-1.png?fit=512%2C512&ssl=1","contentUrl":"https:\/\/i0.wp.com\/saknews.net\/ku\/wp-content\/uploads\/2024\/11\/cropped-logo-1.png?fit=512%2C512&ssl=1","width":512,"height":512,"caption":"\u015eep\u00eala Azadiy\u00ea ya Kurdistan\u00ea - \u062a\u064a\u0627\u0631 \u0627\u0644\u062d\u0631\u064a\u0629 \u0627\u0644\u0643\u0648\u0631\u062f\u0633\u062a\u0627\u0646\u064a"},"image":{"@id":"https:\/\/saknews.net\/ku\/#\/schema\/logo\/image\/"},"sameAs":["https:\/\/www.facebook.com\/Shepel.ewropa"]},{"@type":"Person","@id":"https:\/\/saknews.net\/ku\/#\/schema\/person\/1c01cd16fca0bfa144578b4674c618a7","name":"Helebja Helebja","sameAs":["https:\/\/saknews.net\/ku"],"url":"https:\/\/saknews.net\/ku\/?author=5"}]}},"featured_image_urls":{"full":["https:\/\/i0.wp.com\/saknews.net\/ku\/wp-content\/uploads\/2025\/06\/26377fb5-08d6-47e9-a18d-7d7e8e971f66.jpeg?fit=1024%2C1280&ssl=1",1024,1280,false],"thumbnail":["https:\/\/i0.wp.com\/saknews.net\/ku\/wp-content\/uploads\/2025\/06\/26377fb5-08d6-47e9-a18d-7d7e8e971f66.jpeg?resize=150%2C150&ssl=1",150,150,true],"medium":["https:\/\/i0.wp.com\/saknews.net\/ku\/wp-content\/uploads\/2025\/06\/26377fb5-08d6-47e9-a18d-7d7e8e971f66.jpeg?fit=240%2C300&ssl=1",240,300,true],"medium_large":["https:\/\/i0.wp.com\/saknews.net\/ku\/wp-content\/uploads\/2025\/06\/26377fb5-08d6-47e9-a18d-7d7e8e971f66.jpeg?fit=640%2C800&ssl=1",640,800,true],"large":["https:\/\/i0.wp.com\/saknews.net\/ku\/wp-content\/uploads\/2025\/06\/26377fb5-08d6-47e9-a18d-7d7e8e971f66.jpeg?fit=640%2C800&ssl=1",640,800,true],"1536x1536":["https:\/\/i0.wp.com\/saknews.net\/ku\/wp-content\/uploads\/2025\/06\/26377fb5-08d6-47e9-a18d-7d7e8e971f66.jpeg?fit=1024%2C1280&ssl=1",1024,1280,true],"2048x2048":["https:\/\/i0.wp.com\/saknews.net\/ku\/wp-content\/uploads\/2025\/06\/26377fb5-08d6-47e9-a18d-7d7e8e971f66.jpeg?fit=1024%2C1280&ssl=1",1024,1280,true],"covernews-featured":["https:\/\/i0.wp.com\/saknews.net\/ku\/wp-content\/uploads\/2025\/06\/26377fb5-08d6-47e9-a18d-7d7e8e971f66.jpeg?fit=1024%2C1280&ssl=1",1024,1280,true],"covernews-medium":["https:\/\/i0.wp.com\/saknews.net\/ku\/wp-content\/uploads\/2025\/06\/26377fb5-08d6-47e9-a18d-7d7e8e971f66.jpeg?resize=540%2C340&ssl=1",540,340,true]},"author_info":{"display_name":"Helebja Helebja","author_link":"https:\/\/saknews.net\/ku\/?author=5"},"category_info":"<a href=\"https:\/\/saknews.net\/ku\/?cat=49\" rel=\"category\">N\u00fb\u00e7e<\/a>","tag_info":"N\u00fb\u00e7e","comment_count":"0","_links":{"self":[{"href":"https:\/\/saknews.net\/ku\/index.php?rest_route=\/wp\/v2\/posts\/2492","targetHints":{"allow":["GET"]}}],"collection":[{"href":"https:\/\/saknews.net\/ku\/index.php?rest_route=\/wp\/v2\/posts"}],"about":[{"href":"https:\/\/saknews.net\/ku\/index.php?rest_route=\/wp\/v2\/types\/post"}],"author":[{"embeddable":true,"href":"https:\/\/saknews.net\/ku\/index.php?rest_route=\/wp\/v2\/users\/5"}],"replies":[{"embeddable":true,"href":"https:\/\/saknews.net\/ku\/index.php?rest_route=%2Fwp%2Fv2%2Fcomments&post=2492"}],"version-history":[{"count":1,"href":"https:\/\/saknews.net\/ku\/index.php?rest_route=\/wp\/v2\/posts\/2492\/revisions"}],"predecessor-version":[{"id":2494,"href":"https:\/\/saknews.net\/ku\/index.php?rest_route=\/wp\/v2\/posts\/2492\/revisions\/2494"}],"wp:featuredmedia":[{"embeddable":true,"href":"https:\/\/saknews.net\/ku\/index.php?rest_route=\/wp\/v2\/media\/2493"}],"wp:attachment":[{"href":"https:\/\/saknews.net\/ku\/index.php?rest_route=%2Fwp%2Fv2%2Fmedia&parent=2492"}],"wp:term":[{"taxonomy":"category","embeddable":true,"href":"https:\/\/saknews.net\/ku\/index.php?rest_route=%2Fwp%2Fv2%2Fcategories&post=2492"},{"taxonomy":"post_tag","embeddable":true,"href":"https:\/\/saknews.net\/ku\/index.php?rest_route=%2Fwp%2Fv2%2Ftags&post=2492"}],"curies":[{"name":"wp","href":"https:\/\/api.w.org\/{rel}","templated":true}]}}