{"id":2496,"date":"2025-06-29T21:33:02","date_gmt":"2025-06-29T21:33:02","guid":{"rendered":"https:\/\/saknews.net\/ku\/?p=2496"},"modified":"2025-06-29T21:45:25","modified_gmt":"2025-06-29T21:45:25","slug":"siyamend-haco-di-seminareke-siyasi-de-li-berline-behsa-kurdistana-suriye-dike","status":"publish","type":"post","link":"https:\/\/saknews.net\/ku\/?p=2496","title":{"rendered":"Siyamend Haco di sem\u00eenareke siyas\u00ee de li Berl\u00een\u00ea behsa Kurdistana S\u00fbriy\u00ea dike"},"content":{"rendered":"<p>Siyamend Haco Serok\u00ea Ber\u00ea Kurdistana S\u00fbriy\u00ea ku di heman dem\u00ea de Serok\u00ea \u015eep\u00eala Azad\u00ee ya Kurdistan\u00ee ye be\u015fdar\u00ee sem\u00eenareke siyas\u00ee li Berl\u00eena Paytexta Elmanya b\u00fb ku t\u00eade hejmareke kesayetiy\u00ean siyas\u00ee y\u00ean Kurd ji her\u00e7ar par\u00e7ey\u00ean Kurdistan\u00ea amade b\u00fbn.<\/p>\n<p>Her di w\u00ea sem\u00eenar\u00ea de ku revenda Kurd r\u00eak xistib\u00fb, siyasetmedar\u00ea Kurd Hac\u00ee Cind\u00ee j\u00ee amade b\u00fb \u00fb behsa daw\u00ee p\u00ea\u015fhat\u00ean rew\u015fa siyas\u00ee ya Kurdisrana \u00ceran\u00ea kir, herwiha siyasetmedar \u00fb wez\u00eer\u00ea ber\u00ea y\u00ea Iraq\u00ee P\u00eer mamo Osman j\u00ee amade b\u00fb ku niha raw\u00eajkar\u00ea enc\u00fbnema ol\u00ee ya \u00caz\u00eed\u00ee ye \u00fb w\u00ee ji aliy\u00ea xwe ve behsa rew\u015fa niha ya Her\u00eama Kurdistan\u00ea kir.<\/p>\n<p>Siyamend Haco di sem\u00eenar\u00ea de behsa serdana xwe bo Kurdistana S\u00fbriy\u00ea kir \u00fb behsa hevd\u00eetin\u00ean xwe li gel n\u00fbner\u00ean hejmareke partiy\u00ean Kurd\u00ee \u00fb endam\u00ean \u015fanda Kurd\u00ee ya hevbe\u015f kir, herwiha bi dir\u00eajah\u00ee behsa rew\u015fa ab\u00fbr\u00ee ya zehmet a ku xelk\u00ea Kurdistana S\u00fbriy\u00ea t\u00eare derbas dibe di demek\u00ea de ku xizmetguzariy\u00ean sereke li wan deveran nay\u00ean p\u00ea\u015fk\u00ea\u015fkirin.<\/p>\n<p>Haco di dir\u00eajahiya axaftin\u00ean xwe de behsa diyardeya heb\u00fbna petrol\u00ea di golan de kir \u00fb bandora w\u00ea li ser p\u00eesb\u00fbna j\u00eengeh\u00ea \u00fb li ser tendrustiya xelk\u00ea bi taybet li nava zeviyan de ku pariy\u00ea jiyana xelk\u00ea li ser wan zeviya ne.<br \/>\n<img data-recalc-dims=\"1\" decoding=\"async\" data-src=\"https:\/\/i0.wp.com\/saknews.net\/ku\/wp-content\/uploads\/2025\/06\/IMG-20250629-WA0008.jpg?resize=300%2C225&#038;ssl=1\" alt=\"\" width=\"300\" height=\"225\" class=\"alignright size-medium wp-image-2501 lazyload\" data-srcset=\"https:\/\/i0.wp.com\/saknews.net\/ku\/wp-content\/uploads\/2025\/06\/IMG-20250629-WA0008.jpg?resize=300%2C225&amp;ssl=1 300w, https:\/\/i0.wp.com\/saknews.net\/ku\/wp-content\/uploads\/2025\/06\/IMG-20250629-WA0008.jpg?resize=1024%2C768&amp;ssl=1 1024w, https:\/\/i0.wp.com\/saknews.net\/ku\/wp-content\/uploads\/2025\/06\/IMG-20250629-WA0008.jpg?resize=768%2C576&amp;ssl=1 768w, https:\/\/i0.wp.com\/saknews.net\/ku\/wp-content\/uploads\/2025\/06\/IMG-20250629-WA0008.jpg?resize=1536%2C1152&amp;ssl=1 1536w, https:\/\/i0.wp.com\/saknews.net\/ku\/wp-content\/uploads\/2025\/06\/IMG-20250629-WA0008.jpg?w=2000&amp;ssl=1 2000w, https:\/\/i0.wp.com\/saknews.net\/ku\/wp-content\/uploads\/2025\/06\/IMG-20250629-WA0008.jpg?w=1280&amp;ssl=1 1280w, https:\/\/i0.wp.com\/saknews.net\/ku\/wp-content\/uploads\/2025\/06\/IMG-20250629-WA0008.jpg?w=1920&amp;ssl=1 1920w\" data-sizes=\"(max-width: 300px) 100vw, 300px\" src=\"data:image\/svg+xml;base64,PHN2ZyB3aWR0aD0iMSIgaGVpZ2h0PSIxIiB4bWxucz0iaHR0cDovL3d3dy53My5vcmcvMjAwMC9zdmciPjwvc3ZnPg==\" style=\"--smush-placeholder-width: 300px; --smush-placeholder-aspect-ratio: 300\/225;\" \/><\/p>\n<p><img data-recalc-dims=\"1\" decoding=\"async\" data-src=\"https:\/\/i0.wp.com\/saknews.net\/ku\/wp-content\/uploads\/2025\/06\/IMG-20250629-WA0009.jpg?resize=300%2C225&#038;ssl=1\" alt=\"\" width=\"300\" height=\"225\" class=\"alignright size-medium wp-image-2502 lazyload\" data-srcset=\"https:\/\/i0.wp.com\/saknews.net\/ku\/wp-content\/uploads\/2025\/06\/IMG-20250629-WA0009.jpg?resize=300%2C225&amp;ssl=1 300w, https:\/\/i0.wp.com\/saknews.net\/ku\/wp-content\/uploads\/2025\/06\/IMG-20250629-WA0009.jpg?resize=1024%2C768&amp;ssl=1 1024w, https:\/\/i0.wp.com\/saknews.net\/ku\/wp-content\/uploads\/2025\/06\/IMG-20250629-WA0009.jpg?resize=768%2C576&amp;ssl=1 768w, https:\/\/i0.wp.com\/saknews.net\/ku\/wp-content\/uploads\/2025\/06\/IMG-20250629-WA0009.jpg?resize=1536%2C1152&amp;ssl=1 1536w, https:\/\/i0.wp.com\/saknews.net\/ku\/wp-content\/uploads\/2025\/06\/IMG-20250629-WA0009.jpg?w=1600&amp;ssl=1 1600w, https:\/\/i0.wp.com\/saknews.net\/ku\/wp-content\/uploads\/2025\/06\/IMG-20250629-WA0009.jpg?w=1280&amp;ssl=1 1280w\" data-sizes=\"(max-width: 300px) 100vw, 300px\" src=\"data:image\/svg+xml;base64,PHN2ZyB3aWR0aD0iMSIgaGVpZ2h0PSIxIiB4bWxucz0iaHR0cDovL3d3dy53My5vcmcvMjAwMC9zdmciPjwvc3ZnPg==\" style=\"--smush-placeholder-width: 300px; --smush-placeholder-aspect-ratio: 300\/225;\" \/><\/p>\n<p><img data-recalc-dims=\"1\" decoding=\"async\" class=\"alignnone size-medium wp-image-2498 lazyload\" data-src=\"https:\/\/i0.wp.com\/saknews.net\/ku\/wp-content\/uploads\/2025\/06\/d79f3c79-845b-4792-9a94-5809ca6f23e7.jpeg?resize=300%2C225&#038;ssl=1\" alt=\"\" width=\"300\" height=\"225\" data-srcset=\"https:\/\/i0.wp.com\/saknews.net\/ku\/wp-content\/uploads\/2025\/06\/d79f3c79-845b-4792-9a94-5809ca6f23e7.jpeg?resize=300%2C225&amp;ssl=1 300w, https:\/\/i0.wp.com\/saknews.net\/ku\/wp-content\/uploads\/2025\/06\/d79f3c79-845b-4792-9a94-5809ca6f23e7.jpeg?resize=1024%2C768&amp;ssl=1 1024w, https:\/\/i0.wp.com\/saknews.net\/ku\/wp-content\/uploads\/2025\/06\/d79f3c79-845b-4792-9a94-5809ca6f23e7.jpeg?resize=768%2C576&amp;ssl=1 768w, https:\/\/i0.wp.com\/saknews.net\/ku\/wp-content\/uploads\/2025\/06\/d79f3c79-845b-4792-9a94-5809ca6f23e7.jpeg?resize=1536%2C1152&amp;ssl=1 1536w, https:\/\/i0.wp.com\/saknews.net\/ku\/wp-content\/uploads\/2025\/06\/d79f3c79-845b-4792-9a94-5809ca6f23e7.jpeg?w=2000&amp;ssl=1 2000w, https:\/\/i0.wp.com\/saknews.net\/ku\/wp-content\/uploads\/2025\/06\/d79f3c79-845b-4792-9a94-5809ca6f23e7.jpeg?w=1280&amp;ssl=1 1280w, https:\/\/i0.wp.com\/saknews.net\/ku\/wp-content\/uploads\/2025\/06\/d79f3c79-845b-4792-9a94-5809ca6f23e7.jpeg?w=1920&amp;ssl=1 1920w\" data-sizes=\"(max-width: 300px) 100vw, 300px\" src=\"data:image\/svg+xml;base64,PHN2ZyB3aWR0aD0iMSIgaGVpZ2h0PSIxIiB4bWxucz0iaHR0cDovL3d3dy53My5vcmcvMjAwMC9zdmciPjwvc3ZnPg==\" style=\"--smush-placeholder-width: 300px; --smush-placeholder-aspect-ratio: 300\/225;\" \/><\/p>\n<p><img data-recalc-dims=\"1\" decoding=\"async\" class=\"alignnone size-medium wp-image-2497 lazyload\" data-src=\"https:\/\/i0.wp.com\/saknews.net\/ku\/wp-content\/uploads\/2025\/06\/a7b4d4d7-2e50-4d04-8c5b-653e5b96a786.jpeg?resize=300%2C291&#038;ssl=1\" alt=\"\" width=\"300\" height=\"291\" data-srcset=\"https:\/\/i0.wp.com\/saknews.net\/ku\/wp-content\/uploads\/2025\/06\/a7b4d4d7-2e50-4d04-8c5b-653e5b96a786.jpeg?resize=300%2C291&amp;ssl=1 300w, https:\/\/i0.wp.com\/saknews.net\/ku\/wp-content\/uploads\/2025\/06\/a7b4d4d7-2e50-4d04-8c5b-653e5b96a786.jpeg?resize=768%2C744&amp;ssl=1 768w, https:\/\/i0.wp.com\/saknews.net\/ku\/wp-content\/uploads\/2025\/06\/a7b4d4d7-2e50-4d04-8c5b-653e5b96a786.jpeg?w=945&amp;ssl=1 945w\" data-sizes=\"(max-width: 300px) 100vw, 300px\" src=\"data:image\/svg+xml;base64,PHN2ZyB3aWR0aD0iMSIgaGVpZ2h0PSIxIiB4bWxucz0iaHR0cDovL3d3dy53My5vcmcvMjAwMC9zdmciPjwvc3ZnPg==\" style=\"--smush-placeholder-width: 300px; --smush-placeholder-aspect-ratio: 300\/291;\" \/><\/p>\n","protected":false},"excerpt":{"rendered":"<p>Siyamend Haco Serok\u00ea Ber\u00ea Kurdistana S\u00fbriy\u00ea ku di heman dem\u00ea de Serok\u00ea \u015eep\u00eala Azad\u00ee ya&#8230;<\/p>\n","protected":false},"author":5,"featured_media":2499,"comment_status":"closed","ping_status":"closed","sticky":false,"template":"","format":"standard","meta":{"footnotes":""},"categories":[49],"tags":[],"class_list":["post-2496","post","type-post","status-publish","format-standard","has-post-thumbnail","hentry","category-nuce"],"yoast_head":"<!-- This site is optimized with the Yoast SEO plugin v27.5 - https:\/\/yoast.com\/product\/yoast-seo-wordpress\/ -->\n<title>Siyamend Haco di sem\u00eenareke siyas\u00ee de li Berl\u00een\u00ea behsa Kurdistana S\u00fbriy\u00ea dike &#8226; \u015eAK<\/title>\n<meta name=\"robots\" content=\"index, follow, max-snippet:-1, max-image-preview:large, max-video-preview:-1\" \/>\n<link rel=\"canonical\" href=\"https:\/\/saknews.net\/ku\/?p=2496\" \/>\n<meta property=\"og:locale\" content=\"en_US\" \/>\n<meta property=\"og:type\" content=\"article\" \/>\n<meta property=\"og:title\" content=\"Siyamend Haco di sem\u00eenareke siyas\u00ee de li Berl\u00een\u00ea behsa Kurdistana S\u00fbriy\u00ea dike &#8226; \u015eAK\" \/>\n<meta property=\"og:description\" content=\"Siyamend Haco Serok\u00ea Ber\u00ea Kurdistana S\u00fbriy\u00ea ku di heman dem\u00ea de Serok\u00ea \u015eep\u00eala Azad\u00ee ya...\" \/>\n<meta property=\"og:url\" content=\"https:\/\/saknews.net\/ku\/?p=2496\" \/>\n<meta property=\"og:site_name\" content=\"\u015eAK\" \/>\n<meta property=\"article:publisher\" content=\"https:\/\/www.facebook.com\/Shepel.ewropa\" \/>\n<meta property=\"article:published_time\" content=\"2025-06-29T21:33:02+00:00\" \/>\n<meta property=\"article:modified_time\" content=\"2025-06-29T21:45:25+00:00\" \/>\n<meta property=\"og:image\" content=\"https:\/\/saknews.net\/ku\/wp-content\/uploads\/2025\/06\/52efbabf-5ed7-4d24-bddf-a92625e77177.jpeg\" \/>\n\t<meta property=\"og:image:width\" content=\"1280\" \/>\n\t<meta property=\"og:image:height\" content=\"960\" \/>\n\t<meta property=\"og:image:type\" content=\"image\/jpeg\" \/>\n<meta name=\"author\" content=\"Helebja Helebja\" \/>\n<meta name=\"twitter:card\" content=\"summary_large_image\" \/>\n<meta name=\"twitter:label1\" content=\"Written by\" \/>\n\t<meta name=\"twitter:data1\" content=\"Helebja Helebja\" \/>\n\t<meta name=\"twitter:label2\" content=\"Est. reading time\" \/>\n\t<meta name=\"twitter:data2\" content=\"2 minutes\" \/>\n<script type=\"application\/ld+json\" class=\"yoast-schema-graph\">{\"@context\":\"https:\\\/\\\/schema.org\",\"@graph\":[{\"@type\":\"Article\",\"@id\":\"https:\\\/\\\/saknews.net\\\/ku\\\/?p=2496#article\",\"isPartOf\":{\"@id\":\"https:\\\/\\\/saknews.net\\\/ku\\\/?p=2496\"},\"author\":{\"name\":\"Helebja Helebja\",\"@id\":\"https:\\\/\\\/saknews.net\\\/ku\\\/#\\\/schema\\\/person\\\/1c01cd16fca0bfa144578b4674c618a7\"},\"headline\":\"Siyamend Haco di sem\u00eenareke siyas\u00ee de li Berl\u00een\u00ea behsa Kurdistana S\u00fbriy\u00ea dike\",\"datePublished\":\"2025-06-29T21:33:02+00:00\",\"dateModified\":\"2025-06-29T21:45:25+00:00\",\"mainEntityOfPage\":{\"@id\":\"https:\\\/\\\/saknews.net\\\/ku\\\/?p=2496\"},\"wordCount\":251,\"publisher\":{\"@id\":\"https:\\\/\\\/saknews.net\\\/ku\\\/#organization\"},\"image\":{\"@id\":\"https:\\\/\\\/saknews.net\\\/ku\\\/?p=2496#primaryimage\"},\"thumbnailUrl\":\"https:\\\/\\\/i0.wp.com\\\/saknews.net\\\/ku\\\/wp-content\\\/uploads\\\/2025\\\/06\\\/52efbabf-5ed7-4d24-bddf-a92625e77177.jpeg?fit=1280%2C960&ssl=1\",\"articleSection\":[\"N\u00fb\u00e7e\"],\"inLanguage\":\"en-US\"},{\"@type\":\"WebPage\",\"@id\":\"https:\\\/\\\/saknews.net\\\/ku\\\/?p=2496\",\"url\":\"https:\\\/\\\/saknews.net\\\/ku\\\/?p=2496\",\"name\":\"Siyamend Haco di sem\u00eenareke siyas\u00ee de li Berl\u00een\u00ea behsa Kurdistana S\u00fbriy\u00ea dike &#8226; \u015eAK\",\"isPartOf\":{\"@id\":\"https:\\\/\\\/saknews.net\\\/ku\\\/#website\"},\"primaryImageOfPage\":{\"@id\":\"https:\\\/\\\/saknews.net\\\/ku\\\/?p=2496#primaryimage\"},\"image\":{\"@id\":\"https:\\\/\\\/saknews.net\\\/ku\\\/?p=2496#primaryimage\"},\"thumbnailUrl\":\"https:\\\/\\\/i0.wp.com\\\/saknews.net\\\/ku\\\/wp-content\\\/uploads\\\/2025\\\/06\\\/52efbabf-5ed7-4d24-bddf-a92625e77177.jpeg?fit=1280%2C960&ssl=1\",\"datePublished\":\"2025-06-29T21:33:02+00:00\",\"dateModified\":\"2025-06-29T21:45:25+00:00\",\"breadcrumb\":{\"@id\":\"https:\\\/\\\/saknews.net\\\/ku\\\/?p=2496#breadcrumb\"},\"inLanguage\":\"en-US\",\"potentialAction\":[{\"@type\":\"ReadAction\",\"target\":[\"https:\\\/\\\/saknews.net\\\/ku\\\/?p=2496\"]}]},{\"@type\":\"ImageObject\",\"inLanguage\":\"en-US\",\"@id\":\"https:\\\/\\\/saknews.net\\\/ku\\\/?p=2496#primaryimage\",\"url\":\"https:\\\/\\\/i0.wp.com\\\/saknews.net\\\/ku\\\/wp-content\\\/uploads\\\/2025\\\/06\\\/52efbabf-5ed7-4d24-bddf-a92625e77177.jpeg?fit=1280%2C960&ssl=1\",\"contentUrl\":\"https:\\\/\\\/i0.wp.com\\\/saknews.net\\\/ku\\\/wp-content\\\/uploads\\\/2025\\\/06\\\/52efbabf-5ed7-4d24-bddf-a92625e77177.jpeg?fit=1280%2C960&ssl=1\",\"width\":1280,\"height\":960},{\"@type\":\"BreadcrumbList\",\"@id\":\"https:\\\/\\\/saknews.net\\\/ku\\\/?p=2496#breadcrumb\",\"itemListElement\":[{\"@type\":\"ListItem\",\"position\":1,\"name\":\"\u0627\u0644\u0631\u0626\u064a\u0633\u064a\u0629\",\"item\":\"https:\\\/\\\/saknews.net\\\/ku\\\/\"},{\"@type\":\"ListItem\",\"position\":2,\"name\":\"N\u00fb\u00e7e\",\"item\":\"https:\\\/\\\/saknews.net\\\/ku\\\/?cat=49\"},{\"@type\":\"ListItem\",\"position\":3,\"name\":\"Siyamend Haco di sem\u00eenareke siyas\u00ee de li Berl\u00een\u00ea behsa Kurdistana S\u00fbriy\u00ea dike\"}]},{\"@type\":\"WebSite\",\"@id\":\"https:\\\/\\\/saknews.net\\\/ku\\\/#website\",\"url\":\"https:\\\/\\\/saknews.net\\\/ku\\\/\",\"name\":\"S\u0327epe\u0302la Azadi\u0302 ya Kurdistani\u0302\",\"description\":\"\u062a\u064a\u0627\u0631 \u0627\u0644\u062d\u0631\u064a\u0629 \u0627\u0644\u0643\u0648\u0631\u062f\u0633\u062a\u0627\u0646\u064a \u015eep\u00eala Azad\u00ee ya Kurdistan\u00ee\",\"publisher\":{\"@id\":\"https:\\\/\\\/saknews.net\\\/ku\\\/#organization\"},\"potentialAction\":[{\"@type\":\"SearchAction\",\"target\":{\"@type\":\"EntryPoint\",\"urlTemplate\":\"https:\\\/\\\/saknews.net\\\/ku\\\/?s={search_term_string}\"},\"query-input\":{\"@type\":\"PropertyValueSpecification\",\"valueRequired\":true,\"valueName\":\"search_term_string\"}}],\"inLanguage\":\"en-US\"},{\"@type\":\"Organization\",\"@id\":\"https:\\\/\\\/saknews.net\\\/ku\\\/#organization\",\"name\":\"\u015eep\u00eala Azadiy\u00ea ya Kurdistan\u00ea - \u062a\u064a\u0627\u0631 \u0627\u0644\u062d\u0631\u064a\u0629 \u0627\u0644\u0643\u0648\u0631\u062f\u0633\u062a\u0627\u0646\u064a\",\"url\":\"https:\\\/\\\/saknews.net\\\/ku\\\/\",\"logo\":{\"@type\":\"ImageObject\",\"inLanguage\":\"en-US\",\"@id\":\"https:\\\/\\\/saknews.net\\\/ku\\\/#\\\/schema\\\/logo\\\/image\\\/\",\"url\":\"https:\\\/\\\/i0.wp.com\\\/saknews.net\\\/ku\\\/wp-content\\\/uploads\\\/2024\\\/11\\\/cropped-logo-1.png?fit=512%2C512&ssl=1\",\"contentUrl\":\"https:\\\/\\\/i0.wp.com\\\/saknews.net\\\/ku\\\/wp-content\\\/uploads\\\/2024\\\/11\\\/cropped-logo-1.png?fit=512%2C512&ssl=1\",\"width\":512,\"height\":512,\"caption\":\"\u015eep\u00eala Azadiy\u00ea ya Kurdistan\u00ea - \u062a\u064a\u0627\u0631 \u0627\u0644\u062d\u0631\u064a\u0629 \u0627\u0644\u0643\u0648\u0631\u062f\u0633\u062a\u0627\u0646\u064a\"},\"image\":{\"@id\":\"https:\\\/\\\/saknews.net\\\/ku\\\/#\\\/schema\\\/logo\\\/image\\\/\"},\"sameAs\":[\"https:\\\/\\\/www.facebook.com\\\/Shepel.ewropa\"]},{\"@type\":\"Person\",\"@id\":\"https:\\\/\\\/saknews.net\\\/ku\\\/#\\\/schema\\\/person\\\/1c01cd16fca0bfa144578b4674c618a7\",\"name\":\"Helebja Helebja\",\"sameAs\":[\"https:\\\/\\\/saknews.net\\\/ku\"],\"url\":\"https:\\\/\\\/saknews.net\\\/ku\\\/?author=5\"}]}<\/script>\n<!-- \/ Yoast SEO plugin. -->","yoast_head_json":{"title":"Siyamend Haco di sem\u00eenareke siyas\u00ee de li Berl\u00een\u00ea behsa Kurdistana S\u00fbriy\u00ea dike &#8226; \u015eAK","robots":{"index":"index","follow":"follow","max-snippet":"max-snippet:-1","max-image-preview":"max-image-preview:large","max-video-preview":"max-video-preview:-1"},"canonical":"https:\/\/saknews.net\/ku\/?p=2496","og_locale":"en_US","og_type":"article","og_title":"Siyamend Haco di sem\u00eenareke siyas\u00ee de li Berl\u00een\u00ea behsa Kurdistana S\u00fbriy\u00ea dike &#8226; \u015eAK","og_description":"Siyamend Haco Serok\u00ea Ber\u00ea Kurdistana S\u00fbriy\u00ea ku di heman dem\u00ea de Serok\u00ea \u015eep\u00eala Azad\u00ee ya...","og_url":"https:\/\/saknews.net\/ku\/?p=2496","og_site_name":"\u015eAK","article_publisher":"https:\/\/www.facebook.com\/Shepel.ewropa","article_published_time":"2025-06-29T21:33:02+00:00","article_modified_time":"2025-06-29T21:45:25+00:00","og_image":[{"width":1280,"height":960,"url":"https:\/\/saknews.net\/ku\/wp-content\/uploads\/2025\/06\/52efbabf-5ed7-4d24-bddf-a92625e77177.jpeg","type":"image\/jpeg"}],"author":"Helebja Helebja","twitter_card":"summary_large_image","twitter_misc":{"Written by":"Helebja Helebja","Est. reading time":"2 minutes"},"schema":{"@context":"https:\/\/schema.org","@graph":[{"@type":"Article","@id":"https:\/\/saknews.net\/ku\/?p=2496#article","isPartOf":{"@id":"https:\/\/saknews.net\/ku\/?p=2496"},"author":{"name":"Helebja Helebja","@id":"https:\/\/saknews.net\/ku\/#\/schema\/person\/1c01cd16fca0bfa144578b4674c618a7"},"headline":"Siyamend Haco di sem\u00eenareke siyas\u00ee de li Berl\u00een\u00ea behsa Kurdistana S\u00fbriy\u00ea dike","datePublished":"2025-06-29T21:33:02+00:00","dateModified":"2025-06-29T21:45:25+00:00","mainEntityOfPage":{"@id":"https:\/\/saknews.net\/ku\/?p=2496"},"wordCount":251,"publisher":{"@id":"https:\/\/saknews.net\/ku\/#organization"},"image":{"@id":"https:\/\/saknews.net\/ku\/?p=2496#primaryimage"},"thumbnailUrl":"https:\/\/i0.wp.com\/saknews.net\/ku\/wp-content\/uploads\/2025\/06\/52efbabf-5ed7-4d24-bddf-a92625e77177.jpeg?fit=1280%2C960&ssl=1","articleSection":["N\u00fb\u00e7e"],"inLanguage":"en-US"},{"@type":"WebPage","@id":"https:\/\/saknews.net\/ku\/?p=2496","url":"https:\/\/saknews.net\/ku\/?p=2496","name":"Siyamend Haco di sem\u00eenareke siyas\u00ee de li Berl\u00een\u00ea behsa Kurdistana S\u00fbriy\u00ea dike &#8226; \u015eAK","isPartOf":{"@id":"https:\/\/saknews.net\/ku\/#website"},"primaryImageOfPage":{"@id":"https:\/\/saknews.net\/ku\/?p=2496#primaryimage"},"image":{"@id":"https:\/\/saknews.net\/ku\/?p=2496#primaryimage"},"thumbnailUrl":"https:\/\/i0.wp.com\/saknews.net\/ku\/wp-content\/uploads\/2025\/06\/52efbabf-5ed7-4d24-bddf-a92625e77177.jpeg?fit=1280%2C960&ssl=1","datePublished":"2025-06-29T21:33:02+00:00","dateModified":"2025-06-29T21:45:25+00:00","breadcrumb":{"@id":"https:\/\/saknews.net\/ku\/?p=2496#breadcrumb"},"inLanguage":"en-US","potentialAction":[{"@type":"ReadAction","target":["https:\/\/saknews.net\/ku\/?p=2496"]}]},{"@type":"ImageObject","inLanguage":"en-US","@id":"https:\/\/saknews.net\/ku\/?p=2496#primaryimage","url":"https:\/\/i0.wp.com\/saknews.net\/ku\/wp-content\/uploads\/2025\/06\/52efbabf-5ed7-4d24-bddf-a92625e77177.jpeg?fit=1280%2C960&ssl=1","contentUrl":"https:\/\/i0.wp.com\/saknews.net\/ku\/wp-content\/uploads\/2025\/06\/52efbabf-5ed7-4d24-bddf-a92625e77177.jpeg?fit=1280%2C960&ssl=1","width":1280,"height":960},{"@type":"BreadcrumbList","@id":"https:\/\/saknews.net\/ku\/?p=2496#breadcrumb","itemListElement":[{"@type":"ListItem","position":1,"name":"\u0627\u0644\u0631\u0626\u064a\u0633\u064a\u0629","item":"https:\/\/saknews.net\/ku\/"},{"@type":"ListItem","position":2,"name":"N\u00fb\u00e7e","item":"https:\/\/saknews.net\/ku\/?cat=49"},{"@type":"ListItem","position":3,"name":"Siyamend Haco di sem\u00eenareke siyas\u00ee de li Berl\u00een\u00ea behsa Kurdistana S\u00fbriy\u00ea dike"}]},{"@type":"WebSite","@id":"https:\/\/saknews.net\/ku\/#website","url":"https:\/\/saknews.net\/ku\/","name":"S\u0327epe\u0302la Azadi\u0302 ya Kurdistani\u0302","description":"\u062a\u064a\u0627\u0631 \u0627\u0644\u062d\u0631\u064a\u0629 \u0627\u0644\u0643\u0648\u0631\u062f\u0633\u062a\u0627\u0646\u064a \u015eep\u00eala Azad\u00ee ya Kurdistan\u00ee","publisher":{"@id":"https:\/\/saknews.net\/ku\/#organization"},"potentialAction":[{"@type":"SearchAction","target":{"@type":"EntryPoint","urlTemplate":"https:\/\/saknews.net\/ku\/?s={search_term_string}"},"query-input":{"@type":"PropertyValueSpecification","valueRequired":true,"valueName":"search_term_string"}}],"inLanguage":"en-US"},{"@type":"Organization","@id":"https:\/\/saknews.net\/ku\/#organization","name":"\u015eep\u00eala Azadiy\u00ea ya Kurdistan\u00ea - \u062a\u064a\u0627\u0631 \u0627\u0644\u062d\u0631\u064a\u0629 \u0627\u0644\u0643\u0648\u0631\u062f\u0633\u062a\u0627\u0646\u064a","url":"https:\/\/saknews.net\/ku\/","logo":{"@type":"ImageObject","inLanguage":"en-US","@id":"https:\/\/saknews.net\/ku\/#\/schema\/logo\/image\/","url":"https:\/\/i0.wp.com\/saknews.net\/ku\/wp-content\/uploads\/2024\/11\/cropped-logo-1.png?fit=512%2C512&ssl=1","contentUrl":"https:\/\/i0.wp.com\/saknews.net\/ku\/wp-content\/uploads\/2024\/11\/cropped-logo-1.png?fit=512%2C512&ssl=1","width":512,"height":512,"caption":"\u015eep\u00eala Azadiy\u00ea ya Kurdistan\u00ea - \u062a\u064a\u0627\u0631 \u0627\u0644\u062d\u0631\u064a\u0629 \u0627\u0644\u0643\u0648\u0631\u062f\u0633\u062a\u0627\u0646\u064a"},"image":{"@id":"https:\/\/saknews.net\/ku\/#\/schema\/logo\/image\/"},"sameAs":["https:\/\/www.facebook.com\/Shepel.ewropa"]},{"@type":"Person","@id":"https:\/\/saknews.net\/ku\/#\/schema\/person\/1c01cd16fca0bfa144578b4674c618a7","name":"Helebja Helebja","sameAs":["https:\/\/saknews.net\/ku"],"url":"https:\/\/saknews.net\/ku\/?author=5"}]}},"featured_image_urls":{"full":["https:\/\/i0.wp.com\/saknews.net\/ku\/wp-content\/uploads\/2025\/06\/52efbabf-5ed7-4d24-bddf-a92625e77177.jpeg?fit=1280%2C960&ssl=1",1280,960,false],"thumbnail":["https:\/\/i0.wp.com\/saknews.net\/ku\/wp-content\/uploads\/2025\/06\/52efbabf-5ed7-4d24-bddf-a92625e77177.jpeg?resize=150%2C150&ssl=1",150,150,true],"medium":["https:\/\/i0.wp.com\/saknews.net\/ku\/wp-content\/uploads\/2025\/06\/52efbabf-5ed7-4d24-bddf-a92625e77177.jpeg?fit=300%2C225&ssl=1",300,225,true],"medium_large":["https:\/\/i0.wp.com\/saknews.net\/ku\/wp-content\/uploads\/2025\/06\/52efbabf-5ed7-4d24-bddf-a92625e77177.jpeg?fit=640%2C480&ssl=1",640,480,true],"large":["https:\/\/i0.wp.com\/saknews.net\/ku\/wp-content\/uploads\/2025\/06\/52efbabf-5ed7-4d24-bddf-a92625e77177.jpeg?fit=640%2C480&ssl=1",640,480,true],"1536x1536":["https:\/\/i0.wp.com\/saknews.net\/ku\/wp-content\/uploads\/2025\/06\/52efbabf-5ed7-4d24-bddf-a92625e77177.jpeg?fit=1280%2C960&ssl=1",1280,960,true],"2048x2048":["https:\/\/i0.wp.com\/saknews.net\/ku\/wp-content\/uploads\/2025\/06\/52efbabf-5ed7-4d24-bddf-a92625e77177.jpeg?fit=1280%2C960&ssl=1",1280,960,true],"covernews-featured":["https:\/\/i0.wp.com\/saknews.net\/ku\/wp-content\/uploads\/2025\/06\/52efbabf-5ed7-4d24-bddf-a92625e77177.jpeg?fit=1024%2C768&ssl=1",1024,768,true],"covernews-medium":["https:\/\/i0.wp.com\/saknews.net\/ku\/wp-content\/uploads\/2025\/06\/52efbabf-5ed7-4d24-bddf-a92625e77177.jpeg?resize=540%2C340&ssl=1",540,340,true]},"author_info":{"display_name":"Helebja Helebja","author_link":"https:\/\/saknews.net\/ku\/?author=5"},"category_info":"<a href=\"https:\/\/saknews.net\/ku\/?cat=49\" rel=\"category\">N\u00fb\u00e7e<\/a>","tag_info":"N\u00fb\u00e7e","comment_count":"0","_links":{"self":[{"href":"https:\/\/saknews.net\/ku\/index.php?rest_route=\/wp\/v2\/posts\/2496","targetHints":{"allow":["GET"]}}],"collection":[{"href":"https:\/\/saknews.net\/ku\/index.php?rest_route=\/wp\/v2\/posts"}],"about":[{"href":"https:\/\/saknews.net\/ku\/index.php?rest_route=\/wp\/v2\/types\/post"}],"author":[{"embeddable":true,"href":"https:\/\/saknews.net\/ku\/index.php?rest_route=\/wp\/v2\/users\/5"}],"replies":[{"embeddable":true,"href":"https:\/\/saknews.net\/ku\/index.php?rest_route=%2Fwp%2Fv2%2Fcomments&post=2496"}],"version-history":[{"count":2,"href":"https:\/\/saknews.net\/ku\/index.php?rest_route=\/wp\/v2\/posts\/2496\/revisions"}],"predecessor-version":[{"id":2503,"href":"https:\/\/saknews.net\/ku\/index.php?rest_route=\/wp\/v2\/posts\/2496\/revisions\/2503"}],"wp:featuredmedia":[{"embeddable":true,"href":"https:\/\/saknews.net\/ku\/index.php?rest_route=\/wp\/v2\/media\/2499"}],"wp:attachment":[{"href":"https:\/\/saknews.net\/ku\/index.php?rest_route=%2Fwp%2Fv2%2Fmedia&parent=2496"}],"wp:term":[{"taxonomy":"category","embeddable":true,"href":"https:\/\/saknews.net\/ku\/index.php?rest_route=%2Fwp%2Fv2%2Fcategories&post=2496"},{"taxonomy":"post_tag","embeddable":true,"href":"https:\/\/saknews.net\/ku\/index.php?rest_route=%2Fwp%2Fv2%2Ftags&post=2496"}],"curies":[{"name":"wp","href":"https:\/\/api.w.org\/{rel}","templated":true}]}}