{"id":2505,"date":"2025-07-01T21:18:48","date_gmt":"2025-07-01T21:18:48","guid":{"rendered":"https:\/\/saknews.net\/ku\/?p=2505"},"modified":"2025-07-01T21:18:48","modified_gmt":"2025-07-01T21:18:48","slug":"daxuyaniyek-ji-serokatiya-bere-kurdistana-suriye","status":"publish","type":"post","link":"https:\/\/saknews.net\/ku\/?p=2505","title":{"rendered":"Daxuyaniyek ji serokatiya Ber\u00ea Kurdistana S\u00fbriy\u00ea"},"content":{"rendered":"<p>Serokatiya Ber\u00ea Kurdistana S\u00fbriy\u00ea roja 01.07.2025 civ\u00eeneke berfireh lidar xist ku t\u00eade serok\u00ean r\u00eaxistin\u00ean civaka siv\u00eel y\u00ean ku di bin \u00e7ar\u00e7ovey\u00ea Ber\u00ea Kurdistana S\u00fbriy\u00ea de kar dikin, amade b\u00fbn.<\/p>\n<p>Di civ\u00een\u00ea de Serok\u00ea Ber\u00ea Kurdistana S\u00fbriy\u00ea Siyamend Haco \u00fb hejmareke endam\u00ean desteya serokatiy\u00ea be\u015fdar b\u00fbn.<\/p>\n<p>Destp\u00eak\u00ea Serok\u00ea Ber\u00ea Kurdistana S\u00fbriy\u00ea bix\u00earhatina hem\u00fb amadeb\u00fbyan kir \u00fb tekez\u00ee li ser giringiya kar\u00ea hevbe\u015f di nava aliy\u00ean siyas\u00ee, r\u00eaxistin\u00ean siv\u00eel \u00fb serbixwe de kir ku ev kar\u00ea hevbe\u015f xaleke sereke ye ji bo bergiriya di ber doza netew\u00ee ya gelk\u00ea Kurd de li Kurdistana S\u00fbriy\u00ea.<\/p>\n<p>Siyamend Haco behsa encam\u00ean seredana xwe ya dawiy\u00ea ji bo hijmareke dever\u00ean Kurdistana S\u00fbriy\u00ea kir \u00fb di heman dem\u00ea de behsa asteng\u00ee \u00fb pirsgir\u00eak\u00ean xelk\u00ea wan deveran j\u00ee kir \u00fb giringiya p\u00ea\u015fxistina kar bi rengek\u00ee ku bikaribe kar ji bo d\u00eetina \u00e7areseriyan ji wan astengiyan re.<\/p>\n<p>Di w\u00ea civ\u00een\u00ea de behsa \u00e7awaniya \u00e7alakirin kar di hundir\u00ea of\u00ees\u00ean Ber\u00ea Kurdistana S\u00fbriy\u00ea de hate kirin bi rengek\u00ee ku hemahing\u00ee di nava hem\u00fb p\u00eakhatey\u00ean w\u00ea de were kirin \u00e7i part\u00ee bin yan j\u00ee r\u00eaxistin\u00ean civaka siv\u00eel \u00fb serbixwe, herwiha avakirina helwesteke Kurdistan\u00ee ya hevbe\u015f ji bo r\u00fbbr\u00fby\u00ee maf\u00ean netew\u00ee di siberoj\u00ea de.<\/p>\n<p>Kes\u00ean amade behsa \u00e7awaniya pi\u015ftevan\u00ee \u00fb \u00e7alakirina rola r\u00eaxistin\u00ean civaka siv\u00eel kir di bergiriya ji ber maf\u00ean gel\u00ea Kurd y\u00ean rewa bi taybet di pirs\u00ean \u00e7and, siyas\u00ee, yasay\u00ee \u00fb mafperwer\u00ee de \u00fb li destp\u00eak\u00ea belgekirina binp\u00eakirinan \u00fb ronahiy\u00ea bidin ser guhertina demograf\u00ee ya ku li dever\u00ean weku Efr\u00een, Ser\u00ea Kaniy\u00ea \u00fb Gir\u00ea Sp\u00ee r\u00fb didin \u00fb siyaseta ko\u00e7kirin \u00fb binp\u00eakirinan y\u00ean bi bi r\u00eaxistinkir\u00ee ku li wan deveran \u00e7\u00eadibin \u00fb kar ji bo bidestxistina pi\u015ftevaniyeke her\u00eam\u00ee \u00fb navdewlet\u00ee ji bo doza Kurd li S\u00fbriy\u00ea.<\/p>\n<p>Her di w\u00ea civ\u00een\u00ea de tekez\u00ee li ser p\u00eaw\u00eestiya p\u00ea\u015fxistina p\u00eawendiyan li gel hem\u00fb aliy\u00ean siyas\u00ee y\u00ean Kurd \u00fb her dan\u00fbstandinek netew\u00ee ya rast, herwiha d\u00fbrxistina ziman\u00ea xiyanetkirin\u00ea \u00fb drustkirina ke\u015f\u00fbhewayeke tendrust ji bo avakirina helwesteke Kurd\u00ee, bingeh\u00ea w\u00ea berpirsyaretiya hevbe\u015f \u00fb lihevr\u00eazgirtin be.<\/p>\n<p>Di dawiya civ\u00een\u00ea de tekez\u00ee li ser giringiya bilezkirina dan\u00eena plana kar\u00ea stratej\u00ee ya hevbe\u015f ku guhertin\u00ean ku niha \u00e7\u00eadibe li ber \u00e7avan werbigre \u00fb bingeh\u00ea w\u00ea hevbe\u015fiya rast di nava hem\u00fb p\u00eakhatey\u00ean Ber\u00ea Kurdistana S\u00fbriy\u00ea de be.<\/p>\n<p>Dubare serokatiya Ber\u00ea Kurdistana S\u00fbriy\u00ea bang li hem\u00fb aliy\u00ean Kurd li S\u00fbriy\u00ea kir ku bi berpirsyaret\u00ee \u00fb bi rengek\u00ee aqilane kar \u00fb dan\u00fbstandina bikin ji bo c\u00eebic\u00eekirin maf\u00ea gel\u00ea Kurd di azad\u00ee, romet \u00fb dadperweriy\u00ea de.<\/p>\n<p>Ber\u00ea Kurdistana S\u00fbriy\u00ea<br \/>\n02.07.2025<\/p>\n","protected":false},"excerpt":{"rendered":"<p>Serokatiya Ber\u00ea Kurdistana S\u00fbriy\u00ea roja 01.07.2025 civ\u00eeneke berfireh lidar xist ku t\u00eade serok\u00ean r\u00eaxistin\u00ean civaka&#8230;<\/p>\n","protected":false},"author":5,"featured_media":2224,"comment_status":"closed","ping_status":"closed","sticky":false,"template":"","format":"standard","meta":{"footnotes":""},"categories":[34],"tags":[],"class_list":["post-2505","post","type-post","status-publish","format-standard","has-post-thumbnail","hentry","category-daxuyani"],"yoast_head":"<!-- This site is optimized with the Yoast SEO plugin v27.5 - https:\/\/yoast.com\/product\/yoast-seo-wordpress\/ -->\n<title>Daxuyaniyek ji serokatiya Ber\u00ea Kurdistana S\u00fbriy\u00ea &#8226; \u015eAK<\/title>\n<meta name=\"robots\" content=\"index, follow, max-snippet:-1, max-image-preview:large, max-video-preview:-1\" \/>\n<link rel=\"canonical\" href=\"https:\/\/saknews.net\/ku\/?p=2505\" \/>\n<meta property=\"og:locale\" content=\"en_US\" \/>\n<meta property=\"og:type\" content=\"article\" \/>\n<meta property=\"og:title\" content=\"Daxuyaniyek ji serokatiya Ber\u00ea Kurdistana S\u00fbriy\u00ea &#8226; \u015eAK\" \/>\n<meta property=\"og:description\" content=\"Serokatiya Ber\u00ea Kurdistana S\u00fbriy\u00ea roja 01.07.2025 civ\u00eeneke berfireh lidar xist ku t\u00eade serok\u00ean r\u00eaxistin\u00ean civaka...\" \/>\n<meta property=\"og:url\" content=\"https:\/\/saknews.net\/ku\/?p=2505\" \/>\n<meta property=\"og:site_name\" content=\"\u015eAK\" \/>\n<meta property=\"article:publisher\" content=\"https:\/\/www.facebook.com\/Shepel.ewropa\" \/>\n<meta property=\"article:published_time\" content=\"2025-07-01T21:18:48+00:00\" \/>\n<meta property=\"og:image\" content=\"https:\/\/saknews.net\/ku\/wp-content\/uploads\/2025\/04\/f192ad4a-279e-4308-955e-daf5777acfc5.jpeg\" \/>\n\t<meta property=\"og:image:width\" content=\"1080\" \/>\n\t<meta property=\"og:image:height\" content=\"1079\" \/>\n\t<meta property=\"og:image:type\" content=\"image\/jpeg\" \/>\n<meta name=\"author\" content=\"Helebja Helebja\" \/>\n<meta name=\"twitter:card\" content=\"summary_large_image\" \/>\n<meta name=\"twitter:label1\" content=\"Written by\" \/>\n\t<meta name=\"twitter:data1\" content=\"Helebja Helebja\" \/>\n\t<meta name=\"twitter:label2\" content=\"Est. reading time\" \/>\n\t<meta name=\"twitter:data2\" content=\"2 minutes\" \/>\n<script type=\"application\/ld+json\" class=\"yoast-schema-graph\">{\"@context\":\"https:\\\/\\\/schema.org\",\"@graph\":[{\"@type\":\"Article\",\"@id\":\"https:\\\/\\\/saknews.net\\\/ku\\\/?p=2505#article\",\"isPartOf\":{\"@id\":\"https:\\\/\\\/saknews.net\\\/ku\\\/?p=2505\"},\"author\":{\"name\":\"Helebja Helebja\",\"@id\":\"https:\\\/\\\/saknews.net\\\/ku\\\/#\\\/schema\\\/person\\\/1c01cd16fca0bfa144578b4674c618a7\"},\"headline\":\"Daxuyaniyek ji serokatiya Ber\u00ea Kurdistana S\u00fbriy\u00ea\",\"datePublished\":\"2025-07-01T21:18:48+00:00\",\"mainEntityOfPage\":{\"@id\":\"https:\\\/\\\/saknews.net\\\/ku\\\/?p=2505\"},\"wordCount\":467,\"publisher\":{\"@id\":\"https:\\\/\\\/saknews.net\\\/ku\\\/#organization\"},\"image\":{\"@id\":\"https:\\\/\\\/saknews.net\\\/ku\\\/?p=2505#primaryimage\"},\"thumbnailUrl\":\"https:\\\/\\\/i0.wp.com\\\/saknews.net\\\/ku\\\/wp-content\\\/uploads\\\/2025\\\/04\\\/f192ad4a-279e-4308-955e-daf5777acfc5.jpeg?fit=1080%2C1079&ssl=1\",\"articleSection\":[\"Daxuyan\u00ee\"],\"inLanguage\":\"en-US\"},{\"@type\":\"WebPage\",\"@id\":\"https:\\\/\\\/saknews.net\\\/ku\\\/?p=2505\",\"url\":\"https:\\\/\\\/saknews.net\\\/ku\\\/?p=2505\",\"name\":\"Daxuyaniyek ji serokatiya Ber\u00ea Kurdistana S\u00fbriy\u00ea &#8226; \u015eAK\",\"isPartOf\":{\"@id\":\"https:\\\/\\\/saknews.net\\\/ku\\\/#website\"},\"primaryImageOfPage\":{\"@id\":\"https:\\\/\\\/saknews.net\\\/ku\\\/?p=2505#primaryimage\"},\"image\":{\"@id\":\"https:\\\/\\\/saknews.net\\\/ku\\\/?p=2505#primaryimage\"},\"thumbnailUrl\":\"https:\\\/\\\/i0.wp.com\\\/saknews.net\\\/ku\\\/wp-content\\\/uploads\\\/2025\\\/04\\\/f192ad4a-279e-4308-955e-daf5777acfc5.jpeg?fit=1080%2C1079&ssl=1\",\"datePublished\":\"2025-07-01T21:18:48+00:00\",\"breadcrumb\":{\"@id\":\"https:\\\/\\\/saknews.net\\\/ku\\\/?p=2505#breadcrumb\"},\"inLanguage\":\"en-US\",\"potentialAction\":[{\"@type\":\"ReadAction\",\"target\":[\"https:\\\/\\\/saknews.net\\\/ku\\\/?p=2505\"]}]},{\"@type\":\"ImageObject\",\"inLanguage\":\"en-US\",\"@id\":\"https:\\\/\\\/saknews.net\\\/ku\\\/?p=2505#primaryimage\",\"url\":\"https:\\\/\\\/i0.wp.com\\\/saknews.net\\\/ku\\\/wp-content\\\/uploads\\\/2025\\\/04\\\/f192ad4a-279e-4308-955e-daf5777acfc5.jpeg?fit=1080%2C1079&ssl=1\",\"contentUrl\":\"https:\\\/\\\/i0.wp.com\\\/saknews.net\\\/ku\\\/wp-content\\\/uploads\\\/2025\\\/04\\\/f192ad4a-279e-4308-955e-daf5777acfc5.jpeg?fit=1080%2C1079&ssl=1\",\"width\":1080,\"height\":1079},{\"@type\":\"BreadcrumbList\",\"@id\":\"https:\\\/\\\/saknews.net\\\/ku\\\/?p=2505#breadcrumb\",\"itemListElement\":[{\"@type\":\"ListItem\",\"position\":1,\"name\":\"\u0627\u0644\u0631\u0626\u064a\u0633\u064a\u0629\",\"item\":\"https:\\\/\\\/saknews.net\\\/ku\\\/\"},{\"@type\":\"ListItem\",\"position\":2,\"name\":\"N\u00fb\u00e7e\",\"item\":\"https:\\\/\\\/saknews.net\\\/ku\\\/?cat=49\"},{\"@type\":\"ListItem\",\"position\":3,\"name\":\"Daxuyan\u00ee\",\"item\":\"https:\\\/\\\/saknews.net\\\/ku\\\/?cat=34\"},{\"@type\":\"ListItem\",\"position\":4,\"name\":\"Daxuyaniyek ji serokatiya Ber\u00ea Kurdistana S\u00fbriy\u00ea\"}]},{\"@type\":\"WebSite\",\"@id\":\"https:\\\/\\\/saknews.net\\\/ku\\\/#website\",\"url\":\"https:\\\/\\\/saknews.net\\\/ku\\\/\",\"name\":\"S\u0327epe\u0302la Azadi\u0302 ya Kurdistani\u0302\",\"description\":\"\u062a\u064a\u0627\u0631 \u0627\u0644\u062d\u0631\u064a\u0629 \u0627\u0644\u0643\u0648\u0631\u062f\u0633\u062a\u0627\u0646\u064a \u015eep\u00eala Azad\u00ee ya Kurdistan\u00ee\",\"publisher\":{\"@id\":\"https:\\\/\\\/saknews.net\\\/ku\\\/#organization\"},\"potentialAction\":[{\"@type\":\"SearchAction\",\"target\":{\"@type\":\"EntryPoint\",\"urlTemplate\":\"https:\\\/\\\/saknews.net\\\/ku\\\/?s={search_term_string}\"},\"query-input\":{\"@type\":\"PropertyValueSpecification\",\"valueRequired\":true,\"valueName\":\"search_term_string\"}}],\"inLanguage\":\"en-US\"},{\"@type\":\"Organization\",\"@id\":\"https:\\\/\\\/saknews.net\\\/ku\\\/#organization\",\"name\":\"\u015eep\u00eala Azadiy\u00ea ya Kurdistan\u00ea - \u062a\u064a\u0627\u0631 \u0627\u0644\u062d\u0631\u064a\u0629 \u0627\u0644\u0643\u0648\u0631\u062f\u0633\u062a\u0627\u0646\u064a\",\"url\":\"https:\\\/\\\/saknews.net\\\/ku\\\/\",\"logo\":{\"@type\":\"ImageObject\",\"inLanguage\":\"en-US\",\"@id\":\"https:\\\/\\\/saknews.net\\\/ku\\\/#\\\/schema\\\/logo\\\/image\\\/\",\"url\":\"https:\\\/\\\/i0.wp.com\\\/saknews.net\\\/ku\\\/wp-content\\\/uploads\\\/2024\\\/11\\\/cropped-logo-1.png?fit=512%2C512&ssl=1\",\"contentUrl\":\"https:\\\/\\\/i0.wp.com\\\/saknews.net\\\/ku\\\/wp-content\\\/uploads\\\/2024\\\/11\\\/cropped-logo-1.png?fit=512%2C512&ssl=1\",\"width\":512,\"height\":512,\"caption\":\"\u015eep\u00eala Azadiy\u00ea ya Kurdistan\u00ea - \u062a\u064a\u0627\u0631 \u0627\u0644\u062d\u0631\u064a\u0629 \u0627\u0644\u0643\u0648\u0631\u062f\u0633\u062a\u0627\u0646\u064a\"},\"image\":{\"@id\":\"https:\\\/\\\/saknews.net\\\/ku\\\/#\\\/schema\\\/logo\\\/image\\\/\"},\"sameAs\":[\"https:\\\/\\\/www.facebook.com\\\/Shepel.ewropa\"]},{\"@type\":\"Person\",\"@id\":\"https:\\\/\\\/saknews.net\\\/ku\\\/#\\\/schema\\\/person\\\/1c01cd16fca0bfa144578b4674c618a7\",\"name\":\"Helebja Helebja\",\"sameAs\":[\"https:\\\/\\\/saknews.net\\\/ku\"],\"url\":\"https:\\\/\\\/saknews.net\\\/ku\\\/?author=5\"}]}<\/script>\n<!-- \/ Yoast SEO plugin. -->","yoast_head_json":{"title":"Daxuyaniyek ji serokatiya Ber\u00ea Kurdistana S\u00fbriy\u00ea &#8226; \u015eAK","robots":{"index":"index","follow":"follow","max-snippet":"max-snippet:-1","max-image-preview":"max-image-preview:large","max-video-preview":"max-video-preview:-1"},"canonical":"https:\/\/saknews.net\/ku\/?p=2505","og_locale":"en_US","og_type":"article","og_title":"Daxuyaniyek ji serokatiya Ber\u00ea Kurdistana S\u00fbriy\u00ea &#8226; \u015eAK","og_description":"Serokatiya Ber\u00ea Kurdistana S\u00fbriy\u00ea roja 01.07.2025 civ\u00eeneke berfireh lidar xist ku t\u00eade serok\u00ean r\u00eaxistin\u00ean civaka...","og_url":"https:\/\/saknews.net\/ku\/?p=2505","og_site_name":"\u015eAK","article_publisher":"https:\/\/www.facebook.com\/Shepel.ewropa","article_published_time":"2025-07-01T21:18:48+00:00","og_image":[{"width":1080,"height":1079,"url":"https:\/\/saknews.net\/ku\/wp-content\/uploads\/2025\/04\/f192ad4a-279e-4308-955e-daf5777acfc5.jpeg","type":"image\/jpeg"}],"author":"Helebja Helebja","twitter_card":"summary_large_image","twitter_misc":{"Written by":"Helebja Helebja","Est. reading time":"2 minutes"},"schema":{"@context":"https:\/\/schema.org","@graph":[{"@type":"Article","@id":"https:\/\/saknews.net\/ku\/?p=2505#article","isPartOf":{"@id":"https:\/\/saknews.net\/ku\/?p=2505"},"author":{"name":"Helebja Helebja","@id":"https:\/\/saknews.net\/ku\/#\/schema\/person\/1c01cd16fca0bfa144578b4674c618a7"},"headline":"Daxuyaniyek ji serokatiya Ber\u00ea Kurdistana S\u00fbriy\u00ea","datePublished":"2025-07-01T21:18:48+00:00","mainEntityOfPage":{"@id":"https:\/\/saknews.net\/ku\/?p=2505"},"wordCount":467,"publisher":{"@id":"https:\/\/saknews.net\/ku\/#organization"},"image":{"@id":"https:\/\/saknews.net\/ku\/?p=2505#primaryimage"},"thumbnailUrl":"https:\/\/i0.wp.com\/saknews.net\/ku\/wp-content\/uploads\/2025\/04\/f192ad4a-279e-4308-955e-daf5777acfc5.jpeg?fit=1080%2C1079&ssl=1","articleSection":["Daxuyan\u00ee"],"inLanguage":"en-US"},{"@type":"WebPage","@id":"https:\/\/saknews.net\/ku\/?p=2505","url":"https:\/\/saknews.net\/ku\/?p=2505","name":"Daxuyaniyek ji serokatiya Ber\u00ea Kurdistana S\u00fbriy\u00ea &#8226; \u015eAK","isPartOf":{"@id":"https:\/\/saknews.net\/ku\/#website"},"primaryImageOfPage":{"@id":"https:\/\/saknews.net\/ku\/?p=2505#primaryimage"},"image":{"@id":"https:\/\/saknews.net\/ku\/?p=2505#primaryimage"},"thumbnailUrl":"https:\/\/i0.wp.com\/saknews.net\/ku\/wp-content\/uploads\/2025\/04\/f192ad4a-279e-4308-955e-daf5777acfc5.jpeg?fit=1080%2C1079&ssl=1","datePublished":"2025-07-01T21:18:48+00:00","breadcrumb":{"@id":"https:\/\/saknews.net\/ku\/?p=2505#breadcrumb"},"inLanguage":"en-US","potentialAction":[{"@type":"ReadAction","target":["https:\/\/saknews.net\/ku\/?p=2505"]}]},{"@type":"ImageObject","inLanguage":"en-US","@id":"https:\/\/saknews.net\/ku\/?p=2505#primaryimage","url":"https:\/\/i0.wp.com\/saknews.net\/ku\/wp-content\/uploads\/2025\/04\/f192ad4a-279e-4308-955e-daf5777acfc5.jpeg?fit=1080%2C1079&ssl=1","contentUrl":"https:\/\/i0.wp.com\/saknews.net\/ku\/wp-content\/uploads\/2025\/04\/f192ad4a-279e-4308-955e-daf5777acfc5.jpeg?fit=1080%2C1079&ssl=1","width":1080,"height":1079},{"@type":"BreadcrumbList","@id":"https:\/\/saknews.net\/ku\/?p=2505#breadcrumb","itemListElement":[{"@type":"ListItem","position":1,"name":"\u0627\u0644\u0631\u0626\u064a\u0633\u064a\u0629","item":"https:\/\/saknews.net\/ku\/"},{"@type":"ListItem","position":2,"name":"N\u00fb\u00e7e","item":"https:\/\/saknews.net\/ku\/?cat=49"},{"@type":"ListItem","position":3,"name":"Daxuyan\u00ee","item":"https:\/\/saknews.net\/ku\/?cat=34"},{"@type":"ListItem","position":4,"name":"Daxuyaniyek ji serokatiya Ber\u00ea Kurdistana S\u00fbriy\u00ea"}]},{"@type":"WebSite","@id":"https:\/\/saknews.net\/ku\/#website","url":"https:\/\/saknews.net\/ku\/","name":"S\u0327epe\u0302la Azadi\u0302 ya Kurdistani\u0302","description":"\u062a\u064a\u0627\u0631 \u0627\u0644\u062d\u0631\u064a\u0629 \u0627\u0644\u0643\u0648\u0631\u062f\u0633\u062a\u0627\u0646\u064a \u015eep\u00eala Azad\u00ee ya Kurdistan\u00ee","publisher":{"@id":"https:\/\/saknews.net\/ku\/#organization"},"potentialAction":[{"@type":"SearchAction","target":{"@type":"EntryPoint","urlTemplate":"https:\/\/saknews.net\/ku\/?s={search_term_string}"},"query-input":{"@type":"PropertyValueSpecification","valueRequired":true,"valueName":"search_term_string"}}],"inLanguage":"en-US"},{"@type":"Organization","@id":"https:\/\/saknews.net\/ku\/#organization","name":"\u015eep\u00eala Azadiy\u00ea ya Kurdistan\u00ea - \u062a\u064a\u0627\u0631 \u0627\u0644\u062d\u0631\u064a\u0629 \u0627\u0644\u0643\u0648\u0631\u062f\u0633\u062a\u0627\u0646\u064a","url":"https:\/\/saknews.net\/ku\/","logo":{"@type":"ImageObject","inLanguage":"en-US","@id":"https:\/\/saknews.net\/ku\/#\/schema\/logo\/image\/","url":"https:\/\/i0.wp.com\/saknews.net\/ku\/wp-content\/uploads\/2024\/11\/cropped-logo-1.png?fit=512%2C512&ssl=1","contentUrl":"https:\/\/i0.wp.com\/saknews.net\/ku\/wp-content\/uploads\/2024\/11\/cropped-logo-1.png?fit=512%2C512&ssl=1","width":512,"height":512,"caption":"\u015eep\u00eala Azadiy\u00ea ya Kurdistan\u00ea - \u062a\u064a\u0627\u0631 \u0627\u0644\u062d\u0631\u064a\u0629 \u0627\u0644\u0643\u0648\u0631\u062f\u0633\u062a\u0627\u0646\u064a"},"image":{"@id":"https:\/\/saknews.net\/ku\/#\/schema\/logo\/image\/"},"sameAs":["https:\/\/www.facebook.com\/Shepel.ewropa"]},{"@type":"Person","@id":"https:\/\/saknews.net\/ku\/#\/schema\/person\/1c01cd16fca0bfa144578b4674c618a7","name":"Helebja Helebja","sameAs":["https:\/\/saknews.net\/ku"],"url":"https:\/\/saknews.net\/ku\/?author=5"}]}},"featured_image_urls":{"full":["https:\/\/i0.wp.com\/saknews.net\/ku\/wp-content\/uploads\/2025\/04\/f192ad4a-279e-4308-955e-daf5777acfc5.jpeg?fit=1080%2C1079&ssl=1",1080,1079,false],"thumbnail":["https:\/\/i0.wp.com\/saknews.net\/ku\/wp-content\/uploads\/2025\/04\/f192ad4a-279e-4308-955e-daf5777acfc5.jpeg?resize=150%2C150&ssl=1",150,150,true],"medium":["https:\/\/i0.wp.com\/saknews.net\/ku\/wp-content\/uploads\/2025\/04\/f192ad4a-279e-4308-955e-daf5777acfc5.jpeg?fit=300%2C300&ssl=1",300,300,true],"medium_large":["https:\/\/i0.wp.com\/saknews.net\/ku\/wp-content\/uploads\/2025\/04\/f192ad4a-279e-4308-955e-daf5777acfc5.jpeg?fit=640%2C639&ssl=1",640,639,true],"large":["https:\/\/i0.wp.com\/saknews.net\/ku\/wp-content\/uploads\/2025\/04\/f192ad4a-279e-4308-955e-daf5777acfc5.jpeg?fit=640%2C640&ssl=1",640,640,true],"1536x1536":["https:\/\/i0.wp.com\/saknews.net\/ku\/wp-content\/uploads\/2025\/04\/f192ad4a-279e-4308-955e-daf5777acfc5.jpeg?fit=1080%2C1079&ssl=1",1080,1079,true],"2048x2048":["https:\/\/i0.wp.com\/saknews.net\/ku\/wp-content\/uploads\/2025\/04\/f192ad4a-279e-4308-955e-daf5777acfc5.jpeg?fit=1080%2C1079&ssl=1",1080,1079,true],"covernews-featured":["https:\/\/i0.wp.com\/saknews.net\/ku\/wp-content\/uploads\/2025\/04\/f192ad4a-279e-4308-955e-daf5777acfc5.jpeg?fit=1024%2C1023&ssl=1",1024,1023,true],"covernews-medium":["https:\/\/i0.wp.com\/saknews.net\/ku\/wp-content\/uploads\/2025\/04\/f192ad4a-279e-4308-955e-daf5777acfc5.jpeg?resize=540%2C340&ssl=1",540,340,true]},"author_info":{"display_name":"Helebja Helebja","author_link":"https:\/\/saknews.net\/ku\/?author=5"},"category_info":"<a href=\"https:\/\/saknews.net\/ku\/?cat=34\" rel=\"category\">Daxuyan\u00ee<\/a>","tag_info":"Daxuyan\u00ee","comment_count":"0","_links":{"self":[{"href":"https:\/\/saknews.net\/ku\/index.php?rest_route=\/wp\/v2\/posts\/2505","targetHints":{"allow":["GET"]}}],"collection":[{"href":"https:\/\/saknews.net\/ku\/index.php?rest_route=\/wp\/v2\/posts"}],"about":[{"href":"https:\/\/saknews.net\/ku\/index.php?rest_route=\/wp\/v2\/types\/post"}],"author":[{"embeddable":true,"href":"https:\/\/saknews.net\/ku\/index.php?rest_route=\/wp\/v2\/users\/5"}],"replies":[{"embeddable":true,"href":"https:\/\/saknews.net\/ku\/index.php?rest_route=%2Fwp%2Fv2%2Fcomments&post=2505"}],"version-history":[{"count":1,"href":"https:\/\/saknews.net\/ku\/index.php?rest_route=\/wp\/v2\/posts\/2505\/revisions"}],"predecessor-version":[{"id":2506,"href":"https:\/\/saknews.net\/ku\/index.php?rest_route=\/wp\/v2\/posts\/2505\/revisions\/2506"}],"wp:featuredmedia":[{"embeddable":true,"href":"https:\/\/saknews.net\/ku\/index.php?rest_route=\/wp\/v2\/media\/2224"}],"wp:attachment":[{"href":"https:\/\/saknews.net\/ku\/index.php?rest_route=%2Fwp%2Fv2%2Fmedia&parent=2505"}],"wp:term":[{"taxonomy":"category","embeddable":true,"href":"https:\/\/saknews.net\/ku\/index.php?rest_route=%2Fwp%2Fv2%2Fcategories&post=2505"},{"taxonomy":"post_tag","embeddable":true,"href":"https:\/\/saknews.net\/ku\/index.php?rest_route=%2Fwp%2Fv2%2Ftags&post=2505"}],"curies":[{"name":"wp","href":"https:\/\/api.w.org\/{rel}","templated":true}]}}