{"id":2507,"date":"2025-07-02T07:31:56","date_gmt":"2025-07-02T07:31:56","guid":{"rendered":"https:\/\/saknews.net\/ku\/?p=2507"},"modified":"2025-07-02T07:31:56","modified_gmt":"2025-07-02T07:31:56","slug":"siyamend-haco-behsa-hewlen-haco-axa-ji-bo-dewleteke-serbixwe-dike","status":"publish","type":"post","link":"https:\/\/saknews.net\/ku\/?p=2507","title":{"rendered":"Siyamend Haco behsa hewl\u00ean Haco Axa ji bo dewleteke serbixwe dike"},"content":{"rendered":"<p>Serok\u00ea Ber\u00ea Kurdistana S\u00fbriy\u00ea Siyamend Haco di hevd\u00eetinek\u00ea de li gel R\u00fbdaw\u00ea behsa kar \u00fb tevgera kesatiya Kurd \u00ea navdar Haco Axa dike, ku ew tevger ji sala 1926 ta 1940an berdewam kir \u00fb w\u00ea dem\u00ea Serok\u00ea Hoza Hev\u00earkan b\u00fb.<\/p>\n<p>Siyamend Haco behsa jiyana bap\u00eer\u00ea bav\u00ea xwe dike dema ku ji Kurdistana Turkiy\u00ea ko\u00e7ber\u00ee Kurdistana S\u00fbriy\u00ea dibe, herwiha \u00e7awa Bir\u00eetaniyan r\u00eagir\u00ee li w\u00ee \u00fb hejmareke endam\u00ean hoza w\u00ee kirin ji bo ku derbas\u00ee Kurdistana Iraq\u00ea nebin.<\/p>\n<p>Her di w\u00ea hevd\u00eetin\u00ea de behsa b\u00fbyer\u00ean \u015fer\u00ea Beyand\u00fbr\u00ea dike ku sala 1923an li dij\u00ee Ferensa \u00e7\u00eabib\u00fb \u00fb rola hoz\u00ean Kurd\u00ee bi serokatiya Haco Axa \u00fb be\u015fdariya \u00e7end hoz\u00ean Ereban li w\u00ea dever\u00ea.<\/p>\n<p>Siyamend Haco pi\u015ftbestin\u00ea bi axaftin\u00ean hejmareke m\u00eaj\u00fbnasan dike \u00fb dib\u00eaje ku Haco Axa ti rola w\u00ee ya rasterast di \u015fore\u015fa \u015e\u00eax Se\u2019\u00eed\u00ea P\u00eeran de neb\u00fb.<\/p>\n<p>Yek ji giringtir\u00een aliy\u00ean ku Siyamend Haco behs dike, ew e dema Haco Axa sala 1930an daxwaz\u00ea ji n\u00fbner\u00ea bilind y\u00ea Ferensa li S\u00fbriy\u00ea dike ku devera Ciz\u00eera bilind a Kurd\u00ee li ber \u00e7avan werbigre ku Xwedmuxtar\u00ee (Autonomie) t\u00eade c\u00eebic\u00ee bibe \u00fb ev yekem gav b\u00fb ji bo nenavendiy\u00ea li S\u00fbriy\u00ea.<\/p>\n<p>Di heman hevd\u00eetin\u00ea de, hijmareke aliy\u00ean din li xwe girt weku kar\u00ea komeleya Xoyb\u00fbn ya ku Haco Axa serokatiya w\u00ea li S\u00fbriy\u00ea dikir herwiha banga Kurd \u00fb Kiristiyan\u00ean S\u00fbriy\u00ea ji Netew\u00ean Yekb\u00fby\u00ee ku Autonomie c\u00eebic\u00ee bikin li devera Ciz\u00eer\u00ea li sala 1932an \u00fb sedem\u00ean ko\u00e7beriya malbata Haco ya ni\u015ftimanperwer ji Tirbespiy\u00ea \u00fb siyaseta ku hik\u00fbmeta Be\u2019is \u00fb zinara Ereb\u00ee li dij\u00ee wan bikar an\u00ee.<\/p>\n<p>Hem\u00fb zanyar\u00ee li ser jiyan \u00fb kar \u00fb tevgera Haco Axa di v\u00ea v\u00eedyoy\u00ea bib\u00eenin:<\/p>\n<div class=\"ose- ose-uid-69d654a4216814c261c8faaaf6c21dc1 ose-embedpress-responsive\" style=\"width:1920px; height:1080px; max-height:1080px; max-width:100%; display:inline-block;\" data-embed-type=\"Facebook\"><iframe allowFullScreen=\"true\" class=\"embera-facebook-iframe-69d65 lazyload\" data-src=\"https:\/\/www.facebook.com\/plugins\/post.php?href=https%3A%2F%2Fwww.facebook.com%2Fshare%2Fv%2F19sfqYJ2Ty%2F%3Fmibextid%3DwwXIfr&width=1920&height=1080&show_text=true\" width=\"1920\" height=\"1080\" style=\"border:none;overflow:hidden\" scrolling=\"no\" frameborder=\"0\" allowTransparency=\"true\" src=\"data:image\/svg+xml;base64,PHN2ZyB3aWR0aD0iMSIgaGVpZ2h0PSIxIiB4bWxucz0iaHR0cDovL3d3dy53My5vcmcvMjAwMC9zdmciPjwvc3ZnPg==\" data-load-mode=\"1\"><\/iframe><\/div>\n","protected":false},"excerpt":{"rendered":"<p>Serok\u00ea Ber\u00ea Kurdistana S\u00fbriy\u00ea Siyamend Haco di hevd\u00eetinek\u00ea de li gel R\u00fbdaw\u00ea behsa kar \u00fb&#8230;<\/p>\n","protected":false},"author":5,"featured_media":2508,"comment_status":"closed","ping_status":"closed","sticky":false,"template":"","format":"standard","meta":{"footnotes":""},"categories":[49],"tags":[],"class_list":["post-2507","post","type-post","status-publish","format-standard","has-post-thumbnail","hentry","category-nuce"],"yoast_head":"<!-- This site is optimized with the Yoast SEO plugin v27.5 - https:\/\/yoast.com\/product\/yoast-seo-wordpress\/ -->\n<title>Siyamend Haco behsa hewl\u00ean Haco Axa ji bo dewleteke serbixwe dike &#8226; \u015eAK<\/title>\n<meta name=\"robots\" content=\"index, follow, max-snippet:-1, max-image-preview:large, max-video-preview:-1\" \/>\n<link rel=\"canonical\" href=\"https:\/\/saknews.net\/ku\/?p=2507\" \/>\n<meta property=\"og:locale\" content=\"en_US\" \/>\n<meta property=\"og:type\" content=\"article\" \/>\n<meta property=\"og:title\" content=\"Siyamend Haco behsa hewl\u00ean Haco Axa ji bo dewleteke serbixwe dike &#8226; \u015eAK\" \/>\n<meta property=\"og:description\" content=\"Serok\u00ea Ber\u00ea Kurdistana S\u00fbriy\u00ea Siyamend Haco di hevd\u00eetinek\u00ea de li gel R\u00fbdaw\u00ea behsa kar \u00fb...\" \/>\n<meta property=\"og:url\" content=\"https:\/\/saknews.net\/ku\/?p=2507\" \/>\n<meta property=\"og:site_name\" content=\"\u015eAK\" \/>\n<meta property=\"article:publisher\" content=\"https:\/\/www.facebook.com\/Shepel.ewropa\" \/>\n<meta property=\"article:published_time\" content=\"2025-07-02T07:31:56+00:00\" \/>\n<meta property=\"og:image\" content=\"https:\/\/saknews.net\/ku\/wp-content\/uploads\/2025\/07\/IMG_3397.jpeg\" \/>\n\t<meta property=\"og:image:width\" content=\"2264\" \/>\n\t<meta property=\"og:image:height\" content=\"1222\" \/>\n\t<meta property=\"og:image:type\" content=\"image\/jpeg\" \/>\n<meta name=\"author\" content=\"Helebja Helebja\" \/>\n<meta name=\"twitter:card\" content=\"summary_large_image\" \/>\n<meta name=\"twitter:label1\" content=\"Written by\" \/>\n\t<meta name=\"twitter:data1\" content=\"Helebja Helebja\" \/>\n\t<meta name=\"twitter:label2\" content=\"Est. reading time\" \/>\n\t<meta name=\"twitter:data2\" content=\"2 minutes\" \/>\n<script type=\"application\/ld+json\" class=\"yoast-schema-graph\">{\"@context\":\"https:\\\/\\\/schema.org\",\"@graph\":[{\"@type\":\"Article\",\"@id\":\"https:\\\/\\\/saknews.net\\\/ku\\\/?p=2507#article\",\"isPartOf\":{\"@id\":\"https:\\\/\\\/saknews.net\\\/ku\\\/?p=2507\"},\"author\":{\"name\":\"Helebja Helebja\",\"@id\":\"https:\\\/\\\/saknews.net\\\/ku\\\/#\\\/schema\\\/person\\\/1c01cd16fca0bfa144578b4674c618a7\"},\"headline\":\"Siyamend Haco behsa hewl\u00ean Haco Axa ji bo dewleteke serbixwe dike\",\"datePublished\":\"2025-07-02T07:31:56+00:00\",\"mainEntityOfPage\":{\"@id\":\"https:\\\/\\\/saknews.net\\\/ku\\\/?p=2507\"},\"wordCount\":323,\"publisher\":{\"@id\":\"https:\\\/\\\/saknews.net\\\/ku\\\/#organization\"},\"image\":{\"@id\":\"https:\\\/\\\/saknews.net\\\/ku\\\/?p=2507#primaryimage\"},\"thumbnailUrl\":\"https:\\\/\\\/i0.wp.com\\\/saknews.net\\\/ku\\\/wp-content\\\/uploads\\\/2025\\\/07\\\/IMG_3397.jpeg?fit=2264%2C1222&ssl=1\",\"articleSection\":[\"N\u00fb\u00e7e\"],\"inLanguage\":\"en-US\"},{\"@type\":\"WebPage\",\"@id\":\"https:\\\/\\\/saknews.net\\\/ku\\\/?p=2507\",\"url\":\"https:\\\/\\\/saknews.net\\\/ku\\\/?p=2507\",\"name\":\"Siyamend Haco behsa hewl\u00ean Haco Axa ji bo dewleteke serbixwe dike &#8226; \u015eAK\",\"isPartOf\":{\"@id\":\"https:\\\/\\\/saknews.net\\\/ku\\\/#website\"},\"primaryImageOfPage\":{\"@id\":\"https:\\\/\\\/saknews.net\\\/ku\\\/?p=2507#primaryimage\"},\"image\":{\"@id\":\"https:\\\/\\\/saknews.net\\\/ku\\\/?p=2507#primaryimage\"},\"thumbnailUrl\":\"https:\\\/\\\/i0.wp.com\\\/saknews.net\\\/ku\\\/wp-content\\\/uploads\\\/2025\\\/07\\\/IMG_3397.jpeg?fit=2264%2C1222&ssl=1\",\"datePublished\":\"2025-07-02T07:31:56+00:00\",\"breadcrumb\":{\"@id\":\"https:\\\/\\\/saknews.net\\\/ku\\\/?p=2507#breadcrumb\"},\"inLanguage\":\"en-US\",\"potentialAction\":[{\"@type\":\"ReadAction\",\"target\":[\"https:\\\/\\\/saknews.net\\\/ku\\\/?p=2507\"]}]},{\"@type\":\"ImageObject\",\"inLanguage\":\"en-US\",\"@id\":\"https:\\\/\\\/saknews.net\\\/ku\\\/?p=2507#primaryimage\",\"url\":\"https:\\\/\\\/i0.wp.com\\\/saknews.net\\\/ku\\\/wp-content\\\/uploads\\\/2025\\\/07\\\/IMG_3397.jpeg?fit=2264%2C1222&ssl=1\",\"contentUrl\":\"https:\\\/\\\/i0.wp.com\\\/saknews.net\\\/ku\\\/wp-content\\\/uploads\\\/2025\\\/07\\\/IMG_3397.jpeg?fit=2264%2C1222&ssl=1\",\"width\":2264,\"height\":1222,\"caption\":\"Screenshot\"},{\"@type\":\"BreadcrumbList\",\"@id\":\"https:\\\/\\\/saknews.net\\\/ku\\\/?p=2507#breadcrumb\",\"itemListElement\":[{\"@type\":\"ListItem\",\"position\":1,\"name\":\"\u0627\u0644\u0631\u0626\u064a\u0633\u064a\u0629\",\"item\":\"https:\\\/\\\/saknews.net\\\/ku\\\/\"},{\"@type\":\"ListItem\",\"position\":2,\"name\":\"N\u00fb\u00e7e\",\"item\":\"https:\\\/\\\/saknews.net\\\/ku\\\/?cat=49\"},{\"@type\":\"ListItem\",\"position\":3,\"name\":\"Siyamend Haco behsa hewl\u00ean Haco Axa ji bo dewleteke serbixwe dike\"}]},{\"@type\":\"WebSite\",\"@id\":\"https:\\\/\\\/saknews.net\\\/ku\\\/#website\",\"url\":\"https:\\\/\\\/saknews.net\\\/ku\\\/\",\"name\":\"S\u0327epe\u0302la Azadi\u0302 ya Kurdistani\u0302\",\"description\":\"\u062a\u064a\u0627\u0631 \u0627\u0644\u062d\u0631\u064a\u0629 \u0627\u0644\u0643\u0648\u0631\u062f\u0633\u062a\u0627\u0646\u064a \u015eep\u00eala Azad\u00ee ya Kurdistan\u00ee\",\"publisher\":{\"@id\":\"https:\\\/\\\/saknews.net\\\/ku\\\/#organization\"},\"potentialAction\":[{\"@type\":\"SearchAction\",\"target\":{\"@type\":\"EntryPoint\",\"urlTemplate\":\"https:\\\/\\\/saknews.net\\\/ku\\\/?s={search_term_string}\"},\"query-input\":{\"@type\":\"PropertyValueSpecification\",\"valueRequired\":true,\"valueName\":\"search_term_string\"}}],\"inLanguage\":\"en-US\"},{\"@type\":\"Organization\",\"@id\":\"https:\\\/\\\/saknews.net\\\/ku\\\/#organization\",\"name\":\"\u015eep\u00eala Azadiy\u00ea ya Kurdistan\u00ea - \u062a\u064a\u0627\u0631 \u0627\u0644\u062d\u0631\u064a\u0629 \u0627\u0644\u0643\u0648\u0631\u062f\u0633\u062a\u0627\u0646\u064a\",\"url\":\"https:\\\/\\\/saknews.net\\\/ku\\\/\",\"logo\":{\"@type\":\"ImageObject\",\"inLanguage\":\"en-US\",\"@id\":\"https:\\\/\\\/saknews.net\\\/ku\\\/#\\\/schema\\\/logo\\\/image\\\/\",\"url\":\"https:\\\/\\\/i0.wp.com\\\/saknews.net\\\/ku\\\/wp-content\\\/uploads\\\/2024\\\/11\\\/cropped-logo-1.png?fit=512%2C512&ssl=1\",\"contentUrl\":\"https:\\\/\\\/i0.wp.com\\\/saknews.net\\\/ku\\\/wp-content\\\/uploads\\\/2024\\\/11\\\/cropped-logo-1.png?fit=512%2C512&ssl=1\",\"width\":512,\"height\":512,\"caption\":\"\u015eep\u00eala Azadiy\u00ea ya Kurdistan\u00ea - \u062a\u064a\u0627\u0631 \u0627\u0644\u062d\u0631\u064a\u0629 \u0627\u0644\u0643\u0648\u0631\u062f\u0633\u062a\u0627\u0646\u064a\"},\"image\":{\"@id\":\"https:\\\/\\\/saknews.net\\\/ku\\\/#\\\/schema\\\/logo\\\/image\\\/\"},\"sameAs\":[\"https:\\\/\\\/www.facebook.com\\\/Shepel.ewropa\"]},{\"@type\":\"Person\",\"@id\":\"https:\\\/\\\/saknews.net\\\/ku\\\/#\\\/schema\\\/person\\\/1c01cd16fca0bfa144578b4674c618a7\",\"name\":\"Helebja Helebja\",\"sameAs\":[\"https:\\\/\\\/saknews.net\\\/ku\"],\"url\":\"https:\\\/\\\/saknews.net\\\/ku\\\/?author=5\"}]}<\/script>\n<!-- \/ Yoast SEO plugin. -->","yoast_head_json":{"title":"Siyamend Haco behsa hewl\u00ean Haco Axa ji bo dewleteke serbixwe dike &#8226; \u015eAK","robots":{"index":"index","follow":"follow","max-snippet":"max-snippet:-1","max-image-preview":"max-image-preview:large","max-video-preview":"max-video-preview:-1"},"canonical":"https:\/\/saknews.net\/ku\/?p=2507","og_locale":"en_US","og_type":"article","og_title":"Siyamend Haco behsa hewl\u00ean Haco Axa ji bo dewleteke serbixwe dike &#8226; \u015eAK","og_description":"Serok\u00ea Ber\u00ea Kurdistana S\u00fbriy\u00ea Siyamend Haco di hevd\u00eetinek\u00ea de li gel R\u00fbdaw\u00ea behsa kar \u00fb...","og_url":"https:\/\/saknews.net\/ku\/?p=2507","og_site_name":"\u015eAK","article_publisher":"https:\/\/www.facebook.com\/Shepel.ewropa","article_published_time":"2025-07-02T07:31:56+00:00","og_image":[{"width":2264,"height":1222,"url":"https:\/\/saknews.net\/ku\/wp-content\/uploads\/2025\/07\/IMG_3397.jpeg","type":"image\/jpeg"}],"author":"Helebja Helebja","twitter_card":"summary_large_image","twitter_misc":{"Written by":"Helebja Helebja","Est. reading time":"2 minutes"},"schema":{"@context":"https:\/\/schema.org","@graph":[{"@type":"Article","@id":"https:\/\/saknews.net\/ku\/?p=2507#article","isPartOf":{"@id":"https:\/\/saknews.net\/ku\/?p=2507"},"author":{"name":"Helebja Helebja","@id":"https:\/\/saknews.net\/ku\/#\/schema\/person\/1c01cd16fca0bfa144578b4674c618a7"},"headline":"Siyamend Haco behsa hewl\u00ean Haco Axa ji bo dewleteke serbixwe dike","datePublished":"2025-07-02T07:31:56+00:00","mainEntityOfPage":{"@id":"https:\/\/saknews.net\/ku\/?p=2507"},"wordCount":323,"publisher":{"@id":"https:\/\/saknews.net\/ku\/#organization"},"image":{"@id":"https:\/\/saknews.net\/ku\/?p=2507#primaryimage"},"thumbnailUrl":"https:\/\/i0.wp.com\/saknews.net\/ku\/wp-content\/uploads\/2025\/07\/IMG_3397.jpeg?fit=2264%2C1222&ssl=1","articleSection":["N\u00fb\u00e7e"],"inLanguage":"en-US"},{"@type":"WebPage","@id":"https:\/\/saknews.net\/ku\/?p=2507","url":"https:\/\/saknews.net\/ku\/?p=2507","name":"Siyamend Haco behsa hewl\u00ean Haco Axa ji bo dewleteke serbixwe dike &#8226; \u015eAK","isPartOf":{"@id":"https:\/\/saknews.net\/ku\/#website"},"primaryImageOfPage":{"@id":"https:\/\/saknews.net\/ku\/?p=2507#primaryimage"},"image":{"@id":"https:\/\/saknews.net\/ku\/?p=2507#primaryimage"},"thumbnailUrl":"https:\/\/i0.wp.com\/saknews.net\/ku\/wp-content\/uploads\/2025\/07\/IMG_3397.jpeg?fit=2264%2C1222&ssl=1","datePublished":"2025-07-02T07:31:56+00:00","breadcrumb":{"@id":"https:\/\/saknews.net\/ku\/?p=2507#breadcrumb"},"inLanguage":"en-US","potentialAction":[{"@type":"ReadAction","target":["https:\/\/saknews.net\/ku\/?p=2507"]}]},{"@type":"ImageObject","inLanguage":"en-US","@id":"https:\/\/saknews.net\/ku\/?p=2507#primaryimage","url":"https:\/\/i0.wp.com\/saknews.net\/ku\/wp-content\/uploads\/2025\/07\/IMG_3397.jpeg?fit=2264%2C1222&ssl=1","contentUrl":"https:\/\/i0.wp.com\/saknews.net\/ku\/wp-content\/uploads\/2025\/07\/IMG_3397.jpeg?fit=2264%2C1222&ssl=1","width":2264,"height":1222,"caption":"Screenshot"},{"@type":"BreadcrumbList","@id":"https:\/\/saknews.net\/ku\/?p=2507#breadcrumb","itemListElement":[{"@type":"ListItem","position":1,"name":"\u0627\u0644\u0631\u0626\u064a\u0633\u064a\u0629","item":"https:\/\/saknews.net\/ku\/"},{"@type":"ListItem","position":2,"name":"N\u00fb\u00e7e","item":"https:\/\/saknews.net\/ku\/?cat=49"},{"@type":"ListItem","position":3,"name":"Siyamend Haco behsa hewl\u00ean Haco Axa ji bo dewleteke serbixwe dike"}]},{"@type":"WebSite","@id":"https:\/\/saknews.net\/ku\/#website","url":"https:\/\/saknews.net\/ku\/","name":"S\u0327epe\u0302la Azadi\u0302 ya Kurdistani\u0302","description":"\u062a\u064a\u0627\u0631 \u0627\u0644\u062d\u0631\u064a\u0629 \u0627\u0644\u0643\u0648\u0631\u062f\u0633\u062a\u0627\u0646\u064a \u015eep\u00eala Azad\u00ee ya Kurdistan\u00ee","publisher":{"@id":"https:\/\/saknews.net\/ku\/#organization"},"potentialAction":[{"@type":"SearchAction","target":{"@type":"EntryPoint","urlTemplate":"https:\/\/saknews.net\/ku\/?s={search_term_string}"},"query-input":{"@type":"PropertyValueSpecification","valueRequired":true,"valueName":"search_term_string"}}],"inLanguage":"en-US"},{"@type":"Organization","@id":"https:\/\/saknews.net\/ku\/#organization","name":"\u015eep\u00eala Azadiy\u00ea ya Kurdistan\u00ea - \u062a\u064a\u0627\u0631 \u0627\u0644\u062d\u0631\u064a\u0629 \u0627\u0644\u0643\u0648\u0631\u062f\u0633\u062a\u0627\u0646\u064a","url":"https:\/\/saknews.net\/ku\/","logo":{"@type":"ImageObject","inLanguage":"en-US","@id":"https:\/\/saknews.net\/ku\/#\/schema\/logo\/image\/","url":"https:\/\/i0.wp.com\/saknews.net\/ku\/wp-content\/uploads\/2024\/11\/cropped-logo-1.png?fit=512%2C512&ssl=1","contentUrl":"https:\/\/i0.wp.com\/saknews.net\/ku\/wp-content\/uploads\/2024\/11\/cropped-logo-1.png?fit=512%2C512&ssl=1","width":512,"height":512,"caption":"\u015eep\u00eala Azadiy\u00ea ya Kurdistan\u00ea - \u062a\u064a\u0627\u0631 \u0627\u0644\u062d\u0631\u064a\u0629 \u0627\u0644\u0643\u0648\u0631\u062f\u0633\u062a\u0627\u0646\u064a"},"image":{"@id":"https:\/\/saknews.net\/ku\/#\/schema\/logo\/image\/"},"sameAs":["https:\/\/www.facebook.com\/Shepel.ewropa"]},{"@type":"Person","@id":"https:\/\/saknews.net\/ku\/#\/schema\/person\/1c01cd16fca0bfa144578b4674c618a7","name":"Helebja Helebja","sameAs":["https:\/\/saknews.net\/ku"],"url":"https:\/\/saknews.net\/ku\/?author=5"}]}},"featured_image_urls":{"full":["https:\/\/i0.wp.com\/saknews.net\/ku\/wp-content\/uploads\/2025\/07\/IMG_3397.jpeg?fit=2264%2C1222&ssl=1",2264,1222,false],"thumbnail":["https:\/\/i0.wp.com\/saknews.net\/ku\/wp-content\/uploads\/2025\/07\/IMG_3397.jpeg?resize=150%2C150&ssl=1",150,150,true],"medium":["https:\/\/i0.wp.com\/saknews.net\/ku\/wp-content\/uploads\/2025\/07\/IMG_3397.jpeg?fit=300%2C162&ssl=1",300,162,true],"medium_large":["https:\/\/i0.wp.com\/saknews.net\/ku\/wp-content\/uploads\/2025\/07\/IMG_3397.jpeg?fit=640%2C346&ssl=1",640,346,true],"large":["https:\/\/i0.wp.com\/saknews.net\/ku\/wp-content\/uploads\/2025\/07\/IMG_3397.jpeg?fit=640%2C346&ssl=1",640,346,true],"1536x1536":["https:\/\/i0.wp.com\/saknews.net\/ku\/wp-content\/uploads\/2025\/07\/IMG_3397.jpeg?fit=1536%2C829&ssl=1",1536,829,true],"2048x2048":["https:\/\/i0.wp.com\/saknews.net\/ku\/wp-content\/uploads\/2025\/07\/IMG_3397.jpeg?fit=2048%2C1105&ssl=1",2048,1105,true],"covernews-featured":["https:\/\/i0.wp.com\/saknews.net\/ku\/wp-content\/uploads\/2025\/07\/IMG_3397.jpeg?fit=1024%2C553&ssl=1",1024,553,true],"covernews-medium":["https:\/\/i0.wp.com\/saknews.net\/ku\/wp-content\/uploads\/2025\/07\/IMG_3397.jpeg?resize=540%2C340&ssl=1",540,340,true]},"author_info":{"display_name":"Helebja Helebja","author_link":"https:\/\/saknews.net\/ku\/?author=5"},"category_info":"<a href=\"https:\/\/saknews.net\/ku\/?cat=49\" rel=\"category\">N\u00fb\u00e7e<\/a>","tag_info":"N\u00fb\u00e7e","comment_count":"0","_links":{"self":[{"href":"https:\/\/saknews.net\/ku\/index.php?rest_route=\/wp\/v2\/posts\/2507","targetHints":{"allow":["GET"]}}],"collection":[{"href":"https:\/\/saknews.net\/ku\/index.php?rest_route=\/wp\/v2\/posts"}],"about":[{"href":"https:\/\/saknews.net\/ku\/index.php?rest_route=\/wp\/v2\/types\/post"}],"author":[{"embeddable":true,"href":"https:\/\/saknews.net\/ku\/index.php?rest_route=\/wp\/v2\/users\/5"}],"replies":[{"embeddable":true,"href":"https:\/\/saknews.net\/ku\/index.php?rest_route=%2Fwp%2Fv2%2Fcomments&post=2507"}],"version-history":[{"count":1,"href":"https:\/\/saknews.net\/ku\/index.php?rest_route=\/wp\/v2\/posts\/2507\/revisions"}],"predecessor-version":[{"id":2509,"href":"https:\/\/saknews.net\/ku\/index.php?rest_route=\/wp\/v2\/posts\/2507\/revisions\/2509"}],"wp:featuredmedia":[{"embeddable":true,"href":"https:\/\/saknews.net\/ku\/index.php?rest_route=\/wp\/v2\/media\/2508"}],"wp:attachment":[{"href":"https:\/\/saknews.net\/ku\/index.php?rest_route=%2Fwp%2Fv2%2Fmedia&parent=2507"}],"wp:term":[{"taxonomy":"category","embeddable":true,"href":"https:\/\/saknews.net\/ku\/index.php?rest_route=%2Fwp%2Fv2%2Fcategories&post=2507"},{"taxonomy":"post_tag","embeddable":true,"href":"https:\/\/saknews.net\/ku\/index.php?rest_route=%2Fwp%2Fv2%2Ftags&post=2507"}],"curies":[{"name":"wp","href":"https:\/\/api.w.org\/{rel}","templated":true}]}}