{"id":2522,"date":"2025-07-06T11:46:46","date_gmt":"2025-07-06T11:46:46","guid":{"rendered":"https:\/\/saknews.net\/ku\/?p=2522"},"modified":"2025-07-06T12:09:47","modified_gmt":"2025-07-06T12:09:47","slug":"daxuyani-derbare-pejirandina-sembola-nu-ya-dewleta-suriye","status":"publish","type":"post","link":"https:\/\/saknews.net\/ku\/?p=2522","title":{"rendered":"Daxuyan\u00ee derbar\u00ea pejirandina sembola n\u00fb ya dewleta S\u00fbriy\u00ea"},"content":{"rendered":"<p>Sembola ku r\u00eaveberiya demk\u00ee ya S\u00fbriy\u00ea v\u00ea dawiy\u00ea pejirandiye, n\u00fbnertiya S\u00fbriy\u00ea nake \u00fb ne j\u00ee pirrengiya w\u00ea, l\u00ea bel\u00ea ten\u00ea ner\u00eeneke yekal\u00ee dide n\u00ee\u015fan ku hizra navendiyeke desthelatdar bi reng\u00ea tinekirin\u00ea \u00fb ji kiryar\u00ean rej\u00eema ber\u00ea j\u00ee ne cuda ye ku bi deh salan bi ser\u00ea xelk\u00ea dikir<\/p>\n<p>Ji aliy\u00ea yasay\u00ee ve j\u00ee, ti rewatiya v\u00ea ferman\u00ea ji aliy\u00ea dest\u00fbr\u00ee ve tine ye. Li gor\u00ee madeya 5an a ragihandina dest\u00fbr\u00ee ya Adara 2025an, sembol \u00fb mer\u015fa wel\u00eat bi yasa t\u00eane n\u00ee\u015fankirin. Ji ber ku derxistina yasayan ten\u00ea ji aliy\u00ea desthelata qan\u00fbndan\u00een\u00ea ve t\u00ea derxistin, her hewleke desthelata c\u00eebic\u00eekar ji bi ferzkirina her sembolek\u00ea, binp\u00eakirineke ji ragihandina dest\u00fbr\u00ee bi xwe \u00fb rewatiya w\u00ea j\u00ee n\u00eene \u00fb p\u00ea nay\u00ea pabendkirin. Herwiha ew ferman li dij\u00ee yasaya hejmar 37 a sala 1980 ye ku dib\u00eaje guhertina sembola ferm\u00ee ya dewlet\u00ea ten\u00ea bi r\u00eaya Yasadan\u00een\u00ea ye<br \/>\nLi ser naveroka sembola n\u00fb j\u00ee, pejirandina \u201cbaz\u00ea z\u00ear\u00een\u201d weke sembola dewlet\u00ea, pirs\u00ean k\u00fbr derbar\u00ea nasnameya S\u00fbriya gi\u015ftg\u00eer n\u00ee\u015fan dide \u00fb ew sembol bi xwe n\u00ee\u015fan\u00ean ol\u00ee \u00fb \u00eediyolojiya yekal\u00ee li xwe digire \u00fb n\u00fbnertiya tevahiya p\u00eakhateyan nake, l\u00ea bel\u00ea nasnameya wel\u00eat ten\u00ea di \u00e7ar\u00e7oveya \u00e7andeke yekal\u00ee de n\u00ee\u015fan dide \u00fb ferzkirina w\u00ea j\u00ee li dewleteke pir netew \u00fb ol, t\u00ea wateya berdewamiya \u00e7anda tinekirina siyas\u00ee \u00fb \u00e7and\u00ee<br \/>\nHerwiha \u00e7espandina 14 par\u00eazgeh\u00ean wel\u00eat di w\u00ea sembol\u00ea de, di hejmara perr\u00ean baz\u00ee de, d\u00eesan ner\u00eena ber\u00ea a pi\u015ftguhkirina daxwaz\u00ean xelk\u00ea ye, bi taybet\u00ee pirsa par\u00eazgehkirina Efr\u00een, Koban\u00ea \u00fb Qami\u015flo tev\u00ee giraniya demograf\u00ee \u00fb siyas\u00ee ya wan deveran<\/p>\n<p>Em di Ber\u00ea Kurdistana S\u00fbriy\u00ea de, w\u00ea sembol\u00ea, weke naverok \u00fb wate, red dikin \u00fb dib\u00eenin ew ten\u00ea n\u00ee\u015fana siyaseta yekal\u00ee ye ku r\u00eaz\u00ea li pirrengiya netew\u00ee \u00fb ol\u00ee nagire \u00fb ti lihevkirineke ni\u015ftiman\u00ee li ser n\u00eene. S\u00fbriya n\u00fb ya ku em dixwazin, S\u00fbriyak demokrat \u00fb pirreng e, ku tevahiya p\u00eakhateyan di nasname, \u00e7and \u00fb sembol\u00ean ni\u015ftiman\u00ee de cih\u00ean xwe t\u00eade bigirin, ne ku ten\u00ea sembola wel\u00eat di semboleke teng ya be\u015fek\u00ee ten\u00ea ji civak\u00ea be<\/p>\n<p>Em bang li h\u00eaz\u00ean siyas\u00ee y\u00ean ni\u015ftimanperwer \u00fb dezgeh\u00ean opozisyon\u00ea dikin li dij\u00ee w\u00ea ferman\u00ea derkevin \u00fb bi pirens\u00eepa hevkariya rasteq\u00eene di dan\u00eena sembol\u00ean ni\u015ftiman\u00ee de pabend bin \u00fb r\u00ea li ber ji n\u00fbve avakirina dewleta ber\u00ee \u015fore\u015fa S\u00fbriy\u00ea bi destek\u00ean n\u00fb, venekin<\/p>\n<p>Ber\u00ea Kurdistana S\u00fbriy\u00ea<br \/>\n06.07.2025<\/p>\n","protected":false},"excerpt":{"rendered":"<p>Sembola ku r\u00eaveberiya demk\u00ee ya S\u00fbriy\u00ea v\u00ea dawiy\u00ea pejirandiye, n\u00fbnertiya S\u00fbriy\u00ea nake \u00fb ne j\u00ee&#8230;<\/p>\n","protected":false},"author":5,"featured_media":2528,"comment_status":"closed","ping_status":"closed","sticky":false,"template":"","format":"standard","meta":{"footnotes":""},"categories":[34],"tags":[],"class_list":["post-2522","post","type-post","status-publish","format-standard","has-post-thumbnail","hentry","category-daxuyani"],"yoast_head":"<!-- This site is optimized with the Yoast SEO plugin v27.5 - https:\/\/yoast.com\/product\/yoast-seo-wordpress\/ -->\n<title>Daxuyan\u00ee derbar\u00ea pejirandina sembola n\u00fb ya dewleta S\u00fbriy\u00ea &#8226; \u015eAK<\/title>\n<meta name=\"robots\" content=\"index, follow, max-snippet:-1, max-image-preview:large, max-video-preview:-1\" \/>\n<link rel=\"canonical\" href=\"https:\/\/saknews.net\/ku\/?p=2522\" \/>\n<meta property=\"og:locale\" content=\"en_US\" \/>\n<meta property=\"og:type\" content=\"article\" \/>\n<meta property=\"og:title\" content=\"Daxuyan\u00ee derbar\u00ea pejirandina sembola n\u00fb ya dewleta S\u00fbriy\u00ea &#8226; \u015eAK\" \/>\n<meta property=\"og:description\" content=\"Sembola ku r\u00eaveberiya demk\u00ee ya S\u00fbriy\u00ea v\u00ea dawiy\u00ea pejirandiye, n\u00fbnertiya S\u00fbriy\u00ea nake \u00fb ne j\u00ee...\" \/>\n<meta property=\"og:url\" content=\"https:\/\/saknews.net\/ku\/?p=2522\" \/>\n<meta property=\"og:site_name\" content=\"\u015eAK\" \/>\n<meta property=\"article:publisher\" content=\"https:\/\/www.facebook.com\/Shepel.ewropa\" \/>\n<meta property=\"article:published_time\" content=\"2025-07-06T11:46:46+00:00\" \/>\n<meta property=\"article:modified_time\" content=\"2025-07-06T12:09:47+00:00\" \/>\n<meta property=\"og:image\" content=\"https:\/\/saknews.net\/ku\/wp-content\/uploads\/2025\/07\/IMG_3531.jpeg\" \/>\n\t<meta property=\"og:image:width\" content=\"828\" \/>\n\t<meta property=\"og:image:height\" content=\"419\" \/>\n\t<meta property=\"og:image:type\" content=\"image\/jpeg\" \/>\n<meta name=\"author\" content=\"Helebja Helebja\" \/>\n<meta name=\"twitter:card\" content=\"summary_large_image\" \/>\n<meta name=\"twitter:label1\" content=\"Written by\" \/>\n\t<meta name=\"twitter:data1\" content=\"Helebja Helebja\" \/>\n\t<meta name=\"twitter:label2\" content=\"Est. reading time\" \/>\n\t<meta name=\"twitter:data2\" content=\"2 minutes\" \/>\n<script type=\"application\/ld+json\" class=\"yoast-schema-graph\">{\"@context\":\"https:\\\/\\\/schema.org\",\"@graph\":[{\"@type\":\"Article\",\"@id\":\"https:\\\/\\\/saknews.net\\\/ku\\\/?p=2522#article\",\"isPartOf\":{\"@id\":\"https:\\\/\\\/saknews.net\\\/ku\\\/?p=2522\"},\"author\":{\"name\":\"Helebja Helebja\",\"@id\":\"https:\\\/\\\/saknews.net\\\/ku\\\/#\\\/schema\\\/person\\\/1c01cd16fca0bfa144578b4674c618a7\"},\"headline\":\"Daxuyan\u00ee derbar\u00ea pejirandina sembola n\u00fb ya dewleta S\u00fbriy\u00ea\",\"datePublished\":\"2025-07-06T11:46:46+00:00\",\"dateModified\":\"2025-07-06T12:09:47+00:00\",\"mainEntityOfPage\":{\"@id\":\"https:\\\/\\\/saknews.net\\\/ku\\\/?p=2522\"},\"wordCount\":434,\"publisher\":{\"@id\":\"https:\\\/\\\/saknews.net\\\/ku\\\/#organization\"},\"image\":{\"@id\":\"https:\\\/\\\/saknews.net\\\/ku\\\/?p=2522#primaryimage\"},\"thumbnailUrl\":\"https:\\\/\\\/i0.wp.com\\\/saknews.net\\\/ku\\\/wp-content\\\/uploads\\\/2025\\\/07\\\/IMG_3531.jpeg?fit=828%2C419&ssl=1\",\"articleSection\":[\"Daxuyan\u00ee\"],\"inLanguage\":\"en-US\"},{\"@type\":\"WebPage\",\"@id\":\"https:\\\/\\\/saknews.net\\\/ku\\\/?p=2522\",\"url\":\"https:\\\/\\\/saknews.net\\\/ku\\\/?p=2522\",\"name\":\"Daxuyan\u00ee derbar\u00ea pejirandina sembola n\u00fb ya dewleta S\u00fbriy\u00ea &#8226; \u015eAK\",\"isPartOf\":{\"@id\":\"https:\\\/\\\/saknews.net\\\/ku\\\/#website\"},\"primaryImageOfPage\":{\"@id\":\"https:\\\/\\\/saknews.net\\\/ku\\\/?p=2522#primaryimage\"},\"image\":{\"@id\":\"https:\\\/\\\/saknews.net\\\/ku\\\/?p=2522#primaryimage\"},\"thumbnailUrl\":\"https:\\\/\\\/i0.wp.com\\\/saknews.net\\\/ku\\\/wp-content\\\/uploads\\\/2025\\\/07\\\/IMG_3531.jpeg?fit=828%2C419&ssl=1\",\"datePublished\":\"2025-07-06T11:46:46+00:00\",\"dateModified\":\"2025-07-06T12:09:47+00:00\",\"breadcrumb\":{\"@id\":\"https:\\\/\\\/saknews.net\\\/ku\\\/?p=2522#breadcrumb\"},\"inLanguage\":\"en-US\",\"potentialAction\":[{\"@type\":\"ReadAction\",\"target\":[\"https:\\\/\\\/saknews.net\\\/ku\\\/?p=2522\"]}]},{\"@type\":\"ImageObject\",\"inLanguage\":\"en-US\",\"@id\":\"https:\\\/\\\/saknews.net\\\/ku\\\/?p=2522#primaryimage\",\"url\":\"https:\\\/\\\/i0.wp.com\\\/saknews.net\\\/ku\\\/wp-content\\\/uploads\\\/2025\\\/07\\\/IMG_3531.jpeg?fit=828%2C419&ssl=1\",\"contentUrl\":\"https:\\\/\\\/i0.wp.com\\\/saknews.net\\\/ku\\\/wp-content\\\/uploads\\\/2025\\\/07\\\/IMG_3531.jpeg?fit=828%2C419&ssl=1\",\"width\":828,\"height\":419},{\"@type\":\"BreadcrumbList\",\"@id\":\"https:\\\/\\\/saknews.net\\\/ku\\\/?p=2522#breadcrumb\",\"itemListElement\":[{\"@type\":\"ListItem\",\"position\":1,\"name\":\"\u0627\u0644\u0631\u0626\u064a\u0633\u064a\u0629\",\"item\":\"https:\\\/\\\/saknews.net\\\/ku\\\/\"},{\"@type\":\"ListItem\",\"position\":2,\"name\":\"N\u00fb\u00e7e\",\"item\":\"https:\\\/\\\/saknews.net\\\/ku\\\/?cat=49\"},{\"@type\":\"ListItem\",\"position\":3,\"name\":\"Daxuyan\u00ee\",\"item\":\"https:\\\/\\\/saknews.net\\\/ku\\\/?cat=34\"},{\"@type\":\"ListItem\",\"position\":4,\"name\":\"Daxuyan\u00ee derbar\u00ea pejirandina sembola n\u00fb ya dewleta S\u00fbriy\u00ea\"}]},{\"@type\":\"WebSite\",\"@id\":\"https:\\\/\\\/saknews.net\\\/ku\\\/#website\",\"url\":\"https:\\\/\\\/saknews.net\\\/ku\\\/\",\"name\":\"S\u0327epe\u0302la Azadi\u0302 ya Kurdistani\u0302\",\"description\":\"\u062a\u064a\u0627\u0631 \u0627\u0644\u062d\u0631\u064a\u0629 \u0627\u0644\u0643\u0648\u0631\u062f\u0633\u062a\u0627\u0646\u064a \u015eep\u00eala Azad\u00ee ya Kurdistan\u00ee\",\"publisher\":{\"@id\":\"https:\\\/\\\/saknews.net\\\/ku\\\/#organization\"},\"potentialAction\":[{\"@type\":\"SearchAction\",\"target\":{\"@type\":\"EntryPoint\",\"urlTemplate\":\"https:\\\/\\\/saknews.net\\\/ku\\\/?s={search_term_string}\"},\"query-input\":{\"@type\":\"PropertyValueSpecification\",\"valueRequired\":true,\"valueName\":\"search_term_string\"}}],\"inLanguage\":\"en-US\"},{\"@type\":\"Organization\",\"@id\":\"https:\\\/\\\/saknews.net\\\/ku\\\/#organization\",\"name\":\"\u015eep\u00eala Azadiy\u00ea ya Kurdistan\u00ea - \u062a\u064a\u0627\u0631 \u0627\u0644\u062d\u0631\u064a\u0629 \u0627\u0644\u0643\u0648\u0631\u062f\u0633\u062a\u0627\u0646\u064a\",\"url\":\"https:\\\/\\\/saknews.net\\\/ku\\\/\",\"logo\":{\"@type\":\"ImageObject\",\"inLanguage\":\"en-US\",\"@id\":\"https:\\\/\\\/saknews.net\\\/ku\\\/#\\\/schema\\\/logo\\\/image\\\/\",\"url\":\"https:\\\/\\\/i0.wp.com\\\/saknews.net\\\/ku\\\/wp-content\\\/uploads\\\/2024\\\/11\\\/cropped-logo-1.png?fit=512%2C512&ssl=1\",\"contentUrl\":\"https:\\\/\\\/i0.wp.com\\\/saknews.net\\\/ku\\\/wp-content\\\/uploads\\\/2024\\\/11\\\/cropped-logo-1.png?fit=512%2C512&ssl=1\",\"width\":512,\"height\":512,\"caption\":\"\u015eep\u00eala Azadiy\u00ea ya Kurdistan\u00ea - \u062a\u064a\u0627\u0631 \u0627\u0644\u062d\u0631\u064a\u0629 \u0627\u0644\u0643\u0648\u0631\u062f\u0633\u062a\u0627\u0646\u064a\"},\"image\":{\"@id\":\"https:\\\/\\\/saknews.net\\\/ku\\\/#\\\/schema\\\/logo\\\/image\\\/\"},\"sameAs\":[\"https:\\\/\\\/www.facebook.com\\\/Shepel.ewropa\"]},{\"@type\":\"Person\",\"@id\":\"https:\\\/\\\/saknews.net\\\/ku\\\/#\\\/schema\\\/person\\\/1c01cd16fca0bfa144578b4674c618a7\",\"name\":\"Helebja Helebja\",\"sameAs\":[\"https:\\\/\\\/saknews.net\\\/ku\"],\"url\":\"https:\\\/\\\/saknews.net\\\/ku\\\/?author=5\"}]}<\/script>\n<!-- \/ Yoast SEO plugin. -->","yoast_head_json":{"title":"Daxuyan\u00ee derbar\u00ea pejirandina sembola n\u00fb ya dewleta S\u00fbriy\u00ea &#8226; \u015eAK","robots":{"index":"index","follow":"follow","max-snippet":"max-snippet:-1","max-image-preview":"max-image-preview:large","max-video-preview":"max-video-preview:-1"},"canonical":"https:\/\/saknews.net\/ku\/?p=2522","og_locale":"en_US","og_type":"article","og_title":"Daxuyan\u00ee derbar\u00ea pejirandina sembola n\u00fb ya dewleta S\u00fbriy\u00ea &#8226; \u015eAK","og_description":"Sembola ku r\u00eaveberiya demk\u00ee ya S\u00fbriy\u00ea v\u00ea dawiy\u00ea pejirandiye, n\u00fbnertiya S\u00fbriy\u00ea nake \u00fb ne j\u00ee...","og_url":"https:\/\/saknews.net\/ku\/?p=2522","og_site_name":"\u015eAK","article_publisher":"https:\/\/www.facebook.com\/Shepel.ewropa","article_published_time":"2025-07-06T11:46:46+00:00","article_modified_time":"2025-07-06T12:09:47+00:00","og_image":[{"width":828,"height":419,"url":"https:\/\/saknews.net\/ku\/wp-content\/uploads\/2025\/07\/IMG_3531.jpeg","type":"image\/jpeg"}],"author":"Helebja Helebja","twitter_card":"summary_large_image","twitter_misc":{"Written by":"Helebja Helebja","Est. reading time":"2 minutes"},"schema":{"@context":"https:\/\/schema.org","@graph":[{"@type":"Article","@id":"https:\/\/saknews.net\/ku\/?p=2522#article","isPartOf":{"@id":"https:\/\/saknews.net\/ku\/?p=2522"},"author":{"name":"Helebja Helebja","@id":"https:\/\/saknews.net\/ku\/#\/schema\/person\/1c01cd16fca0bfa144578b4674c618a7"},"headline":"Daxuyan\u00ee derbar\u00ea pejirandina sembola n\u00fb ya dewleta S\u00fbriy\u00ea","datePublished":"2025-07-06T11:46:46+00:00","dateModified":"2025-07-06T12:09:47+00:00","mainEntityOfPage":{"@id":"https:\/\/saknews.net\/ku\/?p=2522"},"wordCount":434,"publisher":{"@id":"https:\/\/saknews.net\/ku\/#organization"},"image":{"@id":"https:\/\/saknews.net\/ku\/?p=2522#primaryimage"},"thumbnailUrl":"https:\/\/i0.wp.com\/saknews.net\/ku\/wp-content\/uploads\/2025\/07\/IMG_3531.jpeg?fit=828%2C419&ssl=1","articleSection":["Daxuyan\u00ee"],"inLanguage":"en-US"},{"@type":"WebPage","@id":"https:\/\/saknews.net\/ku\/?p=2522","url":"https:\/\/saknews.net\/ku\/?p=2522","name":"Daxuyan\u00ee derbar\u00ea pejirandina sembola n\u00fb ya dewleta S\u00fbriy\u00ea &#8226; \u015eAK","isPartOf":{"@id":"https:\/\/saknews.net\/ku\/#website"},"primaryImageOfPage":{"@id":"https:\/\/saknews.net\/ku\/?p=2522#primaryimage"},"image":{"@id":"https:\/\/saknews.net\/ku\/?p=2522#primaryimage"},"thumbnailUrl":"https:\/\/i0.wp.com\/saknews.net\/ku\/wp-content\/uploads\/2025\/07\/IMG_3531.jpeg?fit=828%2C419&ssl=1","datePublished":"2025-07-06T11:46:46+00:00","dateModified":"2025-07-06T12:09:47+00:00","breadcrumb":{"@id":"https:\/\/saknews.net\/ku\/?p=2522#breadcrumb"},"inLanguage":"en-US","potentialAction":[{"@type":"ReadAction","target":["https:\/\/saknews.net\/ku\/?p=2522"]}]},{"@type":"ImageObject","inLanguage":"en-US","@id":"https:\/\/saknews.net\/ku\/?p=2522#primaryimage","url":"https:\/\/i0.wp.com\/saknews.net\/ku\/wp-content\/uploads\/2025\/07\/IMG_3531.jpeg?fit=828%2C419&ssl=1","contentUrl":"https:\/\/i0.wp.com\/saknews.net\/ku\/wp-content\/uploads\/2025\/07\/IMG_3531.jpeg?fit=828%2C419&ssl=1","width":828,"height":419},{"@type":"BreadcrumbList","@id":"https:\/\/saknews.net\/ku\/?p=2522#breadcrumb","itemListElement":[{"@type":"ListItem","position":1,"name":"\u0627\u0644\u0631\u0626\u064a\u0633\u064a\u0629","item":"https:\/\/saknews.net\/ku\/"},{"@type":"ListItem","position":2,"name":"N\u00fb\u00e7e","item":"https:\/\/saknews.net\/ku\/?cat=49"},{"@type":"ListItem","position":3,"name":"Daxuyan\u00ee","item":"https:\/\/saknews.net\/ku\/?cat=34"},{"@type":"ListItem","position":4,"name":"Daxuyan\u00ee derbar\u00ea pejirandina sembola n\u00fb ya dewleta S\u00fbriy\u00ea"}]},{"@type":"WebSite","@id":"https:\/\/saknews.net\/ku\/#website","url":"https:\/\/saknews.net\/ku\/","name":"S\u0327epe\u0302la Azadi\u0302 ya Kurdistani\u0302","description":"\u062a\u064a\u0627\u0631 \u0627\u0644\u062d\u0631\u064a\u0629 \u0627\u0644\u0643\u0648\u0631\u062f\u0633\u062a\u0627\u0646\u064a \u015eep\u00eala Azad\u00ee ya Kurdistan\u00ee","publisher":{"@id":"https:\/\/saknews.net\/ku\/#organization"},"potentialAction":[{"@type":"SearchAction","target":{"@type":"EntryPoint","urlTemplate":"https:\/\/saknews.net\/ku\/?s={search_term_string}"},"query-input":{"@type":"PropertyValueSpecification","valueRequired":true,"valueName":"search_term_string"}}],"inLanguage":"en-US"},{"@type":"Organization","@id":"https:\/\/saknews.net\/ku\/#organization","name":"\u015eep\u00eala Azadiy\u00ea ya Kurdistan\u00ea - \u062a\u064a\u0627\u0631 \u0627\u0644\u062d\u0631\u064a\u0629 \u0627\u0644\u0643\u0648\u0631\u062f\u0633\u062a\u0627\u0646\u064a","url":"https:\/\/saknews.net\/ku\/","logo":{"@type":"ImageObject","inLanguage":"en-US","@id":"https:\/\/saknews.net\/ku\/#\/schema\/logo\/image\/","url":"https:\/\/i0.wp.com\/saknews.net\/ku\/wp-content\/uploads\/2024\/11\/cropped-logo-1.png?fit=512%2C512&ssl=1","contentUrl":"https:\/\/i0.wp.com\/saknews.net\/ku\/wp-content\/uploads\/2024\/11\/cropped-logo-1.png?fit=512%2C512&ssl=1","width":512,"height":512,"caption":"\u015eep\u00eala Azadiy\u00ea ya Kurdistan\u00ea - \u062a\u064a\u0627\u0631 \u0627\u0644\u062d\u0631\u064a\u0629 \u0627\u0644\u0643\u0648\u0631\u062f\u0633\u062a\u0627\u0646\u064a"},"image":{"@id":"https:\/\/saknews.net\/ku\/#\/schema\/logo\/image\/"},"sameAs":["https:\/\/www.facebook.com\/Shepel.ewropa"]},{"@type":"Person","@id":"https:\/\/saknews.net\/ku\/#\/schema\/person\/1c01cd16fca0bfa144578b4674c618a7","name":"Helebja Helebja","sameAs":["https:\/\/saknews.net\/ku"],"url":"https:\/\/saknews.net\/ku\/?author=5"}]}},"featured_image_urls":{"full":["https:\/\/i0.wp.com\/saknews.net\/ku\/wp-content\/uploads\/2025\/07\/IMG_3531.jpeg?fit=828%2C419&ssl=1",828,419,false],"thumbnail":["https:\/\/i0.wp.com\/saknews.net\/ku\/wp-content\/uploads\/2025\/07\/IMG_3531.jpeg?resize=150%2C150&ssl=1",150,150,true],"medium":["https:\/\/i0.wp.com\/saknews.net\/ku\/wp-content\/uploads\/2025\/07\/IMG_3531.jpeg?fit=300%2C152&ssl=1",300,152,true],"medium_large":["https:\/\/i0.wp.com\/saknews.net\/ku\/wp-content\/uploads\/2025\/07\/IMG_3531.jpeg?fit=640%2C324&ssl=1",640,324,true],"large":["https:\/\/i0.wp.com\/saknews.net\/ku\/wp-content\/uploads\/2025\/07\/IMG_3531.jpeg?fit=640%2C324&ssl=1",640,324,true],"1536x1536":["https:\/\/i0.wp.com\/saknews.net\/ku\/wp-content\/uploads\/2025\/07\/IMG_3531.jpeg?fit=828%2C419&ssl=1",828,419,true],"2048x2048":["https:\/\/i0.wp.com\/saknews.net\/ku\/wp-content\/uploads\/2025\/07\/IMG_3531.jpeg?fit=828%2C419&ssl=1",828,419,true],"covernews-featured":["https:\/\/i0.wp.com\/saknews.net\/ku\/wp-content\/uploads\/2025\/07\/IMG_3531.jpeg?fit=828%2C419&ssl=1",828,419,true],"covernews-medium":["https:\/\/i0.wp.com\/saknews.net\/ku\/wp-content\/uploads\/2025\/07\/IMG_3531.jpeg?resize=540%2C340&ssl=1",540,340,true]},"author_info":{"display_name":"Helebja Helebja","author_link":"https:\/\/saknews.net\/ku\/?author=5"},"category_info":"<a href=\"https:\/\/saknews.net\/ku\/?cat=34\" rel=\"category\">Daxuyan\u00ee<\/a>","tag_info":"Daxuyan\u00ee","comment_count":"0","_links":{"self":[{"href":"https:\/\/saknews.net\/ku\/index.php?rest_route=\/wp\/v2\/posts\/2522","targetHints":{"allow":["GET"]}}],"collection":[{"href":"https:\/\/saknews.net\/ku\/index.php?rest_route=\/wp\/v2\/posts"}],"about":[{"href":"https:\/\/saknews.net\/ku\/index.php?rest_route=\/wp\/v2\/types\/post"}],"author":[{"embeddable":true,"href":"https:\/\/saknews.net\/ku\/index.php?rest_route=\/wp\/v2\/users\/5"}],"replies":[{"embeddable":true,"href":"https:\/\/saknews.net\/ku\/index.php?rest_route=%2Fwp%2Fv2%2Fcomments&post=2522"}],"version-history":[{"count":1,"href":"https:\/\/saknews.net\/ku\/index.php?rest_route=\/wp\/v2\/posts\/2522\/revisions"}],"predecessor-version":[{"id":2523,"href":"https:\/\/saknews.net\/ku\/index.php?rest_route=\/wp\/v2\/posts\/2522\/revisions\/2523"}],"wp:featuredmedia":[{"embeddable":true,"href":"https:\/\/saknews.net\/ku\/index.php?rest_route=\/wp\/v2\/media\/2528"}],"wp:attachment":[{"href":"https:\/\/saknews.net\/ku\/index.php?rest_route=%2Fwp%2Fv2%2Fmedia&parent=2522"}],"wp:term":[{"taxonomy":"category","embeddable":true,"href":"https:\/\/saknews.net\/ku\/index.php?rest_route=%2Fwp%2Fv2%2Fcategories&post=2522"},{"taxonomy":"post_tag","embeddable":true,"href":"https:\/\/saknews.net\/ku\/index.php?rest_route=%2Fwp%2Fv2%2Ftags&post=2522"}],"curies":[{"name":"wp","href":"https:\/\/api.w.org\/{rel}","templated":true}]}}