{"id":2531,"date":"2025-07-09T19:37:23","date_gmt":"2025-07-09T19:37:23","guid":{"rendered":"https:\/\/saknews.net\/ku\/?p=2531"},"modified":"2025-07-09T19:37:23","modified_gmt":"2025-07-09T19:37:23","slug":"edbulrehman-hebes-dive-danustandin-li-gel-dimesqe-were-kirin-be-ku-dest-ji-daxwazen-kurdi-be-kirin","status":"publish","type":"post","link":"https:\/\/saknews.net\/ku\/?p=2531","title":{"rendered":"Edbulrehman Hebe\u015f : Div\u00ea dan\u00fbstandin li gel D\u00eeme\u015fq\u00ea were kirin b\u00ea ku dest ji daxwaz\u00ean Kurd\u00ee b\u00ea kirin"},"content":{"rendered":"<p>Di hevd\u00eetinek\u00ee de li gel kenal\u00ea Gel\u00ea Kurdistan, Ebdulrehman Hebe\u015f, Endam\u00ea Desteya Serokatiya Ber\u00ea Kurdistana S\u00fbriy\u00ea \u00fb Sekret\u00ear\u00ea Partiya Demokrat a Kurd li S\u00fbriy\u00ea \u201cEl-Part\u00ee\u201d dib\u00eaje, eger fi\u015far\u00ean derek\u00ee j\u00ee hebin, p\u00eaw\u00eeste dan\u00fbstandin li gel D\u00eeme\u015fq\u00ea were kirin, l\u00ea nabe dest ji daxwaz\u00ean xwe b\u00eane xwar.<\/p>\n<p>Hebe\u015f behsa peywendiy\u00ean hik\u00fbmeta S\u00fbriy\u00ea ya niha \u00fb Isra\u00eel\u00ea j\u00ee kir \u00fb bandora wan peywendiyan li ser siberoja kurdan li S\u00fbriy\u00ea.<\/p>\n<p>Herwiha behsa serdana \u015fanda R\u00eaveberiya PYD ji bo D\u00eeme\u015fq\u00ea j\u00ee kir \u00fb got ku ev serdan dikeve di \u00e7ar\u00e7oveya ekt\u00eevkirina r\u00eakeftina 10\u00ea Adar\u00ea de \u00fb tekez kir ku bi ti rengan destberdar\u00ee maf\u00ea Kurdan nay\u00ea kirin.<\/p>\n<p>Di dawiya w\u00ea hevd\u00eetin\u00ea de Hebe\u015f behsa rew\u015fa Efr\u00een\u00ea j\u00ee kir pi\u015ft\u00ee ketina Esed \u00fb \u00e7awaniya sereder\u00ee li gel w\u00ea dever\u00ea t\u00ea kirin bi taybet di v\u00ea rew\u015fa niha de.<\/p>\n","protected":false},"excerpt":{"rendered":"<p>Di hevd\u00eetinek\u00ee de li gel kenal\u00ea Gel\u00ea Kurdistan, Ebdulrehman Hebe\u015f, Endam\u00ea Desteya Serokatiya Ber\u00ea Kurdistana&#8230;<\/p>\n","protected":false},"author":5,"featured_media":2532,"comment_status":"closed","ping_status":"closed","sticky":false,"template":"","format":"standard","meta":{"footnotes":""},"categories":[49],"tags":[],"class_list":["post-2531","post","type-post","status-publish","format-standard","has-post-thumbnail","hentry","category-nuce"],"yoast_head":"<!-- This site is optimized with the Yoast SEO plugin v27.5 - https:\/\/yoast.com\/product\/yoast-seo-wordpress\/ -->\n<title>Edbulrehman Hebe\u015f : Div\u00ea dan\u00fbstandin li gel D\u00eeme\u015fq\u00ea were kirin b\u00ea ku dest ji daxwaz\u00ean Kurd\u00ee b\u00ea kirin &#8226; \u015eAK<\/title>\n<meta name=\"robots\" content=\"index, follow, max-snippet:-1, max-image-preview:large, max-video-preview:-1\" \/>\n<link rel=\"canonical\" href=\"https:\/\/saknews.net\/ku\/?p=2531\" \/>\n<meta property=\"og:locale\" content=\"en_US\" \/>\n<meta property=\"og:type\" content=\"article\" \/>\n<meta property=\"og:title\" content=\"Edbulrehman Hebe\u015f : Div\u00ea dan\u00fbstandin li gel D\u00eeme\u015fq\u00ea were kirin b\u00ea ku dest ji daxwaz\u00ean Kurd\u00ee b\u00ea kirin &#8226; \u015eAK\" \/>\n<meta property=\"og:description\" content=\"Di hevd\u00eetinek\u00ee de li gel kenal\u00ea Gel\u00ea Kurdistan, Ebdulrehman Hebe\u015f, Endam\u00ea Desteya Serokatiya Ber\u00ea Kurdistana...\" \/>\n<meta property=\"og:url\" content=\"https:\/\/saknews.net\/ku\/?p=2531\" \/>\n<meta property=\"og:site_name\" content=\"\u015eAK\" \/>\n<meta property=\"article:publisher\" content=\"https:\/\/www.facebook.com\/Shepel.ewropa\" \/>\n<meta property=\"article:published_time\" content=\"2025-07-09T19:37:23+00:00\" \/>\n<meta property=\"og:image\" content=\"https:\/\/saknews.net\/ku\/wp-content\/uploads\/2025\/07\/IMG_3610.jpeg\" \/>\n\t<meta property=\"og:image:width\" content=\"2260\" \/>\n\t<meta property=\"og:image:height\" content=\"1235\" \/>\n\t<meta property=\"og:image:type\" content=\"image\/jpeg\" \/>\n<meta name=\"author\" content=\"Helebja Helebja\" \/>\n<meta name=\"twitter:card\" content=\"summary_large_image\" \/>\n<meta name=\"twitter:label1\" content=\"Written by\" \/>\n\t<meta name=\"twitter:data1\" content=\"Helebja Helebja\" \/>\n\t<meta name=\"twitter:label2\" content=\"Est. reading time\" \/>\n\t<meta name=\"twitter:data2\" content=\"1 minute\" \/>\n<script type=\"application\/ld+json\" class=\"yoast-schema-graph\">{\"@context\":\"https:\\\/\\\/schema.org\",\"@graph\":[{\"@type\":\"Article\",\"@id\":\"https:\\\/\\\/saknews.net\\\/ku\\\/?p=2531#article\",\"isPartOf\":{\"@id\":\"https:\\\/\\\/saknews.net\\\/ku\\\/?p=2531\"},\"author\":{\"name\":\"Helebja Helebja\",\"@id\":\"https:\\\/\\\/saknews.net\\\/ku\\\/#\\\/schema\\\/person\\\/1c01cd16fca0bfa144578b4674c618a7\"},\"headline\":\"Edbulrehman Hebe\u015f : Div\u00ea dan\u00fbstandin li gel D\u00eeme\u015fq\u00ea were kirin b\u00ea ku dest ji daxwaz\u00ean Kurd\u00ee b\u00ea kirin\",\"datePublished\":\"2025-07-09T19:37:23+00:00\",\"mainEntityOfPage\":{\"@id\":\"https:\\\/\\\/saknews.net\\\/ku\\\/?p=2531\"},\"wordCount\":177,\"publisher\":{\"@id\":\"https:\\\/\\\/saknews.net\\\/ku\\\/#organization\"},\"image\":{\"@id\":\"https:\\\/\\\/saknews.net\\\/ku\\\/?p=2531#primaryimage\"},\"thumbnailUrl\":\"https:\\\/\\\/i0.wp.com\\\/saknews.net\\\/ku\\\/wp-content\\\/uploads\\\/2025\\\/07\\\/IMG_3610.jpeg?fit=2260%2C1235&ssl=1\",\"articleSection\":[\"N\u00fb\u00e7e\"],\"inLanguage\":\"en-US\"},{\"@type\":\"WebPage\",\"@id\":\"https:\\\/\\\/saknews.net\\\/ku\\\/?p=2531\",\"url\":\"https:\\\/\\\/saknews.net\\\/ku\\\/?p=2531\",\"name\":\"Edbulrehman Hebe\u015f : Div\u00ea dan\u00fbstandin li gel D\u00eeme\u015fq\u00ea were kirin b\u00ea ku dest ji daxwaz\u00ean Kurd\u00ee b\u00ea kirin &#8226; \u015eAK\",\"isPartOf\":{\"@id\":\"https:\\\/\\\/saknews.net\\\/ku\\\/#website\"},\"primaryImageOfPage\":{\"@id\":\"https:\\\/\\\/saknews.net\\\/ku\\\/?p=2531#primaryimage\"},\"image\":{\"@id\":\"https:\\\/\\\/saknews.net\\\/ku\\\/?p=2531#primaryimage\"},\"thumbnailUrl\":\"https:\\\/\\\/i0.wp.com\\\/saknews.net\\\/ku\\\/wp-content\\\/uploads\\\/2025\\\/07\\\/IMG_3610.jpeg?fit=2260%2C1235&ssl=1\",\"datePublished\":\"2025-07-09T19:37:23+00:00\",\"breadcrumb\":{\"@id\":\"https:\\\/\\\/saknews.net\\\/ku\\\/?p=2531#breadcrumb\"},\"inLanguage\":\"en-US\",\"potentialAction\":[{\"@type\":\"ReadAction\",\"target\":[\"https:\\\/\\\/saknews.net\\\/ku\\\/?p=2531\"]}]},{\"@type\":\"ImageObject\",\"inLanguage\":\"en-US\",\"@id\":\"https:\\\/\\\/saknews.net\\\/ku\\\/?p=2531#primaryimage\",\"url\":\"https:\\\/\\\/i0.wp.com\\\/saknews.net\\\/ku\\\/wp-content\\\/uploads\\\/2025\\\/07\\\/IMG_3610.jpeg?fit=2260%2C1235&ssl=1\",\"contentUrl\":\"https:\\\/\\\/i0.wp.com\\\/saknews.net\\\/ku\\\/wp-content\\\/uploads\\\/2025\\\/07\\\/IMG_3610.jpeg?fit=2260%2C1235&ssl=1\",\"width\":2260,\"height\":1235,\"caption\":\"Screenshot\"},{\"@type\":\"BreadcrumbList\",\"@id\":\"https:\\\/\\\/saknews.net\\\/ku\\\/?p=2531#breadcrumb\",\"itemListElement\":[{\"@type\":\"ListItem\",\"position\":1,\"name\":\"\u0627\u0644\u0631\u0626\u064a\u0633\u064a\u0629\",\"item\":\"https:\\\/\\\/saknews.net\\\/ku\\\/\"},{\"@type\":\"ListItem\",\"position\":2,\"name\":\"N\u00fb\u00e7e\",\"item\":\"https:\\\/\\\/saknews.net\\\/ku\\\/?cat=49\"},{\"@type\":\"ListItem\",\"position\":3,\"name\":\"Edbulrehman Hebe\u015f : Div\u00ea dan\u00fbstandin li gel D\u00eeme\u015fq\u00ea were kirin b\u00ea ku dest ji daxwaz\u00ean Kurd\u00ee b\u00ea kirin\"}]},{\"@type\":\"WebSite\",\"@id\":\"https:\\\/\\\/saknews.net\\\/ku\\\/#website\",\"url\":\"https:\\\/\\\/saknews.net\\\/ku\\\/\",\"name\":\"S\u0327epe\u0302la Azadi\u0302 ya Kurdistani\u0302\",\"description\":\"\u062a\u064a\u0627\u0631 \u0627\u0644\u062d\u0631\u064a\u0629 \u0627\u0644\u0643\u0648\u0631\u062f\u0633\u062a\u0627\u0646\u064a \u015eep\u00eala Azad\u00ee ya Kurdistan\u00ee\",\"publisher\":{\"@id\":\"https:\\\/\\\/saknews.net\\\/ku\\\/#organization\"},\"potentialAction\":[{\"@type\":\"SearchAction\",\"target\":{\"@type\":\"EntryPoint\",\"urlTemplate\":\"https:\\\/\\\/saknews.net\\\/ku\\\/?s={search_term_string}\"},\"query-input\":{\"@type\":\"PropertyValueSpecification\",\"valueRequired\":true,\"valueName\":\"search_term_string\"}}],\"inLanguage\":\"en-US\"},{\"@type\":\"Organization\",\"@id\":\"https:\\\/\\\/saknews.net\\\/ku\\\/#organization\",\"name\":\"\u015eep\u00eala Azadiy\u00ea ya Kurdistan\u00ea - \u062a\u064a\u0627\u0631 \u0627\u0644\u062d\u0631\u064a\u0629 \u0627\u0644\u0643\u0648\u0631\u062f\u0633\u062a\u0627\u0646\u064a\",\"url\":\"https:\\\/\\\/saknews.net\\\/ku\\\/\",\"logo\":{\"@type\":\"ImageObject\",\"inLanguage\":\"en-US\",\"@id\":\"https:\\\/\\\/saknews.net\\\/ku\\\/#\\\/schema\\\/logo\\\/image\\\/\",\"url\":\"https:\\\/\\\/i0.wp.com\\\/saknews.net\\\/ku\\\/wp-content\\\/uploads\\\/2024\\\/11\\\/cropped-logo-1.png?fit=512%2C512&ssl=1\",\"contentUrl\":\"https:\\\/\\\/i0.wp.com\\\/saknews.net\\\/ku\\\/wp-content\\\/uploads\\\/2024\\\/11\\\/cropped-logo-1.png?fit=512%2C512&ssl=1\",\"width\":512,\"height\":512,\"caption\":\"\u015eep\u00eala Azadiy\u00ea ya Kurdistan\u00ea - \u062a\u064a\u0627\u0631 \u0627\u0644\u062d\u0631\u064a\u0629 \u0627\u0644\u0643\u0648\u0631\u062f\u0633\u062a\u0627\u0646\u064a\"},\"image\":{\"@id\":\"https:\\\/\\\/saknews.net\\\/ku\\\/#\\\/schema\\\/logo\\\/image\\\/\"},\"sameAs\":[\"https:\\\/\\\/www.facebook.com\\\/Shepel.ewropa\"]},{\"@type\":\"Person\",\"@id\":\"https:\\\/\\\/saknews.net\\\/ku\\\/#\\\/schema\\\/person\\\/1c01cd16fca0bfa144578b4674c618a7\",\"name\":\"Helebja Helebja\",\"sameAs\":[\"https:\\\/\\\/saknews.net\\\/ku\"],\"url\":\"https:\\\/\\\/saknews.net\\\/ku\\\/?author=5\"}]}<\/script>\n<!-- \/ Yoast SEO plugin. -->","yoast_head_json":{"title":"Edbulrehman Hebe\u015f : Div\u00ea dan\u00fbstandin li gel D\u00eeme\u015fq\u00ea were kirin b\u00ea ku dest ji daxwaz\u00ean Kurd\u00ee b\u00ea kirin &#8226; \u015eAK","robots":{"index":"index","follow":"follow","max-snippet":"max-snippet:-1","max-image-preview":"max-image-preview:large","max-video-preview":"max-video-preview:-1"},"canonical":"https:\/\/saknews.net\/ku\/?p=2531","og_locale":"en_US","og_type":"article","og_title":"Edbulrehman Hebe\u015f : Div\u00ea dan\u00fbstandin li gel D\u00eeme\u015fq\u00ea were kirin b\u00ea ku dest ji daxwaz\u00ean Kurd\u00ee b\u00ea kirin &#8226; \u015eAK","og_description":"Di hevd\u00eetinek\u00ee de li gel kenal\u00ea Gel\u00ea Kurdistan, Ebdulrehman Hebe\u015f, Endam\u00ea Desteya Serokatiya Ber\u00ea Kurdistana...","og_url":"https:\/\/saknews.net\/ku\/?p=2531","og_site_name":"\u015eAK","article_publisher":"https:\/\/www.facebook.com\/Shepel.ewropa","article_published_time":"2025-07-09T19:37:23+00:00","og_image":[{"width":2260,"height":1235,"url":"https:\/\/saknews.net\/ku\/wp-content\/uploads\/2025\/07\/IMG_3610.jpeg","type":"image\/jpeg"}],"author":"Helebja Helebja","twitter_card":"summary_large_image","twitter_misc":{"Written by":"Helebja Helebja","Est. reading time":"1 minute"},"schema":{"@context":"https:\/\/schema.org","@graph":[{"@type":"Article","@id":"https:\/\/saknews.net\/ku\/?p=2531#article","isPartOf":{"@id":"https:\/\/saknews.net\/ku\/?p=2531"},"author":{"name":"Helebja Helebja","@id":"https:\/\/saknews.net\/ku\/#\/schema\/person\/1c01cd16fca0bfa144578b4674c618a7"},"headline":"Edbulrehman Hebe\u015f : Div\u00ea dan\u00fbstandin li gel D\u00eeme\u015fq\u00ea were kirin b\u00ea ku dest ji daxwaz\u00ean Kurd\u00ee b\u00ea kirin","datePublished":"2025-07-09T19:37:23+00:00","mainEntityOfPage":{"@id":"https:\/\/saknews.net\/ku\/?p=2531"},"wordCount":177,"publisher":{"@id":"https:\/\/saknews.net\/ku\/#organization"},"image":{"@id":"https:\/\/saknews.net\/ku\/?p=2531#primaryimage"},"thumbnailUrl":"https:\/\/i0.wp.com\/saknews.net\/ku\/wp-content\/uploads\/2025\/07\/IMG_3610.jpeg?fit=2260%2C1235&ssl=1","articleSection":["N\u00fb\u00e7e"],"inLanguage":"en-US"},{"@type":"WebPage","@id":"https:\/\/saknews.net\/ku\/?p=2531","url":"https:\/\/saknews.net\/ku\/?p=2531","name":"Edbulrehman Hebe\u015f : Div\u00ea dan\u00fbstandin li gel D\u00eeme\u015fq\u00ea were kirin b\u00ea ku dest ji daxwaz\u00ean Kurd\u00ee b\u00ea kirin &#8226; \u015eAK","isPartOf":{"@id":"https:\/\/saknews.net\/ku\/#website"},"primaryImageOfPage":{"@id":"https:\/\/saknews.net\/ku\/?p=2531#primaryimage"},"image":{"@id":"https:\/\/saknews.net\/ku\/?p=2531#primaryimage"},"thumbnailUrl":"https:\/\/i0.wp.com\/saknews.net\/ku\/wp-content\/uploads\/2025\/07\/IMG_3610.jpeg?fit=2260%2C1235&ssl=1","datePublished":"2025-07-09T19:37:23+00:00","breadcrumb":{"@id":"https:\/\/saknews.net\/ku\/?p=2531#breadcrumb"},"inLanguage":"en-US","potentialAction":[{"@type":"ReadAction","target":["https:\/\/saknews.net\/ku\/?p=2531"]}]},{"@type":"ImageObject","inLanguage":"en-US","@id":"https:\/\/saknews.net\/ku\/?p=2531#primaryimage","url":"https:\/\/i0.wp.com\/saknews.net\/ku\/wp-content\/uploads\/2025\/07\/IMG_3610.jpeg?fit=2260%2C1235&ssl=1","contentUrl":"https:\/\/i0.wp.com\/saknews.net\/ku\/wp-content\/uploads\/2025\/07\/IMG_3610.jpeg?fit=2260%2C1235&ssl=1","width":2260,"height":1235,"caption":"Screenshot"},{"@type":"BreadcrumbList","@id":"https:\/\/saknews.net\/ku\/?p=2531#breadcrumb","itemListElement":[{"@type":"ListItem","position":1,"name":"\u0627\u0644\u0631\u0626\u064a\u0633\u064a\u0629","item":"https:\/\/saknews.net\/ku\/"},{"@type":"ListItem","position":2,"name":"N\u00fb\u00e7e","item":"https:\/\/saknews.net\/ku\/?cat=49"},{"@type":"ListItem","position":3,"name":"Edbulrehman Hebe\u015f : Div\u00ea dan\u00fbstandin li gel D\u00eeme\u015fq\u00ea were kirin b\u00ea ku dest ji daxwaz\u00ean Kurd\u00ee b\u00ea kirin"}]},{"@type":"WebSite","@id":"https:\/\/saknews.net\/ku\/#website","url":"https:\/\/saknews.net\/ku\/","name":"S\u0327epe\u0302la Azadi\u0302 ya Kurdistani\u0302","description":"\u062a\u064a\u0627\u0631 \u0627\u0644\u062d\u0631\u064a\u0629 \u0627\u0644\u0643\u0648\u0631\u062f\u0633\u062a\u0627\u0646\u064a \u015eep\u00eala Azad\u00ee ya Kurdistan\u00ee","publisher":{"@id":"https:\/\/saknews.net\/ku\/#organization"},"potentialAction":[{"@type":"SearchAction","target":{"@type":"EntryPoint","urlTemplate":"https:\/\/saknews.net\/ku\/?s={search_term_string}"},"query-input":{"@type":"PropertyValueSpecification","valueRequired":true,"valueName":"search_term_string"}}],"inLanguage":"en-US"},{"@type":"Organization","@id":"https:\/\/saknews.net\/ku\/#organization","name":"\u015eep\u00eala Azadiy\u00ea ya Kurdistan\u00ea - \u062a\u064a\u0627\u0631 \u0627\u0644\u062d\u0631\u064a\u0629 \u0627\u0644\u0643\u0648\u0631\u062f\u0633\u062a\u0627\u0646\u064a","url":"https:\/\/saknews.net\/ku\/","logo":{"@type":"ImageObject","inLanguage":"en-US","@id":"https:\/\/saknews.net\/ku\/#\/schema\/logo\/image\/","url":"https:\/\/i0.wp.com\/saknews.net\/ku\/wp-content\/uploads\/2024\/11\/cropped-logo-1.png?fit=512%2C512&ssl=1","contentUrl":"https:\/\/i0.wp.com\/saknews.net\/ku\/wp-content\/uploads\/2024\/11\/cropped-logo-1.png?fit=512%2C512&ssl=1","width":512,"height":512,"caption":"\u015eep\u00eala Azadiy\u00ea ya Kurdistan\u00ea - \u062a\u064a\u0627\u0631 \u0627\u0644\u062d\u0631\u064a\u0629 \u0627\u0644\u0643\u0648\u0631\u062f\u0633\u062a\u0627\u0646\u064a"},"image":{"@id":"https:\/\/saknews.net\/ku\/#\/schema\/logo\/image\/"},"sameAs":["https:\/\/www.facebook.com\/Shepel.ewropa"]},{"@type":"Person","@id":"https:\/\/saknews.net\/ku\/#\/schema\/person\/1c01cd16fca0bfa144578b4674c618a7","name":"Helebja Helebja","sameAs":["https:\/\/saknews.net\/ku"],"url":"https:\/\/saknews.net\/ku\/?author=5"}]}},"featured_image_urls":{"full":["https:\/\/i0.wp.com\/saknews.net\/ku\/wp-content\/uploads\/2025\/07\/IMG_3610.jpeg?fit=2260%2C1235&ssl=1",2260,1235,false],"thumbnail":["https:\/\/i0.wp.com\/saknews.net\/ku\/wp-content\/uploads\/2025\/07\/IMG_3610.jpeg?resize=150%2C150&ssl=1",150,150,true],"medium":["https:\/\/i0.wp.com\/saknews.net\/ku\/wp-content\/uploads\/2025\/07\/IMG_3610.jpeg?fit=300%2C164&ssl=1",300,164,true],"medium_large":["https:\/\/i0.wp.com\/saknews.net\/ku\/wp-content\/uploads\/2025\/07\/IMG_3610.jpeg?fit=640%2C350&ssl=1",640,350,true],"large":["https:\/\/i0.wp.com\/saknews.net\/ku\/wp-content\/uploads\/2025\/07\/IMG_3610.jpeg?fit=640%2C350&ssl=1",640,350,true],"1536x1536":["https:\/\/i0.wp.com\/saknews.net\/ku\/wp-content\/uploads\/2025\/07\/IMG_3610.jpeg?fit=1536%2C839&ssl=1",1536,839,true],"2048x2048":["https:\/\/i0.wp.com\/saknews.net\/ku\/wp-content\/uploads\/2025\/07\/IMG_3610.jpeg?fit=2048%2C1119&ssl=1",2048,1119,true],"covernews-featured":["https:\/\/i0.wp.com\/saknews.net\/ku\/wp-content\/uploads\/2025\/07\/IMG_3610.jpeg?fit=1024%2C560&ssl=1",1024,560,true],"covernews-medium":["https:\/\/i0.wp.com\/saknews.net\/ku\/wp-content\/uploads\/2025\/07\/IMG_3610.jpeg?resize=540%2C340&ssl=1",540,340,true]},"author_info":{"display_name":"Helebja Helebja","author_link":"https:\/\/saknews.net\/ku\/?author=5"},"category_info":"<a href=\"https:\/\/saknews.net\/ku\/?cat=49\" rel=\"category\">N\u00fb\u00e7e<\/a>","tag_info":"N\u00fb\u00e7e","comment_count":"0","_links":{"self":[{"href":"https:\/\/saknews.net\/ku\/index.php?rest_route=\/wp\/v2\/posts\/2531","targetHints":{"allow":["GET"]}}],"collection":[{"href":"https:\/\/saknews.net\/ku\/index.php?rest_route=\/wp\/v2\/posts"}],"about":[{"href":"https:\/\/saknews.net\/ku\/index.php?rest_route=\/wp\/v2\/types\/post"}],"author":[{"embeddable":true,"href":"https:\/\/saknews.net\/ku\/index.php?rest_route=\/wp\/v2\/users\/5"}],"replies":[{"embeddable":true,"href":"https:\/\/saknews.net\/ku\/index.php?rest_route=%2Fwp%2Fv2%2Fcomments&post=2531"}],"version-history":[{"count":1,"href":"https:\/\/saknews.net\/ku\/index.php?rest_route=\/wp\/v2\/posts\/2531\/revisions"}],"predecessor-version":[{"id":2533,"href":"https:\/\/saknews.net\/ku\/index.php?rest_route=\/wp\/v2\/posts\/2531\/revisions\/2533"}],"wp:featuredmedia":[{"embeddable":true,"href":"https:\/\/saknews.net\/ku\/index.php?rest_route=\/wp\/v2\/media\/2532"}],"wp:attachment":[{"href":"https:\/\/saknews.net\/ku\/index.php?rest_route=%2Fwp%2Fv2%2Fmedia&parent=2531"}],"wp:term":[{"taxonomy":"category","embeddable":true,"href":"https:\/\/saknews.net\/ku\/index.php?rest_route=%2Fwp%2Fv2%2Fcategories&post=2531"},{"taxonomy":"post_tag","embeddable":true,"href":"https:\/\/saknews.net\/ku\/index.php?rest_route=%2Fwp%2Fv2%2Ftags&post=2531"}],"curies":[{"name":"wp","href":"https:\/\/api.w.org\/{rel}","templated":true}]}}