{"id":2543,"date":"2025-07-17T18:16:08","date_gmt":"2025-07-17T18:16:08","guid":{"rendered":"https:\/\/saknews.net\/ku\/?p=2543"},"modified":"2025-07-17T18:16:08","modified_gmt":"2025-07-17T18:16:08","slug":"daxuyani-derbare-eris-u-binpekirinen-li-diji-sivilan-li-siweda","status":"publish","type":"post","link":"https:\/\/saknews.net\/ku\/?p=2543","title":{"rendered":"Daxuyan\u00ee derbar\u00ea \u00ear\u00ee\u015f \u00fb binp\u00eakirin\u00ean li dij\u00ee s\u00eev\u00eelan li Siw\u00eada"},"content":{"rendered":"<p>Ber\u00ea Kurdistana S\u00fbriy\u00ea bi fikar li p\u00ea\u015fhatey\u00ean metirs\u00eedar \u00ean li par\u00eazgeha Siw\u00eada din\u00eare, ku dever\u00ean s\u00eev\u00eelan rast\u00ee \u00ear\u00ee\u015fan t\u00ean \u00fb h\u00eaz\u00ean ser bi hik\u00fbmeta demk\u00ee ya n\u00fb \u00fb h\u00eaz\u00ean bi ser ve binp\u00eakirin\u00ean s\u00eestemat\u00eek encam didin.<br \/>\nEv \u00ear\u00ee\u015f\u00ean hovane y\u00ean bi ser\u00ea s\u00eev\u00eelan ve t\u00ea herwiha tevgera a\u015ftiyane ya xelk\u00ea Siw\u00eada ku ji \u00e7end salan ve berdewam e dike armanc, berdewamiya siyaseta tunekirin\u00ea ye ji aliy\u00ea hik\u00fbmet\u00ea ve li hember\u00ee daxwaz\u00ean rewa yen gel\u00ea S\u00fbriy\u00ea.<\/p>\n<p>Em weke Ber\u00ea Kurdistana S\u00fbriy\u00ea pi\u015ftgiriya xwe ji bo xelk\u00ea li \u00c7iyay\u00ea ereban li Siw\u00eada radigih\u00eenin \u00fb armanckirina s\u00eev\u00eelan \u00fb r\u00eagirtina li ber azadiya derbir\u00een\u00ea ya s\u00eev\u00eel ji bo daxwaz\u00ean siyas\u00ee \u00fb civak\u00ee, red dikin. Em dib\u00eenin ev destdir\u00eaj\u00ee ne ten\u00ea metirsiy\u00ea li ser Siw\u00eada \u00e7\u00eadike, l\u00ea bel\u00ea naveroka doza s\u00fbr\u00ee dike armanc \u00fb hewl dide r\u00ea li ber berxwedana s\u00eev\u00eel bigire li S\u00fbriy\u00ea.<\/p>\n<p>Em hem\u00fb reng\u00ean gurrkirina aloziya navxwey\u00ee \u00fb derxistina fitney\u00ea di navbera p\u00eakhatey\u00ean S\u00fbriy\u00ea de red dikin \u00fb tekez dikin, tevgera a\u015ftiyane ya li Siw\u00eada n\u00ee\u015fana neraz\u00eeb\u00fbna piraniya s\u00fbriyan e ji dektator\u00ee, gendel\u00ee \u00fb zordariy\u00ea re. Em bawer in ew daxwaz weke daxwaz\u00ean gel\u00ea kurd e \u00fb p\u00eakhatey\u00ean din li S\u00fbriy\u00ea di avakirina dewleteke pirreng, federal \u00fb demokrat de, ku cih\u00ea zordariy\u00ea t\u00eade nebe.<\/p>\n<p>Em bang li h\u00eaz\u00ean ni\u015ftiman\u00ee y\u00ean s\u00fbr\u00ee dikin deng\u00ean xwe hildin \u00fb yekr\u00eaz bin li dij\u00ee van siyaset\u00ean zordariy\u00ea, herwiha berpirsyaretiya van binp\u00eakirinan dixin st\u00fby\u00ea hik\u00fbmeta demk\u00ee ya n\u00fb, \u00fb bang li civaka navdewlet\u00ee dikin demildest ji bo parastina s\u00eev\u00eelan \u00fb dubarenekirina wan destdir\u00eajiyan, bixebite.<\/p>\n<p>Ber\u00ea Kurdistana S\u00fbriy\u00ea<br \/>\n17.07.2025<\/p>\n","protected":false},"excerpt":{"rendered":"<p>Ber\u00ea Kurdistana S\u00fbriy\u00ea bi fikar li p\u00ea\u015fhatey\u00ean metirs\u00eedar \u00ean li par\u00eazgeha Siw\u00eada din\u00eare, ku dever\u00ean&#8230;<\/p>\n","protected":false},"author":5,"featured_media":2224,"comment_status":"closed","ping_status":"closed","sticky":false,"template":"","format":"standard","meta":{"footnotes":""},"categories":[34],"tags":[],"class_list":["post-2543","post","type-post","status-publish","format-standard","has-post-thumbnail","hentry","category-daxuyani"],"yoast_head":"<!-- This site is optimized with the Yoast SEO plugin v27.5 - https:\/\/yoast.com\/product\/yoast-seo-wordpress\/ -->\n<title>Daxuyan\u00ee derbar\u00ea \u00ear\u00ee\u015f \u00fb binp\u00eakirin\u00ean li dij\u00ee s\u00eev\u00eelan li Siw\u00eada &#8226; \u015eAK<\/title>\n<meta name=\"robots\" content=\"index, follow, max-snippet:-1, max-image-preview:large, max-video-preview:-1\" \/>\n<link rel=\"canonical\" href=\"https:\/\/saknews.net\/ku\/?p=2543\" \/>\n<meta property=\"og:locale\" content=\"en_US\" \/>\n<meta property=\"og:type\" content=\"article\" \/>\n<meta property=\"og:title\" content=\"Daxuyan\u00ee derbar\u00ea \u00ear\u00ee\u015f \u00fb binp\u00eakirin\u00ean li dij\u00ee s\u00eev\u00eelan li Siw\u00eada &#8226; \u015eAK\" \/>\n<meta property=\"og:description\" content=\"Ber\u00ea Kurdistana S\u00fbriy\u00ea bi fikar li p\u00ea\u015fhatey\u00ean metirs\u00eedar \u00ean li par\u00eazgeha Siw\u00eada din\u00eare, ku dever\u00ean...\" \/>\n<meta property=\"og:url\" content=\"https:\/\/saknews.net\/ku\/?p=2543\" \/>\n<meta property=\"og:site_name\" content=\"\u015eAK\" \/>\n<meta property=\"article:publisher\" content=\"https:\/\/www.facebook.com\/Shepel.ewropa\" \/>\n<meta property=\"article:published_time\" content=\"2025-07-17T18:16:08+00:00\" \/>\n<meta property=\"og:image\" content=\"https:\/\/saknews.net\/ku\/wp-content\/uploads\/2025\/04\/f192ad4a-279e-4308-955e-daf5777acfc5.jpeg\" \/>\n\t<meta property=\"og:image:width\" content=\"1080\" \/>\n\t<meta property=\"og:image:height\" content=\"1079\" \/>\n\t<meta property=\"og:image:type\" content=\"image\/jpeg\" \/>\n<meta name=\"author\" content=\"Helebja Helebja\" \/>\n<meta name=\"twitter:card\" content=\"summary_large_image\" \/>\n<meta name=\"twitter:label1\" content=\"Written by\" \/>\n\t<meta name=\"twitter:data1\" content=\"Helebja Helebja\" \/>\n\t<meta name=\"twitter:label2\" content=\"Est. reading time\" \/>\n\t<meta name=\"twitter:data2\" content=\"2 minutes\" \/>\n<script type=\"application\/ld+json\" class=\"yoast-schema-graph\">{\"@context\":\"https:\\\/\\\/schema.org\",\"@graph\":[{\"@type\":\"Article\",\"@id\":\"https:\\\/\\\/saknews.net\\\/ku\\\/?p=2543#article\",\"isPartOf\":{\"@id\":\"https:\\\/\\\/saknews.net\\\/ku\\\/?p=2543\"},\"author\":{\"name\":\"Helebja Helebja\",\"@id\":\"https:\\\/\\\/saknews.net\\\/ku\\\/#\\\/schema\\\/person\\\/1c01cd16fca0bfa144578b4674c618a7\"},\"headline\":\"Daxuyan\u00ee derbar\u00ea \u00ear\u00ee\u015f \u00fb binp\u00eakirin\u00ean li dij\u00ee s\u00eev\u00eelan li Siw\u00eada\",\"datePublished\":\"2025-07-17T18:16:08+00:00\",\"mainEntityOfPage\":{\"@id\":\"https:\\\/\\\/saknews.net\\\/ku\\\/?p=2543\"},\"wordCount\":328,\"publisher\":{\"@id\":\"https:\\\/\\\/saknews.net\\\/ku\\\/#organization\"},\"image\":{\"@id\":\"https:\\\/\\\/saknews.net\\\/ku\\\/?p=2543#primaryimage\"},\"thumbnailUrl\":\"https:\\\/\\\/i0.wp.com\\\/saknews.net\\\/ku\\\/wp-content\\\/uploads\\\/2025\\\/04\\\/f192ad4a-279e-4308-955e-daf5777acfc5.jpeg?fit=1080%2C1079&ssl=1\",\"articleSection\":[\"Daxuyan\u00ee\"],\"inLanguage\":\"en-US\"},{\"@type\":\"WebPage\",\"@id\":\"https:\\\/\\\/saknews.net\\\/ku\\\/?p=2543\",\"url\":\"https:\\\/\\\/saknews.net\\\/ku\\\/?p=2543\",\"name\":\"Daxuyan\u00ee derbar\u00ea \u00ear\u00ee\u015f \u00fb binp\u00eakirin\u00ean li dij\u00ee s\u00eev\u00eelan li Siw\u00eada &#8226; \u015eAK\",\"isPartOf\":{\"@id\":\"https:\\\/\\\/saknews.net\\\/ku\\\/#website\"},\"primaryImageOfPage\":{\"@id\":\"https:\\\/\\\/saknews.net\\\/ku\\\/?p=2543#primaryimage\"},\"image\":{\"@id\":\"https:\\\/\\\/saknews.net\\\/ku\\\/?p=2543#primaryimage\"},\"thumbnailUrl\":\"https:\\\/\\\/i0.wp.com\\\/saknews.net\\\/ku\\\/wp-content\\\/uploads\\\/2025\\\/04\\\/f192ad4a-279e-4308-955e-daf5777acfc5.jpeg?fit=1080%2C1079&ssl=1\",\"datePublished\":\"2025-07-17T18:16:08+00:00\",\"breadcrumb\":{\"@id\":\"https:\\\/\\\/saknews.net\\\/ku\\\/?p=2543#breadcrumb\"},\"inLanguage\":\"en-US\",\"potentialAction\":[{\"@type\":\"ReadAction\",\"target\":[\"https:\\\/\\\/saknews.net\\\/ku\\\/?p=2543\"]}]},{\"@type\":\"ImageObject\",\"inLanguage\":\"en-US\",\"@id\":\"https:\\\/\\\/saknews.net\\\/ku\\\/?p=2543#primaryimage\",\"url\":\"https:\\\/\\\/i0.wp.com\\\/saknews.net\\\/ku\\\/wp-content\\\/uploads\\\/2025\\\/04\\\/f192ad4a-279e-4308-955e-daf5777acfc5.jpeg?fit=1080%2C1079&ssl=1\",\"contentUrl\":\"https:\\\/\\\/i0.wp.com\\\/saknews.net\\\/ku\\\/wp-content\\\/uploads\\\/2025\\\/04\\\/f192ad4a-279e-4308-955e-daf5777acfc5.jpeg?fit=1080%2C1079&ssl=1\",\"width\":1080,\"height\":1079},{\"@type\":\"BreadcrumbList\",\"@id\":\"https:\\\/\\\/saknews.net\\\/ku\\\/?p=2543#breadcrumb\",\"itemListElement\":[{\"@type\":\"ListItem\",\"position\":1,\"name\":\"\u0627\u0644\u0631\u0626\u064a\u0633\u064a\u0629\",\"item\":\"https:\\\/\\\/saknews.net\\\/ku\\\/\"},{\"@type\":\"ListItem\",\"position\":2,\"name\":\"N\u00fb\u00e7e\",\"item\":\"https:\\\/\\\/saknews.net\\\/ku\\\/?cat=49\"},{\"@type\":\"ListItem\",\"position\":3,\"name\":\"Daxuyan\u00ee\",\"item\":\"https:\\\/\\\/saknews.net\\\/ku\\\/?cat=34\"},{\"@type\":\"ListItem\",\"position\":4,\"name\":\"Daxuyan\u00ee derbar\u00ea \u00ear\u00ee\u015f \u00fb binp\u00eakirin\u00ean li dij\u00ee s\u00eev\u00eelan li Siw\u00eada\"}]},{\"@type\":\"WebSite\",\"@id\":\"https:\\\/\\\/saknews.net\\\/ku\\\/#website\",\"url\":\"https:\\\/\\\/saknews.net\\\/ku\\\/\",\"name\":\"S\u0327epe\u0302la Azadi\u0302 ya Kurdistani\u0302\",\"description\":\"\u062a\u064a\u0627\u0631 \u0627\u0644\u062d\u0631\u064a\u0629 \u0627\u0644\u0643\u0648\u0631\u062f\u0633\u062a\u0627\u0646\u064a \u015eep\u00eala Azad\u00ee ya Kurdistan\u00ee\",\"publisher\":{\"@id\":\"https:\\\/\\\/saknews.net\\\/ku\\\/#organization\"},\"potentialAction\":[{\"@type\":\"SearchAction\",\"target\":{\"@type\":\"EntryPoint\",\"urlTemplate\":\"https:\\\/\\\/saknews.net\\\/ku\\\/?s={search_term_string}\"},\"query-input\":{\"@type\":\"PropertyValueSpecification\",\"valueRequired\":true,\"valueName\":\"search_term_string\"}}],\"inLanguage\":\"en-US\"},{\"@type\":\"Organization\",\"@id\":\"https:\\\/\\\/saknews.net\\\/ku\\\/#organization\",\"name\":\"\u015eep\u00eala Azadiy\u00ea ya Kurdistan\u00ea - \u062a\u064a\u0627\u0631 \u0627\u0644\u062d\u0631\u064a\u0629 \u0627\u0644\u0643\u0648\u0631\u062f\u0633\u062a\u0627\u0646\u064a\",\"url\":\"https:\\\/\\\/saknews.net\\\/ku\\\/\",\"logo\":{\"@type\":\"ImageObject\",\"inLanguage\":\"en-US\",\"@id\":\"https:\\\/\\\/saknews.net\\\/ku\\\/#\\\/schema\\\/logo\\\/image\\\/\",\"url\":\"https:\\\/\\\/i0.wp.com\\\/saknews.net\\\/ku\\\/wp-content\\\/uploads\\\/2024\\\/11\\\/cropped-logo-1.png?fit=512%2C512&ssl=1\",\"contentUrl\":\"https:\\\/\\\/i0.wp.com\\\/saknews.net\\\/ku\\\/wp-content\\\/uploads\\\/2024\\\/11\\\/cropped-logo-1.png?fit=512%2C512&ssl=1\",\"width\":512,\"height\":512,\"caption\":\"\u015eep\u00eala Azadiy\u00ea ya Kurdistan\u00ea - \u062a\u064a\u0627\u0631 \u0627\u0644\u062d\u0631\u064a\u0629 \u0627\u0644\u0643\u0648\u0631\u062f\u0633\u062a\u0627\u0646\u064a\"},\"image\":{\"@id\":\"https:\\\/\\\/saknews.net\\\/ku\\\/#\\\/schema\\\/logo\\\/image\\\/\"},\"sameAs\":[\"https:\\\/\\\/www.facebook.com\\\/Shepel.ewropa\"]},{\"@type\":\"Person\",\"@id\":\"https:\\\/\\\/saknews.net\\\/ku\\\/#\\\/schema\\\/person\\\/1c01cd16fca0bfa144578b4674c618a7\",\"name\":\"Helebja Helebja\",\"sameAs\":[\"https:\\\/\\\/saknews.net\\\/ku\"],\"url\":\"https:\\\/\\\/saknews.net\\\/ku\\\/?author=5\"}]}<\/script>\n<!-- \/ Yoast SEO plugin. -->","yoast_head_json":{"title":"Daxuyan\u00ee derbar\u00ea \u00ear\u00ee\u015f \u00fb binp\u00eakirin\u00ean li dij\u00ee s\u00eev\u00eelan li Siw\u00eada &#8226; \u015eAK","robots":{"index":"index","follow":"follow","max-snippet":"max-snippet:-1","max-image-preview":"max-image-preview:large","max-video-preview":"max-video-preview:-1"},"canonical":"https:\/\/saknews.net\/ku\/?p=2543","og_locale":"en_US","og_type":"article","og_title":"Daxuyan\u00ee derbar\u00ea \u00ear\u00ee\u015f \u00fb binp\u00eakirin\u00ean li dij\u00ee s\u00eev\u00eelan li Siw\u00eada &#8226; \u015eAK","og_description":"Ber\u00ea Kurdistana S\u00fbriy\u00ea bi fikar li p\u00ea\u015fhatey\u00ean metirs\u00eedar \u00ean li par\u00eazgeha Siw\u00eada din\u00eare, ku dever\u00ean...","og_url":"https:\/\/saknews.net\/ku\/?p=2543","og_site_name":"\u015eAK","article_publisher":"https:\/\/www.facebook.com\/Shepel.ewropa","article_published_time":"2025-07-17T18:16:08+00:00","og_image":[{"width":1080,"height":1079,"url":"https:\/\/saknews.net\/ku\/wp-content\/uploads\/2025\/04\/f192ad4a-279e-4308-955e-daf5777acfc5.jpeg","type":"image\/jpeg"}],"author":"Helebja Helebja","twitter_card":"summary_large_image","twitter_misc":{"Written by":"Helebja Helebja","Est. reading time":"2 minutes"},"schema":{"@context":"https:\/\/schema.org","@graph":[{"@type":"Article","@id":"https:\/\/saknews.net\/ku\/?p=2543#article","isPartOf":{"@id":"https:\/\/saknews.net\/ku\/?p=2543"},"author":{"name":"Helebja Helebja","@id":"https:\/\/saknews.net\/ku\/#\/schema\/person\/1c01cd16fca0bfa144578b4674c618a7"},"headline":"Daxuyan\u00ee derbar\u00ea \u00ear\u00ee\u015f \u00fb binp\u00eakirin\u00ean li dij\u00ee s\u00eev\u00eelan li Siw\u00eada","datePublished":"2025-07-17T18:16:08+00:00","mainEntityOfPage":{"@id":"https:\/\/saknews.net\/ku\/?p=2543"},"wordCount":328,"publisher":{"@id":"https:\/\/saknews.net\/ku\/#organization"},"image":{"@id":"https:\/\/saknews.net\/ku\/?p=2543#primaryimage"},"thumbnailUrl":"https:\/\/i0.wp.com\/saknews.net\/ku\/wp-content\/uploads\/2025\/04\/f192ad4a-279e-4308-955e-daf5777acfc5.jpeg?fit=1080%2C1079&ssl=1","articleSection":["Daxuyan\u00ee"],"inLanguage":"en-US"},{"@type":"WebPage","@id":"https:\/\/saknews.net\/ku\/?p=2543","url":"https:\/\/saknews.net\/ku\/?p=2543","name":"Daxuyan\u00ee derbar\u00ea \u00ear\u00ee\u015f \u00fb binp\u00eakirin\u00ean li dij\u00ee s\u00eev\u00eelan li Siw\u00eada &#8226; \u015eAK","isPartOf":{"@id":"https:\/\/saknews.net\/ku\/#website"},"primaryImageOfPage":{"@id":"https:\/\/saknews.net\/ku\/?p=2543#primaryimage"},"image":{"@id":"https:\/\/saknews.net\/ku\/?p=2543#primaryimage"},"thumbnailUrl":"https:\/\/i0.wp.com\/saknews.net\/ku\/wp-content\/uploads\/2025\/04\/f192ad4a-279e-4308-955e-daf5777acfc5.jpeg?fit=1080%2C1079&ssl=1","datePublished":"2025-07-17T18:16:08+00:00","breadcrumb":{"@id":"https:\/\/saknews.net\/ku\/?p=2543#breadcrumb"},"inLanguage":"en-US","potentialAction":[{"@type":"ReadAction","target":["https:\/\/saknews.net\/ku\/?p=2543"]}]},{"@type":"ImageObject","inLanguage":"en-US","@id":"https:\/\/saknews.net\/ku\/?p=2543#primaryimage","url":"https:\/\/i0.wp.com\/saknews.net\/ku\/wp-content\/uploads\/2025\/04\/f192ad4a-279e-4308-955e-daf5777acfc5.jpeg?fit=1080%2C1079&ssl=1","contentUrl":"https:\/\/i0.wp.com\/saknews.net\/ku\/wp-content\/uploads\/2025\/04\/f192ad4a-279e-4308-955e-daf5777acfc5.jpeg?fit=1080%2C1079&ssl=1","width":1080,"height":1079},{"@type":"BreadcrumbList","@id":"https:\/\/saknews.net\/ku\/?p=2543#breadcrumb","itemListElement":[{"@type":"ListItem","position":1,"name":"\u0627\u0644\u0631\u0626\u064a\u0633\u064a\u0629","item":"https:\/\/saknews.net\/ku\/"},{"@type":"ListItem","position":2,"name":"N\u00fb\u00e7e","item":"https:\/\/saknews.net\/ku\/?cat=49"},{"@type":"ListItem","position":3,"name":"Daxuyan\u00ee","item":"https:\/\/saknews.net\/ku\/?cat=34"},{"@type":"ListItem","position":4,"name":"Daxuyan\u00ee derbar\u00ea \u00ear\u00ee\u015f \u00fb binp\u00eakirin\u00ean li dij\u00ee s\u00eev\u00eelan li Siw\u00eada"}]},{"@type":"WebSite","@id":"https:\/\/saknews.net\/ku\/#website","url":"https:\/\/saknews.net\/ku\/","name":"S\u0327epe\u0302la Azadi\u0302 ya Kurdistani\u0302","description":"\u062a\u064a\u0627\u0631 \u0627\u0644\u062d\u0631\u064a\u0629 \u0627\u0644\u0643\u0648\u0631\u062f\u0633\u062a\u0627\u0646\u064a \u015eep\u00eala Azad\u00ee ya Kurdistan\u00ee","publisher":{"@id":"https:\/\/saknews.net\/ku\/#organization"},"potentialAction":[{"@type":"SearchAction","target":{"@type":"EntryPoint","urlTemplate":"https:\/\/saknews.net\/ku\/?s={search_term_string}"},"query-input":{"@type":"PropertyValueSpecification","valueRequired":true,"valueName":"search_term_string"}}],"inLanguage":"en-US"},{"@type":"Organization","@id":"https:\/\/saknews.net\/ku\/#organization","name":"\u015eep\u00eala Azadiy\u00ea ya Kurdistan\u00ea - \u062a\u064a\u0627\u0631 \u0627\u0644\u062d\u0631\u064a\u0629 \u0627\u0644\u0643\u0648\u0631\u062f\u0633\u062a\u0627\u0646\u064a","url":"https:\/\/saknews.net\/ku\/","logo":{"@type":"ImageObject","inLanguage":"en-US","@id":"https:\/\/saknews.net\/ku\/#\/schema\/logo\/image\/","url":"https:\/\/i0.wp.com\/saknews.net\/ku\/wp-content\/uploads\/2024\/11\/cropped-logo-1.png?fit=512%2C512&ssl=1","contentUrl":"https:\/\/i0.wp.com\/saknews.net\/ku\/wp-content\/uploads\/2024\/11\/cropped-logo-1.png?fit=512%2C512&ssl=1","width":512,"height":512,"caption":"\u015eep\u00eala Azadiy\u00ea ya Kurdistan\u00ea - \u062a\u064a\u0627\u0631 \u0627\u0644\u062d\u0631\u064a\u0629 \u0627\u0644\u0643\u0648\u0631\u062f\u0633\u062a\u0627\u0646\u064a"},"image":{"@id":"https:\/\/saknews.net\/ku\/#\/schema\/logo\/image\/"},"sameAs":["https:\/\/www.facebook.com\/Shepel.ewropa"]},{"@type":"Person","@id":"https:\/\/saknews.net\/ku\/#\/schema\/person\/1c01cd16fca0bfa144578b4674c618a7","name":"Helebja Helebja","sameAs":["https:\/\/saknews.net\/ku"],"url":"https:\/\/saknews.net\/ku\/?author=5"}]}},"featured_image_urls":{"full":["https:\/\/i0.wp.com\/saknews.net\/ku\/wp-content\/uploads\/2025\/04\/f192ad4a-279e-4308-955e-daf5777acfc5.jpeg?fit=1080%2C1079&ssl=1",1080,1079,false],"thumbnail":["https:\/\/i0.wp.com\/saknews.net\/ku\/wp-content\/uploads\/2025\/04\/f192ad4a-279e-4308-955e-daf5777acfc5.jpeg?resize=150%2C150&ssl=1",150,150,true],"medium":["https:\/\/i0.wp.com\/saknews.net\/ku\/wp-content\/uploads\/2025\/04\/f192ad4a-279e-4308-955e-daf5777acfc5.jpeg?fit=300%2C300&ssl=1",300,300,true],"medium_large":["https:\/\/i0.wp.com\/saknews.net\/ku\/wp-content\/uploads\/2025\/04\/f192ad4a-279e-4308-955e-daf5777acfc5.jpeg?fit=640%2C639&ssl=1",640,639,true],"large":["https:\/\/i0.wp.com\/saknews.net\/ku\/wp-content\/uploads\/2025\/04\/f192ad4a-279e-4308-955e-daf5777acfc5.jpeg?fit=640%2C640&ssl=1",640,640,true],"1536x1536":["https:\/\/i0.wp.com\/saknews.net\/ku\/wp-content\/uploads\/2025\/04\/f192ad4a-279e-4308-955e-daf5777acfc5.jpeg?fit=1080%2C1079&ssl=1",1080,1079,true],"2048x2048":["https:\/\/i0.wp.com\/saknews.net\/ku\/wp-content\/uploads\/2025\/04\/f192ad4a-279e-4308-955e-daf5777acfc5.jpeg?fit=1080%2C1079&ssl=1",1080,1079,true],"covernews-featured":["https:\/\/i0.wp.com\/saknews.net\/ku\/wp-content\/uploads\/2025\/04\/f192ad4a-279e-4308-955e-daf5777acfc5.jpeg?fit=1024%2C1023&ssl=1",1024,1023,true],"covernews-medium":["https:\/\/i0.wp.com\/saknews.net\/ku\/wp-content\/uploads\/2025\/04\/f192ad4a-279e-4308-955e-daf5777acfc5.jpeg?resize=540%2C340&ssl=1",540,340,true]},"author_info":{"display_name":"Helebja Helebja","author_link":"https:\/\/saknews.net\/ku\/?author=5"},"category_info":"<a href=\"https:\/\/saknews.net\/ku\/?cat=34\" rel=\"category\">Daxuyan\u00ee<\/a>","tag_info":"Daxuyan\u00ee","comment_count":"0","_links":{"self":[{"href":"https:\/\/saknews.net\/ku\/index.php?rest_route=\/wp\/v2\/posts\/2543","targetHints":{"allow":["GET"]}}],"collection":[{"href":"https:\/\/saknews.net\/ku\/index.php?rest_route=\/wp\/v2\/posts"}],"about":[{"href":"https:\/\/saknews.net\/ku\/index.php?rest_route=\/wp\/v2\/types\/post"}],"author":[{"embeddable":true,"href":"https:\/\/saknews.net\/ku\/index.php?rest_route=\/wp\/v2\/users\/5"}],"replies":[{"embeddable":true,"href":"https:\/\/saknews.net\/ku\/index.php?rest_route=%2Fwp%2Fv2%2Fcomments&post=2543"}],"version-history":[{"count":1,"href":"https:\/\/saknews.net\/ku\/index.php?rest_route=\/wp\/v2\/posts\/2543\/revisions"}],"predecessor-version":[{"id":2544,"href":"https:\/\/saknews.net\/ku\/index.php?rest_route=\/wp\/v2\/posts\/2543\/revisions\/2544"}],"wp:featuredmedia":[{"embeddable":true,"href":"https:\/\/saknews.net\/ku\/index.php?rest_route=\/wp\/v2\/media\/2224"}],"wp:attachment":[{"href":"https:\/\/saknews.net\/ku\/index.php?rest_route=%2Fwp%2Fv2%2Fmedia&parent=2543"}],"wp:term":[{"taxonomy":"category","embeddable":true,"href":"https:\/\/saknews.net\/ku\/index.php?rest_route=%2Fwp%2Fv2%2Fcategories&post=2543"},{"taxonomy":"post_tag","embeddable":true,"href":"https:\/\/saknews.net\/ku\/index.php?rest_route=%2Fwp%2Fv2%2Ftags&post=2543"}],"curies":[{"name":"wp","href":"https:\/\/api.w.org\/{rel}","templated":true}]}}