{"id":2557,"date":"2025-08-09T10:42:35","date_gmt":"2025-08-09T10:42:35","guid":{"rendered":"https:\/\/saknews.net\/ku\/?p=2557"},"modified":"2025-08-09T10:42:35","modified_gmt":"2025-08-09T10:42:35","slug":"daxuyaniya-bereya-kurdistana-suriye-derbare-konferanse-heseke","status":"publish","type":"post","link":"https:\/\/saknews.net\/ku\/?p=2557","title":{"rendered":"Daxuyaniya Bereya Kurdistana S\u00fbriy\u00ea derbar\u00ea konferans\u00ea Hesek\u00ea"},"content":{"rendered":"<p>Daxuyaniyek derbar\u00ea konferans\u00ea Hesek\u00ea<\/p>\n<p>R\u00eavebiriya PYD li Hesek\u00ea konferansek bi be\u015fdarb\u00fbna n\u00fbner\u00ean p\u00eakhatey\u00ean cuda li dever\u00ea lidar xist \u00fb em v\u00ea yek\u00ea weke gavek\u00eale p\u00ea\u015fket\u00ee \u00fb gir\u00eeng dib\u00eenin, l\u00ea em tekez dikin, ku t\u00eab\u00een\u00ee \u00fb rexney\u00ean cid\u00ee di derbar\u00ea ti\u015ft\u00ea t\u00eade hatiye de hene.<\/p>\n<p>Em ba\u015f dinirx\u00eenin banga ji bo dest\u00fbreke demokrat ku maf\u00ean tevahiya p\u00eakhateyan misoger bike \u00fb ji bo be\u015fdariyeke siyas\u00ee \u00fb r\u00eaveber\u00ee ya rast ava bike, herwiha tekeziya li ser dadmendiya veguh\u00eaz \u00fb l\u00eabor\u00eena ni\u015ftiman\u00ee ku bibe bingeh ji bo avakirina p\u00ea\u015ferojeke aram \u00fb dadperwer, li gel tekeziya li ser gir\u00eengiya jin\u00fbve \u00e7\u00eakirina s\u00eenor\u00ean xwecih\u00ee yen hey\u00ee ku taybetmendiya demograf\u00ee, \u00e7and\u00ee \u00fb civak\u00ee y\u00ean civak\u00ean xwecih\u00ee li ber \u00e7avan bigire. L\u00ea nabe HSD(QSD) \u00fb PYD biryar\u00ean siyas\u00ee ten\u00ea t\u00eaxin dest\u00ean xwe \u00fb aliy\u00ean kurd ji konferans\u00ea d\u00fbr bix\u00eenin. Di konferans\u00ean bi v\u00ee reng\u00ee de div\u00ea konfransine gi\u015ftg\u00eer bin ji hem\u00fb aliyan re ku karibin ner\u00eeneke siyas\u00ee ya hevbe\u015f j\u00ea derx\u00eenin heta n\u00fbnertiya rast a p\u00eakhateyan n\u00ee\u015fan bide.<\/p>\n<p>Di v\u00ea derbar\u00ea de j\u00ee, div\u00ea y\u00ean bi v\u00ea konferans\u00ea rab\u00fbne, merema xwe ji nenavendiy\u00ea diyar bikin, ka gelo nenavendiyeke siyas\u00ee ye yan j\u00ee mebesta wan federal\u00ee ye? Em dib\u00eenin di s\u00eestema federal de, dest\u00fbra federal garantiy\u00ean dest\u00fbr\u00ee ji bo parastina maf\u00ean her\u00eaman \u00fb p\u00eakhateyan dide, herwiha desthelat \u00fb dahat\u00ean welat\u00ee dadperwerane t\u00eane parvekirin \u00fb nah\u00eale tecr\u00fbbey\u00ean ber\u00ea vegerin ku bib\u00fbn sedema pi\u015ftguhxistin \u00fb d\u00fbrxistin\u00ea.<\/p>\n<p>Em weke Ber\u00ea Kurdistana S\u00fbriy\u00ea, dib\u00eenin armanca PYD \u00fb HSD, ku bi v\u00ee konferans\u00ee rab\u00fbne, ew e ku biryara siyas\u00ee ten\u00ea di dest\u00ean wan de be, ku \u015fand\u00ean got\u00fbb\u00eaj\u00ean bi \u015eam\u00ea re b\u00eatir dike. Di heman dem\u00ea de j\u00ee hik\u00fbmeta veguh\u00eaz bi HSD re ten\u00ea weke aliyek\u00ee \u00e7ekdar a desthelatdar dide \u00fb dist\u00eene. Bi v\u00ee reng\u00ee j\u00ee astengiyan li ber dan\u00fbstandin\u00ean bi \u015fand\u00ean n\u00fbnertiya kurdan yan p\u00eakhatey\u00ean din re dike, derdixe. Ew j\u00ee dide xuyakirin, ku hik\u00fbmeta veguh\u00eaz ten\u00ea ji aliy\u00ea ewleh\u00ee ve li doza kurd din\u00eare.<\/p>\n<p>Di dema ku em p\u00ea\u015fwaziya tekezkirina daxuyaniya konfrans\u00ea Hesek\u00ea li ser pabendb\u00fbna bi encam\u00ean konfrans\u00ea hevbe\u015f a N\u00eesana 2025an, dikin, em dib\u00eajin div\u00ea ew ji encam\u00ean konfrans\u00ea hevbe\u015f ney\u00ean xwar, bi taybet\u00ee xala ku dib\u00eaje div\u00ea Kurdistana S\u00fbriy\u00ea her\u00eameke r\u00eaveber\u00ee \u00fb siyas\u00ee ya yekgirt\u00ee be di hundir S\u00fbriyak federal de, \u00fb garant\u00eekirina maf\u00ean gel\u00ea Kurd li gor peyman \u00fb belgenamey\u00ean navdewlet\u00ee, ku div\u00ea ew yek bibe be\u015fek\u00ee sereke \u00fb di her got\u00fbb\u00eaj \u00fb lihevkirinek\u00ea de dest j\u00ea ney\u00ea berdan.<\/p>\n<p>Em tekez dikin, ji maf\u00ea tevahiya p\u00eakhateyan e n\u00ear\u00een \u00fb daxwaz\u00ean xwe b\u00eajin \u00fb ew mafek\u00ee rewa ye, d\u00fbr\u00ee siyaset\u00ean d\u00fbrxistin \u00fb gefan ku hik\u00fbmeta demk\u00ee hewl dide bi zor\u00ea bi cih b\u00eene.<\/p>\n<p>Ber\u00ea Kurdistana S\u00fbriy\u00ea<\/p>\n<p>09.08.2025<\/p>\n","protected":false},"excerpt":{"rendered":"<p>Daxuyaniyek derbar\u00ea konferans\u00ea Hesek\u00ea R\u00eavebiriya PYD li Hesek\u00ea konferansek bi be\u015fdarb\u00fbna n\u00fbner\u00ean p\u00eakhatey\u00ean cuda li&#8230;<\/p>\n","protected":false},"author":8,"featured_media":2558,"comment_status":"closed","ping_status":"closed","sticky":false,"template":"","format":"standard","meta":{"footnotes":""},"categories":[34],"tags":[],"class_list":["post-2557","post","type-post","status-publish","format-standard","has-post-thumbnail","hentry","category-daxuyani"],"yoast_head":"<!-- This site is optimized with the Yoast SEO plugin v27.5 - https:\/\/yoast.com\/product\/yoast-seo-wordpress\/ -->\n<title>Daxuyaniya Bereya Kurdistana S\u00fbriy\u00ea derbar\u00ea konferans\u00ea Hesek\u00ea &#8226; \u015eAK<\/title>\n<meta name=\"robots\" content=\"index, follow, max-snippet:-1, max-image-preview:large, max-video-preview:-1\" \/>\n<link rel=\"canonical\" href=\"https:\/\/saknews.net\/ku\/?p=2557\" \/>\n<meta property=\"og:locale\" content=\"en_US\" \/>\n<meta property=\"og:type\" content=\"article\" \/>\n<meta property=\"og:title\" content=\"Daxuyaniya Bereya Kurdistana S\u00fbriy\u00ea derbar\u00ea konferans\u00ea Hesek\u00ea &#8226; \u015eAK\" \/>\n<meta property=\"og:description\" content=\"Daxuyaniyek derbar\u00ea konferans\u00ea Hesek\u00ea R\u00eavebiriya PYD li Hesek\u00ea konferansek bi be\u015fdarb\u00fbna n\u00fbner\u00ean p\u00eakhatey\u00ean cuda li...\" \/>\n<meta property=\"og:url\" content=\"https:\/\/saknews.net\/ku\/?p=2557\" \/>\n<meta property=\"og:site_name\" content=\"\u015eAK\" \/>\n<meta property=\"article:publisher\" content=\"https:\/\/www.facebook.com\/Shepel.ewropa\" \/>\n<meta property=\"article:published_time\" content=\"2025-08-09T10:42:35+00:00\" \/>\n<meta property=\"og:image\" content=\"https:\/\/saknews.net\/ku\/wp-content\/uploads\/2025\/08\/FB_IMG_1754735720597.jpg\" \/>\n\t<meta property=\"og:image:width\" content=\"1140\" \/>\n\t<meta property=\"og:image:height\" content=\"570\" \/>\n\t<meta property=\"og:image:type\" content=\"image\/jpeg\" \/>\n<meta name=\"author\" content=\"Horan Hem\" \/>\n<meta name=\"twitter:card\" content=\"summary_large_image\" \/>\n<meta name=\"twitter:label1\" content=\"Written by\" \/>\n\t<meta name=\"twitter:data1\" content=\"Horan Hem\" \/>\n\t<meta name=\"twitter:label2\" content=\"Est. reading time\" \/>\n\t<meta name=\"twitter:data2\" content=\"1 minute\" \/>\n<script type=\"application\/ld+json\" class=\"yoast-schema-graph\">{\"@context\":\"https:\\\/\\\/schema.org\",\"@graph\":[{\"@type\":\"Article\",\"@id\":\"https:\\\/\\\/saknews.net\\\/ku\\\/?p=2557#article\",\"isPartOf\":{\"@id\":\"https:\\\/\\\/saknews.net\\\/ku\\\/?p=2557\"},\"author\":{\"name\":\"Horan Hem\",\"@id\":\"https:\\\/\\\/saknews.net\\\/ku\\\/#\\\/schema\\\/person\\\/72ae32a4041a3817e015b63d8f409058\"},\"headline\":\"Daxuyaniya Bereya Kurdistana S\u00fbriy\u00ea derbar\u00ea konferans\u00ea Hesek\u00ea\",\"datePublished\":\"2025-08-09T10:42:35+00:00\",\"mainEntityOfPage\":{\"@id\":\"https:\\\/\\\/saknews.net\\\/ku\\\/?p=2557\"},\"wordCount\":527,\"publisher\":{\"@id\":\"https:\\\/\\\/saknews.net\\\/ku\\\/#organization\"},\"image\":{\"@id\":\"https:\\\/\\\/saknews.net\\\/ku\\\/?p=2557#primaryimage\"},\"thumbnailUrl\":\"https:\\\/\\\/i0.wp.com\\\/saknews.net\\\/ku\\\/wp-content\\\/uploads\\\/2025\\\/08\\\/FB_IMG_1754735720597.jpg?fit=1140%2C570&ssl=1\",\"articleSection\":[\"Daxuyan\u00ee\"],\"inLanguage\":\"en-US\"},{\"@type\":\"WebPage\",\"@id\":\"https:\\\/\\\/saknews.net\\\/ku\\\/?p=2557\",\"url\":\"https:\\\/\\\/saknews.net\\\/ku\\\/?p=2557\",\"name\":\"Daxuyaniya Bereya Kurdistana S\u00fbriy\u00ea derbar\u00ea konferans\u00ea Hesek\u00ea &#8226; \u015eAK\",\"isPartOf\":{\"@id\":\"https:\\\/\\\/saknews.net\\\/ku\\\/#website\"},\"primaryImageOfPage\":{\"@id\":\"https:\\\/\\\/saknews.net\\\/ku\\\/?p=2557#primaryimage\"},\"image\":{\"@id\":\"https:\\\/\\\/saknews.net\\\/ku\\\/?p=2557#primaryimage\"},\"thumbnailUrl\":\"https:\\\/\\\/i0.wp.com\\\/saknews.net\\\/ku\\\/wp-content\\\/uploads\\\/2025\\\/08\\\/FB_IMG_1754735720597.jpg?fit=1140%2C570&ssl=1\",\"datePublished\":\"2025-08-09T10:42:35+00:00\",\"breadcrumb\":{\"@id\":\"https:\\\/\\\/saknews.net\\\/ku\\\/?p=2557#breadcrumb\"},\"inLanguage\":\"en-US\",\"potentialAction\":[{\"@type\":\"ReadAction\",\"target\":[\"https:\\\/\\\/saknews.net\\\/ku\\\/?p=2557\"]}]},{\"@type\":\"ImageObject\",\"inLanguage\":\"en-US\",\"@id\":\"https:\\\/\\\/saknews.net\\\/ku\\\/?p=2557#primaryimage\",\"url\":\"https:\\\/\\\/i0.wp.com\\\/saknews.net\\\/ku\\\/wp-content\\\/uploads\\\/2025\\\/08\\\/FB_IMG_1754735720597.jpg?fit=1140%2C570&ssl=1\",\"contentUrl\":\"https:\\\/\\\/i0.wp.com\\\/saknews.net\\\/ku\\\/wp-content\\\/uploads\\\/2025\\\/08\\\/FB_IMG_1754735720597.jpg?fit=1140%2C570&ssl=1\",\"width\":1140,\"height\":570},{\"@type\":\"BreadcrumbList\",\"@id\":\"https:\\\/\\\/saknews.net\\\/ku\\\/?p=2557#breadcrumb\",\"itemListElement\":[{\"@type\":\"ListItem\",\"position\":1,\"name\":\"\u0627\u0644\u0631\u0626\u064a\u0633\u064a\u0629\",\"item\":\"https:\\\/\\\/saknews.net\\\/ku\\\/\"},{\"@type\":\"ListItem\",\"position\":2,\"name\":\"N\u00fb\u00e7e\",\"item\":\"https:\\\/\\\/saknews.net\\\/ku\\\/?cat=49\"},{\"@type\":\"ListItem\",\"position\":3,\"name\":\"Daxuyan\u00ee\",\"item\":\"https:\\\/\\\/saknews.net\\\/ku\\\/?cat=34\"},{\"@type\":\"ListItem\",\"position\":4,\"name\":\"Daxuyaniya Bereya Kurdistana S\u00fbriy\u00ea derbar\u00ea konferans\u00ea Hesek\u00ea\"}]},{\"@type\":\"WebSite\",\"@id\":\"https:\\\/\\\/saknews.net\\\/ku\\\/#website\",\"url\":\"https:\\\/\\\/saknews.net\\\/ku\\\/\",\"name\":\"S\u0327epe\u0302la Azadi\u0302 ya Kurdistani\u0302\",\"description\":\"\u062a\u064a\u0627\u0631 \u0627\u0644\u062d\u0631\u064a\u0629 \u0627\u0644\u0643\u0648\u0631\u062f\u0633\u062a\u0627\u0646\u064a \u015eep\u00eala Azad\u00ee ya Kurdistan\u00ee\",\"publisher\":{\"@id\":\"https:\\\/\\\/saknews.net\\\/ku\\\/#organization\"},\"potentialAction\":[{\"@type\":\"SearchAction\",\"target\":{\"@type\":\"EntryPoint\",\"urlTemplate\":\"https:\\\/\\\/saknews.net\\\/ku\\\/?s={search_term_string}\"},\"query-input\":{\"@type\":\"PropertyValueSpecification\",\"valueRequired\":true,\"valueName\":\"search_term_string\"}}],\"inLanguage\":\"en-US\"},{\"@type\":\"Organization\",\"@id\":\"https:\\\/\\\/saknews.net\\\/ku\\\/#organization\",\"name\":\"\u015eep\u00eala Azadiy\u00ea ya Kurdistan\u00ea - \u062a\u064a\u0627\u0631 \u0627\u0644\u062d\u0631\u064a\u0629 \u0627\u0644\u0643\u0648\u0631\u062f\u0633\u062a\u0627\u0646\u064a\",\"url\":\"https:\\\/\\\/saknews.net\\\/ku\\\/\",\"logo\":{\"@type\":\"ImageObject\",\"inLanguage\":\"en-US\",\"@id\":\"https:\\\/\\\/saknews.net\\\/ku\\\/#\\\/schema\\\/logo\\\/image\\\/\",\"url\":\"https:\\\/\\\/i0.wp.com\\\/saknews.net\\\/ku\\\/wp-content\\\/uploads\\\/2024\\\/11\\\/cropped-logo-1.png?fit=512%2C512&ssl=1\",\"contentUrl\":\"https:\\\/\\\/i0.wp.com\\\/saknews.net\\\/ku\\\/wp-content\\\/uploads\\\/2024\\\/11\\\/cropped-logo-1.png?fit=512%2C512&ssl=1\",\"width\":512,\"height\":512,\"caption\":\"\u015eep\u00eala Azadiy\u00ea ya Kurdistan\u00ea - \u062a\u064a\u0627\u0631 \u0627\u0644\u062d\u0631\u064a\u0629 \u0627\u0644\u0643\u0648\u0631\u062f\u0633\u062a\u0627\u0646\u064a\"},\"image\":{\"@id\":\"https:\\\/\\\/saknews.net\\\/ku\\\/#\\\/schema\\\/logo\\\/image\\\/\"},\"sameAs\":[\"https:\\\/\\\/www.facebook.com\\\/Shepel.ewropa\"]},{\"@type\":\"Person\",\"@id\":\"https:\\\/\\\/saknews.net\\\/ku\\\/#\\\/schema\\\/person\\\/72ae32a4041a3817e015b63d8f409058\",\"name\":\"Horan Hem\",\"url\":\"https:\\\/\\\/saknews.net\\\/ku\\\/?author=8\"}]}<\/script>\n<!-- \/ Yoast SEO plugin. -->","yoast_head_json":{"title":"Daxuyaniya Bereya Kurdistana S\u00fbriy\u00ea derbar\u00ea konferans\u00ea Hesek\u00ea &#8226; \u015eAK","robots":{"index":"index","follow":"follow","max-snippet":"max-snippet:-1","max-image-preview":"max-image-preview:large","max-video-preview":"max-video-preview:-1"},"canonical":"https:\/\/saknews.net\/ku\/?p=2557","og_locale":"en_US","og_type":"article","og_title":"Daxuyaniya Bereya Kurdistana S\u00fbriy\u00ea derbar\u00ea konferans\u00ea Hesek\u00ea &#8226; \u015eAK","og_description":"Daxuyaniyek derbar\u00ea konferans\u00ea Hesek\u00ea R\u00eavebiriya PYD li Hesek\u00ea konferansek bi be\u015fdarb\u00fbna n\u00fbner\u00ean p\u00eakhatey\u00ean cuda li...","og_url":"https:\/\/saknews.net\/ku\/?p=2557","og_site_name":"\u015eAK","article_publisher":"https:\/\/www.facebook.com\/Shepel.ewropa","article_published_time":"2025-08-09T10:42:35+00:00","og_image":[{"width":1140,"height":570,"url":"https:\/\/saknews.net\/ku\/wp-content\/uploads\/2025\/08\/FB_IMG_1754735720597.jpg","type":"image\/jpeg"}],"author":"Horan Hem","twitter_card":"summary_large_image","twitter_misc":{"Written by":"Horan Hem","Est. reading time":"1 minute"},"schema":{"@context":"https:\/\/schema.org","@graph":[{"@type":"Article","@id":"https:\/\/saknews.net\/ku\/?p=2557#article","isPartOf":{"@id":"https:\/\/saknews.net\/ku\/?p=2557"},"author":{"name":"Horan Hem","@id":"https:\/\/saknews.net\/ku\/#\/schema\/person\/72ae32a4041a3817e015b63d8f409058"},"headline":"Daxuyaniya Bereya Kurdistana S\u00fbriy\u00ea derbar\u00ea konferans\u00ea Hesek\u00ea","datePublished":"2025-08-09T10:42:35+00:00","mainEntityOfPage":{"@id":"https:\/\/saknews.net\/ku\/?p=2557"},"wordCount":527,"publisher":{"@id":"https:\/\/saknews.net\/ku\/#organization"},"image":{"@id":"https:\/\/saknews.net\/ku\/?p=2557#primaryimage"},"thumbnailUrl":"https:\/\/i0.wp.com\/saknews.net\/ku\/wp-content\/uploads\/2025\/08\/FB_IMG_1754735720597.jpg?fit=1140%2C570&ssl=1","articleSection":["Daxuyan\u00ee"],"inLanguage":"en-US"},{"@type":"WebPage","@id":"https:\/\/saknews.net\/ku\/?p=2557","url":"https:\/\/saknews.net\/ku\/?p=2557","name":"Daxuyaniya Bereya Kurdistana S\u00fbriy\u00ea derbar\u00ea konferans\u00ea Hesek\u00ea &#8226; \u015eAK","isPartOf":{"@id":"https:\/\/saknews.net\/ku\/#website"},"primaryImageOfPage":{"@id":"https:\/\/saknews.net\/ku\/?p=2557#primaryimage"},"image":{"@id":"https:\/\/saknews.net\/ku\/?p=2557#primaryimage"},"thumbnailUrl":"https:\/\/i0.wp.com\/saknews.net\/ku\/wp-content\/uploads\/2025\/08\/FB_IMG_1754735720597.jpg?fit=1140%2C570&ssl=1","datePublished":"2025-08-09T10:42:35+00:00","breadcrumb":{"@id":"https:\/\/saknews.net\/ku\/?p=2557#breadcrumb"},"inLanguage":"en-US","potentialAction":[{"@type":"ReadAction","target":["https:\/\/saknews.net\/ku\/?p=2557"]}]},{"@type":"ImageObject","inLanguage":"en-US","@id":"https:\/\/saknews.net\/ku\/?p=2557#primaryimage","url":"https:\/\/i0.wp.com\/saknews.net\/ku\/wp-content\/uploads\/2025\/08\/FB_IMG_1754735720597.jpg?fit=1140%2C570&ssl=1","contentUrl":"https:\/\/i0.wp.com\/saknews.net\/ku\/wp-content\/uploads\/2025\/08\/FB_IMG_1754735720597.jpg?fit=1140%2C570&ssl=1","width":1140,"height":570},{"@type":"BreadcrumbList","@id":"https:\/\/saknews.net\/ku\/?p=2557#breadcrumb","itemListElement":[{"@type":"ListItem","position":1,"name":"\u0627\u0644\u0631\u0626\u064a\u0633\u064a\u0629","item":"https:\/\/saknews.net\/ku\/"},{"@type":"ListItem","position":2,"name":"N\u00fb\u00e7e","item":"https:\/\/saknews.net\/ku\/?cat=49"},{"@type":"ListItem","position":3,"name":"Daxuyan\u00ee","item":"https:\/\/saknews.net\/ku\/?cat=34"},{"@type":"ListItem","position":4,"name":"Daxuyaniya Bereya Kurdistana S\u00fbriy\u00ea derbar\u00ea konferans\u00ea Hesek\u00ea"}]},{"@type":"WebSite","@id":"https:\/\/saknews.net\/ku\/#website","url":"https:\/\/saknews.net\/ku\/","name":"S\u0327epe\u0302la Azadi\u0302 ya Kurdistani\u0302","description":"\u062a\u064a\u0627\u0631 \u0627\u0644\u062d\u0631\u064a\u0629 \u0627\u0644\u0643\u0648\u0631\u062f\u0633\u062a\u0627\u0646\u064a \u015eep\u00eala Azad\u00ee ya Kurdistan\u00ee","publisher":{"@id":"https:\/\/saknews.net\/ku\/#organization"},"potentialAction":[{"@type":"SearchAction","target":{"@type":"EntryPoint","urlTemplate":"https:\/\/saknews.net\/ku\/?s={search_term_string}"},"query-input":{"@type":"PropertyValueSpecification","valueRequired":true,"valueName":"search_term_string"}}],"inLanguage":"en-US"},{"@type":"Organization","@id":"https:\/\/saknews.net\/ku\/#organization","name":"\u015eep\u00eala Azadiy\u00ea ya Kurdistan\u00ea - \u062a\u064a\u0627\u0631 \u0627\u0644\u062d\u0631\u064a\u0629 \u0627\u0644\u0643\u0648\u0631\u062f\u0633\u062a\u0627\u0646\u064a","url":"https:\/\/saknews.net\/ku\/","logo":{"@type":"ImageObject","inLanguage":"en-US","@id":"https:\/\/saknews.net\/ku\/#\/schema\/logo\/image\/","url":"https:\/\/i0.wp.com\/saknews.net\/ku\/wp-content\/uploads\/2024\/11\/cropped-logo-1.png?fit=512%2C512&ssl=1","contentUrl":"https:\/\/i0.wp.com\/saknews.net\/ku\/wp-content\/uploads\/2024\/11\/cropped-logo-1.png?fit=512%2C512&ssl=1","width":512,"height":512,"caption":"\u015eep\u00eala Azadiy\u00ea ya Kurdistan\u00ea - \u062a\u064a\u0627\u0631 \u0627\u0644\u062d\u0631\u064a\u0629 \u0627\u0644\u0643\u0648\u0631\u062f\u0633\u062a\u0627\u0646\u064a"},"image":{"@id":"https:\/\/saknews.net\/ku\/#\/schema\/logo\/image\/"},"sameAs":["https:\/\/www.facebook.com\/Shepel.ewropa"]},{"@type":"Person","@id":"https:\/\/saknews.net\/ku\/#\/schema\/person\/72ae32a4041a3817e015b63d8f409058","name":"Horan Hem","url":"https:\/\/saknews.net\/ku\/?author=8"}]}},"featured_image_urls":{"full":["https:\/\/i0.wp.com\/saknews.net\/ku\/wp-content\/uploads\/2025\/08\/FB_IMG_1754735720597.jpg?fit=1140%2C570&ssl=1",1140,570,false],"thumbnail":["https:\/\/i0.wp.com\/saknews.net\/ku\/wp-content\/uploads\/2025\/08\/FB_IMG_1754735720597.jpg?resize=150%2C150&ssl=1",150,150,true],"medium":["https:\/\/i0.wp.com\/saknews.net\/ku\/wp-content\/uploads\/2025\/08\/FB_IMG_1754735720597.jpg?fit=300%2C150&ssl=1",300,150,true],"medium_large":["https:\/\/i0.wp.com\/saknews.net\/ku\/wp-content\/uploads\/2025\/08\/FB_IMG_1754735720597.jpg?fit=640%2C320&ssl=1",640,320,true],"large":["https:\/\/i0.wp.com\/saknews.net\/ku\/wp-content\/uploads\/2025\/08\/FB_IMG_1754735720597.jpg?fit=640%2C320&ssl=1",640,320,true],"1536x1536":["https:\/\/i0.wp.com\/saknews.net\/ku\/wp-content\/uploads\/2025\/08\/FB_IMG_1754735720597.jpg?fit=1140%2C570&ssl=1",1140,570,true],"2048x2048":["https:\/\/i0.wp.com\/saknews.net\/ku\/wp-content\/uploads\/2025\/08\/FB_IMG_1754735720597.jpg?fit=1140%2C570&ssl=1",1140,570,true],"covernews-featured":["https:\/\/i0.wp.com\/saknews.net\/ku\/wp-content\/uploads\/2025\/08\/FB_IMG_1754735720597.jpg?fit=1024%2C512&ssl=1",1024,512,true],"covernews-medium":["https:\/\/i0.wp.com\/saknews.net\/ku\/wp-content\/uploads\/2025\/08\/FB_IMG_1754735720597.jpg?resize=540%2C340&ssl=1",540,340,true]},"author_info":{"display_name":"Horan Hem","author_link":"https:\/\/saknews.net\/ku\/?author=8"},"category_info":"<a href=\"https:\/\/saknews.net\/ku\/?cat=34\" rel=\"category\">Daxuyan\u00ee<\/a>","tag_info":"Daxuyan\u00ee","comment_count":"0","_links":{"self":[{"href":"https:\/\/saknews.net\/ku\/index.php?rest_route=\/wp\/v2\/posts\/2557","targetHints":{"allow":["GET"]}}],"collection":[{"href":"https:\/\/saknews.net\/ku\/index.php?rest_route=\/wp\/v2\/posts"}],"about":[{"href":"https:\/\/saknews.net\/ku\/index.php?rest_route=\/wp\/v2\/types\/post"}],"author":[{"embeddable":true,"href":"https:\/\/saknews.net\/ku\/index.php?rest_route=\/wp\/v2\/users\/8"}],"replies":[{"embeddable":true,"href":"https:\/\/saknews.net\/ku\/index.php?rest_route=%2Fwp%2Fv2%2Fcomments&post=2557"}],"version-history":[{"count":1,"href":"https:\/\/saknews.net\/ku\/index.php?rest_route=\/wp\/v2\/posts\/2557\/revisions"}],"predecessor-version":[{"id":2559,"href":"https:\/\/saknews.net\/ku\/index.php?rest_route=\/wp\/v2\/posts\/2557\/revisions\/2559"}],"wp:featuredmedia":[{"embeddable":true,"href":"https:\/\/saknews.net\/ku\/index.php?rest_route=\/wp\/v2\/media\/2558"}],"wp:attachment":[{"href":"https:\/\/saknews.net\/ku\/index.php?rest_route=%2Fwp%2Fv2%2Fmedia&parent=2557"}],"wp:term":[{"taxonomy":"category","embeddable":true,"href":"https:\/\/saknews.net\/ku\/index.php?rest_route=%2Fwp%2Fv2%2Fcategories&post=2557"},{"taxonomy":"post_tag","embeddable":true,"href":"https:\/\/saknews.net\/ku\/index.php?rest_route=%2Fwp%2Fv2%2Ftags&post=2557"}],"curies":[{"name":"wp","href":"https:\/\/api.w.org\/{rel}","templated":true}]}}