{"id":2571,"date":"2025-08-24T12:22:50","date_gmt":"2025-08-24T12:22:50","guid":{"rendered":"https:\/\/saknews.net\/ku\/?p=2571"},"modified":"2025-08-24T12:22:50","modified_gmt":"2025-08-24T12:22:50","slug":"bere-kurdistana-suriyehilbijartin-ne-rewa-ne","status":"publish","type":"post","link":"https:\/\/saknews.net\/ku\/?p=2571","title":{"rendered":"Ber\u00ea Kurdistana S\u00fbriy\u00ea:Hilbijartin ne rewa ne"},"content":{"rendered":"<p>Daxuyan\u00ee derbar\u00ea &#8221; Hilbijartin\u00ean parlemantoya S\u00fbriy\u00ea&#8221;<\/p>\n<p>Lidarxistina &#8221; hilbijartin\u00ean parlemantoya S\u00fbriy\u00ea&#8221; ne rewa ne \u00fb standina v\u00eena s\u00fbriyan e. Ev desthelata veguh\u00eaz bi r\u00eaya &#8221; destey\u00ean hilbij\u00ear y\u00ean xwecih\u00ee&#8221; dest\u00ea xwe dat\u00eene ser tevahiya prosey\u00ea, ku bi fermana serokatiy\u00ea ya hejmar 66 ku bir\u00eaz Ehmed El-\u015eerih derxistiye, hatiye avakirin. <\/p>\n<p>Herwiha n\u00fbnertiya di parlemantoy\u00ea de ten\u00ea ji bo kes\u00ean naskir\u00ee \u00fb xwendevanan hatiye destn\u00ee\u015fankirin, \u00fb h\u00eaz \u00fb aliy\u00ean siyas\u00ee, karker, cotkar, be\u015f\u00ean din \u00ean civak\u00ea \u00fb xelk bi gi\u015ft\u00ee j\u00ea hatine d\u00fbrxistin.<\/p>\n<p>Em tekez dikin, desthelata veguh\u00eaz, tecr\u00fbbey\u00ean El-Beis dubare dike \u00fb hewl dide desthilat di dest\u00ea w\u00ea ten\u00ea de be, bi away\u00ea berdewamiya siyaset\u00ean zordariy\u00ea ku xelk\u00ea s\u00fbr\u00ee li dij\u00ee wan derket \u015fore\u015f\u00ea \u00fb gelek qurban\u00ee j\u00ee ji bo w\u00ea yek\u00ea dan.<br \/>\nTi\u015ft\u00ea t\u00ea kirin ne hilbijartin\u00ean rast e, l\u00ea bel\u00ea ew e ku &#8220;destey\u00ean hilbij\u00ear y\u00ean xwecih\u00ee&#8221; ji xwe re kes\u00ea li gor\u00ee wan guncaw be \u00fb li gor\u00ee n\u00ear\u00een\u00ean desthelat\u00ea be, destn\u00ee\u015fan dike, b\u00eay\u00ee hilbijartin\u00ean azad \u00fb rasterast an j\u00ee n\u00fbnert\u00eekirina v\u00eena gel\u00ea S\u00fbriy\u00ea. <\/p>\n<p>D\u00fbrxistina s\u00ea par\u00eazgehan, bi bihaneya ku niha ne aram in, d\u00fbrxistineke ji kurd \u00fb durziyan re ye, ku herdu p\u00eakhatey\u00ean sereke ne li wel\u00eat. Herwiha ev yek dide xuyakirin, desthelata niha amade ye bi hesan\u00ee her kes\u00ea ne p\u00ea re be, ji maf\u00ean yasay\u00ee d\u00fbr bix\u00eene ji ber xwe radest\u00ee daxwaz\u00ean w\u00ea nekirin.<\/p>\n<p>Ji ber ev desthelata niha her hewil dide Kurdistana S\u00fbriy\u00ea \u00fb p\u00eakhatey\u00ean din li wel\u00eat, d\u00fbr bix\u00eene \u00fb r\u00ea li ber n\u00fbnert\u00ee \u00fb be\u015fdariya siyas\u00ee digire, em bang li tevahiya h\u00eaz \u00fb partiyan li Kurdistana S\u00fbriy\u00ea, bi tevahiya p\u00eakhatey\u00ean w\u00ea ve, dikin civ\u00eeneke bilez lidar bixin \u00fb avakirina desteyeke serbixwe ya hilbijartinan got\u00fbb\u00eaj bikin, ku bi kar\u00ean amadekirina lidarxistina hilbijartinan \u00fb damezrandina parlemantoya Her\u00eama Kurdistana S\u00fbriy\u00ea rabe, \u00fb dezgeh\u00ean w\u00ea y\u00ean yasay\u00ee di bin \u00e7avd\u00eariyeke navdewlet\u00ee de \u00fb di hindur S\u00fbriyak hevgirt\u00ee ya demokrat de. <\/p>\n<p>Em bang li Netewey\u00ean Yekbuy\u00ee dikin, biryara 2254 bicih bike \u00fb \u00e7avkaniy\u00ea li hilbijartin\u00ean rast li S\u00fbriy\u00ea bike, ku t\u00eade van merc\u00ean sereke cih bigirin ji bo misogerkirina hilbijartin\u00ean demokrat \u00fb rewa, weke: destp\u00eakirina got\u00fbb\u00eajeke ni\u015ftiman\u00ee ya rast ku tevahiya p\u00eakhateyan t\u00eade cih bigirin, \u00e7\u00eakirina serjim\u00eariyeke n\u00fb bi serpere\u015ftiyeke navdewlet\u00ee, heb\u00fbna Yasaya Partiyan ku part\u00ee karibin bi azad\u00ee tevl\u00ee proseya hilbijartinan bibin \u00fb r\u00ea li ber her aliyek\u00ee b\u00ea girtin, di nav de j\u00ee serok\u00ea desthilat\u00ea, ku karibe kesek\u00ee di parlemantoy\u00ea de destn\u00ee\u015fan bike. <\/p>\n<p>Ber\u00ea Kurdistana S\u00fbriy\u00ea<\/p>\n<p>24.08.2025<\/p>\n","protected":false},"excerpt":{"rendered":"<p>Daxuyan\u00ee derbar\u00ea &#8221; Hilbijartin\u00ean parlemantoya S\u00fbriy\u00ea&#8221; Lidarxistina &#8221; hilbijartin\u00ean parlemantoya S\u00fbriy\u00ea&#8221; ne rewa ne \u00fb&#8230;<\/p>\n","protected":false},"author":8,"featured_media":2572,"comment_status":"closed","ping_status":"closed","sticky":false,"template":"","format":"standard","meta":{"footnotes":""},"categories":[34],"tags":[],"class_list":["post-2571","post","type-post","status-publish","format-standard","has-post-thumbnail","hentry","category-daxuyani"],"yoast_head":"<!-- This site is optimized with the Yoast SEO plugin v27.5 - https:\/\/yoast.com\/product\/yoast-seo-wordpress\/ -->\n<title>Ber\u00ea Kurdistana S\u00fbriy\u00ea:Hilbijartin ne rewa ne &#8226; \u015eAK<\/title>\n<meta name=\"robots\" content=\"index, follow, max-snippet:-1, max-image-preview:large, max-video-preview:-1\" \/>\n<link rel=\"canonical\" href=\"https:\/\/saknews.net\/ku\/?p=2571\" \/>\n<meta property=\"og:locale\" content=\"en_US\" \/>\n<meta property=\"og:type\" content=\"article\" \/>\n<meta property=\"og:title\" content=\"Ber\u00ea Kurdistana S\u00fbriy\u00ea:Hilbijartin ne rewa ne &#8226; \u015eAK\" \/>\n<meta property=\"og:description\" content=\"Daxuyan\u00ee derbar\u00ea &#8221; Hilbijartin\u00ean parlemantoya S\u00fbriy\u00ea&#8221; Lidarxistina &#8221; hilbijartin\u00ean parlemantoya S\u00fbriy\u00ea&#8221; ne rewa ne \u00fb...\" \/>\n<meta property=\"og:url\" content=\"https:\/\/saknews.net\/ku\/?p=2571\" \/>\n<meta property=\"og:site_name\" content=\"\u015eAK\" \/>\n<meta property=\"article:publisher\" content=\"https:\/\/www.facebook.com\/Shepel.ewropa\" \/>\n<meta property=\"article:published_time\" content=\"2025-08-24T12:22:50+00:00\" \/>\n<meta property=\"og:image\" content=\"https:\/\/saknews.net\/ku\/wp-content\/uploads\/2025\/08\/20250824_141005_0000.png\" \/>\n\t<meta property=\"og:image:width\" content=\"1440\" \/>\n\t<meta property=\"og:image:height\" content=\"720\" \/>\n\t<meta property=\"og:image:type\" content=\"image\/png\" \/>\n<meta name=\"author\" content=\"Horan Hem\" \/>\n<meta name=\"twitter:card\" content=\"summary_large_image\" \/>\n<meta name=\"twitter:label1\" content=\"Written by\" \/>\n\t<meta name=\"twitter:data1\" content=\"Horan Hem\" \/>\n\t<meta name=\"twitter:label2\" content=\"Est. reading time\" \/>\n\t<meta name=\"twitter:data2\" content=\"1 minute\" \/>\n<script type=\"application\/ld+json\" class=\"yoast-schema-graph\">{\"@context\":\"https:\\\/\\\/schema.org\",\"@graph\":[{\"@type\":\"Article\",\"@id\":\"https:\\\/\\\/saknews.net\\\/ku\\\/?p=2571#article\",\"isPartOf\":{\"@id\":\"https:\\\/\\\/saknews.net\\\/ku\\\/?p=2571\"},\"author\":{\"name\":\"Horan Hem\",\"@id\":\"https:\\\/\\\/saknews.net\\\/ku\\\/#\\\/schema\\\/person\\\/72ae32a4041a3817e015b63d8f409058\"},\"headline\":\"Ber\u00ea Kurdistana S\u00fbriy\u00ea:Hilbijartin ne rewa ne\",\"datePublished\":\"2025-08-24T12:22:50+00:00\",\"mainEntityOfPage\":{\"@id\":\"https:\\\/\\\/saknews.net\\\/ku\\\/?p=2571\"},\"wordCount\":464,\"publisher\":{\"@id\":\"https:\\\/\\\/saknews.net\\\/ku\\\/#organization\"},\"image\":{\"@id\":\"https:\\\/\\\/saknews.net\\\/ku\\\/?p=2571#primaryimage\"},\"thumbnailUrl\":\"https:\\\/\\\/i0.wp.com\\\/saknews.net\\\/ku\\\/wp-content\\\/uploads\\\/2025\\\/08\\\/20250824_141005_0000.png?fit=1440%2C720&ssl=1\",\"articleSection\":[\"Daxuyan\u00ee\"],\"inLanguage\":\"en-US\"},{\"@type\":\"WebPage\",\"@id\":\"https:\\\/\\\/saknews.net\\\/ku\\\/?p=2571\",\"url\":\"https:\\\/\\\/saknews.net\\\/ku\\\/?p=2571\",\"name\":\"Ber\u00ea Kurdistana S\u00fbriy\u00ea:Hilbijartin ne rewa ne &#8226; \u015eAK\",\"isPartOf\":{\"@id\":\"https:\\\/\\\/saknews.net\\\/ku\\\/#website\"},\"primaryImageOfPage\":{\"@id\":\"https:\\\/\\\/saknews.net\\\/ku\\\/?p=2571#primaryimage\"},\"image\":{\"@id\":\"https:\\\/\\\/saknews.net\\\/ku\\\/?p=2571#primaryimage\"},\"thumbnailUrl\":\"https:\\\/\\\/i0.wp.com\\\/saknews.net\\\/ku\\\/wp-content\\\/uploads\\\/2025\\\/08\\\/20250824_141005_0000.png?fit=1440%2C720&ssl=1\",\"datePublished\":\"2025-08-24T12:22:50+00:00\",\"breadcrumb\":{\"@id\":\"https:\\\/\\\/saknews.net\\\/ku\\\/?p=2571#breadcrumb\"},\"inLanguage\":\"en-US\",\"potentialAction\":[{\"@type\":\"ReadAction\",\"target\":[\"https:\\\/\\\/saknews.net\\\/ku\\\/?p=2571\"]}]},{\"@type\":\"ImageObject\",\"inLanguage\":\"en-US\",\"@id\":\"https:\\\/\\\/saknews.net\\\/ku\\\/?p=2571#primaryimage\",\"url\":\"https:\\\/\\\/i0.wp.com\\\/saknews.net\\\/ku\\\/wp-content\\\/uploads\\\/2025\\\/08\\\/20250824_141005_0000.png?fit=1440%2C720&ssl=1\",\"contentUrl\":\"https:\\\/\\\/i0.wp.com\\\/saknews.net\\\/ku\\\/wp-content\\\/uploads\\\/2025\\\/08\\\/20250824_141005_0000.png?fit=1440%2C720&ssl=1\",\"width\":1440,\"height\":720},{\"@type\":\"BreadcrumbList\",\"@id\":\"https:\\\/\\\/saknews.net\\\/ku\\\/?p=2571#breadcrumb\",\"itemListElement\":[{\"@type\":\"ListItem\",\"position\":1,\"name\":\"\u0627\u0644\u0631\u0626\u064a\u0633\u064a\u0629\",\"item\":\"https:\\\/\\\/saknews.net\\\/ku\\\/\"},{\"@type\":\"ListItem\",\"position\":2,\"name\":\"N\u00fb\u00e7e\",\"item\":\"https:\\\/\\\/saknews.net\\\/ku\\\/?cat=49\"},{\"@type\":\"ListItem\",\"position\":3,\"name\":\"Daxuyan\u00ee\",\"item\":\"https:\\\/\\\/saknews.net\\\/ku\\\/?cat=34\"},{\"@type\":\"ListItem\",\"position\":4,\"name\":\"Ber\u00ea Kurdistana S\u00fbriy\u00ea:Hilbijartin ne rewa ne\"}]},{\"@type\":\"WebSite\",\"@id\":\"https:\\\/\\\/saknews.net\\\/ku\\\/#website\",\"url\":\"https:\\\/\\\/saknews.net\\\/ku\\\/\",\"name\":\"S\u0327epe\u0302la Azadi\u0302 ya Kurdistani\u0302\",\"description\":\"\u062a\u064a\u0627\u0631 \u0627\u0644\u062d\u0631\u064a\u0629 \u0627\u0644\u0643\u0648\u0631\u062f\u0633\u062a\u0627\u0646\u064a \u015eep\u00eala Azad\u00ee ya Kurdistan\u00ee\",\"publisher\":{\"@id\":\"https:\\\/\\\/saknews.net\\\/ku\\\/#organization\"},\"potentialAction\":[{\"@type\":\"SearchAction\",\"target\":{\"@type\":\"EntryPoint\",\"urlTemplate\":\"https:\\\/\\\/saknews.net\\\/ku\\\/?s={search_term_string}\"},\"query-input\":{\"@type\":\"PropertyValueSpecification\",\"valueRequired\":true,\"valueName\":\"search_term_string\"}}],\"inLanguage\":\"en-US\"},{\"@type\":\"Organization\",\"@id\":\"https:\\\/\\\/saknews.net\\\/ku\\\/#organization\",\"name\":\"\u015eep\u00eala Azadiy\u00ea ya Kurdistan\u00ea - \u062a\u064a\u0627\u0631 \u0627\u0644\u062d\u0631\u064a\u0629 \u0627\u0644\u0643\u0648\u0631\u062f\u0633\u062a\u0627\u0646\u064a\",\"url\":\"https:\\\/\\\/saknews.net\\\/ku\\\/\",\"logo\":{\"@type\":\"ImageObject\",\"inLanguage\":\"en-US\",\"@id\":\"https:\\\/\\\/saknews.net\\\/ku\\\/#\\\/schema\\\/logo\\\/image\\\/\",\"url\":\"https:\\\/\\\/i0.wp.com\\\/saknews.net\\\/ku\\\/wp-content\\\/uploads\\\/2024\\\/11\\\/cropped-logo-1.png?fit=512%2C512&ssl=1\",\"contentUrl\":\"https:\\\/\\\/i0.wp.com\\\/saknews.net\\\/ku\\\/wp-content\\\/uploads\\\/2024\\\/11\\\/cropped-logo-1.png?fit=512%2C512&ssl=1\",\"width\":512,\"height\":512,\"caption\":\"\u015eep\u00eala Azadiy\u00ea ya Kurdistan\u00ea - \u062a\u064a\u0627\u0631 \u0627\u0644\u062d\u0631\u064a\u0629 \u0627\u0644\u0643\u0648\u0631\u062f\u0633\u062a\u0627\u0646\u064a\"},\"image\":{\"@id\":\"https:\\\/\\\/saknews.net\\\/ku\\\/#\\\/schema\\\/logo\\\/image\\\/\"},\"sameAs\":[\"https:\\\/\\\/www.facebook.com\\\/Shepel.ewropa\"]},{\"@type\":\"Person\",\"@id\":\"https:\\\/\\\/saknews.net\\\/ku\\\/#\\\/schema\\\/person\\\/72ae32a4041a3817e015b63d8f409058\",\"name\":\"Horan Hem\",\"url\":\"https:\\\/\\\/saknews.net\\\/ku\\\/?author=8\"}]}<\/script>\n<!-- \/ Yoast SEO plugin. -->","yoast_head_json":{"title":"Ber\u00ea Kurdistana S\u00fbriy\u00ea:Hilbijartin ne rewa ne &#8226; \u015eAK","robots":{"index":"index","follow":"follow","max-snippet":"max-snippet:-1","max-image-preview":"max-image-preview:large","max-video-preview":"max-video-preview:-1"},"canonical":"https:\/\/saknews.net\/ku\/?p=2571","og_locale":"en_US","og_type":"article","og_title":"Ber\u00ea Kurdistana S\u00fbriy\u00ea:Hilbijartin ne rewa ne &#8226; \u015eAK","og_description":"Daxuyan\u00ee derbar\u00ea &#8221; Hilbijartin\u00ean parlemantoya S\u00fbriy\u00ea&#8221; Lidarxistina &#8221; hilbijartin\u00ean parlemantoya S\u00fbriy\u00ea&#8221; ne rewa ne \u00fb...","og_url":"https:\/\/saknews.net\/ku\/?p=2571","og_site_name":"\u015eAK","article_publisher":"https:\/\/www.facebook.com\/Shepel.ewropa","article_published_time":"2025-08-24T12:22:50+00:00","og_image":[{"width":1440,"height":720,"url":"https:\/\/saknews.net\/ku\/wp-content\/uploads\/2025\/08\/20250824_141005_0000.png","type":"image\/png"}],"author":"Horan Hem","twitter_card":"summary_large_image","twitter_misc":{"Written by":"Horan Hem","Est. reading time":"1 minute"},"schema":{"@context":"https:\/\/schema.org","@graph":[{"@type":"Article","@id":"https:\/\/saknews.net\/ku\/?p=2571#article","isPartOf":{"@id":"https:\/\/saknews.net\/ku\/?p=2571"},"author":{"name":"Horan Hem","@id":"https:\/\/saknews.net\/ku\/#\/schema\/person\/72ae32a4041a3817e015b63d8f409058"},"headline":"Ber\u00ea Kurdistana S\u00fbriy\u00ea:Hilbijartin ne rewa ne","datePublished":"2025-08-24T12:22:50+00:00","mainEntityOfPage":{"@id":"https:\/\/saknews.net\/ku\/?p=2571"},"wordCount":464,"publisher":{"@id":"https:\/\/saknews.net\/ku\/#organization"},"image":{"@id":"https:\/\/saknews.net\/ku\/?p=2571#primaryimage"},"thumbnailUrl":"https:\/\/i0.wp.com\/saknews.net\/ku\/wp-content\/uploads\/2025\/08\/20250824_141005_0000.png?fit=1440%2C720&ssl=1","articleSection":["Daxuyan\u00ee"],"inLanguage":"en-US"},{"@type":"WebPage","@id":"https:\/\/saknews.net\/ku\/?p=2571","url":"https:\/\/saknews.net\/ku\/?p=2571","name":"Ber\u00ea Kurdistana S\u00fbriy\u00ea:Hilbijartin ne rewa ne &#8226; \u015eAK","isPartOf":{"@id":"https:\/\/saknews.net\/ku\/#website"},"primaryImageOfPage":{"@id":"https:\/\/saknews.net\/ku\/?p=2571#primaryimage"},"image":{"@id":"https:\/\/saknews.net\/ku\/?p=2571#primaryimage"},"thumbnailUrl":"https:\/\/i0.wp.com\/saknews.net\/ku\/wp-content\/uploads\/2025\/08\/20250824_141005_0000.png?fit=1440%2C720&ssl=1","datePublished":"2025-08-24T12:22:50+00:00","breadcrumb":{"@id":"https:\/\/saknews.net\/ku\/?p=2571#breadcrumb"},"inLanguage":"en-US","potentialAction":[{"@type":"ReadAction","target":["https:\/\/saknews.net\/ku\/?p=2571"]}]},{"@type":"ImageObject","inLanguage":"en-US","@id":"https:\/\/saknews.net\/ku\/?p=2571#primaryimage","url":"https:\/\/i0.wp.com\/saknews.net\/ku\/wp-content\/uploads\/2025\/08\/20250824_141005_0000.png?fit=1440%2C720&ssl=1","contentUrl":"https:\/\/i0.wp.com\/saknews.net\/ku\/wp-content\/uploads\/2025\/08\/20250824_141005_0000.png?fit=1440%2C720&ssl=1","width":1440,"height":720},{"@type":"BreadcrumbList","@id":"https:\/\/saknews.net\/ku\/?p=2571#breadcrumb","itemListElement":[{"@type":"ListItem","position":1,"name":"\u0627\u0644\u0631\u0626\u064a\u0633\u064a\u0629","item":"https:\/\/saknews.net\/ku\/"},{"@type":"ListItem","position":2,"name":"N\u00fb\u00e7e","item":"https:\/\/saknews.net\/ku\/?cat=49"},{"@type":"ListItem","position":3,"name":"Daxuyan\u00ee","item":"https:\/\/saknews.net\/ku\/?cat=34"},{"@type":"ListItem","position":4,"name":"Ber\u00ea Kurdistana S\u00fbriy\u00ea:Hilbijartin ne rewa ne"}]},{"@type":"WebSite","@id":"https:\/\/saknews.net\/ku\/#website","url":"https:\/\/saknews.net\/ku\/","name":"S\u0327epe\u0302la Azadi\u0302 ya Kurdistani\u0302","description":"\u062a\u064a\u0627\u0631 \u0627\u0644\u062d\u0631\u064a\u0629 \u0627\u0644\u0643\u0648\u0631\u062f\u0633\u062a\u0627\u0646\u064a \u015eep\u00eala Azad\u00ee ya Kurdistan\u00ee","publisher":{"@id":"https:\/\/saknews.net\/ku\/#organization"},"potentialAction":[{"@type":"SearchAction","target":{"@type":"EntryPoint","urlTemplate":"https:\/\/saknews.net\/ku\/?s={search_term_string}"},"query-input":{"@type":"PropertyValueSpecification","valueRequired":true,"valueName":"search_term_string"}}],"inLanguage":"en-US"},{"@type":"Organization","@id":"https:\/\/saknews.net\/ku\/#organization","name":"\u015eep\u00eala Azadiy\u00ea ya Kurdistan\u00ea - \u062a\u064a\u0627\u0631 \u0627\u0644\u062d\u0631\u064a\u0629 \u0627\u0644\u0643\u0648\u0631\u062f\u0633\u062a\u0627\u0646\u064a","url":"https:\/\/saknews.net\/ku\/","logo":{"@type":"ImageObject","inLanguage":"en-US","@id":"https:\/\/saknews.net\/ku\/#\/schema\/logo\/image\/","url":"https:\/\/i0.wp.com\/saknews.net\/ku\/wp-content\/uploads\/2024\/11\/cropped-logo-1.png?fit=512%2C512&ssl=1","contentUrl":"https:\/\/i0.wp.com\/saknews.net\/ku\/wp-content\/uploads\/2024\/11\/cropped-logo-1.png?fit=512%2C512&ssl=1","width":512,"height":512,"caption":"\u015eep\u00eala Azadiy\u00ea ya Kurdistan\u00ea - \u062a\u064a\u0627\u0631 \u0627\u0644\u062d\u0631\u064a\u0629 \u0627\u0644\u0643\u0648\u0631\u062f\u0633\u062a\u0627\u0646\u064a"},"image":{"@id":"https:\/\/saknews.net\/ku\/#\/schema\/logo\/image\/"},"sameAs":["https:\/\/www.facebook.com\/Shepel.ewropa"]},{"@type":"Person","@id":"https:\/\/saknews.net\/ku\/#\/schema\/person\/72ae32a4041a3817e015b63d8f409058","name":"Horan Hem","url":"https:\/\/saknews.net\/ku\/?author=8"}]}},"featured_image_urls":{"full":["https:\/\/i0.wp.com\/saknews.net\/ku\/wp-content\/uploads\/2025\/08\/20250824_141005_0000.png?fit=1440%2C720&ssl=1",1440,720,false],"thumbnail":["https:\/\/i0.wp.com\/saknews.net\/ku\/wp-content\/uploads\/2025\/08\/20250824_141005_0000.png?resize=150%2C150&ssl=1",150,150,true],"medium":["https:\/\/i0.wp.com\/saknews.net\/ku\/wp-content\/uploads\/2025\/08\/20250824_141005_0000.png?fit=300%2C150&ssl=1",300,150,true],"medium_large":["https:\/\/i0.wp.com\/saknews.net\/ku\/wp-content\/uploads\/2025\/08\/20250824_141005_0000.png?fit=640%2C320&ssl=1",640,320,true],"large":["https:\/\/i0.wp.com\/saknews.net\/ku\/wp-content\/uploads\/2025\/08\/20250824_141005_0000.png?fit=640%2C320&ssl=1",640,320,true],"1536x1536":["https:\/\/i0.wp.com\/saknews.net\/ku\/wp-content\/uploads\/2025\/08\/20250824_141005_0000.png?fit=1440%2C720&ssl=1",1440,720,true],"2048x2048":["https:\/\/i0.wp.com\/saknews.net\/ku\/wp-content\/uploads\/2025\/08\/20250824_141005_0000.png?fit=1440%2C720&ssl=1",1440,720,true],"covernews-featured":["https:\/\/i0.wp.com\/saknews.net\/ku\/wp-content\/uploads\/2025\/08\/20250824_141005_0000.png?fit=1024%2C512&ssl=1",1024,512,true],"covernews-medium":["https:\/\/i0.wp.com\/saknews.net\/ku\/wp-content\/uploads\/2025\/08\/20250824_141005_0000.png?resize=540%2C340&ssl=1",540,340,true]},"author_info":{"display_name":"Horan Hem","author_link":"https:\/\/saknews.net\/ku\/?author=8"},"category_info":"<a href=\"https:\/\/saknews.net\/ku\/?cat=34\" rel=\"category\">Daxuyan\u00ee<\/a>","tag_info":"Daxuyan\u00ee","comment_count":"0","_links":{"self":[{"href":"https:\/\/saknews.net\/ku\/index.php?rest_route=\/wp\/v2\/posts\/2571","targetHints":{"allow":["GET"]}}],"collection":[{"href":"https:\/\/saknews.net\/ku\/index.php?rest_route=\/wp\/v2\/posts"}],"about":[{"href":"https:\/\/saknews.net\/ku\/index.php?rest_route=\/wp\/v2\/types\/post"}],"author":[{"embeddable":true,"href":"https:\/\/saknews.net\/ku\/index.php?rest_route=\/wp\/v2\/users\/8"}],"replies":[{"embeddable":true,"href":"https:\/\/saknews.net\/ku\/index.php?rest_route=%2Fwp%2Fv2%2Fcomments&post=2571"}],"version-history":[{"count":1,"href":"https:\/\/saknews.net\/ku\/index.php?rest_route=\/wp\/v2\/posts\/2571\/revisions"}],"predecessor-version":[{"id":2573,"href":"https:\/\/saknews.net\/ku\/index.php?rest_route=\/wp\/v2\/posts\/2571\/revisions\/2573"}],"wp:featuredmedia":[{"embeddable":true,"href":"https:\/\/saknews.net\/ku\/index.php?rest_route=\/wp\/v2\/media\/2572"}],"wp:attachment":[{"href":"https:\/\/saknews.net\/ku\/index.php?rest_route=%2Fwp%2Fv2%2Fmedia&parent=2571"}],"wp:term":[{"taxonomy":"category","embeddable":true,"href":"https:\/\/saknews.net\/ku\/index.php?rest_route=%2Fwp%2Fv2%2Fcategories&post=2571"},{"taxonomy":"post_tag","embeddable":true,"href":"https:\/\/saknews.net\/ku\/index.php?rest_route=%2Fwp%2Fv2%2Ftags&post=2571"}],"curies":[{"name":"wp","href":"https:\/\/api.w.org\/{rel}","templated":true}]}}