{"id":2575,"date":"2025-08-26T12:35:06","date_gmt":"2025-08-26T12:35:06","guid":{"rendered":"https:\/\/saknews.net\/ku\/?p=2575"},"modified":"2025-08-26T12:36:05","modified_gmt":"2025-08-26T12:36:05","slug":"daxuyani-derbare-sere-li-siye","status":"publish","type":"post","link":"https:\/\/saknews.net\/ku\/?p=2575","title":{"rendered":"Daxuyan\u00ee derbar\u00ea \u015fer\u00ea li \u015eiy\u00ea"},"content":{"rendered":"<p>Daxuyan\u00ee derbar\u00ea pev\u00e7\u00fbn\u00ean \u015eiy\u00ea ya Her\u00eama Efr\u00een\u00ea<\/p>\n<p>Pev\u00e7\u00fbn\u00ean li Nav\u00e7eya \u015eiy\u00ea ya Her\u00eama Efr\u00een\u00ea di navbera \u00e7ekdar\u00ean Em\u015fata \u00fb ewlehiya gi\u015ft\u00ee de roja yek\u015fem\u00ea dan\u00ea \u00eavar\u00ee r\u00fb dane, tekez dikin ku grop\u00ean \u00e7ekdar xwe nehelandine \u00fb di heykela bi nav\u00ea Art\u00ea\u015fa n\u00fb de int\u00eegr\u00eere neb\u00fbne, wek di dema destn\u00ee\u015fankirina bir\u00eaz Ehmed El-\u015eerih de weke serok\u00ea demk\u00ee ji bo S\u00fbriy\u00ea hatiye ragihandin.<\/p>\n<p>\u015eep\u00eala Azad\u00ee ya Kurdistan\u00ee tekez dike, ti projeyek ji bo avakirina art\u00ea\u015feke ni\u015ftiman\u00ee ya rast bi ser nakeve eger fermandar\u00ean wan grop\u00ean binp\u00eakirin p\u00eak an\u00eene, ney\u00ean sizadan \u00fb ney\u00ean p\u00ea\u015f dadgeheke vekir\u00ee \u00fb dadmend. Herwiha div\u00ea zirarmend j\u00ee b\u00eane qerebokirin ji ber kiryar\u00ean teror\u00ee yen wan gropan. L\u00ea ji d\u00ealva sizadana wan, piley\u00ean wan hatin bilindkirin \u00fb cih\u00ean bilind j\u00ee wergirtin.<\/p>\n<p>Di dema ku hik\u00fbmeta demk\u00ee ya S\u00fbriy\u00ea \u00fb al\u00eegir\u00ean w\u00ea ve behsa &#8221; Serweriya S\u00fbriy\u00ea&#8221; dikin, heta niha int\u00eegr\u00eereb\u00fbna grop\u00ean \u00e7ekdar di nava Wezareta Berevaniy\u00ea de bi nav e \u00fb h\u00een j\u00ee ew grop bi ser Tirkiy\u00ea ve ne. Ji ber v\u00ea j\u00ee ewlehiya gi\u015ft\u00ee nikar\u00eeb\u00fb \u00e7ekdar\u00ean Em\u015fata ji nav\u00e7eya \u015eiy\u00ea derx\u00eenin.<\/p>\n<p>May\u00eena grop\u00ean \u00e7ekdar bi \u00e7ek\u00ean xwe ve li cih\u00ean xelk t\u00ea de ne, dide n\u00ee\u015fan ew ne di bin kontrola w\u00ea art\u00ea\u015f\u00ea de ne \u00fb bi biryar\u00ean w\u00ea pabend nabin. Ev yek j\u00ee metirsiy\u00ea li cem xelk\u00ea \u00e7\u00eadike ku d\u00eesa dubare bibe \u00fb jiyana wan t\u00eakeve metirsiy\u00ea. Madem ew grop bi ser Wezareta Berevaniy\u00ea ve ne, cih\u00ea wan ya rast li dervey\u00ee cih\u00ea xelk l\u00ea dim\u00eene ye \u00fb div\u00ea tevahiya gropan bi \u00e7ek\u00ean xwe ji wan deran derkevin, da ku s\u00eev\u00eel b\u00eane parastin.<\/p>\n<p>\u015eep\u00eala Azad\u00ee ya Kurdistan\u00ee d\u00eesa tekez dike, avakirina art\u00ea\u015feke ni\u015ftiman\u00ee ya rast destp\u00ea dike dema tevahiya grop\u00ean \u00e7ekdar nem\u00eenin \u00fb \u00e7ek\u00ean xwe radest bikin \u00fb t\u00eakeve bin kontrola desthelateke s\u00eev\u00eel ya hilbijart\u00ee. L\u00ea bel\u00ea may\u00eena wan bi v\u00ee reng\u00ee \u00fb b\u00ea sizadan, rasterast bandor\u00ea li p\u00ea\u015feroja wel\u00eat \u00fb ewlehiya welatiyan \u00e7\u00eadike. <\/p>\n<p>\u015eep\u00eala Azad\u00ee ya Kurdistan\u00ee<br \/>\n26.08.2025<\/p>\n","protected":false},"excerpt":{"rendered":"<p>Daxuyan\u00ee derbar\u00ea pev\u00e7\u00fbn\u00ean \u015eiy\u00ea ya Her\u00eama Efr\u00een\u00ea Pev\u00e7\u00fbn\u00ean li Nav\u00e7eya \u015eiy\u00ea ya Her\u00eama Efr\u00een\u00ea di&#8230;<\/p>\n","protected":false},"author":8,"featured_media":2244,"comment_status":"closed","ping_status":"closed","sticky":false,"template":"","format":"standard","meta":{"footnotes":""},"categories":[34],"tags":[],"class_list":["post-2575","post","type-post","status-publish","format-standard","has-post-thumbnail","hentry","category-daxuyani"],"yoast_head":"<!-- This site is optimized with the Yoast SEO plugin v27.5 - https:\/\/yoast.com\/product\/yoast-seo-wordpress\/ -->\n<title>Daxuyan\u00ee derbar\u00ea \u015fer\u00ea li \u015eiy\u00ea &#8226; \u015eAK<\/title>\n<meta name=\"robots\" content=\"index, follow, max-snippet:-1, max-image-preview:large, max-video-preview:-1\" \/>\n<link rel=\"canonical\" href=\"https:\/\/saknews.net\/ku\/?p=2575\" \/>\n<meta property=\"og:locale\" content=\"en_US\" \/>\n<meta property=\"og:type\" content=\"article\" \/>\n<meta property=\"og:title\" content=\"Daxuyan\u00ee derbar\u00ea \u015fer\u00ea li \u015eiy\u00ea &#8226; \u015eAK\" \/>\n<meta property=\"og:description\" content=\"Daxuyan\u00ee derbar\u00ea pev\u00e7\u00fbn\u00ean \u015eiy\u00ea ya Her\u00eama Efr\u00een\u00ea Pev\u00e7\u00fbn\u00ean li Nav\u00e7eya \u015eiy\u00ea ya Her\u00eama Efr\u00een\u00ea di...\" \/>\n<meta property=\"og:url\" content=\"https:\/\/saknews.net\/ku\/?p=2575\" \/>\n<meta property=\"og:site_name\" content=\"\u015eAK\" \/>\n<meta property=\"article:publisher\" content=\"https:\/\/www.facebook.com\/Shepel.ewropa\" \/>\n<meta property=\"article:published_time\" content=\"2025-08-26T12:35:06+00:00\" \/>\n<meta property=\"article:modified_time\" content=\"2025-08-26T12:36:05+00:00\" \/>\n<meta property=\"og:image\" content=\"https:\/\/saknews.net\/ku\/wp-content\/uploads\/2025\/04\/AlaNu.SAK_.jpg\" \/>\n\t<meta property=\"og:image:width\" content=\"1422\" \/>\n\t<meta property=\"og:image:height\" content=\"800\" \/>\n\t<meta property=\"og:image:type\" content=\"image\/jpeg\" \/>\n<meta name=\"author\" content=\"Horan Hem\" \/>\n<meta name=\"twitter:card\" content=\"summary_large_image\" \/>\n<meta name=\"twitter:label1\" content=\"Written by\" \/>\n\t<meta name=\"twitter:data1\" content=\"Horan Hem\" \/>\n\t<meta name=\"twitter:label2\" content=\"Est. reading time\" \/>\n\t<meta name=\"twitter:data2\" content=\"2 minutes\" \/>\n<script type=\"application\/ld+json\" class=\"yoast-schema-graph\">{\"@context\":\"https:\\\/\\\/schema.org\",\"@graph\":[{\"@type\":\"Article\",\"@id\":\"https:\\\/\\\/saknews.net\\\/ku\\\/?p=2575#article\",\"isPartOf\":{\"@id\":\"https:\\\/\\\/saknews.net\\\/ku\\\/?p=2575\"},\"author\":{\"name\":\"Horan Hem\",\"@id\":\"https:\\\/\\\/saknews.net\\\/ku\\\/#\\\/schema\\\/person\\\/72ae32a4041a3817e015b63d8f409058\"},\"headline\":\"Daxuyan\u00ee derbar\u00ea \u015fer\u00ea li \u015eiy\u00ea\",\"datePublished\":\"2025-08-26T12:35:06+00:00\",\"dateModified\":\"2025-08-26T12:36:05+00:00\",\"mainEntityOfPage\":{\"@id\":\"https:\\\/\\\/saknews.net\\\/ku\\\/?p=2575\"},\"wordCount\":382,\"publisher\":{\"@id\":\"https:\\\/\\\/saknews.net\\\/ku\\\/#organization\"},\"image\":{\"@id\":\"https:\\\/\\\/saknews.net\\\/ku\\\/?p=2575#primaryimage\"},\"thumbnailUrl\":\"https:\\\/\\\/i0.wp.com\\\/saknews.net\\\/ku\\\/wp-content\\\/uploads\\\/2025\\\/04\\\/AlaNu.SAK_.jpg?fit=1422%2C800&ssl=1\",\"articleSection\":[\"Daxuyan\u00ee\"],\"inLanguage\":\"en-US\"},{\"@type\":\"WebPage\",\"@id\":\"https:\\\/\\\/saknews.net\\\/ku\\\/?p=2575\",\"url\":\"https:\\\/\\\/saknews.net\\\/ku\\\/?p=2575\",\"name\":\"Daxuyan\u00ee derbar\u00ea \u015fer\u00ea li \u015eiy\u00ea &#8226; \u015eAK\",\"isPartOf\":{\"@id\":\"https:\\\/\\\/saknews.net\\\/ku\\\/#website\"},\"primaryImageOfPage\":{\"@id\":\"https:\\\/\\\/saknews.net\\\/ku\\\/?p=2575#primaryimage\"},\"image\":{\"@id\":\"https:\\\/\\\/saknews.net\\\/ku\\\/?p=2575#primaryimage\"},\"thumbnailUrl\":\"https:\\\/\\\/i0.wp.com\\\/saknews.net\\\/ku\\\/wp-content\\\/uploads\\\/2025\\\/04\\\/AlaNu.SAK_.jpg?fit=1422%2C800&ssl=1\",\"datePublished\":\"2025-08-26T12:35:06+00:00\",\"dateModified\":\"2025-08-26T12:36:05+00:00\",\"breadcrumb\":{\"@id\":\"https:\\\/\\\/saknews.net\\\/ku\\\/?p=2575#breadcrumb\"},\"inLanguage\":\"en-US\",\"potentialAction\":[{\"@type\":\"ReadAction\",\"target\":[\"https:\\\/\\\/saknews.net\\\/ku\\\/?p=2575\"]}]},{\"@type\":\"ImageObject\",\"inLanguage\":\"en-US\",\"@id\":\"https:\\\/\\\/saknews.net\\\/ku\\\/?p=2575#primaryimage\",\"url\":\"https:\\\/\\\/i0.wp.com\\\/saknews.net\\\/ku\\\/wp-content\\\/uploads\\\/2025\\\/04\\\/AlaNu.SAK_.jpg?fit=1422%2C800&ssl=1\",\"contentUrl\":\"https:\\\/\\\/i0.wp.com\\\/saknews.net\\\/ku\\\/wp-content\\\/uploads\\\/2025\\\/04\\\/AlaNu.SAK_.jpg?fit=1422%2C800&ssl=1\",\"width\":1422,\"height\":800},{\"@type\":\"BreadcrumbList\",\"@id\":\"https:\\\/\\\/saknews.net\\\/ku\\\/?p=2575#breadcrumb\",\"itemListElement\":[{\"@type\":\"ListItem\",\"position\":1,\"name\":\"\u0627\u0644\u0631\u0626\u064a\u0633\u064a\u0629\",\"item\":\"https:\\\/\\\/saknews.net\\\/ku\\\/\"},{\"@type\":\"ListItem\",\"position\":2,\"name\":\"N\u00fb\u00e7e\",\"item\":\"https:\\\/\\\/saknews.net\\\/ku\\\/?cat=49\"},{\"@type\":\"ListItem\",\"position\":3,\"name\":\"Daxuyan\u00ee\",\"item\":\"https:\\\/\\\/saknews.net\\\/ku\\\/?cat=34\"},{\"@type\":\"ListItem\",\"position\":4,\"name\":\"Daxuyan\u00ee derbar\u00ea \u015fer\u00ea li \u015eiy\u00ea\"}]},{\"@type\":\"WebSite\",\"@id\":\"https:\\\/\\\/saknews.net\\\/ku\\\/#website\",\"url\":\"https:\\\/\\\/saknews.net\\\/ku\\\/\",\"name\":\"S\u0327epe\u0302la Azadi\u0302 ya Kurdistani\u0302\",\"description\":\"\u062a\u064a\u0627\u0631 \u0627\u0644\u062d\u0631\u064a\u0629 \u0627\u0644\u0643\u0648\u0631\u062f\u0633\u062a\u0627\u0646\u064a \u015eep\u00eala Azad\u00ee ya Kurdistan\u00ee\",\"publisher\":{\"@id\":\"https:\\\/\\\/saknews.net\\\/ku\\\/#organization\"},\"potentialAction\":[{\"@type\":\"SearchAction\",\"target\":{\"@type\":\"EntryPoint\",\"urlTemplate\":\"https:\\\/\\\/saknews.net\\\/ku\\\/?s={search_term_string}\"},\"query-input\":{\"@type\":\"PropertyValueSpecification\",\"valueRequired\":true,\"valueName\":\"search_term_string\"}}],\"inLanguage\":\"en-US\"},{\"@type\":\"Organization\",\"@id\":\"https:\\\/\\\/saknews.net\\\/ku\\\/#organization\",\"name\":\"\u015eep\u00eala Azadiy\u00ea ya Kurdistan\u00ea - \u062a\u064a\u0627\u0631 \u0627\u0644\u062d\u0631\u064a\u0629 \u0627\u0644\u0643\u0648\u0631\u062f\u0633\u062a\u0627\u0646\u064a\",\"url\":\"https:\\\/\\\/saknews.net\\\/ku\\\/\",\"logo\":{\"@type\":\"ImageObject\",\"inLanguage\":\"en-US\",\"@id\":\"https:\\\/\\\/saknews.net\\\/ku\\\/#\\\/schema\\\/logo\\\/image\\\/\",\"url\":\"https:\\\/\\\/i0.wp.com\\\/saknews.net\\\/ku\\\/wp-content\\\/uploads\\\/2024\\\/11\\\/cropped-logo-1.png?fit=512%2C512&ssl=1\",\"contentUrl\":\"https:\\\/\\\/i0.wp.com\\\/saknews.net\\\/ku\\\/wp-content\\\/uploads\\\/2024\\\/11\\\/cropped-logo-1.png?fit=512%2C512&ssl=1\",\"width\":512,\"height\":512,\"caption\":\"\u015eep\u00eala Azadiy\u00ea ya Kurdistan\u00ea - \u062a\u064a\u0627\u0631 \u0627\u0644\u062d\u0631\u064a\u0629 \u0627\u0644\u0643\u0648\u0631\u062f\u0633\u062a\u0627\u0646\u064a\"},\"image\":{\"@id\":\"https:\\\/\\\/saknews.net\\\/ku\\\/#\\\/schema\\\/logo\\\/image\\\/\"},\"sameAs\":[\"https:\\\/\\\/www.facebook.com\\\/Shepel.ewropa\"]},{\"@type\":\"Person\",\"@id\":\"https:\\\/\\\/saknews.net\\\/ku\\\/#\\\/schema\\\/person\\\/72ae32a4041a3817e015b63d8f409058\",\"name\":\"Horan Hem\",\"url\":\"https:\\\/\\\/saknews.net\\\/ku\\\/?author=8\"}]}<\/script>\n<!-- \/ Yoast SEO plugin. -->","yoast_head_json":{"title":"Daxuyan\u00ee derbar\u00ea \u015fer\u00ea li \u015eiy\u00ea &#8226; \u015eAK","robots":{"index":"index","follow":"follow","max-snippet":"max-snippet:-1","max-image-preview":"max-image-preview:large","max-video-preview":"max-video-preview:-1"},"canonical":"https:\/\/saknews.net\/ku\/?p=2575","og_locale":"en_US","og_type":"article","og_title":"Daxuyan\u00ee derbar\u00ea \u015fer\u00ea li \u015eiy\u00ea &#8226; \u015eAK","og_description":"Daxuyan\u00ee derbar\u00ea pev\u00e7\u00fbn\u00ean \u015eiy\u00ea ya Her\u00eama Efr\u00een\u00ea Pev\u00e7\u00fbn\u00ean li Nav\u00e7eya \u015eiy\u00ea ya Her\u00eama Efr\u00een\u00ea di...","og_url":"https:\/\/saknews.net\/ku\/?p=2575","og_site_name":"\u015eAK","article_publisher":"https:\/\/www.facebook.com\/Shepel.ewropa","article_published_time":"2025-08-26T12:35:06+00:00","article_modified_time":"2025-08-26T12:36:05+00:00","og_image":[{"width":1422,"height":800,"url":"https:\/\/saknews.net\/ku\/wp-content\/uploads\/2025\/04\/AlaNu.SAK_.jpg","type":"image\/jpeg"}],"author":"Horan Hem","twitter_card":"summary_large_image","twitter_misc":{"Written by":"Horan Hem","Est. reading time":"2 minutes"},"schema":{"@context":"https:\/\/schema.org","@graph":[{"@type":"Article","@id":"https:\/\/saknews.net\/ku\/?p=2575#article","isPartOf":{"@id":"https:\/\/saknews.net\/ku\/?p=2575"},"author":{"name":"Horan Hem","@id":"https:\/\/saknews.net\/ku\/#\/schema\/person\/72ae32a4041a3817e015b63d8f409058"},"headline":"Daxuyan\u00ee derbar\u00ea \u015fer\u00ea li \u015eiy\u00ea","datePublished":"2025-08-26T12:35:06+00:00","dateModified":"2025-08-26T12:36:05+00:00","mainEntityOfPage":{"@id":"https:\/\/saknews.net\/ku\/?p=2575"},"wordCount":382,"publisher":{"@id":"https:\/\/saknews.net\/ku\/#organization"},"image":{"@id":"https:\/\/saknews.net\/ku\/?p=2575#primaryimage"},"thumbnailUrl":"https:\/\/i0.wp.com\/saknews.net\/ku\/wp-content\/uploads\/2025\/04\/AlaNu.SAK_.jpg?fit=1422%2C800&ssl=1","articleSection":["Daxuyan\u00ee"],"inLanguage":"en-US"},{"@type":"WebPage","@id":"https:\/\/saknews.net\/ku\/?p=2575","url":"https:\/\/saknews.net\/ku\/?p=2575","name":"Daxuyan\u00ee derbar\u00ea \u015fer\u00ea li \u015eiy\u00ea &#8226; \u015eAK","isPartOf":{"@id":"https:\/\/saknews.net\/ku\/#website"},"primaryImageOfPage":{"@id":"https:\/\/saknews.net\/ku\/?p=2575#primaryimage"},"image":{"@id":"https:\/\/saknews.net\/ku\/?p=2575#primaryimage"},"thumbnailUrl":"https:\/\/i0.wp.com\/saknews.net\/ku\/wp-content\/uploads\/2025\/04\/AlaNu.SAK_.jpg?fit=1422%2C800&ssl=1","datePublished":"2025-08-26T12:35:06+00:00","dateModified":"2025-08-26T12:36:05+00:00","breadcrumb":{"@id":"https:\/\/saknews.net\/ku\/?p=2575#breadcrumb"},"inLanguage":"en-US","potentialAction":[{"@type":"ReadAction","target":["https:\/\/saknews.net\/ku\/?p=2575"]}]},{"@type":"ImageObject","inLanguage":"en-US","@id":"https:\/\/saknews.net\/ku\/?p=2575#primaryimage","url":"https:\/\/i0.wp.com\/saknews.net\/ku\/wp-content\/uploads\/2025\/04\/AlaNu.SAK_.jpg?fit=1422%2C800&ssl=1","contentUrl":"https:\/\/i0.wp.com\/saknews.net\/ku\/wp-content\/uploads\/2025\/04\/AlaNu.SAK_.jpg?fit=1422%2C800&ssl=1","width":1422,"height":800},{"@type":"BreadcrumbList","@id":"https:\/\/saknews.net\/ku\/?p=2575#breadcrumb","itemListElement":[{"@type":"ListItem","position":1,"name":"\u0627\u0644\u0631\u0626\u064a\u0633\u064a\u0629","item":"https:\/\/saknews.net\/ku\/"},{"@type":"ListItem","position":2,"name":"N\u00fb\u00e7e","item":"https:\/\/saknews.net\/ku\/?cat=49"},{"@type":"ListItem","position":3,"name":"Daxuyan\u00ee","item":"https:\/\/saknews.net\/ku\/?cat=34"},{"@type":"ListItem","position":4,"name":"Daxuyan\u00ee derbar\u00ea \u015fer\u00ea li \u015eiy\u00ea"}]},{"@type":"WebSite","@id":"https:\/\/saknews.net\/ku\/#website","url":"https:\/\/saknews.net\/ku\/","name":"S\u0327epe\u0302la Azadi\u0302 ya Kurdistani\u0302","description":"\u062a\u064a\u0627\u0631 \u0627\u0644\u062d\u0631\u064a\u0629 \u0627\u0644\u0643\u0648\u0631\u062f\u0633\u062a\u0627\u0646\u064a \u015eep\u00eala Azad\u00ee ya Kurdistan\u00ee","publisher":{"@id":"https:\/\/saknews.net\/ku\/#organization"},"potentialAction":[{"@type":"SearchAction","target":{"@type":"EntryPoint","urlTemplate":"https:\/\/saknews.net\/ku\/?s={search_term_string}"},"query-input":{"@type":"PropertyValueSpecification","valueRequired":true,"valueName":"search_term_string"}}],"inLanguage":"en-US"},{"@type":"Organization","@id":"https:\/\/saknews.net\/ku\/#organization","name":"\u015eep\u00eala Azadiy\u00ea ya Kurdistan\u00ea - \u062a\u064a\u0627\u0631 \u0627\u0644\u062d\u0631\u064a\u0629 \u0627\u0644\u0643\u0648\u0631\u062f\u0633\u062a\u0627\u0646\u064a","url":"https:\/\/saknews.net\/ku\/","logo":{"@type":"ImageObject","inLanguage":"en-US","@id":"https:\/\/saknews.net\/ku\/#\/schema\/logo\/image\/","url":"https:\/\/i0.wp.com\/saknews.net\/ku\/wp-content\/uploads\/2024\/11\/cropped-logo-1.png?fit=512%2C512&ssl=1","contentUrl":"https:\/\/i0.wp.com\/saknews.net\/ku\/wp-content\/uploads\/2024\/11\/cropped-logo-1.png?fit=512%2C512&ssl=1","width":512,"height":512,"caption":"\u015eep\u00eala Azadiy\u00ea ya Kurdistan\u00ea - \u062a\u064a\u0627\u0631 \u0627\u0644\u062d\u0631\u064a\u0629 \u0627\u0644\u0643\u0648\u0631\u062f\u0633\u062a\u0627\u0646\u064a"},"image":{"@id":"https:\/\/saknews.net\/ku\/#\/schema\/logo\/image\/"},"sameAs":["https:\/\/www.facebook.com\/Shepel.ewropa"]},{"@type":"Person","@id":"https:\/\/saknews.net\/ku\/#\/schema\/person\/72ae32a4041a3817e015b63d8f409058","name":"Horan Hem","url":"https:\/\/saknews.net\/ku\/?author=8"}]}},"featured_image_urls":{"full":["https:\/\/i0.wp.com\/saknews.net\/ku\/wp-content\/uploads\/2025\/04\/AlaNu.SAK_.jpg?fit=1422%2C800&ssl=1",1422,800,false],"thumbnail":["https:\/\/i0.wp.com\/saknews.net\/ku\/wp-content\/uploads\/2025\/04\/AlaNu.SAK_.jpg?resize=150%2C150&ssl=1",150,150,true],"medium":["https:\/\/i0.wp.com\/saknews.net\/ku\/wp-content\/uploads\/2025\/04\/AlaNu.SAK_.jpg?fit=300%2C169&ssl=1",300,169,true],"medium_large":["https:\/\/i0.wp.com\/saknews.net\/ku\/wp-content\/uploads\/2025\/04\/AlaNu.SAK_.jpg?fit=640%2C360&ssl=1",640,360,true],"large":["https:\/\/i0.wp.com\/saknews.net\/ku\/wp-content\/uploads\/2025\/04\/AlaNu.SAK_.jpg?fit=640%2C360&ssl=1",640,360,true],"1536x1536":["https:\/\/i0.wp.com\/saknews.net\/ku\/wp-content\/uploads\/2025\/04\/AlaNu.SAK_.jpg?fit=1422%2C800&ssl=1",1422,800,true],"2048x2048":["https:\/\/i0.wp.com\/saknews.net\/ku\/wp-content\/uploads\/2025\/04\/AlaNu.SAK_.jpg?fit=1422%2C800&ssl=1",1422,800,true],"covernews-featured":["https:\/\/i0.wp.com\/saknews.net\/ku\/wp-content\/uploads\/2025\/04\/AlaNu.SAK_.jpg?fit=1024%2C576&ssl=1",1024,576,true],"covernews-medium":["https:\/\/i0.wp.com\/saknews.net\/ku\/wp-content\/uploads\/2025\/04\/AlaNu.SAK_.jpg?resize=540%2C340&ssl=1",540,340,true]},"author_info":{"display_name":"Horan Hem","author_link":"https:\/\/saknews.net\/ku\/?author=8"},"category_info":"<a href=\"https:\/\/saknews.net\/ku\/?cat=34\" rel=\"category\">Daxuyan\u00ee<\/a>","tag_info":"Daxuyan\u00ee","comment_count":"0","_links":{"self":[{"href":"https:\/\/saknews.net\/ku\/index.php?rest_route=\/wp\/v2\/posts\/2575","targetHints":{"allow":["GET"]}}],"collection":[{"href":"https:\/\/saknews.net\/ku\/index.php?rest_route=\/wp\/v2\/posts"}],"about":[{"href":"https:\/\/saknews.net\/ku\/index.php?rest_route=\/wp\/v2\/types\/post"}],"author":[{"embeddable":true,"href":"https:\/\/saknews.net\/ku\/index.php?rest_route=\/wp\/v2\/users\/8"}],"replies":[{"embeddable":true,"href":"https:\/\/saknews.net\/ku\/index.php?rest_route=%2Fwp%2Fv2%2Fcomments&post=2575"}],"version-history":[{"count":1,"href":"https:\/\/saknews.net\/ku\/index.php?rest_route=\/wp\/v2\/posts\/2575\/revisions"}],"predecessor-version":[{"id":2576,"href":"https:\/\/saknews.net\/ku\/index.php?rest_route=\/wp\/v2\/posts\/2575\/revisions\/2576"}],"wp:featuredmedia":[{"embeddable":true,"href":"https:\/\/saknews.net\/ku\/index.php?rest_route=\/wp\/v2\/media\/2244"}],"wp:attachment":[{"href":"https:\/\/saknews.net\/ku\/index.php?rest_route=%2Fwp%2Fv2%2Fmedia&parent=2575"}],"wp:term":[{"taxonomy":"category","embeddable":true,"href":"https:\/\/saknews.net\/ku\/index.php?rest_route=%2Fwp%2Fv2%2Fcategories&post=2575"},{"taxonomy":"post_tag","embeddable":true,"href":"https:\/\/saknews.net\/ku\/index.php?rest_route=%2Fwp%2Fv2%2Ftags&post=2575"}],"curies":[{"name":"wp","href":"https:\/\/api.w.org\/{rel}","templated":true}]}}