{"id":2589,"date":"2025-08-30T09:58:26","date_gmt":"2025-08-30T09:58:26","guid":{"rendered":"https:\/\/saknews.net\/ku\/?p=2589"},"modified":"2025-08-30T09:58:26","modified_gmt":"2025-08-30T09:58:26","slug":"sepela-azadi-dive-birez-salih-mislim-daxwaza-leborine-bike","status":"publish","type":"post","link":"https:\/\/saknews.net\/ku\/?p=2589","title":{"rendered":"\u015eep\u00eala Azad\u00ee: Div\u00ea bir\u00eaz Salih Mislim daxwaza l\u00eabor\u00een\u00ea bike"},"content":{"rendered":"<p>Bersivday\u00eena daxuyaniy\u00ean Salih Mislim<\/p>\n<p>\u015eep\u00eala Azad\u00ee ya Kurdistan\u00ee daxuyaniy\u00ean Endam\u00ea Desteya Serokatiy\u00ea ya PYD&#8217;\u00ea\u060c bir\u00eaz Salih Mislim, \u015fermezar dike, ku di konferansa hevgirtina ereb\u00ee ya sosyal\u00eest a c\u00eehana ereb\u00ee de li Bajar\u00ea Sil\u00eamaniy\u00ea y\u00ea Her\u00eama Kurdistan-\u00ceraq, s\u00eestema federal qeb\u00fbl nekirib\u00fb \u00fb gotib\u00fb ew &#8220;Nenavendiya demokrat&#8221; \u00fb &#8221; Netewa Demokrat&#8221; dixwazin, ku herdu peyv \u00e7\u00eakir\u00ee ne \u00fb PYD&#8217;\u00ea wan weke ti\u015ftek\u00ee nenas bikar t\u00eene \u00fb belav dike \u00fb nagihin ast\u00ea \u00e7areya siyas\u00ee ya p\u00eaw\u00eest. Herwiha gotin\u00ean Salih Mislim li dij\u00ee daxwaza konferans\u00ea kurd\u00ee y\u00ea hevbe\u015f e, ku banga yekgirtina her\u00eam\u00ean kurd\u00ee di \u00e7ar\u00e7oveyeke siyas\u00ee \u00fb revebir\u00ee ya hevgirt\u00ee di \u00e7ar\u00e7oveya S\u00fbriyak hevgirt\u00ee de, dike. <\/p>\n<p>Daxuyaniy\u00ean Salih Mislim weke vegerek\u00ea ye ji encam\u00ean konfrans\u00ea hevbe\u015f ku di 26.04.2025an de lidar ketib\u00fb \u00fb PYD&#8217;\u00ea bi xwe aliyek\u00ee sereke b\u00fb di niv\u00eesandina w\u00ea de \u00fb er\u00eakirina li ser.<br \/>\nEv yek j\u00ee guman\u00ea \u00e7\u00eadike ka gelo heta \u00e7end\u00ee ew part\u00ee \u00fb serkirdey\u00ean w\u00ea bi wan biryaran bawer in ku piraniya aliy\u00ean siyas\u00ee y\u00ean kurd\u00ee li ser lihev kirib\u00fbn.<\/p>\n<p>Danas\u00eena bi doza kurd bingeha sereke ye ji her projeyeke demokrat re li S\u00fbriy\u00ea. Eger em \u00e7areyeke dadmend \u00fb dir\u00eaj bixwazin, nabe zordariya d\u00eerok\u00ee ya bi ser kurdan de hatiye b\u00ea pi\u015ftguhkirin. Maf\u00ean netew\u00ee y\u00ean kurdan div\u00ea bi awayek\u00ee dest\u00fbr\u00ee, siyas\u00ee \u00fb \u00e7and\u00ee b\u00eane \u00e7espandin.<\/p>\n<p>Em weke \u015eep\u00eala Azad\u00ee ya Kurdistan\u00ee dib\u00eenin, federal\u00eezm \u00e7areya her\u00ee guncaw e ji p\u00ea\u015feroja S\u00fbriy\u00ea re, ji ber ew li ser bingeha dest\u00fbreke hevgirt\u00ee radibe ku maf\u00ean netew\u00ee \u00fb siyas\u00ee y\u00ean tevahiya p\u00eakhateyan misoger bike, herwiha mekan\u00eezm\u00ean dabe\u015fkirina desthilat\u00ea \u00fb desthelatan di navbera navend \u00fb her\u00eaman de diyar dike, bi reng\u00ea ku aram\u00ee li wel\u00eat t\u00ea \u00e7\u00eakirin, li ser bingeh\u00ean demokrat \u00fb dadmend, herwiha r\u00ea li ber vegerandina \u00e7\u00eakirina navendiy\u00ea digire, ku bib\u00fb sedema kir\u00eez\u00ean S\u00fbriy\u00ea.<\/p>\n<p>Em bang li endam\u00ean \u015fanda Kurd\u00ee ya Hevbe\u015f \u00fb partiy\u00ean kurd dikin, helwest\u00ea li dij\u00ee daxuyaniy\u00ean Salih Mislim bist\u00eenin \u00fb guva\u015fan li w\u00ee \u00fb li PYD&#8217;\u00ea bikin, ku ew daxwaza l\u00eabor\u00een\u00ea bike \u00fb tekez bike, ew bi encam\u00ean konfrans\u00ea hevbe\u015f pabend e \u00fb ew weke l\u00eavegereke siyas\u00ee ya hevbe\u015f ji helwesta kurd\u00ee re ye.<\/p>\n<p>\u015eep\u00eala Azad\u00ee ya Kurdistan\u00ee<\/p>\n<p>29.08.2025<\/p>\n","protected":false},"excerpt":{"rendered":"<p>Bersivday\u00eena daxuyaniy\u00ean Salih Mislim \u015eep\u00eala Azad\u00ee ya Kurdistan\u00ee daxuyaniy\u00ean Endam\u00ea Desteya Serokatiy\u00ea ya PYD&#8217;\u00ea\u060c bir\u00eaz&#8230;<\/p>\n","protected":false},"author":8,"featured_media":2373,"comment_status":"closed","ping_status":"closed","sticky":false,"template":"","format":"standard","meta":{"footnotes":""},"categories":[34],"tags":[],"class_list":["post-2589","post","type-post","status-publish","format-standard","has-post-thumbnail","hentry","category-daxuyani"],"yoast_head":"<!-- This site is optimized with the Yoast SEO plugin v27.5 - https:\/\/yoast.com\/product\/yoast-seo-wordpress\/ -->\n<title>\u015eep\u00eala Azad\u00ee: Div\u00ea bir\u00eaz Salih Mislim daxwaza l\u00eabor\u00een\u00ea bike &#8226; \u015eAK<\/title>\n<meta name=\"robots\" content=\"index, follow, max-snippet:-1, max-image-preview:large, max-video-preview:-1\" \/>\n<link rel=\"canonical\" href=\"https:\/\/saknews.net\/ku\/?p=2589\" \/>\n<meta property=\"og:locale\" content=\"en_US\" \/>\n<meta property=\"og:type\" content=\"article\" \/>\n<meta property=\"og:title\" content=\"\u015eep\u00eala Azad\u00ee: Div\u00ea bir\u00eaz Salih Mislim daxwaza l\u00eabor\u00een\u00ea bike &#8226; \u015eAK\" \/>\n<meta property=\"og:description\" content=\"Bersivday\u00eena daxuyaniy\u00ean Salih Mislim \u015eep\u00eala Azad\u00ee ya Kurdistan\u00ee daxuyaniy\u00ean Endam\u00ea Desteya Serokatiy\u00ea ya PYD&#8217;\u00ea\u060c bir\u00eaz...\" \/>\n<meta property=\"og:url\" content=\"https:\/\/saknews.net\/ku\/?p=2589\" \/>\n<meta property=\"og:site_name\" content=\"\u015eAK\" \/>\n<meta property=\"article:publisher\" content=\"https:\/\/www.facebook.com\/Shepel.ewropa\" \/>\n<meta property=\"article:published_time\" content=\"2025-08-30T09:58:26+00:00\" \/>\n<meta property=\"og:image\" content=\"https:\/\/saknews.net\/ku\/wp-content\/uploads\/2025\/05\/8dArtboard-8-copy-2.png\" \/>\n\t<meta property=\"og:image:width\" content=\"2188\" \/>\n\t<meta property=\"og:image:height\" content=\"1355\" \/>\n\t<meta property=\"og:image:type\" content=\"image\/png\" \/>\n<meta name=\"author\" content=\"Horan Hem\" \/>\n<meta name=\"twitter:card\" content=\"summary_large_image\" \/>\n<meta name=\"twitter:label1\" content=\"Written by\" \/>\n\t<meta name=\"twitter:data1\" content=\"Horan Hem\" \/>\n\t<meta name=\"twitter:label2\" content=\"Est. reading time\" \/>\n\t<meta name=\"twitter:data2\" content=\"1 minute\" \/>\n<script type=\"application\/ld+json\" class=\"yoast-schema-graph\">{\"@context\":\"https:\\\/\\\/schema.org\",\"@graph\":[{\"@type\":\"Article\",\"@id\":\"https:\\\/\\\/saknews.net\\\/ku\\\/?p=2589#article\",\"isPartOf\":{\"@id\":\"https:\\\/\\\/saknews.net\\\/ku\\\/?p=2589\"},\"author\":{\"name\":\"Horan Hem\",\"@id\":\"https:\\\/\\\/saknews.net\\\/ku\\\/#\\\/schema\\\/person\\\/72ae32a4041a3817e015b63d8f409058\"},\"headline\":\"\u015eep\u00eala Azad\u00ee: Div\u00ea bir\u00eaz Salih Mislim daxwaza l\u00eabor\u00een\u00ea bike\",\"datePublished\":\"2025-08-30T09:58:26+00:00\",\"mainEntityOfPage\":{\"@id\":\"https:\\\/\\\/saknews.net\\\/ku\\\/?p=2589\"},\"wordCount\":401,\"publisher\":{\"@id\":\"https:\\\/\\\/saknews.net\\\/ku\\\/#organization\"},\"image\":{\"@id\":\"https:\\\/\\\/saknews.net\\\/ku\\\/?p=2589#primaryimage\"},\"thumbnailUrl\":\"https:\\\/\\\/i0.wp.com\\\/saknews.net\\\/ku\\\/wp-content\\\/uploads\\\/2025\\\/05\\\/8dArtboard-8-copy-2.png?fit=2188%2C1355&ssl=1\",\"articleSection\":[\"Daxuyan\u00ee\"],\"inLanguage\":\"en-US\"},{\"@type\":\"WebPage\",\"@id\":\"https:\\\/\\\/saknews.net\\\/ku\\\/?p=2589\",\"url\":\"https:\\\/\\\/saknews.net\\\/ku\\\/?p=2589\",\"name\":\"\u015eep\u00eala Azad\u00ee: Div\u00ea bir\u00eaz Salih Mislim daxwaza l\u00eabor\u00een\u00ea bike &#8226; \u015eAK\",\"isPartOf\":{\"@id\":\"https:\\\/\\\/saknews.net\\\/ku\\\/#website\"},\"primaryImageOfPage\":{\"@id\":\"https:\\\/\\\/saknews.net\\\/ku\\\/?p=2589#primaryimage\"},\"image\":{\"@id\":\"https:\\\/\\\/saknews.net\\\/ku\\\/?p=2589#primaryimage\"},\"thumbnailUrl\":\"https:\\\/\\\/i0.wp.com\\\/saknews.net\\\/ku\\\/wp-content\\\/uploads\\\/2025\\\/05\\\/8dArtboard-8-copy-2.png?fit=2188%2C1355&ssl=1\",\"datePublished\":\"2025-08-30T09:58:26+00:00\",\"breadcrumb\":{\"@id\":\"https:\\\/\\\/saknews.net\\\/ku\\\/?p=2589#breadcrumb\"},\"inLanguage\":\"en-US\",\"potentialAction\":[{\"@type\":\"ReadAction\",\"target\":[\"https:\\\/\\\/saknews.net\\\/ku\\\/?p=2589\"]}]},{\"@type\":\"ImageObject\",\"inLanguage\":\"en-US\",\"@id\":\"https:\\\/\\\/saknews.net\\\/ku\\\/?p=2589#primaryimage\",\"url\":\"https:\\\/\\\/i0.wp.com\\\/saknews.net\\\/ku\\\/wp-content\\\/uploads\\\/2025\\\/05\\\/8dArtboard-8-copy-2.png?fit=2188%2C1355&ssl=1\",\"contentUrl\":\"https:\\\/\\\/i0.wp.com\\\/saknews.net\\\/ku\\\/wp-content\\\/uploads\\\/2025\\\/05\\\/8dArtboard-8-copy-2.png?fit=2188%2C1355&ssl=1\",\"width\":2188,\"height\":1355},{\"@type\":\"BreadcrumbList\",\"@id\":\"https:\\\/\\\/saknews.net\\\/ku\\\/?p=2589#breadcrumb\",\"itemListElement\":[{\"@type\":\"ListItem\",\"position\":1,\"name\":\"\u0627\u0644\u0631\u0626\u064a\u0633\u064a\u0629\",\"item\":\"https:\\\/\\\/saknews.net\\\/ku\\\/\"},{\"@type\":\"ListItem\",\"position\":2,\"name\":\"N\u00fb\u00e7e\",\"item\":\"https:\\\/\\\/saknews.net\\\/ku\\\/?cat=49\"},{\"@type\":\"ListItem\",\"position\":3,\"name\":\"Daxuyan\u00ee\",\"item\":\"https:\\\/\\\/saknews.net\\\/ku\\\/?cat=34\"},{\"@type\":\"ListItem\",\"position\":4,\"name\":\"\u015eep\u00eala Azad\u00ee: Div\u00ea bir\u00eaz Salih Mislim daxwaza l\u00eabor\u00een\u00ea bike\"}]},{\"@type\":\"WebSite\",\"@id\":\"https:\\\/\\\/saknews.net\\\/ku\\\/#website\",\"url\":\"https:\\\/\\\/saknews.net\\\/ku\\\/\",\"name\":\"S\u0327epe\u0302la Azadi\u0302 ya Kurdistani\u0302\",\"description\":\"\u062a\u064a\u0627\u0631 \u0627\u0644\u062d\u0631\u064a\u0629 \u0627\u0644\u0643\u0648\u0631\u062f\u0633\u062a\u0627\u0646\u064a \u015eep\u00eala Azad\u00ee ya Kurdistan\u00ee\",\"publisher\":{\"@id\":\"https:\\\/\\\/saknews.net\\\/ku\\\/#organization\"},\"potentialAction\":[{\"@type\":\"SearchAction\",\"target\":{\"@type\":\"EntryPoint\",\"urlTemplate\":\"https:\\\/\\\/saknews.net\\\/ku\\\/?s={search_term_string}\"},\"query-input\":{\"@type\":\"PropertyValueSpecification\",\"valueRequired\":true,\"valueName\":\"search_term_string\"}}],\"inLanguage\":\"en-US\"},{\"@type\":\"Organization\",\"@id\":\"https:\\\/\\\/saknews.net\\\/ku\\\/#organization\",\"name\":\"\u015eep\u00eala Azadiy\u00ea ya Kurdistan\u00ea - \u062a\u064a\u0627\u0631 \u0627\u0644\u062d\u0631\u064a\u0629 \u0627\u0644\u0643\u0648\u0631\u062f\u0633\u062a\u0627\u0646\u064a\",\"url\":\"https:\\\/\\\/saknews.net\\\/ku\\\/\",\"logo\":{\"@type\":\"ImageObject\",\"inLanguage\":\"en-US\",\"@id\":\"https:\\\/\\\/saknews.net\\\/ku\\\/#\\\/schema\\\/logo\\\/image\\\/\",\"url\":\"https:\\\/\\\/i0.wp.com\\\/saknews.net\\\/ku\\\/wp-content\\\/uploads\\\/2024\\\/11\\\/cropped-logo-1.png?fit=512%2C512&ssl=1\",\"contentUrl\":\"https:\\\/\\\/i0.wp.com\\\/saknews.net\\\/ku\\\/wp-content\\\/uploads\\\/2024\\\/11\\\/cropped-logo-1.png?fit=512%2C512&ssl=1\",\"width\":512,\"height\":512,\"caption\":\"\u015eep\u00eala Azadiy\u00ea ya Kurdistan\u00ea - \u062a\u064a\u0627\u0631 \u0627\u0644\u062d\u0631\u064a\u0629 \u0627\u0644\u0643\u0648\u0631\u062f\u0633\u062a\u0627\u0646\u064a\"},\"image\":{\"@id\":\"https:\\\/\\\/saknews.net\\\/ku\\\/#\\\/schema\\\/logo\\\/image\\\/\"},\"sameAs\":[\"https:\\\/\\\/www.facebook.com\\\/Shepel.ewropa\"]},{\"@type\":\"Person\",\"@id\":\"https:\\\/\\\/saknews.net\\\/ku\\\/#\\\/schema\\\/person\\\/72ae32a4041a3817e015b63d8f409058\",\"name\":\"Horan Hem\",\"url\":\"https:\\\/\\\/saknews.net\\\/ku\\\/?author=8\"}]}<\/script>\n<!-- \/ Yoast SEO plugin. -->","yoast_head_json":{"title":"\u015eep\u00eala Azad\u00ee: Div\u00ea bir\u00eaz Salih Mislim daxwaza l\u00eabor\u00een\u00ea bike &#8226; \u015eAK","robots":{"index":"index","follow":"follow","max-snippet":"max-snippet:-1","max-image-preview":"max-image-preview:large","max-video-preview":"max-video-preview:-1"},"canonical":"https:\/\/saknews.net\/ku\/?p=2589","og_locale":"en_US","og_type":"article","og_title":"\u015eep\u00eala Azad\u00ee: Div\u00ea bir\u00eaz Salih Mislim daxwaza l\u00eabor\u00een\u00ea bike &#8226; \u015eAK","og_description":"Bersivday\u00eena daxuyaniy\u00ean Salih Mislim \u015eep\u00eala Azad\u00ee ya Kurdistan\u00ee daxuyaniy\u00ean Endam\u00ea Desteya Serokatiy\u00ea ya PYD&#8217;\u00ea\u060c bir\u00eaz...","og_url":"https:\/\/saknews.net\/ku\/?p=2589","og_site_name":"\u015eAK","article_publisher":"https:\/\/www.facebook.com\/Shepel.ewropa","article_published_time":"2025-08-30T09:58:26+00:00","og_image":[{"width":2188,"height":1355,"url":"https:\/\/saknews.net\/ku\/wp-content\/uploads\/2025\/05\/8dArtboard-8-copy-2.png","type":"image\/png"}],"author":"Horan Hem","twitter_card":"summary_large_image","twitter_misc":{"Written by":"Horan Hem","Est. reading time":"1 minute"},"schema":{"@context":"https:\/\/schema.org","@graph":[{"@type":"Article","@id":"https:\/\/saknews.net\/ku\/?p=2589#article","isPartOf":{"@id":"https:\/\/saknews.net\/ku\/?p=2589"},"author":{"name":"Horan Hem","@id":"https:\/\/saknews.net\/ku\/#\/schema\/person\/72ae32a4041a3817e015b63d8f409058"},"headline":"\u015eep\u00eala Azad\u00ee: Div\u00ea bir\u00eaz Salih Mislim daxwaza l\u00eabor\u00een\u00ea bike","datePublished":"2025-08-30T09:58:26+00:00","mainEntityOfPage":{"@id":"https:\/\/saknews.net\/ku\/?p=2589"},"wordCount":401,"publisher":{"@id":"https:\/\/saknews.net\/ku\/#organization"},"image":{"@id":"https:\/\/saknews.net\/ku\/?p=2589#primaryimage"},"thumbnailUrl":"https:\/\/i0.wp.com\/saknews.net\/ku\/wp-content\/uploads\/2025\/05\/8dArtboard-8-copy-2.png?fit=2188%2C1355&ssl=1","articleSection":["Daxuyan\u00ee"],"inLanguage":"en-US"},{"@type":"WebPage","@id":"https:\/\/saknews.net\/ku\/?p=2589","url":"https:\/\/saknews.net\/ku\/?p=2589","name":"\u015eep\u00eala Azad\u00ee: Div\u00ea bir\u00eaz Salih Mislim daxwaza l\u00eabor\u00een\u00ea bike &#8226; \u015eAK","isPartOf":{"@id":"https:\/\/saknews.net\/ku\/#website"},"primaryImageOfPage":{"@id":"https:\/\/saknews.net\/ku\/?p=2589#primaryimage"},"image":{"@id":"https:\/\/saknews.net\/ku\/?p=2589#primaryimage"},"thumbnailUrl":"https:\/\/i0.wp.com\/saknews.net\/ku\/wp-content\/uploads\/2025\/05\/8dArtboard-8-copy-2.png?fit=2188%2C1355&ssl=1","datePublished":"2025-08-30T09:58:26+00:00","breadcrumb":{"@id":"https:\/\/saknews.net\/ku\/?p=2589#breadcrumb"},"inLanguage":"en-US","potentialAction":[{"@type":"ReadAction","target":["https:\/\/saknews.net\/ku\/?p=2589"]}]},{"@type":"ImageObject","inLanguage":"en-US","@id":"https:\/\/saknews.net\/ku\/?p=2589#primaryimage","url":"https:\/\/i0.wp.com\/saknews.net\/ku\/wp-content\/uploads\/2025\/05\/8dArtboard-8-copy-2.png?fit=2188%2C1355&ssl=1","contentUrl":"https:\/\/i0.wp.com\/saknews.net\/ku\/wp-content\/uploads\/2025\/05\/8dArtboard-8-copy-2.png?fit=2188%2C1355&ssl=1","width":2188,"height":1355},{"@type":"BreadcrumbList","@id":"https:\/\/saknews.net\/ku\/?p=2589#breadcrumb","itemListElement":[{"@type":"ListItem","position":1,"name":"\u0627\u0644\u0631\u0626\u064a\u0633\u064a\u0629","item":"https:\/\/saknews.net\/ku\/"},{"@type":"ListItem","position":2,"name":"N\u00fb\u00e7e","item":"https:\/\/saknews.net\/ku\/?cat=49"},{"@type":"ListItem","position":3,"name":"Daxuyan\u00ee","item":"https:\/\/saknews.net\/ku\/?cat=34"},{"@type":"ListItem","position":4,"name":"\u015eep\u00eala Azad\u00ee: Div\u00ea bir\u00eaz Salih Mislim daxwaza l\u00eabor\u00een\u00ea bike"}]},{"@type":"WebSite","@id":"https:\/\/saknews.net\/ku\/#website","url":"https:\/\/saknews.net\/ku\/","name":"S\u0327epe\u0302la Azadi\u0302 ya Kurdistani\u0302","description":"\u062a\u064a\u0627\u0631 \u0627\u0644\u062d\u0631\u064a\u0629 \u0627\u0644\u0643\u0648\u0631\u062f\u0633\u062a\u0627\u0646\u064a \u015eep\u00eala Azad\u00ee ya Kurdistan\u00ee","publisher":{"@id":"https:\/\/saknews.net\/ku\/#organization"},"potentialAction":[{"@type":"SearchAction","target":{"@type":"EntryPoint","urlTemplate":"https:\/\/saknews.net\/ku\/?s={search_term_string}"},"query-input":{"@type":"PropertyValueSpecification","valueRequired":true,"valueName":"search_term_string"}}],"inLanguage":"en-US"},{"@type":"Organization","@id":"https:\/\/saknews.net\/ku\/#organization","name":"\u015eep\u00eala Azadiy\u00ea ya Kurdistan\u00ea - \u062a\u064a\u0627\u0631 \u0627\u0644\u062d\u0631\u064a\u0629 \u0627\u0644\u0643\u0648\u0631\u062f\u0633\u062a\u0627\u0646\u064a","url":"https:\/\/saknews.net\/ku\/","logo":{"@type":"ImageObject","inLanguage":"en-US","@id":"https:\/\/saknews.net\/ku\/#\/schema\/logo\/image\/","url":"https:\/\/i0.wp.com\/saknews.net\/ku\/wp-content\/uploads\/2024\/11\/cropped-logo-1.png?fit=512%2C512&ssl=1","contentUrl":"https:\/\/i0.wp.com\/saknews.net\/ku\/wp-content\/uploads\/2024\/11\/cropped-logo-1.png?fit=512%2C512&ssl=1","width":512,"height":512,"caption":"\u015eep\u00eala Azadiy\u00ea ya Kurdistan\u00ea - \u062a\u064a\u0627\u0631 \u0627\u0644\u062d\u0631\u064a\u0629 \u0627\u0644\u0643\u0648\u0631\u062f\u0633\u062a\u0627\u0646\u064a"},"image":{"@id":"https:\/\/saknews.net\/ku\/#\/schema\/logo\/image\/"},"sameAs":["https:\/\/www.facebook.com\/Shepel.ewropa"]},{"@type":"Person","@id":"https:\/\/saknews.net\/ku\/#\/schema\/person\/72ae32a4041a3817e015b63d8f409058","name":"Horan Hem","url":"https:\/\/saknews.net\/ku\/?author=8"}]}},"featured_image_urls":{"full":["https:\/\/i0.wp.com\/saknews.net\/ku\/wp-content\/uploads\/2025\/05\/8dArtboard-8-copy-2.png?fit=2188%2C1355&ssl=1",2188,1355,false],"thumbnail":["https:\/\/i0.wp.com\/saknews.net\/ku\/wp-content\/uploads\/2025\/05\/8dArtboard-8-copy-2.png?resize=150%2C150&ssl=1",150,150,true],"medium":["https:\/\/i0.wp.com\/saknews.net\/ku\/wp-content\/uploads\/2025\/05\/8dArtboard-8-copy-2.png?fit=300%2C186&ssl=1",300,186,true],"medium_large":["https:\/\/i0.wp.com\/saknews.net\/ku\/wp-content\/uploads\/2025\/05\/8dArtboard-8-copy-2.png?fit=640%2C397&ssl=1",640,397,true],"large":["https:\/\/i0.wp.com\/saknews.net\/ku\/wp-content\/uploads\/2025\/05\/8dArtboard-8-copy-2.png?fit=640%2C396&ssl=1",640,396,true],"1536x1536":["https:\/\/i0.wp.com\/saknews.net\/ku\/wp-content\/uploads\/2025\/05\/8dArtboard-8-copy-2.png?fit=1536%2C951&ssl=1",1536,951,true],"2048x2048":["https:\/\/i0.wp.com\/saknews.net\/ku\/wp-content\/uploads\/2025\/05\/8dArtboard-8-copy-2.png?fit=2048%2C1268&ssl=1",2048,1268,true],"covernews-featured":["https:\/\/i0.wp.com\/saknews.net\/ku\/wp-content\/uploads\/2025\/05\/8dArtboard-8-copy-2.png?fit=1024%2C634&ssl=1",1024,634,true],"covernews-medium":["https:\/\/i0.wp.com\/saknews.net\/ku\/wp-content\/uploads\/2025\/05\/8dArtboard-8-copy-2.png?resize=540%2C340&ssl=1",540,340,true]},"author_info":{"display_name":"Horan Hem","author_link":"https:\/\/saknews.net\/ku\/?author=8"},"category_info":"<a href=\"https:\/\/saknews.net\/ku\/?cat=34\" rel=\"category\">Daxuyan\u00ee<\/a>","tag_info":"Daxuyan\u00ee","comment_count":"0","_links":{"self":[{"href":"https:\/\/saknews.net\/ku\/index.php?rest_route=\/wp\/v2\/posts\/2589","targetHints":{"allow":["GET"]}}],"collection":[{"href":"https:\/\/saknews.net\/ku\/index.php?rest_route=\/wp\/v2\/posts"}],"about":[{"href":"https:\/\/saknews.net\/ku\/index.php?rest_route=\/wp\/v2\/types\/post"}],"author":[{"embeddable":true,"href":"https:\/\/saknews.net\/ku\/index.php?rest_route=\/wp\/v2\/users\/8"}],"replies":[{"embeddable":true,"href":"https:\/\/saknews.net\/ku\/index.php?rest_route=%2Fwp%2Fv2%2Fcomments&post=2589"}],"version-history":[{"count":1,"href":"https:\/\/saknews.net\/ku\/index.php?rest_route=\/wp\/v2\/posts\/2589\/revisions"}],"predecessor-version":[{"id":2590,"href":"https:\/\/saknews.net\/ku\/index.php?rest_route=\/wp\/v2\/posts\/2589\/revisions\/2590"}],"wp:featuredmedia":[{"embeddable":true,"href":"https:\/\/saknews.net\/ku\/index.php?rest_route=\/wp\/v2\/media\/2373"}],"wp:attachment":[{"href":"https:\/\/saknews.net\/ku\/index.php?rest_route=%2Fwp%2Fv2%2Fmedia&parent=2589"}],"wp:term":[{"taxonomy":"category","embeddable":true,"href":"https:\/\/saknews.net\/ku\/index.php?rest_route=%2Fwp%2Fv2%2Fcategories&post=2589"},{"taxonomy":"post_tag","embeddable":true,"href":"https:\/\/saknews.net\/ku\/index.php?rest_route=%2Fwp%2Fv2%2Ftags&post=2589"}],"curies":[{"name":"wp","href":"https:\/\/api.w.org\/{rel}","templated":true}]}}