{"id":2605,"date":"2025-09-07T20:38:27","date_gmt":"2025-09-07T20:38:27","guid":{"rendered":"https:\/\/saknews.net\/ku\/?p=2605"},"modified":"2025-09-07T20:39:39","modified_gmt":"2025-09-07T20:39:39","slug":"sanda-bere-kurdistana-suriye-serdana-partiya-yekiti-ya-demokrat-a-kurdistani-dike","status":"publish","type":"post","link":"https:\/\/saknews.net\/ku\/?p=2605","title":{"rendered":"\u015eanda Ber\u00ea Kurdistana S\u00fbriy\u00ea serdana Partiya Yek\u00eet\u00ee ya Demokrat a Kurdistan\u00ee dike"},"content":{"rendered":"<p>\u015eanda Ber\u00ea Kurdistana S\u00fbriy\u00ea serdana Partiya Yek\u00eet\u00ee ya Demokrat a Kurdistan\u00ee li Bajar\u00ea Qami\u015flo kir. \u015eanda Ber\u00ea p\u00eakhatib\u00fb ji her yek ji Serok\u00ea w\u00ea Siyamend Haco \u00fb bir\u00eaz: Ebdilxen\u00ee Eco, Berzan \u00cesa, Deysim Neb\u00ee \u00fb Rizgar Silo, p\u00eakhatib\u00fb. \u015eand ji aliy\u00ea Sekretera partiy\u00ea Fesle Y\u00fbsif \u00fb \u00e7end serkirdey\u00ean partiy\u00ea ve hatib\u00fb p\u00ea\u015fwaz\u00eekirin.<\/p>\n<p>Di hevd\u00eetin\u00ea de herdu aliyan behsa rew\u015f \u00fb p\u00ea\u015fhat\u00ean daw\u00ee y\u00ean li S\u00fbriy\u00ea \u00fb Kurdistana S\u00fbriy\u00ea kirin, herwiha metirs\u00ee \u00fb astengiy\u00ean ku dever bi gi\u015ft\u00ee rast\u00ee w\u00ea t\u00ea. Herdu aliyan li ser yekxistin \u00fb hevreziya di navbera aliy\u00ean kurd de kirin, ku bikevin xizmeta Gel\u00ea Kurd \u00fb aramiy\u00ea xurtir bike<br \/>\nLi dawiy\u00ea j\u00ee, herdu aliyan li ser berdewamiya p\u00eawend\u00ee, got\u00fbb\u00eaj \u00fb p\u00ea\u015fxistina w\u00ea di navbera aliy\u00ean kurd de, kirin ku bikevin berjewendiya doza kurd.<\/p>\n<p>Of\u00eesa Ragihandin\u00ea<br \/>\nBer\u00ea Kurdistana S\u00fbriy\u00ea<br \/>\n07.09.2025<\/p>\n<p><img data-recalc-dims=\"1\" decoding=\"async\" class=\"alignright size-medium wp-image-2608 lazyload\" data-src=\"https:\/\/i0.wp.com\/saknews.net\/ku\/wp-content\/uploads\/2025\/09\/IMG-20250907-WA0008.jpg?resize=300%2C225&#038;ssl=1\" alt=\"\" width=\"300\" height=\"225\" data-srcset=\"https:\/\/i0.wp.com\/saknews.net\/ku\/wp-content\/uploads\/2025\/09\/IMG-20250907-WA0008.jpg?resize=300%2C225&amp;ssl=1 300w, https:\/\/i0.wp.com\/saknews.net\/ku\/wp-content\/uploads\/2025\/09\/IMG-20250907-WA0008.jpg?resize=1024%2C768&amp;ssl=1 1024w, https:\/\/i0.wp.com\/saknews.net\/ku\/wp-content\/uploads\/2025\/09\/IMG-20250907-WA0008.jpg?resize=768%2C576&amp;ssl=1 768w, https:\/\/i0.wp.com\/saknews.net\/ku\/wp-content\/uploads\/2025\/09\/IMG-20250907-WA0008.jpg?w=1080&amp;ssl=1 1080w\" data-sizes=\"(max-width: 300px) 100vw, 300px\" src=\"data:image\/svg+xml;base64,PHN2ZyB3aWR0aD0iMSIgaGVpZ2h0PSIxIiB4bWxucz0iaHR0cDovL3d3dy53My5vcmcvMjAwMC9zdmciPjwvc3ZnPg==\" style=\"--smush-placeholder-width: 300px; --smush-placeholder-aspect-ratio: 300\/225;\" \/><img data-recalc-dims=\"1\" decoding=\"async\" class=\"alignright size-medium wp-image-2607 lazyload\" data-src=\"https:\/\/i0.wp.com\/saknews.net\/ku\/wp-content\/uploads\/2025\/09\/IMG-20250907-WA0007.jpg?resize=300%2C227&#038;ssl=1\" alt=\"\" width=\"300\" height=\"227\" data-srcset=\"https:\/\/i0.wp.com\/saknews.net\/ku\/wp-content\/uploads\/2025\/09\/IMG-20250907-WA0007.jpg?resize=300%2C227&amp;ssl=1 300w, https:\/\/i0.wp.com\/saknews.net\/ku\/wp-content\/uploads\/2025\/09\/IMG-20250907-WA0007.jpg?resize=768%2C581&amp;ssl=1 768w, https:\/\/i0.wp.com\/saknews.net\/ku\/wp-content\/uploads\/2025\/09\/IMG-20250907-WA0007.jpg?w=1003&amp;ssl=1 1003w\" data-sizes=\"(max-width: 300px) 100vw, 300px\" src=\"data:image\/svg+xml;base64,PHN2ZyB3aWR0aD0iMSIgaGVpZ2h0PSIxIiB4bWxucz0iaHR0cDovL3d3dy53My5vcmcvMjAwMC9zdmciPjwvc3ZnPg==\" style=\"--smush-placeholder-width: 300px; --smush-placeholder-aspect-ratio: 300\/227;\" \/><\/p>\n","protected":false},"excerpt":{"rendered":"<p>\u015eanda Ber\u00ea Kurdistana S\u00fbriy\u00ea serdana Partiya Yek\u00eet\u00ee ya Demokrat a Kurdistan\u00ee li Bajar\u00ea Qami\u015flo kir&#8230;.<\/p>\n","protected":false},"author":8,"featured_media":2606,"comment_status":"closed","ping_status":"closed","sticky":false,"template":"","format":"standard","meta":{"footnotes":""},"categories":[90],"tags":[],"class_list":["post-2605","post","type-post","status-publish","format-standard","has-post-thumbnail","hentry","category-ragihandin"],"yoast_head":"<!-- This site is optimized with the Yoast SEO plugin v27.5 - https:\/\/yoast.com\/product\/yoast-seo-wordpress\/ -->\n<title>\u015eanda Ber\u00ea Kurdistana S\u00fbriy\u00ea serdana Partiya Yek\u00eet\u00ee ya Demokrat a Kurdistan\u00ee dike &#8226; \u015eAK<\/title>\n<meta name=\"robots\" content=\"index, follow, max-snippet:-1, max-image-preview:large, max-video-preview:-1\" \/>\n<link rel=\"canonical\" href=\"https:\/\/saknews.net\/ku\/?p=2605\" \/>\n<meta property=\"og:locale\" content=\"en_US\" \/>\n<meta property=\"og:type\" content=\"article\" \/>\n<meta property=\"og:title\" content=\"\u015eanda Ber\u00ea Kurdistana S\u00fbriy\u00ea serdana Partiya Yek\u00eet\u00ee ya Demokrat a Kurdistan\u00ee dike &#8226; \u015eAK\" \/>\n<meta property=\"og:description\" content=\"\u015eanda Ber\u00ea Kurdistana S\u00fbriy\u00ea serdana Partiya Yek\u00eet\u00ee ya Demokrat a Kurdistan\u00ee li Bajar\u00ea Qami\u015flo kir....\" \/>\n<meta property=\"og:url\" content=\"https:\/\/saknews.net\/ku\/?p=2605\" \/>\n<meta property=\"og:site_name\" content=\"\u015eAK\" \/>\n<meta property=\"article:publisher\" content=\"https:\/\/www.facebook.com\/Shepel.ewropa\" \/>\n<meta property=\"article:published_time\" content=\"2025-09-07T20:38:27+00:00\" \/>\n<meta property=\"article:modified_time\" content=\"2025-09-07T20:39:39+00:00\" \/>\n<meta property=\"og:image\" content=\"https:\/\/saknews.net\/ku\/wp-content\/uploads\/2025\/09\/IMG-20250907-WA0006.jpg\" \/>\n\t<meta property=\"og:image:width\" content=\"1080\" \/>\n\t<meta property=\"og:image:height\" content=\"810\" \/>\n\t<meta property=\"og:image:type\" content=\"image\/jpeg\" \/>\n<meta name=\"author\" content=\"Horan Hem\" \/>\n<meta name=\"twitter:card\" content=\"summary_large_image\" \/>\n<meta name=\"twitter:label1\" content=\"Written by\" \/>\n\t<meta name=\"twitter:data1\" content=\"Horan Hem\" \/>\n\t<meta name=\"twitter:label2\" content=\"Est. reading time\" \/>\n\t<meta name=\"twitter:data2\" content=\"2 minutes\" \/>\n<script type=\"application\/ld+json\" class=\"yoast-schema-graph\">{\"@context\":\"https:\\\/\\\/schema.org\",\"@graph\":[{\"@type\":\"Article\",\"@id\":\"https:\\\/\\\/saknews.net\\\/ku\\\/?p=2605#article\",\"isPartOf\":{\"@id\":\"https:\\\/\\\/saknews.net\\\/ku\\\/?p=2605\"},\"author\":{\"name\":\"Horan Hem\",\"@id\":\"https:\\\/\\\/saknews.net\\\/ku\\\/#\\\/schema\\\/person\\\/72ae32a4041a3817e015b63d8f409058\"},\"headline\":\"\u015eanda Ber\u00ea Kurdistana S\u00fbriy\u00ea serdana Partiya Yek\u00eet\u00ee ya Demokrat a Kurdistan\u00ee dike\",\"datePublished\":\"2025-09-07T20:38:27+00:00\",\"dateModified\":\"2025-09-07T20:39:39+00:00\",\"mainEntityOfPage\":{\"@id\":\"https:\\\/\\\/saknews.net\\\/ku\\\/?p=2605\"},\"wordCount\":162,\"publisher\":{\"@id\":\"https:\\\/\\\/saknews.net\\\/ku\\\/#organization\"},\"image\":{\"@id\":\"https:\\\/\\\/saknews.net\\\/ku\\\/?p=2605#primaryimage\"},\"thumbnailUrl\":\"https:\\\/\\\/i0.wp.com\\\/saknews.net\\\/ku\\\/wp-content\\\/uploads\\\/2025\\\/09\\\/IMG-20250907-WA0006.jpg?fit=1080%2C810&ssl=1\",\"articleSection\":[\"Ragihandin\"],\"inLanguage\":\"en-US\"},{\"@type\":\"WebPage\",\"@id\":\"https:\\\/\\\/saknews.net\\\/ku\\\/?p=2605\",\"url\":\"https:\\\/\\\/saknews.net\\\/ku\\\/?p=2605\",\"name\":\"\u015eanda Ber\u00ea Kurdistana S\u00fbriy\u00ea serdana Partiya Yek\u00eet\u00ee ya Demokrat a Kurdistan\u00ee dike &#8226; \u015eAK\",\"isPartOf\":{\"@id\":\"https:\\\/\\\/saknews.net\\\/ku\\\/#website\"},\"primaryImageOfPage\":{\"@id\":\"https:\\\/\\\/saknews.net\\\/ku\\\/?p=2605#primaryimage\"},\"image\":{\"@id\":\"https:\\\/\\\/saknews.net\\\/ku\\\/?p=2605#primaryimage\"},\"thumbnailUrl\":\"https:\\\/\\\/i0.wp.com\\\/saknews.net\\\/ku\\\/wp-content\\\/uploads\\\/2025\\\/09\\\/IMG-20250907-WA0006.jpg?fit=1080%2C810&ssl=1\",\"datePublished\":\"2025-09-07T20:38:27+00:00\",\"dateModified\":\"2025-09-07T20:39:39+00:00\",\"breadcrumb\":{\"@id\":\"https:\\\/\\\/saknews.net\\\/ku\\\/?p=2605#breadcrumb\"},\"inLanguage\":\"en-US\",\"potentialAction\":[{\"@type\":\"ReadAction\",\"target\":[\"https:\\\/\\\/saknews.net\\\/ku\\\/?p=2605\"]}]},{\"@type\":\"ImageObject\",\"inLanguage\":\"en-US\",\"@id\":\"https:\\\/\\\/saknews.net\\\/ku\\\/?p=2605#primaryimage\",\"url\":\"https:\\\/\\\/i0.wp.com\\\/saknews.net\\\/ku\\\/wp-content\\\/uploads\\\/2025\\\/09\\\/IMG-20250907-WA0006.jpg?fit=1080%2C810&ssl=1\",\"contentUrl\":\"https:\\\/\\\/i0.wp.com\\\/saknews.net\\\/ku\\\/wp-content\\\/uploads\\\/2025\\\/09\\\/IMG-20250907-WA0006.jpg?fit=1080%2C810&ssl=1\",\"width\":1080,\"height\":810},{\"@type\":\"BreadcrumbList\",\"@id\":\"https:\\\/\\\/saknews.net\\\/ku\\\/?p=2605#breadcrumb\",\"itemListElement\":[{\"@type\":\"ListItem\",\"position\":1,\"name\":\"\u0627\u0644\u0631\u0626\u064a\u0633\u064a\u0629\",\"item\":\"https:\\\/\\\/saknews.net\\\/ku\\\/\"},{\"@type\":\"ListItem\",\"position\":2,\"name\":\"Ragihandin\",\"item\":\"https:\\\/\\\/saknews.net\\\/ku\\\/?cat=90\"},{\"@type\":\"ListItem\",\"position\":3,\"name\":\"\u015eanda Ber\u00ea Kurdistana S\u00fbriy\u00ea serdana Partiya Yek\u00eet\u00ee ya Demokrat a Kurdistan\u00ee dike\"}]},{\"@type\":\"WebSite\",\"@id\":\"https:\\\/\\\/saknews.net\\\/ku\\\/#website\",\"url\":\"https:\\\/\\\/saknews.net\\\/ku\\\/\",\"name\":\"S\u0327epe\u0302la Azadi\u0302 ya Kurdistani\u0302\",\"description\":\"\u062a\u064a\u0627\u0631 \u0627\u0644\u062d\u0631\u064a\u0629 \u0627\u0644\u0643\u0648\u0631\u062f\u0633\u062a\u0627\u0646\u064a \u015eep\u00eala Azad\u00ee ya Kurdistan\u00ee\",\"publisher\":{\"@id\":\"https:\\\/\\\/saknews.net\\\/ku\\\/#organization\"},\"potentialAction\":[{\"@type\":\"SearchAction\",\"target\":{\"@type\":\"EntryPoint\",\"urlTemplate\":\"https:\\\/\\\/saknews.net\\\/ku\\\/?s={search_term_string}\"},\"query-input\":{\"@type\":\"PropertyValueSpecification\",\"valueRequired\":true,\"valueName\":\"search_term_string\"}}],\"inLanguage\":\"en-US\"},{\"@type\":\"Organization\",\"@id\":\"https:\\\/\\\/saknews.net\\\/ku\\\/#organization\",\"name\":\"\u015eep\u00eala Azadiy\u00ea ya Kurdistan\u00ea - \u062a\u064a\u0627\u0631 \u0627\u0644\u062d\u0631\u064a\u0629 \u0627\u0644\u0643\u0648\u0631\u062f\u0633\u062a\u0627\u0646\u064a\",\"url\":\"https:\\\/\\\/saknews.net\\\/ku\\\/\",\"logo\":{\"@type\":\"ImageObject\",\"inLanguage\":\"en-US\",\"@id\":\"https:\\\/\\\/saknews.net\\\/ku\\\/#\\\/schema\\\/logo\\\/image\\\/\",\"url\":\"https:\\\/\\\/i0.wp.com\\\/saknews.net\\\/ku\\\/wp-content\\\/uploads\\\/2024\\\/11\\\/cropped-logo-1.png?fit=512%2C512&ssl=1\",\"contentUrl\":\"https:\\\/\\\/i0.wp.com\\\/saknews.net\\\/ku\\\/wp-content\\\/uploads\\\/2024\\\/11\\\/cropped-logo-1.png?fit=512%2C512&ssl=1\",\"width\":512,\"height\":512,\"caption\":\"\u015eep\u00eala Azadiy\u00ea ya Kurdistan\u00ea - \u062a\u064a\u0627\u0631 \u0627\u0644\u062d\u0631\u064a\u0629 \u0627\u0644\u0643\u0648\u0631\u062f\u0633\u062a\u0627\u0646\u064a\"},\"image\":{\"@id\":\"https:\\\/\\\/saknews.net\\\/ku\\\/#\\\/schema\\\/logo\\\/image\\\/\"},\"sameAs\":[\"https:\\\/\\\/www.facebook.com\\\/Shepel.ewropa\"]},{\"@type\":\"Person\",\"@id\":\"https:\\\/\\\/saknews.net\\\/ku\\\/#\\\/schema\\\/person\\\/72ae32a4041a3817e015b63d8f409058\",\"name\":\"Horan Hem\",\"url\":\"https:\\\/\\\/saknews.net\\\/ku\\\/?author=8\"}]}<\/script>\n<!-- \/ Yoast SEO plugin. -->","yoast_head_json":{"title":"\u015eanda Ber\u00ea Kurdistana S\u00fbriy\u00ea serdana Partiya Yek\u00eet\u00ee ya Demokrat a Kurdistan\u00ee dike &#8226; \u015eAK","robots":{"index":"index","follow":"follow","max-snippet":"max-snippet:-1","max-image-preview":"max-image-preview:large","max-video-preview":"max-video-preview:-1"},"canonical":"https:\/\/saknews.net\/ku\/?p=2605","og_locale":"en_US","og_type":"article","og_title":"\u015eanda Ber\u00ea Kurdistana S\u00fbriy\u00ea serdana Partiya Yek\u00eet\u00ee ya Demokrat a Kurdistan\u00ee dike &#8226; \u015eAK","og_description":"\u015eanda Ber\u00ea Kurdistana S\u00fbriy\u00ea serdana Partiya Yek\u00eet\u00ee ya Demokrat a Kurdistan\u00ee li Bajar\u00ea Qami\u015flo kir....","og_url":"https:\/\/saknews.net\/ku\/?p=2605","og_site_name":"\u015eAK","article_publisher":"https:\/\/www.facebook.com\/Shepel.ewropa","article_published_time":"2025-09-07T20:38:27+00:00","article_modified_time":"2025-09-07T20:39:39+00:00","og_image":[{"width":1080,"height":810,"url":"https:\/\/saknews.net\/ku\/wp-content\/uploads\/2025\/09\/IMG-20250907-WA0006.jpg","type":"image\/jpeg"}],"author":"Horan Hem","twitter_card":"summary_large_image","twitter_misc":{"Written by":"Horan Hem","Est. reading time":"2 minutes"},"schema":{"@context":"https:\/\/schema.org","@graph":[{"@type":"Article","@id":"https:\/\/saknews.net\/ku\/?p=2605#article","isPartOf":{"@id":"https:\/\/saknews.net\/ku\/?p=2605"},"author":{"name":"Horan Hem","@id":"https:\/\/saknews.net\/ku\/#\/schema\/person\/72ae32a4041a3817e015b63d8f409058"},"headline":"\u015eanda Ber\u00ea Kurdistana S\u00fbriy\u00ea serdana Partiya Yek\u00eet\u00ee ya Demokrat a Kurdistan\u00ee dike","datePublished":"2025-09-07T20:38:27+00:00","dateModified":"2025-09-07T20:39:39+00:00","mainEntityOfPage":{"@id":"https:\/\/saknews.net\/ku\/?p=2605"},"wordCount":162,"publisher":{"@id":"https:\/\/saknews.net\/ku\/#organization"},"image":{"@id":"https:\/\/saknews.net\/ku\/?p=2605#primaryimage"},"thumbnailUrl":"https:\/\/i0.wp.com\/saknews.net\/ku\/wp-content\/uploads\/2025\/09\/IMG-20250907-WA0006.jpg?fit=1080%2C810&ssl=1","articleSection":["Ragihandin"],"inLanguage":"en-US"},{"@type":"WebPage","@id":"https:\/\/saknews.net\/ku\/?p=2605","url":"https:\/\/saknews.net\/ku\/?p=2605","name":"\u015eanda Ber\u00ea Kurdistana S\u00fbriy\u00ea serdana Partiya Yek\u00eet\u00ee ya Demokrat a Kurdistan\u00ee dike &#8226; \u015eAK","isPartOf":{"@id":"https:\/\/saknews.net\/ku\/#website"},"primaryImageOfPage":{"@id":"https:\/\/saknews.net\/ku\/?p=2605#primaryimage"},"image":{"@id":"https:\/\/saknews.net\/ku\/?p=2605#primaryimage"},"thumbnailUrl":"https:\/\/i0.wp.com\/saknews.net\/ku\/wp-content\/uploads\/2025\/09\/IMG-20250907-WA0006.jpg?fit=1080%2C810&ssl=1","datePublished":"2025-09-07T20:38:27+00:00","dateModified":"2025-09-07T20:39:39+00:00","breadcrumb":{"@id":"https:\/\/saknews.net\/ku\/?p=2605#breadcrumb"},"inLanguage":"en-US","potentialAction":[{"@type":"ReadAction","target":["https:\/\/saknews.net\/ku\/?p=2605"]}]},{"@type":"ImageObject","inLanguage":"en-US","@id":"https:\/\/saknews.net\/ku\/?p=2605#primaryimage","url":"https:\/\/i0.wp.com\/saknews.net\/ku\/wp-content\/uploads\/2025\/09\/IMG-20250907-WA0006.jpg?fit=1080%2C810&ssl=1","contentUrl":"https:\/\/i0.wp.com\/saknews.net\/ku\/wp-content\/uploads\/2025\/09\/IMG-20250907-WA0006.jpg?fit=1080%2C810&ssl=1","width":1080,"height":810},{"@type":"BreadcrumbList","@id":"https:\/\/saknews.net\/ku\/?p=2605#breadcrumb","itemListElement":[{"@type":"ListItem","position":1,"name":"\u0627\u0644\u0631\u0626\u064a\u0633\u064a\u0629","item":"https:\/\/saknews.net\/ku\/"},{"@type":"ListItem","position":2,"name":"Ragihandin","item":"https:\/\/saknews.net\/ku\/?cat=90"},{"@type":"ListItem","position":3,"name":"\u015eanda Ber\u00ea Kurdistana S\u00fbriy\u00ea serdana Partiya Yek\u00eet\u00ee ya Demokrat a Kurdistan\u00ee dike"}]},{"@type":"WebSite","@id":"https:\/\/saknews.net\/ku\/#website","url":"https:\/\/saknews.net\/ku\/","name":"S\u0327epe\u0302la Azadi\u0302 ya Kurdistani\u0302","description":"\u062a\u064a\u0627\u0631 \u0627\u0644\u062d\u0631\u064a\u0629 \u0627\u0644\u0643\u0648\u0631\u062f\u0633\u062a\u0627\u0646\u064a \u015eep\u00eala Azad\u00ee ya Kurdistan\u00ee","publisher":{"@id":"https:\/\/saknews.net\/ku\/#organization"},"potentialAction":[{"@type":"SearchAction","target":{"@type":"EntryPoint","urlTemplate":"https:\/\/saknews.net\/ku\/?s={search_term_string}"},"query-input":{"@type":"PropertyValueSpecification","valueRequired":true,"valueName":"search_term_string"}}],"inLanguage":"en-US"},{"@type":"Organization","@id":"https:\/\/saknews.net\/ku\/#organization","name":"\u015eep\u00eala Azadiy\u00ea ya Kurdistan\u00ea - \u062a\u064a\u0627\u0631 \u0627\u0644\u062d\u0631\u064a\u0629 \u0627\u0644\u0643\u0648\u0631\u062f\u0633\u062a\u0627\u0646\u064a","url":"https:\/\/saknews.net\/ku\/","logo":{"@type":"ImageObject","inLanguage":"en-US","@id":"https:\/\/saknews.net\/ku\/#\/schema\/logo\/image\/","url":"https:\/\/i0.wp.com\/saknews.net\/ku\/wp-content\/uploads\/2024\/11\/cropped-logo-1.png?fit=512%2C512&ssl=1","contentUrl":"https:\/\/i0.wp.com\/saknews.net\/ku\/wp-content\/uploads\/2024\/11\/cropped-logo-1.png?fit=512%2C512&ssl=1","width":512,"height":512,"caption":"\u015eep\u00eala Azadiy\u00ea ya Kurdistan\u00ea - \u062a\u064a\u0627\u0631 \u0627\u0644\u062d\u0631\u064a\u0629 \u0627\u0644\u0643\u0648\u0631\u062f\u0633\u062a\u0627\u0646\u064a"},"image":{"@id":"https:\/\/saknews.net\/ku\/#\/schema\/logo\/image\/"},"sameAs":["https:\/\/www.facebook.com\/Shepel.ewropa"]},{"@type":"Person","@id":"https:\/\/saknews.net\/ku\/#\/schema\/person\/72ae32a4041a3817e015b63d8f409058","name":"Horan Hem","url":"https:\/\/saknews.net\/ku\/?author=8"}]}},"featured_image_urls":{"full":["https:\/\/i0.wp.com\/saknews.net\/ku\/wp-content\/uploads\/2025\/09\/IMG-20250907-WA0006.jpg?fit=1080%2C810&ssl=1",1080,810,false],"thumbnail":["https:\/\/i0.wp.com\/saknews.net\/ku\/wp-content\/uploads\/2025\/09\/IMG-20250907-WA0006.jpg?resize=150%2C150&ssl=1",150,150,true],"medium":["https:\/\/i0.wp.com\/saknews.net\/ku\/wp-content\/uploads\/2025\/09\/IMG-20250907-WA0006.jpg?fit=300%2C225&ssl=1",300,225,true],"medium_large":["https:\/\/i0.wp.com\/saknews.net\/ku\/wp-content\/uploads\/2025\/09\/IMG-20250907-WA0006.jpg?fit=640%2C480&ssl=1",640,480,true],"large":["https:\/\/i0.wp.com\/saknews.net\/ku\/wp-content\/uploads\/2025\/09\/IMG-20250907-WA0006.jpg?fit=640%2C480&ssl=1",640,480,true],"1536x1536":["https:\/\/i0.wp.com\/saknews.net\/ku\/wp-content\/uploads\/2025\/09\/IMG-20250907-WA0006.jpg?fit=1080%2C810&ssl=1",1080,810,true],"2048x2048":["https:\/\/i0.wp.com\/saknews.net\/ku\/wp-content\/uploads\/2025\/09\/IMG-20250907-WA0006.jpg?fit=1080%2C810&ssl=1",1080,810,true],"covernews-featured":["https:\/\/i0.wp.com\/saknews.net\/ku\/wp-content\/uploads\/2025\/09\/IMG-20250907-WA0006.jpg?fit=1024%2C768&ssl=1",1024,768,true],"covernews-medium":["https:\/\/i0.wp.com\/saknews.net\/ku\/wp-content\/uploads\/2025\/09\/IMG-20250907-WA0006.jpg?resize=540%2C340&ssl=1",540,340,true]},"author_info":{"display_name":"Horan Hem","author_link":"https:\/\/saknews.net\/ku\/?author=8"},"category_info":"<a href=\"https:\/\/saknews.net\/ku\/?cat=90\" rel=\"category\">Ragihandin<\/a>","tag_info":"Ragihandin","comment_count":"0","_links":{"self":[{"href":"https:\/\/saknews.net\/ku\/index.php?rest_route=\/wp\/v2\/posts\/2605","targetHints":{"allow":["GET"]}}],"collection":[{"href":"https:\/\/saknews.net\/ku\/index.php?rest_route=\/wp\/v2\/posts"}],"about":[{"href":"https:\/\/saknews.net\/ku\/index.php?rest_route=\/wp\/v2\/types\/post"}],"author":[{"embeddable":true,"href":"https:\/\/saknews.net\/ku\/index.php?rest_route=\/wp\/v2\/users\/8"}],"replies":[{"embeddable":true,"href":"https:\/\/saknews.net\/ku\/index.php?rest_route=%2Fwp%2Fv2%2Fcomments&post=2605"}],"version-history":[{"count":2,"href":"https:\/\/saknews.net\/ku\/index.php?rest_route=\/wp\/v2\/posts\/2605\/revisions"}],"predecessor-version":[{"id":2610,"href":"https:\/\/saknews.net\/ku\/index.php?rest_route=\/wp\/v2\/posts\/2605\/revisions\/2610"}],"wp:featuredmedia":[{"embeddable":true,"href":"https:\/\/saknews.net\/ku\/index.php?rest_route=\/wp\/v2\/media\/2606"}],"wp:attachment":[{"href":"https:\/\/saknews.net\/ku\/index.php?rest_route=%2Fwp%2Fv2%2Fmedia&parent=2605"}],"wp:term":[{"taxonomy":"category","embeddable":true,"href":"https:\/\/saknews.net\/ku\/index.php?rest_route=%2Fwp%2Fv2%2Fcategories&post=2605"},{"taxonomy":"post_tag","embeddable":true,"href":"https:\/\/saknews.net\/ku\/index.php?rest_route=%2Fwp%2Fv2%2Ftags&post=2605"}],"curies":[{"name":"wp","href":"https:\/\/api.w.org\/{rel}","templated":true}]}}