{"id":2617,"date":"2025-09-15T11:53:27","date_gmt":"2025-09-15T11:53:27","guid":{"rendered":"https:\/\/saknews.net\/ku\/?p=2617"},"modified":"2025-09-15T11:53:27","modified_gmt":"2025-09-15T11:53:27","slug":"endame-sepela-azadi-hizam-hisen-koca-dawi-kir","status":"publish","type":"post","link":"https:\/\/saknews.net\/ku\/?p=2617","title":{"rendered":"Endam\u00ea \u015eep\u00eala Azad\u00ee H\u00eezam His\u00ean ko\u00e7a daw\u00ee kir"},"content":{"rendered":"<p>Bi xemg\u00eeniyeke mezin, \u015eep\u00eala Azad\u00ee ya Kurdistan\u00ee, n\u00fb\u00e7eya ko\u00e7berkirina heval\u00ea xwe y\u00ea P\u00ea\u015fmergey\u00ea Roj C\u00eadar1, H\u00eezam His\u00ean, \u00fb endam\u00ea desteya Xwecih\u00ee-25 ya \u015eep\u00eal\u00ea, radigih\u00eene, ku sibeha \u00eero li Her\u00eama Kurdistana Iraq\u00ea ji ber nexwe\u015fiyeke giran, ko\u00e7a daw\u00ee kir. <\/p>\n<p>Heval\u00ea me, H\u00eezam ji gund\u00ea \u015eirik\u00ea y\u00ea ser bi D\u00earik\u00ea ye \u00fb li kampan Dom\u00eez a par\u00eazgeha Dihok\u00ea rodini\u015ft. Ji sala 2020 an ve bib\u00fb endam\u00ea \u015eep\u00eala Azad\u00ee ya Kurdistan\u00ee \u00fb merd\u00ee, cam\u00ear\u00ee \u00fb pabendb\u00fbn \u00fb gir\u00eadana bi doza kurd ve hatib\u00fb naskirin.<\/p>\n<p>Me hevalek\u00ee dilsoz, rasteq\u00een, wefadar \u00fb ni\u015ftimanperwer ji dest da. Bi v\u00ea xem\u00ea em sersaxiy\u00ea ji malbat, dost, heval \u00fb hezkiriy\u00ean w\u00ee re dixwazin, h\u00eav\u00ee dikin sebrek\u00ea bidin xwe \u00fb ser\u00ea wan sax be. <\/p>\n<p>\u015eep\u00eala Azad\u00ee ya Kurdistan\u00ee<br \/>\n15.09.2025<\/p>\n","protected":false},"excerpt":{"rendered":"<p>Bi xemg\u00eeniyeke mezin, \u015eep\u00eala Azad\u00ee ya Kurdistan\u00ee, n\u00fb\u00e7eya ko\u00e7berkirina heval\u00ea xwe y\u00ea P\u00ea\u015fmergey\u00ea Roj C\u00eadar1,&#8230;<\/p>\n","protected":false},"author":8,"featured_media":2618,"comment_status":"closed","ping_status":"closed","sticky":false,"template":"","format":"standard","meta":{"footnotes":""},"categories":[91],"tags":[],"class_list":["post-2617","post","type-post","status-publish","format-standard","has-post-thumbnail","hentry","category-sersaxi"],"yoast_head":"<!-- This site is optimized with the Yoast SEO plugin v27.5 - https:\/\/yoast.com\/product\/yoast-seo-wordpress\/ -->\n<title>Endam\u00ea \u015eep\u00eala Azad\u00ee H\u00eezam His\u00ean ko\u00e7a daw\u00ee kir &#8226; \u015eAK<\/title>\n<meta name=\"robots\" content=\"index, follow, max-snippet:-1, max-image-preview:large, max-video-preview:-1\" \/>\n<link rel=\"canonical\" href=\"https:\/\/saknews.net\/ku\/?p=2617\" \/>\n<meta property=\"og:locale\" content=\"en_US\" \/>\n<meta property=\"og:type\" content=\"article\" \/>\n<meta property=\"og:title\" content=\"Endam\u00ea \u015eep\u00eala Azad\u00ee H\u00eezam His\u00ean ko\u00e7a daw\u00ee kir &#8226; \u015eAK\" \/>\n<meta property=\"og:description\" content=\"Bi xemg\u00eeniyeke mezin, \u015eep\u00eala Azad\u00ee ya Kurdistan\u00ee, n\u00fb\u00e7eya ko\u00e7berkirina heval\u00ea xwe y\u00ea P\u00ea\u015fmergey\u00ea Roj C\u00eadar1,...\" \/>\n<meta property=\"og:url\" content=\"https:\/\/saknews.net\/ku\/?p=2617\" \/>\n<meta property=\"og:site_name\" content=\"\u015eAK\" \/>\n<meta property=\"article:publisher\" content=\"https:\/\/www.facebook.com\/Shepel.ewropa\" \/>\n<meta property=\"article:published_time\" content=\"2025-09-15T11:53:27+00:00\" \/>\n<meta property=\"og:image\" content=\"https:\/\/saknews.net\/ku\/wp-content\/uploads\/2025\/09\/IMG-20250915-WA0008.jpg\" \/>\n\t<meta property=\"og:image:width\" content=\"467\" \/>\n\t<meta property=\"og:image:height\" content=\"519\" \/>\n\t<meta property=\"og:image:type\" content=\"image\/jpeg\" \/>\n<meta name=\"author\" content=\"Horan Hem\" \/>\n<meta name=\"twitter:card\" content=\"summary_large_image\" \/>\n<meta name=\"twitter:label1\" content=\"Written by\" \/>\n\t<meta name=\"twitter:data1\" content=\"Horan Hem\" \/>\n\t<meta name=\"twitter:label2\" content=\"Est. reading time\" \/>\n\t<meta name=\"twitter:data2\" content=\"1 minute\" \/>\n<script type=\"application\/ld+json\" class=\"yoast-schema-graph\">{\"@context\":\"https:\\\/\\\/schema.org\",\"@graph\":[{\"@type\":\"Article\",\"@id\":\"https:\\\/\\\/saknews.net\\\/ku\\\/?p=2617#article\",\"isPartOf\":{\"@id\":\"https:\\\/\\\/saknews.net\\\/ku\\\/?p=2617\"},\"author\":{\"name\":\"Horan Hem\",\"@id\":\"https:\\\/\\\/saknews.net\\\/ku\\\/#\\\/schema\\\/person\\\/72ae32a4041a3817e015b63d8f409058\"},\"headline\":\"Endam\u00ea \u015eep\u00eala Azad\u00ee H\u00eezam His\u00ean ko\u00e7a daw\u00ee kir\",\"datePublished\":\"2025-09-15T11:53:27+00:00\",\"mainEntityOfPage\":{\"@id\":\"https:\\\/\\\/saknews.net\\\/ku\\\/?p=2617\"},\"wordCount\":150,\"publisher\":{\"@id\":\"https:\\\/\\\/saknews.net\\\/ku\\\/#organization\"},\"image\":{\"@id\":\"https:\\\/\\\/saknews.net\\\/ku\\\/?p=2617#primaryimage\"},\"thumbnailUrl\":\"https:\\\/\\\/i0.wp.com\\\/saknews.net\\\/ku\\\/wp-content\\\/uploads\\\/2025\\\/09\\\/IMG-20250915-WA0008.jpg?fit=467%2C519&ssl=1\",\"articleSection\":[\"Sersax\u00ee\"],\"inLanguage\":\"en-US\"},{\"@type\":\"WebPage\",\"@id\":\"https:\\\/\\\/saknews.net\\\/ku\\\/?p=2617\",\"url\":\"https:\\\/\\\/saknews.net\\\/ku\\\/?p=2617\",\"name\":\"Endam\u00ea \u015eep\u00eala Azad\u00ee H\u00eezam His\u00ean ko\u00e7a daw\u00ee kir &#8226; \u015eAK\",\"isPartOf\":{\"@id\":\"https:\\\/\\\/saknews.net\\\/ku\\\/#website\"},\"primaryImageOfPage\":{\"@id\":\"https:\\\/\\\/saknews.net\\\/ku\\\/?p=2617#primaryimage\"},\"image\":{\"@id\":\"https:\\\/\\\/saknews.net\\\/ku\\\/?p=2617#primaryimage\"},\"thumbnailUrl\":\"https:\\\/\\\/i0.wp.com\\\/saknews.net\\\/ku\\\/wp-content\\\/uploads\\\/2025\\\/09\\\/IMG-20250915-WA0008.jpg?fit=467%2C519&ssl=1\",\"datePublished\":\"2025-09-15T11:53:27+00:00\",\"breadcrumb\":{\"@id\":\"https:\\\/\\\/saknews.net\\\/ku\\\/?p=2617#breadcrumb\"},\"inLanguage\":\"en-US\",\"potentialAction\":[{\"@type\":\"ReadAction\",\"target\":[\"https:\\\/\\\/saknews.net\\\/ku\\\/?p=2617\"]}]},{\"@type\":\"ImageObject\",\"inLanguage\":\"en-US\",\"@id\":\"https:\\\/\\\/saknews.net\\\/ku\\\/?p=2617#primaryimage\",\"url\":\"https:\\\/\\\/i0.wp.com\\\/saknews.net\\\/ku\\\/wp-content\\\/uploads\\\/2025\\\/09\\\/IMG-20250915-WA0008.jpg?fit=467%2C519&ssl=1\",\"contentUrl\":\"https:\\\/\\\/i0.wp.com\\\/saknews.net\\\/ku\\\/wp-content\\\/uploads\\\/2025\\\/09\\\/IMG-20250915-WA0008.jpg?fit=467%2C519&ssl=1\",\"width\":467,\"height\":519},{\"@type\":\"BreadcrumbList\",\"@id\":\"https:\\\/\\\/saknews.net\\\/ku\\\/?p=2617#breadcrumb\",\"itemListElement\":[{\"@type\":\"ListItem\",\"position\":1,\"name\":\"\u0627\u0644\u0631\u0626\u064a\u0633\u064a\u0629\",\"item\":\"https:\\\/\\\/saknews.net\\\/ku\\\/\"},{\"@type\":\"ListItem\",\"position\":2,\"name\":\"Sersax\u00ee\",\"item\":\"https:\\\/\\\/saknews.net\\\/ku\\\/?cat=91\"},{\"@type\":\"ListItem\",\"position\":3,\"name\":\"Endam\u00ea \u015eep\u00eala Azad\u00ee H\u00eezam His\u00ean ko\u00e7a daw\u00ee kir\"}]},{\"@type\":\"WebSite\",\"@id\":\"https:\\\/\\\/saknews.net\\\/ku\\\/#website\",\"url\":\"https:\\\/\\\/saknews.net\\\/ku\\\/\",\"name\":\"S\u0327epe\u0302la Azadi\u0302 ya Kurdistani\u0302\",\"description\":\"\u062a\u064a\u0627\u0631 \u0627\u0644\u062d\u0631\u064a\u0629 \u0627\u0644\u0643\u0648\u0631\u062f\u0633\u062a\u0627\u0646\u064a \u015eep\u00eala Azad\u00ee ya Kurdistan\u00ee\",\"publisher\":{\"@id\":\"https:\\\/\\\/saknews.net\\\/ku\\\/#organization\"},\"potentialAction\":[{\"@type\":\"SearchAction\",\"target\":{\"@type\":\"EntryPoint\",\"urlTemplate\":\"https:\\\/\\\/saknews.net\\\/ku\\\/?s={search_term_string}\"},\"query-input\":{\"@type\":\"PropertyValueSpecification\",\"valueRequired\":true,\"valueName\":\"search_term_string\"}}],\"inLanguage\":\"en-US\"},{\"@type\":\"Organization\",\"@id\":\"https:\\\/\\\/saknews.net\\\/ku\\\/#organization\",\"name\":\"\u015eep\u00eala Azadiy\u00ea ya Kurdistan\u00ea - \u062a\u064a\u0627\u0631 \u0627\u0644\u062d\u0631\u064a\u0629 \u0627\u0644\u0643\u0648\u0631\u062f\u0633\u062a\u0627\u0646\u064a\",\"url\":\"https:\\\/\\\/saknews.net\\\/ku\\\/\",\"logo\":{\"@type\":\"ImageObject\",\"inLanguage\":\"en-US\",\"@id\":\"https:\\\/\\\/saknews.net\\\/ku\\\/#\\\/schema\\\/logo\\\/image\\\/\",\"url\":\"https:\\\/\\\/i0.wp.com\\\/saknews.net\\\/ku\\\/wp-content\\\/uploads\\\/2024\\\/11\\\/cropped-logo-1.png?fit=512%2C512&ssl=1\",\"contentUrl\":\"https:\\\/\\\/i0.wp.com\\\/saknews.net\\\/ku\\\/wp-content\\\/uploads\\\/2024\\\/11\\\/cropped-logo-1.png?fit=512%2C512&ssl=1\",\"width\":512,\"height\":512,\"caption\":\"\u015eep\u00eala Azadiy\u00ea ya Kurdistan\u00ea - \u062a\u064a\u0627\u0631 \u0627\u0644\u062d\u0631\u064a\u0629 \u0627\u0644\u0643\u0648\u0631\u062f\u0633\u062a\u0627\u0646\u064a\"},\"image\":{\"@id\":\"https:\\\/\\\/saknews.net\\\/ku\\\/#\\\/schema\\\/logo\\\/image\\\/\"},\"sameAs\":[\"https:\\\/\\\/www.facebook.com\\\/Shepel.ewropa\"]},{\"@type\":\"Person\",\"@id\":\"https:\\\/\\\/saknews.net\\\/ku\\\/#\\\/schema\\\/person\\\/72ae32a4041a3817e015b63d8f409058\",\"name\":\"Horan Hem\",\"url\":\"https:\\\/\\\/saknews.net\\\/ku\\\/?author=8\"}]}<\/script>\n<!-- \/ Yoast SEO plugin. -->","yoast_head_json":{"title":"Endam\u00ea \u015eep\u00eala Azad\u00ee H\u00eezam His\u00ean ko\u00e7a daw\u00ee kir &#8226; \u015eAK","robots":{"index":"index","follow":"follow","max-snippet":"max-snippet:-1","max-image-preview":"max-image-preview:large","max-video-preview":"max-video-preview:-1"},"canonical":"https:\/\/saknews.net\/ku\/?p=2617","og_locale":"en_US","og_type":"article","og_title":"Endam\u00ea \u015eep\u00eala Azad\u00ee H\u00eezam His\u00ean ko\u00e7a daw\u00ee kir &#8226; \u015eAK","og_description":"Bi xemg\u00eeniyeke mezin, \u015eep\u00eala Azad\u00ee ya Kurdistan\u00ee, n\u00fb\u00e7eya ko\u00e7berkirina heval\u00ea xwe y\u00ea P\u00ea\u015fmergey\u00ea Roj C\u00eadar1,...","og_url":"https:\/\/saknews.net\/ku\/?p=2617","og_site_name":"\u015eAK","article_publisher":"https:\/\/www.facebook.com\/Shepel.ewropa","article_published_time":"2025-09-15T11:53:27+00:00","og_image":[{"width":467,"height":519,"url":"https:\/\/saknews.net\/ku\/wp-content\/uploads\/2025\/09\/IMG-20250915-WA0008.jpg","type":"image\/jpeg"}],"author":"Horan Hem","twitter_card":"summary_large_image","twitter_misc":{"Written by":"Horan Hem","Est. reading time":"1 minute"},"schema":{"@context":"https:\/\/schema.org","@graph":[{"@type":"Article","@id":"https:\/\/saknews.net\/ku\/?p=2617#article","isPartOf":{"@id":"https:\/\/saknews.net\/ku\/?p=2617"},"author":{"name":"Horan Hem","@id":"https:\/\/saknews.net\/ku\/#\/schema\/person\/72ae32a4041a3817e015b63d8f409058"},"headline":"Endam\u00ea \u015eep\u00eala Azad\u00ee H\u00eezam His\u00ean ko\u00e7a daw\u00ee kir","datePublished":"2025-09-15T11:53:27+00:00","mainEntityOfPage":{"@id":"https:\/\/saknews.net\/ku\/?p=2617"},"wordCount":150,"publisher":{"@id":"https:\/\/saknews.net\/ku\/#organization"},"image":{"@id":"https:\/\/saknews.net\/ku\/?p=2617#primaryimage"},"thumbnailUrl":"https:\/\/i0.wp.com\/saknews.net\/ku\/wp-content\/uploads\/2025\/09\/IMG-20250915-WA0008.jpg?fit=467%2C519&ssl=1","articleSection":["Sersax\u00ee"],"inLanguage":"en-US"},{"@type":"WebPage","@id":"https:\/\/saknews.net\/ku\/?p=2617","url":"https:\/\/saknews.net\/ku\/?p=2617","name":"Endam\u00ea \u015eep\u00eala Azad\u00ee H\u00eezam His\u00ean ko\u00e7a daw\u00ee kir &#8226; \u015eAK","isPartOf":{"@id":"https:\/\/saknews.net\/ku\/#website"},"primaryImageOfPage":{"@id":"https:\/\/saknews.net\/ku\/?p=2617#primaryimage"},"image":{"@id":"https:\/\/saknews.net\/ku\/?p=2617#primaryimage"},"thumbnailUrl":"https:\/\/i0.wp.com\/saknews.net\/ku\/wp-content\/uploads\/2025\/09\/IMG-20250915-WA0008.jpg?fit=467%2C519&ssl=1","datePublished":"2025-09-15T11:53:27+00:00","breadcrumb":{"@id":"https:\/\/saknews.net\/ku\/?p=2617#breadcrumb"},"inLanguage":"en-US","potentialAction":[{"@type":"ReadAction","target":["https:\/\/saknews.net\/ku\/?p=2617"]}]},{"@type":"ImageObject","inLanguage":"en-US","@id":"https:\/\/saknews.net\/ku\/?p=2617#primaryimage","url":"https:\/\/i0.wp.com\/saknews.net\/ku\/wp-content\/uploads\/2025\/09\/IMG-20250915-WA0008.jpg?fit=467%2C519&ssl=1","contentUrl":"https:\/\/i0.wp.com\/saknews.net\/ku\/wp-content\/uploads\/2025\/09\/IMG-20250915-WA0008.jpg?fit=467%2C519&ssl=1","width":467,"height":519},{"@type":"BreadcrumbList","@id":"https:\/\/saknews.net\/ku\/?p=2617#breadcrumb","itemListElement":[{"@type":"ListItem","position":1,"name":"\u0627\u0644\u0631\u0626\u064a\u0633\u064a\u0629","item":"https:\/\/saknews.net\/ku\/"},{"@type":"ListItem","position":2,"name":"Sersax\u00ee","item":"https:\/\/saknews.net\/ku\/?cat=91"},{"@type":"ListItem","position":3,"name":"Endam\u00ea \u015eep\u00eala Azad\u00ee H\u00eezam His\u00ean ko\u00e7a daw\u00ee kir"}]},{"@type":"WebSite","@id":"https:\/\/saknews.net\/ku\/#website","url":"https:\/\/saknews.net\/ku\/","name":"S\u0327epe\u0302la Azadi\u0302 ya Kurdistani\u0302","description":"\u062a\u064a\u0627\u0631 \u0627\u0644\u062d\u0631\u064a\u0629 \u0627\u0644\u0643\u0648\u0631\u062f\u0633\u062a\u0627\u0646\u064a \u015eep\u00eala Azad\u00ee ya Kurdistan\u00ee","publisher":{"@id":"https:\/\/saknews.net\/ku\/#organization"},"potentialAction":[{"@type":"SearchAction","target":{"@type":"EntryPoint","urlTemplate":"https:\/\/saknews.net\/ku\/?s={search_term_string}"},"query-input":{"@type":"PropertyValueSpecification","valueRequired":true,"valueName":"search_term_string"}}],"inLanguage":"en-US"},{"@type":"Organization","@id":"https:\/\/saknews.net\/ku\/#organization","name":"\u015eep\u00eala Azadiy\u00ea ya Kurdistan\u00ea - \u062a\u064a\u0627\u0631 \u0627\u0644\u062d\u0631\u064a\u0629 \u0627\u0644\u0643\u0648\u0631\u062f\u0633\u062a\u0627\u0646\u064a","url":"https:\/\/saknews.net\/ku\/","logo":{"@type":"ImageObject","inLanguage":"en-US","@id":"https:\/\/saknews.net\/ku\/#\/schema\/logo\/image\/","url":"https:\/\/i0.wp.com\/saknews.net\/ku\/wp-content\/uploads\/2024\/11\/cropped-logo-1.png?fit=512%2C512&ssl=1","contentUrl":"https:\/\/i0.wp.com\/saknews.net\/ku\/wp-content\/uploads\/2024\/11\/cropped-logo-1.png?fit=512%2C512&ssl=1","width":512,"height":512,"caption":"\u015eep\u00eala Azadiy\u00ea ya Kurdistan\u00ea - \u062a\u064a\u0627\u0631 \u0627\u0644\u062d\u0631\u064a\u0629 \u0627\u0644\u0643\u0648\u0631\u062f\u0633\u062a\u0627\u0646\u064a"},"image":{"@id":"https:\/\/saknews.net\/ku\/#\/schema\/logo\/image\/"},"sameAs":["https:\/\/www.facebook.com\/Shepel.ewropa"]},{"@type":"Person","@id":"https:\/\/saknews.net\/ku\/#\/schema\/person\/72ae32a4041a3817e015b63d8f409058","name":"Horan Hem","url":"https:\/\/saknews.net\/ku\/?author=8"}]}},"featured_image_urls":{"full":["https:\/\/i0.wp.com\/saknews.net\/ku\/wp-content\/uploads\/2025\/09\/IMG-20250915-WA0008.jpg?fit=467%2C519&ssl=1",467,519,false],"thumbnail":["https:\/\/i0.wp.com\/saknews.net\/ku\/wp-content\/uploads\/2025\/09\/IMG-20250915-WA0008.jpg?resize=150%2C150&ssl=1",150,150,true],"medium":["https:\/\/i0.wp.com\/saknews.net\/ku\/wp-content\/uploads\/2025\/09\/IMG-20250915-WA0008.jpg?fit=270%2C300&ssl=1",270,300,true],"medium_large":["https:\/\/i0.wp.com\/saknews.net\/ku\/wp-content\/uploads\/2025\/09\/IMG-20250915-WA0008.jpg?fit=467%2C519&ssl=1",467,519,true],"large":["https:\/\/i0.wp.com\/saknews.net\/ku\/wp-content\/uploads\/2025\/09\/IMG-20250915-WA0008.jpg?fit=467%2C519&ssl=1",467,519,true],"1536x1536":["https:\/\/i0.wp.com\/saknews.net\/ku\/wp-content\/uploads\/2025\/09\/IMG-20250915-WA0008.jpg?fit=467%2C519&ssl=1",467,519,true],"2048x2048":["https:\/\/i0.wp.com\/saknews.net\/ku\/wp-content\/uploads\/2025\/09\/IMG-20250915-WA0008.jpg?fit=467%2C519&ssl=1",467,519,true],"covernews-featured":["https:\/\/i0.wp.com\/saknews.net\/ku\/wp-content\/uploads\/2025\/09\/IMG-20250915-WA0008.jpg?fit=467%2C519&ssl=1",467,519,true],"covernews-medium":["https:\/\/i0.wp.com\/saknews.net\/ku\/wp-content\/uploads\/2025\/09\/IMG-20250915-WA0008.jpg?resize=467%2C340&ssl=1",467,340,true]},"author_info":{"display_name":"Horan Hem","author_link":"https:\/\/saknews.net\/ku\/?author=8"},"category_info":"<a href=\"https:\/\/saknews.net\/ku\/?cat=91\" rel=\"category\">Sersax\u00ee<\/a>","tag_info":"Sersax\u00ee","comment_count":"0","_links":{"self":[{"href":"https:\/\/saknews.net\/ku\/index.php?rest_route=\/wp\/v2\/posts\/2617","targetHints":{"allow":["GET"]}}],"collection":[{"href":"https:\/\/saknews.net\/ku\/index.php?rest_route=\/wp\/v2\/posts"}],"about":[{"href":"https:\/\/saknews.net\/ku\/index.php?rest_route=\/wp\/v2\/types\/post"}],"author":[{"embeddable":true,"href":"https:\/\/saknews.net\/ku\/index.php?rest_route=\/wp\/v2\/users\/8"}],"replies":[{"embeddable":true,"href":"https:\/\/saknews.net\/ku\/index.php?rest_route=%2Fwp%2Fv2%2Fcomments&post=2617"}],"version-history":[{"count":1,"href":"https:\/\/saknews.net\/ku\/index.php?rest_route=\/wp\/v2\/posts\/2617\/revisions"}],"predecessor-version":[{"id":2619,"href":"https:\/\/saknews.net\/ku\/index.php?rest_route=\/wp\/v2\/posts\/2617\/revisions\/2619"}],"wp:featuredmedia":[{"embeddable":true,"href":"https:\/\/saknews.net\/ku\/index.php?rest_route=\/wp\/v2\/media\/2618"}],"wp:attachment":[{"href":"https:\/\/saknews.net\/ku\/index.php?rest_route=%2Fwp%2Fv2%2Fmedia&parent=2617"}],"wp:term":[{"taxonomy":"category","embeddable":true,"href":"https:\/\/saknews.net\/ku\/index.php?rest_route=%2Fwp%2Fv2%2Fcategories&post=2617"},{"taxonomy":"post_tag","embeddable":true,"href":"https:\/\/saknews.net\/ku\/index.php?rest_route=%2Fwp%2Fv2%2Ftags&post=2617"}],"curies":[{"name":"wp","href":"https:\/\/api.w.org\/{rel}","templated":true}]}}