{"id":2622,"date":"2025-09-16T08:19:00","date_gmt":"2025-09-16T08:19:00","guid":{"rendered":"https:\/\/saknews.net\/ku\/?p=2622"},"modified":"2025-09-16T11:11:59","modified_gmt":"2025-09-16T11:11:59","slug":"kurd-u-mafe-carenus-ye-dereki-li-hember-siyaseten-tunekirine","status":"publish","type":"post","link":"https:\/\/saknews.net\/ku\/?p=2622","title":{"rendered":"Kurd \u00fb maf\u00ea \u00e7aren\u00fbs y\u00ea derek\u00ee li hember siyaset\u00ean tunekirin\u00ea"},"content":{"rendered":"<p>Comerd Hemdo\u015f<\/p>\n<p>Di hevpeyv\u00eeneke xwe de bi Kanala N\u00fb\u00e7eyan (El-Ixbariy\u00ea) ya s\u00fbr\u00ee re, bir\u00eaz Ehmed El-\u015eerih n\u00ear\u00eenek n\u00ee\u015fan da, ku heb\u00fbna Kurdistana S\u00fbriy\u00ea red dike, \u00fb dib\u00eaje ew dever piraniya w\u00ea ereb in \u00fb kurd j\u00ee bela bela ne li w\u00ea der\u00ea, herwiha  El-\u015eerih dib\u00eaje her \u015f\u00eaweyeke xudmuxtra\u00ee an j\u00ee serxweb\u00fbn\u00ea dibe seqamg\u00eeriy\u00ea li her\u00eam\u00ea t\u00eaxe metirsiy\u00ea \u00fb bandora w\u00ea bigihe dever\u00ean d\u00fbrtir weke Katalonya \u00fb \u00cerlandaya Bakur.<br \/>\nTev\u00ee ku El-\u015eerih di gotin\u00ean xwe de bangeke diyar ji bo got\u00fbb\u00eaj \u00fb dan\u00fbstandinan n\u00ee\u015fan da, bi taybet\u00ee dema got div\u00ea taybetmendiyeke her\u00eam\u00ean kurd\u00ee hebe  di nava \u00e7arey\u00ean hey\u00ee de. L\u00ea eger mirov bi k\u00fbrah\u00ee l\u00ea bin\u00eare, dib\u00eene namey\u00ean ve\u015fart\u00ee j\u00ee di wan gotinan de hene, ku kurdan hi\u015fyar dike  ji ti\u015ft\u00ea hik\u00fbmeta demk\u00ee r\u00ea li ber vedike, derbas nekin \u00fb li gor\u00ee n\u00ear\u00een\u00ean w\u00ea be di navendiya li dij\u00ee her \u015f\u00eaweyeke danp\u00eadan\u00ea bi maf\u00ean netew\u00ee.<br \/>\nJi aliy\u00ea d\u00eerok\u00ee ve j\u00ee, tunekirina heb\u00fbna Kurdistana S\u00fbriy\u00ea pi\u015ftguhkirineke ji rastiyeke diyar re ye. Kurd di heyama sedsalan de her di her\u00eam\u00ean xwe de piran\u00ee b\u00fbn. Belgenamey\u00ean d\u00eerok\u00ee v\u00ea yek\u00ea tekez dikin, weke deftera komkirina bacan a osmaniyan di sedsal\u00ean 16-19an de, serjim\u00ear\u00ee \u00fb nex\u015fey\u00ean frans\u00ee di dema Fransa dest dan\u00eeb\u00fb ser S\u00fbriy\u00ea de, raport\u00ean Wezareta Derve ya Fransa di sal\u00ean b\u00eestan de, Ferhenga mezin a Lorimer a br\u00eetan\u00ee (1908), \u00fb ji bil\u00ee bi sedan belgenamey\u00ean din ku tekez dikin heb\u00fbna kurdan ne n\u00fb ye, l\u00ea bel\u00ea d\u00fbr \u00fb dir\u00eaj e \u00fb bi sedsalan e \u00fb her di her\u00eam\u00ean xwe de piran\u00ee b\u00fbn.<br \/>\nPi\u015ft\u00ee ketina rej\u00eema S\u00fbriy\u00ea \u00fb \u00e7\u00eakirina hik\u00fbmeta demk\u00ee ji aliy\u00ea Desteya Tehr\u00eer \u015eam (HTS) ve, bi taybet\u00ee pi\u015ft\u00ee komkujiy\u00ean \u00e7ekdar\u00ean v\u00ea hik\u00fbmet\u00ea bi ser\u00ea elew\u00ee \u00fb durziyan de p\u00eak an\u00een, \u00fb berdewamiya mejiya tolhildan, serj\u00eakirina li kolanan, destdir\u00eaj\u00ee \u00fb tunekirina yekd\u00ee, metirsiy\u00ean li ser p\u00ea\u015feroja Kurdistana S\u00fbriy\u00ea ji ber\u00ea b\u00eatir b\u00fbn. Herwiha hate tekezkirin ku div\u00ea tevgera kurd li xwe vegere \u00fb hizir bike \u00e7awe bi v\u00ea hik\u00fbmeta demk\u00ee re bide \u00fb bist\u00eene. E\u015fkere b\u00fb, federal\u00eezm nema mumkin e bi v\u00ea hik\u00fbmeta defakto re, ji ber v\u00ea j\u00ee div\u00ea Kurd li alternat\u00eeveke din bigerin, ew j\u00ee maf\u00ea \u00e7aren\u00fbs y\u00ea derek\u00ee ye.<br \/>\nDaxuyaniy\u00ean bir\u00eaz Ehmed El-\u015eerih tekez dikin, hik\u00fbmeta demk\u00ee ne amade ye dan bi maf\u00ean netew\u00ee y\u00ean gel\u00ea kurd bide. Ji ber v\u00ea j\u00ee div\u00ea Kurd yekr\u00eaziya xwe xurt bikin \u00fb ji per\u00e7eb\u00fbna navxwey\u00ee xilas bibin ku wan lawaz dikin, herwiha div\u00ea kolana Kurdistan\u00ee li S\u00fbriy\u00ea \u00fb tarawga tev biger\u00eenin, ku karibin guva\u015feke gel\u00ear\u00ee ya berdewam \u00e7\u00eabikin \u00fb pi\u015ftgiriy\u00ea bidin v\u00ea daxwaz\u00ea. Di heman dem\u00ea de, div\u00ea hewl\u00ean d\u00eeplomas\u00ee di navbera aliy\u00ean kurd de xurtir bibin, ku karibin nameya xwe bi zelal\u00ee bigh\u00eenin civaka navdewlet\u00ee \u00fb daxwaz\u00ean xwe y\u00ean rewa bipar\u00eazin.<br \/>\nDiv\u00ea em zanibin, kolana Kurd\u00ee ji v\u00ea yek\u00ea re amade ye \u00fb li benda aliyek\u00ee ye w\u00ea bir\u00eave bibe. L\u00ea mixabin h\u00een ti serkirdayet\u00ee tine ye \u00fb ev j\u00ee astengiya her\u00ee mezin e. Derfeta hey\u00ee dibe careke din dubare nebe \u00fb eger em bi dest xwe ve neynin, dibe heta sedsaleke din dir\u00eaj bike.<\/p>\n<p>Maf\u00ea \u00e7aren\u00fbs y\u00ea derek\u00ee, ne minetek e ji \u00e7i hik\u00fbmet an deshilatek\u00ea, l\u00ea bel\u00ea pirens\u00eepeke sereke ya Yasaya navdewlet\u00ee ye, ku di madeya yek\u00ea ya belgenameya Netewey\u00ean Yekgirt\u00ee de hatiye \u00fb biryar\u00ean komeleya gi\u015ft\u00ee weke biryara 1514 ya tunekirina kolonyal\u00eezm\u00ea hatiye tekezkirin, herwiha biryara 2625 ya p\u00eawendiy\u00ean xwe\u015f di navbera welatan de.<br \/>\nTev\u00ee ku ragihandin\u00ean bir\u00eaz El-\u015eerih n\u00ee\u015fanin er\u00ean\u00ee t\u00eade heb\u00fbn ji bo got\u00fbb\u00eaj, dan\u00fbstandin\u00ean a\u015ftiyane \u00fb taybetmendiya her\u00eam\u00ean kurd\u00ee, l\u00ea namey\u00ean w\u00ee y\u00ean ve\u015fart\u00ee, bihna gefan j\u00ea t\u00ea. Yan\u00ee; Yan hevkar\u00ee \u00fb n\u00eaz\u00eekb\u00fbna ji desthelata navend\u00ee re bi d\u00fbrb\u00fbna ji daxwaz\u00ean serxweb\u00fbn\u00ea ve gir\u00eaday\u00ee be, yan j\u00ee \u015fer \u00fb gef di r\u00ea de ne \u00fb dibe bibin bijarde j\u00ee. Ev namey\u00ean ve\u015fart\u00ee n\u00ee\u015fan didin, aliy\u00ean din zora xwe didin ser bikaran\u00eena h\u00eaza ve\u015fart\u00ee ji bo gefxwarin\u00ea. Di heman dem\u00ea de ew hewl dide xwe diyar bike, ku ew al\u00eegir\u00ea \u00e7areya a\u015ftiyane ye.<br \/>\n\u00c7areserkirina doza kurd li S\u00fbriy\u00ea bi r\u00eaya tunekirin \u00fb gefan \u00e7\u00eanabe. \u00c7areser\u00ee ji w\u00ea yek\u00ea destp\u00ea dike, ku dan bi heb\u00fbna Kurdistana S\u00fbriy\u00ea \u00fb maf\u00ean netew\u00ee y\u00ean gel\u00ea kurd li gor\u00ee yasaya navdewlet\u00ee, p\u00ea werin day\u00een \u00fb rola wan di her \u00e7areseriyeke siyas\u00ee de hebe, ku seqamg\u00eer\u00ee li her\u00eam\u00ea \u00fb maf\u00ean sereke y\u00ean kurdan b\u00eane parastin. Eger ew nebe, \u00e7areya her\u00ee guncaw serxweb\u00fbn e. <\/p>\n","protected":false},"excerpt":{"rendered":"<p>Comerd Hemdo\u015f Di hevpeyv\u00eeneke xwe de bi Kanala N\u00fb\u00e7eyan (El-Ixbariy\u00ea) ya s\u00fbr\u00ee re, bir\u00eaz Ehmed&#8230;<\/p>\n","protected":false},"author":8,"featured_media":2027,"comment_status":"closed","ping_status":"closed","sticky":false,"template":"","format":"standard","meta":{"footnotes":""},"categories":[51],"tags":[],"class_list":["post-2622","post","type-post","status-publish","format-standard","has-post-thumbnail","hentry","category-gotar"],"yoast_head":"<!-- This site is optimized with the Yoast SEO plugin v27.5 - https:\/\/yoast.com\/product\/yoast-seo-wordpress\/ -->\n<title>Kurd \u00fb maf\u00ea \u00e7aren\u00fbs y\u00ea derek\u00ee li hember siyaset\u00ean tunekirin\u00ea &#8226; \u015eAK<\/title>\n<meta name=\"robots\" content=\"index, follow, max-snippet:-1, max-image-preview:large, max-video-preview:-1\" \/>\n<link rel=\"canonical\" href=\"https:\/\/saknews.net\/ku\/?p=2622\" \/>\n<meta property=\"og:locale\" content=\"en_US\" \/>\n<meta property=\"og:type\" content=\"article\" \/>\n<meta property=\"og:title\" content=\"Kurd \u00fb maf\u00ea \u00e7aren\u00fbs y\u00ea derek\u00ee li hember siyaset\u00ean tunekirin\u00ea &#8226; \u015eAK\" \/>\n<meta property=\"og:description\" content=\"Comerd Hemdo\u015f Di hevpeyv\u00eeneke xwe de bi Kanala N\u00fb\u00e7eyan (El-Ixbariy\u00ea) ya s\u00fbr\u00ee re, bir\u00eaz Ehmed...\" \/>\n<meta property=\"og:url\" content=\"https:\/\/saknews.net\/ku\/?p=2622\" \/>\n<meta property=\"og:site_name\" content=\"\u015eAK\" \/>\n<meta property=\"article:publisher\" content=\"https:\/\/www.facebook.com\/Shepel.ewropa\" \/>\n<meta property=\"article:published_time\" content=\"2025-09-16T08:19:00+00:00\" \/>\n<meta property=\"article:modified_time\" content=\"2025-09-16T11:11:59+00:00\" \/>\n<meta property=\"og:image\" content=\"https:\/\/saknews.net\/ku\/wp-content\/uploads\/2025\/01\/20250118_230741_0000.png\" \/>\n\t<meta property=\"og:image:width\" content=\"635\" \/>\n\t<meta property=\"og:image:height\" content=\"934\" \/>\n\t<meta property=\"og:image:type\" content=\"image\/png\" \/>\n<meta name=\"author\" content=\"Horan Hem\" \/>\n<meta name=\"twitter:card\" content=\"summary_large_image\" \/>\n<meta name=\"twitter:label1\" content=\"Written by\" \/>\n\t<meta name=\"twitter:data1\" content=\"Horan Hem\" \/>\n\t<meta name=\"twitter:label2\" content=\"Est. reading time\" \/>\n\t<meta name=\"twitter:data2\" content=\"4 minutes\" \/>\n<script type=\"application\/ld+json\" class=\"yoast-schema-graph\">{\"@context\":\"https:\\\/\\\/schema.org\",\"@graph\":[{\"@type\":\"Article\",\"@id\":\"https:\\\/\\\/saknews.net\\\/ku\\\/?p=2622#article\",\"isPartOf\":{\"@id\":\"https:\\\/\\\/saknews.net\\\/ku\\\/?p=2622\"},\"author\":{\"name\":\"Horan Hem\",\"@id\":\"https:\\\/\\\/saknews.net\\\/ku\\\/#\\\/schema\\\/person\\\/72ae32a4041a3817e015b63d8f409058\"},\"headline\":\"Kurd \u00fb maf\u00ea \u00e7aren\u00fbs y\u00ea derek\u00ee li hember siyaset\u00ean tunekirin\u00ea\",\"datePublished\":\"2025-09-16T08:19:00+00:00\",\"dateModified\":\"2025-09-16T11:11:59+00:00\",\"mainEntityOfPage\":{\"@id\":\"https:\\\/\\\/saknews.net\\\/ku\\\/?p=2622\"},\"wordCount\":848,\"publisher\":{\"@id\":\"https:\\\/\\\/saknews.net\\\/ku\\\/#organization\"},\"image\":{\"@id\":\"https:\\\/\\\/saknews.net\\\/ku\\\/?p=2622#primaryimage\"},\"thumbnailUrl\":\"https:\\\/\\\/i0.wp.com\\\/saknews.net\\\/ku\\\/wp-content\\\/uploads\\\/2025\\\/01\\\/20250118_230741_0000.png?fit=635%2C934&ssl=1\",\"articleSection\":[\"Gotar\"],\"inLanguage\":\"en-US\"},{\"@type\":\"WebPage\",\"@id\":\"https:\\\/\\\/saknews.net\\\/ku\\\/?p=2622\",\"url\":\"https:\\\/\\\/saknews.net\\\/ku\\\/?p=2622\",\"name\":\"Kurd \u00fb maf\u00ea \u00e7aren\u00fbs y\u00ea derek\u00ee li hember siyaset\u00ean tunekirin\u00ea &#8226; \u015eAK\",\"isPartOf\":{\"@id\":\"https:\\\/\\\/saknews.net\\\/ku\\\/#website\"},\"primaryImageOfPage\":{\"@id\":\"https:\\\/\\\/saknews.net\\\/ku\\\/?p=2622#primaryimage\"},\"image\":{\"@id\":\"https:\\\/\\\/saknews.net\\\/ku\\\/?p=2622#primaryimage\"},\"thumbnailUrl\":\"https:\\\/\\\/i0.wp.com\\\/saknews.net\\\/ku\\\/wp-content\\\/uploads\\\/2025\\\/01\\\/20250118_230741_0000.png?fit=635%2C934&ssl=1\",\"datePublished\":\"2025-09-16T08:19:00+00:00\",\"dateModified\":\"2025-09-16T11:11:59+00:00\",\"breadcrumb\":{\"@id\":\"https:\\\/\\\/saknews.net\\\/ku\\\/?p=2622#breadcrumb\"},\"inLanguage\":\"en-US\",\"potentialAction\":[{\"@type\":\"ReadAction\",\"target\":[\"https:\\\/\\\/saknews.net\\\/ku\\\/?p=2622\"]}]},{\"@type\":\"ImageObject\",\"inLanguage\":\"en-US\",\"@id\":\"https:\\\/\\\/saknews.net\\\/ku\\\/?p=2622#primaryimage\",\"url\":\"https:\\\/\\\/i0.wp.com\\\/saknews.net\\\/ku\\\/wp-content\\\/uploads\\\/2025\\\/01\\\/20250118_230741_0000.png?fit=635%2C934&ssl=1\",\"contentUrl\":\"https:\\\/\\\/i0.wp.com\\\/saknews.net\\\/ku\\\/wp-content\\\/uploads\\\/2025\\\/01\\\/20250118_230741_0000.png?fit=635%2C934&ssl=1\",\"width\":635,\"height\":934},{\"@type\":\"BreadcrumbList\",\"@id\":\"https:\\\/\\\/saknews.net\\\/ku\\\/?p=2622#breadcrumb\",\"itemListElement\":[{\"@type\":\"ListItem\",\"position\":1,\"name\":\"\u0627\u0644\u0631\u0626\u064a\u0633\u064a\u0629\",\"item\":\"https:\\\/\\\/saknews.net\\\/ku\\\/\"},{\"@type\":\"ListItem\",\"position\":2,\"name\":\"Gotar\",\"item\":\"https:\\\/\\\/saknews.net\\\/ku\\\/?cat=51\"},{\"@type\":\"ListItem\",\"position\":3,\"name\":\"Kurd \u00fb maf\u00ea \u00e7aren\u00fbs y\u00ea derek\u00ee li hember siyaset\u00ean tunekirin\u00ea\"}]},{\"@type\":\"WebSite\",\"@id\":\"https:\\\/\\\/saknews.net\\\/ku\\\/#website\",\"url\":\"https:\\\/\\\/saknews.net\\\/ku\\\/\",\"name\":\"S\u0327epe\u0302la Azadi\u0302 ya Kurdistani\u0302\",\"description\":\"\u062a\u064a\u0627\u0631 \u0627\u0644\u062d\u0631\u064a\u0629 \u0627\u0644\u0643\u0648\u0631\u062f\u0633\u062a\u0627\u0646\u064a \u015eep\u00eala Azad\u00ee ya Kurdistan\u00ee\",\"publisher\":{\"@id\":\"https:\\\/\\\/saknews.net\\\/ku\\\/#organization\"},\"potentialAction\":[{\"@type\":\"SearchAction\",\"target\":{\"@type\":\"EntryPoint\",\"urlTemplate\":\"https:\\\/\\\/saknews.net\\\/ku\\\/?s={search_term_string}\"},\"query-input\":{\"@type\":\"PropertyValueSpecification\",\"valueRequired\":true,\"valueName\":\"search_term_string\"}}],\"inLanguage\":\"en-US\"},{\"@type\":\"Organization\",\"@id\":\"https:\\\/\\\/saknews.net\\\/ku\\\/#organization\",\"name\":\"\u015eep\u00eala Azadiy\u00ea ya Kurdistan\u00ea - \u062a\u064a\u0627\u0631 \u0627\u0644\u062d\u0631\u064a\u0629 \u0627\u0644\u0643\u0648\u0631\u062f\u0633\u062a\u0627\u0646\u064a\",\"url\":\"https:\\\/\\\/saknews.net\\\/ku\\\/\",\"logo\":{\"@type\":\"ImageObject\",\"inLanguage\":\"en-US\",\"@id\":\"https:\\\/\\\/saknews.net\\\/ku\\\/#\\\/schema\\\/logo\\\/image\\\/\",\"url\":\"https:\\\/\\\/i0.wp.com\\\/saknews.net\\\/ku\\\/wp-content\\\/uploads\\\/2024\\\/11\\\/cropped-logo-1.png?fit=512%2C512&ssl=1\",\"contentUrl\":\"https:\\\/\\\/i0.wp.com\\\/saknews.net\\\/ku\\\/wp-content\\\/uploads\\\/2024\\\/11\\\/cropped-logo-1.png?fit=512%2C512&ssl=1\",\"width\":512,\"height\":512,\"caption\":\"\u015eep\u00eala Azadiy\u00ea ya Kurdistan\u00ea - \u062a\u064a\u0627\u0631 \u0627\u0644\u062d\u0631\u064a\u0629 \u0627\u0644\u0643\u0648\u0631\u062f\u0633\u062a\u0627\u0646\u064a\"},\"image\":{\"@id\":\"https:\\\/\\\/saknews.net\\\/ku\\\/#\\\/schema\\\/logo\\\/image\\\/\"},\"sameAs\":[\"https:\\\/\\\/www.facebook.com\\\/Shepel.ewropa\"]},{\"@type\":\"Person\",\"@id\":\"https:\\\/\\\/saknews.net\\\/ku\\\/#\\\/schema\\\/person\\\/72ae32a4041a3817e015b63d8f409058\",\"name\":\"Horan Hem\",\"url\":\"https:\\\/\\\/saknews.net\\\/ku\\\/?author=8\"}]}<\/script>\n<!-- \/ Yoast SEO plugin. -->","yoast_head_json":{"title":"Kurd \u00fb maf\u00ea \u00e7aren\u00fbs y\u00ea derek\u00ee li hember siyaset\u00ean tunekirin\u00ea &#8226; \u015eAK","robots":{"index":"index","follow":"follow","max-snippet":"max-snippet:-1","max-image-preview":"max-image-preview:large","max-video-preview":"max-video-preview:-1"},"canonical":"https:\/\/saknews.net\/ku\/?p=2622","og_locale":"en_US","og_type":"article","og_title":"Kurd \u00fb maf\u00ea \u00e7aren\u00fbs y\u00ea derek\u00ee li hember siyaset\u00ean tunekirin\u00ea &#8226; \u015eAK","og_description":"Comerd Hemdo\u015f Di hevpeyv\u00eeneke xwe de bi Kanala N\u00fb\u00e7eyan (El-Ixbariy\u00ea) ya s\u00fbr\u00ee re, bir\u00eaz Ehmed...","og_url":"https:\/\/saknews.net\/ku\/?p=2622","og_site_name":"\u015eAK","article_publisher":"https:\/\/www.facebook.com\/Shepel.ewropa","article_published_time":"2025-09-16T08:19:00+00:00","article_modified_time":"2025-09-16T11:11:59+00:00","og_image":[{"width":635,"height":934,"url":"https:\/\/saknews.net\/ku\/wp-content\/uploads\/2025\/01\/20250118_230741_0000.png","type":"image\/png"}],"author":"Horan Hem","twitter_card":"summary_large_image","twitter_misc":{"Written by":"Horan Hem","Est. reading time":"4 minutes"},"schema":{"@context":"https:\/\/schema.org","@graph":[{"@type":"Article","@id":"https:\/\/saknews.net\/ku\/?p=2622#article","isPartOf":{"@id":"https:\/\/saknews.net\/ku\/?p=2622"},"author":{"name":"Horan Hem","@id":"https:\/\/saknews.net\/ku\/#\/schema\/person\/72ae32a4041a3817e015b63d8f409058"},"headline":"Kurd \u00fb maf\u00ea \u00e7aren\u00fbs y\u00ea derek\u00ee li hember siyaset\u00ean tunekirin\u00ea","datePublished":"2025-09-16T08:19:00+00:00","dateModified":"2025-09-16T11:11:59+00:00","mainEntityOfPage":{"@id":"https:\/\/saknews.net\/ku\/?p=2622"},"wordCount":848,"publisher":{"@id":"https:\/\/saknews.net\/ku\/#organization"},"image":{"@id":"https:\/\/saknews.net\/ku\/?p=2622#primaryimage"},"thumbnailUrl":"https:\/\/i0.wp.com\/saknews.net\/ku\/wp-content\/uploads\/2025\/01\/20250118_230741_0000.png?fit=635%2C934&ssl=1","articleSection":["Gotar"],"inLanguage":"en-US"},{"@type":"WebPage","@id":"https:\/\/saknews.net\/ku\/?p=2622","url":"https:\/\/saknews.net\/ku\/?p=2622","name":"Kurd \u00fb maf\u00ea \u00e7aren\u00fbs y\u00ea derek\u00ee li hember siyaset\u00ean tunekirin\u00ea &#8226; \u015eAK","isPartOf":{"@id":"https:\/\/saknews.net\/ku\/#website"},"primaryImageOfPage":{"@id":"https:\/\/saknews.net\/ku\/?p=2622#primaryimage"},"image":{"@id":"https:\/\/saknews.net\/ku\/?p=2622#primaryimage"},"thumbnailUrl":"https:\/\/i0.wp.com\/saknews.net\/ku\/wp-content\/uploads\/2025\/01\/20250118_230741_0000.png?fit=635%2C934&ssl=1","datePublished":"2025-09-16T08:19:00+00:00","dateModified":"2025-09-16T11:11:59+00:00","breadcrumb":{"@id":"https:\/\/saknews.net\/ku\/?p=2622#breadcrumb"},"inLanguage":"en-US","potentialAction":[{"@type":"ReadAction","target":["https:\/\/saknews.net\/ku\/?p=2622"]}]},{"@type":"ImageObject","inLanguage":"en-US","@id":"https:\/\/saknews.net\/ku\/?p=2622#primaryimage","url":"https:\/\/i0.wp.com\/saknews.net\/ku\/wp-content\/uploads\/2025\/01\/20250118_230741_0000.png?fit=635%2C934&ssl=1","contentUrl":"https:\/\/i0.wp.com\/saknews.net\/ku\/wp-content\/uploads\/2025\/01\/20250118_230741_0000.png?fit=635%2C934&ssl=1","width":635,"height":934},{"@type":"BreadcrumbList","@id":"https:\/\/saknews.net\/ku\/?p=2622#breadcrumb","itemListElement":[{"@type":"ListItem","position":1,"name":"\u0627\u0644\u0631\u0626\u064a\u0633\u064a\u0629","item":"https:\/\/saknews.net\/ku\/"},{"@type":"ListItem","position":2,"name":"Gotar","item":"https:\/\/saknews.net\/ku\/?cat=51"},{"@type":"ListItem","position":3,"name":"Kurd \u00fb maf\u00ea \u00e7aren\u00fbs y\u00ea derek\u00ee li hember siyaset\u00ean tunekirin\u00ea"}]},{"@type":"WebSite","@id":"https:\/\/saknews.net\/ku\/#website","url":"https:\/\/saknews.net\/ku\/","name":"S\u0327epe\u0302la Azadi\u0302 ya Kurdistani\u0302","description":"\u062a\u064a\u0627\u0631 \u0627\u0644\u062d\u0631\u064a\u0629 \u0627\u0644\u0643\u0648\u0631\u062f\u0633\u062a\u0627\u0646\u064a \u015eep\u00eala Azad\u00ee ya Kurdistan\u00ee","publisher":{"@id":"https:\/\/saknews.net\/ku\/#organization"},"potentialAction":[{"@type":"SearchAction","target":{"@type":"EntryPoint","urlTemplate":"https:\/\/saknews.net\/ku\/?s={search_term_string}"},"query-input":{"@type":"PropertyValueSpecification","valueRequired":true,"valueName":"search_term_string"}}],"inLanguage":"en-US"},{"@type":"Organization","@id":"https:\/\/saknews.net\/ku\/#organization","name":"\u015eep\u00eala Azadiy\u00ea ya Kurdistan\u00ea - \u062a\u064a\u0627\u0631 \u0627\u0644\u062d\u0631\u064a\u0629 \u0627\u0644\u0643\u0648\u0631\u062f\u0633\u062a\u0627\u0646\u064a","url":"https:\/\/saknews.net\/ku\/","logo":{"@type":"ImageObject","inLanguage":"en-US","@id":"https:\/\/saknews.net\/ku\/#\/schema\/logo\/image\/","url":"https:\/\/i0.wp.com\/saknews.net\/ku\/wp-content\/uploads\/2024\/11\/cropped-logo-1.png?fit=512%2C512&ssl=1","contentUrl":"https:\/\/i0.wp.com\/saknews.net\/ku\/wp-content\/uploads\/2024\/11\/cropped-logo-1.png?fit=512%2C512&ssl=1","width":512,"height":512,"caption":"\u015eep\u00eala Azadiy\u00ea ya Kurdistan\u00ea - \u062a\u064a\u0627\u0631 \u0627\u0644\u062d\u0631\u064a\u0629 \u0627\u0644\u0643\u0648\u0631\u062f\u0633\u062a\u0627\u0646\u064a"},"image":{"@id":"https:\/\/saknews.net\/ku\/#\/schema\/logo\/image\/"},"sameAs":["https:\/\/www.facebook.com\/Shepel.ewropa"]},{"@type":"Person","@id":"https:\/\/saknews.net\/ku\/#\/schema\/person\/72ae32a4041a3817e015b63d8f409058","name":"Horan Hem","url":"https:\/\/saknews.net\/ku\/?author=8"}]}},"featured_image_urls":{"full":["https:\/\/i0.wp.com\/saknews.net\/ku\/wp-content\/uploads\/2025\/01\/20250118_230741_0000.png?fit=635%2C934&ssl=1",635,934,false],"thumbnail":["https:\/\/i0.wp.com\/saknews.net\/ku\/wp-content\/uploads\/2025\/01\/20250118_230741_0000.png?resize=150%2C150&ssl=1",150,150,true],"medium":["https:\/\/i0.wp.com\/saknews.net\/ku\/wp-content\/uploads\/2025\/01\/20250118_230741_0000.png?fit=204%2C300&ssl=1",204,300,true],"medium_large":["https:\/\/i0.wp.com\/saknews.net\/ku\/wp-content\/uploads\/2025\/01\/20250118_230741_0000.png?fit=635%2C934&ssl=1",635,934,true],"large":["https:\/\/i0.wp.com\/saknews.net\/ku\/wp-content\/uploads\/2025\/01\/20250118_230741_0000.png?fit=635%2C934&ssl=1",635,934,true],"1536x1536":["https:\/\/i0.wp.com\/saknews.net\/ku\/wp-content\/uploads\/2025\/01\/20250118_230741_0000.png?fit=635%2C934&ssl=1",635,934,true],"2048x2048":["https:\/\/i0.wp.com\/saknews.net\/ku\/wp-content\/uploads\/2025\/01\/20250118_230741_0000.png?fit=635%2C934&ssl=1",635,934,true],"covernews-featured":["https:\/\/i0.wp.com\/saknews.net\/ku\/wp-content\/uploads\/2025\/01\/20250118_230741_0000.png?fit=635%2C934&ssl=1",635,934,true],"covernews-medium":["https:\/\/i0.wp.com\/saknews.net\/ku\/wp-content\/uploads\/2025\/01\/20250118_230741_0000.png?resize=540%2C340&ssl=1",540,340,true]},"author_info":{"display_name":"Horan Hem","author_link":"https:\/\/saknews.net\/ku\/?author=8"},"category_info":"<a href=\"https:\/\/saknews.net\/ku\/?cat=51\" rel=\"category\">Gotar<\/a>","tag_info":"Gotar","comment_count":"0","_links":{"self":[{"href":"https:\/\/saknews.net\/ku\/index.php?rest_route=\/wp\/v2\/posts\/2622","targetHints":{"allow":["GET"]}}],"collection":[{"href":"https:\/\/saknews.net\/ku\/index.php?rest_route=\/wp\/v2\/posts"}],"about":[{"href":"https:\/\/saknews.net\/ku\/index.php?rest_route=\/wp\/v2\/types\/post"}],"author":[{"embeddable":true,"href":"https:\/\/saknews.net\/ku\/index.php?rest_route=\/wp\/v2\/users\/8"}],"replies":[{"embeddable":true,"href":"https:\/\/saknews.net\/ku\/index.php?rest_route=%2Fwp%2Fv2%2Fcomments&post=2622"}],"version-history":[{"count":3,"href":"https:\/\/saknews.net\/ku\/index.php?rest_route=\/wp\/v2\/posts\/2622\/revisions"}],"predecessor-version":[{"id":2626,"href":"https:\/\/saknews.net\/ku\/index.php?rest_route=\/wp\/v2\/posts\/2622\/revisions\/2626"}],"wp:featuredmedia":[{"embeddable":true,"href":"https:\/\/saknews.net\/ku\/index.php?rest_route=\/wp\/v2\/media\/2027"}],"wp:attachment":[{"href":"https:\/\/saknews.net\/ku\/index.php?rest_route=%2Fwp%2Fv2%2Fmedia&parent=2622"}],"wp:term":[{"taxonomy":"category","embeddable":true,"href":"https:\/\/saknews.net\/ku\/index.php?rest_route=%2Fwp%2Fv2%2Fcategories&post=2622"},{"taxonomy":"post_tag","embeddable":true,"href":"https:\/\/saknews.net\/ku\/index.php?rest_route=%2Fwp%2Fv2%2Ftags&post=2622"}],"curies":[{"name":"wp","href":"https:\/\/api.w.org\/{rel}","templated":true}]}}