{"id":2627,"date":"2025-09-23T19:14:58","date_gmt":"2025-09-23T19:14:58","guid":{"rendered":"https:\/\/saknews.net\/ku\/?p=2627"},"modified":"2025-09-23T19:14:58","modified_gmt":"2025-09-23T19:14:58","slug":"navenda-guhertine-li-same-behsa-federalizme-dike","status":"publish","type":"post","link":"https:\/\/saknews.net\/ku\/?p=2627","title":{"rendered":"Navenda Guhertin\u00ea li \u015eam\u00ea behsa Federal\u00eezm\u00ea dike"},"content":{"rendered":"<p>Navenda Guhertina Demokrat li \u015eam\u00ea bi hemaheng\u00ee bi Navenda Ewrop\u00ee ya L\u00eakol\u00een\u00ean Kurd\u00ee \u00fb R\u00eaxistina Zelal re Workshopek derbar\u00ea Federal\u00eezm\u00ea bi navn\u00ee\u015fana &#8221; Hevgirtin yek\u00eet\u00ee ye an \u00e7i? &#8221; lidar xist .<br \/>\nDr. S\u00f6ren Keil,profesor\u00ea Federal\u00eezm \u00fb nenavendiy\u00ea herwiha mamostey\u00ea siyaset\u00ean navdewlet\u00ee li Zan\u00eengeha Pasau ya Almanya, di derbar\u00ea pirs\u00ean Federal\u00eezm, nenavend\u00ee \u00fb otonom\u00eeya her\u00eam\u00ee de \u00e7end wane dan. Bir\u00eavebirina civat\u00ea ji aliy\u00ea \u00cedr\u00ees Murad ve b\u00fb weke n\u00fbner\u00ea navend\u00ea.<br \/>\nDi v\u00ea Workshop\u00ea de hejmarek ji n\u00fbner\u00ean siyas\u00ee \u00fb guh didine rew\u015fa gi\u015ft\u00ee. <\/p>\n<p>Di roja yek\u00ea de 2 r\u00fbni\u015ftin\u00ean sereke heb\u00fbn:<br \/>\n&#8211; Destp\u00eak li ser Federal\u00eezm\u00ea,  t\u00eade d\u00eerok \u00fb reng\u00ean w\u00ea y\u00ean cuda hatin behskirin,  herwiha teor\u00ee \u00fb be\u015f\u00ean sereke y\u00ean w\u00ea \u00fb c\u00eebic\u00eekirina w\u00ea li c\u00eehan\u00ea.<br \/>\n&#8211; Federal\u00eezm, nenavend\u00ee \u00fb otonom\u00eeya her\u00eam\u00ee, t\u00eade behsa cur\u00ean duda j\u00ee nenavendiy\u00ea hate kirin \u00fb \u00e7end nim\u00fbne li ser welat\u00ean cuda hatin day\u00een.<br \/>\nKar\u00ean Workshop ji bo roja diw\u00ea ji didome, ku tekez\u00ee li ser derfet \u00fb asteng\u00eey\u00ean li p\u00ea\u015f otonom\u00eeya her\u00eam\u00ee dike, herwiha otonom\u00eeya li S\u00fbr\u00eey\u00ea pi\u015ft\u00ee aloziyan \u00fb bandora w\u00ea li ser hik\u00fbmeta navend\u00ee \u00fb p\u00eakhateyan , herwiha eger\u00ean avakirina hik\u00fbmeteke gi\u015ftg\u00eer. <\/p>\n<p>Ev Workshop yekem\u00een kar\u00ea Navenda Guhertina Demokrat e li \u015eam\u00ea weke navendeke ruxsetkiri,  biryar e di dem\u00ean b\u00ea de j\u00ee workshop\u00ean din j\u00ee li \u015eam\u00ea derbar\u00ea mijar\u00ean nenavend\u00ee \u00fb demokrasiy\u00ea lidar bixe.<\/p>\n","protected":false},"excerpt":{"rendered":"<p>Navenda Guhertina Demokrat li \u015eam\u00ea bi hemaheng\u00ee bi Navenda Ewrop\u00ee ya L\u00eakol\u00een\u00ean Kurd\u00ee \u00fb R\u00eaxistina&#8230;<\/p>\n","protected":false},"author":8,"featured_media":2628,"comment_status":"closed","ping_status":"closed","sticky":false,"template":"","format":"standard","meta":{"footnotes":""},"categories":[49],"tags":[],"class_list":["post-2627","post","type-post","status-publish","format-standard","has-post-thumbnail","hentry","category-nuce"],"yoast_head":"<!-- This site is optimized with the Yoast SEO plugin v27.5 - https:\/\/yoast.com\/product\/yoast-seo-wordpress\/ -->\n<title>Navenda Guhertin\u00ea li \u015eam\u00ea behsa Federal\u00eezm\u00ea dike &#8226; \u015eAK<\/title>\n<meta name=\"robots\" content=\"index, follow, max-snippet:-1, max-image-preview:large, max-video-preview:-1\" \/>\n<link rel=\"canonical\" href=\"https:\/\/saknews.net\/ku\/?p=2627\" \/>\n<meta property=\"og:locale\" content=\"en_US\" \/>\n<meta property=\"og:type\" content=\"article\" \/>\n<meta property=\"og:title\" content=\"Navenda Guhertin\u00ea li \u015eam\u00ea behsa Federal\u00eezm\u00ea dike &#8226; \u015eAK\" \/>\n<meta property=\"og:description\" content=\"Navenda Guhertina Demokrat li \u015eam\u00ea bi hemaheng\u00ee bi Navenda Ewrop\u00ee ya L\u00eakol\u00een\u00ean Kurd\u00ee \u00fb R\u00eaxistina...\" \/>\n<meta property=\"og:url\" content=\"https:\/\/saknews.net\/ku\/?p=2627\" \/>\n<meta property=\"og:site_name\" content=\"\u015eAK\" \/>\n<meta property=\"article:publisher\" content=\"https:\/\/www.facebook.com\/Shepel.ewropa\" \/>\n<meta property=\"article:published_time\" content=\"2025-09-23T19:14:58+00:00\" \/>\n<meta property=\"og:image\" content=\"https:\/\/saknews.net\/ku\/wp-content\/uploads\/2025\/09\/Screenshot_20250923_155423_YouTube.jpg\" \/>\n\t<meta property=\"og:image:width\" content=\"1910\" \/>\n\t<meta property=\"og:image:height\" content=\"1071\" \/>\n\t<meta property=\"og:image:type\" content=\"image\/jpeg\" \/>\n<meta name=\"author\" content=\"Horan Hem\" \/>\n<meta name=\"twitter:card\" content=\"summary_large_image\" \/>\n<meta name=\"twitter:label1\" content=\"Written by\" \/>\n\t<meta name=\"twitter:data1\" content=\"Horan Hem\" \/>\n\t<meta name=\"twitter:label2\" content=\"Est. reading time\" \/>\n\t<meta name=\"twitter:data2\" content=\"1 minute\" \/>\n<script type=\"application\/ld+json\" class=\"yoast-schema-graph\">{\"@context\":\"https:\\\/\\\/schema.org\",\"@graph\":[{\"@type\":\"Article\",\"@id\":\"https:\\\/\\\/saknews.net\\\/ku\\\/?p=2627#article\",\"isPartOf\":{\"@id\":\"https:\\\/\\\/saknews.net\\\/ku\\\/?p=2627\"},\"author\":{\"name\":\"Horan Hem\",\"@id\":\"https:\\\/\\\/saknews.net\\\/ku\\\/#\\\/schema\\\/person\\\/72ae32a4041a3817e015b63d8f409058\"},\"headline\":\"Navenda Guhertin\u00ea li \u015eam\u00ea behsa Federal\u00eezm\u00ea dike\",\"datePublished\":\"2025-09-23T19:14:58+00:00\",\"mainEntityOfPage\":{\"@id\":\"https:\\\/\\\/saknews.net\\\/ku\\\/?p=2627\"},\"wordCount\":268,\"publisher\":{\"@id\":\"https:\\\/\\\/saknews.net\\\/ku\\\/#organization\"},\"image\":{\"@id\":\"https:\\\/\\\/saknews.net\\\/ku\\\/?p=2627#primaryimage\"},\"thumbnailUrl\":\"https:\\\/\\\/i0.wp.com\\\/saknews.net\\\/ku\\\/wp-content\\\/uploads\\\/2025\\\/09\\\/Screenshot_20250923_155423_YouTube.jpg?fit=1910%2C1071&ssl=1\",\"articleSection\":[\"N\u00fb\u00e7e\"],\"inLanguage\":\"en-US\"},{\"@type\":\"WebPage\",\"@id\":\"https:\\\/\\\/saknews.net\\\/ku\\\/?p=2627\",\"url\":\"https:\\\/\\\/saknews.net\\\/ku\\\/?p=2627\",\"name\":\"Navenda Guhertin\u00ea li \u015eam\u00ea behsa Federal\u00eezm\u00ea dike &#8226; \u015eAK\",\"isPartOf\":{\"@id\":\"https:\\\/\\\/saknews.net\\\/ku\\\/#website\"},\"primaryImageOfPage\":{\"@id\":\"https:\\\/\\\/saknews.net\\\/ku\\\/?p=2627#primaryimage\"},\"image\":{\"@id\":\"https:\\\/\\\/saknews.net\\\/ku\\\/?p=2627#primaryimage\"},\"thumbnailUrl\":\"https:\\\/\\\/i0.wp.com\\\/saknews.net\\\/ku\\\/wp-content\\\/uploads\\\/2025\\\/09\\\/Screenshot_20250923_155423_YouTube.jpg?fit=1910%2C1071&ssl=1\",\"datePublished\":\"2025-09-23T19:14:58+00:00\",\"breadcrumb\":{\"@id\":\"https:\\\/\\\/saknews.net\\\/ku\\\/?p=2627#breadcrumb\"},\"inLanguage\":\"en-US\",\"potentialAction\":[{\"@type\":\"ReadAction\",\"target\":[\"https:\\\/\\\/saknews.net\\\/ku\\\/?p=2627\"]}]},{\"@type\":\"ImageObject\",\"inLanguage\":\"en-US\",\"@id\":\"https:\\\/\\\/saknews.net\\\/ku\\\/?p=2627#primaryimage\",\"url\":\"https:\\\/\\\/i0.wp.com\\\/saknews.net\\\/ku\\\/wp-content\\\/uploads\\\/2025\\\/09\\\/Screenshot_20250923_155423_YouTube.jpg?fit=1910%2C1071&ssl=1\",\"contentUrl\":\"https:\\\/\\\/i0.wp.com\\\/saknews.net\\\/ku\\\/wp-content\\\/uploads\\\/2025\\\/09\\\/Screenshot_20250923_155423_YouTube.jpg?fit=1910%2C1071&ssl=1\",\"width\":1910,\"height\":1071},{\"@type\":\"BreadcrumbList\",\"@id\":\"https:\\\/\\\/saknews.net\\\/ku\\\/?p=2627#breadcrumb\",\"itemListElement\":[{\"@type\":\"ListItem\",\"position\":1,\"name\":\"\u0627\u0644\u0631\u0626\u064a\u0633\u064a\u0629\",\"item\":\"https:\\\/\\\/saknews.net\\\/ku\\\/\"},{\"@type\":\"ListItem\",\"position\":2,\"name\":\"N\u00fb\u00e7e\",\"item\":\"https:\\\/\\\/saknews.net\\\/ku\\\/?cat=49\"},{\"@type\":\"ListItem\",\"position\":3,\"name\":\"Navenda Guhertin\u00ea li \u015eam\u00ea behsa Federal\u00eezm\u00ea dike\"}]},{\"@type\":\"WebSite\",\"@id\":\"https:\\\/\\\/saknews.net\\\/ku\\\/#website\",\"url\":\"https:\\\/\\\/saknews.net\\\/ku\\\/\",\"name\":\"S\u0327epe\u0302la Azadi\u0302 ya Kurdistani\u0302\",\"description\":\"\u062a\u064a\u0627\u0631 \u0627\u0644\u062d\u0631\u064a\u0629 \u0627\u0644\u0643\u0648\u0631\u062f\u0633\u062a\u0627\u0646\u064a \u015eep\u00eala Azad\u00ee ya Kurdistan\u00ee\",\"publisher\":{\"@id\":\"https:\\\/\\\/saknews.net\\\/ku\\\/#organization\"},\"potentialAction\":[{\"@type\":\"SearchAction\",\"target\":{\"@type\":\"EntryPoint\",\"urlTemplate\":\"https:\\\/\\\/saknews.net\\\/ku\\\/?s={search_term_string}\"},\"query-input\":{\"@type\":\"PropertyValueSpecification\",\"valueRequired\":true,\"valueName\":\"search_term_string\"}}],\"inLanguage\":\"en-US\"},{\"@type\":\"Organization\",\"@id\":\"https:\\\/\\\/saknews.net\\\/ku\\\/#organization\",\"name\":\"\u015eep\u00eala Azadiy\u00ea ya Kurdistan\u00ea - \u062a\u064a\u0627\u0631 \u0627\u0644\u062d\u0631\u064a\u0629 \u0627\u0644\u0643\u0648\u0631\u062f\u0633\u062a\u0627\u0646\u064a\",\"url\":\"https:\\\/\\\/saknews.net\\\/ku\\\/\",\"logo\":{\"@type\":\"ImageObject\",\"inLanguage\":\"en-US\",\"@id\":\"https:\\\/\\\/saknews.net\\\/ku\\\/#\\\/schema\\\/logo\\\/image\\\/\",\"url\":\"https:\\\/\\\/i0.wp.com\\\/saknews.net\\\/ku\\\/wp-content\\\/uploads\\\/2024\\\/11\\\/cropped-logo-1.png?fit=512%2C512&ssl=1\",\"contentUrl\":\"https:\\\/\\\/i0.wp.com\\\/saknews.net\\\/ku\\\/wp-content\\\/uploads\\\/2024\\\/11\\\/cropped-logo-1.png?fit=512%2C512&ssl=1\",\"width\":512,\"height\":512,\"caption\":\"\u015eep\u00eala Azadiy\u00ea ya Kurdistan\u00ea - \u062a\u064a\u0627\u0631 \u0627\u0644\u062d\u0631\u064a\u0629 \u0627\u0644\u0643\u0648\u0631\u062f\u0633\u062a\u0627\u0646\u064a\"},\"image\":{\"@id\":\"https:\\\/\\\/saknews.net\\\/ku\\\/#\\\/schema\\\/logo\\\/image\\\/\"},\"sameAs\":[\"https:\\\/\\\/www.facebook.com\\\/Shepel.ewropa\"]},{\"@type\":\"Person\",\"@id\":\"https:\\\/\\\/saknews.net\\\/ku\\\/#\\\/schema\\\/person\\\/72ae32a4041a3817e015b63d8f409058\",\"name\":\"Horan Hem\",\"url\":\"https:\\\/\\\/saknews.net\\\/ku\\\/?author=8\"}]}<\/script>\n<!-- \/ Yoast SEO plugin. -->","yoast_head_json":{"title":"Navenda Guhertin\u00ea li \u015eam\u00ea behsa Federal\u00eezm\u00ea dike &#8226; \u015eAK","robots":{"index":"index","follow":"follow","max-snippet":"max-snippet:-1","max-image-preview":"max-image-preview:large","max-video-preview":"max-video-preview:-1"},"canonical":"https:\/\/saknews.net\/ku\/?p=2627","og_locale":"en_US","og_type":"article","og_title":"Navenda Guhertin\u00ea li \u015eam\u00ea behsa Federal\u00eezm\u00ea dike &#8226; \u015eAK","og_description":"Navenda Guhertina Demokrat li \u015eam\u00ea bi hemaheng\u00ee bi Navenda Ewrop\u00ee ya L\u00eakol\u00een\u00ean Kurd\u00ee \u00fb R\u00eaxistina...","og_url":"https:\/\/saknews.net\/ku\/?p=2627","og_site_name":"\u015eAK","article_publisher":"https:\/\/www.facebook.com\/Shepel.ewropa","article_published_time":"2025-09-23T19:14:58+00:00","og_image":[{"width":1910,"height":1071,"url":"https:\/\/saknews.net\/ku\/wp-content\/uploads\/2025\/09\/Screenshot_20250923_155423_YouTube.jpg","type":"image\/jpeg"}],"author":"Horan Hem","twitter_card":"summary_large_image","twitter_misc":{"Written by":"Horan Hem","Est. reading time":"1 minute"},"schema":{"@context":"https:\/\/schema.org","@graph":[{"@type":"Article","@id":"https:\/\/saknews.net\/ku\/?p=2627#article","isPartOf":{"@id":"https:\/\/saknews.net\/ku\/?p=2627"},"author":{"name":"Horan Hem","@id":"https:\/\/saknews.net\/ku\/#\/schema\/person\/72ae32a4041a3817e015b63d8f409058"},"headline":"Navenda Guhertin\u00ea li \u015eam\u00ea behsa Federal\u00eezm\u00ea dike","datePublished":"2025-09-23T19:14:58+00:00","mainEntityOfPage":{"@id":"https:\/\/saknews.net\/ku\/?p=2627"},"wordCount":268,"publisher":{"@id":"https:\/\/saknews.net\/ku\/#organization"},"image":{"@id":"https:\/\/saknews.net\/ku\/?p=2627#primaryimage"},"thumbnailUrl":"https:\/\/i0.wp.com\/saknews.net\/ku\/wp-content\/uploads\/2025\/09\/Screenshot_20250923_155423_YouTube.jpg?fit=1910%2C1071&ssl=1","articleSection":["N\u00fb\u00e7e"],"inLanguage":"en-US"},{"@type":"WebPage","@id":"https:\/\/saknews.net\/ku\/?p=2627","url":"https:\/\/saknews.net\/ku\/?p=2627","name":"Navenda Guhertin\u00ea li \u015eam\u00ea behsa Federal\u00eezm\u00ea dike &#8226; \u015eAK","isPartOf":{"@id":"https:\/\/saknews.net\/ku\/#website"},"primaryImageOfPage":{"@id":"https:\/\/saknews.net\/ku\/?p=2627#primaryimage"},"image":{"@id":"https:\/\/saknews.net\/ku\/?p=2627#primaryimage"},"thumbnailUrl":"https:\/\/i0.wp.com\/saknews.net\/ku\/wp-content\/uploads\/2025\/09\/Screenshot_20250923_155423_YouTube.jpg?fit=1910%2C1071&ssl=1","datePublished":"2025-09-23T19:14:58+00:00","breadcrumb":{"@id":"https:\/\/saknews.net\/ku\/?p=2627#breadcrumb"},"inLanguage":"en-US","potentialAction":[{"@type":"ReadAction","target":["https:\/\/saknews.net\/ku\/?p=2627"]}]},{"@type":"ImageObject","inLanguage":"en-US","@id":"https:\/\/saknews.net\/ku\/?p=2627#primaryimage","url":"https:\/\/i0.wp.com\/saknews.net\/ku\/wp-content\/uploads\/2025\/09\/Screenshot_20250923_155423_YouTube.jpg?fit=1910%2C1071&ssl=1","contentUrl":"https:\/\/i0.wp.com\/saknews.net\/ku\/wp-content\/uploads\/2025\/09\/Screenshot_20250923_155423_YouTube.jpg?fit=1910%2C1071&ssl=1","width":1910,"height":1071},{"@type":"BreadcrumbList","@id":"https:\/\/saknews.net\/ku\/?p=2627#breadcrumb","itemListElement":[{"@type":"ListItem","position":1,"name":"\u0627\u0644\u0631\u0626\u064a\u0633\u064a\u0629","item":"https:\/\/saknews.net\/ku\/"},{"@type":"ListItem","position":2,"name":"N\u00fb\u00e7e","item":"https:\/\/saknews.net\/ku\/?cat=49"},{"@type":"ListItem","position":3,"name":"Navenda Guhertin\u00ea li \u015eam\u00ea behsa Federal\u00eezm\u00ea dike"}]},{"@type":"WebSite","@id":"https:\/\/saknews.net\/ku\/#website","url":"https:\/\/saknews.net\/ku\/","name":"S\u0327epe\u0302la Azadi\u0302 ya Kurdistani\u0302","description":"\u062a\u064a\u0627\u0631 \u0627\u0644\u062d\u0631\u064a\u0629 \u0627\u0644\u0643\u0648\u0631\u062f\u0633\u062a\u0627\u0646\u064a \u015eep\u00eala Azad\u00ee ya Kurdistan\u00ee","publisher":{"@id":"https:\/\/saknews.net\/ku\/#organization"},"potentialAction":[{"@type":"SearchAction","target":{"@type":"EntryPoint","urlTemplate":"https:\/\/saknews.net\/ku\/?s={search_term_string}"},"query-input":{"@type":"PropertyValueSpecification","valueRequired":true,"valueName":"search_term_string"}}],"inLanguage":"en-US"},{"@type":"Organization","@id":"https:\/\/saknews.net\/ku\/#organization","name":"\u015eep\u00eala Azadiy\u00ea ya Kurdistan\u00ea - \u062a\u064a\u0627\u0631 \u0627\u0644\u062d\u0631\u064a\u0629 \u0627\u0644\u0643\u0648\u0631\u062f\u0633\u062a\u0627\u0646\u064a","url":"https:\/\/saknews.net\/ku\/","logo":{"@type":"ImageObject","inLanguage":"en-US","@id":"https:\/\/saknews.net\/ku\/#\/schema\/logo\/image\/","url":"https:\/\/i0.wp.com\/saknews.net\/ku\/wp-content\/uploads\/2024\/11\/cropped-logo-1.png?fit=512%2C512&ssl=1","contentUrl":"https:\/\/i0.wp.com\/saknews.net\/ku\/wp-content\/uploads\/2024\/11\/cropped-logo-1.png?fit=512%2C512&ssl=1","width":512,"height":512,"caption":"\u015eep\u00eala Azadiy\u00ea ya Kurdistan\u00ea - \u062a\u064a\u0627\u0631 \u0627\u0644\u062d\u0631\u064a\u0629 \u0627\u0644\u0643\u0648\u0631\u062f\u0633\u062a\u0627\u0646\u064a"},"image":{"@id":"https:\/\/saknews.net\/ku\/#\/schema\/logo\/image\/"},"sameAs":["https:\/\/www.facebook.com\/Shepel.ewropa"]},{"@type":"Person","@id":"https:\/\/saknews.net\/ku\/#\/schema\/person\/72ae32a4041a3817e015b63d8f409058","name":"Horan Hem","url":"https:\/\/saknews.net\/ku\/?author=8"}]}},"featured_image_urls":{"full":["https:\/\/i0.wp.com\/saknews.net\/ku\/wp-content\/uploads\/2025\/09\/Screenshot_20250923_155423_YouTube.jpg?fit=1910%2C1071&ssl=1",1910,1071,false],"thumbnail":["https:\/\/i0.wp.com\/saknews.net\/ku\/wp-content\/uploads\/2025\/09\/Screenshot_20250923_155423_YouTube.jpg?resize=150%2C150&ssl=1",150,150,true],"medium":["https:\/\/i0.wp.com\/saknews.net\/ku\/wp-content\/uploads\/2025\/09\/Screenshot_20250923_155423_YouTube.jpg?fit=300%2C168&ssl=1",300,168,true],"medium_large":["https:\/\/i0.wp.com\/saknews.net\/ku\/wp-content\/uploads\/2025\/09\/Screenshot_20250923_155423_YouTube.jpg?fit=640%2C359&ssl=1",640,359,true],"large":["https:\/\/i0.wp.com\/saknews.net\/ku\/wp-content\/uploads\/2025\/09\/Screenshot_20250923_155423_YouTube.jpg?fit=640%2C359&ssl=1",640,359,true],"1536x1536":["https:\/\/i0.wp.com\/saknews.net\/ku\/wp-content\/uploads\/2025\/09\/Screenshot_20250923_155423_YouTube.jpg?fit=1536%2C861&ssl=1",1536,861,true],"2048x2048":["https:\/\/i0.wp.com\/saknews.net\/ku\/wp-content\/uploads\/2025\/09\/Screenshot_20250923_155423_YouTube.jpg?fit=1910%2C1071&ssl=1",1910,1071,true],"covernews-featured":["https:\/\/i0.wp.com\/saknews.net\/ku\/wp-content\/uploads\/2025\/09\/Screenshot_20250923_155423_YouTube.jpg?fit=1024%2C574&ssl=1",1024,574,true],"covernews-medium":["https:\/\/i0.wp.com\/saknews.net\/ku\/wp-content\/uploads\/2025\/09\/Screenshot_20250923_155423_YouTube.jpg?resize=540%2C340&ssl=1",540,340,true]},"author_info":{"display_name":"Horan Hem","author_link":"https:\/\/saknews.net\/ku\/?author=8"},"category_info":"<a href=\"https:\/\/saknews.net\/ku\/?cat=49\" rel=\"category\">N\u00fb\u00e7e<\/a>","tag_info":"N\u00fb\u00e7e","comment_count":"0","_links":{"self":[{"href":"https:\/\/saknews.net\/ku\/index.php?rest_route=\/wp\/v2\/posts\/2627","targetHints":{"allow":["GET"]}}],"collection":[{"href":"https:\/\/saknews.net\/ku\/index.php?rest_route=\/wp\/v2\/posts"}],"about":[{"href":"https:\/\/saknews.net\/ku\/index.php?rest_route=\/wp\/v2\/types\/post"}],"author":[{"embeddable":true,"href":"https:\/\/saknews.net\/ku\/index.php?rest_route=\/wp\/v2\/users\/8"}],"replies":[{"embeddable":true,"href":"https:\/\/saknews.net\/ku\/index.php?rest_route=%2Fwp%2Fv2%2Fcomments&post=2627"}],"version-history":[{"count":1,"href":"https:\/\/saknews.net\/ku\/index.php?rest_route=\/wp\/v2\/posts\/2627\/revisions"}],"predecessor-version":[{"id":2629,"href":"https:\/\/saknews.net\/ku\/index.php?rest_route=\/wp\/v2\/posts\/2627\/revisions\/2629"}],"wp:featuredmedia":[{"embeddable":true,"href":"https:\/\/saknews.net\/ku\/index.php?rest_route=\/wp\/v2\/media\/2628"}],"wp:attachment":[{"href":"https:\/\/saknews.net\/ku\/index.php?rest_route=%2Fwp%2Fv2%2Fmedia&parent=2627"}],"wp:term":[{"taxonomy":"category","embeddable":true,"href":"https:\/\/saknews.net\/ku\/index.php?rest_route=%2Fwp%2Fv2%2Fcategories&post=2627"},{"taxonomy":"post_tag","embeddable":true,"href":"https:\/\/saknews.net\/ku\/index.php?rest_route=%2Fwp%2Fv2%2Ftags&post=2627"}],"curies":[{"name":"wp","href":"https:\/\/api.w.org\/{rel}","templated":true}]}}