{"id":2631,"date":"2025-09-24T06:12:42","date_gmt":"2025-09-24T06:12:42","guid":{"rendered":"https:\/\/saknews.net\/ku\/?p=2631"},"modified":"2025-09-24T06:18:16","modified_gmt":"2025-09-24T06:18:16","slug":"daxuyani-derbare-ragihandina-reveberiya-herema-efrine-ya-vegerandina-xanuberan","status":"publish","type":"post","link":"https:\/\/saknews.net\/ku\/?p=2631","title":{"rendered":"Daxuyan\u00ee derbar\u00ea ragihandina R\u00eaveberiya Her\u00eama Efr\u00een\u00ea ya vegerandina xan\u00fbberan"},"content":{"rendered":"<p>Di 18.09.2025&#8217;an de R\u00eaveberiya Her\u00eama Efr\u00een\u00ea di ragihandinek\u00ea,  de hejmar 6\/2025an, mekan\u00eezma vegerandina xan\u00fbberan li Efr\u00een\u00ea dest n\u00ee\u015fan kir,  ku her kes\u00ea bixwaze mal an j\u00ee erd\u00ea xwe ji dest hawirdeyek\u00ee an ne yasay\u00ee hatibe bikaran\u00een, veger\u00eene, div\u00ea belgenamey\u00ean xwed\u00eeb\u00fbna w\u00ee milk\u00ee bi r\u00eaya par\u00eazerek\u00ee destn\u00ee\u015fankir\u00ee, radest\u00ee Kom\u00eeteya Abor\u00ee bike,  da ku ew kom\u00eete milk\u00ea w\u00ee bi ferm\u00ee veger\u00eene.<br \/>\nEv ragihadin desthelata dadwer\u00ee derbas dike, yasaya s\u00fbr\u00ee e\u015fkere dib\u00eaje ku ten\u00ea dadgeh dikarin pirsgir\u00eak\u00ean xan\u00fbberan \u00fb vegerandina milk\u00ea \u00e7areser bikin, herwiha nabe ti kom\u00eeteyeke r\u00eaveber\u00ee yan abor\u00ee ti biryaran di v\u00ee war\u00ee de bist\u00eene. <\/p>\n<p>Ferzkirina r\u00eayeke taybet bi r\u00eaya par\u00eazerine destn\u00ee\u015fankir\u00ee li dij\u00ee yasa s\u00fbr\u00ee bi xwe ye. Heriwha ragihandina r\u00eavebriya Efr\u00een\u00ea r\u00eaya dijderketin \u00fb neraz\u00eeb\u00fbna dadwer\u00ee venake, bi away\u00ea ku parastina maf\u00ean milk\u00ea lawaz dike \u00fb dadmendiya r\u00eakar\u00ee asteng dike.<br \/>\nYa xirabtir j\u00ee, Kom\u00eeteya Abor\u00ee ji hawirde \u00fb y\u00ean ne yasay\u00ee di mal\u00ean xelk\u00ea dim\u00eenin, daxwaz nekiriye belgeyan p\u00ea\u015fan bidin weke gir\u00eabesta xan\u00ee \u00fb kir\u00eakirin\u00ea, l\u00ea bel\u00ea ten\u00ea xwediy\u00ean xan\u00fbberan j\u00ea t\u00ean xwestin wan belgeyan radest bikin. Ev yek j\u00ee al\u00eeb\u00fbneke e\u015fkere ye \u00fb bikaran\u00eeneke desthelat\u00ea ya li dij\u00ee s\u00eev\u00eelan e.<\/p>\n<p>Ji ber van sedeman j\u00ee,  em daxwaza rakirina w\u00ea ragihandin\u00ea ya hejmar 6\/2025 \u00fb nehi\u015ftina kar\u00ea Kom\u00eeteya Abor\u00ee bi temam\u00ee dikin. Herwiha div\u00ea \u015f\u00eaweya r\u00eakaran ji n\u00fb ve b\u00eane \u00e7\u00eakirin,  ku pesendkirina belgey\u00ean xan\u00fbberan ten\u00ea bi dadgeh\u00ean her\u00eam\u00ee ve gir\u00eaday\u00ee bin. Em tekez dikin ku div\u00ea ten\u00ea dadgeh\u00ean Efr\u00een\u00ea di pirs\u00ean vegerandina xan\u00fbberan \u00fb maf\u00ean wan de berpirs bin, li gel heb\u00fbna mekan\u00eezma c\u00eebic\u00eekirin\u00ea ya diyar \u00fb parastina maf\u00ea neraz\u00eeb\u00fbn\u00ea ya yasay\u00ee. <\/p>\n<p>Parastina milk\u00ea, dadmend\u00ee \u00fb zelaliy\u00ea bi cih nay\u00ean eger dadweriyeke rewa \u00fb serbixwe nebe \u00fb desthelata yasay\u00ea ji desthelata dadwer\u00ee re ney\u00ea vegerandin, l\u00ea ne di dest\u00ean gir\u00fbp\u00ean \u00e7ekdar an kom\u00eetey\u00ean ne yasay\u00ee de werin berdan.<\/p>\n<p>\u015eep\u00eala Azad\u00ee ya Kurdistan\u00ea <\/p>\n<p>24.09.2025<\/p>\n","protected":false},"excerpt":{"rendered":"<p>Di 18.09.2025&#8217;an de R\u00eaveberiya Her\u00eama Efr\u00een\u00ea di ragihandinek\u00ea, de hejmar 6\/2025an, mekan\u00eezma vegerandina xan\u00fbberan li&#8230;<\/p>\n","protected":false},"author":8,"featured_media":2373,"comment_status":"closed","ping_status":"closed","sticky":false,"template":"","format":"standard","meta":{"footnotes":""},"categories":[34],"tags":[],"class_list":["post-2631","post","type-post","status-publish","format-standard","has-post-thumbnail","hentry","category-daxuyani"],"yoast_head":"<!-- This site is optimized with the Yoast SEO plugin v27.5 - https:\/\/yoast.com\/product\/yoast-seo-wordpress\/ -->\n<title>Daxuyan\u00ee derbar\u00ea ragihandina R\u00eaveberiya Her\u00eama Efr\u00een\u00ea ya vegerandina xan\u00fbberan &#8226; \u015eAK<\/title>\n<meta name=\"robots\" content=\"index, follow, max-snippet:-1, max-image-preview:large, max-video-preview:-1\" \/>\n<link rel=\"canonical\" href=\"https:\/\/saknews.net\/ku\/?p=2631\" \/>\n<meta property=\"og:locale\" content=\"en_US\" \/>\n<meta property=\"og:type\" content=\"article\" \/>\n<meta property=\"og:title\" content=\"Daxuyan\u00ee derbar\u00ea ragihandina R\u00eaveberiya Her\u00eama Efr\u00een\u00ea ya vegerandina xan\u00fbberan &#8226; \u015eAK\" \/>\n<meta property=\"og:description\" content=\"Di 18.09.2025&#8217;an de R\u00eaveberiya Her\u00eama Efr\u00een\u00ea di ragihandinek\u00ea, de hejmar 6\/2025an, mekan\u00eezma vegerandina xan\u00fbberan li...\" \/>\n<meta property=\"og:url\" content=\"https:\/\/saknews.net\/ku\/?p=2631\" \/>\n<meta property=\"og:site_name\" content=\"\u015eAK\" \/>\n<meta property=\"article:publisher\" content=\"https:\/\/www.facebook.com\/Shepel.ewropa\" \/>\n<meta property=\"article:published_time\" content=\"2025-09-24T06:12:42+00:00\" \/>\n<meta property=\"article:modified_time\" content=\"2025-09-24T06:18:16+00:00\" \/>\n<meta property=\"og:image\" content=\"https:\/\/saknews.net\/ku\/wp-content\/uploads\/2025\/05\/8dArtboard-8-copy-2.png\" \/>\n\t<meta property=\"og:image:width\" content=\"2188\" \/>\n\t<meta property=\"og:image:height\" content=\"1355\" \/>\n\t<meta property=\"og:image:type\" content=\"image\/png\" \/>\n<meta name=\"author\" content=\"Horan Hem\" \/>\n<meta name=\"twitter:card\" content=\"summary_large_image\" \/>\n<meta name=\"twitter:label1\" content=\"Written by\" \/>\n\t<meta name=\"twitter:data1\" content=\"Horan Hem\" \/>\n\t<meta name=\"twitter:label2\" content=\"Est. reading time\" \/>\n\t<meta name=\"twitter:data2\" content=\"2 minutes\" \/>\n<script type=\"application\/ld+json\" class=\"yoast-schema-graph\">{\"@context\":\"https:\\\/\\\/schema.org\",\"@graph\":[{\"@type\":\"Article\",\"@id\":\"https:\\\/\\\/saknews.net\\\/ku\\\/?p=2631#article\",\"isPartOf\":{\"@id\":\"https:\\\/\\\/saknews.net\\\/ku\\\/?p=2631\"},\"author\":{\"name\":\"Horan Hem\",\"@id\":\"https:\\\/\\\/saknews.net\\\/ku\\\/#\\\/schema\\\/person\\\/72ae32a4041a3817e015b63d8f409058\"},\"headline\":\"Daxuyan\u00ee derbar\u00ea ragihandina R\u00eaveberiya Her\u00eama Efr\u00een\u00ea ya vegerandina xan\u00fbberan\",\"datePublished\":\"2025-09-24T06:12:42+00:00\",\"dateModified\":\"2025-09-24T06:18:16+00:00\",\"mainEntityOfPage\":{\"@id\":\"https:\\\/\\\/saknews.net\\\/ku\\\/?p=2631\"},\"wordCount\":376,\"publisher\":{\"@id\":\"https:\\\/\\\/saknews.net\\\/ku\\\/#organization\"},\"image\":{\"@id\":\"https:\\\/\\\/saknews.net\\\/ku\\\/?p=2631#primaryimage\"},\"thumbnailUrl\":\"https:\\\/\\\/i0.wp.com\\\/saknews.net\\\/ku\\\/wp-content\\\/uploads\\\/2025\\\/05\\\/8dArtboard-8-copy-2.png?fit=2188%2C1355&ssl=1\",\"articleSection\":[\"Daxuyan\u00ee\"],\"inLanguage\":\"en-US\"},{\"@type\":\"WebPage\",\"@id\":\"https:\\\/\\\/saknews.net\\\/ku\\\/?p=2631\",\"url\":\"https:\\\/\\\/saknews.net\\\/ku\\\/?p=2631\",\"name\":\"Daxuyan\u00ee derbar\u00ea ragihandina R\u00eaveberiya Her\u00eama Efr\u00een\u00ea ya vegerandina xan\u00fbberan &#8226; \u015eAK\",\"isPartOf\":{\"@id\":\"https:\\\/\\\/saknews.net\\\/ku\\\/#website\"},\"primaryImageOfPage\":{\"@id\":\"https:\\\/\\\/saknews.net\\\/ku\\\/?p=2631#primaryimage\"},\"image\":{\"@id\":\"https:\\\/\\\/saknews.net\\\/ku\\\/?p=2631#primaryimage\"},\"thumbnailUrl\":\"https:\\\/\\\/i0.wp.com\\\/saknews.net\\\/ku\\\/wp-content\\\/uploads\\\/2025\\\/05\\\/8dArtboard-8-copy-2.png?fit=2188%2C1355&ssl=1\",\"datePublished\":\"2025-09-24T06:12:42+00:00\",\"dateModified\":\"2025-09-24T06:18:16+00:00\",\"breadcrumb\":{\"@id\":\"https:\\\/\\\/saknews.net\\\/ku\\\/?p=2631#breadcrumb\"},\"inLanguage\":\"en-US\",\"potentialAction\":[{\"@type\":\"ReadAction\",\"target\":[\"https:\\\/\\\/saknews.net\\\/ku\\\/?p=2631\"]}]},{\"@type\":\"ImageObject\",\"inLanguage\":\"en-US\",\"@id\":\"https:\\\/\\\/saknews.net\\\/ku\\\/?p=2631#primaryimage\",\"url\":\"https:\\\/\\\/i0.wp.com\\\/saknews.net\\\/ku\\\/wp-content\\\/uploads\\\/2025\\\/05\\\/8dArtboard-8-copy-2.png?fit=2188%2C1355&ssl=1\",\"contentUrl\":\"https:\\\/\\\/i0.wp.com\\\/saknews.net\\\/ku\\\/wp-content\\\/uploads\\\/2025\\\/05\\\/8dArtboard-8-copy-2.png?fit=2188%2C1355&ssl=1\",\"width\":2188,\"height\":1355},{\"@type\":\"BreadcrumbList\",\"@id\":\"https:\\\/\\\/saknews.net\\\/ku\\\/?p=2631#breadcrumb\",\"itemListElement\":[{\"@type\":\"ListItem\",\"position\":1,\"name\":\"\u0627\u0644\u0631\u0626\u064a\u0633\u064a\u0629\",\"item\":\"https:\\\/\\\/saknews.net\\\/ku\\\/\"},{\"@type\":\"ListItem\",\"position\":2,\"name\":\"N\u00fb\u00e7e\",\"item\":\"https:\\\/\\\/saknews.net\\\/ku\\\/?cat=49\"},{\"@type\":\"ListItem\",\"position\":3,\"name\":\"Daxuyan\u00ee\",\"item\":\"https:\\\/\\\/saknews.net\\\/ku\\\/?cat=34\"},{\"@type\":\"ListItem\",\"position\":4,\"name\":\"Daxuyan\u00ee derbar\u00ea ragihandina R\u00eaveberiya Her\u00eama Efr\u00een\u00ea ya vegerandina xan\u00fbberan\"}]},{\"@type\":\"WebSite\",\"@id\":\"https:\\\/\\\/saknews.net\\\/ku\\\/#website\",\"url\":\"https:\\\/\\\/saknews.net\\\/ku\\\/\",\"name\":\"S\u0327epe\u0302la Azadi\u0302 ya Kurdistani\u0302\",\"description\":\"\u062a\u064a\u0627\u0631 \u0627\u0644\u062d\u0631\u064a\u0629 \u0627\u0644\u0643\u0648\u0631\u062f\u0633\u062a\u0627\u0646\u064a \u015eep\u00eala Azad\u00ee ya Kurdistan\u00ee\",\"publisher\":{\"@id\":\"https:\\\/\\\/saknews.net\\\/ku\\\/#organization\"},\"potentialAction\":[{\"@type\":\"SearchAction\",\"target\":{\"@type\":\"EntryPoint\",\"urlTemplate\":\"https:\\\/\\\/saknews.net\\\/ku\\\/?s={search_term_string}\"},\"query-input\":{\"@type\":\"PropertyValueSpecification\",\"valueRequired\":true,\"valueName\":\"search_term_string\"}}],\"inLanguage\":\"en-US\"},{\"@type\":\"Organization\",\"@id\":\"https:\\\/\\\/saknews.net\\\/ku\\\/#organization\",\"name\":\"\u015eep\u00eala Azadiy\u00ea ya Kurdistan\u00ea - \u062a\u064a\u0627\u0631 \u0627\u0644\u062d\u0631\u064a\u0629 \u0627\u0644\u0643\u0648\u0631\u062f\u0633\u062a\u0627\u0646\u064a\",\"url\":\"https:\\\/\\\/saknews.net\\\/ku\\\/\",\"logo\":{\"@type\":\"ImageObject\",\"inLanguage\":\"en-US\",\"@id\":\"https:\\\/\\\/saknews.net\\\/ku\\\/#\\\/schema\\\/logo\\\/image\\\/\",\"url\":\"https:\\\/\\\/i0.wp.com\\\/saknews.net\\\/ku\\\/wp-content\\\/uploads\\\/2024\\\/11\\\/cropped-logo-1.png?fit=512%2C512&ssl=1\",\"contentUrl\":\"https:\\\/\\\/i0.wp.com\\\/saknews.net\\\/ku\\\/wp-content\\\/uploads\\\/2024\\\/11\\\/cropped-logo-1.png?fit=512%2C512&ssl=1\",\"width\":512,\"height\":512,\"caption\":\"\u015eep\u00eala Azadiy\u00ea ya Kurdistan\u00ea - \u062a\u064a\u0627\u0631 \u0627\u0644\u062d\u0631\u064a\u0629 \u0627\u0644\u0643\u0648\u0631\u062f\u0633\u062a\u0627\u0646\u064a\"},\"image\":{\"@id\":\"https:\\\/\\\/saknews.net\\\/ku\\\/#\\\/schema\\\/logo\\\/image\\\/\"},\"sameAs\":[\"https:\\\/\\\/www.facebook.com\\\/Shepel.ewropa\"]},{\"@type\":\"Person\",\"@id\":\"https:\\\/\\\/saknews.net\\\/ku\\\/#\\\/schema\\\/person\\\/72ae32a4041a3817e015b63d8f409058\",\"name\":\"Horan Hem\",\"url\":\"https:\\\/\\\/saknews.net\\\/ku\\\/?author=8\"}]}<\/script>\n<!-- \/ Yoast SEO plugin. -->","yoast_head_json":{"title":"Daxuyan\u00ee derbar\u00ea ragihandina R\u00eaveberiya Her\u00eama Efr\u00een\u00ea ya vegerandina xan\u00fbberan &#8226; \u015eAK","robots":{"index":"index","follow":"follow","max-snippet":"max-snippet:-1","max-image-preview":"max-image-preview:large","max-video-preview":"max-video-preview:-1"},"canonical":"https:\/\/saknews.net\/ku\/?p=2631","og_locale":"en_US","og_type":"article","og_title":"Daxuyan\u00ee derbar\u00ea ragihandina R\u00eaveberiya Her\u00eama Efr\u00een\u00ea ya vegerandina xan\u00fbberan &#8226; \u015eAK","og_description":"Di 18.09.2025&#8217;an de R\u00eaveberiya Her\u00eama Efr\u00een\u00ea di ragihandinek\u00ea, de hejmar 6\/2025an, mekan\u00eezma vegerandina xan\u00fbberan li...","og_url":"https:\/\/saknews.net\/ku\/?p=2631","og_site_name":"\u015eAK","article_publisher":"https:\/\/www.facebook.com\/Shepel.ewropa","article_published_time":"2025-09-24T06:12:42+00:00","article_modified_time":"2025-09-24T06:18:16+00:00","og_image":[{"width":2188,"height":1355,"url":"https:\/\/saknews.net\/ku\/wp-content\/uploads\/2025\/05\/8dArtboard-8-copy-2.png","type":"image\/png"}],"author":"Horan Hem","twitter_card":"summary_large_image","twitter_misc":{"Written by":"Horan Hem","Est. reading time":"2 minutes"},"schema":{"@context":"https:\/\/schema.org","@graph":[{"@type":"Article","@id":"https:\/\/saknews.net\/ku\/?p=2631#article","isPartOf":{"@id":"https:\/\/saknews.net\/ku\/?p=2631"},"author":{"name":"Horan Hem","@id":"https:\/\/saknews.net\/ku\/#\/schema\/person\/72ae32a4041a3817e015b63d8f409058"},"headline":"Daxuyan\u00ee derbar\u00ea ragihandina R\u00eaveberiya Her\u00eama Efr\u00een\u00ea ya vegerandina xan\u00fbberan","datePublished":"2025-09-24T06:12:42+00:00","dateModified":"2025-09-24T06:18:16+00:00","mainEntityOfPage":{"@id":"https:\/\/saknews.net\/ku\/?p=2631"},"wordCount":376,"publisher":{"@id":"https:\/\/saknews.net\/ku\/#organization"},"image":{"@id":"https:\/\/saknews.net\/ku\/?p=2631#primaryimage"},"thumbnailUrl":"https:\/\/i0.wp.com\/saknews.net\/ku\/wp-content\/uploads\/2025\/05\/8dArtboard-8-copy-2.png?fit=2188%2C1355&ssl=1","articleSection":["Daxuyan\u00ee"],"inLanguage":"en-US"},{"@type":"WebPage","@id":"https:\/\/saknews.net\/ku\/?p=2631","url":"https:\/\/saknews.net\/ku\/?p=2631","name":"Daxuyan\u00ee derbar\u00ea ragihandina R\u00eaveberiya Her\u00eama Efr\u00een\u00ea ya vegerandina xan\u00fbberan &#8226; \u015eAK","isPartOf":{"@id":"https:\/\/saknews.net\/ku\/#website"},"primaryImageOfPage":{"@id":"https:\/\/saknews.net\/ku\/?p=2631#primaryimage"},"image":{"@id":"https:\/\/saknews.net\/ku\/?p=2631#primaryimage"},"thumbnailUrl":"https:\/\/i0.wp.com\/saknews.net\/ku\/wp-content\/uploads\/2025\/05\/8dArtboard-8-copy-2.png?fit=2188%2C1355&ssl=1","datePublished":"2025-09-24T06:12:42+00:00","dateModified":"2025-09-24T06:18:16+00:00","breadcrumb":{"@id":"https:\/\/saknews.net\/ku\/?p=2631#breadcrumb"},"inLanguage":"en-US","potentialAction":[{"@type":"ReadAction","target":["https:\/\/saknews.net\/ku\/?p=2631"]}]},{"@type":"ImageObject","inLanguage":"en-US","@id":"https:\/\/saknews.net\/ku\/?p=2631#primaryimage","url":"https:\/\/i0.wp.com\/saknews.net\/ku\/wp-content\/uploads\/2025\/05\/8dArtboard-8-copy-2.png?fit=2188%2C1355&ssl=1","contentUrl":"https:\/\/i0.wp.com\/saknews.net\/ku\/wp-content\/uploads\/2025\/05\/8dArtboard-8-copy-2.png?fit=2188%2C1355&ssl=1","width":2188,"height":1355},{"@type":"BreadcrumbList","@id":"https:\/\/saknews.net\/ku\/?p=2631#breadcrumb","itemListElement":[{"@type":"ListItem","position":1,"name":"\u0627\u0644\u0631\u0626\u064a\u0633\u064a\u0629","item":"https:\/\/saknews.net\/ku\/"},{"@type":"ListItem","position":2,"name":"N\u00fb\u00e7e","item":"https:\/\/saknews.net\/ku\/?cat=49"},{"@type":"ListItem","position":3,"name":"Daxuyan\u00ee","item":"https:\/\/saknews.net\/ku\/?cat=34"},{"@type":"ListItem","position":4,"name":"Daxuyan\u00ee derbar\u00ea ragihandina R\u00eaveberiya Her\u00eama Efr\u00een\u00ea ya vegerandina xan\u00fbberan"}]},{"@type":"WebSite","@id":"https:\/\/saknews.net\/ku\/#website","url":"https:\/\/saknews.net\/ku\/","name":"S\u0327epe\u0302la Azadi\u0302 ya Kurdistani\u0302","description":"\u062a\u064a\u0627\u0631 \u0627\u0644\u062d\u0631\u064a\u0629 \u0627\u0644\u0643\u0648\u0631\u062f\u0633\u062a\u0627\u0646\u064a \u015eep\u00eala Azad\u00ee ya Kurdistan\u00ee","publisher":{"@id":"https:\/\/saknews.net\/ku\/#organization"},"potentialAction":[{"@type":"SearchAction","target":{"@type":"EntryPoint","urlTemplate":"https:\/\/saknews.net\/ku\/?s={search_term_string}"},"query-input":{"@type":"PropertyValueSpecification","valueRequired":true,"valueName":"search_term_string"}}],"inLanguage":"en-US"},{"@type":"Organization","@id":"https:\/\/saknews.net\/ku\/#organization","name":"\u015eep\u00eala Azadiy\u00ea ya Kurdistan\u00ea - \u062a\u064a\u0627\u0631 \u0627\u0644\u062d\u0631\u064a\u0629 \u0627\u0644\u0643\u0648\u0631\u062f\u0633\u062a\u0627\u0646\u064a","url":"https:\/\/saknews.net\/ku\/","logo":{"@type":"ImageObject","inLanguage":"en-US","@id":"https:\/\/saknews.net\/ku\/#\/schema\/logo\/image\/","url":"https:\/\/i0.wp.com\/saknews.net\/ku\/wp-content\/uploads\/2024\/11\/cropped-logo-1.png?fit=512%2C512&ssl=1","contentUrl":"https:\/\/i0.wp.com\/saknews.net\/ku\/wp-content\/uploads\/2024\/11\/cropped-logo-1.png?fit=512%2C512&ssl=1","width":512,"height":512,"caption":"\u015eep\u00eala Azadiy\u00ea ya Kurdistan\u00ea - \u062a\u064a\u0627\u0631 \u0627\u0644\u062d\u0631\u064a\u0629 \u0627\u0644\u0643\u0648\u0631\u062f\u0633\u062a\u0627\u0646\u064a"},"image":{"@id":"https:\/\/saknews.net\/ku\/#\/schema\/logo\/image\/"},"sameAs":["https:\/\/www.facebook.com\/Shepel.ewropa"]},{"@type":"Person","@id":"https:\/\/saknews.net\/ku\/#\/schema\/person\/72ae32a4041a3817e015b63d8f409058","name":"Horan Hem","url":"https:\/\/saknews.net\/ku\/?author=8"}]}},"featured_image_urls":{"full":["https:\/\/i0.wp.com\/saknews.net\/ku\/wp-content\/uploads\/2025\/05\/8dArtboard-8-copy-2.png?fit=2188%2C1355&ssl=1",2188,1355,false],"thumbnail":["https:\/\/i0.wp.com\/saknews.net\/ku\/wp-content\/uploads\/2025\/05\/8dArtboard-8-copy-2.png?resize=150%2C150&ssl=1",150,150,true],"medium":["https:\/\/i0.wp.com\/saknews.net\/ku\/wp-content\/uploads\/2025\/05\/8dArtboard-8-copy-2.png?fit=300%2C186&ssl=1",300,186,true],"medium_large":["https:\/\/i0.wp.com\/saknews.net\/ku\/wp-content\/uploads\/2025\/05\/8dArtboard-8-copy-2.png?fit=640%2C397&ssl=1",640,397,true],"large":["https:\/\/i0.wp.com\/saknews.net\/ku\/wp-content\/uploads\/2025\/05\/8dArtboard-8-copy-2.png?fit=640%2C396&ssl=1",640,396,true],"1536x1536":["https:\/\/i0.wp.com\/saknews.net\/ku\/wp-content\/uploads\/2025\/05\/8dArtboard-8-copy-2.png?fit=1536%2C951&ssl=1",1536,951,true],"2048x2048":["https:\/\/i0.wp.com\/saknews.net\/ku\/wp-content\/uploads\/2025\/05\/8dArtboard-8-copy-2.png?fit=2048%2C1268&ssl=1",2048,1268,true],"covernews-featured":["https:\/\/i0.wp.com\/saknews.net\/ku\/wp-content\/uploads\/2025\/05\/8dArtboard-8-copy-2.png?fit=1024%2C634&ssl=1",1024,634,true],"covernews-medium":["https:\/\/i0.wp.com\/saknews.net\/ku\/wp-content\/uploads\/2025\/05\/8dArtboard-8-copy-2.png?resize=540%2C340&ssl=1",540,340,true]},"author_info":{"display_name":"Horan Hem","author_link":"https:\/\/saknews.net\/ku\/?author=8"},"category_info":"<a href=\"https:\/\/saknews.net\/ku\/?cat=34\" rel=\"category\">Daxuyan\u00ee<\/a>","tag_info":"Daxuyan\u00ee","comment_count":"0","_links":{"self":[{"href":"https:\/\/saknews.net\/ku\/index.php?rest_route=\/wp\/v2\/posts\/2631","targetHints":{"allow":["GET"]}}],"collection":[{"href":"https:\/\/saknews.net\/ku\/index.php?rest_route=\/wp\/v2\/posts"}],"about":[{"href":"https:\/\/saknews.net\/ku\/index.php?rest_route=\/wp\/v2\/types\/post"}],"author":[{"embeddable":true,"href":"https:\/\/saknews.net\/ku\/index.php?rest_route=\/wp\/v2\/users\/8"}],"replies":[{"embeddable":true,"href":"https:\/\/saknews.net\/ku\/index.php?rest_route=%2Fwp%2Fv2%2Fcomments&post=2631"}],"version-history":[{"count":4,"href":"https:\/\/saknews.net\/ku\/index.php?rest_route=\/wp\/v2\/posts\/2631\/revisions"}],"predecessor-version":[{"id":2636,"href":"https:\/\/saknews.net\/ku\/index.php?rest_route=\/wp\/v2\/posts\/2631\/revisions\/2636"}],"wp:featuredmedia":[{"embeddable":true,"href":"https:\/\/saknews.net\/ku\/index.php?rest_route=\/wp\/v2\/media\/2373"}],"wp:attachment":[{"href":"https:\/\/saknews.net\/ku\/index.php?rest_route=%2Fwp%2Fv2%2Fmedia&parent=2631"}],"wp:term":[{"taxonomy":"category","embeddable":true,"href":"https:\/\/saknews.net\/ku\/index.php?rest_route=%2Fwp%2Fv2%2Fcategories&post=2631"},{"taxonomy":"post_tag","embeddable":true,"href":"https:\/\/saknews.net\/ku\/index.php?rest_route=%2Fwp%2Fv2%2Ftags&post=2631"}],"curies":[{"name":"wp","href":"https:\/\/api.w.org\/{rel}","templated":true}]}}