{"id":2648,"date":"2025-09-30T07:32:12","date_gmt":"2025-09-30T07:32:12","guid":{"rendered":"https:\/\/saknews.net\/ku\/?p=2648"},"modified":"2025-09-30T07:32:12","modified_gmt":"2025-09-30T07:32:12","slug":"ma-ev-lawazbuneke-siyasi-ye-yan-legerina-li-postan-e","status":"publish","type":"post","link":"https:\/\/saknews.net\/ku\/?p=2648","title":{"rendered":"Ma ev lawazb\u00fbneke siyas\u00ee ye yan l\u00eager\u00eena li postan e"},"content":{"rendered":"<p>Comerd Hemdo\u015f<\/p>\n<p>Piraniya bernamey\u00ean berendam\u00ean Civata Gel (Parlemantoya S\u00fbriy\u00ea) ji ber bazneya Efr\u00een\u00ea \u00fb dax\u00fbyaniya daw\u00ee ya Enc\u00fbmena Ni\u015ftiman\u00ee ya Kurd li S\u00fbriy\u00ea(ENKS) gav-av\u00eatineke e\u015fkere ye li ser got\u00fbb\u00eaja bingeh\u00een derbar\u00ea pirsa maf\u00ean netew\u00ee y\u00ean gel kurd.<\/p>\n<p>Piraniya berendaman di bernamey\u00ean xwe de, bi awayek\u00ee rasterast, ji pirs\u00ean nas\u00eena ferm\u00ee bi gel\u00ea kurd wek Gelek\u00ee xwed\u00ee maf\u00ean d\u00eerok\u00ee \u00fb siyas\u00ee li gor\u00ee Yasaya Navdewlet\u00ee, bi d\u00fbr ketine. Wan ten\u00ea amaje bi reng\u00ea bir\u00eavebirina xwecih\u00ee dane, b\u00eay\u00ee ku bi maf\u00ean netew\u00ee yan maf\u00ea xwebir\u00eavebirin\u00ea ve gir\u00ea bidin. Herwiha di bernamey\u00ean wan de ti car\u00ee peyva \u201c Demokras\u00ee\u201d derbas neb\u00fbye. Hema mirov b\u00eaje li gor\u00ee ner\u00een\u00ean Hik\u00fbmeta Demk\u00ee ya niha dime\u015fin, wek \u00e7awe tu b\u00eaj\u00ee  maf\u00ean kurdan x\u00eaz\u00ean sor in \u00fb nabe j\u00ea derbas bibin!<\/p>\n<p>Bi k\u00eamay\u00ee ten\u00ea kesek di bernameya xwe de e\u015fkere behsa maf\u00ean gel\u00ea kurd dike \u00fb li ser S\u00fbriyak federal tekez dike \u00fb her deverek karibe xwe bi xwe bir\u00eave bibe, wate nenavendiya siyas\u00ee di parvekirina desthelat\u00ea de. Herwiha heman kes behsa nas\u00eena ferm\u00ee bi ziman\u00ea kurd\u00ee li kelek ereb\u00ee li &#8220;dever\u00ean kurd\u00ee&#8221; dike. Tev\u00ee v\u00ea j\u00ee behsa w\u00ea yek\u00ea nake, ku Kurdistana S\u00fbriy\u00ea her\u00eameke siyas\u00ee-r\u00eaveber\u00ee ya yekgirt\u00ee be. T\u00ea p\u00ea\u015fb\u00een\u00eekirin j\u00ee ev daxwaz ne bi dil\u00ea desthelata \u015eam\u00ea be \u00fb \u015fans\u00ea w\u00ee kes\u00ee nebe bigihe parlemantoy\u00ea j\u00ee. <\/p>\n<p>Ji v\u00ea xirabtir j\u00ee, bernamey\u00ean hilbijartin\u00ea bi p\u00eevan\u00ean erk\u00ean parlemantoy\u00ea re naguncin, ji ber ew ji soz\u00ean xizmetguzariyan an j\u00ee pirojey\u00ean \u015farederiyan n\u00eaz\u00eektir in ji erk\u00ean parlemantoy\u00ea. L\u00ea erk\u00ea rast y\u00ea parlemanteran, yasadan \u00fb \u00e7avd\u00eariya li ser kar\u00ea Desthelata C\u00eebic\u00eekar e, ne ku soz\u00ean jin\u00fbve avakirin\u00ea \u00fb pirojey\u00ean xizmetguzariy\u00ea bidin.<br \/>\nEv tevl\u00eeb\u00fbna \u00e7\u00eab\u00fbye, yan ji nezan\u00eena bi erk\u00ea parlemanteran e yan j\u00ee hewleke ji zaneb\u00fbn e, ku ji got\u00fbb\u00eaja derbar\u00ea pirsa bingeh\u00een d\u00fbr bikevin, di ser\u00ee de j\u00ee pirsa maf\u00ean netew\u00ee y\u00ean gel\u00ea kurd.<\/p>\n<p>Ev d\u00fbrketin n\u00ee\u015fan dide, yan pirsgir\u00eakeke lawazb\u00fbneke siyas\u00ee ye yan j\u00ee l\u00eager\u00eena li rizamendiya desthelat\u00ea ye, ku daxwaz\u00ean netew\u00ee bikin ti\u015ftine bi\u00e7\u00fbk \u00fb ten\u00ea di pirs\u00ean \u00e7and\u00ee y\u00ean teng de bih\u00ealin \u00fb ji maf\u00ean \u00eedar\u00ee derbas nebe.<\/p>\n<p>W\u00earekiya siyas\u00ee li cem berendam\u00ean partiyan tine ye, daxwaz\u00ean netew\u00ee y\u00ean partiy\u00ean xwe b\u00eenin ziman, weke \u00e7awe b\u00eajin ku S\u00fbriy\u00ea dewleteke federal be an j\u00ee e\u015fkere bidin nas\u00een, ku Efr\u00een be\u015fek ji Kurdistana S\u00fbriy\u00ea ye. L\u00ea bel\u00ea wan xwest pirs\u00ea bidin xuyakirin wek \u00e7awe Her\u00eama Efr\u00een\u00ea ne bi temam\u00ee kurd\u00ee ye.<br \/>\nDaxuyaniya ENKS ya derbar\u00ea pirsa xwendina bi kurd\u00ee j\u00ee, ji pirs\u00ean \u00e7and\u00ee derbas nekiriye \u00fb ten\u00ea t\u00eade hatib\u00fb gotin\u201c her\u00eam\u00ean bi piran\u00ee kurd\u201c \u00fb k\u00fbrahiya netew\u00ee \u00fb d\u00eerok\u00ee ya Efr\u00een\u00ea pi\u015ftguh kirib\u00fb.<\/p>\n<p>Ev \u015eanoya hilbijartinan e, ne hilbijartineke rast e \u00fb ne j\u00ee mekan\u00eezm\u00ean dengday\u00eena rasterast hene, ku welat\u00ee maf\u00ea derber\u00een\u00ea bidest bix\u00eenin. Biryar bi xwe bi r\u00eaya kom\u00eetey\u00ean \u015fax\u00ee t\u00eane standin, ku ew kom\u00eete biryar\u00ea dide k\u00ee bi ser bikeve \u00fb k\u00ee bi ser nekeve. Herwiha serjimariyeke gi\u015ft\u00ee li ber destan tine ne, ku kursiy\u00ean her bazneyek\u00ea diyar bike.<\/p>\n<p>Piraniya partiy\u00ean siyas\u00ee li Kurdistana S\u00fbriy\u00ea giringiy\u00ea didin dever\u00ean bin kontrola H\u00eaz\u00ean S\u00fbriya Demokrat (HSD) \u00fb ji ber pirsa Efr\u00een\u00ea xwe didin al\u00ee \u00fb w\u00ea j\u00ee(Efr\u00een\u00ea) bi ten\u00ea li hember rew\u015fa w\u00ea ya siyas\u00ee dih\u00ealin. Ew part\u00ee tevl\u00ee hilbijartinan neb\u00fbne, l\u00ea neraz\u00eeb\u00fbna xwe ji d\u00fbrxistina wan ji p\u00eakan\u00eena Hik\u00fbmeta Demk\u00ee \u00fb ragihandina dest\u00fbr\u00ee n\u00ee\u015fan dab\u00fbn, di heman dem\u00ea de j\u00ee \u00e7awe endam\u00ean wan li Efr\u00een\u00ea b\u00fbne berendam \u00fb bi ser de j\u00ee dib\u00eajin Efr\u00een sala 2018an hate rizgarkirin!<br \/>\n\u00c7awe endam\u00ean wan partiyan dibine berendam \u00fb h\u00een ti r\u00eakeftineke siyas\u00ee bi \u015eam\u00ea re \u00e7\u00eaneb\u00fbye? Mirov dib\u00eaje qey partiy\u00ean kurd bi du r\u00fbyan li Efr\u00een\u00ea din\u00earin! Nabe doza kurd di her\u00eamek\u00ea bi ten\u00ea de were kurtkirin.<br \/>\nHer hewleke d\u00fbrxistina Efr\u00een\u00ea ji her\u00eam\u00ean din \u00ean Kurdistana S\u00fbriy\u00ea, veki\u015fandineke ji pabendb\u00fbna bi maf\u00ea netew\u00ee y\u00ea hevpar. <\/p>\n<p>Neb\u00fbna nas\u00eena bi maf\u00ean kurdan \u00fb ten\u00ea behskirina rengek\u00ee ji reng\u00ean r\u00eavebirina xwecih\u00ee, k\u00eamb\u00eena w\u00earekiya siyas\u00ee \u00fb ne pabendb\u00fbna rast bi prens\u00eep\u00ean  Dadperwer\u00ee, Wekhev\u00ee \u00fb Demokrasiy\u00ea n\u00ee\u015fan dide.<br \/>\nLi vir j\u00ee ev pirs t\u00ea hol\u00ea: Gelo ev pi\u015ftguhkirin ji lawazb\u00fbneke siyas\u00ee ye yan l\u00eager\u00eena li postan e?<\/p>\n<p>Li taliy\u00ea j\u00ee, neb\u00fbna be\u015fdariya Tevgera Siyas\u00ee ya Kurd rewatiya her pirojeyeke siyas\u00ee li ser ast\u00ea S\u00fbriy\u00ea lawaz dike, herwiha  be\u015fdariya takekes\u00ee dike h\u00eamanek, ku helwesta kurdan di dan\u00fbstandin\u00ean bi \u015eam\u00ea re lawaz bike \u00fb kaxez\u00ean di dest\u00ean \u015eam\u00ea de xurtir bike.<br \/>\nDiv\u00ea ev \u015fanoya hilbijartinan were baykotkirin \u00fb sekinandina li k\u00ealek Tevgera Kurd bijardeya her\u00ee ba\u015f e ji bo xurtkirina helwesta gel\u00ea kurd.<br \/>\nDiv\u00ea ber\u00ee her be\u015fdarb\u00fbneke takekes\u00ee, gaveke bingeh\u00een p\u00ea\u015f bikeve, ew j\u00ee ew e, nas\u00eena bi kurdan \u00fb maf\u00ean wan y\u00ean netew\u00ee li gor\u00ee yasay\u00ean navdewlet\u00ee, wek\u00ee din, d\u00ea ew be\u015fdar\u00eeb\u00fbna takekes\u00ee bibe day\u00eeneke bela\u015f \u00fb bihaneyek\u00ea bide desthelata \u015eam\u00ea, ku b\u00eaje n\u00fbnertiya kurdan di desthelat\u00ea de heye \u00fb p\u00eaw\u00eestiya bi dan\u00fbstandina bi tevgera siyas\u00ee ya kurd re n\u00eene.<\/p>\n","protected":false},"excerpt":{"rendered":"<p>Comerd Hemdo\u015f Piraniya bernamey\u00ean berendam\u00ean Civata Gel (Parlemantoya S\u00fbriy\u00ea) ji ber bazneya Efr\u00een\u00ea \u00fb dax\u00fbyaniya&#8230;<\/p>\n","protected":false},"author":8,"featured_media":2649,"comment_status":"closed","ping_status":"closed","sticky":false,"template":"","format":"standard","meta":{"footnotes":""},"categories":[51],"tags":[],"class_list":["post-2648","post","type-post","status-publish","format-standard","has-post-thumbnail","hentry","category-gotar"],"yoast_head":"<!-- This site is optimized with the Yoast SEO plugin v27.5 - https:\/\/yoast.com\/product\/yoast-seo-wordpress\/ -->\n<title>Ma ev lawazb\u00fbneke siyas\u00ee ye yan l\u00eager\u00eena li postan e &#8226; \u015eAK<\/title>\n<meta name=\"robots\" content=\"index, follow, max-snippet:-1, max-image-preview:large, max-video-preview:-1\" \/>\n<link rel=\"canonical\" href=\"https:\/\/saknews.net\/ku\/?p=2648\" \/>\n<meta property=\"og:locale\" content=\"en_US\" \/>\n<meta property=\"og:type\" content=\"article\" \/>\n<meta property=\"og:title\" content=\"Ma ev lawazb\u00fbneke siyas\u00ee ye yan l\u00eager\u00eena li postan e &#8226; \u015eAK\" \/>\n<meta property=\"og:description\" content=\"Comerd Hemdo\u015f Piraniya bernamey\u00ean berendam\u00ean Civata Gel (Parlemantoya S\u00fbriy\u00ea) ji ber bazneya Efr\u00een\u00ea \u00fb dax\u00fbyaniya...\" \/>\n<meta property=\"og:url\" content=\"https:\/\/saknews.net\/ku\/?p=2648\" \/>\n<meta property=\"og:site_name\" content=\"\u015eAK\" \/>\n<meta property=\"article:publisher\" content=\"https:\/\/www.facebook.com\/Shepel.ewropa\" \/>\n<meta property=\"article:published_time\" content=\"2025-09-30T07:32:12+00:00\" \/>\n<meta property=\"og:image\" content=\"https:\/\/saknews.net\/ku\/wp-content\/uploads\/2025\/09\/20250118_230741_0000.png\" \/>\n\t<meta property=\"og:image:width\" content=\"1081\" \/>\n\t<meta property=\"og:image:height\" content=\"785\" \/>\n\t<meta property=\"og:image:type\" content=\"image\/png\" \/>\n<meta name=\"author\" content=\"Horan Hem\" \/>\n<meta name=\"twitter:card\" content=\"summary_large_image\" \/>\n<meta name=\"twitter:label1\" content=\"Written by\" \/>\n\t<meta name=\"twitter:data1\" content=\"Horan Hem\" \/>\n\t<meta name=\"twitter:label2\" content=\"Est. reading time\" \/>\n\t<meta name=\"twitter:data2\" content=\"1 minute\" \/>\n<script type=\"application\/ld+json\" class=\"yoast-schema-graph\">{\"@context\":\"https:\\\/\\\/schema.org\",\"@graph\":[{\"@type\":\"Article\",\"@id\":\"https:\\\/\\\/saknews.net\\\/ku\\\/?p=2648#article\",\"isPartOf\":{\"@id\":\"https:\\\/\\\/saknews.net\\\/ku\\\/?p=2648\"},\"author\":{\"name\":\"Horan Hem\",\"@id\":\"https:\\\/\\\/saknews.net\\\/ku\\\/#\\\/schema\\\/person\\\/72ae32a4041a3817e015b63d8f409058\"},\"headline\":\"Ma ev lawazb\u00fbneke siyas\u00ee ye yan l\u00eager\u00eena li postan e\",\"datePublished\":\"2025-09-30T07:32:12+00:00\",\"mainEntityOfPage\":{\"@id\":\"https:\\\/\\\/saknews.net\\\/ku\\\/?p=2648\"},\"wordCount\":968,\"publisher\":{\"@id\":\"https:\\\/\\\/saknews.net\\\/ku\\\/#organization\"},\"image\":{\"@id\":\"https:\\\/\\\/saknews.net\\\/ku\\\/?p=2648#primaryimage\"},\"thumbnailUrl\":\"https:\\\/\\\/i0.wp.com\\\/saknews.net\\\/ku\\\/wp-content\\\/uploads\\\/2025\\\/09\\\/20250118_230741_0000.png?fit=1081%2C785&ssl=1\",\"articleSection\":[\"Gotar\"],\"inLanguage\":\"en-US\"},{\"@type\":\"WebPage\",\"@id\":\"https:\\\/\\\/saknews.net\\\/ku\\\/?p=2648\",\"url\":\"https:\\\/\\\/saknews.net\\\/ku\\\/?p=2648\",\"name\":\"Ma ev lawazb\u00fbneke siyas\u00ee ye yan l\u00eager\u00eena li postan e &#8226; \u015eAK\",\"isPartOf\":{\"@id\":\"https:\\\/\\\/saknews.net\\\/ku\\\/#website\"},\"primaryImageOfPage\":{\"@id\":\"https:\\\/\\\/saknews.net\\\/ku\\\/?p=2648#primaryimage\"},\"image\":{\"@id\":\"https:\\\/\\\/saknews.net\\\/ku\\\/?p=2648#primaryimage\"},\"thumbnailUrl\":\"https:\\\/\\\/i0.wp.com\\\/saknews.net\\\/ku\\\/wp-content\\\/uploads\\\/2025\\\/09\\\/20250118_230741_0000.png?fit=1081%2C785&ssl=1\",\"datePublished\":\"2025-09-30T07:32:12+00:00\",\"breadcrumb\":{\"@id\":\"https:\\\/\\\/saknews.net\\\/ku\\\/?p=2648#breadcrumb\"},\"inLanguage\":\"en-US\",\"potentialAction\":[{\"@type\":\"ReadAction\",\"target\":[\"https:\\\/\\\/saknews.net\\\/ku\\\/?p=2648\"]}]},{\"@type\":\"ImageObject\",\"inLanguage\":\"en-US\",\"@id\":\"https:\\\/\\\/saknews.net\\\/ku\\\/?p=2648#primaryimage\",\"url\":\"https:\\\/\\\/i0.wp.com\\\/saknews.net\\\/ku\\\/wp-content\\\/uploads\\\/2025\\\/09\\\/20250118_230741_0000.png?fit=1081%2C785&ssl=1\",\"contentUrl\":\"https:\\\/\\\/i0.wp.com\\\/saknews.net\\\/ku\\\/wp-content\\\/uploads\\\/2025\\\/09\\\/20250118_230741_0000.png?fit=1081%2C785&ssl=1\",\"width\":1081,\"height\":785},{\"@type\":\"BreadcrumbList\",\"@id\":\"https:\\\/\\\/saknews.net\\\/ku\\\/?p=2648#breadcrumb\",\"itemListElement\":[{\"@type\":\"ListItem\",\"position\":1,\"name\":\"\u0627\u0644\u0631\u0626\u064a\u0633\u064a\u0629\",\"item\":\"https:\\\/\\\/saknews.net\\\/ku\\\/\"},{\"@type\":\"ListItem\",\"position\":2,\"name\":\"Gotar\",\"item\":\"https:\\\/\\\/saknews.net\\\/ku\\\/?cat=51\"},{\"@type\":\"ListItem\",\"position\":3,\"name\":\"Ma ev lawazb\u00fbneke siyas\u00ee ye yan l\u00eager\u00eena li postan e\"}]},{\"@type\":\"WebSite\",\"@id\":\"https:\\\/\\\/saknews.net\\\/ku\\\/#website\",\"url\":\"https:\\\/\\\/saknews.net\\\/ku\\\/\",\"name\":\"S\u0327epe\u0302la Azadi\u0302 ya Kurdistani\u0302\",\"description\":\"\u062a\u064a\u0627\u0631 \u0627\u0644\u062d\u0631\u064a\u0629 \u0627\u0644\u0643\u0648\u0631\u062f\u0633\u062a\u0627\u0646\u064a \u015eep\u00eala Azad\u00ee ya Kurdistan\u00ee\",\"publisher\":{\"@id\":\"https:\\\/\\\/saknews.net\\\/ku\\\/#organization\"},\"potentialAction\":[{\"@type\":\"SearchAction\",\"target\":{\"@type\":\"EntryPoint\",\"urlTemplate\":\"https:\\\/\\\/saknews.net\\\/ku\\\/?s={search_term_string}\"},\"query-input\":{\"@type\":\"PropertyValueSpecification\",\"valueRequired\":true,\"valueName\":\"search_term_string\"}}],\"inLanguage\":\"en-US\"},{\"@type\":\"Organization\",\"@id\":\"https:\\\/\\\/saknews.net\\\/ku\\\/#organization\",\"name\":\"\u015eep\u00eala Azadiy\u00ea ya Kurdistan\u00ea - \u062a\u064a\u0627\u0631 \u0627\u0644\u062d\u0631\u064a\u0629 \u0627\u0644\u0643\u0648\u0631\u062f\u0633\u062a\u0627\u0646\u064a\",\"url\":\"https:\\\/\\\/saknews.net\\\/ku\\\/\",\"logo\":{\"@type\":\"ImageObject\",\"inLanguage\":\"en-US\",\"@id\":\"https:\\\/\\\/saknews.net\\\/ku\\\/#\\\/schema\\\/logo\\\/image\\\/\",\"url\":\"https:\\\/\\\/i0.wp.com\\\/saknews.net\\\/ku\\\/wp-content\\\/uploads\\\/2024\\\/11\\\/cropped-logo-1.png?fit=512%2C512&ssl=1\",\"contentUrl\":\"https:\\\/\\\/i0.wp.com\\\/saknews.net\\\/ku\\\/wp-content\\\/uploads\\\/2024\\\/11\\\/cropped-logo-1.png?fit=512%2C512&ssl=1\",\"width\":512,\"height\":512,\"caption\":\"\u015eep\u00eala Azadiy\u00ea ya Kurdistan\u00ea - \u062a\u064a\u0627\u0631 \u0627\u0644\u062d\u0631\u064a\u0629 \u0627\u0644\u0643\u0648\u0631\u062f\u0633\u062a\u0627\u0646\u064a\"},\"image\":{\"@id\":\"https:\\\/\\\/saknews.net\\\/ku\\\/#\\\/schema\\\/logo\\\/image\\\/\"},\"sameAs\":[\"https:\\\/\\\/www.facebook.com\\\/Shepel.ewropa\"]},{\"@type\":\"Person\",\"@id\":\"https:\\\/\\\/saknews.net\\\/ku\\\/#\\\/schema\\\/person\\\/72ae32a4041a3817e015b63d8f409058\",\"name\":\"Horan Hem\",\"url\":\"https:\\\/\\\/saknews.net\\\/ku\\\/?author=8\"}]}<\/script>\n<!-- \/ Yoast SEO plugin. -->","yoast_head_json":{"title":"Ma ev lawazb\u00fbneke siyas\u00ee ye yan l\u00eager\u00eena li postan e &#8226; \u015eAK","robots":{"index":"index","follow":"follow","max-snippet":"max-snippet:-1","max-image-preview":"max-image-preview:large","max-video-preview":"max-video-preview:-1"},"canonical":"https:\/\/saknews.net\/ku\/?p=2648","og_locale":"en_US","og_type":"article","og_title":"Ma ev lawazb\u00fbneke siyas\u00ee ye yan l\u00eager\u00eena li postan e &#8226; \u015eAK","og_description":"Comerd Hemdo\u015f Piraniya bernamey\u00ean berendam\u00ean Civata Gel (Parlemantoya S\u00fbriy\u00ea) ji ber bazneya Efr\u00een\u00ea \u00fb dax\u00fbyaniya...","og_url":"https:\/\/saknews.net\/ku\/?p=2648","og_site_name":"\u015eAK","article_publisher":"https:\/\/www.facebook.com\/Shepel.ewropa","article_published_time":"2025-09-30T07:32:12+00:00","og_image":[{"width":1081,"height":785,"url":"https:\/\/saknews.net\/ku\/wp-content\/uploads\/2025\/09\/20250118_230741_0000.png","type":"image\/png"}],"author":"Horan Hem","twitter_card":"summary_large_image","twitter_misc":{"Written by":"Horan Hem","Est. reading time":"1 minute"},"schema":{"@context":"https:\/\/schema.org","@graph":[{"@type":"Article","@id":"https:\/\/saknews.net\/ku\/?p=2648#article","isPartOf":{"@id":"https:\/\/saknews.net\/ku\/?p=2648"},"author":{"name":"Horan Hem","@id":"https:\/\/saknews.net\/ku\/#\/schema\/person\/72ae32a4041a3817e015b63d8f409058"},"headline":"Ma ev lawazb\u00fbneke siyas\u00ee ye yan l\u00eager\u00eena li postan e","datePublished":"2025-09-30T07:32:12+00:00","mainEntityOfPage":{"@id":"https:\/\/saknews.net\/ku\/?p=2648"},"wordCount":968,"publisher":{"@id":"https:\/\/saknews.net\/ku\/#organization"},"image":{"@id":"https:\/\/saknews.net\/ku\/?p=2648#primaryimage"},"thumbnailUrl":"https:\/\/i0.wp.com\/saknews.net\/ku\/wp-content\/uploads\/2025\/09\/20250118_230741_0000.png?fit=1081%2C785&ssl=1","articleSection":["Gotar"],"inLanguage":"en-US"},{"@type":"WebPage","@id":"https:\/\/saknews.net\/ku\/?p=2648","url":"https:\/\/saknews.net\/ku\/?p=2648","name":"Ma ev lawazb\u00fbneke siyas\u00ee ye yan l\u00eager\u00eena li postan e &#8226; \u015eAK","isPartOf":{"@id":"https:\/\/saknews.net\/ku\/#website"},"primaryImageOfPage":{"@id":"https:\/\/saknews.net\/ku\/?p=2648#primaryimage"},"image":{"@id":"https:\/\/saknews.net\/ku\/?p=2648#primaryimage"},"thumbnailUrl":"https:\/\/i0.wp.com\/saknews.net\/ku\/wp-content\/uploads\/2025\/09\/20250118_230741_0000.png?fit=1081%2C785&ssl=1","datePublished":"2025-09-30T07:32:12+00:00","breadcrumb":{"@id":"https:\/\/saknews.net\/ku\/?p=2648#breadcrumb"},"inLanguage":"en-US","potentialAction":[{"@type":"ReadAction","target":["https:\/\/saknews.net\/ku\/?p=2648"]}]},{"@type":"ImageObject","inLanguage":"en-US","@id":"https:\/\/saknews.net\/ku\/?p=2648#primaryimage","url":"https:\/\/i0.wp.com\/saknews.net\/ku\/wp-content\/uploads\/2025\/09\/20250118_230741_0000.png?fit=1081%2C785&ssl=1","contentUrl":"https:\/\/i0.wp.com\/saknews.net\/ku\/wp-content\/uploads\/2025\/09\/20250118_230741_0000.png?fit=1081%2C785&ssl=1","width":1081,"height":785},{"@type":"BreadcrumbList","@id":"https:\/\/saknews.net\/ku\/?p=2648#breadcrumb","itemListElement":[{"@type":"ListItem","position":1,"name":"\u0627\u0644\u0631\u0626\u064a\u0633\u064a\u0629","item":"https:\/\/saknews.net\/ku\/"},{"@type":"ListItem","position":2,"name":"Gotar","item":"https:\/\/saknews.net\/ku\/?cat=51"},{"@type":"ListItem","position":3,"name":"Ma ev lawazb\u00fbneke siyas\u00ee ye yan l\u00eager\u00eena li postan e"}]},{"@type":"WebSite","@id":"https:\/\/saknews.net\/ku\/#website","url":"https:\/\/saknews.net\/ku\/","name":"S\u0327epe\u0302la Azadi\u0302 ya Kurdistani\u0302","description":"\u062a\u064a\u0627\u0631 \u0627\u0644\u062d\u0631\u064a\u0629 \u0627\u0644\u0643\u0648\u0631\u062f\u0633\u062a\u0627\u0646\u064a \u015eep\u00eala Azad\u00ee ya Kurdistan\u00ee","publisher":{"@id":"https:\/\/saknews.net\/ku\/#organization"},"potentialAction":[{"@type":"SearchAction","target":{"@type":"EntryPoint","urlTemplate":"https:\/\/saknews.net\/ku\/?s={search_term_string}"},"query-input":{"@type":"PropertyValueSpecification","valueRequired":true,"valueName":"search_term_string"}}],"inLanguage":"en-US"},{"@type":"Organization","@id":"https:\/\/saknews.net\/ku\/#organization","name":"\u015eep\u00eala Azadiy\u00ea ya Kurdistan\u00ea - \u062a\u064a\u0627\u0631 \u0627\u0644\u062d\u0631\u064a\u0629 \u0627\u0644\u0643\u0648\u0631\u062f\u0633\u062a\u0627\u0646\u064a","url":"https:\/\/saknews.net\/ku\/","logo":{"@type":"ImageObject","inLanguage":"en-US","@id":"https:\/\/saknews.net\/ku\/#\/schema\/logo\/image\/","url":"https:\/\/i0.wp.com\/saknews.net\/ku\/wp-content\/uploads\/2024\/11\/cropped-logo-1.png?fit=512%2C512&ssl=1","contentUrl":"https:\/\/i0.wp.com\/saknews.net\/ku\/wp-content\/uploads\/2024\/11\/cropped-logo-1.png?fit=512%2C512&ssl=1","width":512,"height":512,"caption":"\u015eep\u00eala Azadiy\u00ea ya Kurdistan\u00ea - \u062a\u064a\u0627\u0631 \u0627\u0644\u062d\u0631\u064a\u0629 \u0627\u0644\u0643\u0648\u0631\u062f\u0633\u062a\u0627\u0646\u064a"},"image":{"@id":"https:\/\/saknews.net\/ku\/#\/schema\/logo\/image\/"},"sameAs":["https:\/\/www.facebook.com\/Shepel.ewropa"]},{"@type":"Person","@id":"https:\/\/saknews.net\/ku\/#\/schema\/person\/72ae32a4041a3817e015b63d8f409058","name":"Horan Hem","url":"https:\/\/saknews.net\/ku\/?author=8"}]}},"featured_image_urls":{"full":["https:\/\/i0.wp.com\/saknews.net\/ku\/wp-content\/uploads\/2025\/09\/20250118_230741_0000.png?fit=1081%2C785&ssl=1",1081,785,false],"thumbnail":["https:\/\/i0.wp.com\/saknews.net\/ku\/wp-content\/uploads\/2025\/09\/20250118_230741_0000.png?resize=150%2C150&ssl=1",150,150,true],"medium":["https:\/\/i0.wp.com\/saknews.net\/ku\/wp-content\/uploads\/2025\/09\/20250118_230741_0000.png?fit=300%2C218&ssl=1",300,218,true],"medium_large":["https:\/\/i0.wp.com\/saknews.net\/ku\/wp-content\/uploads\/2025\/09\/20250118_230741_0000.png?fit=640%2C465&ssl=1",640,465,true],"large":["https:\/\/i0.wp.com\/saknews.net\/ku\/wp-content\/uploads\/2025\/09\/20250118_230741_0000.png?fit=640%2C465&ssl=1",640,465,true],"1536x1536":["https:\/\/i0.wp.com\/saknews.net\/ku\/wp-content\/uploads\/2025\/09\/20250118_230741_0000.png?fit=1081%2C785&ssl=1",1081,785,true],"2048x2048":["https:\/\/i0.wp.com\/saknews.net\/ku\/wp-content\/uploads\/2025\/09\/20250118_230741_0000.png?fit=1081%2C785&ssl=1",1081,785,true],"covernews-featured":["https:\/\/i0.wp.com\/saknews.net\/ku\/wp-content\/uploads\/2025\/09\/20250118_230741_0000.png?fit=1024%2C744&ssl=1",1024,744,true],"covernews-medium":["https:\/\/i0.wp.com\/saknews.net\/ku\/wp-content\/uploads\/2025\/09\/20250118_230741_0000.png?resize=540%2C340&ssl=1",540,340,true]},"author_info":{"display_name":"Horan Hem","author_link":"https:\/\/saknews.net\/ku\/?author=8"},"category_info":"<a href=\"https:\/\/saknews.net\/ku\/?cat=51\" rel=\"category\">Gotar<\/a>","tag_info":"Gotar","comment_count":"0","_links":{"self":[{"href":"https:\/\/saknews.net\/ku\/index.php?rest_route=\/wp\/v2\/posts\/2648","targetHints":{"allow":["GET"]}}],"collection":[{"href":"https:\/\/saknews.net\/ku\/index.php?rest_route=\/wp\/v2\/posts"}],"about":[{"href":"https:\/\/saknews.net\/ku\/index.php?rest_route=\/wp\/v2\/types\/post"}],"author":[{"embeddable":true,"href":"https:\/\/saknews.net\/ku\/index.php?rest_route=\/wp\/v2\/users\/8"}],"replies":[{"embeddable":true,"href":"https:\/\/saknews.net\/ku\/index.php?rest_route=%2Fwp%2Fv2%2Fcomments&post=2648"}],"version-history":[{"count":1,"href":"https:\/\/saknews.net\/ku\/index.php?rest_route=\/wp\/v2\/posts\/2648\/revisions"}],"predecessor-version":[{"id":2650,"href":"https:\/\/saknews.net\/ku\/index.php?rest_route=\/wp\/v2\/posts\/2648\/revisions\/2650"}],"wp:featuredmedia":[{"embeddable":true,"href":"https:\/\/saknews.net\/ku\/index.php?rest_route=\/wp\/v2\/media\/2649"}],"wp:attachment":[{"href":"https:\/\/saknews.net\/ku\/index.php?rest_route=%2Fwp%2Fv2%2Fmedia&parent=2648"}],"wp:term":[{"taxonomy":"category","embeddable":true,"href":"https:\/\/saknews.net\/ku\/index.php?rest_route=%2Fwp%2Fv2%2Fcategories&post=2648"},{"taxonomy":"post_tag","embeddable":true,"href":"https:\/\/saknews.net\/ku\/index.php?rest_route=%2Fwp%2Fv2%2Ftags&post=2648"}],"curies":[{"name":"wp","href":"https:\/\/api.w.org\/{rel}","templated":true}]}}