{"id":2656,"date":"2025-10-05T12:34:19","date_gmt":"2025-10-05T12:34:19","guid":{"rendered":"https:\/\/saknews.net\/ku\/?p=2656"},"modified":"2025-10-05T12:34:19","modified_gmt":"2025-10-05T12:34:19","slug":"daxuyani-derbare-lidarxistina-hilbijartinen-civata-gel-a-suri","status":"publish","type":"post","link":"https:\/\/saknews.net\/ku\/?p=2656","title":{"rendered":"Daxuyan\u00ee derbar\u00ea lidarxistina hilbijartin\u00ean Civata Gel a s\u00fbr\u00ee"},"content":{"rendered":"<p>Ber\u00ea Kurdistana S\u00fbriy\u00ea tekez dike, hilbijartin\u00ean Civata Gel ku \u00eero li dever\u00ean di bin dest\u00ea huk\u00fbmeta demk\u00ee li \u015eam\u00ea t\u00eane lidarxistin, ne rewa ne. Herwiha ew hilbijartin d\u00fbr\u00ee pirens\u00eep\u00ean demokrat\u00ee \u00fb zelaliy\u00ea ne j\u00ee.<br \/>\nSerok\u00ea qonaxa veguh\u00eaz yek ji s\u00eayan ji endaman bi xwe \u00fb rasterast destn\u00ee\u015fan dike \u00fb du ji sey\u00ea may\u00ee j\u00ee ji aliy\u00ea kom\u00eetey\u00ean \u015fax\u00ee ve, y\u00ean ku bi biryara kom\u00eeta bilind a hilbijartinan hatine \u00e7\u00eakirin, t\u00eane destn\u00ee\u015fankirin. Wate du ji seyan ne rasterast t\u00eane destn\u00ee\u015fankirin, bi away\u00ea ku ti rewat\u00ee \u00fb demokrasiya rast di piroseya hilbijartinan de nam\u00eene.<\/p>\n<p>Ev desthelata veguh\u00eaz bi r\u00eaya \u201d destey\u00ean hilbij\u00ear y\u00ean xwecih\u00ee\u201d dest\u00ea xwe dat\u00eene ser tevahiya prosey\u00ea, ku bi fermana serokatiy\u00ea ya hejmar 66 ku bir\u00eaz Ehmed El-\u015eerih derxistiye, hatiye avakirin.Herwiha n\u00fbnertiya di parlemantoy\u00ea de ten\u00ea ji bo kes\u00ean naskir\u00ee \u00fb xwendevanan hatiye destn\u00ee\u015fankirin, \u00fb h\u00eaz \u00fb aliy\u00ean siyas\u00ee, karker, cotkar, be\u015f\u00ean din \u00ean civak\u00ea \u00fb xelk bi gi\u015ft\u00ee j\u00ea hatine d\u00fbrxistin.<\/p>\n<p>Ti\u015ft\u00ean \u00eero dibin, ne hilbijartin\u00ean rast in, l\u00ea bel\u00ea destene hilbij\u00ear y\u00ean xwecih\u00ee ne \u00fb bi xwe berendaman hildibij\u00earin ku li gor\u00ee n\u00ear\u00een\u00ean desthelata niha bin, b\u00eay\u00ee ku ti hilbijartin\u00ean rasterast b\u00eane lidarxistin \u00fb n\u00fbnertiya v\u00eena gel\u00ea S\u00fbriy\u00ea bikin.<\/p>\n<p>Herwiha ti\u015ft\u00ea \u00eero dibe, tekez dike ku S\u00fbriya n\u00fb bi ti away\u00ee nikare navend\u00ee be, ku huk\u00fbmeta \u015eam\u00ea dikare li her s\u00ea par\u00eazgeh\u00ean Siw\u00eada, Reqa \u00fb Hesek\u00ea hilbijartinan lidar bixe. Ev yek j\u00ee w\u00ea yek\u00ea n\u00ee\u015fan dide \u00fb tekez dike, p\u00ea\u015feroja wel\u00eat div\u00ea li ser s\u00eestema federal be bi away\u00ea ju be\u015fdarb\u00fbna rast a p\u00eakhateyan misoger dike.<\/p>\n<p>Ji ber v\u00ea j\u00ee, ev Civata Gel (Parlemanto) ku d\u00ea ji van hilbijartinan \u00e7\u00eabibe, d\u00ea ne rewa be, herwiha d\u00ea metirsiy\u00ean cid\u00ee \u00e7\u00eabike, ku yasay\u00ean ne rewa b\u00eane \u00e7espandin di dema u serbixweb\u00fbna desthelata Yasadan\u00een\u00ea n\u00eene \u00fb di bin dest\u00ea desthelata C\u00eebic\u00eekar de ye \u00fb ew j\u00ee serok\u00ea qonaxa veguh\u00eaz e.<br \/>\nEv kiryar, bir\u00eavebirina \u015fa\u015f a qonaxa veguh\u00eaz n\u00ee\u015fan dide \u00fb r\u00ea li ber jin\u00fbve \u00e7\u00eakirina sitemkariy\u00ea li S\u00fbriy\u00ea bi rengek\u00ee n\u00fb \u00e7\u00eadike, b\u00eay\u00ee ku h\u00eaviy\u00ean s\u00fbriyan di Azad\u00ee, Demokras\u00ee \u00fb dadperweriy\u00ea de bic\u00ee bike.<\/p>\n<p>Ji ber ku em xem\u00ea p\u00ea\u015feroja S\u00fbriy\u00ea \u00fb gel\u00ea w\u00ea bi p\u00eakhatey\u00ean w\u00ea ve dixwen, em weke Ber\u00ea Kurdistana S\u00fbriy\u00ea tekez dikin, ku got\u00fbb\u00eajeke ni\u015ftiman\u00ee ya rast b\u00eane destp\u00eakirin ku tevahiya p\u00eakhateyan cih\u00ea xwe t\u00eade bigirin \u00fb kar ji bo avakirina desteyeke huk\u00fbm\u00ea ya demk\u00ee ji d\u00ealva huk\u00fbmeta demk\u00ee ya niha, b\u00ea kirin bi away\u00ea ew deste karibe rewatiya ni\u015ftiman\u00ee bist\u00eene \u00fb lihevkirina siyas\u00ee bidest bixe, herwiha ew karibe j\u00ee nex\u015fer\u00eaya avakirina S\u00fbriya N\u00fb deyne, ku bibe dewleteke demokrat, federal \u00fb pirreng, herwiha karibe maf\u00ean tevahiyan li ser bingeh\u00ean wekhev\u00ee \u00fb hevkariya rast misoger bike.<\/p>\n<p>Ber\u00ea Kurdistana S\u00fbriy\u00ea<br \/>\n05.10.2025<\/p>\n","protected":false},"excerpt":{"rendered":"<p>Ber\u00ea Kurdistana S\u00fbriy\u00ea tekez dike, hilbijartin\u00ean Civata Gel ku \u00eero li dever\u00ean di bin dest\u00ea&#8230;<\/p>\n","protected":false},"author":8,"featured_media":1905,"comment_status":"closed","ping_status":"closed","sticky":false,"template":"","format":"standard","meta":{"footnotes":""},"categories":[34],"tags":[],"class_list":["post-2656","post","type-post","status-publish","format-standard","has-post-thumbnail","hentry","category-daxuyani"],"yoast_head":"<!-- This site is optimized with the Yoast SEO plugin v27.5 - https:\/\/yoast.com\/product\/yoast-seo-wordpress\/ -->\n<title>Daxuyan\u00ee derbar\u00ea lidarxistina hilbijartin\u00ean Civata Gel a s\u00fbr\u00ee &#8226; \u015eAK<\/title>\n<meta name=\"robots\" content=\"index, follow, max-snippet:-1, max-image-preview:large, max-video-preview:-1\" \/>\n<link rel=\"canonical\" href=\"https:\/\/saknews.net\/ku\/?p=2656\" \/>\n<meta property=\"og:locale\" content=\"en_US\" \/>\n<meta property=\"og:type\" content=\"article\" \/>\n<meta property=\"og:title\" content=\"Daxuyan\u00ee derbar\u00ea lidarxistina hilbijartin\u00ean Civata Gel a s\u00fbr\u00ee &#8226; \u015eAK\" \/>\n<meta property=\"og:description\" content=\"Ber\u00ea Kurdistana S\u00fbriy\u00ea tekez dike, hilbijartin\u00ean Civata Gel ku \u00eero li dever\u00ean di bin dest\u00ea...\" \/>\n<meta property=\"og:url\" content=\"https:\/\/saknews.net\/ku\/?p=2656\" \/>\n<meta property=\"og:site_name\" content=\"\u015eAK\" \/>\n<meta property=\"article:publisher\" content=\"https:\/\/www.facebook.com\/Shepel.ewropa\" \/>\n<meta property=\"article:published_time\" content=\"2025-10-05T12:34:19+00:00\" \/>\n<meta property=\"og:image\" content=\"https:\/\/saknews.net\/ku\/wp-content\/uploads\/2024\/12\/IMG-20241207-WA0028.jpg\" \/>\n\t<meta property=\"og:image:width\" content=\"597\" \/>\n\t<meta property=\"og:image:height\" content=\"574\" \/>\n\t<meta property=\"og:image:type\" content=\"image\/jpeg\" \/>\n<meta name=\"author\" content=\"Horan Hem\" \/>\n<meta name=\"twitter:card\" content=\"summary_large_image\" \/>\n<meta name=\"twitter:label1\" content=\"Written by\" \/>\n\t<meta name=\"twitter:data1\" content=\"Horan Hem\" \/>\n\t<meta name=\"twitter:label2\" content=\"Est. reading time\" \/>\n\t<meta name=\"twitter:data2\" content=\"1 minute\" \/>\n<script type=\"application\/ld+json\" class=\"yoast-schema-graph\">{\"@context\":\"https:\\\/\\\/schema.org\",\"@graph\":[{\"@type\":\"Article\",\"@id\":\"https:\\\/\\\/saknews.net\\\/ku\\\/?p=2656#article\",\"isPartOf\":{\"@id\":\"https:\\\/\\\/saknews.net\\\/ku\\\/?p=2656\"},\"author\":{\"name\":\"Horan Hem\",\"@id\":\"https:\\\/\\\/saknews.net\\\/ku\\\/#\\\/schema\\\/person\\\/72ae32a4041a3817e015b63d8f409058\"},\"headline\":\"Daxuyan\u00ee derbar\u00ea lidarxistina hilbijartin\u00ean Civata Gel a s\u00fbr\u00ee\",\"datePublished\":\"2025-10-05T12:34:19+00:00\",\"mainEntityOfPage\":{\"@id\":\"https:\\\/\\\/saknews.net\\\/ku\\\/?p=2656\"},\"wordCount\":525,\"publisher\":{\"@id\":\"https:\\\/\\\/saknews.net\\\/ku\\\/#organization\"},\"image\":{\"@id\":\"https:\\\/\\\/saknews.net\\\/ku\\\/?p=2656#primaryimage\"},\"thumbnailUrl\":\"https:\\\/\\\/i0.wp.com\\\/saknews.net\\\/ku\\\/wp-content\\\/uploads\\\/2024\\\/12\\\/IMG-20241207-WA0028.jpg?fit=597%2C574&ssl=1\",\"articleSection\":[\"Daxuyan\u00ee\"],\"inLanguage\":\"en-US\"},{\"@type\":\"WebPage\",\"@id\":\"https:\\\/\\\/saknews.net\\\/ku\\\/?p=2656\",\"url\":\"https:\\\/\\\/saknews.net\\\/ku\\\/?p=2656\",\"name\":\"Daxuyan\u00ee derbar\u00ea lidarxistina hilbijartin\u00ean Civata Gel a s\u00fbr\u00ee &#8226; \u015eAK\",\"isPartOf\":{\"@id\":\"https:\\\/\\\/saknews.net\\\/ku\\\/#website\"},\"primaryImageOfPage\":{\"@id\":\"https:\\\/\\\/saknews.net\\\/ku\\\/?p=2656#primaryimage\"},\"image\":{\"@id\":\"https:\\\/\\\/saknews.net\\\/ku\\\/?p=2656#primaryimage\"},\"thumbnailUrl\":\"https:\\\/\\\/i0.wp.com\\\/saknews.net\\\/ku\\\/wp-content\\\/uploads\\\/2024\\\/12\\\/IMG-20241207-WA0028.jpg?fit=597%2C574&ssl=1\",\"datePublished\":\"2025-10-05T12:34:19+00:00\",\"breadcrumb\":{\"@id\":\"https:\\\/\\\/saknews.net\\\/ku\\\/?p=2656#breadcrumb\"},\"inLanguage\":\"en-US\",\"potentialAction\":[{\"@type\":\"ReadAction\",\"target\":[\"https:\\\/\\\/saknews.net\\\/ku\\\/?p=2656\"]}]},{\"@type\":\"ImageObject\",\"inLanguage\":\"en-US\",\"@id\":\"https:\\\/\\\/saknews.net\\\/ku\\\/?p=2656#primaryimage\",\"url\":\"https:\\\/\\\/i0.wp.com\\\/saknews.net\\\/ku\\\/wp-content\\\/uploads\\\/2024\\\/12\\\/IMG-20241207-WA0028.jpg?fit=597%2C574&ssl=1\",\"contentUrl\":\"https:\\\/\\\/i0.wp.com\\\/saknews.net\\\/ku\\\/wp-content\\\/uploads\\\/2024\\\/12\\\/IMG-20241207-WA0028.jpg?fit=597%2C574&ssl=1\",\"width\":597,\"height\":574},{\"@type\":\"BreadcrumbList\",\"@id\":\"https:\\\/\\\/saknews.net\\\/ku\\\/?p=2656#breadcrumb\",\"itemListElement\":[{\"@type\":\"ListItem\",\"position\":1,\"name\":\"\u0627\u0644\u0631\u0626\u064a\u0633\u064a\u0629\",\"item\":\"https:\\\/\\\/saknews.net\\\/ku\\\/\"},{\"@type\":\"ListItem\",\"position\":2,\"name\":\"N\u00fb\u00e7e\",\"item\":\"https:\\\/\\\/saknews.net\\\/ku\\\/?cat=49\"},{\"@type\":\"ListItem\",\"position\":3,\"name\":\"Daxuyan\u00ee\",\"item\":\"https:\\\/\\\/saknews.net\\\/ku\\\/?cat=34\"},{\"@type\":\"ListItem\",\"position\":4,\"name\":\"Daxuyan\u00ee derbar\u00ea lidarxistina hilbijartin\u00ean Civata Gel a s\u00fbr\u00ee\"}]},{\"@type\":\"WebSite\",\"@id\":\"https:\\\/\\\/saknews.net\\\/ku\\\/#website\",\"url\":\"https:\\\/\\\/saknews.net\\\/ku\\\/\",\"name\":\"S\u0327epe\u0302la Azadi\u0302 ya Kurdistani\u0302\",\"description\":\"\u062a\u064a\u0627\u0631 \u0627\u0644\u062d\u0631\u064a\u0629 \u0627\u0644\u0643\u0648\u0631\u062f\u0633\u062a\u0627\u0646\u064a \u015eep\u00eala Azad\u00ee ya Kurdistan\u00ee\",\"publisher\":{\"@id\":\"https:\\\/\\\/saknews.net\\\/ku\\\/#organization\"},\"potentialAction\":[{\"@type\":\"SearchAction\",\"target\":{\"@type\":\"EntryPoint\",\"urlTemplate\":\"https:\\\/\\\/saknews.net\\\/ku\\\/?s={search_term_string}\"},\"query-input\":{\"@type\":\"PropertyValueSpecification\",\"valueRequired\":true,\"valueName\":\"search_term_string\"}}],\"inLanguage\":\"en-US\"},{\"@type\":\"Organization\",\"@id\":\"https:\\\/\\\/saknews.net\\\/ku\\\/#organization\",\"name\":\"\u015eep\u00eala Azadiy\u00ea ya Kurdistan\u00ea - \u062a\u064a\u0627\u0631 \u0627\u0644\u062d\u0631\u064a\u0629 \u0627\u0644\u0643\u0648\u0631\u062f\u0633\u062a\u0627\u0646\u064a\",\"url\":\"https:\\\/\\\/saknews.net\\\/ku\\\/\",\"logo\":{\"@type\":\"ImageObject\",\"inLanguage\":\"en-US\",\"@id\":\"https:\\\/\\\/saknews.net\\\/ku\\\/#\\\/schema\\\/logo\\\/image\\\/\",\"url\":\"https:\\\/\\\/i0.wp.com\\\/saknews.net\\\/ku\\\/wp-content\\\/uploads\\\/2024\\\/11\\\/cropped-logo-1.png?fit=512%2C512&ssl=1\",\"contentUrl\":\"https:\\\/\\\/i0.wp.com\\\/saknews.net\\\/ku\\\/wp-content\\\/uploads\\\/2024\\\/11\\\/cropped-logo-1.png?fit=512%2C512&ssl=1\",\"width\":512,\"height\":512,\"caption\":\"\u015eep\u00eala Azadiy\u00ea ya Kurdistan\u00ea - \u062a\u064a\u0627\u0631 \u0627\u0644\u062d\u0631\u064a\u0629 \u0627\u0644\u0643\u0648\u0631\u062f\u0633\u062a\u0627\u0646\u064a\"},\"image\":{\"@id\":\"https:\\\/\\\/saknews.net\\\/ku\\\/#\\\/schema\\\/logo\\\/image\\\/\"},\"sameAs\":[\"https:\\\/\\\/www.facebook.com\\\/Shepel.ewropa\"]},{\"@type\":\"Person\",\"@id\":\"https:\\\/\\\/saknews.net\\\/ku\\\/#\\\/schema\\\/person\\\/72ae32a4041a3817e015b63d8f409058\",\"name\":\"Horan Hem\",\"url\":\"https:\\\/\\\/saknews.net\\\/ku\\\/?author=8\"}]}<\/script>\n<!-- \/ Yoast SEO plugin. -->","yoast_head_json":{"title":"Daxuyan\u00ee derbar\u00ea lidarxistina hilbijartin\u00ean Civata Gel a s\u00fbr\u00ee &#8226; \u015eAK","robots":{"index":"index","follow":"follow","max-snippet":"max-snippet:-1","max-image-preview":"max-image-preview:large","max-video-preview":"max-video-preview:-1"},"canonical":"https:\/\/saknews.net\/ku\/?p=2656","og_locale":"en_US","og_type":"article","og_title":"Daxuyan\u00ee derbar\u00ea lidarxistina hilbijartin\u00ean Civata Gel a s\u00fbr\u00ee &#8226; \u015eAK","og_description":"Ber\u00ea Kurdistana S\u00fbriy\u00ea tekez dike, hilbijartin\u00ean Civata Gel ku \u00eero li dever\u00ean di bin dest\u00ea...","og_url":"https:\/\/saknews.net\/ku\/?p=2656","og_site_name":"\u015eAK","article_publisher":"https:\/\/www.facebook.com\/Shepel.ewropa","article_published_time":"2025-10-05T12:34:19+00:00","og_image":[{"width":597,"height":574,"url":"https:\/\/saknews.net\/ku\/wp-content\/uploads\/2024\/12\/IMG-20241207-WA0028.jpg","type":"image\/jpeg"}],"author":"Horan Hem","twitter_card":"summary_large_image","twitter_misc":{"Written by":"Horan Hem","Est. reading time":"1 minute"},"schema":{"@context":"https:\/\/schema.org","@graph":[{"@type":"Article","@id":"https:\/\/saknews.net\/ku\/?p=2656#article","isPartOf":{"@id":"https:\/\/saknews.net\/ku\/?p=2656"},"author":{"name":"Horan Hem","@id":"https:\/\/saknews.net\/ku\/#\/schema\/person\/72ae32a4041a3817e015b63d8f409058"},"headline":"Daxuyan\u00ee derbar\u00ea lidarxistina hilbijartin\u00ean Civata Gel a s\u00fbr\u00ee","datePublished":"2025-10-05T12:34:19+00:00","mainEntityOfPage":{"@id":"https:\/\/saknews.net\/ku\/?p=2656"},"wordCount":525,"publisher":{"@id":"https:\/\/saknews.net\/ku\/#organization"},"image":{"@id":"https:\/\/saknews.net\/ku\/?p=2656#primaryimage"},"thumbnailUrl":"https:\/\/i0.wp.com\/saknews.net\/ku\/wp-content\/uploads\/2024\/12\/IMG-20241207-WA0028.jpg?fit=597%2C574&ssl=1","articleSection":["Daxuyan\u00ee"],"inLanguage":"en-US"},{"@type":"WebPage","@id":"https:\/\/saknews.net\/ku\/?p=2656","url":"https:\/\/saknews.net\/ku\/?p=2656","name":"Daxuyan\u00ee derbar\u00ea lidarxistina hilbijartin\u00ean Civata Gel a s\u00fbr\u00ee &#8226; \u015eAK","isPartOf":{"@id":"https:\/\/saknews.net\/ku\/#website"},"primaryImageOfPage":{"@id":"https:\/\/saknews.net\/ku\/?p=2656#primaryimage"},"image":{"@id":"https:\/\/saknews.net\/ku\/?p=2656#primaryimage"},"thumbnailUrl":"https:\/\/i0.wp.com\/saknews.net\/ku\/wp-content\/uploads\/2024\/12\/IMG-20241207-WA0028.jpg?fit=597%2C574&ssl=1","datePublished":"2025-10-05T12:34:19+00:00","breadcrumb":{"@id":"https:\/\/saknews.net\/ku\/?p=2656#breadcrumb"},"inLanguage":"en-US","potentialAction":[{"@type":"ReadAction","target":["https:\/\/saknews.net\/ku\/?p=2656"]}]},{"@type":"ImageObject","inLanguage":"en-US","@id":"https:\/\/saknews.net\/ku\/?p=2656#primaryimage","url":"https:\/\/i0.wp.com\/saknews.net\/ku\/wp-content\/uploads\/2024\/12\/IMG-20241207-WA0028.jpg?fit=597%2C574&ssl=1","contentUrl":"https:\/\/i0.wp.com\/saknews.net\/ku\/wp-content\/uploads\/2024\/12\/IMG-20241207-WA0028.jpg?fit=597%2C574&ssl=1","width":597,"height":574},{"@type":"BreadcrumbList","@id":"https:\/\/saknews.net\/ku\/?p=2656#breadcrumb","itemListElement":[{"@type":"ListItem","position":1,"name":"\u0627\u0644\u0631\u0626\u064a\u0633\u064a\u0629","item":"https:\/\/saknews.net\/ku\/"},{"@type":"ListItem","position":2,"name":"N\u00fb\u00e7e","item":"https:\/\/saknews.net\/ku\/?cat=49"},{"@type":"ListItem","position":3,"name":"Daxuyan\u00ee","item":"https:\/\/saknews.net\/ku\/?cat=34"},{"@type":"ListItem","position":4,"name":"Daxuyan\u00ee derbar\u00ea lidarxistina hilbijartin\u00ean Civata Gel a s\u00fbr\u00ee"}]},{"@type":"WebSite","@id":"https:\/\/saknews.net\/ku\/#website","url":"https:\/\/saknews.net\/ku\/","name":"S\u0327epe\u0302la Azadi\u0302 ya Kurdistani\u0302","description":"\u062a\u064a\u0627\u0631 \u0627\u0644\u062d\u0631\u064a\u0629 \u0627\u0644\u0643\u0648\u0631\u062f\u0633\u062a\u0627\u0646\u064a \u015eep\u00eala Azad\u00ee ya Kurdistan\u00ee","publisher":{"@id":"https:\/\/saknews.net\/ku\/#organization"},"potentialAction":[{"@type":"SearchAction","target":{"@type":"EntryPoint","urlTemplate":"https:\/\/saknews.net\/ku\/?s={search_term_string}"},"query-input":{"@type":"PropertyValueSpecification","valueRequired":true,"valueName":"search_term_string"}}],"inLanguage":"en-US"},{"@type":"Organization","@id":"https:\/\/saknews.net\/ku\/#organization","name":"\u015eep\u00eala Azadiy\u00ea ya Kurdistan\u00ea - \u062a\u064a\u0627\u0631 \u0627\u0644\u062d\u0631\u064a\u0629 \u0627\u0644\u0643\u0648\u0631\u062f\u0633\u062a\u0627\u0646\u064a","url":"https:\/\/saknews.net\/ku\/","logo":{"@type":"ImageObject","inLanguage":"en-US","@id":"https:\/\/saknews.net\/ku\/#\/schema\/logo\/image\/","url":"https:\/\/i0.wp.com\/saknews.net\/ku\/wp-content\/uploads\/2024\/11\/cropped-logo-1.png?fit=512%2C512&ssl=1","contentUrl":"https:\/\/i0.wp.com\/saknews.net\/ku\/wp-content\/uploads\/2024\/11\/cropped-logo-1.png?fit=512%2C512&ssl=1","width":512,"height":512,"caption":"\u015eep\u00eala Azadiy\u00ea ya Kurdistan\u00ea - \u062a\u064a\u0627\u0631 \u0627\u0644\u062d\u0631\u064a\u0629 \u0627\u0644\u0643\u0648\u0631\u062f\u0633\u062a\u0627\u0646\u064a"},"image":{"@id":"https:\/\/saknews.net\/ku\/#\/schema\/logo\/image\/"},"sameAs":["https:\/\/www.facebook.com\/Shepel.ewropa"]},{"@type":"Person","@id":"https:\/\/saknews.net\/ku\/#\/schema\/person\/72ae32a4041a3817e015b63d8f409058","name":"Horan Hem","url":"https:\/\/saknews.net\/ku\/?author=8"}]}},"featured_image_urls":{"full":["https:\/\/i0.wp.com\/saknews.net\/ku\/wp-content\/uploads\/2024\/12\/IMG-20241207-WA0028.jpg?fit=597%2C574&ssl=1",597,574,false],"thumbnail":["https:\/\/i0.wp.com\/saknews.net\/ku\/wp-content\/uploads\/2024\/12\/IMG-20241207-WA0028.jpg?resize=150%2C150&ssl=1",150,150,true],"medium":["https:\/\/i0.wp.com\/saknews.net\/ku\/wp-content\/uploads\/2024\/12\/IMG-20241207-WA0028.jpg?fit=300%2C288&ssl=1",300,288,true],"medium_large":["https:\/\/i0.wp.com\/saknews.net\/ku\/wp-content\/uploads\/2024\/12\/IMG-20241207-WA0028.jpg?fit=597%2C574&ssl=1",597,574,true],"large":["https:\/\/i0.wp.com\/saknews.net\/ku\/wp-content\/uploads\/2024\/12\/IMG-20241207-WA0028.jpg?fit=597%2C574&ssl=1",597,574,true],"1536x1536":["https:\/\/i0.wp.com\/saknews.net\/ku\/wp-content\/uploads\/2024\/12\/IMG-20241207-WA0028.jpg?fit=597%2C574&ssl=1",597,574,true],"2048x2048":["https:\/\/i0.wp.com\/saknews.net\/ku\/wp-content\/uploads\/2024\/12\/IMG-20241207-WA0028.jpg?fit=597%2C574&ssl=1",597,574,true],"covernews-featured":["https:\/\/i0.wp.com\/saknews.net\/ku\/wp-content\/uploads\/2024\/12\/IMG-20241207-WA0028.jpg?fit=597%2C574&ssl=1",597,574,true],"covernews-medium":["https:\/\/i0.wp.com\/saknews.net\/ku\/wp-content\/uploads\/2024\/12\/IMG-20241207-WA0028.jpg?resize=540%2C340&ssl=1",540,340,true]},"author_info":{"display_name":"Horan Hem","author_link":"https:\/\/saknews.net\/ku\/?author=8"},"category_info":"<a href=\"https:\/\/saknews.net\/ku\/?cat=34\" rel=\"category\">Daxuyan\u00ee<\/a>","tag_info":"Daxuyan\u00ee","comment_count":"0","_links":{"self":[{"href":"https:\/\/saknews.net\/ku\/index.php?rest_route=\/wp\/v2\/posts\/2656","targetHints":{"allow":["GET"]}}],"collection":[{"href":"https:\/\/saknews.net\/ku\/index.php?rest_route=\/wp\/v2\/posts"}],"about":[{"href":"https:\/\/saknews.net\/ku\/index.php?rest_route=\/wp\/v2\/types\/post"}],"author":[{"embeddable":true,"href":"https:\/\/saknews.net\/ku\/index.php?rest_route=\/wp\/v2\/users\/8"}],"replies":[{"embeddable":true,"href":"https:\/\/saknews.net\/ku\/index.php?rest_route=%2Fwp%2Fv2%2Fcomments&post=2656"}],"version-history":[{"count":1,"href":"https:\/\/saknews.net\/ku\/index.php?rest_route=\/wp\/v2\/posts\/2656\/revisions"}],"predecessor-version":[{"id":2657,"href":"https:\/\/saknews.net\/ku\/index.php?rest_route=\/wp\/v2\/posts\/2656\/revisions\/2657"}],"wp:featuredmedia":[{"embeddable":true,"href":"https:\/\/saknews.net\/ku\/index.php?rest_route=\/wp\/v2\/media\/1905"}],"wp:attachment":[{"href":"https:\/\/saknews.net\/ku\/index.php?rest_route=%2Fwp%2Fv2%2Fmedia&parent=2656"}],"wp:term":[{"taxonomy":"category","embeddable":true,"href":"https:\/\/saknews.net\/ku\/index.php?rest_route=%2Fwp%2Fv2%2Fcategories&post=2656"},{"taxonomy":"post_tag","embeddable":true,"href":"https:\/\/saknews.net\/ku\/index.php?rest_route=%2Fwp%2Fv2%2Ftags&post=2656"}],"curies":[{"name":"wp","href":"https:\/\/api.w.org\/{rel}","templated":true}]}}