{"id":2664,"date":"2025-10-06T07:46:28","date_gmt":"2025-10-06T07:46:28","guid":{"rendered":"https:\/\/saknews.net\/ku\/?p=2664"},"modified":"2025-10-06T07:46:28","modified_gmt":"2025-10-06T07:46:28","slug":"daxuyani-derbare-fermana-ku-cejna-newroze-wek-cejneke-neteweyi-ya-kurdan-nas-najke","status":"publish","type":"post","link":"https:\/\/saknews.net\/ku\/?p=2664","title":{"rendered":"Daxuyan\u00ee derbar\u00ea Fermana Ku Cejna Newroz\u00ea wek Cejneke Netewey\u00ee ya Kurdan nas najke"},"content":{"rendered":"<p>\u200bFermana bi hejmar (188) ya sala 2025an, ku ji aliy\u00ea Serokatiya Komara S\u00fbriy\u00ea ve hatiye derxistin \u00fb di derbar\u00ea diyarkirina cejn\u00ean ferm\u00ee \u00fb betlaney\u00ean bi m\u00fb\u00e7e de, berdewamiya siyaseta d\u00fbrxistin \u00fb cudakariya plankir\u00ee ye ku bi dehsalan li hember\u00ee gel\u00ea Kurd hatiye me\u015fandin, . Ev ferman bi awayek\u00ee zelal n\u00ee\u015fan dide ku heman r\u00eabaza Partiya Be&#8217;s berdewam e, ku her hewl dida nasnameya v\u00ee gel\u00ee tune bike \u00fb d\u00eerok \u00fb maf\u00ean w\u00ee y\u00ean netewey\u00ee \u00fb \u00e7and\u00ee tine bike.<\/p>\n<p>\u200bD\u00fbrxistina Cejna Newroz\u00ea ji l\u00eesteya cejn\u00ean ferm\u00ee \u00fb berdewamiya navl\u00eakirina w\u00ea wek &#8220;Cejna Day\u00eek\u00ea&#8221;, berdewamiya siyaset\u00ean rej\u00eema ber\u00ea ne, ku hewl dida bi v\u00ea navl\u00eakirin\u00ea sembola Newroz\u00ea betal bike \u00fb wateya w\u00ea bi semboleke \u00e7\u00eakir\u00ee biguher\u00eene. Di rastiy\u00ea de, Cejna Day\u00eek\u00ea li S\u00fbriy\u00ea di 13\u00ea Gulan\u00ea de b\u00fb, l\u00ea 21\u00ea Adar\u00ea Cejna Newroz\u00ea ye, ku div\u00ea li ser asta tevahiya S\u00fbriy\u00ea wek cejneke ni\u015ftiman\u00ee b\u00ea \u00e7espandin.<\/p>\n<p>\u200bDi v\u00ea \u00e7ar\u00e7ovey\u00ea de, em tekez dikin ku p\u00eaw\u00eest e Sersala \u00caz\u00eediyan(\u00c7ar\u015fema ser\u00ea N\u00eesan\u00ea) wek cejneke ferm\u00ee ji bo \u00cazdiyan b\u00ea nas\u00een. Herwiha div\u00ea maf\u00ea betlaney\u00ea di v\u00ea roj\u00ea de ji \u00caz\u00eediyan re b\u00ea day\u00een, ji bo ku r\u00eaz li p\u00eeroziya b\u00eeran\u00een \u00fb cih\u00ea w\u00ea y\u00ea ol\u00ee \u00fb ruhan\u00ee b\u00ea girtin, li gor\u00ee pirens\u00eepa wekheviy\u00ea di navbera hem\u00fb p\u00eakhatey\u00ean S\u00fbriy\u00ea de \u00fb r\u00eazgirtina li taybetmendiy\u00ean wan \u00ean \u00e7and\u00ee \u00fb ol\u00ee.<\/p>\n<p>\u200bBerdewamiya tinekirina maf\u00ean netewey\u00ee, \u00e7and\u00ee \u00fb ol\u00ee y\u00ean Kurdan tekez dike, ku Hik\u00fbmeta Veguh\u00eaz a Demk\u00ee ji \u00e7ar\u00e7oveya siyaset\u00ean Be&#8217;s \u00ean ber\u00ea derneketiye, belku heman r\u00eabaz\u00ea di tinekirina heb\u00fbna Kurdan \u00fb pa\u015fguhkirina \u00ea\u015fa wan a d\u00eerok\u00ee de didom\u00eene, her wek encam\u00ean serjimariya awarte ya sala 1962an, ya ku bi sedem\u00ea w\u00ea bi sed hezaran Kurd ji hevwelatiya xwe ya s\u00fbr\u00ee hatin b\u00eaparkirin, \u00fb siyaset\u00ean Erebkirin \u00fb guhertina demograf\u00eek \u00ean ku her\u00eam\u00ean Kurdistana S\u00fbriy\u00ea kirin armanc \u00fb h\u00eena j\u00ee bandor\u00ean wan hene.<\/p>\n<p>\u200bPa\u015fguhkirina sembol\u00ean netewey\u00ee \u00fb ol\u00ee y\u00ean gel\u00ea Kurd, di ser\u00ee de Cejna Newroz\u00ea \u00fb Sersala \u00caz\u00eediyan, xizmeta projeya S\u00fbriyeya n\u00fb ya ku em h\u00eav\u00ee dikin j\u00ea re nay\u00ea kirin. Herwiha naskirina van b\u00eeran\u00eenan, ceribandineke rast\u00een e ji bo rastiya got\u00fbb\u00eaj\u00ean li ser S\u00fbriyeke n\u00fb ya ku li ser bingeha wekhev\u00ee \u00fb r\u00eazgirtina dual\u00ee t\u00ea avakirin, \u00fb li ser bingeha dadperweriya d\u00eerok\u00ee ji bo her p\u00eakhateyek ji p\u00eakhatey\u00ean v\u00ee welat\u00ee ye.<\/p>\n<p>\u200bBer\u00ea Kurdistana S\u00fbriy\u00ea<\/p>\n<p>06.10.2025<\/p>\n","protected":false},"excerpt":{"rendered":"<p>\u200bFermana bi hejmar (188) ya sala 2025an, ku ji aliy\u00ea Serokatiya Komara S\u00fbriy\u00ea ve hatiye&#8230;<\/p>\n","protected":false},"author":8,"featured_media":2665,"comment_status":"closed","ping_status":"closed","sticky":false,"template":"","format":"standard","meta":{"footnotes":""},"categories":[34],"tags":[],"class_list":["post-2664","post","type-post","status-publish","format-standard","has-post-thumbnail","hentry","category-daxuyani"],"yoast_head":"<!-- This site is optimized with the Yoast SEO plugin v27.5 - https:\/\/yoast.com\/product\/yoast-seo-wordpress\/ -->\n<title>Daxuyan\u00ee derbar\u00ea Fermana Ku Cejna Newroz\u00ea wek Cejneke Netewey\u00ee ya Kurdan nas najke &#8226; \u015eAK<\/title>\n<meta name=\"robots\" content=\"index, follow, max-snippet:-1, max-image-preview:large, max-video-preview:-1\" \/>\n<link rel=\"canonical\" href=\"https:\/\/saknews.net\/ku\/?p=2664\" \/>\n<meta property=\"og:locale\" content=\"en_US\" \/>\n<meta property=\"og:type\" content=\"article\" \/>\n<meta property=\"og:title\" content=\"Daxuyan\u00ee derbar\u00ea Fermana Ku Cejna Newroz\u00ea wek Cejneke Netewey\u00ee ya Kurdan nas najke &#8226; \u015eAK\" \/>\n<meta property=\"og:description\" content=\"\u200bFermana bi hejmar (188) ya sala 2025an, ku ji aliy\u00ea Serokatiya Komara S\u00fbriy\u00ea ve hatiye...\" \/>\n<meta property=\"og:url\" content=\"https:\/\/saknews.net\/ku\/?p=2664\" \/>\n<meta property=\"og:site_name\" content=\"\u015eAK\" \/>\n<meta property=\"article:publisher\" content=\"https:\/\/www.facebook.com\/Shepel.ewropa\" \/>\n<meta property=\"article:published_time\" content=\"2025-10-06T07:46:28+00:00\" \/>\n<meta property=\"og:image\" content=\"https:\/\/saknews.net\/ku\/wp-content\/uploads\/2025\/10\/Hilbijartin-be-rewa-ne_20251005_205639_0000.png\" \/>\n\t<meta property=\"og:image:width\" content=\"940\" \/>\n\t<meta property=\"og:image:height\" content=\"788\" \/>\n\t<meta property=\"og:image:type\" content=\"image\/png\" \/>\n<meta name=\"author\" content=\"Horan Hem\" \/>\n<meta name=\"twitter:card\" content=\"summary_large_image\" \/>\n<meta name=\"twitter:label1\" content=\"Written by\" \/>\n\t<meta name=\"twitter:data1\" content=\"Horan Hem\" \/>\n\t<meta name=\"twitter:label2\" content=\"Est. reading time\" \/>\n\t<meta name=\"twitter:data2\" content=\"1 minute\" \/>\n<script type=\"application\/ld+json\" class=\"yoast-schema-graph\">{\"@context\":\"https:\\\/\\\/schema.org\",\"@graph\":[{\"@type\":\"Article\",\"@id\":\"https:\\\/\\\/saknews.net\\\/ku\\\/?p=2664#article\",\"isPartOf\":{\"@id\":\"https:\\\/\\\/saknews.net\\\/ku\\\/?p=2664\"},\"author\":{\"name\":\"Horan Hem\",\"@id\":\"https:\\\/\\\/saknews.net\\\/ku\\\/#\\\/schema\\\/person\\\/72ae32a4041a3817e015b63d8f409058\"},\"headline\":\"Daxuyan\u00ee derbar\u00ea Fermana Ku Cejna Newroz\u00ea wek Cejneke Netewey\u00ee ya Kurdan nas najke\",\"datePublished\":\"2025-10-06T07:46:28+00:00\",\"mainEntityOfPage\":{\"@id\":\"https:\\\/\\\/saknews.net\\\/ku\\\/?p=2664\"},\"wordCount\":442,\"publisher\":{\"@id\":\"https:\\\/\\\/saknews.net\\\/ku\\\/#organization\"},\"image\":{\"@id\":\"https:\\\/\\\/saknews.net\\\/ku\\\/?p=2664#primaryimage\"},\"thumbnailUrl\":\"https:\\\/\\\/i0.wp.com\\\/saknews.net\\\/ku\\\/wp-content\\\/uploads\\\/2025\\\/10\\\/Hilbijartin-be-rewa-ne_20251005_205639_0000.png?fit=940%2C788&ssl=1\",\"articleSection\":[\"Daxuyan\u00ee\"],\"inLanguage\":\"en-US\"},{\"@type\":\"WebPage\",\"@id\":\"https:\\\/\\\/saknews.net\\\/ku\\\/?p=2664\",\"url\":\"https:\\\/\\\/saknews.net\\\/ku\\\/?p=2664\",\"name\":\"Daxuyan\u00ee derbar\u00ea Fermana Ku Cejna Newroz\u00ea wek Cejneke Netewey\u00ee ya Kurdan nas najke &#8226; \u015eAK\",\"isPartOf\":{\"@id\":\"https:\\\/\\\/saknews.net\\\/ku\\\/#website\"},\"primaryImageOfPage\":{\"@id\":\"https:\\\/\\\/saknews.net\\\/ku\\\/?p=2664#primaryimage\"},\"image\":{\"@id\":\"https:\\\/\\\/saknews.net\\\/ku\\\/?p=2664#primaryimage\"},\"thumbnailUrl\":\"https:\\\/\\\/i0.wp.com\\\/saknews.net\\\/ku\\\/wp-content\\\/uploads\\\/2025\\\/10\\\/Hilbijartin-be-rewa-ne_20251005_205639_0000.png?fit=940%2C788&ssl=1\",\"datePublished\":\"2025-10-06T07:46:28+00:00\",\"breadcrumb\":{\"@id\":\"https:\\\/\\\/saknews.net\\\/ku\\\/?p=2664#breadcrumb\"},\"inLanguage\":\"en-US\",\"potentialAction\":[{\"@type\":\"ReadAction\",\"target\":[\"https:\\\/\\\/saknews.net\\\/ku\\\/?p=2664\"]}]},{\"@type\":\"ImageObject\",\"inLanguage\":\"en-US\",\"@id\":\"https:\\\/\\\/saknews.net\\\/ku\\\/?p=2664#primaryimage\",\"url\":\"https:\\\/\\\/i0.wp.com\\\/saknews.net\\\/ku\\\/wp-content\\\/uploads\\\/2025\\\/10\\\/Hilbijartin-be-rewa-ne_20251005_205639_0000.png?fit=940%2C788&ssl=1\",\"contentUrl\":\"https:\\\/\\\/i0.wp.com\\\/saknews.net\\\/ku\\\/wp-content\\\/uploads\\\/2025\\\/10\\\/Hilbijartin-be-rewa-ne_20251005_205639_0000.png?fit=940%2C788&ssl=1\",\"width\":940,\"height\":788},{\"@type\":\"BreadcrumbList\",\"@id\":\"https:\\\/\\\/saknews.net\\\/ku\\\/?p=2664#breadcrumb\",\"itemListElement\":[{\"@type\":\"ListItem\",\"position\":1,\"name\":\"\u0627\u0644\u0631\u0626\u064a\u0633\u064a\u0629\",\"item\":\"https:\\\/\\\/saknews.net\\\/ku\\\/\"},{\"@type\":\"ListItem\",\"position\":2,\"name\":\"N\u00fb\u00e7e\",\"item\":\"https:\\\/\\\/saknews.net\\\/ku\\\/?cat=49\"},{\"@type\":\"ListItem\",\"position\":3,\"name\":\"Daxuyan\u00ee\",\"item\":\"https:\\\/\\\/saknews.net\\\/ku\\\/?cat=34\"},{\"@type\":\"ListItem\",\"position\":4,\"name\":\"Daxuyan\u00ee derbar\u00ea Fermana Ku Cejna Newroz\u00ea wek Cejneke Netewey\u00ee ya Kurdan nas najke\"}]},{\"@type\":\"WebSite\",\"@id\":\"https:\\\/\\\/saknews.net\\\/ku\\\/#website\",\"url\":\"https:\\\/\\\/saknews.net\\\/ku\\\/\",\"name\":\"S\u0327epe\u0302la Azadi\u0302 ya Kurdistani\u0302\",\"description\":\"\u062a\u064a\u0627\u0631 \u0627\u0644\u062d\u0631\u064a\u0629 \u0627\u0644\u0643\u0648\u0631\u062f\u0633\u062a\u0627\u0646\u064a \u015eep\u00eala Azad\u00ee ya Kurdistan\u00ee\",\"publisher\":{\"@id\":\"https:\\\/\\\/saknews.net\\\/ku\\\/#organization\"},\"potentialAction\":[{\"@type\":\"SearchAction\",\"target\":{\"@type\":\"EntryPoint\",\"urlTemplate\":\"https:\\\/\\\/saknews.net\\\/ku\\\/?s={search_term_string}\"},\"query-input\":{\"@type\":\"PropertyValueSpecification\",\"valueRequired\":true,\"valueName\":\"search_term_string\"}}],\"inLanguage\":\"en-US\"},{\"@type\":\"Organization\",\"@id\":\"https:\\\/\\\/saknews.net\\\/ku\\\/#organization\",\"name\":\"\u015eep\u00eala Azadiy\u00ea ya Kurdistan\u00ea - \u062a\u064a\u0627\u0631 \u0627\u0644\u062d\u0631\u064a\u0629 \u0627\u0644\u0643\u0648\u0631\u062f\u0633\u062a\u0627\u0646\u064a\",\"url\":\"https:\\\/\\\/saknews.net\\\/ku\\\/\",\"logo\":{\"@type\":\"ImageObject\",\"inLanguage\":\"en-US\",\"@id\":\"https:\\\/\\\/saknews.net\\\/ku\\\/#\\\/schema\\\/logo\\\/image\\\/\",\"url\":\"https:\\\/\\\/i0.wp.com\\\/saknews.net\\\/ku\\\/wp-content\\\/uploads\\\/2024\\\/11\\\/cropped-logo-1.png?fit=512%2C512&ssl=1\",\"contentUrl\":\"https:\\\/\\\/i0.wp.com\\\/saknews.net\\\/ku\\\/wp-content\\\/uploads\\\/2024\\\/11\\\/cropped-logo-1.png?fit=512%2C512&ssl=1\",\"width\":512,\"height\":512,\"caption\":\"\u015eep\u00eala Azadiy\u00ea ya Kurdistan\u00ea - \u062a\u064a\u0627\u0631 \u0627\u0644\u062d\u0631\u064a\u0629 \u0627\u0644\u0643\u0648\u0631\u062f\u0633\u062a\u0627\u0646\u064a\"},\"image\":{\"@id\":\"https:\\\/\\\/saknews.net\\\/ku\\\/#\\\/schema\\\/logo\\\/image\\\/\"},\"sameAs\":[\"https:\\\/\\\/www.facebook.com\\\/Shepel.ewropa\"]},{\"@type\":\"Person\",\"@id\":\"https:\\\/\\\/saknews.net\\\/ku\\\/#\\\/schema\\\/person\\\/72ae32a4041a3817e015b63d8f409058\",\"name\":\"Horan Hem\",\"url\":\"https:\\\/\\\/saknews.net\\\/ku\\\/?author=8\"}]}<\/script>\n<!-- \/ Yoast SEO plugin. -->","yoast_head_json":{"title":"Daxuyan\u00ee derbar\u00ea Fermana Ku Cejna Newroz\u00ea wek Cejneke Netewey\u00ee ya Kurdan nas najke &#8226; \u015eAK","robots":{"index":"index","follow":"follow","max-snippet":"max-snippet:-1","max-image-preview":"max-image-preview:large","max-video-preview":"max-video-preview:-1"},"canonical":"https:\/\/saknews.net\/ku\/?p=2664","og_locale":"en_US","og_type":"article","og_title":"Daxuyan\u00ee derbar\u00ea Fermana Ku Cejna Newroz\u00ea wek Cejneke Netewey\u00ee ya Kurdan nas najke &#8226; \u015eAK","og_description":"\u200bFermana bi hejmar (188) ya sala 2025an, ku ji aliy\u00ea Serokatiya Komara S\u00fbriy\u00ea ve hatiye...","og_url":"https:\/\/saknews.net\/ku\/?p=2664","og_site_name":"\u015eAK","article_publisher":"https:\/\/www.facebook.com\/Shepel.ewropa","article_published_time":"2025-10-06T07:46:28+00:00","og_image":[{"width":940,"height":788,"url":"https:\/\/saknews.net\/ku\/wp-content\/uploads\/2025\/10\/Hilbijartin-be-rewa-ne_20251005_205639_0000.png","type":"image\/png"}],"author":"Horan Hem","twitter_card":"summary_large_image","twitter_misc":{"Written by":"Horan Hem","Est. reading time":"1 minute"},"schema":{"@context":"https:\/\/schema.org","@graph":[{"@type":"Article","@id":"https:\/\/saknews.net\/ku\/?p=2664#article","isPartOf":{"@id":"https:\/\/saknews.net\/ku\/?p=2664"},"author":{"name":"Horan Hem","@id":"https:\/\/saknews.net\/ku\/#\/schema\/person\/72ae32a4041a3817e015b63d8f409058"},"headline":"Daxuyan\u00ee derbar\u00ea Fermana Ku Cejna Newroz\u00ea wek Cejneke Netewey\u00ee ya Kurdan nas najke","datePublished":"2025-10-06T07:46:28+00:00","mainEntityOfPage":{"@id":"https:\/\/saknews.net\/ku\/?p=2664"},"wordCount":442,"publisher":{"@id":"https:\/\/saknews.net\/ku\/#organization"},"image":{"@id":"https:\/\/saknews.net\/ku\/?p=2664#primaryimage"},"thumbnailUrl":"https:\/\/i0.wp.com\/saknews.net\/ku\/wp-content\/uploads\/2025\/10\/Hilbijartin-be-rewa-ne_20251005_205639_0000.png?fit=940%2C788&ssl=1","articleSection":["Daxuyan\u00ee"],"inLanguage":"en-US"},{"@type":"WebPage","@id":"https:\/\/saknews.net\/ku\/?p=2664","url":"https:\/\/saknews.net\/ku\/?p=2664","name":"Daxuyan\u00ee derbar\u00ea Fermana Ku Cejna Newroz\u00ea wek Cejneke Netewey\u00ee ya Kurdan nas najke &#8226; \u015eAK","isPartOf":{"@id":"https:\/\/saknews.net\/ku\/#website"},"primaryImageOfPage":{"@id":"https:\/\/saknews.net\/ku\/?p=2664#primaryimage"},"image":{"@id":"https:\/\/saknews.net\/ku\/?p=2664#primaryimage"},"thumbnailUrl":"https:\/\/i0.wp.com\/saknews.net\/ku\/wp-content\/uploads\/2025\/10\/Hilbijartin-be-rewa-ne_20251005_205639_0000.png?fit=940%2C788&ssl=1","datePublished":"2025-10-06T07:46:28+00:00","breadcrumb":{"@id":"https:\/\/saknews.net\/ku\/?p=2664#breadcrumb"},"inLanguage":"en-US","potentialAction":[{"@type":"ReadAction","target":["https:\/\/saknews.net\/ku\/?p=2664"]}]},{"@type":"ImageObject","inLanguage":"en-US","@id":"https:\/\/saknews.net\/ku\/?p=2664#primaryimage","url":"https:\/\/i0.wp.com\/saknews.net\/ku\/wp-content\/uploads\/2025\/10\/Hilbijartin-be-rewa-ne_20251005_205639_0000.png?fit=940%2C788&ssl=1","contentUrl":"https:\/\/i0.wp.com\/saknews.net\/ku\/wp-content\/uploads\/2025\/10\/Hilbijartin-be-rewa-ne_20251005_205639_0000.png?fit=940%2C788&ssl=1","width":940,"height":788},{"@type":"BreadcrumbList","@id":"https:\/\/saknews.net\/ku\/?p=2664#breadcrumb","itemListElement":[{"@type":"ListItem","position":1,"name":"\u0627\u0644\u0631\u0626\u064a\u0633\u064a\u0629","item":"https:\/\/saknews.net\/ku\/"},{"@type":"ListItem","position":2,"name":"N\u00fb\u00e7e","item":"https:\/\/saknews.net\/ku\/?cat=49"},{"@type":"ListItem","position":3,"name":"Daxuyan\u00ee","item":"https:\/\/saknews.net\/ku\/?cat=34"},{"@type":"ListItem","position":4,"name":"Daxuyan\u00ee derbar\u00ea Fermana Ku Cejna Newroz\u00ea wek Cejneke Netewey\u00ee ya Kurdan nas najke"}]},{"@type":"WebSite","@id":"https:\/\/saknews.net\/ku\/#website","url":"https:\/\/saknews.net\/ku\/","name":"S\u0327epe\u0302la Azadi\u0302 ya Kurdistani\u0302","description":"\u062a\u064a\u0627\u0631 \u0627\u0644\u062d\u0631\u064a\u0629 \u0627\u0644\u0643\u0648\u0631\u062f\u0633\u062a\u0627\u0646\u064a \u015eep\u00eala Azad\u00ee ya Kurdistan\u00ee","publisher":{"@id":"https:\/\/saknews.net\/ku\/#organization"},"potentialAction":[{"@type":"SearchAction","target":{"@type":"EntryPoint","urlTemplate":"https:\/\/saknews.net\/ku\/?s={search_term_string}"},"query-input":{"@type":"PropertyValueSpecification","valueRequired":true,"valueName":"search_term_string"}}],"inLanguage":"en-US"},{"@type":"Organization","@id":"https:\/\/saknews.net\/ku\/#organization","name":"\u015eep\u00eala Azadiy\u00ea ya Kurdistan\u00ea - \u062a\u064a\u0627\u0631 \u0627\u0644\u062d\u0631\u064a\u0629 \u0627\u0644\u0643\u0648\u0631\u062f\u0633\u062a\u0627\u0646\u064a","url":"https:\/\/saknews.net\/ku\/","logo":{"@type":"ImageObject","inLanguage":"en-US","@id":"https:\/\/saknews.net\/ku\/#\/schema\/logo\/image\/","url":"https:\/\/i0.wp.com\/saknews.net\/ku\/wp-content\/uploads\/2024\/11\/cropped-logo-1.png?fit=512%2C512&ssl=1","contentUrl":"https:\/\/i0.wp.com\/saknews.net\/ku\/wp-content\/uploads\/2024\/11\/cropped-logo-1.png?fit=512%2C512&ssl=1","width":512,"height":512,"caption":"\u015eep\u00eala Azadiy\u00ea ya Kurdistan\u00ea - \u062a\u064a\u0627\u0631 \u0627\u0644\u062d\u0631\u064a\u0629 \u0627\u0644\u0643\u0648\u0631\u062f\u0633\u062a\u0627\u0646\u064a"},"image":{"@id":"https:\/\/saknews.net\/ku\/#\/schema\/logo\/image\/"},"sameAs":["https:\/\/www.facebook.com\/Shepel.ewropa"]},{"@type":"Person","@id":"https:\/\/saknews.net\/ku\/#\/schema\/person\/72ae32a4041a3817e015b63d8f409058","name":"Horan Hem","url":"https:\/\/saknews.net\/ku\/?author=8"}]}},"featured_image_urls":{"full":["https:\/\/i0.wp.com\/saknews.net\/ku\/wp-content\/uploads\/2025\/10\/Hilbijartin-be-rewa-ne_20251005_205639_0000.png?fit=940%2C788&ssl=1",940,788,false],"thumbnail":["https:\/\/i0.wp.com\/saknews.net\/ku\/wp-content\/uploads\/2025\/10\/Hilbijartin-be-rewa-ne_20251005_205639_0000.png?resize=150%2C150&ssl=1",150,150,true],"medium":["https:\/\/i0.wp.com\/saknews.net\/ku\/wp-content\/uploads\/2025\/10\/Hilbijartin-be-rewa-ne_20251005_205639_0000.png?fit=300%2C251&ssl=1",300,251,true],"medium_large":["https:\/\/i0.wp.com\/saknews.net\/ku\/wp-content\/uploads\/2025\/10\/Hilbijartin-be-rewa-ne_20251005_205639_0000.png?fit=640%2C537&ssl=1",640,537,true],"large":["https:\/\/i0.wp.com\/saknews.net\/ku\/wp-content\/uploads\/2025\/10\/Hilbijartin-be-rewa-ne_20251005_205639_0000.png?fit=640%2C537&ssl=1",640,537,true],"1536x1536":["https:\/\/i0.wp.com\/saknews.net\/ku\/wp-content\/uploads\/2025\/10\/Hilbijartin-be-rewa-ne_20251005_205639_0000.png?fit=940%2C788&ssl=1",940,788,true],"2048x2048":["https:\/\/i0.wp.com\/saknews.net\/ku\/wp-content\/uploads\/2025\/10\/Hilbijartin-be-rewa-ne_20251005_205639_0000.png?fit=940%2C788&ssl=1",940,788,true],"covernews-featured":["https:\/\/i0.wp.com\/saknews.net\/ku\/wp-content\/uploads\/2025\/10\/Hilbijartin-be-rewa-ne_20251005_205639_0000.png?fit=940%2C788&ssl=1",940,788,true],"covernews-medium":["https:\/\/i0.wp.com\/saknews.net\/ku\/wp-content\/uploads\/2025\/10\/Hilbijartin-be-rewa-ne_20251005_205639_0000.png?resize=540%2C340&ssl=1",540,340,true]},"author_info":{"display_name":"Horan Hem","author_link":"https:\/\/saknews.net\/ku\/?author=8"},"category_info":"<a href=\"https:\/\/saknews.net\/ku\/?cat=34\" rel=\"category\">Daxuyan\u00ee<\/a>","tag_info":"Daxuyan\u00ee","comment_count":"0","_links":{"self":[{"href":"https:\/\/saknews.net\/ku\/index.php?rest_route=\/wp\/v2\/posts\/2664","targetHints":{"allow":["GET"]}}],"collection":[{"href":"https:\/\/saknews.net\/ku\/index.php?rest_route=\/wp\/v2\/posts"}],"about":[{"href":"https:\/\/saknews.net\/ku\/index.php?rest_route=\/wp\/v2\/types\/post"}],"author":[{"embeddable":true,"href":"https:\/\/saknews.net\/ku\/index.php?rest_route=\/wp\/v2\/users\/8"}],"replies":[{"embeddable":true,"href":"https:\/\/saknews.net\/ku\/index.php?rest_route=%2Fwp%2Fv2%2Fcomments&post=2664"}],"version-history":[{"count":1,"href":"https:\/\/saknews.net\/ku\/index.php?rest_route=\/wp\/v2\/posts\/2664\/revisions"}],"predecessor-version":[{"id":2666,"href":"https:\/\/saknews.net\/ku\/index.php?rest_route=\/wp\/v2\/posts\/2664\/revisions\/2666"}],"wp:featuredmedia":[{"embeddable":true,"href":"https:\/\/saknews.net\/ku\/index.php?rest_route=\/wp\/v2\/media\/2665"}],"wp:attachment":[{"href":"https:\/\/saknews.net\/ku\/index.php?rest_route=%2Fwp%2Fv2%2Fmedia&parent=2664"}],"wp:term":[{"taxonomy":"category","embeddable":true,"href":"https:\/\/saknews.net\/ku\/index.php?rest_route=%2Fwp%2Fv2%2Fcategories&post=2664"},{"taxonomy":"post_tag","embeddable":true,"href":"https:\/\/saknews.net\/ku\/index.php?rest_route=%2Fwp%2Fv2%2Ftags&post=2664"}],"curies":[{"name":"wp","href":"https:\/\/api.w.org\/{rel}","templated":true}]}}