{"id":2668,"date":"2025-10-07T09:43:26","date_gmt":"2025-10-07T09:43:26","guid":{"rendered":"https:\/\/saknews.net\/ku\/?p=2668"},"modified":"2025-10-07T09:44:08","modified_gmt":"2025-10-07T09:44:08","slug":"comerd-hemdos-sam-guvasan-bi-sere-li-taxen-kurdan-dike","status":"publish","type":"post","link":"https:\/\/saknews.net\/ku\/?p=2668","title":{"rendered":"Comerd Hemdo\u015f: \u015eam guva\u015fan bi \u015fer\u00ea li tax\u00ean kurdan dike"},"content":{"rendered":"<p>Di hevpeyv\u00eenek\u00ea de li gel Kurdistan 24, Rojnamevan Comerd Hemdo\u015f, ku endam\u00ea Desteya R\u00eaveber a \u015eep\u00eala Azad\u00ee ya Kurdistan\u00ee (\u015eAK) \u00fb endam\u00ea Of\u00eesa Peywendiyan a  Bereya Kurdistana S\u00fbriy\u00ea ye, tekez kir ku \u00ear\u00ee\u015f \u00fb \u015fer\u00ean li tax\u00ean E\u015frefiy\u00ea \u00fb \u015e\u00eaxmeqs\u00fbd li Heleb\u00ea, y\u00ean ku piraniya wan Kurd in, armanc dikin ku li ser H\u00eaz\u00ean S\u00fbriya Demokrat\u00eek (HSD) guva\u015fan bikin \u00fb wan ne\u00e7ar bikin ku daxwaz\u00ean \u015eam\u00ea bic\u00ee b\u00eenin.<\/p>\n<p>\u200bHemdo\u015f diyar kir ku ji ber ku di navbera her du tax\u00ean navbor\u00ee \u00fb dever\u00ean di dest\u00ea HSD de ti gir\u00eadaneke rasterast n\u00eene, ev her du tax dorpe\u00e7kir\u00ee ne \u00fb ji ber v\u00ea yek\u00ea ji aliy\u00ea le\u015fker\u00ee ve lawaz in. Ji ber v\u00ea yek\u00ea j\u00ee kom\u00ean le\u015fker\u00ee y\u00ean gir\u00eaday\u00ee Wezareta Parastin\u00ea ya S\u00fbriy\u00ea armanc dikin ku bi r\u00eaya van herdu taxan li ser HSD guva\u015fan bikin \u00fb dorpe\u00e7 bikin.<\/p>\n<p>\u200bComerd Hemdo\u015f pi\u015ftrast kir ku ber\u00ee destp\u00eakirina \u015fer \u00fb \u00ear\u00ee\u015fa li ser herdu taxan, h\u00eaz\u00ean Ewlehiya Gi\u015ft\u00ee y\u00ean gir\u00eaday\u00ee Wezareta Navxwey\u00ee ya S\u00fbriy\u00ea dest bi kontrola derbasb\u00fbyan \u00fb girtina r\u00eayan kirib\u00fbn, ku ev yek b\u00fb sedem ku \u015f\u00eaniy\u00ean herdu taxan derkevin \u00fb van kiryaran \u015fermezar bikin. Ev neraz\u00eeb\u00fbn bi armanckirina wan bi bombey\u00ean rondikr\u00eaj \u00fb d\u00fbvre j\u00ee bi gulleyan hat bersivandin, ku di encam\u00ea de z\u00eadetir\u00ee 15 welatiy\u00ean s\u00eev\u00eel bir\u00eendar b\u00fbn.<\/p>\n<p>\u200bComerd Hemdo\u015f tekez kir ku kiryar\u00ean desthilatdar\u00ean \u015eam\u00ea li hember\u00ee Kurdan ji kiryar\u00ean Rej\u00eema S\u00fbriy\u00ea ya Ber\u00ea ne cuda ne, nemaze ku serwer\u00ean niha h\u00ea j\u00ee xwe di desthilat\u00ea de bi cih nekirine wisa dikin, ma gelo heke ev yek \u00e7\u00eabibe d\u00ea rew\u015f \u00e7awa be?<\/p>\n<p>\u200bHemdo\u015f an\u00ee ziman ku \u00e7areser\u00ee di rawestandina \u00ear\u00ee\u015f\u00ea \u00fb destp\u00eakirina diyalog\u00ea de ye. P\u00eaw\u00eest e serok\u00ea desthilata veguh\u00eaz derkeve p\u00ea\u015fber\u00ee gel \u00fb banga got\u00fbb\u00eajeke rasteq\u00een bi hem\u00ee p\u00eakhateyan re bike, \u00fb di ser\u00ee de j\u00ee Gel\u00ea Kurd, da ku Pirsgir\u00eaka Kurd li ser bingeha S\u00fbriyeke Federal ku r\u00eaz\u00ea li maf\u00ean hem\u00ee p\u00eakhatey\u00ean S\u00fbriy\u00ea digire, were \u00e7areserkirin. L\u00ea ti\u015ft\u00ea ku desthilat\u00ean niha n\u00ee\u015fan dane ev e ku ew \u00eeslamiy\u00ean rad\u00eekal in, ku red dikin bi aliy\u00ea din re diyalog\u00ea bikin \u00fb maf\u00ean p\u00eakhateyan nas bikin, \u00fb dixwazin S\u00fbriy\u00ea ber bi dabe\u015fb\u00fbn\u00ea ve bi\u00e7e, ne avakirina S\u00fbriyeya N\u00fb ya ku em j\u00ea h\u00eav\u00eedar in. W\u00ee herwiha got ku Peymana 10\u00ea Adar\u00ea ya di navbera El-\u015eer&#8217; \u00fb Mazl\u00fbm Ebd\u00ee de d\u00ea bandoreke ney\u00een\u00ee li ser maf\u00ean Kurdan bike, ji ber ku bend\u00ean siyas\u00ee y\u00ean derbar\u00ea pa\u015feroja Kurdan de t\u00ea de hene \u00fb S\u00fbriyeya navend\u00ee parastiye, di demek\u00ea de ku Kurd S\u00fbriyeke Federal dixwazin.<\/p>\n<p>\u200bHemdo\u015f herwiha pi\u015ftrast kir ku pi\u015ft\u00ee komkujiy\u00ean ku Elew\u00ee \u00fb Durz\u00ee li S\u00fbriy\u00ea ji aliy\u00ea \u00e7ekdar\u00ean van desthilatan ve rast\u00ee wan hatine, \u00fb nenas\u00eena maf\u00ean Kurdan li S\u00fbriy\u00ea, tirs\u00ean li ser pa\u015feroja Gel\u00ea Kurd z\u00eade b\u00fbne. L\u00ea heta niha Tevgera Kurd\u00ee new\u00eare, wek\u00ee Durziyan daxwaz\u00ean xwe bilindtir bike \u00fb banga serxweb\u00fbn\u00ea bike, heya ku jiyana hevbe\u015f bi v\u00ea desthilat\u00ea re ne mimkun be.<\/p>\n<p><div class=\"ose-youtube ose-uid-1243e72bab6828df937682c9dafddafa ose-embedpress-responsive\" style=\"width:1920px; height:1080px; max-height:1080px; max-width:100%; display:inline-block;\" data-embed-type=\"Youtube\"><iframe allowFullScreen=\"true\" title=\"Derbar\u00ea rew\u015fa Heleb\u00ea, kurd \u00fb S\u00fbriy\u00ea bi K24 re \" width=\"1920\" height=\"1080\" data-src=\"https:\/\/www.youtube.com\/embed\/-WNnxpGpk9c?feature=oembed&color=red&rel=0&controls=1&start=&end=&fs=0&iv_load_policy=0&autoplay=0&mute=0&modestbranding=0&cc_load_policy=1&playsinline=1\" frameborder=\"0\" allow=\"accelerometer; encrypted-media;accelerometer;autoplay;clipboard-write;gyroscope;picture-in-picture clipboard-write; encrypted-media; gyroscope; picture-in-picture; web-share\" referrerpolicy=\"strict-origin-when-cross-origin\" allowfullscreen src=\"data:image\/svg+xml;base64,PHN2ZyB3aWR0aD0iMSIgaGVpZ2h0PSIxIiB4bWxucz0iaHR0cDovL3d3dy53My5vcmcvMjAwMC9zdmciPjwvc3ZnPg==\" class=\"lazyload\" data-load-mode=\"1\"><\/iframe><\/div><\/p>\n","protected":false},"excerpt":{"rendered":"<p>Di hevpeyv\u00eenek\u00ea de li gel Kurdistan 24, Rojnamevan Comerd Hemdo\u015f, ku endam\u00ea Desteya R\u00eaveber a&#8230;<\/p>\n","protected":false},"author":8,"featured_media":2669,"comment_status":"closed","ping_status":"closed","sticky":false,"template":"","format":"standard","meta":{"footnotes":""},"categories":[49],"tags":[],"class_list":["post-2668","post","type-post","status-publish","format-standard","has-post-thumbnail","hentry","category-nuce"],"yoast_head":"<!-- This site is optimized with the Yoast SEO plugin v27.5 - https:\/\/yoast.com\/product\/yoast-seo-wordpress\/ -->\n<title>Comerd Hemdo\u015f: \u015eam guva\u015fan bi \u015fer\u00ea li tax\u00ean kurdan dike &#8226; \u015eAK<\/title>\n<meta name=\"robots\" content=\"index, follow, max-snippet:-1, max-image-preview:large, max-video-preview:-1\" \/>\n<link rel=\"canonical\" href=\"https:\/\/saknews.net\/ku\/?p=2668\" \/>\n<meta property=\"og:locale\" content=\"en_US\" \/>\n<meta property=\"og:type\" content=\"article\" \/>\n<meta property=\"og:title\" content=\"Comerd Hemdo\u015f: \u015eam guva\u015fan bi \u015fer\u00ea li tax\u00ean kurdan dike &#8226; \u015eAK\" \/>\n<meta property=\"og:description\" content=\"Di hevpeyv\u00eenek\u00ea de li gel Kurdistan 24, Rojnamevan Comerd Hemdo\u015f, ku endam\u00ea Desteya R\u00eaveber a...\" \/>\n<meta property=\"og:url\" content=\"https:\/\/saknews.net\/ku\/?p=2668\" \/>\n<meta property=\"og:site_name\" content=\"\u015eAK\" \/>\n<meta property=\"article:publisher\" content=\"https:\/\/www.facebook.com\/Shepel.ewropa\" \/>\n<meta property=\"article:published_time\" content=\"2025-10-07T09:43:26+00:00\" \/>\n<meta property=\"article:modified_time\" content=\"2025-10-07T09:44:08+00:00\" \/>\n<meta property=\"og:image\" content=\"https:\/\/saknews.net\/ku\/wp-content\/uploads\/2025\/10\/Screenshot_20251007_020249_YouTube.jpg\" \/>\n\t<meta property=\"og:image:width\" content=\"1913\" \/>\n\t<meta property=\"og:image:height\" content=\"1080\" \/>\n\t<meta property=\"og:image:type\" content=\"image\/jpeg\" \/>\n<meta name=\"author\" content=\"Horan Hem\" \/>\n<meta name=\"twitter:card\" content=\"summary_large_image\" \/>\n<meta name=\"twitter:label1\" content=\"Written by\" \/>\n\t<meta name=\"twitter:data1\" content=\"Horan Hem\" \/>\n\t<meta name=\"twitter:label2\" content=\"Est. reading time\" \/>\n\t<meta name=\"twitter:data2\" content=\"3 minutes\" \/>\n<script type=\"application\/ld+json\" class=\"yoast-schema-graph\">{\"@context\":\"https:\\\/\\\/schema.org\",\"@graph\":[{\"@type\":\"Article\",\"@id\":\"https:\\\/\\\/saknews.net\\\/ku\\\/?p=2668#article\",\"isPartOf\":{\"@id\":\"https:\\\/\\\/saknews.net\\\/ku\\\/?p=2668\"},\"author\":{\"name\":\"Horan Hem\",\"@id\":\"https:\\\/\\\/saknews.net\\\/ku\\\/#\\\/schema\\\/person\\\/72ae32a4041a3817e015b63d8f409058\"},\"headline\":\"Comerd Hemdo\u015f: \u015eam guva\u015fan bi \u015fer\u00ea li tax\u00ean kurdan dike\",\"datePublished\":\"2025-10-07T09:43:26+00:00\",\"dateModified\":\"2025-10-07T09:44:08+00:00\",\"mainEntityOfPage\":{\"@id\":\"https:\\\/\\\/saknews.net\\\/ku\\\/?p=2668\"},\"wordCount\":578,\"publisher\":{\"@id\":\"https:\\\/\\\/saknews.net\\\/ku\\\/#organization\"},\"image\":{\"@id\":\"https:\\\/\\\/saknews.net\\\/ku\\\/?p=2668#primaryimage\"},\"thumbnailUrl\":\"https:\\\/\\\/i0.wp.com\\\/saknews.net\\\/ku\\\/wp-content\\\/uploads\\\/2025\\\/10\\\/Screenshot_20251007_020249_YouTube.jpg?fit=1913%2C1080&ssl=1\",\"articleSection\":[\"N\u00fb\u00e7e\"],\"inLanguage\":\"en-US\"},{\"@type\":\"WebPage\",\"@id\":\"https:\\\/\\\/saknews.net\\\/ku\\\/?p=2668\",\"url\":\"https:\\\/\\\/saknews.net\\\/ku\\\/?p=2668\",\"name\":\"Comerd Hemdo\u015f: \u015eam guva\u015fan bi \u015fer\u00ea li tax\u00ean kurdan dike &#8226; \u015eAK\",\"isPartOf\":{\"@id\":\"https:\\\/\\\/saknews.net\\\/ku\\\/#website\"},\"primaryImageOfPage\":{\"@id\":\"https:\\\/\\\/saknews.net\\\/ku\\\/?p=2668#primaryimage\"},\"image\":{\"@id\":\"https:\\\/\\\/saknews.net\\\/ku\\\/?p=2668#primaryimage\"},\"thumbnailUrl\":\"https:\\\/\\\/i0.wp.com\\\/saknews.net\\\/ku\\\/wp-content\\\/uploads\\\/2025\\\/10\\\/Screenshot_20251007_020249_YouTube.jpg?fit=1913%2C1080&ssl=1\",\"datePublished\":\"2025-10-07T09:43:26+00:00\",\"dateModified\":\"2025-10-07T09:44:08+00:00\",\"breadcrumb\":{\"@id\":\"https:\\\/\\\/saknews.net\\\/ku\\\/?p=2668#breadcrumb\"},\"inLanguage\":\"en-US\",\"potentialAction\":[{\"@type\":\"ReadAction\",\"target\":[\"https:\\\/\\\/saknews.net\\\/ku\\\/?p=2668\"]}]},{\"@type\":\"ImageObject\",\"inLanguage\":\"en-US\",\"@id\":\"https:\\\/\\\/saknews.net\\\/ku\\\/?p=2668#primaryimage\",\"url\":\"https:\\\/\\\/i0.wp.com\\\/saknews.net\\\/ku\\\/wp-content\\\/uploads\\\/2025\\\/10\\\/Screenshot_20251007_020249_YouTube.jpg?fit=1913%2C1080&ssl=1\",\"contentUrl\":\"https:\\\/\\\/i0.wp.com\\\/saknews.net\\\/ku\\\/wp-content\\\/uploads\\\/2025\\\/10\\\/Screenshot_20251007_020249_YouTube.jpg?fit=1913%2C1080&ssl=1\",\"width\":1913,\"height\":1080},{\"@type\":\"BreadcrumbList\",\"@id\":\"https:\\\/\\\/saknews.net\\\/ku\\\/?p=2668#breadcrumb\",\"itemListElement\":[{\"@type\":\"ListItem\",\"position\":1,\"name\":\"\u0627\u0644\u0631\u0626\u064a\u0633\u064a\u0629\",\"item\":\"https:\\\/\\\/saknews.net\\\/ku\\\/\"},{\"@type\":\"ListItem\",\"position\":2,\"name\":\"N\u00fb\u00e7e\",\"item\":\"https:\\\/\\\/saknews.net\\\/ku\\\/?cat=49\"},{\"@type\":\"ListItem\",\"position\":3,\"name\":\"Comerd Hemdo\u015f: \u015eam guva\u015fan bi \u015fer\u00ea li tax\u00ean kurdan dike\"}]},{\"@type\":\"WebSite\",\"@id\":\"https:\\\/\\\/saknews.net\\\/ku\\\/#website\",\"url\":\"https:\\\/\\\/saknews.net\\\/ku\\\/\",\"name\":\"S\u0327epe\u0302la Azadi\u0302 ya Kurdistani\u0302\",\"description\":\"\u062a\u064a\u0627\u0631 \u0627\u0644\u062d\u0631\u064a\u0629 \u0627\u0644\u0643\u0648\u0631\u062f\u0633\u062a\u0627\u0646\u064a \u015eep\u00eala Azad\u00ee ya Kurdistan\u00ee\",\"publisher\":{\"@id\":\"https:\\\/\\\/saknews.net\\\/ku\\\/#organization\"},\"potentialAction\":[{\"@type\":\"SearchAction\",\"target\":{\"@type\":\"EntryPoint\",\"urlTemplate\":\"https:\\\/\\\/saknews.net\\\/ku\\\/?s={search_term_string}\"},\"query-input\":{\"@type\":\"PropertyValueSpecification\",\"valueRequired\":true,\"valueName\":\"search_term_string\"}}],\"inLanguage\":\"en-US\"},{\"@type\":\"Organization\",\"@id\":\"https:\\\/\\\/saknews.net\\\/ku\\\/#organization\",\"name\":\"\u015eep\u00eala Azadiy\u00ea ya Kurdistan\u00ea - \u062a\u064a\u0627\u0631 \u0627\u0644\u062d\u0631\u064a\u0629 \u0627\u0644\u0643\u0648\u0631\u062f\u0633\u062a\u0627\u0646\u064a\",\"url\":\"https:\\\/\\\/saknews.net\\\/ku\\\/\",\"logo\":{\"@type\":\"ImageObject\",\"inLanguage\":\"en-US\",\"@id\":\"https:\\\/\\\/saknews.net\\\/ku\\\/#\\\/schema\\\/logo\\\/image\\\/\",\"url\":\"https:\\\/\\\/i0.wp.com\\\/saknews.net\\\/ku\\\/wp-content\\\/uploads\\\/2024\\\/11\\\/cropped-logo-1.png?fit=512%2C512&ssl=1\",\"contentUrl\":\"https:\\\/\\\/i0.wp.com\\\/saknews.net\\\/ku\\\/wp-content\\\/uploads\\\/2024\\\/11\\\/cropped-logo-1.png?fit=512%2C512&ssl=1\",\"width\":512,\"height\":512,\"caption\":\"\u015eep\u00eala Azadiy\u00ea ya Kurdistan\u00ea - \u062a\u064a\u0627\u0631 \u0627\u0644\u062d\u0631\u064a\u0629 \u0627\u0644\u0643\u0648\u0631\u062f\u0633\u062a\u0627\u0646\u064a\"},\"image\":{\"@id\":\"https:\\\/\\\/saknews.net\\\/ku\\\/#\\\/schema\\\/logo\\\/image\\\/\"},\"sameAs\":[\"https:\\\/\\\/www.facebook.com\\\/Shepel.ewropa\"]},{\"@type\":\"Person\",\"@id\":\"https:\\\/\\\/saknews.net\\\/ku\\\/#\\\/schema\\\/person\\\/72ae32a4041a3817e015b63d8f409058\",\"name\":\"Horan Hem\",\"url\":\"https:\\\/\\\/saknews.net\\\/ku\\\/?author=8\"}]}<\/script>\n<!-- \/ Yoast SEO plugin. -->","yoast_head_json":{"title":"Comerd Hemdo\u015f: \u015eam guva\u015fan bi \u015fer\u00ea li tax\u00ean kurdan dike &#8226; \u015eAK","robots":{"index":"index","follow":"follow","max-snippet":"max-snippet:-1","max-image-preview":"max-image-preview:large","max-video-preview":"max-video-preview:-1"},"canonical":"https:\/\/saknews.net\/ku\/?p=2668","og_locale":"en_US","og_type":"article","og_title":"Comerd Hemdo\u015f: \u015eam guva\u015fan bi \u015fer\u00ea li tax\u00ean kurdan dike &#8226; \u015eAK","og_description":"Di hevpeyv\u00eenek\u00ea de li gel Kurdistan 24, Rojnamevan Comerd Hemdo\u015f, ku endam\u00ea Desteya R\u00eaveber a...","og_url":"https:\/\/saknews.net\/ku\/?p=2668","og_site_name":"\u015eAK","article_publisher":"https:\/\/www.facebook.com\/Shepel.ewropa","article_published_time":"2025-10-07T09:43:26+00:00","article_modified_time":"2025-10-07T09:44:08+00:00","og_image":[{"width":1913,"height":1080,"url":"https:\/\/saknews.net\/ku\/wp-content\/uploads\/2025\/10\/Screenshot_20251007_020249_YouTube.jpg","type":"image\/jpeg"}],"author":"Horan Hem","twitter_card":"summary_large_image","twitter_misc":{"Written by":"Horan Hem","Est. reading time":"3 minutes"},"schema":{"@context":"https:\/\/schema.org","@graph":[{"@type":"Article","@id":"https:\/\/saknews.net\/ku\/?p=2668#article","isPartOf":{"@id":"https:\/\/saknews.net\/ku\/?p=2668"},"author":{"name":"Horan Hem","@id":"https:\/\/saknews.net\/ku\/#\/schema\/person\/72ae32a4041a3817e015b63d8f409058"},"headline":"Comerd Hemdo\u015f: \u015eam guva\u015fan bi \u015fer\u00ea li tax\u00ean kurdan dike","datePublished":"2025-10-07T09:43:26+00:00","dateModified":"2025-10-07T09:44:08+00:00","mainEntityOfPage":{"@id":"https:\/\/saknews.net\/ku\/?p=2668"},"wordCount":578,"publisher":{"@id":"https:\/\/saknews.net\/ku\/#organization"},"image":{"@id":"https:\/\/saknews.net\/ku\/?p=2668#primaryimage"},"thumbnailUrl":"https:\/\/i0.wp.com\/saknews.net\/ku\/wp-content\/uploads\/2025\/10\/Screenshot_20251007_020249_YouTube.jpg?fit=1913%2C1080&ssl=1","articleSection":["N\u00fb\u00e7e"],"inLanguage":"en-US"},{"@type":"WebPage","@id":"https:\/\/saknews.net\/ku\/?p=2668","url":"https:\/\/saknews.net\/ku\/?p=2668","name":"Comerd Hemdo\u015f: \u015eam guva\u015fan bi \u015fer\u00ea li tax\u00ean kurdan dike &#8226; \u015eAK","isPartOf":{"@id":"https:\/\/saknews.net\/ku\/#website"},"primaryImageOfPage":{"@id":"https:\/\/saknews.net\/ku\/?p=2668#primaryimage"},"image":{"@id":"https:\/\/saknews.net\/ku\/?p=2668#primaryimage"},"thumbnailUrl":"https:\/\/i0.wp.com\/saknews.net\/ku\/wp-content\/uploads\/2025\/10\/Screenshot_20251007_020249_YouTube.jpg?fit=1913%2C1080&ssl=1","datePublished":"2025-10-07T09:43:26+00:00","dateModified":"2025-10-07T09:44:08+00:00","breadcrumb":{"@id":"https:\/\/saknews.net\/ku\/?p=2668#breadcrumb"},"inLanguage":"en-US","potentialAction":[{"@type":"ReadAction","target":["https:\/\/saknews.net\/ku\/?p=2668"]}]},{"@type":"ImageObject","inLanguage":"en-US","@id":"https:\/\/saknews.net\/ku\/?p=2668#primaryimage","url":"https:\/\/i0.wp.com\/saknews.net\/ku\/wp-content\/uploads\/2025\/10\/Screenshot_20251007_020249_YouTube.jpg?fit=1913%2C1080&ssl=1","contentUrl":"https:\/\/i0.wp.com\/saknews.net\/ku\/wp-content\/uploads\/2025\/10\/Screenshot_20251007_020249_YouTube.jpg?fit=1913%2C1080&ssl=1","width":1913,"height":1080},{"@type":"BreadcrumbList","@id":"https:\/\/saknews.net\/ku\/?p=2668#breadcrumb","itemListElement":[{"@type":"ListItem","position":1,"name":"\u0627\u0644\u0631\u0626\u064a\u0633\u064a\u0629","item":"https:\/\/saknews.net\/ku\/"},{"@type":"ListItem","position":2,"name":"N\u00fb\u00e7e","item":"https:\/\/saknews.net\/ku\/?cat=49"},{"@type":"ListItem","position":3,"name":"Comerd Hemdo\u015f: \u015eam guva\u015fan bi \u015fer\u00ea li tax\u00ean kurdan dike"}]},{"@type":"WebSite","@id":"https:\/\/saknews.net\/ku\/#website","url":"https:\/\/saknews.net\/ku\/","name":"S\u0327epe\u0302la Azadi\u0302 ya Kurdistani\u0302","description":"\u062a\u064a\u0627\u0631 \u0627\u0644\u062d\u0631\u064a\u0629 \u0627\u0644\u0643\u0648\u0631\u062f\u0633\u062a\u0627\u0646\u064a \u015eep\u00eala Azad\u00ee ya Kurdistan\u00ee","publisher":{"@id":"https:\/\/saknews.net\/ku\/#organization"},"potentialAction":[{"@type":"SearchAction","target":{"@type":"EntryPoint","urlTemplate":"https:\/\/saknews.net\/ku\/?s={search_term_string}"},"query-input":{"@type":"PropertyValueSpecification","valueRequired":true,"valueName":"search_term_string"}}],"inLanguage":"en-US"},{"@type":"Organization","@id":"https:\/\/saknews.net\/ku\/#organization","name":"\u015eep\u00eala Azadiy\u00ea ya Kurdistan\u00ea - \u062a\u064a\u0627\u0631 \u0627\u0644\u062d\u0631\u064a\u0629 \u0627\u0644\u0643\u0648\u0631\u062f\u0633\u062a\u0627\u0646\u064a","url":"https:\/\/saknews.net\/ku\/","logo":{"@type":"ImageObject","inLanguage":"en-US","@id":"https:\/\/saknews.net\/ku\/#\/schema\/logo\/image\/","url":"https:\/\/i0.wp.com\/saknews.net\/ku\/wp-content\/uploads\/2024\/11\/cropped-logo-1.png?fit=512%2C512&ssl=1","contentUrl":"https:\/\/i0.wp.com\/saknews.net\/ku\/wp-content\/uploads\/2024\/11\/cropped-logo-1.png?fit=512%2C512&ssl=1","width":512,"height":512,"caption":"\u015eep\u00eala Azadiy\u00ea ya Kurdistan\u00ea - \u062a\u064a\u0627\u0631 \u0627\u0644\u062d\u0631\u064a\u0629 \u0627\u0644\u0643\u0648\u0631\u062f\u0633\u062a\u0627\u0646\u064a"},"image":{"@id":"https:\/\/saknews.net\/ku\/#\/schema\/logo\/image\/"},"sameAs":["https:\/\/www.facebook.com\/Shepel.ewropa"]},{"@type":"Person","@id":"https:\/\/saknews.net\/ku\/#\/schema\/person\/72ae32a4041a3817e015b63d8f409058","name":"Horan Hem","url":"https:\/\/saknews.net\/ku\/?author=8"}]}},"featured_image_urls":{"full":["https:\/\/i0.wp.com\/saknews.net\/ku\/wp-content\/uploads\/2025\/10\/Screenshot_20251007_020249_YouTube.jpg?fit=1913%2C1080&ssl=1",1913,1080,false],"thumbnail":["https:\/\/i0.wp.com\/saknews.net\/ku\/wp-content\/uploads\/2025\/10\/Screenshot_20251007_020249_YouTube.jpg?resize=150%2C150&ssl=1",150,150,true],"medium":["https:\/\/i0.wp.com\/saknews.net\/ku\/wp-content\/uploads\/2025\/10\/Screenshot_20251007_020249_YouTube.jpg?fit=300%2C169&ssl=1",300,169,true],"medium_large":["https:\/\/i0.wp.com\/saknews.net\/ku\/wp-content\/uploads\/2025\/10\/Screenshot_20251007_020249_YouTube.jpg?fit=640%2C362&ssl=1",640,362,true],"large":["https:\/\/i0.wp.com\/saknews.net\/ku\/wp-content\/uploads\/2025\/10\/Screenshot_20251007_020249_YouTube.jpg?fit=640%2C361&ssl=1",640,361,true],"1536x1536":["https:\/\/i0.wp.com\/saknews.net\/ku\/wp-content\/uploads\/2025\/10\/Screenshot_20251007_020249_YouTube.jpg?fit=1536%2C867&ssl=1",1536,867,true],"2048x2048":["https:\/\/i0.wp.com\/saknews.net\/ku\/wp-content\/uploads\/2025\/10\/Screenshot_20251007_020249_YouTube.jpg?fit=1913%2C1080&ssl=1",1913,1080,true],"covernews-featured":["https:\/\/i0.wp.com\/saknews.net\/ku\/wp-content\/uploads\/2025\/10\/Screenshot_20251007_020249_YouTube.jpg?fit=1024%2C578&ssl=1",1024,578,true],"covernews-medium":["https:\/\/i0.wp.com\/saknews.net\/ku\/wp-content\/uploads\/2025\/10\/Screenshot_20251007_020249_YouTube.jpg?resize=540%2C340&ssl=1",540,340,true]},"author_info":{"display_name":"Horan Hem","author_link":"https:\/\/saknews.net\/ku\/?author=8"},"category_info":"<a href=\"https:\/\/saknews.net\/ku\/?cat=49\" rel=\"category\">N\u00fb\u00e7e<\/a>","tag_info":"N\u00fb\u00e7e","comment_count":"0","_links":{"self":[{"href":"https:\/\/saknews.net\/ku\/index.php?rest_route=\/wp\/v2\/posts\/2668","targetHints":{"allow":["GET"]}}],"collection":[{"href":"https:\/\/saknews.net\/ku\/index.php?rest_route=\/wp\/v2\/posts"}],"about":[{"href":"https:\/\/saknews.net\/ku\/index.php?rest_route=\/wp\/v2\/types\/post"}],"author":[{"embeddable":true,"href":"https:\/\/saknews.net\/ku\/index.php?rest_route=\/wp\/v2\/users\/8"}],"replies":[{"embeddable":true,"href":"https:\/\/saknews.net\/ku\/index.php?rest_route=%2Fwp%2Fv2%2Fcomments&post=2668"}],"version-history":[{"count":2,"href":"https:\/\/saknews.net\/ku\/index.php?rest_route=\/wp\/v2\/posts\/2668\/revisions"}],"predecessor-version":[{"id":2671,"href":"https:\/\/saknews.net\/ku\/index.php?rest_route=\/wp\/v2\/posts\/2668\/revisions\/2671"}],"wp:featuredmedia":[{"embeddable":true,"href":"https:\/\/saknews.net\/ku\/index.php?rest_route=\/wp\/v2\/media\/2669"}],"wp:attachment":[{"href":"https:\/\/saknews.net\/ku\/index.php?rest_route=%2Fwp%2Fv2%2Fmedia&parent=2668"}],"wp:term":[{"taxonomy":"category","embeddable":true,"href":"https:\/\/saknews.net\/ku\/index.php?rest_route=%2Fwp%2Fv2%2Fcategories&post=2668"},{"taxonomy":"post_tag","embeddable":true,"href":"https:\/\/saknews.net\/ku\/index.php?rest_route=%2Fwp%2Fv2%2Ftags&post=2668"}],"curies":[{"name":"wp","href":"https:\/\/api.w.org\/{rel}","templated":true}]}}