{"id":2679,"date":"2025-10-10T18:43:15","date_gmt":"2025-10-10T18:43:15","guid":{"rendered":"https:\/\/saknews.net\/ku\/?p=2679"},"modified":"2025-10-10T19:11:22","modified_gmt":"2025-10-10T19:11:22","slug":"tevgera-nubune-pirozbahiye-salvegera-damezrandina-sepele-dike","status":"publish","type":"post","link":"https:\/\/saknews.net\/ku\/?p=2679","title":{"rendered":"Tevgera N\u00fbb\u00fbn\u00ea p\u00eerozbahiya salvegera damezrandina \u015eep\u00eal\u00ea dike"},"content":{"rendered":"<p>Ji bo \u015eep\u00eala Azad\u00ee ya Kurdistan\u00ea<br \/>\n\u200bPeyama P\u00eerozbahiy\u00ea<br \/>\n\u200bSilav\u00ean Serxweb\u00fbn\u00ea&#8230;<br \/>\n\u200bBi boneya salvegera damezrandina (\u015eep\u00eala Azad\u00ee ya Kurdistan\u00ea), em p\u00eerozbahiy\u00ean xwe y\u00ean her\u00ee germ \u00fb her\u00ee xwe\u015fik p\u00ea\u015fk\u00ea\u015f\u00ee serokat\u00ee, hem\u00fb endam, dost \u00fb al\u00eegir\u00ean we dikin \u00fb h\u00eav\u00eedar in ku h\u00fbn her dem serkeft\u00ee bin.<br \/>\n\u200bHer bi v\u00ea boney\u00ea, em tekez\u00ee li ser berdewamb\u00fbn \u00fb p\u00ea\u015fdebirina peywendiy\u00ean di navbera herdu aliy\u00ean dost de dikin \u00fb em wiha bawer dikin ku di v\u00ea dema hestiyar \u00fb aloz de, ji bo bidestxistina maf\u00ean rewa y\u00ean gel\u00ea Kurdistan\u00ea, xurtkirina peywendiyan di navbera part\u00ee \u00fb aliy\u00ean siyas\u00ee y\u00ean Kurdistan\u00ea de pir p\u00eaw\u00eest \u00fb gir\u00eeng e.<br \/>\n\u200bDi dawiy\u00ea de, careke din em p\u00eerozbahiya we dikin.<br \/>\n\u200bBi r\u00eaz \u00fb hurmet<br \/>\n\u200bEnc\u00fbmena Serokatiya<br \/>\nBizava N\u00fbb\u00fbna Kurdistan\u00ea<br \/>\n10_10_2025<\/p>\n","protected":false},"excerpt":{"rendered":"<p>Ji bo \u015eep\u00eala Azad\u00ee ya Kurdistan\u00ea \u200bPeyama P\u00eerozbahiy\u00ea \u200bSilav\u00ean Serxweb\u00fbn\u00ea&#8230; \u200bBi boneya salvegera damezrandina (\u015eep\u00eala&#8230;<\/p>\n","protected":false},"author":8,"featured_media":2680,"comment_status":"closed","ping_status":"closed","sticky":false,"template":"","format":"standard","meta":{"footnotes":""},"categories":[89],"tags":[],"class_list":["post-2679","post","type-post","status-publish","format-standard","has-post-thumbnail","hentry","category-pirozbahi"],"yoast_head":"<!-- This site is optimized with the Yoast SEO plugin v27.5 - https:\/\/yoast.com\/product\/yoast-seo-wordpress\/ -->\n<title>Tevgera N\u00fbb\u00fbn\u00ea p\u00eerozbahiya salvegera damezrandina \u015eep\u00eal\u00ea dike &#8226; \u015eAK<\/title>\n<meta name=\"robots\" content=\"index, follow, max-snippet:-1, max-image-preview:large, max-video-preview:-1\" \/>\n<link rel=\"canonical\" href=\"https:\/\/saknews.net\/ku\/?p=2679\" \/>\n<meta property=\"og:locale\" content=\"en_US\" \/>\n<meta property=\"og:type\" content=\"article\" \/>\n<meta property=\"og:title\" content=\"Tevgera N\u00fbb\u00fbn\u00ea p\u00eerozbahiya salvegera damezrandina \u015eep\u00eal\u00ea dike &#8226; \u015eAK\" \/>\n<meta property=\"og:description\" content=\"Ji bo \u015eep\u00eala Azad\u00ee ya Kurdistan\u00ea \u200bPeyama P\u00eerozbahiy\u00ea \u200bSilav\u00ean Serxweb\u00fbn\u00ea&#8230; \u200bBi boneya salvegera damezrandina (\u015eep\u00eala...\" \/>\n<meta property=\"og:url\" content=\"https:\/\/saknews.net\/ku\/?p=2679\" \/>\n<meta property=\"og:site_name\" content=\"\u015eAK\" \/>\n<meta property=\"article:publisher\" content=\"https:\/\/www.facebook.com\/Shepel.ewropa\" \/>\n<meta property=\"article:published_time\" content=\"2025-10-10T18:43:15+00:00\" \/>\n<meta property=\"article:modified_time\" content=\"2025-10-10T19:11:22+00:00\" \/>\n<meta property=\"og:image\" content=\"https:\/\/saknews.net\/ku\/wp-content\/uploads\/2025\/10\/IMG-20251010-WA0044.jpg\" \/>\n\t<meta property=\"og:image:width\" content=\"377\" \/>\n\t<meta property=\"og:image:height\" content=\"381\" \/>\n\t<meta property=\"og:image:type\" content=\"image\/jpeg\" \/>\n<meta name=\"author\" content=\"Horan Hem\" \/>\n<meta name=\"twitter:card\" content=\"summary_large_image\" \/>\n<meta name=\"twitter:label1\" content=\"Written by\" \/>\n\t<meta name=\"twitter:data1\" content=\"Horan Hem\" \/>\n\t<meta name=\"twitter:label2\" content=\"Est. reading time\" \/>\n\t<meta name=\"twitter:data2\" content=\"1 minute\" \/>\n<script type=\"application\/ld+json\" class=\"yoast-schema-graph\">{\"@context\":\"https:\\\/\\\/schema.org\",\"@graph\":[{\"@type\":\"Article\",\"@id\":\"https:\\\/\\\/saknews.net\\\/ku\\\/?p=2679#article\",\"isPartOf\":{\"@id\":\"https:\\\/\\\/saknews.net\\\/ku\\\/?p=2679\"},\"author\":{\"name\":\"Horan Hem\",\"@id\":\"https:\\\/\\\/saknews.net\\\/ku\\\/#\\\/schema\\\/person\\\/72ae32a4041a3817e015b63d8f409058\"},\"headline\":\"Tevgera N\u00fbb\u00fbn\u00ea p\u00eerozbahiya salvegera damezrandina \u015eep\u00eal\u00ea dike\",\"datePublished\":\"2025-10-10T18:43:15+00:00\",\"dateModified\":\"2025-10-10T19:11:22+00:00\",\"mainEntityOfPage\":{\"@id\":\"https:\\\/\\\/saknews.net\\\/ku\\\/?p=2679\"},\"wordCount\":152,\"publisher\":{\"@id\":\"https:\\\/\\\/saknews.net\\\/ku\\\/#organization\"},\"image\":{\"@id\":\"https:\\\/\\\/saknews.net\\\/ku\\\/?p=2679#primaryimage\"},\"thumbnailUrl\":\"https:\\\/\\\/i0.wp.com\\\/saknews.net\\\/ku\\\/wp-content\\\/uploads\\\/2025\\\/10\\\/IMG-20251010-WA0044.jpg?fit=377%2C381&ssl=1\",\"articleSection\":[\"P\u00eerozbah\u00ee\"],\"inLanguage\":\"en-US\"},{\"@type\":\"WebPage\",\"@id\":\"https:\\\/\\\/saknews.net\\\/ku\\\/?p=2679\",\"url\":\"https:\\\/\\\/saknews.net\\\/ku\\\/?p=2679\",\"name\":\"Tevgera N\u00fbb\u00fbn\u00ea p\u00eerozbahiya salvegera damezrandina \u015eep\u00eal\u00ea dike &#8226; \u015eAK\",\"isPartOf\":{\"@id\":\"https:\\\/\\\/saknews.net\\\/ku\\\/#website\"},\"primaryImageOfPage\":{\"@id\":\"https:\\\/\\\/saknews.net\\\/ku\\\/?p=2679#primaryimage\"},\"image\":{\"@id\":\"https:\\\/\\\/saknews.net\\\/ku\\\/?p=2679#primaryimage\"},\"thumbnailUrl\":\"https:\\\/\\\/i0.wp.com\\\/saknews.net\\\/ku\\\/wp-content\\\/uploads\\\/2025\\\/10\\\/IMG-20251010-WA0044.jpg?fit=377%2C381&ssl=1\",\"datePublished\":\"2025-10-10T18:43:15+00:00\",\"dateModified\":\"2025-10-10T19:11:22+00:00\",\"breadcrumb\":{\"@id\":\"https:\\\/\\\/saknews.net\\\/ku\\\/?p=2679#breadcrumb\"},\"inLanguage\":\"en-US\",\"potentialAction\":[{\"@type\":\"ReadAction\",\"target\":[\"https:\\\/\\\/saknews.net\\\/ku\\\/?p=2679\"]}]},{\"@type\":\"ImageObject\",\"inLanguage\":\"en-US\",\"@id\":\"https:\\\/\\\/saknews.net\\\/ku\\\/?p=2679#primaryimage\",\"url\":\"https:\\\/\\\/i0.wp.com\\\/saknews.net\\\/ku\\\/wp-content\\\/uploads\\\/2025\\\/10\\\/IMG-20251010-WA0044.jpg?fit=377%2C381&ssl=1\",\"contentUrl\":\"https:\\\/\\\/i0.wp.com\\\/saknews.net\\\/ku\\\/wp-content\\\/uploads\\\/2025\\\/10\\\/IMG-20251010-WA0044.jpg?fit=377%2C381&ssl=1\",\"width\":377,\"height\":381},{\"@type\":\"BreadcrumbList\",\"@id\":\"https:\\\/\\\/saknews.net\\\/ku\\\/?p=2679#breadcrumb\",\"itemListElement\":[{\"@type\":\"ListItem\",\"position\":1,\"name\":\"\u0627\u0644\u0631\u0626\u064a\u0633\u064a\u0629\",\"item\":\"https:\\\/\\\/saknews.net\\\/ku\\\/\"},{\"@type\":\"ListItem\",\"position\":2,\"name\":\"P\u00eerozbah\u00ee\",\"item\":\"https:\\\/\\\/saknews.net\\\/ku\\\/?cat=89\"},{\"@type\":\"ListItem\",\"position\":3,\"name\":\"Tevgera N\u00fbb\u00fbn\u00ea p\u00eerozbahiya salvegera damezrandina \u015eep\u00eal\u00ea dike\"}]},{\"@type\":\"WebSite\",\"@id\":\"https:\\\/\\\/saknews.net\\\/ku\\\/#website\",\"url\":\"https:\\\/\\\/saknews.net\\\/ku\\\/\",\"name\":\"S\u0327epe\u0302la Azadi\u0302 ya Kurdistani\u0302\",\"description\":\"\u062a\u064a\u0627\u0631 \u0627\u0644\u062d\u0631\u064a\u0629 \u0627\u0644\u0643\u0648\u0631\u062f\u0633\u062a\u0627\u0646\u064a \u015eep\u00eala Azad\u00ee ya Kurdistan\u00ee\",\"publisher\":{\"@id\":\"https:\\\/\\\/saknews.net\\\/ku\\\/#organization\"},\"potentialAction\":[{\"@type\":\"SearchAction\",\"target\":{\"@type\":\"EntryPoint\",\"urlTemplate\":\"https:\\\/\\\/saknews.net\\\/ku\\\/?s={search_term_string}\"},\"query-input\":{\"@type\":\"PropertyValueSpecification\",\"valueRequired\":true,\"valueName\":\"search_term_string\"}}],\"inLanguage\":\"en-US\"},{\"@type\":\"Organization\",\"@id\":\"https:\\\/\\\/saknews.net\\\/ku\\\/#organization\",\"name\":\"\u015eep\u00eala Azadiy\u00ea ya Kurdistan\u00ea - \u062a\u064a\u0627\u0631 \u0627\u0644\u062d\u0631\u064a\u0629 \u0627\u0644\u0643\u0648\u0631\u062f\u0633\u062a\u0627\u0646\u064a\",\"url\":\"https:\\\/\\\/saknews.net\\\/ku\\\/\",\"logo\":{\"@type\":\"ImageObject\",\"inLanguage\":\"en-US\",\"@id\":\"https:\\\/\\\/saknews.net\\\/ku\\\/#\\\/schema\\\/logo\\\/image\\\/\",\"url\":\"https:\\\/\\\/i0.wp.com\\\/saknews.net\\\/ku\\\/wp-content\\\/uploads\\\/2024\\\/11\\\/cropped-logo-1.png?fit=512%2C512&ssl=1\",\"contentUrl\":\"https:\\\/\\\/i0.wp.com\\\/saknews.net\\\/ku\\\/wp-content\\\/uploads\\\/2024\\\/11\\\/cropped-logo-1.png?fit=512%2C512&ssl=1\",\"width\":512,\"height\":512,\"caption\":\"\u015eep\u00eala Azadiy\u00ea ya Kurdistan\u00ea - \u062a\u064a\u0627\u0631 \u0627\u0644\u062d\u0631\u064a\u0629 \u0627\u0644\u0643\u0648\u0631\u062f\u0633\u062a\u0627\u0646\u064a\"},\"image\":{\"@id\":\"https:\\\/\\\/saknews.net\\\/ku\\\/#\\\/schema\\\/logo\\\/image\\\/\"},\"sameAs\":[\"https:\\\/\\\/www.facebook.com\\\/Shepel.ewropa\"]},{\"@type\":\"Person\",\"@id\":\"https:\\\/\\\/saknews.net\\\/ku\\\/#\\\/schema\\\/person\\\/72ae32a4041a3817e015b63d8f409058\",\"name\":\"Horan Hem\",\"url\":\"https:\\\/\\\/saknews.net\\\/ku\\\/?author=8\"}]}<\/script>\n<!-- \/ Yoast SEO plugin. -->","yoast_head_json":{"title":"Tevgera N\u00fbb\u00fbn\u00ea p\u00eerozbahiya salvegera damezrandina \u015eep\u00eal\u00ea dike &#8226; \u015eAK","robots":{"index":"index","follow":"follow","max-snippet":"max-snippet:-1","max-image-preview":"max-image-preview:large","max-video-preview":"max-video-preview:-1"},"canonical":"https:\/\/saknews.net\/ku\/?p=2679","og_locale":"en_US","og_type":"article","og_title":"Tevgera N\u00fbb\u00fbn\u00ea p\u00eerozbahiya salvegera damezrandina \u015eep\u00eal\u00ea dike &#8226; \u015eAK","og_description":"Ji bo \u015eep\u00eala Azad\u00ee ya Kurdistan\u00ea \u200bPeyama P\u00eerozbahiy\u00ea \u200bSilav\u00ean Serxweb\u00fbn\u00ea&#8230; \u200bBi boneya salvegera damezrandina (\u015eep\u00eala...","og_url":"https:\/\/saknews.net\/ku\/?p=2679","og_site_name":"\u015eAK","article_publisher":"https:\/\/www.facebook.com\/Shepel.ewropa","article_published_time":"2025-10-10T18:43:15+00:00","article_modified_time":"2025-10-10T19:11:22+00:00","og_image":[{"width":377,"height":381,"url":"https:\/\/saknews.net\/ku\/wp-content\/uploads\/2025\/10\/IMG-20251010-WA0044.jpg","type":"image\/jpeg"}],"author":"Horan Hem","twitter_card":"summary_large_image","twitter_misc":{"Written by":"Horan Hem","Est. reading time":"1 minute"},"schema":{"@context":"https:\/\/schema.org","@graph":[{"@type":"Article","@id":"https:\/\/saknews.net\/ku\/?p=2679#article","isPartOf":{"@id":"https:\/\/saknews.net\/ku\/?p=2679"},"author":{"name":"Horan Hem","@id":"https:\/\/saknews.net\/ku\/#\/schema\/person\/72ae32a4041a3817e015b63d8f409058"},"headline":"Tevgera N\u00fbb\u00fbn\u00ea p\u00eerozbahiya salvegera damezrandina \u015eep\u00eal\u00ea dike","datePublished":"2025-10-10T18:43:15+00:00","dateModified":"2025-10-10T19:11:22+00:00","mainEntityOfPage":{"@id":"https:\/\/saknews.net\/ku\/?p=2679"},"wordCount":152,"publisher":{"@id":"https:\/\/saknews.net\/ku\/#organization"},"image":{"@id":"https:\/\/saknews.net\/ku\/?p=2679#primaryimage"},"thumbnailUrl":"https:\/\/i0.wp.com\/saknews.net\/ku\/wp-content\/uploads\/2025\/10\/IMG-20251010-WA0044.jpg?fit=377%2C381&ssl=1","articleSection":["P\u00eerozbah\u00ee"],"inLanguage":"en-US"},{"@type":"WebPage","@id":"https:\/\/saknews.net\/ku\/?p=2679","url":"https:\/\/saknews.net\/ku\/?p=2679","name":"Tevgera N\u00fbb\u00fbn\u00ea p\u00eerozbahiya salvegera damezrandina \u015eep\u00eal\u00ea dike &#8226; \u015eAK","isPartOf":{"@id":"https:\/\/saknews.net\/ku\/#website"},"primaryImageOfPage":{"@id":"https:\/\/saknews.net\/ku\/?p=2679#primaryimage"},"image":{"@id":"https:\/\/saknews.net\/ku\/?p=2679#primaryimage"},"thumbnailUrl":"https:\/\/i0.wp.com\/saknews.net\/ku\/wp-content\/uploads\/2025\/10\/IMG-20251010-WA0044.jpg?fit=377%2C381&ssl=1","datePublished":"2025-10-10T18:43:15+00:00","dateModified":"2025-10-10T19:11:22+00:00","breadcrumb":{"@id":"https:\/\/saknews.net\/ku\/?p=2679#breadcrumb"},"inLanguage":"en-US","potentialAction":[{"@type":"ReadAction","target":["https:\/\/saknews.net\/ku\/?p=2679"]}]},{"@type":"ImageObject","inLanguage":"en-US","@id":"https:\/\/saknews.net\/ku\/?p=2679#primaryimage","url":"https:\/\/i0.wp.com\/saknews.net\/ku\/wp-content\/uploads\/2025\/10\/IMG-20251010-WA0044.jpg?fit=377%2C381&ssl=1","contentUrl":"https:\/\/i0.wp.com\/saknews.net\/ku\/wp-content\/uploads\/2025\/10\/IMG-20251010-WA0044.jpg?fit=377%2C381&ssl=1","width":377,"height":381},{"@type":"BreadcrumbList","@id":"https:\/\/saknews.net\/ku\/?p=2679#breadcrumb","itemListElement":[{"@type":"ListItem","position":1,"name":"\u0627\u0644\u0631\u0626\u064a\u0633\u064a\u0629","item":"https:\/\/saknews.net\/ku\/"},{"@type":"ListItem","position":2,"name":"P\u00eerozbah\u00ee","item":"https:\/\/saknews.net\/ku\/?cat=89"},{"@type":"ListItem","position":3,"name":"Tevgera N\u00fbb\u00fbn\u00ea p\u00eerozbahiya salvegera damezrandina \u015eep\u00eal\u00ea dike"}]},{"@type":"WebSite","@id":"https:\/\/saknews.net\/ku\/#website","url":"https:\/\/saknews.net\/ku\/","name":"S\u0327epe\u0302la Azadi\u0302 ya Kurdistani\u0302","description":"\u062a\u064a\u0627\u0631 \u0627\u0644\u062d\u0631\u064a\u0629 \u0627\u0644\u0643\u0648\u0631\u062f\u0633\u062a\u0627\u0646\u064a \u015eep\u00eala Azad\u00ee ya Kurdistan\u00ee","publisher":{"@id":"https:\/\/saknews.net\/ku\/#organization"},"potentialAction":[{"@type":"SearchAction","target":{"@type":"EntryPoint","urlTemplate":"https:\/\/saknews.net\/ku\/?s={search_term_string}"},"query-input":{"@type":"PropertyValueSpecification","valueRequired":true,"valueName":"search_term_string"}}],"inLanguage":"en-US"},{"@type":"Organization","@id":"https:\/\/saknews.net\/ku\/#organization","name":"\u015eep\u00eala Azadiy\u00ea ya Kurdistan\u00ea - \u062a\u064a\u0627\u0631 \u0627\u0644\u062d\u0631\u064a\u0629 \u0627\u0644\u0643\u0648\u0631\u062f\u0633\u062a\u0627\u0646\u064a","url":"https:\/\/saknews.net\/ku\/","logo":{"@type":"ImageObject","inLanguage":"en-US","@id":"https:\/\/saknews.net\/ku\/#\/schema\/logo\/image\/","url":"https:\/\/i0.wp.com\/saknews.net\/ku\/wp-content\/uploads\/2024\/11\/cropped-logo-1.png?fit=512%2C512&ssl=1","contentUrl":"https:\/\/i0.wp.com\/saknews.net\/ku\/wp-content\/uploads\/2024\/11\/cropped-logo-1.png?fit=512%2C512&ssl=1","width":512,"height":512,"caption":"\u015eep\u00eala Azadiy\u00ea ya Kurdistan\u00ea - \u062a\u064a\u0627\u0631 \u0627\u0644\u062d\u0631\u064a\u0629 \u0627\u0644\u0643\u0648\u0631\u062f\u0633\u062a\u0627\u0646\u064a"},"image":{"@id":"https:\/\/saknews.net\/ku\/#\/schema\/logo\/image\/"},"sameAs":["https:\/\/www.facebook.com\/Shepel.ewropa"]},{"@type":"Person","@id":"https:\/\/saknews.net\/ku\/#\/schema\/person\/72ae32a4041a3817e015b63d8f409058","name":"Horan Hem","url":"https:\/\/saknews.net\/ku\/?author=8"}]}},"featured_image_urls":{"full":["https:\/\/i0.wp.com\/saknews.net\/ku\/wp-content\/uploads\/2025\/10\/IMG-20251010-WA0044.jpg?fit=377%2C381&ssl=1",377,381,false],"thumbnail":["https:\/\/i0.wp.com\/saknews.net\/ku\/wp-content\/uploads\/2025\/10\/IMG-20251010-WA0044.jpg?resize=150%2C150&ssl=1",150,150,true],"medium":["https:\/\/i0.wp.com\/saknews.net\/ku\/wp-content\/uploads\/2025\/10\/IMG-20251010-WA0044.jpg?fit=297%2C300&ssl=1",297,300,true],"medium_large":["https:\/\/i0.wp.com\/saknews.net\/ku\/wp-content\/uploads\/2025\/10\/IMG-20251010-WA0044.jpg?fit=377%2C381&ssl=1",377,381,true],"large":["https:\/\/i0.wp.com\/saknews.net\/ku\/wp-content\/uploads\/2025\/10\/IMG-20251010-WA0044.jpg?fit=377%2C381&ssl=1",377,381,true],"1536x1536":["https:\/\/i0.wp.com\/saknews.net\/ku\/wp-content\/uploads\/2025\/10\/IMG-20251010-WA0044.jpg?fit=377%2C381&ssl=1",377,381,true],"2048x2048":["https:\/\/i0.wp.com\/saknews.net\/ku\/wp-content\/uploads\/2025\/10\/IMG-20251010-WA0044.jpg?fit=377%2C381&ssl=1",377,381,true],"covernews-featured":["https:\/\/i0.wp.com\/saknews.net\/ku\/wp-content\/uploads\/2025\/10\/IMG-20251010-WA0044.jpg?fit=377%2C381&ssl=1",377,381,true],"covernews-medium":["https:\/\/i0.wp.com\/saknews.net\/ku\/wp-content\/uploads\/2025\/10\/IMG-20251010-WA0044.jpg?resize=377%2C340&ssl=1",377,340,true]},"author_info":{"display_name":"Horan Hem","author_link":"https:\/\/saknews.net\/ku\/?author=8"},"category_info":"<a href=\"https:\/\/saknews.net\/ku\/?cat=89\" rel=\"category\">P\u00eerozbah\u00ee<\/a>","tag_info":"P\u00eerozbah\u00ee","comment_count":"0","_links":{"self":[{"href":"https:\/\/saknews.net\/ku\/index.php?rest_route=\/wp\/v2\/posts\/2679","targetHints":{"allow":["GET"]}}],"collection":[{"href":"https:\/\/saknews.net\/ku\/index.php?rest_route=\/wp\/v2\/posts"}],"about":[{"href":"https:\/\/saknews.net\/ku\/index.php?rest_route=\/wp\/v2\/types\/post"}],"author":[{"embeddable":true,"href":"https:\/\/saknews.net\/ku\/index.php?rest_route=\/wp\/v2\/users\/8"}],"replies":[{"embeddable":true,"href":"https:\/\/saknews.net\/ku\/index.php?rest_route=%2Fwp%2Fv2%2Fcomments&post=2679"}],"version-history":[{"count":3,"href":"https:\/\/saknews.net\/ku\/index.php?rest_route=\/wp\/v2\/posts\/2679\/revisions"}],"predecessor-version":[{"id":2688,"href":"https:\/\/saknews.net\/ku\/index.php?rest_route=\/wp\/v2\/posts\/2679\/revisions\/2688"}],"wp:featuredmedia":[{"embeddable":true,"href":"https:\/\/saknews.net\/ku\/index.php?rest_route=\/wp\/v2\/media\/2680"}],"wp:attachment":[{"href":"https:\/\/saknews.net\/ku\/index.php?rest_route=%2Fwp%2Fv2%2Fmedia&parent=2679"}],"wp:term":[{"taxonomy":"category","embeddable":true,"href":"https:\/\/saknews.net\/ku\/index.php?rest_route=%2Fwp%2Fv2%2Fcategories&post=2679"},{"taxonomy":"post_tag","embeddable":true,"href":"https:\/\/saknews.net\/ku\/index.php?rest_route=%2Fwp%2Fv2%2Ftags&post=2679"}],"curies":[{"name":"wp","href":"https:\/\/api.w.org\/{rel}","templated":true}]}}