{"id":2689,"date":"2025-10-18T06:49:33","date_gmt":"2025-10-18T06:49:33","guid":{"rendered":"https:\/\/saknews.net\/ku\/?p=2689"},"modified":"2025-10-18T06:49:33","modified_gmt":"2025-10-18T06:49:33","slug":"daxuyani-derbare-kiryaren-ofisen-abori-li-herema-efrine","status":"publish","type":"post","link":"https:\/\/saknews.net\/ku\/?p=2689","title":{"rendered":"Daxuyan\u00ee derbar\u00ea kiryar\u00ean of\u00ees\u00ean abor\u00ee li H\u00ear\u00eama Efr\u00een\u00ea"},"content":{"rendered":"<p>Hejmarek ji berpirs\u00ean grop\u00ean \u00e7ekdar di bin nav\u00ea of\u00ees\u00ean abor\u00ee vegeriyane Efr\u00een\u00ea \u00fb li xelk\u00ea zor dikin, n\u00eev\u00ea dahat\u00ean demsala zeyt\u00fbnan  xwediy\u00ean wekalan bist\u00eenin, herwiha bi bihaneya neb\u00fbna kaxez\u00ean belgekir\u00ee, an j\u00ee ji ber neb\u00fbna wekaley\u00ean n\u00fb, r\u00ea nadin wan demsal\u00ean xwe bi\u00e7\u00eenin, an j\u00ee ji ber hinek pi\u015ft\u00ee vegeryana hinekan pi\u015ft\u00ee ketina rej\u00eem\u00ea nabe \u00eesal zeyt\u00fbn\u00ean xwe bi\u00e7inin.<\/p>\n<p>Van of\u00eesan belge \u00fb gir\u00eabest\u00ean ku di dema R\u00eaj\u00eema S\u00fbriy\u00ea de hatine derxistin \u00fb xwed\u00eet\u00ee tekez dikin, herwiha wekaley\u00ean ber\u00ea y\u00ean ku di dema kontrola kom\u00ean \u00e7ekdar de dihatin bikaran\u00een, red kirine. Li ser xelk\u00ea ferz kirine ku wekaley\u00ean n\u00fb bi merc\u00ean zehmet amade bikin, tev\u00ee windab\u00fbna be\u015f\u00ean mezin ji ar\u015f\u00eeva Tomargeha xan\u00fbberan \u00fb neb\u00fbna nex\u015feyan.<\/p>\n<p>Xelk\u00ean ku vegeriyan \u00fb ji bo vegerandina erd\u00ean xwe pi\u015ft\u00ee hilwe\u015f\u00eena R\u00eaj\u00eem\u00ea, bac\u00ean xwe dane, \u00eesal ji maf\u00ea \u00e7in\u00eena berhem\u00ea b\u00eapar mane, \u00fb ev b\u00fbye bi merc\u00ea raz\u00eeb\u00fbna Of\u00ees\u00ean Abor\u00ee ten\u00ea, ku ew kirine desthilatdariya c\u00eegir\u00ea dadgeh\u00ea \u00fb kontrola li ser debara mirovan girtine.<\/p>\n<p>\u200bDerbar\u00ea mijara p\u00ea\u015fk\u00ea\u015fkirina belgey\u00ean xwed\u00eetiy\u00ea de, li gor Yasaya S\u00fbriy\u00ea ya hejmar 84 ya sala 1949 \u00fb guher\u00een\u00ean w\u00ea, bi taybet\u00ee Xala 916,<br \/>\nKu dib\u00eaje kes\u00ea erd di dest de be xwediy\u00ea w\u00ea ye eger li p\u00ea\u015f dadgeh\u00ea berevaj\u00ee w\u00ea dernekeve \u00fb nabe ti aliyek\u00ee c\u00eebic\u00eekar an j\u00ee ewleh\u00ee r\u00eagiriy\u00ea li ber her kesek\u00ee bike, ku erd\u00ea xwe bireve bibe an j\u00ee demsala xwe bi\u00e7ine, eger r\u00eagiriyeke yasay\u00ee an j\u00ee guliyek\u00ee ferm\u00ee nebe. Herwiha  li gor madeya 834an ji Yasaya Siv\u00eel a S\u00fbriy\u00ea, yek ji m\u00eeratgiran dikare kar\u00ean bir\u00eavebirin\u00ea an \u00e7in\u00eena berhem\u00ea ji bo berjewendiya m\u00eeratgir\u00ean din bike b\u00eay\u00ee p\u00eaw\u00eestiya raz\u00eeb\u00fbna hem\u00fbyan, \u00fb ne \u015fert e ku erd bi nav\u00ea w\u00ee hatibe tomarkirin, heya ku tekez bike ku ew yek ji m\u00eeratgir\u00ean rewa ye.<\/p>\n<p>\u200bHik\u00fbmeta Demk\u00ee jj ber van binp\u00eakirinan berpirs e, ji ber b\u00eadengiya w\u00ea \u00fb sizanekirina aliy\u00ean berpirs, ku ew dibe hevpar di ti\u015ft\u00ean ku \u00e7\u00eadibin de. Em ji Hik\u00fbmet\u00ea daxwaz dikin ku serweriya yasay\u00ea c\u00eebic\u00ee bike \u00fb xelk\u00ea ji bo vegerandina maf\u00ean xwe bi r\u00eaya dadgeh\u00ea ve, ne bi r\u00eaya of\u00ees\u00ean abor\u00ee y\u00ean ne rewa, bih\u00eale. Herwiha her kes\u00ea ku red dike milk\u00ean xelk\u00ea radest bike an wan bi bihaney\u00ean p\u00fb\u00e7 bikar t\u00eene, siza bike, \u00fb ti\u015ft\u00ean ji Tomargeha Xan\u00fbberan winda b\u00fbne, ji bo misogerkirina maf\u00ean welatiyan ji n\u00fb ve \u00e7\u00eabike. <\/p>\n<p>\u200bLewma, em weke Ber\u00ea Kurdistana S\u00fbriy\u00ea daxwaz dikin ku hem\u00fb Of\u00ees\u00ean Abor\u00ee li H\u00ear\u00eama Efr\u00een\u00ea tavil\u00ea b\u00ean betalkirin, \u00fb biryar\u00ean wan \u00ean ne rewa b\u00ean hilwe\u015fandin, \u00fb desthelatiy\u00ean yasay\u00ee ji n\u00fb ve vegerin bo dadgehan, \u00fb berpirs\u00ean desteserkirina berhem\u00ean xelk\u00ea \u00fb qedexekirina \u00e7in\u00eena debara wan b\u00ean sizakirin.<\/p>\n<p>Ber\u00ea Kurdistana S\u00fbriy\u00ea<\/p>\n<p>18.10.2025<\/p>\n","protected":false},"excerpt":{"rendered":"<p>Hejmarek ji berpirs\u00ean grop\u00ean \u00e7ekdar di bin nav\u00ea of\u00ees\u00ean abor\u00ee vegeriyane Efr\u00een\u00ea \u00fb li xelk\u00ea&#8230;<\/p>\n","protected":false},"author":8,"featured_media":2224,"comment_status":"closed","ping_status":"closed","sticky":false,"template":"","format":"standard","meta":{"footnotes":""},"categories":[34],"tags":[],"class_list":["post-2689","post","type-post","status-publish","format-standard","has-post-thumbnail","hentry","category-daxuyani"],"yoast_head":"<!-- This site is optimized with the Yoast SEO plugin v27.5 - https:\/\/yoast.com\/product\/yoast-seo-wordpress\/ -->\n<title>Daxuyan\u00ee derbar\u00ea kiryar\u00ean of\u00ees\u00ean abor\u00ee li H\u00ear\u00eama Efr\u00een\u00ea &#8226; \u015eAK<\/title>\n<meta name=\"robots\" content=\"index, follow, max-snippet:-1, max-image-preview:large, max-video-preview:-1\" \/>\n<link rel=\"canonical\" href=\"https:\/\/saknews.net\/ku\/?p=2689\" \/>\n<meta property=\"og:locale\" content=\"en_US\" \/>\n<meta property=\"og:type\" content=\"article\" \/>\n<meta property=\"og:title\" content=\"Daxuyan\u00ee derbar\u00ea kiryar\u00ean of\u00ees\u00ean abor\u00ee li H\u00ear\u00eama Efr\u00een\u00ea &#8226; \u015eAK\" \/>\n<meta property=\"og:description\" content=\"Hejmarek ji berpirs\u00ean grop\u00ean \u00e7ekdar di bin nav\u00ea of\u00ees\u00ean abor\u00ee vegeriyane Efr\u00een\u00ea \u00fb li xelk\u00ea...\" \/>\n<meta property=\"og:url\" content=\"https:\/\/saknews.net\/ku\/?p=2689\" \/>\n<meta property=\"og:site_name\" content=\"\u015eAK\" \/>\n<meta property=\"article:publisher\" content=\"https:\/\/www.facebook.com\/Shepel.ewropa\" \/>\n<meta property=\"article:published_time\" content=\"2025-10-18T06:49:33+00:00\" \/>\n<meta property=\"og:image\" content=\"https:\/\/saknews.net\/ku\/wp-content\/uploads\/2025\/04\/f192ad4a-279e-4308-955e-daf5777acfc5.jpeg\" \/>\n\t<meta property=\"og:image:width\" content=\"1080\" \/>\n\t<meta property=\"og:image:height\" content=\"1079\" \/>\n\t<meta property=\"og:image:type\" content=\"image\/jpeg\" \/>\n<meta name=\"author\" content=\"Horan Hem\" \/>\n<meta name=\"twitter:card\" content=\"summary_large_image\" \/>\n<meta name=\"twitter:label1\" content=\"Written by\" \/>\n\t<meta name=\"twitter:data1\" content=\"Horan Hem\" \/>\n\t<meta name=\"twitter:label2\" content=\"Est. reading time\" \/>\n\t<meta name=\"twitter:data2\" content=\"1 minute\" \/>\n<script type=\"application\/ld+json\" class=\"yoast-schema-graph\">{\"@context\":\"https:\\\/\\\/schema.org\",\"@graph\":[{\"@type\":\"Article\",\"@id\":\"https:\\\/\\\/saknews.net\\\/ku\\\/?p=2689#article\",\"isPartOf\":{\"@id\":\"https:\\\/\\\/saknews.net\\\/ku\\\/?p=2689\"},\"author\":{\"name\":\"Horan Hem\",\"@id\":\"https:\\\/\\\/saknews.net\\\/ku\\\/#\\\/schema\\\/person\\\/72ae32a4041a3817e015b63d8f409058\"},\"headline\":\"Daxuyan\u00ee derbar\u00ea kiryar\u00ean of\u00ees\u00ean abor\u00ee li H\u00ear\u00eama Efr\u00een\u00ea\",\"datePublished\":\"2025-10-18T06:49:33+00:00\",\"mainEntityOfPage\":{\"@id\":\"https:\\\/\\\/saknews.net\\\/ku\\\/?p=2689\"},\"wordCount\":541,\"publisher\":{\"@id\":\"https:\\\/\\\/saknews.net\\\/ku\\\/#organization\"},\"image\":{\"@id\":\"https:\\\/\\\/saknews.net\\\/ku\\\/?p=2689#primaryimage\"},\"thumbnailUrl\":\"https:\\\/\\\/i0.wp.com\\\/saknews.net\\\/ku\\\/wp-content\\\/uploads\\\/2025\\\/04\\\/f192ad4a-279e-4308-955e-daf5777acfc5.jpeg?fit=1080%2C1079&ssl=1\",\"articleSection\":[\"Daxuyan\u00ee\"],\"inLanguage\":\"en-US\"},{\"@type\":\"WebPage\",\"@id\":\"https:\\\/\\\/saknews.net\\\/ku\\\/?p=2689\",\"url\":\"https:\\\/\\\/saknews.net\\\/ku\\\/?p=2689\",\"name\":\"Daxuyan\u00ee derbar\u00ea kiryar\u00ean of\u00ees\u00ean abor\u00ee li H\u00ear\u00eama Efr\u00een\u00ea &#8226; \u015eAK\",\"isPartOf\":{\"@id\":\"https:\\\/\\\/saknews.net\\\/ku\\\/#website\"},\"primaryImageOfPage\":{\"@id\":\"https:\\\/\\\/saknews.net\\\/ku\\\/?p=2689#primaryimage\"},\"image\":{\"@id\":\"https:\\\/\\\/saknews.net\\\/ku\\\/?p=2689#primaryimage\"},\"thumbnailUrl\":\"https:\\\/\\\/i0.wp.com\\\/saknews.net\\\/ku\\\/wp-content\\\/uploads\\\/2025\\\/04\\\/f192ad4a-279e-4308-955e-daf5777acfc5.jpeg?fit=1080%2C1079&ssl=1\",\"datePublished\":\"2025-10-18T06:49:33+00:00\",\"breadcrumb\":{\"@id\":\"https:\\\/\\\/saknews.net\\\/ku\\\/?p=2689#breadcrumb\"},\"inLanguage\":\"en-US\",\"potentialAction\":[{\"@type\":\"ReadAction\",\"target\":[\"https:\\\/\\\/saknews.net\\\/ku\\\/?p=2689\"]}]},{\"@type\":\"ImageObject\",\"inLanguage\":\"en-US\",\"@id\":\"https:\\\/\\\/saknews.net\\\/ku\\\/?p=2689#primaryimage\",\"url\":\"https:\\\/\\\/i0.wp.com\\\/saknews.net\\\/ku\\\/wp-content\\\/uploads\\\/2025\\\/04\\\/f192ad4a-279e-4308-955e-daf5777acfc5.jpeg?fit=1080%2C1079&ssl=1\",\"contentUrl\":\"https:\\\/\\\/i0.wp.com\\\/saknews.net\\\/ku\\\/wp-content\\\/uploads\\\/2025\\\/04\\\/f192ad4a-279e-4308-955e-daf5777acfc5.jpeg?fit=1080%2C1079&ssl=1\",\"width\":1080,\"height\":1079},{\"@type\":\"BreadcrumbList\",\"@id\":\"https:\\\/\\\/saknews.net\\\/ku\\\/?p=2689#breadcrumb\",\"itemListElement\":[{\"@type\":\"ListItem\",\"position\":1,\"name\":\"\u0627\u0644\u0631\u0626\u064a\u0633\u064a\u0629\",\"item\":\"https:\\\/\\\/saknews.net\\\/ku\\\/\"},{\"@type\":\"ListItem\",\"position\":2,\"name\":\"N\u00fb\u00e7e\",\"item\":\"https:\\\/\\\/saknews.net\\\/ku\\\/?cat=49\"},{\"@type\":\"ListItem\",\"position\":3,\"name\":\"Daxuyan\u00ee\",\"item\":\"https:\\\/\\\/saknews.net\\\/ku\\\/?cat=34\"},{\"@type\":\"ListItem\",\"position\":4,\"name\":\"Daxuyan\u00ee derbar\u00ea kiryar\u00ean of\u00ees\u00ean abor\u00ee li H\u00ear\u00eama Efr\u00een\u00ea\"}]},{\"@type\":\"WebSite\",\"@id\":\"https:\\\/\\\/saknews.net\\\/ku\\\/#website\",\"url\":\"https:\\\/\\\/saknews.net\\\/ku\\\/\",\"name\":\"S\u0327epe\u0302la Azadi\u0302 ya Kurdistani\u0302\",\"description\":\"\u062a\u064a\u0627\u0631 \u0627\u0644\u062d\u0631\u064a\u0629 \u0627\u0644\u0643\u0648\u0631\u062f\u0633\u062a\u0627\u0646\u064a \u015eep\u00eala Azad\u00ee ya Kurdistan\u00ee\",\"publisher\":{\"@id\":\"https:\\\/\\\/saknews.net\\\/ku\\\/#organization\"},\"potentialAction\":[{\"@type\":\"SearchAction\",\"target\":{\"@type\":\"EntryPoint\",\"urlTemplate\":\"https:\\\/\\\/saknews.net\\\/ku\\\/?s={search_term_string}\"},\"query-input\":{\"@type\":\"PropertyValueSpecification\",\"valueRequired\":true,\"valueName\":\"search_term_string\"}}],\"inLanguage\":\"en-US\"},{\"@type\":\"Organization\",\"@id\":\"https:\\\/\\\/saknews.net\\\/ku\\\/#organization\",\"name\":\"\u015eep\u00eala Azadiy\u00ea ya Kurdistan\u00ea - \u062a\u064a\u0627\u0631 \u0627\u0644\u062d\u0631\u064a\u0629 \u0627\u0644\u0643\u0648\u0631\u062f\u0633\u062a\u0627\u0646\u064a\",\"url\":\"https:\\\/\\\/saknews.net\\\/ku\\\/\",\"logo\":{\"@type\":\"ImageObject\",\"inLanguage\":\"en-US\",\"@id\":\"https:\\\/\\\/saknews.net\\\/ku\\\/#\\\/schema\\\/logo\\\/image\\\/\",\"url\":\"https:\\\/\\\/i0.wp.com\\\/saknews.net\\\/ku\\\/wp-content\\\/uploads\\\/2024\\\/11\\\/cropped-logo-1.png?fit=512%2C512&ssl=1\",\"contentUrl\":\"https:\\\/\\\/i0.wp.com\\\/saknews.net\\\/ku\\\/wp-content\\\/uploads\\\/2024\\\/11\\\/cropped-logo-1.png?fit=512%2C512&ssl=1\",\"width\":512,\"height\":512,\"caption\":\"\u015eep\u00eala Azadiy\u00ea ya Kurdistan\u00ea - \u062a\u064a\u0627\u0631 \u0627\u0644\u062d\u0631\u064a\u0629 \u0627\u0644\u0643\u0648\u0631\u062f\u0633\u062a\u0627\u0646\u064a\"},\"image\":{\"@id\":\"https:\\\/\\\/saknews.net\\\/ku\\\/#\\\/schema\\\/logo\\\/image\\\/\"},\"sameAs\":[\"https:\\\/\\\/www.facebook.com\\\/Shepel.ewropa\"]},{\"@type\":\"Person\",\"@id\":\"https:\\\/\\\/saknews.net\\\/ku\\\/#\\\/schema\\\/person\\\/72ae32a4041a3817e015b63d8f409058\",\"name\":\"Horan Hem\",\"url\":\"https:\\\/\\\/saknews.net\\\/ku\\\/?author=8\"}]}<\/script>\n<!-- \/ Yoast SEO plugin. -->","yoast_head_json":{"title":"Daxuyan\u00ee derbar\u00ea kiryar\u00ean of\u00ees\u00ean abor\u00ee li H\u00ear\u00eama Efr\u00een\u00ea &#8226; \u015eAK","robots":{"index":"index","follow":"follow","max-snippet":"max-snippet:-1","max-image-preview":"max-image-preview:large","max-video-preview":"max-video-preview:-1"},"canonical":"https:\/\/saknews.net\/ku\/?p=2689","og_locale":"en_US","og_type":"article","og_title":"Daxuyan\u00ee derbar\u00ea kiryar\u00ean of\u00ees\u00ean abor\u00ee li H\u00ear\u00eama Efr\u00een\u00ea &#8226; \u015eAK","og_description":"Hejmarek ji berpirs\u00ean grop\u00ean \u00e7ekdar di bin nav\u00ea of\u00ees\u00ean abor\u00ee vegeriyane Efr\u00een\u00ea \u00fb li xelk\u00ea...","og_url":"https:\/\/saknews.net\/ku\/?p=2689","og_site_name":"\u015eAK","article_publisher":"https:\/\/www.facebook.com\/Shepel.ewropa","article_published_time":"2025-10-18T06:49:33+00:00","og_image":[{"width":1080,"height":1079,"url":"https:\/\/saknews.net\/ku\/wp-content\/uploads\/2025\/04\/f192ad4a-279e-4308-955e-daf5777acfc5.jpeg","type":"image\/jpeg"}],"author":"Horan Hem","twitter_card":"summary_large_image","twitter_misc":{"Written by":"Horan Hem","Est. reading time":"1 minute"},"schema":{"@context":"https:\/\/schema.org","@graph":[{"@type":"Article","@id":"https:\/\/saknews.net\/ku\/?p=2689#article","isPartOf":{"@id":"https:\/\/saknews.net\/ku\/?p=2689"},"author":{"name":"Horan Hem","@id":"https:\/\/saknews.net\/ku\/#\/schema\/person\/72ae32a4041a3817e015b63d8f409058"},"headline":"Daxuyan\u00ee derbar\u00ea kiryar\u00ean of\u00ees\u00ean abor\u00ee li H\u00ear\u00eama Efr\u00een\u00ea","datePublished":"2025-10-18T06:49:33+00:00","mainEntityOfPage":{"@id":"https:\/\/saknews.net\/ku\/?p=2689"},"wordCount":541,"publisher":{"@id":"https:\/\/saknews.net\/ku\/#organization"},"image":{"@id":"https:\/\/saknews.net\/ku\/?p=2689#primaryimage"},"thumbnailUrl":"https:\/\/i0.wp.com\/saknews.net\/ku\/wp-content\/uploads\/2025\/04\/f192ad4a-279e-4308-955e-daf5777acfc5.jpeg?fit=1080%2C1079&ssl=1","articleSection":["Daxuyan\u00ee"],"inLanguage":"en-US"},{"@type":"WebPage","@id":"https:\/\/saknews.net\/ku\/?p=2689","url":"https:\/\/saknews.net\/ku\/?p=2689","name":"Daxuyan\u00ee derbar\u00ea kiryar\u00ean of\u00ees\u00ean abor\u00ee li H\u00ear\u00eama Efr\u00een\u00ea &#8226; \u015eAK","isPartOf":{"@id":"https:\/\/saknews.net\/ku\/#website"},"primaryImageOfPage":{"@id":"https:\/\/saknews.net\/ku\/?p=2689#primaryimage"},"image":{"@id":"https:\/\/saknews.net\/ku\/?p=2689#primaryimage"},"thumbnailUrl":"https:\/\/i0.wp.com\/saknews.net\/ku\/wp-content\/uploads\/2025\/04\/f192ad4a-279e-4308-955e-daf5777acfc5.jpeg?fit=1080%2C1079&ssl=1","datePublished":"2025-10-18T06:49:33+00:00","breadcrumb":{"@id":"https:\/\/saknews.net\/ku\/?p=2689#breadcrumb"},"inLanguage":"en-US","potentialAction":[{"@type":"ReadAction","target":["https:\/\/saknews.net\/ku\/?p=2689"]}]},{"@type":"ImageObject","inLanguage":"en-US","@id":"https:\/\/saknews.net\/ku\/?p=2689#primaryimage","url":"https:\/\/i0.wp.com\/saknews.net\/ku\/wp-content\/uploads\/2025\/04\/f192ad4a-279e-4308-955e-daf5777acfc5.jpeg?fit=1080%2C1079&ssl=1","contentUrl":"https:\/\/i0.wp.com\/saknews.net\/ku\/wp-content\/uploads\/2025\/04\/f192ad4a-279e-4308-955e-daf5777acfc5.jpeg?fit=1080%2C1079&ssl=1","width":1080,"height":1079},{"@type":"BreadcrumbList","@id":"https:\/\/saknews.net\/ku\/?p=2689#breadcrumb","itemListElement":[{"@type":"ListItem","position":1,"name":"\u0627\u0644\u0631\u0626\u064a\u0633\u064a\u0629","item":"https:\/\/saknews.net\/ku\/"},{"@type":"ListItem","position":2,"name":"N\u00fb\u00e7e","item":"https:\/\/saknews.net\/ku\/?cat=49"},{"@type":"ListItem","position":3,"name":"Daxuyan\u00ee","item":"https:\/\/saknews.net\/ku\/?cat=34"},{"@type":"ListItem","position":4,"name":"Daxuyan\u00ee derbar\u00ea kiryar\u00ean of\u00ees\u00ean abor\u00ee li H\u00ear\u00eama Efr\u00een\u00ea"}]},{"@type":"WebSite","@id":"https:\/\/saknews.net\/ku\/#website","url":"https:\/\/saknews.net\/ku\/","name":"S\u0327epe\u0302la Azadi\u0302 ya Kurdistani\u0302","description":"\u062a\u064a\u0627\u0631 \u0627\u0644\u062d\u0631\u064a\u0629 \u0627\u0644\u0643\u0648\u0631\u062f\u0633\u062a\u0627\u0646\u064a \u015eep\u00eala Azad\u00ee ya Kurdistan\u00ee","publisher":{"@id":"https:\/\/saknews.net\/ku\/#organization"},"potentialAction":[{"@type":"SearchAction","target":{"@type":"EntryPoint","urlTemplate":"https:\/\/saknews.net\/ku\/?s={search_term_string}"},"query-input":{"@type":"PropertyValueSpecification","valueRequired":true,"valueName":"search_term_string"}}],"inLanguage":"en-US"},{"@type":"Organization","@id":"https:\/\/saknews.net\/ku\/#organization","name":"\u015eep\u00eala Azadiy\u00ea ya Kurdistan\u00ea - \u062a\u064a\u0627\u0631 \u0627\u0644\u062d\u0631\u064a\u0629 \u0627\u0644\u0643\u0648\u0631\u062f\u0633\u062a\u0627\u0646\u064a","url":"https:\/\/saknews.net\/ku\/","logo":{"@type":"ImageObject","inLanguage":"en-US","@id":"https:\/\/saknews.net\/ku\/#\/schema\/logo\/image\/","url":"https:\/\/i0.wp.com\/saknews.net\/ku\/wp-content\/uploads\/2024\/11\/cropped-logo-1.png?fit=512%2C512&ssl=1","contentUrl":"https:\/\/i0.wp.com\/saknews.net\/ku\/wp-content\/uploads\/2024\/11\/cropped-logo-1.png?fit=512%2C512&ssl=1","width":512,"height":512,"caption":"\u015eep\u00eala Azadiy\u00ea ya Kurdistan\u00ea - \u062a\u064a\u0627\u0631 \u0627\u0644\u062d\u0631\u064a\u0629 \u0627\u0644\u0643\u0648\u0631\u062f\u0633\u062a\u0627\u0646\u064a"},"image":{"@id":"https:\/\/saknews.net\/ku\/#\/schema\/logo\/image\/"},"sameAs":["https:\/\/www.facebook.com\/Shepel.ewropa"]},{"@type":"Person","@id":"https:\/\/saknews.net\/ku\/#\/schema\/person\/72ae32a4041a3817e015b63d8f409058","name":"Horan Hem","url":"https:\/\/saknews.net\/ku\/?author=8"}]}},"featured_image_urls":{"full":["https:\/\/i0.wp.com\/saknews.net\/ku\/wp-content\/uploads\/2025\/04\/f192ad4a-279e-4308-955e-daf5777acfc5.jpeg?fit=1080%2C1079&ssl=1",1080,1079,false],"thumbnail":["https:\/\/i0.wp.com\/saknews.net\/ku\/wp-content\/uploads\/2025\/04\/f192ad4a-279e-4308-955e-daf5777acfc5.jpeg?resize=150%2C150&ssl=1",150,150,true],"medium":["https:\/\/i0.wp.com\/saknews.net\/ku\/wp-content\/uploads\/2025\/04\/f192ad4a-279e-4308-955e-daf5777acfc5.jpeg?fit=300%2C300&ssl=1",300,300,true],"medium_large":["https:\/\/i0.wp.com\/saknews.net\/ku\/wp-content\/uploads\/2025\/04\/f192ad4a-279e-4308-955e-daf5777acfc5.jpeg?fit=640%2C639&ssl=1",640,639,true],"large":["https:\/\/i0.wp.com\/saknews.net\/ku\/wp-content\/uploads\/2025\/04\/f192ad4a-279e-4308-955e-daf5777acfc5.jpeg?fit=640%2C640&ssl=1",640,640,true],"1536x1536":["https:\/\/i0.wp.com\/saknews.net\/ku\/wp-content\/uploads\/2025\/04\/f192ad4a-279e-4308-955e-daf5777acfc5.jpeg?fit=1080%2C1079&ssl=1",1080,1079,true],"2048x2048":["https:\/\/i0.wp.com\/saknews.net\/ku\/wp-content\/uploads\/2025\/04\/f192ad4a-279e-4308-955e-daf5777acfc5.jpeg?fit=1080%2C1079&ssl=1",1080,1079,true],"covernews-featured":["https:\/\/i0.wp.com\/saknews.net\/ku\/wp-content\/uploads\/2025\/04\/f192ad4a-279e-4308-955e-daf5777acfc5.jpeg?fit=1024%2C1023&ssl=1",1024,1023,true],"covernews-medium":["https:\/\/i0.wp.com\/saknews.net\/ku\/wp-content\/uploads\/2025\/04\/f192ad4a-279e-4308-955e-daf5777acfc5.jpeg?resize=540%2C340&ssl=1",540,340,true]},"author_info":{"display_name":"Horan Hem","author_link":"https:\/\/saknews.net\/ku\/?author=8"},"category_info":"<a href=\"https:\/\/saknews.net\/ku\/?cat=34\" rel=\"category\">Daxuyan\u00ee<\/a>","tag_info":"Daxuyan\u00ee","comment_count":"0","_links":{"self":[{"href":"https:\/\/saknews.net\/ku\/index.php?rest_route=\/wp\/v2\/posts\/2689","targetHints":{"allow":["GET"]}}],"collection":[{"href":"https:\/\/saknews.net\/ku\/index.php?rest_route=\/wp\/v2\/posts"}],"about":[{"href":"https:\/\/saknews.net\/ku\/index.php?rest_route=\/wp\/v2\/types\/post"}],"author":[{"embeddable":true,"href":"https:\/\/saknews.net\/ku\/index.php?rest_route=\/wp\/v2\/users\/8"}],"replies":[{"embeddable":true,"href":"https:\/\/saknews.net\/ku\/index.php?rest_route=%2Fwp%2Fv2%2Fcomments&post=2689"}],"version-history":[{"count":1,"href":"https:\/\/saknews.net\/ku\/index.php?rest_route=\/wp\/v2\/posts\/2689\/revisions"}],"predecessor-version":[{"id":2690,"href":"https:\/\/saknews.net\/ku\/index.php?rest_route=\/wp\/v2\/posts\/2689\/revisions\/2690"}],"wp:featuredmedia":[{"embeddable":true,"href":"https:\/\/saknews.net\/ku\/index.php?rest_route=\/wp\/v2\/media\/2224"}],"wp:attachment":[{"href":"https:\/\/saknews.net\/ku\/index.php?rest_route=%2Fwp%2Fv2%2Fmedia&parent=2689"}],"wp:term":[{"taxonomy":"category","embeddable":true,"href":"https:\/\/saknews.net\/ku\/index.php?rest_route=%2Fwp%2Fv2%2Fcategories&post=2689"},{"taxonomy":"post_tag","embeddable":true,"href":"https:\/\/saknews.net\/ku\/index.php?rest_route=%2Fwp%2Fv2%2Ftags&post=2689"}],"curies":[{"name":"wp","href":"https:\/\/api.w.org\/{rel}","templated":true}]}}