{"id":2692,"date":"2025-10-20T07:00:54","date_gmt":"2025-10-20T07:00:54","guid":{"rendered":"https:\/\/saknews.net\/ku\/?p=2692"},"modified":"2025-10-20T07:00:54","modified_gmt":"2025-10-20T07:00:54","slug":"daxuyani-derbare-salvegera-dagirkirina-herdu-bajaren-sere-kaniye-u-gire-spi","status":"publish","type":"post","link":"https:\/\/saknews.net\/ku\/?p=2692","title":{"rendered":"Daxuyan\u00ee derbar\u00ea salvegera dagirkirina herdu Bajar\u00ean Ser\u00ea Kaniy\u00ea \u00fb Gir\u00ea Sp\u00ee"},"content":{"rendered":"<p>Di salvegera \u015fe\u015fan a dagirkirina herdu Bajar\u00ean Ser\u00ea Kaniy\u00ea \u00fb Gir\u00ea Sp\u00ee de, Ber\u00ea Kurdistana S\u00fbriy\u00ea bang li hik\u00fbmeta veguh\u00eaz a S\u00fbriy\u00ea \u00fb Tirkiy\u00ea dike, rew\u015fa niha ya hey\u00ee li wan herdu bajaran bi daw\u00ee b\u00eenin, tevahiya \u00e7ekdaran j\u00ea der\u00eenin,   day\u00eena s\u00eenorek\u00ee ji siyaset\u00ean erebkirin \u00fb guhertina demograf\u00ee re \u00fb r\u00eap\u00eadana bi vegera tevahiya ko\u00e7beran b\u00ea \u015fert \u00fb merc.<\/p>\n<p>Ber\u00ea Kurdistana S\u00fbriy\u00ea tekez dike, ku nay\u00ea qeb\u00fblkirin rew\u015fa van herdu bajaran wisa bim\u00eene, tev\u00ee ku b\u00eatir\u00ee 10 mehan di ser ketina rej\u00eema S\u00fbriy\u00ea re derbas b\u00fbne, weke ku ew herdu bajar li dervey\u00ee nex\u015feya wel\u00eat in.<\/p>\n<p>H\u00een bi hezaran ji ko\u00e7ber\u00ean Ser\u00ea Kaniy\u00ea \u00fb Gir\u00ea Sp\u00ee  li kamp\u00ean di bin kontrola h\u00eaz\u00ean HSD de di konan de di rew\u015feke mirov\u00ee ya dilsoj de dij\u00een. Ne xizmet\u00ean tendir\u00fbstiy\u00ea l\u00ea hene \u00fb ne j\u00ee jiyan l\u00ea t\u00ea kirin, herwiha r\u00ea li ber vegera wan ko\u00e7beran, hem ji aliy\u00ea HSD ve \u00fb hem j\u00ee ji aliy\u00ea \u00e7ekdar\u00ean ser bi Tirkiy\u00ea ve, t\u00ea girtin. <\/p>\n<p>Ber\u00ea Kurdistana S\u00fbriy\u00ea tekez dike, vegera ko\u00e7beran ji bo bajar \u00fb gund\u00ean wan mafek\u00ee mirov\u00ee ye \u00fb nabe bazar \u00fb dan\u00fbstandin li ser b\u00eane kirin \u00fb hik\u00fbmeta veguh\u00eaz a S\u00fbriy\u00ea ji ber v\u00ea yek\u00ea berpirs e, ku heb\u00fbna \u00e7ekdar\u00ean li Ser\u00ea Kaniy\u00ea \u00fb Gir\u00ea Sp\u00ee neh\u00eale, vegera ewle ya ko\u00e7beran misoger bike, vegerandina mal \u00fb milk\u00ean xelk\u00ea \u00fb qereb\u00fbkirina zirarmendan.<\/p>\n<p>Herwiha Ber\u00ea Kurdistana S\u00fbriy\u00ea daxwaza derketina art\u00ea\u015fa Tirkiy\u00ea ji Ser\u00ea Kaniy\u00ea, Gir\u00ea Sp\u00ee \u00fb  tevahiya dever\u00ean l\u00ea hene li Kurdistana S\u00fbriy\u00ea, dike. Ti bihaneya may\u00eena wan li Kurdistana S\u00fbriy\u00ea nemaye, bi taybet\u00ee pi\u015ft\u00ee lihevhatina daw\u00ee di navbera Tirkiy\u00ea \u00fb PKK\u00ea de derbar\u00ea \u00e7areseriya a\u015ftiyane.<\/p>\n<p>Ber\u00ea Kurdistana S\u00fbriy\u00ea tekez dike, ew li ser dan\u00eena p\u00eawendiy\u00ean dostane \u00fb c\u00eerantiya ba\u015f rijd e, bi taybet\u00ee bi Tirkiy\u00ea re, ku li ser bingeha r\u00eazgirtina serweriy\u00ea \u00fb maf\u00ean gelan \u00fb p\u00eakan\u00eena a\u015ft\u00ee \u00fb aramiy\u00ea li Kurdistana S\u00fbriy\u00ea \u00fb S\u00fbriy\u00ea bi gi\u015ft\u00ee. Herwiha div\u00ea got\u00fbb\u00eaj take r\u00eaya \u00e7areserkirina pirsgir\u00eak \u00fb nakokiyan be.<\/p>\n<p>Ber\u00ea Kurdistana S\u00fbriy\u00ea<br \/>\n20.10.2025<\/p>\n","protected":false},"excerpt":{"rendered":"<p>Di salvegera \u015fe\u015fan a dagirkirina herdu Bajar\u00ean Ser\u00ea Kaniy\u00ea \u00fb Gir\u00ea Sp\u00ee de, Ber\u00ea Kurdistana&#8230;<\/p>\n","protected":false},"author":8,"featured_media":2693,"comment_status":"closed","ping_status":"closed","sticky":false,"template":"","format":"standard","meta":{"footnotes":""},"categories":[34],"tags":[],"class_list":["post-2692","post","type-post","status-publish","format-standard","has-post-thumbnail","hentry","category-daxuyani"],"yoast_head":"<!-- This site is optimized with the Yoast SEO plugin v27.5 - https:\/\/yoast.com\/product\/yoast-seo-wordpress\/ -->\n<title>Daxuyan\u00ee derbar\u00ea salvegera dagirkirina herdu Bajar\u00ean Ser\u00ea Kaniy\u00ea \u00fb Gir\u00ea Sp\u00ee &#8226; \u015eAK<\/title>\n<meta name=\"robots\" content=\"index, follow, max-snippet:-1, max-image-preview:large, max-video-preview:-1\" \/>\n<link rel=\"canonical\" href=\"https:\/\/saknews.net\/ku\/?p=2692\" \/>\n<meta property=\"og:locale\" content=\"en_US\" \/>\n<meta property=\"og:type\" content=\"article\" \/>\n<meta property=\"og:title\" content=\"Daxuyan\u00ee derbar\u00ea salvegera dagirkirina herdu Bajar\u00ean Ser\u00ea Kaniy\u00ea \u00fb Gir\u00ea Sp\u00ee &#8226; \u015eAK\" \/>\n<meta property=\"og:description\" content=\"Di salvegera \u015fe\u015fan a dagirkirina herdu Bajar\u00ean Ser\u00ea Kaniy\u00ea \u00fb Gir\u00ea Sp\u00ee de, Ber\u00ea Kurdistana...\" \/>\n<meta property=\"og:url\" content=\"https:\/\/saknews.net\/ku\/?p=2692\" \/>\n<meta property=\"og:site_name\" content=\"\u015eAK\" \/>\n<meta property=\"article:publisher\" content=\"https:\/\/www.facebook.com\/Shepel.ewropa\" \/>\n<meta property=\"article:published_time\" content=\"2025-10-20T07:00:54+00:00\" \/>\n<meta property=\"og:image\" content=\"https:\/\/saknews.net\/ku\/wp-content\/uploads\/2025\/10\/Design-ohne-Titel_20251020_085346_0000.png\" \/>\n\t<meta property=\"og:image:width\" content=\"1500\" \/>\n\t<meta property=\"og:image:height\" content=\"945\" \/>\n\t<meta property=\"og:image:type\" content=\"image\/png\" \/>\n<meta name=\"author\" content=\"Horan Hem\" \/>\n<meta name=\"twitter:card\" content=\"summary_large_image\" \/>\n<meta name=\"twitter:label1\" content=\"Written by\" \/>\n\t<meta name=\"twitter:data1\" content=\"Horan Hem\" \/>\n\t<meta name=\"twitter:label2\" content=\"Est. reading time\" \/>\n\t<meta name=\"twitter:data2\" content=\"1 minute\" \/>\n<script type=\"application\/ld+json\" class=\"yoast-schema-graph\">{\"@context\":\"https:\\\/\\\/schema.org\",\"@graph\":[{\"@type\":\"Article\",\"@id\":\"https:\\\/\\\/saknews.net\\\/ku\\\/?p=2692#article\",\"isPartOf\":{\"@id\":\"https:\\\/\\\/saknews.net\\\/ku\\\/?p=2692\"},\"author\":{\"name\":\"Horan Hem\",\"@id\":\"https:\\\/\\\/saknews.net\\\/ku\\\/#\\\/schema\\\/person\\\/72ae32a4041a3817e015b63d8f409058\"},\"headline\":\"Daxuyan\u00ee derbar\u00ea salvegera dagirkirina herdu Bajar\u00ean Ser\u00ea Kaniy\u00ea \u00fb Gir\u00ea Sp\u00ee\",\"datePublished\":\"2025-10-20T07:00:54+00:00\",\"mainEntityOfPage\":{\"@id\":\"https:\\\/\\\/saknews.net\\\/ku\\\/?p=2692\"},\"wordCount\":383,\"publisher\":{\"@id\":\"https:\\\/\\\/saknews.net\\\/ku\\\/#organization\"},\"image\":{\"@id\":\"https:\\\/\\\/saknews.net\\\/ku\\\/?p=2692#primaryimage\"},\"thumbnailUrl\":\"https:\\\/\\\/i0.wp.com\\\/saknews.net\\\/ku\\\/wp-content\\\/uploads\\\/2025\\\/10\\\/Design-ohne-Titel_20251020_085346_0000.png?fit=1500%2C945&ssl=1\",\"articleSection\":[\"Daxuyan\u00ee\"],\"inLanguage\":\"en-US\"},{\"@type\":\"WebPage\",\"@id\":\"https:\\\/\\\/saknews.net\\\/ku\\\/?p=2692\",\"url\":\"https:\\\/\\\/saknews.net\\\/ku\\\/?p=2692\",\"name\":\"Daxuyan\u00ee derbar\u00ea salvegera dagirkirina herdu Bajar\u00ean Ser\u00ea Kaniy\u00ea \u00fb Gir\u00ea Sp\u00ee &#8226; \u015eAK\",\"isPartOf\":{\"@id\":\"https:\\\/\\\/saknews.net\\\/ku\\\/#website\"},\"primaryImageOfPage\":{\"@id\":\"https:\\\/\\\/saknews.net\\\/ku\\\/?p=2692#primaryimage\"},\"image\":{\"@id\":\"https:\\\/\\\/saknews.net\\\/ku\\\/?p=2692#primaryimage\"},\"thumbnailUrl\":\"https:\\\/\\\/i0.wp.com\\\/saknews.net\\\/ku\\\/wp-content\\\/uploads\\\/2025\\\/10\\\/Design-ohne-Titel_20251020_085346_0000.png?fit=1500%2C945&ssl=1\",\"datePublished\":\"2025-10-20T07:00:54+00:00\",\"breadcrumb\":{\"@id\":\"https:\\\/\\\/saknews.net\\\/ku\\\/?p=2692#breadcrumb\"},\"inLanguage\":\"en-US\",\"potentialAction\":[{\"@type\":\"ReadAction\",\"target\":[\"https:\\\/\\\/saknews.net\\\/ku\\\/?p=2692\"]}]},{\"@type\":\"ImageObject\",\"inLanguage\":\"en-US\",\"@id\":\"https:\\\/\\\/saknews.net\\\/ku\\\/?p=2692#primaryimage\",\"url\":\"https:\\\/\\\/i0.wp.com\\\/saknews.net\\\/ku\\\/wp-content\\\/uploads\\\/2025\\\/10\\\/Design-ohne-Titel_20251020_085346_0000.png?fit=1500%2C945&ssl=1\",\"contentUrl\":\"https:\\\/\\\/i0.wp.com\\\/saknews.net\\\/ku\\\/wp-content\\\/uploads\\\/2025\\\/10\\\/Design-ohne-Titel_20251020_085346_0000.png?fit=1500%2C945&ssl=1\",\"width\":1500,\"height\":945},{\"@type\":\"BreadcrumbList\",\"@id\":\"https:\\\/\\\/saknews.net\\\/ku\\\/?p=2692#breadcrumb\",\"itemListElement\":[{\"@type\":\"ListItem\",\"position\":1,\"name\":\"\u0627\u0644\u0631\u0626\u064a\u0633\u064a\u0629\",\"item\":\"https:\\\/\\\/saknews.net\\\/ku\\\/\"},{\"@type\":\"ListItem\",\"position\":2,\"name\":\"N\u00fb\u00e7e\",\"item\":\"https:\\\/\\\/saknews.net\\\/ku\\\/?cat=49\"},{\"@type\":\"ListItem\",\"position\":3,\"name\":\"Daxuyan\u00ee\",\"item\":\"https:\\\/\\\/saknews.net\\\/ku\\\/?cat=34\"},{\"@type\":\"ListItem\",\"position\":4,\"name\":\"Daxuyan\u00ee derbar\u00ea salvegera dagirkirina herdu Bajar\u00ean Ser\u00ea Kaniy\u00ea \u00fb Gir\u00ea Sp\u00ee\"}]},{\"@type\":\"WebSite\",\"@id\":\"https:\\\/\\\/saknews.net\\\/ku\\\/#website\",\"url\":\"https:\\\/\\\/saknews.net\\\/ku\\\/\",\"name\":\"S\u0327epe\u0302la Azadi\u0302 ya Kurdistani\u0302\",\"description\":\"\u062a\u064a\u0627\u0631 \u0627\u0644\u062d\u0631\u064a\u0629 \u0627\u0644\u0643\u0648\u0631\u062f\u0633\u062a\u0627\u0646\u064a \u015eep\u00eala Azad\u00ee ya Kurdistan\u00ee\",\"publisher\":{\"@id\":\"https:\\\/\\\/saknews.net\\\/ku\\\/#organization\"},\"potentialAction\":[{\"@type\":\"SearchAction\",\"target\":{\"@type\":\"EntryPoint\",\"urlTemplate\":\"https:\\\/\\\/saknews.net\\\/ku\\\/?s={search_term_string}\"},\"query-input\":{\"@type\":\"PropertyValueSpecification\",\"valueRequired\":true,\"valueName\":\"search_term_string\"}}],\"inLanguage\":\"en-US\"},{\"@type\":\"Organization\",\"@id\":\"https:\\\/\\\/saknews.net\\\/ku\\\/#organization\",\"name\":\"\u015eep\u00eala Azadiy\u00ea ya Kurdistan\u00ea - \u062a\u064a\u0627\u0631 \u0627\u0644\u062d\u0631\u064a\u0629 \u0627\u0644\u0643\u0648\u0631\u062f\u0633\u062a\u0627\u0646\u064a\",\"url\":\"https:\\\/\\\/saknews.net\\\/ku\\\/\",\"logo\":{\"@type\":\"ImageObject\",\"inLanguage\":\"en-US\",\"@id\":\"https:\\\/\\\/saknews.net\\\/ku\\\/#\\\/schema\\\/logo\\\/image\\\/\",\"url\":\"https:\\\/\\\/i0.wp.com\\\/saknews.net\\\/ku\\\/wp-content\\\/uploads\\\/2024\\\/11\\\/cropped-logo-1.png?fit=512%2C512&ssl=1\",\"contentUrl\":\"https:\\\/\\\/i0.wp.com\\\/saknews.net\\\/ku\\\/wp-content\\\/uploads\\\/2024\\\/11\\\/cropped-logo-1.png?fit=512%2C512&ssl=1\",\"width\":512,\"height\":512,\"caption\":\"\u015eep\u00eala Azadiy\u00ea ya Kurdistan\u00ea - \u062a\u064a\u0627\u0631 \u0627\u0644\u062d\u0631\u064a\u0629 \u0627\u0644\u0643\u0648\u0631\u062f\u0633\u062a\u0627\u0646\u064a\"},\"image\":{\"@id\":\"https:\\\/\\\/saknews.net\\\/ku\\\/#\\\/schema\\\/logo\\\/image\\\/\"},\"sameAs\":[\"https:\\\/\\\/www.facebook.com\\\/Shepel.ewropa\"]},{\"@type\":\"Person\",\"@id\":\"https:\\\/\\\/saknews.net\\\/ku\\\/#\\\/schema\\\/person\\\/72ae32a4041a3817e015b63d8f409058\",\"name\":\"Horan Hem\",\"url\":\"https:\\\/\\\/saknews.net\\\/ku\\\/?author=8\"}]}<\/script>\n<!-- \/ Yoast SEO plugin. -->","yoast_head_json":{"title":"Daxuyan\u00ee derbar\u00ea salvegera dagirkirina herdu Bajar\u00ean Ser\u00ea Kaniy\u00ea \u00fb Gir\u00ea Sp\u00ee &#8226; \u015eAK","robots":{"index":"index","follow":"follow","max-snippet":"max-snippet:-1","max-image-preview":"max-image-preview:large","max-video-preview":"max-video-preview:-1"},"canonical":"https:\/\/saknews.net\/ku\/?p=2692","og_locale":"en_US","og_type":"article","og_title":"Daxuyan\u00ee derbar\u00ea salvegera dagirkirina herdu Bajar\u00ean Ser\u00ea Kaniy\u00ea \u00fb Gir\u00ea Sp\u00ee &#8226; \u015eAK","og_description":"Di salvegera \u015fe\u015fan a dagirkirina herdu Bajar\u00ean Ser\u00ea Kaniy\u00ea \u00fb Gir\u00ea Sp\u00ee de, Ber\u00ea Kurdistana...","og_url":"https:\/\/saknews.net\/ku\/?p=2692","og_site_name":"\u015eAK","article_publisher":"https:\/\/www.facebook.com\/Shepel.ewropa","article_published_time":"2025-10-20T07:00:54+00:00","og_image":[{"width":1500,"height":945,"url":"https:\/\/saknews.net\/ku\/wp-content\/uploads\/2025\/10\/Design-ohne-Titel_20251020_085346_0000.png","type":"image\/png"}],"author":"Horan Hem","twitter_card":"summary_large_image","twitter_misc":{"Written by":"Horan Hem","Est. reading time":"1 minute"},"schema":{"@context":"https:\/\/schema.org","@graph":[{"@type":"Article","@id":"https:\/\/saknews.net\/ku\/?p=2692#article","isPartOf":{"@id":"https:\/\/saknews.net\/ku\/?p=2692"},"author":{"name":"Horan Hem","@id":"https:\/\/saknews.net\/ku\/#\/schema\/person\/72ae32a4041a3817e015b63d8f409058"},"headline":"Daxuyan\u00ee derbar\u00ea salvegera dagirkirina herdu Bajar\u00ean Ser\u00ea Kaniy\u00ea \u00fb Gir\u00ea Sp\u00ee","datePublished":"2025-10-20T07:00:54+00:00","mainEntityOfPage":{"@id":"https:\/\/saknews.net\/ku\/?p=2692"},"wordCount":383,"publisher":{"@id":"https:\/\/saknews.net\/ku\/#organization"},"image":{"@id":"https:\/\/saknews.net\/ku\/?p=2692#primaryimage"},"thumbnailUrl":"https:\/\/i0.wp.com\/saknews.net\/ku\/wp-content\/uploads\/2025\/10\/Design-ohne-Titel_20251020_085346_0000.png?fit=1500%2C945&ssl=1","articleSection":["Daxuyan\u00ee"],"inLanguage":"en-US"},{"@type":"WebPage","@id":"https:\/\/saknews.net\/ku\/?p=2692","url":"https:\/\/saknews.net\/ku\/?p=2692","name":"Daxuyan\u00ee derbar\u00ea salvegera dagirkirina herdu Bajar\u00ean Ser\u00ea Kaniy\u00ea \u00fb Gir\u00ea Sp\u00ee &#8226; \u015eAK","isPartOf":{"@id":"https:\/\/saknews.net\/ku\/#website"},"primaryImageOfPage":{"@id":"https:\/\/saknews.net\/ku\/?p=2692#primaryimage"},"image":{"@id":"https:\/\/saknews.net\/ku\/?p=2692#primaryimage"},"thumbnailUrl":"https:\/\/i0.wp.com\/saknews.net\/ku\/wp-content\/uploads\/2025\/10\/Design-ohne-Titel_20251020_085346_0000.png?fit=1500%2C945&ssl=1","datePublished":"2025-10-20T07:00:54+00:00","breadcrumb":{"@id":"https:\/\/saknews.net\/ku\/?p=2692#breadcrumb"},"inLanguage":"en-US","potentialAction":[{"@type":"ReadAction","target":["https:\/\/saknews.net\/ku\/?p=2692"]}]},{"@type":"ImageObject","inLanguage":"en-US","@id":"https:\/\/saknews.net\/ku\/?p=2692#primaryimage","url":"https:\/\/i0.wp.com\/saknews.net\/ku\/wp-content\/uploads\/2025\/10\/Design-ohne-Titel_20251020_085346_0000.png?fit=1500%2C945&ssl=1","contentUrl":"https:\/\/i0.wp.com\/saknews.net\/ku\/wp-content\/uploads\/2025\/10\/Design-ohne-Titel_20251020_085346_0000.png?fit=1500%2C945&ssl=1","width":1500,"height":945},{"@type":"BreadcrumbList","@id":"https:\/\/saknews.net\/ku\/?p=2692#breadcrumb","itemListElement":[{"@type":"ListItem","position":1,"name":"\u0627\u0644\u0631\u0626\u064a\u0633\u064a\u0629","item":"https:\/\/saknews.net\/ku\/"},{"@type":"ListItem","position":2,"name":"N\u00fb\u00e7e","item":"https:\/\/saknews.net\/ku\/?cat=49"},{"@type":"ListItem","position":3,"name":"Daxuyan\u00ee","item":"https:\/\/saknews.net\/ku\/?cat=34"},{"@type":"ListItem","position":4,"name":"Daxuyan\u00ee derbar\u00ea salvegera dagirkirina herdu Bajar\u00ean Ser\u00ea Kaniy\u00ea \u00fb Gir\u00ea Sp\u00ee"}]},{"@type":"WebSite","@id":"https:\/\/saknews.net\/ku\/#website","url":"https:\/\/saknews.net\/ku\/","name":"S\u0327epe\u0302la Azadi\u0302 ya Kurdistani\u0302","description":"\u062a\u064a\u0627\u0631 \u0627\u0644\u062d\u0631\u064a\u0629 \u0627\u0644\u0643\u0648\u0631\u062f\u0633\u062a\u0627\u0646\u064a \u015eep\u00eala Azad\u00ee ya Kurdistan\u00ee","publisher":{"@id":"https:\/\/saknews.net\/ku\/#organization"},"potentialAction":[{"@type":"SearchAction","target":{"@type":"EntryPoint","urlTemplate":"https:\/\/saknews.net\/ku\/?s={search_term_string}"},"query-input":{"@type":"PropertyValueSpecification","valueRequired":true,"valueName":"search_term_string"}}],"inLanguage":"en-US"},{"@type":"Organization","@id":"https:\/\/saknews.net\/ku\/#organization","name":"\u015eep\u00eala Azadiy\u00ea ya Kurdistan\u00ea - \u062a\u064a\u0627\u0631 \u0627\u0644\u062d\u0631\u064a\u0629 \u0627\u0644\u0643\u0648\u0631\u062f\u0633\u062a\u0627\u0646\u064a","url":"https:\/\/saknews.net\/ku\/","logo":{"@type":"ImageObject","inLanguage":"en-US","@id":"https:\/\/saknews.net\/ku\/#\/schema\/logo\/image\/","url":"https:\/\/i0.wp.com\/saknews.net\/ku\/wp-content\/uploads\/2024\/11\/cropped-logo-1.png?fit=512%2C512&ssl=1","contentUrl":"https:\/\/i0.wp.com\/saknews.net\/ku\/wp-content\/uploads\/2024\/11\/cropped-logo-1.png?fit=512%2C512&ssl=1","width":512,"height":512,"caption":"\u015eep\u00eala Azadiy\u00ea ya Kurdistan\u00ea - \u062a\u064a\u0627\u0631 \u0627\u0644\u062d\u0631\u064a\u0629 \u0627\u0644\u0643\u0648\u0631\u062f\u0633\u062a\u0627\u0646\u064a"},"image":{"@id":"https:\/\/saknews.net\/ku\/#\/schema\/logo\/image\/"},"sameAs":["https:\/\/www.facebook.com\/Shepel.ewropa"]},{"@type":"Person","@id":"https:\/\/saknews.net\/ku\/#\/schema\/person\/72ae32a4041a3817e015b63d8f409058","name":"Horan Hem","url":"https:\/\/saknews.net\/ku\/?author=8"}]}},"featured_image_urls":{"full":["https:\/\/i0.wp.com\/saknews.net\/ku\/wp-content\/uploads\/2025\/10\/Design-ohne-Titel_20251020_085346_0000.png?fit=1500%2C945&ssl=1",1500,945,false],"thumbnail":["https:\/\/i0.wp.com\/saknews.net\/ku\/wp-content\/uploads\/2025\/10\/Design-ohne-Titel_20251020_085346_0000.png?resize=150%2C150&ssl=1",150,150,true],"medium":["https:\/\/i0.wp.com\/saknews.net\/ku\/wp-content\/uploads\/2025\/10\/Design-ohne-Titel_20251020_085346_0000.png?fit=300%2C189&ssl=1",300,189,true],"medium_large":["https:\/\/i0.wp.com\/saknews.net\/ku\/wp-content\/uploads\/2025\/10\/Design-ohne-Titel_20251020_085346_0000.png?fit=640%2C403&ssl=1",640,403,true],"large":["https:\/\/i0.wp.com\/saknews.net\/ku\/wp-content\/uploads\/2025\/10\/Design-ohne-Titel_20251020_085346_0000.png?fit=640%2C403&ssl=1",640,403,true],"1536x1536":["https:\/\/i0.wp.com\/saknews.net\/ku\/wp-content\/uploads\/2025\/10\/Design-ohne-Titel_20251020_085346_0000.png?fit=1500%2C945&ssl=1",1500,945,true],"2048x2048":["https:\/\/i0.wp.com\/saknews.net\/ku\/wp-content\/uploads\/2025\/10\/Design-ohne-Titel_20251020_085346_0000.png?fit=1500%2C945&ssl=1",1500,945,true],"covernews-featured":["https:\/\/i0.wp.com\/saknews.net\/ku\/wp-content\/uploads\/2025\/10\/Design-ohne-Titel_20251020_085346_0000.png?fit=1024%2C645&ssl=1",1024,645,true],"covernews-medium":["https:\/\/i0.wp.com\/saknews.net\/ku\/wp-content\/uploads\/2025\/10\/Design-ohne-Titel_20251020_085346_0000.png?resize=540%2C340&ssl=1",540,340,true]},"author_info":{"display_name":"Horan Hem","author_link":"https:\/\/saknews.net\/ku\/?author=8"},"category_info":"<a href=\"https:\/\/saknews.net\/ku\/?cat=34\" rel=\"category\">Daxuyan\u00ee<\/a>","tag_info":"Daxuyan\u00ee","comment_count":"0","_links":{"self":[{"href":"https:\/\/saknews.net\/ku\/index.php?rest_route=\/wp\/v2\/posts\/2692","targetHints":{"allow":["GET"]}}],"collection":[{"href":"https:\/\/saknews.net\/ku\/index.php?rest_route=\/wp\/v2\/posts"}],"about":[{"href":"https:\/\/saknews.net\/ku\/index.php?rest_route=\/wp\/v2\/types\/post"}],"author":[{"embeddable":true,"href":"https:\/\/saknews.net\/ku\/index.php?rest_route=\/wp\/v2\/users\/8"}],"replies":[{"embeddable":true,"href":"https:\/\/saknews.net\/ku\/index.php?rest_route=%2Fwp%2Fv2%2Fcomments&post=2692"}],"version-history":[{"count":1,"href":"https:\/\/saknews.net\/ku\/index.php?rest_route=\/wp\/v2\/posts\/2692\/revisions"}],"predecessor-version":[{"id":2694,"href":"https:\/\/saknews.net\/ku\/index.php?rest_route=\/wp\/v2\/posts\/2692\/revisions\/2694"}],"wp:featuredmedia":[{"embeddable":true,"href":"https:\/\/saknews.net\/ku\/index.php?rest_route=\/wp\/v2\/media\/2693"}],"wp:attachment":[{"href":"https:\/\/saknews.net\/ku\/index.php?rest_route=%2Fwp%2Fv2%2Fmedia&parent=2692"}],"wp:term":[{"taxonomy":"category","embeddable":true,"href":"https:\/\/saknews.net\/ku\/index.php?rest_route=%2Fwp%2Fv2%2Fcategories&post=2692"},{"taxonomy":"post_tag","embeddable":true,"href":"https:\/\/saknews.net\/ku\/index.php?rest_route=%2Fwp%2Fv2%2Ftags&post=2692"}],"curies":[{"name":"wp","href":"https:\/\/api.w.org\/{rel}","templated":true}]}}